{"id":100033,"date":"2013-10-17T12:47:25","date_gmt":"2013-10-17T10:47:25","guid":{"rendered":"https:\/\/www.iemj.org\/zabulon-sebban-recueil-de-chants-hebraiques\/"},"modified":"2025-10-20T17:02:40","modified_gmt":"2025-10-20T15:02:40","slug":"zabulon-sebban-recueil-de-chants-hebraiques","status":"publish","type":"post","link":"https:\/\/www.iemj.org\/de\/zabulon-sebban-recueil-de-chants-hebraiques\/","title":{"rendered":"Zabulon Sebban &#8211; Recueil de chants h\u00e9bra\u00efques"},"content":{"rendered":"\n<p>Der aus Geryville (Algerien) stammende Zabulon Sebban (1911-1983) absolvierte seine rabbinischen Studien bei Oberrabbiner Isaac Hanoune, bevor er ehrenamtlich als Kantor am Gro\u00dfen Tempel in Algier t\u00e4tig war.<\/p>\n\n\n\n<p>In Algier heiratete er Odette Cherqui, die Enkelin seines Lehrers, mit der er sechs Kinder hatte.<\/p>\n\n\n\n<p>In den 1960er Jahren folgte Zabulon Sebban dem Weg der algerischen Juden ins Exil nach Frankreich, wo er den musikalischen Ausdruck seines Glaubens in Lun\u00e9ville, Dijon und schlie\u00dflich in Paris fortsetzte.<\/p>\n\n\n\n<p>Diese &#8222;handgemachte&#8220; CD, die von den Kindern von Zabulon Sebban anhand von Kassettenaufnahmen erstellt wurde, umfasst 26 Gebetslieder: von biblischen Kantillationen bis hin zu den gr\u00f6\u00dften Melodien der algerischen Liturgie.<\/p>\n\n\n\n<p><a href=\"https:\/\/www.iemj.org\/de\/sebban-zabulon-1911-1983\/\">Mehr \u00fcber Zabulon Sebban erfahren.<\/a><\/p>\n\n\n\n<p><a href=\"https:\/\/www.iemj.org\/de\/le-chant-des-prieres-dans-le-rite-algerois\/\">Playlist anh\u00f6ren Der Gesang der Gebete im algerischen Ritus<\/a><\/p>\n\n\n<div class=\"wp-block-image\">\n<figure class=\"aligncenter size-large\"><img fetchpriority=\"high\" decoding=\"async\" width=\"1024\" height=\"133\" src=\"https:\/\/www.iemj.org\/wp-content\/uploads\/2024\/03\/AUDIO-PLAYER-1024x133.png\" alt=\"\" class=\"wp-image-110608\" srcset=\"https:\/\/www.iemj.org\/wp-content\/uploads\/2024\/03\/AUDIO-PLAYER-1024x133.png 1024w, https:\/\/www.iemj.org\/wp-content\/uploads\/2024\/03\/AUDIO-PLAYER-300x39.png 300w, https:\/\/www.iemj.org\/wp-content\/uploads\/2024\/03\/AUDIO-PLAYER-768x100.png 768w, https:\/\/www.iemj.org\/wp-content\/uploads\/2024\/03\/AUDIO-PLAYER-600x78.png 600w, https:\/\/www.iemj.org\/wp-content\/uploads\/2024\/03\/AUDIO-PLAYER.png 1210w\" sizes=\"(max-width: 1024px) 100vw, 1024px\" \/><\/figure>\n<\/div>\n\n\n<div class=\"wp-block-file\"><a id=\"wp-block-file--media-03411ace-8cef-4833-b5ac-1c43a2199ec7\" href=\"https:\/\/www.iemj.org\/wp-content\/uploads\/2013\/10\/cd_499_16_siteiemj.mp3\">Paracha Yitro (Les 10 commandements)<\/a><\/div>\n\n\n\n<div class=\"wp-block-file\"><a id=\"wp-block-file--media-5d171ebb-4044-4885-8a31-38205c4b4133\" href=\"https:\/\/www.iemj.org\/wp-content\/uploads\/2013\/10\/cd_499_26_siteiemj.mp3\">Keter de Moussaf &#8211; rite alg\u00e9rois<\/a><\/div>\n\n\n\n<div class=\"wp-block-file\"><a id=\"wp-block-file--media-24b50721-38f8-4568-af53-61fe23ec09ea\" href=\"https:\/\/www.iemj.org\/wp-content\/uploads\/2013\/10\/cd_499_12_siteiemj.mp3\">Paracha Berechit (Gen\u00e8se)<\/a><\/div>\n","protected":false},"excerpt":{"rendered":"<p>Der aus Geryville (Algerien) stammende Zabulon Sebban (1911-1983) absolvierte seine rabbinischen Studien bei Oberrabbiner Isaac Hanoune, bevor er ehrenamtlich als Kantor am Gro\u00dfen Tempel in Algier t\u00e4tig war. In Algier<\/p>\n","protected":false},"author":1045,"featured_media":100034,"comment_status":"closed","ping_status":"closed","sticky":false,"template":"","format":"standard","meta":{"_acf_changed":false,"footnotes":""},"categories":[1571,1561],"tags":[],"technique":[],"squelettes":[],"sujet":[],"formation":[],"genre":[],"fonds":[],"tradition":[],"type-de-contenu":[],"interprete-compositeur":[3316],"frise":[],"type-devenement":[],"tableaux-liens-externes":[],"class_list":["post-100033","post","type-post","status-publish","format-standard","has-post-thumbnail","hentry","category-cd-de","category-letzte-neuerwerbungen-de","interprete-compositeur-zabulon-sebban-de"],"acf":[],"yoast_head":"<!-- This site is optimized with the Yoast SEO plugin v27.3 - https:\/\/yoast.com\/product\/yoast-seo-wordpress\/ -->\n<title>Zabulon Sebban - Recueil de chants h\u00e9bra\u00efques - Institut Europ\u00e9en des Musiques Juives<\/title>\n<meta name=\"robots\" content=\"index, follow, max-snippet:-1, max-image-preview:large, max-video-preview:-1\" \/>\n<link rel=\"canonical\" href=\"https:\/\/www.iemj.org\/de\/zabulon-sebban-recueil-de-chants-hebraiques\/\" \/>\n<meta property=\"og:locale\" content=\"de_DE\" \/>\n<meta property=\"og:type\" content=\"article\" \/>\n<meta property=\"og:title\" content=\"Zabulon Sebban - Recueil de chants h\u00e9bra\u00efques - Institut Europ\u00e9en des Musiques Juives\" \/>\n<meta property=\"og:description\" content=\"Der aus Geryville (Algerien) stammende Zabulon Sebban (1911-1983) absolvierte seine rabbinischen Studien bei Oberrabbiner Isaac Hanoune, bevor er ehrenamtlich als Kantor am Gro\u00dfen Tempel in Algier t\u00e4tig war. In Algier\" \/>\n<meta property=\"og:url\" content=\"https:\/\/www.iemj.org\/de\/zabulon-sebban-recueil-de-chants-hebraiques\/\" \/>\n<meta property=\"og:site_name\" content=\"Institut Europ\u00e9en des Musiques Juives\" \/>\n<meta property=\"article:publisher\" content=\"https:\/\/www.facebook.com\/MusiquesJuives\/\" \/>\n<meta property=\"article:published_time\" content=\"2013-10-17T10:47:25+00:00\" \/>\n<meta property=\"article:modified_time\" content=\"2025-10-20T15:02:40+00:00\" \/>\n<meta property=\"og:image\" content=\"https:\/\/www.iemj.org\/wp-content\/uploads\/2013\/10\/arton770-e1619617899124.jpg\" \/>\n\t<meta property=\"og:image:width\" content=\"328\" \/>\n\t<meta property=\"og:image:height\" content=\"320\" \/>\n\t<meta property=\"og:image:type\" content=\"image\/jpeg\" \/>\n<meta name=\"author\" content=\"Herv\u00e9 Roten\" \/>\n<meta name=\"twitter:card\" content=\"summary_large_image\" \/>\n<meta name=\"twitter:label1\" content=\"Verfasst von\" \/>\n\t<meta name=\"twitter:data1\" content=\"Herv\u00e9 Roten\" \/>\n\t<meta name=\"twitter:label2\" content=\"Gesch\u00e4tzte Lesezeit\" \/>\n\t<meta name=\"twitter:data2\" content=\"2\u00a0Minuten\" \/>\n<script type=\"application\/ld+json\" class=\"yoast-schema-graph\">{\"@context\":\"https:\\\/\\\/schema.org\",\"@graph\":[{\"@type\":\"Article\",\"@id\":\"https:\\\/\\\/www.iemj.org\\\/de\\\/zabulon-sebban-recueil-de-chants-hebraiques\\\/#article\",\"isPartOf\":{\"@id\":\"https:\\\/\\\/www.iemj.org\\\/de\\\/zabulon-sebban-recueil-de-chants-hebraiques\\\/\"},\"author\":{\"name\":\"Herv\u00e9 Roten\",\"@id\":\"https:\\\/\\\/www.iemj.org\\\/de\\\/#\\\/schema\\\/person\\\/906134402c29d5c76e7b726261dd4bbd\"},\"headline\":\"Zabulon Sebban &#8211; Recueil de chants h\u00e9bra\u00efques\",\"datePublished\":\"2013-10-17T10:47:25+00:00\",\"dateModified\":\"2025-10-20T15:02:40+00:00\",\"mainEntityOfPage\":{\"@id\":\"https:\\\/\\\/www.iemj.org\\\/de\\\/zabulon-sebban-recueil-de-chants-hebraiques\\\/\"},\"wordCount\":148,\"publisher\":{\"@id\":\"https:\\\/\\\/www.iemj.org\\\/de\\\/#organization\"},\"image\":{\"@id\":\"https:\\\/\\\/www.iemj.org\\\/de\\\/zabulon-sebban-recueil-de-chants-hebraiques\\\/#primaryimage\"},\"thumbnailUrl\":\"https:\\\/\\\/www.iemj.org\\\/wp-content\\\/uploads\\\/2013\\\/10\\\/arton770-e1619617899124.jpg\",\"articleSection\":[\"CD\",\"Letzte Neuerwerbungen\"],\"inLanguage\":\"de\"},{\"@type\":\"WebPage\",\"@id\":\"https:\\\/\\\/www.iemj.org\\\/de\\\/zabulon-sebban-recueil-de-chants-hebraiques\\\/\",\"url\":\"https:\\\/\\\/www.iemj.org\\\/de\\\/zabulon-sebban-recueil-de-chants-hebraiques\\\/\",\"name\":\"Zabulon Sebban - Recueil de chants h\u00e9bra\u00efques - Institut Europ\u00e9en des Musiques Juives\",\"isPartOf\":{\"@id\":\"https:\\\/\\\/www.iemj.org\\\/de\\\/#website\"},\"primaryImageOfPage\":{\"@id\":\"https:\\\/\\\/www.iemj.org\\\/de\\\/zabulon-sebban-recueil-de-chants-hebraiques\\\/#primaryimage\"},\"image\":{\"@id\":\"https:\\\/\\\/www.iemj.org\\\/de\\\/zabulon-sebban-recueil-de-chants-hebraiques\\\/#primaryimage\"},\"thumbnailUrl\":\"https:\\\/\\\/www.iemj.org\\\/wp-content\\\/uploads\\\/2013\\\/10\\\/arton770-e1619617899124.jpg\",\"datePublished\":\"2013-10-17T10:47:25+00:00\",\"dateModified\":\"2025-10-20T15:02:40+00:00\",\"breadcrumb\":{\"@id\":\"https:\\\/\\\/www.iemj.org\\\/de\\\/zabulon-sebban-recueil-de-chants-hebraiques\\\/#breadcrumb\"},\"inLanguage\":\"de\",\"potentialAction\":[{\"@type\":\"ReadAction\",\"target\":[\"https:\\\/\\\/www.iemj.org\\\/de\\\/zabulon-sebban-recueil-de-chants-hebraiques\\\/\"]}]},{\"@type\":\"ImageObject\",\"inLanguage\":\"de\",\"@id\":\"https:\\\/\\\/www.iemj.org\\\/de\\\/zabulon-sebban-recueil-de-chants-hebraiques\\\/#primaryimage\",\"url\":\"https:\\\/\\\/www.iemj.org\\\/wp-content\\\/uploads\\\/2013\\\/10\\\/arton770-e1619617899124.jpg\",\"contentUrl\":\"https:\\\/\\\/www.iemj.org\\\/wp-content\\\/uploads\\\/2013\\\/10\\\/arton770-e1619617899124.jpg\",\"width\":328,\"height\":320},{\"@type\":\"BreadcrumbList\",\"@id\":\"https:\\\/\\\/www.iemj.org\\\/de\\\/zabulon-sebban-recueil-de-chants-hebraiques\\\/#breadcrumb\",\"itemListElement\":[{\"@type\":\"ListItem\",\"position\":1,\"name\":\"Accueil\",\"item\":\"https:\\\/\\\/www.iemj.org\\\/de\\\/\"},{\"@type\":\"ListItem\",\"position\":2,\"name\":\"Zabulon Sebban &#8211; Recueil de chants h\u00e9bra\u00efques\"}]},{\"@type\":\"WebSite\",\"@id\":\"https:\\\/\\\/www.iemj.org\\\/de\\\/#website\",\"url\":\"https:\\\/\\\/www.iemj.org\\\/de\\\/\",\"name\":\"Institut Europ\u00e9en des Musiques Juives\",\"description\":\"Des traditions musicales \u00e0 la port\u00e9e de tous\",\"publisher\":{\"@id\":\"https:\\\/\\\/www.iemj.org\\\/de\\\/#organization\"},\"potentialAction\":[{\"@type\":\"SearchAction\",\"target\":{\"@type\":\"EntryPoint\",\"urlTemplate\":\"https:\\\/\\\/www.iemj.org\\\/de\\\/?s={search_term_string}\"},\"query-input\":{\"@type\":\"PropertyValueSpecification\",\"valueRequired\":true,\"valueName\":\"search_term_string\"}}],\"inLanguage\":\"de\"},{\"@type\":\"Organization\",\"@id\":\"https:\\\/\\\/www.iemj.org\\\/de\\\/#organization\",\"name\":\"Institut Europ\u00e9en des Musiques Juives\",\"url\":\"https:\\\/\\\/www.iemj.org\\\/de\\\/\",\"logo\":{\"@type\":\"ImageObject\",\"inLanguage\":\"de\",\"@id\":\"https:\\\/\\\/www.iemj.org\\\/de\\\/#\\\/schema\\\/logo\\\/image\\\/\",\"url\":\"https:\\\/\\\/www.iemj.org\\\/wp-content\\\/uploads\\\/2021\\\/09\\\/Logo-IEMJ-Paypal.jpg\",\"contentUrl\":\"https:\\\/\\\/www.iemj.org\\\/wp-content\\\/uploads\\\/2021\\\/09\\\/Logo-IEMJ-Paypal.jpg\",\"width\":150,\"height\":50,\"caption\":\"Institut Europ\u00e9en des Musiques Juives\"},\"image\":{\"@id\":\"https:\\\/\\\/www.iemj.org\\\/de\\\/#\\\/schema\\\/logo\\\/image\\\/\"},\"sameAs\":[\"https:\\\/\\\/www.facebook.com\\\/MusiquesJuives\\\/\",\"https:\\\/\\\/www.instagram.com\\\/musiquesjuives\\\/\",\"https:\\\/\\\/www.youtube.com\\\/user\\\/musiquesjuives\"]},{\"@type\":\"Person\",\"@id\":\"https:\\\/\\\/www.iemj.org\\\/de\\\/#\\\/schema\\\/person\\\/906134402c29d5c76e7b726261dd4bbd\",\"name\":\"Herv\u00e9 Roten\",\"image\":{\"@type\":\"ImageObject\",\"inLanguage\":\"de\",\"@id\":\"https:\\\/\\\/secure.gravatar.com\\\/avatar\\\/f96ad2db538a26481f18384936b5cd0610c92d390c4dc382209216d455f685ff?s=96&d=mm&r=g\",\"url\":\"https:\\\/\\\/secure.gravatar.com\\\/avatar\\\/f96ad2db538a26481f18384936b5cd0610c92d390c4dc382209216d455f685ff?s=96&d=mm&r=g\",\"contentUrl\":\"https:\\\/\\\/secure.gravatar.com\\\/avatar\\\/f96ad2db538a26481f18384936b5cd0610c92d390c4dc382209216d455f685ff?s=96&d=mm&r=g\",\"caption\":\"Herv\u00e9 Roten\"}}]}<\/script>\n<!-- \/ Yoast SEO plugin. -->","yoast_head_json":{"title":"Zabulon Sebban - Recueil de chants h\u00e9bra\u00efques - Institut Europ\u00e9en des Musiques Juives","robots":{"index":"index","follow":"follow","max-snippet":"max-snippet:-1","max-image-preview":"max-image-preview:large","max-video-preview":"max-video-preview:-1"},"canonical":"https:\/\/www.iemj.org\/de\/zabulon-sebban-recueil-de-chants-hebraiques\/","og_locale":"de_DE","og_type":"article","og_title":"Zabulon Sebban - Recueil de chants h\u00e9bra\u00efques - Institut Europ\u00e9en des Musiques Juives","og_description":"Der aus Geryville (Algerien) stammende Zabulon Sebban (1911-1983) absolvierte seine rabbinischen Studien bei Oberrabbiner Isaac Hanoune, bevor er ehrenamtlich als Kantor am Gro\u00dfen Tempel in Algier t\u00e4tig war. In Algier","og_url":"https:\/\/www.iemj.org\/de\/zabulon-sebban-recueil-de-chants-hebraiques\/","og_site_name":"Institut Europ\u00e9en des Musiques Juives","article_publisher":"https:\/\/www.facebook.com\/MusiquesJuives\/","article_published_time":"2013-10-17T10:47:25+00:00","article_modified_time":"2025-10-20T15:02:40+00:00","og_image":[{"width":328,"height":320,"url":"https:\/\/www.iemj.org\/wp-content\/uploads\/2013\/10\/arton770-e1619617899124.jpg","type":"image\/jpeg"}],"author":"Herv\u00e9 Roten","twitter_card":"summary_large_image","twitter_misc":{"Verfasst von":"Herv\u00e9 Roten","Gesch\u00e4tzte Lesezeit":"2\u00a0Minuten"},"schema":{"@context":"https:\/\/schema.org","@graph":[{"@type":"Article","@id":"https:\/\/www.iemj.org\/de\/zabulon-sebban-recueil-de-chants-hebraiques\/#article","isPartOf":{"@id":"https:\/\/www.iemj.org\/de\/zabulon-sebban-recueil-de-chants-hebraiques\/"},"author":{"name":"Herv\u00e9 Roten","@id":"https:\/\/www.iemj.org\/de\/#\/schema\/person\/906134402c29d5c76e7b726261dd4bbd"},"headline":"Zabulon Sebban &#8211; Recueil de chants h\u00e9bra\u00efques","datePublished":"2013-10-17T10:47:25+00:00","dateModified":"2025-10-20T15:02:40+00:00","mainEntityOfPage":{"@id":"https:\/\/www.iemj.org\/de\/zabulon-sebban-recueil-de-chants-hebraiques\/"},"wordCount":148,"publisher":{"@id":"https:\/\/www.iemj.org\/de\/#organization"},"image":{"@id":"https:\/\/www.iemj.org\/de\/zabulon-sebban-recueil-de-chants-hebraiques\/#primaryimage"},"thumbnailUrl":"https:\/\/www.iemj.org\/wp-content\/uploads\/2013\/10\/arton770-e1619617899124.jpg","articleSection":["CD","Letzte Neuerwerbungen"],"inLanguage":"de"},{"@type":"WebPage","@id":"https:\/\/www.iemj.org\/de\/zabulon-sebban-recueil-de-chants-hebraiques\/","url":"https:\/\/www.iemj.org\/de\/zabulon-sebban-recueil-de-chants-hebraiques\/","name":"Zabulon Sebban - Recueil de chants h\u00e9bra\u00efques - Institut Europ\u00e9en des Musiques Juives","isPartOf":{"@id":"https:\/\/www.iemj.org\/de\/#website"},"primaryImageOfPage":{"@id":"https:\/\/www.iemj.org\/de\/zabulon-sebban-recueil-de-chants-hebraiques\/#primaryimage"},"image":{"@id":"https:\/\/www.iemj.org\/de\/zabulon-sebban-recueil-de-chants-hebraiques\/#primaryimage"},"thumbnailUrl":"https:\/\/www.iemj.org\/wp-content\/uploads\/2013\/10\/arton770-e1619617899124.jpg","datePublished":"2013-10-17T10:47:25+00:00","dateModified":"2025-10-20T15:02:40+00:00","breadcrumb":{"@id":"https:\/\/www.iemj.org\/de\/zabulon-sebban-recueil-de-chants-hebraiques\/#breadcrumb"},"inLanguage":"de","potentialAction":[{"@type":"ReadAction","target":["https:\/\/www.iemj.org\/de\/zabulon-sebban-recueil-de-chants-hebraiques\/"]}]},{"@type":"ImageObject","inLanguage":"de","@id":"https:\/\/www.iemj.org\/de\/zabulon-sebban-recueil-de-chants-hebraiques\/#primaryimage","url":"https:\/\/www.iemj.org\/wp-content\/uploads\/2013\/10\/arton770-e1619617899124.jpg","contentUrl":"https:\/\/www.iemj.org\/wp-content\/uploads\/2013\/10\/arton770-e1619617899124.jpg","width":328,"height":320},{"@type":"BreadcrumbList","@id":"https:\/\/www.iemj.org\/de\/zabulon-sebban-recueil-de-chants-hebraiques\/#breadcrumb","itemListElement":[{"@type":"ListItem","position":1,"name":"Accueil","item":"https:\/\/www.iemj.org\/de\/"},{"@type":"ListItem","position":2,"name":"Zabulon Sebban &#8211; Recueil de chants h\u00e9bra\u00efques"}]},{"@type":"WebSite","@id":"https:\/\/www.iemj.org\/de\/#website","url":"https:\/\/www.iemj.org\/de\/","name":"Institut Europ\u00e9en des Musiques Juives","description":"Des traditions musicales \u00e0 la port\u00e9e de tous","publisher":{"@id":"https:\/\/www.iemj.org\/de\/#organization"},"potentialAction":[{"@type":"SearchAction","target":{"@type":"EntryPoint","urlTemplate":"https:\/\/www.iemj.org\/de\/?s={search_term_string}"},"query-input":{"@type":"PropertyValueSpecification","valueRequired":true,"valueName":"search_term_string"}}],"inLanguage":"de"},{"@type":"Organization","@id":"https:\/\/www.iemj.org\/de\/#organization","name":"Institut Europ\u00e9en des Musiques Juives","url":"https:\/\/www.iemj.org\/de\/","logo":{"@type":"ImageObject","inLanguage":"de","@id":"https:\/\/www.iemj.org\/de\/#\/schema\/logo\/image\/","url":"https:\/\/www.iemj.org\/wp-content\/uploads\/2021\/09\/Logo-IEMJ-Paypal.jpg","contentUrl":"https:\/\/www.iemj.org\/wp-content\/uploads\/2021\/09\/Logo-IEMJ-Paypal.jpg","width":150,"height":50,"caption":"Institut Europ\u00e9en des Musiques Juives"},"image":{"@id":"https:\/\/www.iemj.org\/de\/#\/schema\/logo\/image\/"},"sameAs":["https:\/\/www.facebook.com\/MusiquesJuives\/","https:\/\/www.instagram.com\/musiquesjuives\/","https:\/\/www.youtube.com\/user\/musiquesjuives"]},{"@type":"Person","@id":"https:\/\/www.iemj.org\/de\/#\/schema\/person\/906134402c29d5c76e7b726261dd4bbd","name":"Herv\u00e9 Roten","image":{"@type":"ImageObject","inLanguage":"de","@id":"https:\/\/secure.gravatar.com\/avatar\/f96ad2db538a26481f18384936b5cd0610c92d390c4dc382209216d455f685ff?s=96&d=mm&r=g","url":"https:\/\/secure.gravatar.com\/avatar\/f96ad2db538a26481f18384936b5cd0610c92d390c4dc382209216d455f685ff?s=96&d=mm&r=g","contentUrl":"https:\/\/secure.gravatar.com\/avatar\/f96ad2db538a26481f18384936b5cd0610c92d390c4dc382209216d455f685ff?s=96&d=mm&r=g","caption":"Herv\u00e9 Roten"}}]}},"_links":{"self":[{"href":"https:\/\/www.iemj.org\/de\/wp-json\/wp\/v2\/posts\/100033","targetHints":{"allow":["GET"]}}],"collection":[{"href":"https:\/\/www.iemj.org\/de\/wp-json\/wp\/v2\/posts"}],"about":[{"href":"https:\/\/www.iemj.org\/de\/wp-json\/wp\/v2\/types\/post"}],"author":[{"embeddable":true,"href":"https:\/\/www.iemj.org\/de\/wp-json\/wp\/v2\/users\/1045"}],"replies":[{"embeddable":true,"href":"https:\/\/www.iemj.org\/de\/wp-json\/wp\/v2\/comments?post=100033"}],"version-history":[{"count":1,"href":"https:\/\/www.iemj.org\/de\/wp-json\/wp\/v2\/posts\/100033\/revisions"}],"predecessor-version":[{"id":127441,"href":"https:\/\/www.iemj.org\/de\/wp-json\/wp\/v2\/posts\/100033\/revisions\/127441"}],"wp:featuredmedia":[{"embeddable":true,"href":"https:\/\/www.iemj.org\/de\/wp-json\/wp\/v2\/media\/100034"}],"wp:attachment":[{"href":"https:\/\/www.iemj.org\/de\/wp-json\/wp\/v2\/media?parent=100033"}],"wp:term":[{"taxonomy":"category","embeddable":true,"href":"https:\/\/www.iemj.org\/de\/wp-json\/wp\/v2\/categories?post=100033"},{"taxonomy":"post_tag","embeddable":true,"href":"https:\/\/www.iemj.org\/de\/wp-json\/wp\/v2\/tags?post=100033"},{"taxonomy":"technique","embeddable":true,"href":"https:\/\/www.iemj.org\/de\/wp-json\/wp\/v2\/technique?post=100033"},{"taxonomy":"squelettes","embeddable":true,"href":"https:\/\/www.iemj.org\/de\/wp-json\/wp\/v2\/squelettes?post=100033"},{"taxonomy":"sujet","embeddable":true,"href":"https:\/\/www.iemj.org\/de\/wp-json\/wp\/v2\/sujet?post=100033"},{"taxonomy":"formation","embeddable":true,"href":"https:\/\/www.iemj.org\/de\/wp-json\/wp\/v2\/formation?post=100033"},{"taxonomy":"genre","embeddable":true,"href":"https:\/\/www.iemj.org\/de\/wp-json\/wp\/v2\/genre?post=100033"},{"taxonomy":"fonds","embeddable":true,"href":"https:\/\/www.iemj.org\/de\/wp-json\/wp\/v2\/fonds?post=100033"},{"taxonomy":"tradition","embeddable":true,"href":"https:\/\/www.iemj.org\/de\/wp-json\/wp\/v2\/tradition?post=100033"},{"taxonomy":"type-de-contenu","embeddable":true,"href":"https:\/\/www.iemj.org\/de\/wp-json\/wp\/v2\/type-de-contenu?post=100033"},{"taxonomy":"interprete-compositeur","embeddable":true,"href":"https:\/\/www.iemj.org\/de\/wp-json\/wp\/v2\/interprete-compositeur?post=100033"},{"taxonomy":"frise","embeddable":true,"href":"https:\/\/www.iemj.org\/de\/wp-json\/wp\/v2\/frise?post=100033"},{"taxonomy":"type-devenement","embeddable":true,"href":"https:\/\/www.iemj.org\/de\/wp-json\/wp\/v2\/type-devenement?post=100033"},{"taxonomy":"tableaux-liens-externes","embeddable":true,"href":"https:\/\/www.iemj.org\/de\/wp-json\/wp\/v2\/tableaux-liens-externes?post=100033"}],"curies":[{"name":"wp","href":"https:\/\/api.w.org\/{rel}","templated":true}]}}