{"id":100061,"date":"2013-09-29T11:44:55","date_gmt":"2013-09-29T09:44:55","guid":{"rendered":"https:\/\/www.iemj.org\/darius-milhaud-ani-maamin-un-chant-perdu-et-retrouve\/"},"modified":"2025-10-20T16:54:50","modified_gmt":"2025-10-20T14:54:50","slug":"darius-milhaud-ani-maamin-un-chant-perdu-et-retrouve","status":"publish","type":"post","link":"https:\/\/www.iemj.org\/de\/darius-milhaud-ani-maamin-un-chant-perdu-et-retrouve\/","title":{"rendered":"Darius Milhaud &#8211; Ani maamin &#8211; un chant perdu et retrouv\u00e9"},"content":{"rendered":"<p>Die CD wurde 1994 bei Arion in der Reihe MFA (Musique Fran\u00e7aise d&#8217;Aujourd&#8217;hui) ver\u00f6ffentlicht.<\/p>\n<p>Mit Sharon Cooper (Sopran), Micha\u00ebl Lonsdale, Bernard Freyd, Michel Hermon und Jean N\u00e9groni (Sprecher), dem Chor Madrigal de Bordeaux (Mezzo-Sopran: Anna Parus, Chorleiterin: Eliane Lavail) und dem Ensemble 2E2M unter der Leitung von Paul M\u00e9fano.<\/p>\n<p><!--more--><\/p>\n<p>Diese historische Aufnahme entstand 1992 anl\u00e4sslich des 100. Geburtstages von Darius Milhaud (1892-1974).<\/p>\n<p><a href=\"http:\/\/brahms.ircam.fr\/works\/work\/45449\/\">Ani maamin<\/a> ist das letzte Werk dieses weitschweifigen Komponisten (443 Werke in seinem Katalog!), der sich selbst als einen &#8222;in Aix geborenen Franzosen israelitischen Glaubens&#8220; bezeichnete. Diese Kantate, die auf einem Text von Elie Wiesel basiert, der im Alter von 15 Jahren nach Auschwitz deportiert wurde, beschreibt den Schrecken der Vernichtungslager und das Martyrium der Juden (der Vater wird vor den Augen des Sohnes get\u00f6tet, das Kind wird in den Armen seiner Mutter erdrosselt&#8230;). Aber es ist auch der Ausdruck eines Glaubens, der sich auf ewige Fragen \u00f6ffnet, die jeder auf seine Weise stellt und zu l\u00f6sen versucht: die Verantwortung eines Gottes, die Verantwortung der Menschen.<\/p>\n<p>&#8222;Ani maamin beviat ha-Mashiah&#8220; bedeutet &#8222;Ich glaube an das Kommen des Messias&#8220;. In der Partitur von Darius Milhaud hei\u00dft es: &#8222;Dies ist eines der dreizehn Prinzipien des Glaubens, die von Maimonides aufgestellt wurden. Es ist auch das Lied, das fromme und eigensinnige Juden in den Lagern und Ghettos als ihre Hymne gew\u00e4hlt haben. Ihr Glaube tr\u00f6stet und bes\u00e4nftigt die \u00dcberlebenden nicht, sondern verunsichert sie nur. Affirmation und Provokation zugleich, kann er keine Besorgnis hervorrufen. Und dennoch &#8230;&#8220;.<\/p>\n<p><a href=\"https:\/\/www.espritsnomades.net\/musiques\/darius-milhaud-un-ogre-en-musique\/\" target=\"_blank\" rel=\"noopener\">Mehr \u00fcber Darius Milhaud und die Kantate Ani maamin<\/a><\/p>\n\n\n<figure class=\"wp-block-embed is-type-video is-provider-youtube wp-block-embed-youtube wp-embed-aspect-16-9 wp-has-aspect-ratio\"><div class=\"wp-block-embed__wrapper\">\n<iframe title=\"Darius Milhaud et Elie Wiesel - Ani maamin\" width=\"640\" height=\"360\" src=\"https:\/\/www.youtube.com\/embed\/zKrfDxvNCig?feature=oembed\" frameborder=\"0\" allow=\"accelerometer; autoplay; clipboard-write; encrypted-media; gyroscope; picture-in-picture; web-share\" referrerpolicy=\"strict-origin-when-cross-origin\" allowfullscreen><\/iframe>\n<\/div><\/figure>\n\n\n\n<figure class=\"wp-block-image size-large\"><img fetchpriority=\"high\" decoding=\"async\" width=\"1024\" height=\"133\" src=\"https:\/\/www.iemj.org\/wp-content\/uploads\/2024\/03\/AUDIO-PLAYER-1024x133.png\" alt=\"\" class=\"wp-image-110608\" srcset=\"https:\/\/www.iemj.org\/wp-content\/uploads\/2024\/03\/AUDIO-PLAYER-1024x133.png 1024w, https:\/\/www.iemj.org\/wp-content\/uploads\/2024\/03\/AUDIO-PLAYER-300x39.png 300w, https:\/\/www.iemj.org\/wp-content\/uploads\/2024\/03\/AUDIO-PLAYER-768x100.png 768w, https:\/\/www.iemj.org\/wp-content\/uploads\/2024\/03\/AUDIO-PLAYER-600x78.png 600w, https:\/\/www.iemj.org\/wp-content\/uploads\/2024\/03\/AUDIO-PLAYER.png 1210w\" sizes=\"(max-width: 1024px) 100vw, 1024px\" \/><\/figure>\n\n\n\n<div class=\"wp-block-file\"><a id=\"wp-block-file--media-a1efcf5e-b28e-49d9-a3e2-40e688098c45\" href=\"https:\/\/www.iemj.org\/wp-content\/uploads\/2013\/09\/cd_493_02_exsite.mp3\">Ani Maamin<\/a><\/div>\n\n\n\n<div class=\"wp-block-file\"><a id=\"wp-block-file--media-5c82aed0-0e1f-49b8-993d-38cc38963ecd\" href=\"https:\/\/www.iemj.org\/wp-content\/uploads\/2013\/09\/cd_493_15_exsite.mp3\">Le Maitre du Monde<\/a><\/div>\n\n\n\n<div class=\"wp-block-file\"><a id=\"wp-block-file--media-418a2162-77cf-42a4-8515-b955e22f5b1d\" href=\"https:\/\/www.iemj.org\/wp-content\/uploads\/2013\/09\/cd_493_21_exsite.mp3\">Rien l\u00e0-haut<\/a><\/div>\n","protected":false},"excerpt":{"rendered":"<p>Die CD wurde 1994 bei Arion in der Reihe MFA (Musique Fran\u00e7aise d&#8217;Aujourd&#8217;hui) ver\u00f6ffentlicht. Mit Sharon Cooper (Sopran), Micha\u00ebl Lonsdale, Bernard Freyd, Michel Hermon und Jean N\u00e9groni (Sprecher), dem Chor<\/p>\n","protected":false},"author":1045,"featured_media":100062,"comment_status":"closed","ping_status":"closed","sticky":false,"template":"","format":"standard","meta":{"_acf_changed":false,"footnotes":""},"categories":[1571,1561],"tags":[],"technique":[],"squelettes":[],"sujet":[],"formation":[],"genre":[1900],"fonds":[],"tradition":[],"type-de-contenu":[],"interprete-compositeur":[3131],"frise":[],"type-devenement":[],"tableaux-liens-externes":[],"class_list":["post-100061","post","type-post","status-publish","format-standard","has-post-thumbnail","hentry","category-cd-de","category-letzte-neuerwerbungen-de","genre-klassische-musik-de","interprete-compositeur-darius-milhaud-de"],"acf":[],"yoast_head":"<!-- This site is optimized with the Yoast SEO plugin v27.3 - https:\/\/yoast.com\/product\/yoast-seo-wordpress\/ -->\n<title>Darius Milhaud - Ani maamin - un chant perdu et retrouv\u00e9 - Institut Europ\u00e9en des Musiques Juives<\/title>\n<meta name=\"robots\" content=\"index, follow, max-snippet:-1, max-image-preview:large, max-video-preview:-1\" \/>\n<link rel=\"canonical\" href=\"https:\/\/www.iemj.org\/de\/darius-milhaud-ani-maamin-un-chant-perdu-et-retrouve\/\" \/>\n<meta property=\"og:locale\" content=\"de_DE\" \/>\n<meta property=\"og:type\" content=\"article\" \/>\n<meta property=\"og:title\" content=\"Darius Milhaud - Ani maamin - un chant perdu et retrouv\u00e9 - Institut Europ\u00e9en des Musiques Juives\" \/>\n<meta property=\"og:description\" content=\"Die CD wurde 1994 bei Arion in der Reihe MFA (Musique Fran\u00e7aise d&#8217;Aujourd&#8217;hui) ver\u00f6ffentlicht. Mit Sharon Cooper (Sopran), Micha\u00ebl Lonsdale, Bernard Freyd, Michel Hermon und Jean N\u00e9groni (Sprecher), dem Chor\" \/>\n<meta property=\"og:url\" content=\"https:\/\/www.iemj.org\/de\/darius-milhaud-ani-maamin-un-chant-perdu-et-retrouve\/\" \/>\n<meta property=\"og:site_name\" content=\"Institut Europ\u00e9en des Musiques Juives\" \/>\n<meta property=\"article:publisher\" content=\"https:\/\/www.facebook.com\/MusiquesJuives\/\" \/>\n<meta property=\"article:published_time\" content=\"2013-09-29T09:44:55+00:00\" \/>\n<meta property=\"article:modified_time\" content=\"2025-10-20T14:54:50+00:00\" \/>\n<meta property=\"og:image\" content=\"https:\/\/www.iemj.org\/wp-content\/uploads\/2013\/09\/arton760.jpg\" \/>\n\t<meta property=\"og:image:width\" content=\"247\" \/>\n\t<meta property=\"og:image:height\" content=\"240\" \/>\n\t<meta property=\"og:image:type\" content=\"image\/jpeg\" \/>\n<meta name=\"author\" content=\"Herv\u00e9 Roten\" \/>\n<meta name=\"twitter:card\" content=\"summary_large_image\" \/>\n<meta name=\"twitter:label1\" content=\"Verfasst von\" \/>\n\t<meta name=\"twitter:data1\" content=\"Herv\u00e9 Roten\" \/>\n\t<meta name=\"twitter:label2\" content=\"Gesch\u00e4tzte Lesezeit\" \/>\n\t<meta name=\"twitter:data2\" content=\"2\u00a0Minuten\" \/>\n<script type=\"application\/ld+json\" class=\"yoast-schema-graph\">{\"@context\":\"https:\\\/\\\/schema.org\",\"@graph\":[{\"@type\":\"Article\",\"@id\":\"https:\\\/\\\/www.iemj.org\\\/de\\\/darius-milhaud-ani-maamin-un-chant-perdu-et-retrouve\\\/#article\",\"isPartOf\":{\"@id\":\"https:\\\/\\\/www.iemj.org\\\/de\\\/darius-milhaud-ani-maamin-un-chant-perdu-et-retrouve\\\/\"},\"author\":{\"name\":\"Herv\u00e9 Roten\",\"@id\":\"https:\\\/\\\/www.iemj.org\\\/de\\\/#\\\/schema\\\/person\\\/906134402c29d5c76e7b726261dd4bbd\"},\"headline\":\"Darius Milhaud &#8211; Ani maamin &#8211; un chant perdu et retrouv\u00e9\",\"datePublished\":\"2013-09-29T09:44:55+00:00\",\"dateModified\":\"2025-10-20T14:54:50+00:00\",\"mainEntityOfPage\":{\"@id\":\"https:\\\/\\\/www.iemj.org\\\/de\\\/darius-milhaud-ani-maamin-un-chant-perdu-et-retrouve\\\/\"},\"wordCount\":287,\"publisher\":{\"@id\":\"https:\\\/\\\/www.iemj.org\\\/de\\\/#organization\"},\"image\":{\"@id\":\"https:\\\/\\\/www.iemj.org\\\/de\\\/darius-milhaud-ani-maamin-un-chant-perdu-et-retrouve\\\/#primaryimage\"},\"thumbnailUrl\":\"https:\\\/\\\/www.iemj.org\\\/wp-content\\\/uploads\\\/2013\\\/09\\\/arton760.jpg\",\"articleSection\":[\"CD\",\"Letzte Neuerwerbungen\"],\"inLanguage\":\"de\"},{\"@type\":\"WebPage\",\"@id\":\"https:\\\/\\\/www.iemj.org\\\/de\\\/darius-milhaud-ani-maamin-un-chant-perdu-et-retrouve\\\/\",\"url\":\"https:\\\/\\\/www.iemj.org\\\/de\\\/darius-milhaud-ani-maamin-un-chant-perdu-et-retrouve\\\/\",\"name\":\"Darius Milhaud - Ani maamin - un chant perdu et retrouv\u00e9 - Institut Europ\u00e9en des Musiques Juives\",\"isPartOf\":{\"@id\":\"https:\\\/\\\/www.iemj.org\\\/de\\\/#website\"},\"primaryImageOfPage\":{\"@id\":\"https:\\\/\\\/www.iemj.org\\\/de\\\/darius-milhaud-ani-maamin-un-chant-perdu-et-retrouve\\\/#primaryimage\"},\"image\":{\"@id\":\"https:\\\/\\\/www.iemj.org\\\/de\\\/darius-milhaud-ani-maamin-un-chant-perdu-et-retrouve\\\/#primaryimage\"},\"thumbnailUrl\":\"https:\\\/\\\/www.iemj.org\\\/wp-content\\\/uploads\\\/2013\\\/09\\\/arton760.jpg\",\"datePublished\":\"2013-09-29T09:44:55+00:00\",\"dateModified\":\"2025-10-20T14:54:50+00:00\",\"breadcrumb\":{\"@id\":\"https:\\\/\\\/www.iemj.org\\\/de\\\/darius-milhaud-ani-maamin-un-chant-perdu-et-retrouve\\\/#breadcrumb\"},\"inLanguage\":\"de\",\"potentialAction\":[{\"@type\":\"ReadAction\",\"target\":[\"https:\\\/\\\/www.iemj.org\\\/de\\\/darius-milhaud-ani-maamin-un-chant-perdu-et-retrouve\\\/\"]}]},{\"@type\":\"ImageObject\",\"inLanguage\":\"de\",\"@id\":\"https:\\\/\\\/www.iemj.org\\\/de\\\/darius-milhaud-ani-maamin-un-chant-perdu-et-retrouve\\\/#primaryimage\",\"url\":\"https:\\\/\\\/www.iemj.org\\\/wp-content\\\/uploads\\\/2013\\\/09\\\/arton760.jpg\",\"contentUrl\":\"https:\\\/\\\/www.iemj.org\\\/wp-content\\\/uploads\\\/2013\\\/09\\\/arton760.jpg\",\"width\":247,\"height\":240},{\"@type\":\"BreadcrumbList\",\"@id\":\"https:\\\/\\\/www.iemj.org\\\/de\\\/darius-milhaud-ani-maamin-un-chant-perdu-et-retrouve\\\/#breadcrumb\",\"itemListElement\":[{\"@type\":\"ListItem\",\"position\":1,\"name\":\"Accueil\",\"item\":\"https:\\\/\\\/www.iemj.org\\\/de\\\/\"},{\"@type\":\"ListItem\",\"position\":2,\"name\":\"Darius Milhaud &#8211; Ani maamin &#8211; un chant perdu et retrouv\u00e9\"}]},{\"@type\":\"WebSite\",\"@id\":\"https:\\\/\\\/www.iemj.org\\\/de\\\/#website\",\"url\":\"https:\\\/\\\/www.iemj.org\\\/de\\\/\",\"name\":\"Institut Europ\u00e9en des Musiques Juives\",\"description\":\"Des traditions musicales \u00e0 la port\u00e9e de tous\",\"publisher\":{\"@id\":\"https:\\\/\\\/www.iemj.org\\\/de\\\/#organization\"},\"potentialAction\":[{\"@type\":\"SearchAction\",\"target\":{\"@type\":\"EntryPoint\",\"urlTemplate\":\"https:\\\/\\\/www.iemj.org\\\/de\\\/?s={search_term_string}\"},\"query-input\":{\"@type\":\"PropertyValueSpecification\",\"valueRequired\":true,\"valueName\":\"search_term_string\"}}],\"inLanguage\":\"de\"},{\"@type\":\"Organization\",\"@id\":\"https:\\\/\\\/www.iemj.org\\\/de\\\/#organization\",\"name\":\"Institut Europ\u00e9en des Musiques Juives\",\"url\":\"https:\\\/\\\/www.iemj.org\\\/de\\\/\",\"logo\":{\"@type\":\"ImageObject\",\"inLanguage\":\"de\",\"@id\":\"https:\\\/\\\/www.iemj.org\\\/de\\\/#\\\/schema\\\/logo\\\/image\\\/\",\"url\":\"https:\\\/\\\/www.iemj.org\\\/wp-content\\\/uploads\\\/2021\\\/09\\\/Logo-IEMJ-Paypal.jpg\",\"contentUrl\":\"https:\\\/\\\/www.iemj.org\\\/wp-content\\\/uploads\\\/2021\\\/09\\\/Logo-IEMJ-Paypal.jpg\",\"width\":150,\"height\":50,\"caption\":\"Institut Europ\u00e9en des Musiques Juives\"},\"image\":{\"@id\":\"https:\\\/\\\/www.iemj.org\\\/de\\\/#\\\/schema\\\/logo\\\/image\\\/\"},\"sameAs\":[\"https:\\\/\\\/www.facebook.com\\\/MusiquesJuives\\\/\",\"https:\\\/\\\/www.instagram.com\\\/musiquesjuives\\\/\",\"https:\\\/\\\/www.youtube.com\\\/user\\\/musiquesjuives\"]},{\"@type\":\"Person\",\"@id\":\"https:\\\/\\\/www.iemj.org\\\/de\\\/#\\\/schema\\\/person\\\/906134402c29d5c76e7b726261dd4bbd\",\"name\":\"Herv\u00e9 Roten\",\"image\":{\"@type\":\"ImageObject\",\"inLanguage\":\"de\",\"@id\":\"https:\\\/\\\/secure.gravatar.com\\\/avatar\\\/f96ad2db538a26481f18384936b5cd0610c92d390c4dc382209216d455f685ff?s=96&d=mm&r=g\",\"url\":\"https:\\\/\\\/secure.gravatar.com\\\/avatar\\\/f96ad2db538a26481f18384936b5cd0610c92d390c4dc382209216d455f685ff?s=96&d=mm&r=g\",\"contentUrl\":\"https:\\\/\\\/secure.gravatar.com\\\/avatar\\\/f96ad2db538a26481f18384936b5cd0610c92d390c4dc382209216d455f685ff?s=96&d=mm&r=g\",\"caption\":\"Herv\u00e9 Roten\"}}]}<\/script>\n<!-- \/ Yoast SEO plugin. -->","yoast_head_json":{"title":"Darius Milhaud - Ani maamin - un chant perdu et retrouv\u00e9 - Institut Europ\u00e9en des Musiques Juives","robots":{"index":"index","follow":"follow","max-snippet":"max-snippet:-1","max-image-preview":"max-image-preview:large","max-video-preview":"max-video-preview:-1"},"canonical":"https:\/\/www.iemj.org\/de\/darius-milhaud-ani-maamin-un-chant-perdu-et-retrouve\/","og_locale":"de_DE","og_type":"article","og_title":"Darius Milhaud - Ani maamin - un chant perdu et retrouv\u00e9 - Institut Europ\u00e9en des Musiques Juives","og_description":"Die CD wurde 1994 bei Arion in der Reihe MFA (Musique Fran\u00e7aise d&#8217;Aujourd&#8217;hui) ver\u00f6ffentlicht. Mit Sharon Cooper (Sopran), Micha\u00ebl Lonsdale, Bernard Freyd, Michel Hermon und Jean N\u00e9groni (Sprecher), dem Chor","og_url":"https:\/\/www.iemj.org\/de\/darius-milhaud-ani-maamin-un-chant-perdu-et-retrouve\/","og_site_name":"Institut Europ\u00e9en des Musiques Juives","article_publisher":"https:\/\/www.facebook.com\/MusiquesJuives\/","article_published_time":"2013-09-29T09:44:55+00:00","article_modified_time":"2025-10-20T14:54:50+00:00","og_image":[{"width":247,"height":240,"url":"https:\/\/www.iemj.org\/wp-content\/uploads\/2013\/09\/arton760.jpg","type":"image\/jpeg"}],"author":"Herv\u00e9 Roten","twitter_card":"summary_large_image","twitter_misc":{"Verfasst von":"Herv\u00e9 Roten","Gesch\u00e4tzte Lesezeit":"2\u00a0Minuten"},"schema":{"@context":"https:\/\/schema.org","@graph":[{"@type":"Article","@id":"https:\/\/www.iemj.org\/de\/darius-milhaud-ani-maamin-un-chant-perdu-et-retrouve\/#article","isPartOf":{"@id":"https:\/\/www.iemj.org\/de\/darius-milhaud-ani-maamin-un-chant-perdu-et-retrouve\/"},"author":{"name":"Herv\u00e9 Roten","@id":"https:\/\/www.iemj.org\/de\/#\/schema\/person\/906134402c29d5c76e7b726261dd4bbd"},"headline":"Darius Milhaud &#8211; Ani maamin &#8211; un chant perdu et retrouv\u00e9","datePublished":"2013-09-29T09:44:55+00:00","dateModified":"2025-10-20T14:54:50+00:00","mainEntityOfPage":{"@id":"https:\/\/www.iemj.org\/de\/darius-milhaud-ani-maamin-un-chant-perdu-et-retrouve\/"},"wordCount":287,"publisher":{"@id":"https:\/\/www.iemj.org\/de\/#organization"},"image":{"@id":"https:\/\/www.iemj.org\/de\/darius-milhaud-ani-maamin-un-chant-perdu-et-retrouve\/#primaryimage"},"thumbnailUrl":"https:\/\/www.iemj.org\/wp-content\/uploads\/2013\/09\/arton760.jpg","articleSection":["CD","Letzte Neuerwerbungen"],"inLanguage":"de"},{"@type":"WebPage","@id":"https:\/\/www.iemj.org\/de\/darius-milhaud-ani-maamin-un-chant-perdu-et-retrouve\/","url":"https:\/\/www.iemj.org\/de\/darius-milhaud-ani-maamin-un-chant-perdu-et-retrouve\/","name":"Darius Milhaud - Ani maamin - un chant perdu et retrouv\u00e9 - Institut Europ\u00e9en des Musiques Juives","isPartOf":{"@id":"https:\/\/www.iemj.org\/de\/#website"},"primaryImageOfPage":{"@id":"https:\/\/www.iemj.org\/de\/darius-milhaud-ani-maamin-un-chant-perdu-et-retrouve\/#primaryimage"},"image":{"@id":"https:\/\/www.iemj.org\/de\/darius-milhaud-ani-maamin-un-chant-perdu-et-retrouve\/#primaryimage"},"thumbnailUrl":"https:\/\/www.iemj.org\/wp-content\/uploads\/2013\/09\/arton760.jpg","datePublished":"2013-09-29T09:44:55+00:00","dateModified":"2025-10-20T14:54:50+00:00","breadcrumb":{"@id":"https:\/\/www.iemj.org\/de\/darius-milhaud-ani-maamin-un-chant-perdu-et-retrouve\/#breadcrumb"},"inLanguage":"de","potentialAction":[{"@type":"ReadAction","target":["https:\/\/www.iemj.org\/de\/darius-milhaud-ani-maamin-un-chant-perdu-et-retrouve\/"]}]},{"@type":"ImageObject","inLanguage":"de","@id":"https:\/\/www.iemj.org\/de\/darius-milhaud-ani-maamin-un-chant-perdu-et-retrouve\/#primaryimage","url":"https:\/\/www.iemj.org\/wp-content\/uploads\/2013\/09\/arton760.jpg","contentUrl":"https:\/\/www.iemj.org\/wp-content\/uploads\/2013\/09\/arton760.jpg","width":247,"height":240},{"@type":"BreadcrumbList","@id":"https:\/\/www.iemj.org\/de\/darius-milhaud-ani-maamin-un-chant-perdu-et-retrouve\/#breadcrumb","itemListElement":[{"@type":"ListItem","position":1,"name":"Accueil","item":"https:\/\/www.iemj.org\/de\/"},{"@type":"ListItem","position":2,"name":"Darius Milhaud &#8211; Ani maamin &#8211; un chant perdu et retrouv\u00e9"}]},{"@type":"WebSite","@id":"https:\/\/www.iemj.org\/de\/#website","url":"https:\/\/www.iemj.org\/de\/","name":"Institut Europ\u00e9en des Musiques Juives","description":"Des traditions musicales \u00e0 la port\u00e9e de tous","publisher":{"@id":"https:\/\/www.iemj.org\/de\/#organization"},"potentialAction":[{"@type":"SearchAction","target":{"@type":"EntryPoint","urlTemplate":"https:\/\/www.iemj.org\/de\/?s={search_term_string}"},"query-input":{"@type":"PropertyValueSpecification","valueRequired":true,"valueName":"search_term_string"}}],"inLanguage":"de"},{"@type":"Organization","@id":"https:\/\/www.iemj.org\/de\/#organization","name":"Institut Europ\u00e9en des Musiques Juives","url":"https:\/\/www.iemj.org\/de\/","logo":{"@type":"ImageObject","inLanguage":"de","@id":"https:\/\/www.iemj.org\/de\/#\/schema\/logo\/image\/","url":"https:\/\/www.iemj.org\/wp-content\/uploads\/2021\/09\/Logo-IEMJ-Paypal.jpg","contentUrl":"https:\/\/www.iemj.org\/wp-content\/uploads\/2021\/09\/Logo-IEMJ-Paypal.jpg","width":150,"height":50,"caption":"Institut Europ\u00e9en des Musiques Juives"},"image":{"@id":"https:\/\/www.iemj.org\/de\/#\/schema\/logo\/image\/"},"sameAs":["https:\/\/www.facebook.com\/MusiquesJuives\/","https:\/\/www.instagram.com\/musiquesjuives\/","https:\/\/www.youtube.com\/user\/musiquesjuives"]},{"@type":"Person","@id":"https:\/\/www.iemj.org\/de\/#\/schema\/person\/906134402c29d5c76e7b726261dd4bbd","name":"Herv\u00e9 Roten","image":{"@type":"ImageObject","inLanguage":"de","@id":"https:\/\/secure.gravatar.com\/avatar\/f96ad2db538a26481f18384936b5cd0610c92d390c4dc382209216d455f685ff?s=96&d=mm&r=g","url":"https:\/\/secure.gravatar.com\/avatar\/f96ad2db538a26481f18384936b5cd0610c92d390c4dc382209216d455f685ff?s=96&d=mm&r=g","contentUrl":"https:\/\/secure.gravatar.com\/avatar\/f96ad2db538a26481f18384936b5cd0610c92d390c4dc382209216d455f685ff?s=96&d=mm&r=g","caption":"Herv\u00e9 Roten"}}]}},"_links":{"self":[{"href":"https:\/\/www.iemj.org\/de\/wp-json\/wp\/v2\/posts\/100061","targetHints":{"allow":["GET"]}}],"collection":[{"href":"https:\/\/www.iemj.org\/de\/wp-json\/wp\/v2\/posts"}],"about":[{"href":"https:\/\/www.iemj.org\/de\/wp-json\/wp\/v2\/types\/post"}],"author":[{"embeddable":true,"href":"https:\/\/www.iemj.org\/de\/wp-json\/wp\/v2\/users\/1045"}],"replies":[{"embeddable":true,"href":"https:\/\/www.iemj.org\/de\/wp-json\/wp\/v2\/comments?post=100061"}],"version-history":[{"count":1,"href":"https:\/\/www.iemj.org\/de\/wp-json\/wp\/v2\/posts\/100061\/revisions"}],"predecessor-version":[{"id":127430,"href":"https:\/\/www.iemj.org\/de\/wp-json\/wp\/v2\/posts\/100061\/revisions\/127430"}],"wp:featuredmedia":[{"embeddable":true,"href":"https:\/\/www.iemj.org\/de\/wp-json\/wp\/v2\/media\/100062"}],"wp:attachment":[{"href":"https:\/\/www.iemj.org\/de\/wp-json\/wp\/v2\/media?parent=100061"}],"wp:term":[{"taxonomy":"category","embeddable":true,"href":"https:\/\/www.iemj.org\/de\/wp-json\/wp\/v2\/categories?post=100061"},{"taxonomy":"post_tag","embeddable":true,"href":"https:\/\/www.iemj.org\/de\/wp-json\/wp\/v2\/tags?post=100061"},{"taxonomy":"technique","embeddable":true,"href":"https:\/\/www.iemj.org\/de\/wp-json\/wp\/v2\/technique?post=100061"},{"taxonomy":"squelettes","embeddable":true,"href":"https:\/\/www.iemj.org\/de\/wp-json\/wp\/v2\/squelettes?post=100061"},{"taxonomy":"sujet","embeddable":true,"href":"https:\/\/www.iemj.org\/de\/wp-json\/wp\/v2\/sujet?post=100061"},{"taxonomy":"formation","embeddable":true,"href":"https:\/\/www.iemj.org\/de\/wp-json\/wp\/v2\/formation?post=100061"},{"taxonomy":"genre","embeddable":true,"href":"https:\/\/www.iemj.org\/de\/wp-json\/wp\/v2\/genre?post=100061"},{"taxonomy":"fonds","embeddable":true,"href":"https:\/\/www.iemj.org\/de\/wp-json\/wp\/v2\/fonds?post=100061"},{"taxonomy":"tradition","embeddable":true,"href":"https:\/\/www.iemj.org\/de\/wp-json\/wp\/v2\/tradition?post=100061"},{"taxonomy":"type-de-contenu","embeddable":true,"href":"https:\/\/www.iemj.org\/de\/wp-json\/wp\/v2\/type-de-contenu?post=100061"},{"taxonomy":"interprete-compositeur","embeddable":true,"href":"https:\/\/www.iemj.org\/de\/wp-json\/wp\/v2\/interprete-compositeur?post=100061"},{"taxonomy":"frise","embeddable":true,"href":"https:\/\/www.iemj.org\/de\/wp-json\/wp\/v2\/frise?post=100061"},{"taxonomy":"type-devenement","embeddable":true,"href":"https:\/\/www.iemj.org\/de\/wp-json\/wp\/v2\/type-devenement?post=100061"},{"taxonomy":"tableaux-liens-externes","embeddable":true,"href":"https:\/\/www.iemj.org\/de\/wp-json\/wp\/v2\/tableaux-liens-externes?post=100061"}],"curies":[{"name":"wp","href":"https:\/\/api.w.org\/{rel}","templated":true}]}}