{"id":100354,"date":"2013-06-14T12:55:44","date_gmt":"2013-06-14T10:55:44","guid":{"rendered":"https:\/\/www.iemj.org\/une-collection-de-9-cds-publies-par-leuropaisches-zentrum-fur-judische-musik-ezjm-de-hanovre\/"},"modified":"2025-10-20T16:09:56","modified_gmt":"2025-10-20T14:09:56","slug":"une-collection-de-9-cds-publies-par-leuropaisches-zentrum-fur-judische-musik-ezjm-de-hanovre","status":"publish","type":"post","link":"https:\/\/www.iemj.org\/de\/une-collection-de-9-cds-publies-par-leuropaisches-zentrum-fur-judische-musik-ezjm-de-hanovre\/","title":{"rendered":"Eine Sammlung von 9 CDs, herausgegeben vom Europaischen Zentrum f\u00fcr J\u00fcdische Musik (EZJM) in Hannover"},"content":{"rendered":"<p>Das 1988 von Andor Izs\u00e1k gegr\u00fcndete <em><a href=\"http:\/\/www.ezjm.hmtm-hannover.de\/en\/\">Europa\u00efsches Zentrum f\u00fcr J\u00fcdische Musik<\/a><\/em><a href=\"http:\/\/www.ezjm.hmtm-hannover.de\/en\/\"> (EZJM)<\/a> ist ein an die Universit\u00e4t Hannover angegliedertes Institut, das sich zum Ziel gesetzt hat, die j\u00fcdische liturgische Musik, die bis 1938 in europ\u00e4ischen Synagogen, insbesondere in Deutschland, zu h\u00f6ren war, zu dokumentieren und wieder zum Leben zu erwecken.<\/p>\n<p>Heute ist das EZJM in der pr\u00e4chtigen Villa Seligmann untergebracht und verf\u00fcgt \u00fcber einen eigenen Archivbereich (Partituren, Tonaufnahmen&#8230;), eine Bibliothek und eine Phonothek, ein Aufnahmestudio und einen gro\u00dfen Saal f\u00fcr Konzerte, Ausstellungen, Konferenzen und andere Bildungsaktivit\u00e4ten.<\/p>\n<p>Seit 1988 hat das EZJM etwa zehn CDs, haupts\u00e4chlich mit Musik f\u00fcr Chor und Orgel, zwei Partiturb\u00e4nde und vier wissenschaftliche Zeitschriften ver\u00f6ffentlicht.<\/p>\n<p>Martha Stellmacher, die 2011-2012 an unserem Programm zur Sicherung und Digitalisierung von Synagogenbest\u00e4nden in der Region Paris arbeitete, war danach am <em>Europ\u00e4ischen Zentrum f\u00fcr J\u00fcdische Musik<\/em> t\u00e4tig. Sie war es, die diesen Austausch der jeweiligen Publikationen und den Beginn einer vielversprechenden Partnerschaft initiiert hat.<\/p>\n\n\n<figure class=\"wp-block-gallery has-nested-images columns-default is-cropped wp-block-gallery-1 is-layout-flex wp-block-gallery-is-layout-flex\">\n<figure class=\"wp-block-image size-large\"><img decoding=\"async\" width=\"185\" height=\"180\" data-id=\"38555\" src=\"https:\/\/www.iemj.org\/wp-content\/uploads\/2021\/04\/cd_446_siteiemj.jpg\" alt=\"\" class=\"wp-image-38555\"\/><\/figure>\n\n\n\n<figure class=\"wp-block-image size-large\"><img decoding=\"async\" width=\"185\" height=\"179\" data-id=\"38560\" src=\"https:\/\/www.iemj.org\/wp-content\/uploads\/2021\/04\/cd_448_siteiemj.jpg\" alt=\"\" class=\"wp-image-38560\"\/><\/figure>\n\n\n\n<figure class=\"wp-block-image size-large\"><img decoding=\"async\" width=\"184\" height=\"180\" data-id=\"38565\" src=\"https:\/\/www.iemj.org\/wp-content\/uploads\/2021\/04\/cd_451_siteiemj.jpg\" alt=\"\" class=\"wp-image-38565\"\/><\/figure>\n<\/figure>\n\n\n\n<div class=\"wp-block-file\"><a id=\"wp-block-file--media-4823019e-ff5b-44a1-aca5-d69bef14928c\" href=\"https:\/\/www.iemj.org\/wp-content\/uploads\/2013\/06\/cd_446_08_ex_siteiemj.mp3\">Ernest Bloch \u2013 Jewish Life (n\u00b0 3&nbsp;: Jewish Song)<\/a><\/div>\n\n\n\n<div class=\"wp-block-file\"><a id=\"wp-block-file--media-e8ef1b92-de61-43ba-91e0-165cab8545a8\" href=\"https:\/\/www.iemj.org\/wp-content\/uploads\/2013\/06\/cd_447_03_ex_siteiemj.mp3\">Israel Alter \u2013 W\u2019hogen ba\u2019adenu<\/a><\/div>\n\n\n\n<div class=\"wp-block-file\"><a id=\"wp-block-file--media-6daac717-b5f2-4b84-90d8-b77a04180681\" href=\"https:\/\/www.iemj.org\/wp-content\/uploads\/2013\/06\/cd_448_07_ex_siteiemj.mp3\">Alberto Mizrahi \u2013 Kaddisch<\/a><\/div>\n\n\n\n<div class=\"wp-block-file\"><a id=\"wp-block-file--media-acef1628-8641-4862-994e-098c4f1ec6b3\" href=\"https:\/\/www.iemj.org\/wp-content\/uploads\/2013\/06\/cd_449a_05_ex_siteiemj.mp3\">Louis Lewandowski \u2013 Psaume 39<\/a><\/div>\n\n\n\n<div class=\"wp-block-file\"><a id=\"wp-block-file--media-cdfa3d48-3f21-4af6-bcc8-aaedc01ff1ce\" href=\"https:\/\/www.iemj.org\/wp-content\/uploads\/2013\/06\/cd_450_05_ex_siteiemj.mp3\">Moritz Moszkowski  \u2013 Valse brillante<\/a><\/div>\n\n\n\n<div class=\"wp-block-file\"><a id=\"wp-block-file--media-4665d699-d7bc-47f5-996b-75bc6aa215fd\" href=\"https:\/\/www.iemj.org\/wp-content\/uploads\/2013\/06\/cd_451_10_ex_siteiemj.mp3\">Louis Lewandowski \u2013 Adon Olom<\/a><\/div>\n\n\n\n<div class=\"wp-block-file\"><a id=\"wp-block-file--media-df299bb1-02e3-467c-98ea-920db4033d56\" href=\"https:\/\/www.iemj.org\/wp-content\/uploads\/2013\/06\/cd_452_07_ex_siteiemj.mp3\">Franz Schubert \u2013 Gott ist mein Hirt (Psaume 23)<\/a><\/div>\n\n\n\n<div class=\"wp-block-file\"><a id=\"wp-block-file--media-f609d4c9-3b3e-4a8a-9106-17ffef1f0b06\" href=\"https:\/\/www.iemj.org\/wp-content\/uploads\/2013\/06\/cd_453_02_ex_siteiemj.mp3\">Louis Lewandowski \u2013 Mah towu<\/a><\/div>\n\n\n\n<div class=\"wp-block-file\"><a id=\"wp-block-file--media-f900b697-0924-4b5a-a1dc-78155fd941a2\" href=\"https:\/\/www.iemj.org\/wp-content\/uploads\/2013\/06\/cd_454a_06_ex_siteiemj.mp3\">Israel Alter \u2013 Ja\u2019aleh tachanunenu<\/a><\/div>\n\n\n<div class=\"wp-block-image\">\n<figure class=\"aligncenter size-large\"><img loading=\"lazy\" decoding=\"async\" width=\"1024\" height=\"133\" src=\"https:\/\/www.iemj.org\/wp-content\/uploads\/2024\/03\/AUDIO-PLAYER-1024x133.png\" alt=\"\" class=\"wp-image-110606\" srcset=\"https:\/\/www.iemj.org\/wp-content\/uploads\/2024\/03\/AUDIO-PLAYER-1024x133.png 1024w, https:\/\/www.iemj.org\/wp-content\/uploads\/2024\/03\/AUDIO-PLAYER-300x39.png 300w, https:\/\/www.iemj.org\/wp-content\/uploads\/2024\/03\/AUDIO-PLAYER-768x100.png 768w, https:\/\/www.iemj.org\/wp-content\/uploads\/2024\/03\/AUDIO-PLAYER-600x78.png 600w, https:\/\/www.iemj.org\/wp-content\/uploads\/2024\/03\/AUDIO-PLAYER.png 1210w\" sizes=\"(max-width: 1024px) 100vw, 1024px\" \/><\/figure>\n<\/div>","protected":false},"excerpt":{"rendered":"<p>Das 1988 von Andor Izs\u00e1k gegr\u00fcndete Europa\u00efsches Zentrum f\u00fcr J\u00fcdische Musik (EZJM) ist ein an die Universit\u00e4t Hannover angegliedertes Institut, das sich zum Ziel gesetzt hat, die j\u00fcdische liturgische Musik,<\/p>\n","protected":false},"author":1045,"featured_media":38530,"comment_status":"closed","ping_status":"closed","sticky":false,"template":"","format":"standard","meta":{"_acf_changed":false,"footnotes":""},"categories":[1571,1561],"tags":[2078],"technique":[],"squelettes":[],"sujet":[],"formation":[],"genre":[1891],"fonds":[],"tradition":[],"type-de-contenu":[],"interprete-compositeur":[],"frise":[],"type-devenement":[],"tableaux-liens-externes":[],"class_list":["post-100354","post","type-post","status-publish","format-standard","has-post-thumbnail","hentry","category-cd-de","category-letzte-neuerwerbungen-de","tag-deutschland-de","genre-liturgie-de"],"acf":[],"yoast_head":"<!-- This site is optimized with the Yoast SEO plugin v27.3 - https:\/\/yoast.com\/product\/yoast-seo-wordpress\/ -->\n<title>Eine Sammlung von 9 CDs, herausgegeben vom Europaischen Zentrum f\u00fcr J\u00fcdische Musik (EZJM) in Hannover - Institut Europ\u00e9en des Musiques Juives<\/title>\n<meta name=\"robots\" content=\"index, follow, max-snippet:-1, max-image-preview:large, max-video-preview:-1\" \/>\n<link rel=\"canonical\" href=\"https:\/\/www.iemj.org\/de\/une-collection-de-9-cds-publies-par-leuropaisches-zentrum-fur-judische-musik-ezjm-de-hanovre\/\" \/>\n<meta property=\"og:locale\" content=\"de_DE\" \/>\n<meta property=\"og:type\" content=\"article\" \/>\n<meta property=\"og:title\" content=\"Eine Sammlung von 9 CDs, herausgegeben vom Europaischen Zentrum f\u00fcr J\u00fcdische Musik (EZJM) in Hannover - Institut Europ\u00e9en des Musiques Juives\" \/>\n<meta property=\"og:description\" content=\"Das 1988 von Andor Izs\u00e1k gegr\u00fcndete Europa\u00efsches Zentrum f\u00fcr J\u00fcdische Musik (EZJM) ist ein an die Universit\u00e4t Hannover angegliedertes Institut, das sich zum Ziel gesetzt hat, die j\u00fcdische liturgische Musik,\" \/>\n<meta property=\"og:url\" content=\"https:\/\/www.iemj.org\/de\/une-collection-de-9-cds-publies-par-leuropaisches-zentrum-fur-judische-musik-ezjm-de-hanovre\/\" \/>\n<meta property=\"og:site_name\" content=\"Institut Europ\u00e9en des Musiques Juives\" \/>\n<meta property=\"article:publisher\" content=\"https:\/\/www.facebook.com\/MusiquesJuives\/\" \/>\n<meta property=\"article:published_time\" content=\"2013-06-14T10:55:44+00:00\" \/>\n<meta property=\"article:modified_time\" content=\"2025-10-20T14:09:56+00:00\" \/>\n<meta property=\"og:image\" content=\"https:\/\/www.iemj.org\/wp-content\/uploads\/2013\/06\/arton714-e1619625215998.jpg\" \/>\n\t<meta property=\"og:image:width\" content=\"350\" \/>\n\t<meta property=\"og:image:height\" content=\"341\" \/>\n\t<meta property=\"og:image:type\" content=\"image\/jpeg\" \/>\n<meta name=\"author\" content=\"Herv\u00e9 Roten\" \/>\n<meta name=\"twitter:card\" content=\"summary_large_image\" \/>\n<meta name=\"twitter:label1\" content=\"Verfasst von\" \/>\n\t<meta name=\"twitter:data1\" content=\"Herv\u00e9 Roten\" \/>\n\t<meta name=\"twitter:label2\" content=\"Gesch\u00e4tzte Lesezeit\" \/>\n\t<meta name=\"twitter:data2\" content=\"2\u00a0Minuten\" \/>\n<script type=\"application\/ld+json\" class=\"yoast-schema-graph\">{\"@context\":\"https:\\\/\\\/schema.org\",\"@graph\":[{\"@type\":\"Article\",\"@id\":\"https:\\\/\\\/www.iemj.org\\\/de\\\/une-collection-de-9-cds-publies-par-leuropaisches-zentrum-fur-judische-musik-ezjm-de-hanovre\\\/#article\",\"isPartOf\":{\"@id\":\"https:\\\/\\\/www.iemj.org\\\/de\\\/une-collection-de-9-cds-publies-par-leuropaisches-zentrum-fur-judische-musik-ezjm-de-hanovre\\\/\"},\"author\":{\"name\":\"Herv\u00e9 Roten\",\"@id\":\"https:\\\/\\\/www.iemj.org\\\/de\\\/#\\\/schema\\\/person\\\/906134402c29d5c76e7b726261dd4bbd\"},\"headline\":\"Eine Sammlung von 9 CDs, herausgegeben vom Europaischen Zentrum f\u00fcr J\u00fcdische Musik (EZJM) in Hannover\",\"datePublished\":\"2013-06-14T10:55:44+00:00\",\"dateModified\":\"2025-10-20T14:09:56+00:00\",\"mainEntityOfPage\":{\"@id\":\"https:\\\/\\\/www.iemj.org\\\/de\\\/une-collection-de-9-cds-publies-par-leuropaisches-zentrum-fur-judische-musik-ezjm-de-hanovre\\\/\"},\"wordCount\":232,\"publisher\":{\"@id\":\"https:\\\/\\\/www.iemj.org\\\/de\\\/#organization\"},\"image\":{\"@id\":\"https:\\\/\\\/www.iemj.org\\\/de\\\/une-collection-de-9-cds-publies-par-leuropaisches-zentrum-fur-judische-musik-ezjm-de-hanovre\\\/#primaryimage\"},\"thumbnailUrl\":\"https:\\\/\\\/www.iemj.org\\\/wp-content\\\/uploads\\\/2013\\\/06\\\/arton714-e1619625215998.jpg\",\"keywords\":[\"Deutschland\"],\"articleSection\":[\"CD\",\"Letzte Neuerwerbungen\"],\"inLanguage\":\"de\"},{\"@type\":\"WebPage\",\"@id\":\"https:\\\/\\\/www.iemj.org\\\/de\\\/une-collection-de-9-cds-publies-par-leuropaisches-zentrum-fur-judische-musik-ezjm-de-hanovre\\\/\",\"url\":\"https:\\\/\\\/www.iemj.org\\\/de\\\/une-collection-de-9-cds-publies-par-leuropaisches-zentrum-fur-judische-musik-ezjm-de-hanovre\\\/\",\"name\":\"Eine Sammlung von 9 CDs, herausgegeben vom Europaischen Zentrum f\u00fcr J\u00fcdische Musik (EZJM) in Hannover - Institut Europ\u00e9en des Musiques Juives\",\"isPartOf\":{\"@id\":\"https:\\\/\\\/www.iemj.org\\\/de\\\/#website\"},\"primaryImageOfPage\":{\"@id\":\"https:\\\/\\\/www.iemj.org\\\/de\\\/une-collection-de-9-cds-publies-par-leuropaisches-zentrum-fur-judische-musik-ezjm-de-hanovre\\\/#primaryimage\"},\"image\":{\"@id\":\"https:\\\/\\\/www.iemj.org\\\/de\\\/une-collection-de-9-cds-publies-par-leuropaisches-zentrum-fur-judische-musik-ezjm-de-hanovre\\\/#primaryimage\"},\"thumbnailUrl\":\"https:\\\/\\\/www.iemj.org\\\/wp-content\\\/uploads\\\/2013\\\/06\\\/arton714-e1619625215998.jpg\",\"datePublished\":\"2013-06-14T10:55:44+00:00\",\"dateModified\":\"2025-10-20T14:09:56+00:00\",\"breadcrumb\":{\"@id\":\"https:\\\/\\\/www.iemj.org\\\/de\\\/une-collection-de-9-cds-publies-par-leuropaisches-zentrum-fur-judische-musik-ezjm-de-hanovre\\\/#breadcrumb\"},\"inLanguage\":\"de\",\"potentialAction\":[{\"@type\":\"ReadAction\",\"target\":[\"https:\\\/\\\/www.iemj.org\\\/de\\\/une-collection-de-9-cds-publies-par-leuropaisches-zentrum-fur-judische-musik-ezjm-de-hanovre\\\/\"]}]},{\"@type\":\"ImageObject\",\"inLanguage\":\"de\",\"@id\":\"https:\\\/\\\/www.iemj.org\\\/de\\\/une-collection-de-9-cds-publies-par-leuropaisches-zentrum-fur-judische-musik-ezjm-de-hanovre\\\/#primaryimage\",\"url\":\"https:\\\/\\\/www.iemj.org\\\/wp-content\\\/uploads\\\/2013\\\/06\\\/arton714-e1619625215998.jpg\",\"contentUrl\":\"https:\\\/\\\/www.iemj.org\\\/wp-content\\\/uploads\\\/2013\\\/06\\\/arton714-e1619625215998.jpg\",\"width\":350,\"height\":341},{\"@type\":\"BreadcrumbList\",\"@id\":\"https:\\\/\\\/www.iemj.org\\\/de\\\/une-collection-de-9-cds-publies-par-leuropaisches-zentrum-fur-judische-musik-ezjm-de-hanovre\\\/#breadcrumb\",\"itemListElement\":[{\"@type\":\"ListItem\",\"position\":1,\"name\":\"Accueil\",\"item\":\"https:\\\/\\\/www.iemj.org\\\/de\\\/\"},{\"@type\":\"ListItem\",\"position\":2,\"name\":\"Eine Sammlung von 9 CDs, herausgegeben vom Europaischen Zentrum f\u00fcr J\u00fcdische Musik (EZJM) in Hannover\"}]},{\"@type\":\"WebSite\",\"@id\":\"https:\\\/\\\/www.iemj.org\\\/de\\\/#website\",\"url\":\"https:\\\/\\\/www.iemj.org\\\/de\\\/\",\"name\":\"Institut Europ\u00e9en des Musiques Juives\",\"description\":\"Des traditions musicales \u00e0 la port\u00e9e de tous\",\"publisher\":{\"@id\":\"https:\\\/\\\/www.iemj.org\\\/de\\\/#organization\"},\"potentialAction\":[{\"@type\":\"SearchAction\",\"target\":{\"@type\":\"EntryPoint\",\"urlTemplate\":\"https:\\\/\\\/www.iemj.org\\\/de\\\/?s={search_term_string}\"},\"query-input\":{\"@type\":\"PropertyValueSpecification\",\"valueRequired\":true,\"valueName\":\"search_term_string\"}}],\"inLanguage\":\"de\"},{\"@type\":\"Organization\",\"@id\":\"https:\\\/\\\/www.iemj.org\\\/de\\\/#organization\",\"name\":\"Institut Europ\u00e9en des Musiques Juives\",\"url\":\"https:\\\/\\\/www.iemj.org\\\/de\\\/\",\"logo\":{\"@type\":\"ImageObject\",\"inLanguage\":\"de\",\"@id\":\"https:\\\/\\\/www.iemj.org\\\/de\\\/#\\\/schema\\\/logo\\\/image\\\/\",\"url\":\"https:\\\/\\\/www.iemj.org\\\/wp-content\\\/uploads\\\/2021\\\/09\\\/Logo-IEMJ-Paypal.jpg\",\"contentUrl\":\"https:\\\/\\\/www.iemj.org\\\/wp-content\\\/uploads\\\/2021\\\/09\\\/Logo-IEMJ-Paypal.jpg\",\"width\":150,\"height\":50,\"caption\":\"Institut Europ\u00e9en des Musiques Juives\"},\"image\":{\"@id\":\"https:\\\/\\\/www.iemj.org\\\/de\\\/#\\\/schema\\\/logo\\\/image\\\/\"},\"sameAs\":[\"https:\\\/\\\/www.facebook.com\\\/MusiquesJuives\\\/\",\"https:\\\/\\\/www.instagram.com\\\/musiquesjuives\\\/\",\"https:\\\/\\\/www.youtube.com\\\/user\\\/musiquesjuives\"]},{\"@type\":\"Person\",\"@id\":\"https:\\\/\\\/www.iemj.org\\\/de\\\/#\\\/schema\\\/person\\\/906134402c29d5c76e7b726261dd4bbd\",\"name\":\"Herv\u00e9 Roten\",\"image\":{\"@type\":\"ImageObject\",\"inLanguage\":\"de\",\"@id\":\"https:\\\/\\\/secure.gravatar.com\\\/avatar\\\/f96ad2db538a26481f18384936b5cd0610c92d390c4dc382209216d455f685ff?s=96&d=mm&r=g\",\"url\":\"https:\\\/\\\/secure.gravatar.com\\\/avatar\\\/f96ad2db538a26481f18384936b5cd0610c92d390c4dc382209216d455f685ff?s=96&d=mm&r=g\",\"contentUrl\":\"https:\\\/\\\/secure.gravatar.com\\\/avatar\\\/f96ad2db538a26481f18384936b5cd0610c92d390c4dc382209216d455f685ff?s=96&d=mm&r=g\",\"caption\":\"Herv\u00e9 Roten\"}}]}<\/script>\n<!-- \/ Yoast SEO plugin. -->","yoast_head_json":{"title":"Eine Sammlung von 9 CDs, herausgegeben vom Europaischen Zentrum f\u00fcr J\u00fcdische Musik (EZJM) in Hannover - Institut Europ\u00e9en des Musiques Juives","robots":{"index":"index","follow":"follow","max-snippet":"max-snippet:-1","max-image-preview":"max-image-preview:large","max-video-preview":"max-video-preview:-1"},"canonical":"https:\/\/www.iemj.org\/de\/une-collection-de-9-cds-publies-par-leuropaisches-zentrum-fur-judische-musik-ezjm-de-hanovre\/","og_locale":"de_DE","og_type":"article","og_title":"Eine Sammlung von 9 CDs, herausgegeben vom Europaischen Zentrum f\u00fcr J\u00fcdische Musik (EZJM) in Hannover - Institut Europ\u00e9en des Musiques Juives","og_description":"Das 1988 von Andor Izs\u00e1k gegr\u00fcndete Europa\u00efsches Zentrum f\u00fcr J\u00fcdische Musik (EZJM) ist ein an die Universit\u00e4t Hannover angegliedertes Institut, das sich zum Ziel gesetzt hat, die j\u00fcdische liturgische Musik,","og_url":"https:\/\/www.iemj.org\/de\/une-collection-de-9-cds-publies-par-leuropaisches-zentrum-fur-judische-musik-ezjm-de-hanovre\/","og_site_name":"Institut Europ\u00e9en des Musiques Juives","article_publisher":"https:\/\/www.facebook.com\/MusiquesJuives\/","article_published_time":"2013-06-14T10:55:44+00:00","article_modified_time":"2025-10-20T14:09:56+00:00","og_image":[{"width":350,"height":341,"url":"https:\/\/www.iemj.org\/wp-content\/uploads\/2013\/06\/arton714-e1619625215998.jpg","type":"image\/jpeg"}],"author":"Herv\u00e9 Roten","twitter_card":"summary_large_image","twitter_misc":{"Verfasst von":"Herv\u00e9 Roten","Gesch\u00e4tzte Lesezeit":"2\u00a0Minuten"},"schema":{"@context":"https:\/\/schema.org","@graph":[{"@type":"Article","@id":"https:\/\/www.iemj.org\/de\/une-collection-de-9-cds-publies-par-leuropaisches-zentrum-fur-judische-musik-ezjm-de-hanovre\/#article","isPartOf":{"@id":"https:\/\/www.iemj.org\/de\/une-collection-de-9-cds-publies-par-leuropaisches-zentrum-fur-judische-musik-ezjm-de-hanovre\/"},"author":{"name":"Herv\u00e9 Roten","@id":"https:\/\/www.iemj.org\/de\/#\/schema\/person\/906134402c29d5c76e7b726261dd4bbd"},"headline":"Eine Sammlung von 9 CDs, herausgegeben vom Europaischen Zentrum f\u00fcr J\u00fcdische Musik (EZJM) in Hannover","datePublished":"2013-06-14T10:55:44+00:00","dateModified":"2025-10-20T14:09:56+00:00","mainEntityOfPage":{"@id":"https:\/\/www.iemj.org\/de\/une-collection-de-9-cds-publies-par-leuropaisches-zentrum-fur-judische-musik-ezjm-de-hanovre\/"},"wordCount":232,"publisher":{"@id":"https:\/\/www.iemj.org\/de\/#organization"},"image":{"@id":"https:\/\/www.iemj.org\/de\/une-collection-de-9-cds-publies-par-leuropaisches-zentrum-fur-judische-musik-ezjm-de-hanovre\/#primaryimage"},"thumbnailUrl":"https:\/\/www.iemj.org\/wp-content\/uploads\/2013\/06\/arton714-e1619625215998.jpg","keywords":["Deutschland"],"articleSection":["CD","Letzte Neuerwerbungen"],"inLanguage":"de"},{"@type":"WebPage","@id":"https:\/\/www.iemj.org\/de\/une-collection-de-9-cds-publies-par-leuropaisches-zentrum-fur-judische-musik-ezjm-de-hanovre\/","url":"https:\/\/www.iemj.org\/de\/une-collection-de-9-cds-publies-par-leuropaisches-zentrum-fur-judische-musik-ezjm-de-hanovre\/","name":"Eine Sammlung von 9 CDs, herausgegeben vom Europaischen Zentrum f\u00fcr J\u00fcdische Musik (EZJM) in Hannover - Institut Europ\u00e9en des Musiques Juives","isPartOf":{"@id":"https:\/\/www.iemj.org\/de\/#website"},"primaryImageOfPage":{"@id":"https:\/\/www.iemj.org\/de\/une-collection-de-9-cds-publies-par-leuropaisches-zentrum-fur-judische-musik-ezjm-de-hanovre\/#primaryimage"},"image":{"@id":"https:\/\/www.iemj.org\/de\/une-collection-de-9-cds-publies-par-leuropaisches-zentrum-fur-judische-musik-ezjm-de-hanovre\/#primaryimage"},"thumbnailUrl":"https:\/\/www.iemj.org\/wp-content\/uploads\/2013\/06\/arton714-e1619625215998.jpg","datePublished":"2013-06-14T10:55:44+00:00","dateModified":"2025-10-20T14:09:56+00:00","breadcrumb":{"@id":"https:\/\/www.iemj.org\/de\/une-collection-de-9-cds-publies-par-leuropaisches-zentrum-fur-judische-musik-ezjm-de-hanovre\/#breadcrumb"},"inLanguage":"de","potentialAction":[{"@type":"ReadAction","target":["https:\/\/www.iemj.org\/de\/une-collection-de-9-cds-publies-par-leuropaisches-zentrum-fur-judische-musik-ezjm-de-hanovre\/"]}]},{"@type":"ImageObject","inLanguage":"de","@id":"https:\/\/www.iemj.org\/de\/une-collection-de-9-cds-publies-par-leuropaisches-zentrum-fur-judische-musik-ezjm-de-hanovre\/#primaryimage","url":"https:\/\/www.iemj.org\/wp-content\/uploads\/2013\/06\/arton714-e1619625215998.jpg","contentUrl":"https:\/\/www.iemj.org\/wp-content\/uploads\/2013\/06\/arton714-e1619625215998.jpg","width":350,"height":341},{"@type":"BreadcrumbList","@id":"https:\/\/www.iemj.org\/de\/une-collection-de-9-cds-publies-par-leuropaisches-zentrum-fur-judische-musik-ezjm-de-hanovre\/#breadcrumb","itemListElement":[{"@type":"ListItem","position":1,"name":"Accueil","item":"https:\/\/www.iemj.org\/de\/"},{"@type":"ListItem","position":2,"name":"Eine Sammlung von 9 CDs, herausgegeben vom Europaischen Zentrum f\u00fcr J\u00fcdische Musik (EZJM) in Hannover"}]},{"@type":"WebSite","@id":"https:\/\/www.iemj.org\/de\/#website","url":"https:\/\/www.iemj.org\/de\/","name":"Institut Europ\u00e9en des Musiques Juives","description":"Des traditions musicales \u00e0 la port\u00e9e de tous","publisher":{"@id":"https:\/\/www.iemj.org\/de\/#organization"},"potentialAction":[{"@type":"SearchAction","target":{"@type":"EntryPoint","urlTemplate":"https:\/\/www.iemj.org\/de\/?s={search_term_string}"},"query-input":{"@type":"PropertyValueSpecification","valueRequired":true,"valueName":"search_term_string"}}],"inLanguage":"de"},{"@type":"Organization","@id":"https:\/\/www.iemj.org\/de\/#organization","name":"Institut Europ\u00e9en des Musiques Juives","url":"https:\/\/www.iemj.org\/de\/","logo":{"@type":"ImageObject","inLanguage":"de","@id":"https:\/\/www.iemj.org\/de\/#\/schema\/logo\/image\/","url":"https:\/\/www.iemj.org\/wp-content\/uploads\/2021\/09\/Logo-IEMJ-Paypal.jpg","contentUrl":"https:\/\/www.iemj.org\/wp-content\/uploads\/2021\/09\/Logo-IEMJ-Paypal.jpg","width":150,"height":50,"caption":"Institut Europ\u00e9en des Musiques Juives"},"image":{"@id":"https:\/\/www.iemj.org\/de\/#\/schema\/logo\/image\/"},"sameAs":["https:\/\/www.facebook.com\/MusiquesJuives\/","https:\/\/www.instagram.com\/musiquesjuives\/","https:\/\/www.youtube.com\/user\/musiquesjuives"]},{"@type":"Person","@id":"https:\/\/www.iemj.org\/de\/#\/schema\/person\/906134402c29d5c76e7b726261dd4bbd","name":"Herv\u00e9 Roten","image":{"@type":"ImageObject","inLanguage":"de","@id":"https:\/\/secure.gravatar.com\/avatar\/f96ad2db538a26481f18384936b5cd0610c92d390c4dc382209216d455f685ff?s=96&d=mm&r=g","url":"https:\/\/secure.gravatar.com\/avatar\/f96ad2db538a26481f18384936b5cd0610c92d390c4dc382209216d455f685ff?s=96&d=mm&r=g","contentUrl":"https:\/\/secure.gravatar.com\/avatar\/f96ad2db538a26481f18384936b5cd0610c92d390c4dc382209216d455f685ff?s=96&d=mm&r=g","caption":"Herv\u00e9 Roten"}}]}},"_links":{"self":[{"href":"https:\/\/www.iemj.org\/de\/wp-json\/wp\/v2\/posts\/100354","targetHints":{"allow":["GET"]}}],"collection":[{"href":"https:\/\/www.iemj.org\/de\/wp-json\/wp\/v2\/posts"}],"about":[{"href":"https:\/\/www.iemj.org\/de\/wp-json\/wp\/v2\/types\/post"}],"author":[{"embeddable":true,"href":"https:\/\/www.iemj.org\/de\/wp-json\/wp\/v2\/users\/1045"}],"replies":[{"embeddable":true,"href":"https:\/\/www.iemj.org\/de\/wp-json\/wp\/v2\/comments?post=100354"}],"version-history":[{"count":1,"href":"https:\/\/www.iemj.org\/de\/wp-json\/wp\/v2\/posts\/100354\/revisions"}],"predecessor-version":[{"id":127401,"href":"https:\/\/www.iemj.org\/de\/wp-json\/wp\/v2\/posts\/100354\/revisions\/127401"}],"wp:featuredmedia":[{"embeddable":true,"href":"https:\/\/www.iemj.org\/de\/wp-json\/wp\/v2\/media\/38530"}],"wp:attachment":[{"href":"https:\/\/www.iemj.org\/de\/wp-json\/wp\/v2\/media?parent=100354"}],"wp:term":[{"taxonomy":"category","embeddable":true,"href":"https:\/\/www.iemj.org\/de\/wp-json\/wp\/v2\/categories?post=100354"},{"taxonomy":"post_tag","embeddable":true,"href":"https:\/\/www.iemj.org\/de\/wp-json\/wp\/v2\/tags?post=100354"},{"taxonomy":"technique","embeddable":true,"href":"https:\/\/www.iemj.org\/de\/wp-json\/wp\/v2\/technique?post=100354"},{"taxonomy":"squelettes","embeddable":true,"href":"https:\/\/www.iemj.org\/de\/wp-json\/wp\/v2\/squelettes?post=100354"},{"taxonomy":"sujet","embeddable":true,"href":"https:\/\/www.iemj.org\/de\/wp-json\/wp\/v2\/sujet?post=100354"},{"taxonomy":"formation","embeddable":true,"href":"https:\/\/www.iemj.org\/de\/wp-json\/wp\/v2\/formation?post=100354"},{"taxonomy":"genre","embeddable":true,"href":"https:\/\/www.iemj.org\/de\/wp-json\/wp\/v2\/genre?post=100354"},{"taxonomy":"fonds","embeddable":true,"href":"https:\/\/www.iemj.org\/de\/wp-json\/wp\/v2\/fonds?post=100354"},{"taxonomy":"tradition","embeddable":true,"href":"https:\/\/www.iemj.org\/de\/wp-json\/wp\/v2\/tradition?post=100354"},{"taxonomy":"type-de-contenu","embeddable":true,"href":"https:\/\/www.iemj.org\/de\/wp-json\/wp\/v2\/type-de-contenu?post=100354"},{"taxonomy":"interprete-compositeur","embeddable":true,"href":"https:\/\/www.iemj.org\/de\/wp-json\/wp\/v2\/interprete-compositeur?post=100354"},{"taxonomy":"frise","embeddable":true,"href":"https:\/\/www.iemj.org\/de\/wp-json\/wp\/v2\/frise?post=100354"},{"taxonomy":"type-devenement","embeddable":true,"href":"https:\/\/www.iemj.org\/de\/wp-json\/wp\/v2\/type-devenement?post=100354"},{"taxonomy":"tableaux-liens-externes","embeddable":true,"href":"https:\/\/www.iemj.org\/de\/wp-json\/wp\/v2\/tableaux-liens-externes?post=100354"}],"curies":[{"name":"wp","href":"https:\/\/api.w.org\/{rel}","templated":true}]}}