{"id":100561,"date":"2012-05-06T11:57:43","date_gmt":"2012-05-06T09:57:43","guid":{"rendered":"https:\/\/www.iemj.org\/cheikh-raymond-anthologie-enregistrements-originaux-1937-1961\/"},"modified":"2025-10-20T13:16:08","modified_gmt":"2025-10-20T11:16:08","slug":"cheikh-raymond-anthologie-enregistrements-originaux-1937-1961","status":"publish","type":"post","link":"https:\/\/www.iemj.org\/de\/cheikh-raymond-anthologie-enregistrements-originaux-1937-1961\/","title":{"rendered":"Cheikh Raymond &#8211; Anthologie"},"content":{"rendered":"<p>Universal Classics &amp; Jazz France, 2011<\/p>\n<p><!--more--><\/p>\n<p>Seit seinem Tod am 22. Juni 1961 schwankten die Originalplatten von Cheikh Raymond Leyris vom Status eines Relikts zum Mythos. In Frankreich hielten Exilanten aus einem verlorenen Land alte Vinylplatten in Ehren, und manchmal h\u00f6rte man im Gemeinschaftsradio oder in einem melancholischen Dokumentarfilm eine erhabene Stimme aus dem ehrw\u00fcrdigen Knacken einer veralteten 78er-LP hervorkommen.<\/p>\n<p><a href=\"https:\/\/www.iemj.org\/de\/cheikh-raymond-1912-1961\/\" target=\"_blank\" rel=\"noopener\">Cheikh Raymond<\/a> war der gro\u00dfe Architekt der Wiederbelebung der arabisch-andalusischen Musik aus Konstantinopel, des Malouf. Heute vereint eine Anthologie auf 3 CDs seine Aufnahmen, die zwischen 1937 und 1961 entstanden sind. So kann die Stimme mit dem etwas nasalen Timbre und den luftigen Melismen von Cheikh Raymond wieder zu Geh\u00f6r gebracht werden. So k\u00f6nnen seine Musikst\u00fccke, die mit der Pr\u00e4zision eines Goldschmieds gemei\u00dfelt und mit der Inbrunst eines Musikers, der sich ganz seiner Kunst verschrieben hat, vorgetragen werden, wieder ihr Aroma verstr\u00f6men.<\/p>\n<p>Geschichtsinteressierte kommen ebenfalls auf ihre Kosten, da die Neuauflage mit einer spannenden Biografie einhergeht, die das Leben des Musikers vor dem schmerzhaften Hintergrund des Endes der franz\u00f6sischen Kolonialzeit darstellt. Der Autor Bertrand Dicale stellt alle Zutaten zusammen, die den explosiven Cocktail bilden, der zur Ermordung von Cheikh Raymond f\u00fchrt. Bei der Lekt\u00fcre dieses Berichts wird einem die ganze Absurdit\u00e4t und der ganze Skandal bewusst. Der Mord an einem Mann, der f\u00fcr seine politische Haltung nicht bekannt war und der beim Volk beliebt war und in Harmonie mit allen Gemeinschaften lebte, wurde nie erkl\u00e4rt oder erkl\u00e4rt, sondern war der Beweis daf\u00fcr, dass ein Punkt ohne Wiederkehr erreicht worden war. Zweifellos die grausamste und endg\u00fcltigste Ehrung, die je einem Musiker zuteil wurde.<\/p>\n<p><a href=\"https:\/\/www.iemj.org\/de\/cheikh-raymond-1912-1961\/\" target=\"_blank\" rel=\"noopener\">Mehr \u00fcber Cheikh Raymond<\/a><\/p>\n\n<div class=\"wp-block-image\">\n<figure class=\"aligncenter size-large\"><img fetchpriority=\"high\" decoding=\"async\" width=\"1024\" height=\"133\" src=\"https:\/\/www.iemj.org\/wp-content\/uploads\/2024\/03\/AUDIO-PLAYER-1024x133.png\" alt=\"\" class=\"wp-image-110606\" srcset=\"https:\/\/www.iemj.org\/wp-content\/uploads\/2024\/03\/AUDIO-PLAYER-1024x133.png 1024w, https:\/\/www.iemj.org\/wp-content\/uploads\/2024\/03\/AUDIO-PLAYER-300x39.png 300w, https:\/\/www.iemj.org\/wp-content\/uploads\/2024\/03\/AUDIO-PLAYER-768x100.png 768w, https:\/\/www.iemj.org\/wp-content\/uploads\/2024\/03\/AUDIO-PLAYER-600x78.png 600w, https:\/\/www.iemj.org\/wp-content\/uploads\/2024\/03\/AUDIO-PLAYER.png 1210w\" sizes=\"(max-width: 1024px) 100vw, 1024px\" \/><\/figure>\n<\/div>\n\n\n<div class=\"wp-block-file\"><a id=\"wp-block-file--media-61b18014-d9d3-4fd1-8cd0-70ea2eea9c56\" href=\"https:\/\/www.iemj.org\/wp-content\/uploads\/2012\/05\/el_boghi_ext.mp3\">El Boghi<\/a><\/div>\n\n\n\n<div class=\"wp-block-file\"><a id=\"wp-block-file--media-8a299634-76da-4ef7-81e1-d4939058e944\" href=\"https:\/\/www.iemj.org\/wp-content\/uploads\/2012\/05\/el_ouerd_ext.mp3\">El Ouerd<\/a><\/div>\n\n\n\n<div class=\"wp-block-file\"><a id=\"wp-block-file--media-7acf64ce-e74c-49fa-a08f-f1b49e3e8255\" href=\"https:\/\/www.iemj.org\/wp-content\/uploads\/2012\/05\/saiqua_ext.mp3\">Saiqua<\/a><\/div>\n","protected":false},"excerpt":{"rendered":"<p>Universal Classics &amp; Jazz France, 2011<\/p>\n","protected":false},"author":1045,"featured_media":100563,"comment_status":"closed","ping_status":"closed","sticky":false,"template":"","format":"standard","meta":{"_acf_changed":false,"footnotes":""},"categories":[1571,1561],"tags":[],"technique":[],"squelettes":[],"sujet":[],"formation":[],"genre":[1914],"fonds":[],"tradition":[],"type-de-contenu":[],"interprete-compositeur":[3118],"frise":[],"type-devenement":[],"tableaux-liens-externes":[],"class_list":["post-100561","post","type-post","status-publish","format-standard","has-post-thumbnail","hentry","category-cd-de","category-letzte-neuerwerbungen-de","genre-oriental-de","interprete-compositeur-cheikh-raymond-de"],"acf":[],"yoast_head":"<!-- This site is optimized with the Yoast SEO plugin v27.3 - https:\/\/yoast.com\/product\/yoast-seo-wordpress\/ -->\n<title>Cheikh Raymond - Anthologie - Institut Europ\u00e9en des Musiques Juives<\/title>\n<meta name=\"robots\" content=\"index, follow, max-snippet:-1, max-image-preview:large, max-video-preview:-1\" \/>\n<link rel=\"canonical\" href=\"https:\/\/www.iemj.org\/de\/cheikh-raymond-anthologie-enregistrements-originaux-1937-1961\/\" \/>\n<meta property=\"og:locale\" content=\"de_DE\" \/>\n<meta property=\"og:type\" content=\"article\" \/>\n<meta property=\"og:title\" content=\"Cheikh Raymond - Anthologie - Institut Europ\u00e9en des Musiques Juives\" \/>\n<meta property=\"og:description\" content=\"Universal Classics &amp; Jazz France, 2011\" \/>\n<meta property=\"og:url\" content=\"https:\/\/www.iemj.org\/de\/cheikh-raymond-anthologie-enregistrements-originaux-1937-1961\/\" \/>\n<meta property=\"og:site_name\" content=\"Institut Europ\u00e9en des Musiques Juives\" \/>\n<meta property=\"article:publisher\" content=\"https:\/\/www.facebook.com\/MusiquesJuives\/\" \/>\n<meta property=\"article:published_time\" content=\"2012-05-06T09:57:43+00:00\" \/>\n<meta property=\"article:modified_time\" content=\"2025-10-20T11:16:08+00:00\" \/>\n<meta property=\"og:image\" content=\"https:\/\/www.iemj.org\/wp-content\/uploads\/2012\/05\/arton458-e1619718480557.jpg\" \/>\n\t<meta property=\"og:image:width\" content=\"350\" \/>\n\t<meta property=\"og:image:height\" content=\"318\" \/>\n\t<meta property=\"og:image:type\" content=\"image\/jpeg\" \/>\n<meta name=\"author\" content=\"Herv\u00e9 Roten\" \/>\n<meta name=\"twitter:card\" content=\"summary_large_image\" \/>\n<meta name=\"twitter:label1\" content=\"Verfasst von\" \/>\n\t<meta name=\"twitter:data1\" content=\"Herv\u00e9 Roten\" \/>\n\t<meta name=\"twitter:label2\" content=\"Gesch\u00e4tzte Lesezeit\" \/>\n\t<meta name=\"twitter:data2\" content=\"2\u00a0Minuten\" \/>\n<script type=\"application\/ld+json\" class=\"yoast-schema-graph\">{\"@context\":\"https:\\\/\\\/schema.org\",\"@graph\":[{\"@type\":\"Article\",\"@id\":\"https:\\\/\\\/www.iemj.org\\\/de\\\/cheikh-raymond-anthologie-enregistrements-originaux-1937-1961\\\/#article\",\"isPartOf\":{\"@id\":\"https:\\\/\\\/www.iemj.org\\\/de\\\/cheikh-raymond-anthologie-enregistrements-originaux-1937-1961\\\/\"},\"author\":{\"name\":\"Herv\u00e9 Roten\",\"@id\":\"https:\\\/\\\/www.iemj.org\\\/de\\\/#\\\/schema\\\/person\\\/906134402c29d5c76e7b726261dd4bbd\"},\"headline\":\"Cheikh Raymond &#8211; Anthologie\",\"datePublished\":\"2012-05-06T09:57:43+00:00\",\"dateModified\":\"2025-10-20T11:16:08+00:00\",\"mainEntityOfPage\":{\"@id\":\"https:\\\/\\\/www.iemj.org\\\/de\\\/cheikh-raymond-anthologie-enregistrements-originaux-1937-1961\\\/\"},\"wordCount\":287,\"publisher\":{\"@id\":\"https:\\\/\\\/www.iemj.org\\\/de\\\/#organization\"},\"image\":{\"@id\":\"https:\\\/\\\/www.iemj.org\\\/de\\\/cheikh-raymond-anthologie-enregistrements-originaux-1937-1961\\\/#primaryimage\"},\"thumbnailUrl\":\"https:\\\/\\\/www.iemj.org\\\/wp-content\\\/uploads\\\/2012\\\/05\\\/arton458-e1619718480557.jpg\",\"articleSection\":[\"CD\",\"Letzte Neuerwerbungen\"],\"inLanguage\":\"de\"},{\"@type\":\"WebPage\",\"@id\":\"https:\\\/\\\/www.iemj.org\\\/de\\\/cheikh-raymond-anthologie-enregistrements-originaux-1937-1961\\\/\",\"url\":\"https:\\\/\\\/www.iemj.org\\\/de\\\/cheikh-raymond-anthologie-enregistrements-originaux-1937-1961\\\/\",\"name\":\"Cheikh Raymond - Anthologie - Institut Europ\u00e9en des Musiques Juives\",\"isPartOf\":{\"@id\":\"https:\\\/\\\/www.iemj.org\\\/de\\\/#website\"},\"primaryImageOfPage\":{\"@id\":\"https:\\\/\\\/www.iemj.org\\\/de\\\/cheikh-raymond-anthologie-enregistrements-originaux-1937-1961\\\/#primaryimage\"},\"image\":{\"@id\":\"https:\\\/\\\/www.iemj.org\\\/de\\\/cheikh-raymond-anthologie-enregistrements-originaux-1937-1961\\\/#primaryimage\"},\"thumbnailUrl\":\"https:\\\/\\\/www.iemj.org\\\/wp-content\\\/uploads\\\/2012\\\/05\\\/arton458-e1619718480557.jpg\",\"datePublished\":\"2012-05-06T09:57:43+00:00\",\"dateModified\":\"2025-10-20T11:16:08+00:00\",\"breadcrumb\":{\"@id\":\"https:\\\/\\\/www.iemj.org\\\/de\\\/cheikh-raymond-anthologie-enregistrements-originaux-1937-1961\\\/#breadcrumb\"},\"inLanguage\":\"de\",\"potentialAction\":[{\"@type\":\"ReadAction\",\"target\":[\"https:\\\/\\\/www.iemj.org\\\/de\\\/cheikh-raymond-anthologie-enregistrements-originaux-1937-1961\\\/\"]}]},{\"@type\":\"ImageObject\",\"inLanguage\":\"de\",\"@id\":\"https:\\\/\\\/www.iemj.org\\\/de\\\/cheikh-raymond-anthologie-enregistrements-originaux-1937-1961\\\/#primaryimage\",\"url\":\"https:\\\/\\\/www.iemj.org\\\/wp-content\\\/uploads\\\/2012\\\/05\\\/arton458-e1619718480557.jpg\",\"contentUrl\":\"https:\\\/\\\/www.iemj.org\\\/wp-content\\\/uploads\\\/2012\\\/05\\\/arton458-e1619718480557.jpg\",\"width\":350,\"height\":318},{\"@type\":\"BreadcrumbList\",\"@id\":\"https:\\\/\\\/www.iemj.org\\\/de\\\/cheikh-raymond-anthologie-enregistrements-originaux-1937-1961\\\/#breadcrumb\",\"itemListElement\":[{\"@type\":\"ListItem\",\"position\":1,\"name\":\"Accueil\",\"item\":\"https:\\\/\\\/www.iemj.org\\\/de\\\/\"},{\"@type\":\"ListItem\",\"position\":2,\"name\":\"Cheikh Raymond &#8211; Anthologie\"}]},{\"@type\":\"WebSite\",\"@id\":\"https:\\\/\\\/www.iemj.org\\\/de\\\/#website\",\"url\":\"https:\\\/\\\/www.iemj.org\\\/de\\\/\",\"name\":\"Institut Europ\u00e9en des Musiques Juives\",\"description\":\"Des traditions musicales \u00e0 la port\u00e9e de tous\",\"publisher\":{\"@id\":\"https:\\\/\\\/www.iemj.org\\\/de\\\/#organization\"},\"potentialAction\":[{\"@type\":\"SearchAction\",\"target\":{\"@type\":\"EntryPoint\",\"urlTemplate\":\"https:\\\/\\\/www.iemj.org\\\/de\\\/?s={search_term_string}\"},\"query-input\":{\"@type\":\"PropertyValueSpecification\",\"valueRequired\":true,\"valueName\":\"search_term_string\"}}],\"inLanguage\":\"de\"},{\"@type\":\"Organization\",\"@id\":\"https:\\\/\\\/www.iemj.org\\\/de\\\/#organization\",\"name\":\"Institut Europ\u00e9en des Musiques Juives\",\"url\":\"https:\\\/\\\/www.iemj.org\\\/de\\\/\",\"logo\":{\"@type\":\"ImageObject\",\"inLanguage\":\"de\",\"@id\":\"https:\\\/\\\/www.iemj.org\\\/de\\\/#\\\/schema\\\/logo\\\/image\\\/\",\"url\":\"https:\\\/\\\/www.iemj.org\\\/wp-content\\\/uploads\\\/2021\\\/09\\\/Logo-IEMJ-Paypal.jpg\",\"contentUrl\":\"https:\\\/\\\/www.iemj.org\\\/wp-content\\\/uploads\\\/2021\\\/09\\\/Logo-IEMJ-Paypal.jpg\",\"width\":150,\"height\":50,\"caption\":\"Institut Europ\u00e9en des Musiques Juives\"},\"image\":{\"@id\":\"https:\\\/\\\/www.iemj.org\\\/de\\\/#\\\/schema\\\/logo\\\/image\\\/\"},\"sameAs\":[\"https:\\\/\\\/www.facebook.com\\\/MusiquesJuives\\\/\",\"https:\\\/\\\/www.instagram.com\\\/musiquesjuives\\\/\",\"https:\\\/\\\/www.youtube.com\\\/user\\\/musiquesjuives\"]},{\"@type\":\"Person\",\"@id\":\"https:\\\/\\\/www.iemj.org\\\/de\\\/#\\\/schema\\\/person\\\/906134402c29d5c76e7b726261dd4bbd\",\"name\":\"Herv\u00e9 Roten\",\"image\":{\"@type\":\"ImageObject\",\"inLanguage\":\"de\",\"@id\":\"https:\\\/\\\/secure.gravatar.com\\\/avatar\\\/f96ad2db538a26481f18384936b5cd0610c92d390c4dc382209216d455f685ff?s=96&d=mm&r=g\",\"url\":\"https:\\\/\\\/secure.gravatar.com\\\/avatar\\\/f96ad2db538a26481f18384936b5cd0610c92d390c4dc382209216d455f685ff?s=96&d=mm&r=g\",\"contentUrl\":\"https:\\\/\\\/secure.gravatar.com\\\/avatar\\\/f96ad2db538a26481f18384936b5cd0610c92d390c4dc382209216d455f685ff?s=96&d=mm&r=g\",\"caption\":\"Herv\u00e9 Roten\"}}]}<\/script>\n<!-- \/ Yoast SEO plugin. -->","yoast_head_json":{"title":"Cheikh Raymond - Anthologie - Institut Europ\u00e9en des Musiques Juives","robots":{"index":"index","follow":"follow","max-snippet":"max-snippet:-1","max-image-preview":"max-image-preview:large","max-video-preview":"max-video-preview:-1"},"canonical":"https:\/\/www.iemj.org\/de\/cheikh-raymond-anthologie-enregistrements-originaux-1937-1961\/","og_locale":"de_DE","og_type":"article","og_title":"Cheikh Raymond - Anthologie - Institut Europ\u00e9en des Musiques Juives","og_description":"Universal Classics &amp; Jazz France, 2011","og_url":"https:\/\/www.iemj.org\/de\/cheikh-raymond-anthologie-enregistrements-originaux-1937-1961\/","og_site_name":"Institut Europ\u00e9en des Musiques Juives","article_publisher":"https:\/\/www.facebook.com\/MusiquesJuives\/","article_published_time":"2012-05-06T09:57:43+00:00","article_modified_time":"2025-10-20T11:16:08+00:00","og_image":[{"width":350,"height":318,"url":"https:\/\/www.iemj.org\/wp-content\/uploads\/2012\/05\/arton458-e1619718480557.jpg","type":"image\/jpeg"}],"author":"Herv\u00e9 Roten","twitter_card":"summary_large_image","twitter_misc":{"Verfasst von":"Herv\u00e9 Roten","Gesch\u00e4tzte Lesezeit":"2\u00a0Minuten"},"schema":{"@context":"https:\/\/schema.org","@graph":[{"@type":"Article","@id":"https:\/\/www.iemj.org\/de\/cheikh-raymond-anthologie-enregistrements-originaux-1937-1961\/#article","isPartOf":{"@id":"https:\/\/www.iemj.org\/de\/cheikh-raymond-anthologie-enregistrements-originaux-1937-1961\/"},"author":{"name":"Herv\u00e9 Roten","@id":"https:\/\/www.iemj.org\/de\/#\/schema\/person\/906134402c29d5c76e7b726261dd4bbd"},"headline":"Cheikh Raymond &#8211; Anthologie","datePublished":"2012-05-06T09:57:43+00:00","dateModified":"2025-10-20T11:16:08+00:00","mainEntityOfPage":{"@id":"https:\/\/www.iemj.org\/de\/cheikh-raymond-anthologie-enregistrements-originaux-1937-1961\/"},"wordCount":287,"publisher":{"@id":"https:\/\/www.iemj.org\/de\/#organization"},"image":{"@id":"https:\/\/www.iemj.org\/de\/cheikh-raymond-anthologie-enregistrements-originaux-1937-1961\/#primaryimage"},"thumbnailUrl":"https:\/\/www.iemj.org\/wp-content\/uploads\/2012\/05\/arton458-e1619718480557.jpg","articleSection":["CD","Letzte Neuerwerbungen"],"inLanguage":"de"},{"@type":"WebPage","@id":"https:\/\/www.iemj.org\/de\/cheikh-raymond-anthologie-enregistrements-originaux-1937-1961\/","url":"https:\/\/www.iemj.org\/de\/cheikh-raymond-anthologie-enregistrements-originaux-1937-1961\/","name":"Cheikh Raymond - Anthologie - Institut Europ\u00e9en des Musiques Juives","isPartOf":{"@id":"https:\/\/www.iemj.org\/de\/#website"},"primaryImageOfPage":{"@id":"https:\/\/www.iemj.org\/de\/cheikh-raymond-anthologie-enregistrements-originaux-1937-1961\/#primaryimage"},"image":{"@id":"https:\/\/www.iemj.org\/de\/cheikh-raymond-anthologie-enregistrements-originaux-1937-1961\/#primaryimage"},"thumbnailUrl":"https:\/\/www.iemj.org\/wp-content\/uploads\/2012\/05\/arton458-e1619718480557.jpg","datePublished":"2012-05-06T09:57:43+00:00","dateModified":"2025-10-20T11:16:08+00:00","breadcrumb":{"@id":"https:\/\/www.iemj.org\/de\/cheikh-raymond-anthologie-enregistrements-originaux-1937-1961\/#breadcrumb"},"inLanguage":"de","potentialAction":[{"@type":"ReadAction","target":["https:\/\/www.iemj.org\/de\/cheikh-raymond-anthologie-enregistrements-originaux-1937-1961\/"]}]},{"@type":"ImageObject","inLanguage":"de","@id":"https:\/\/www.iemj.org\/de\/cheikh-raymond-anthologie-enregistrements-originaux-1937-1961\/#primaryimage","url":"https:\/\/www.iemj.org\/wp-content\/uploads\/2012\/05\/arton458-e1619718480557.jpg","contentUrl":"https:\/\/www.iemj.org\/wp-content\/uploads\/2012\/05\/arton458-e1619718480557.jpg","width":350,"height":318},{"@type":"BreadcrumbList","@id":"https:\/\/www.iemj.org\/de\/cheikh-raymond-anthologie-enregistrements-originaux-1937-1961\/#breadcrumb","itemListElement":[{"@type":"ListItem","position":1,"name":"Accueil","item":"https:\/\/www.iemj.org\/de\/"},{"@type":"ListItem","position":2,"name":"Cheikh Raymond &#8211; Anthologie"}]},{"@type":"WebSite","@id":"https:\/\/www.iemj.org\/de\/#website","url":"https:\/\/www.iemj.org\/de\/","name":"Institut Europ\u00e9en des Musiques Juives","description":"Des traditions musicales \u00e0 la port\u00e9e de tous","publisher":{"@id":"https:\/\/www.iemj.org\/de\/#organization"},"potentialAction":[{"@type":"SearchAction","target":{"@type":"EntryPoint","urlTemplate":"https:\/\/www.iemj.org\/de\/?s={search_term_string}"},"query-input":{"@type":"PropertyValueSpecification","valueRequired":true,"valueName":"search_term_string"}}],"inLanguage":"de"},{"@type":"Organization","@id":"https:\/\/www.iemj.org\/de\/#organization","name":"Institut Europ\u00e9en des Musiques Juives","url":"https:\/\/www.iemj.org\/de\/","logo":{"@type":"ImageObject","inLanguage":"de","@id":"https:\/\/www.iemj.org\/de\/#\/schema\/logo\/image\/","url":"https:\/\/www.iemj.org\/wp-content\/uploads\/2021\/09\/Logo-IEMJ-Paypal.jpg","contentUrl":"https:\/\/www.iemj.org\/wp-content\/uploads\/2021\/09\/Logo-IEMJ-Paypal.jpg","width":150,"height":50,"caption":"Institut Europ\u00e9en des Musiques Juives"},"image":{"@id":"https:\/\/www.iemj.org\/de\/#\/schema\/logo\/image\/"},"sameAs":["https:\/\/www.facebook.com\/MusiquesJuives\/","https:\/\/www.instagram.com\/musiquesjuives\/","https:\/\/www.youtube.com\/user\/musiquesjuives"]},{"@type":"Person","@id":"https:\/\/www.iemj.org\/de\/#\/schema\/person\/906134402c29d5c76e7b726261dd4bbd","name":"Herv\u00e9 Roten","image":{"@type":"ImageObject","inLanguage":"de","@id":"https:\/\/secure.gravatar.com\/avatar\/f96ad2db538a26481f18384936b5cd0610c92d390c4dc382209216d455f685ff?s=96&d=mm&r=g","url":"https:\/\/secure.gravatar.com\/avatar\/f96ad2db538a26481f18384936b5cd0610c92d390c4dc382209216d455f685ff?s=96&d=mm&r=g","contentUrl":"https:\/\/secure.gravatar.com\/avatar\/f96ad2db538a26481f18384936b5cd0610c92d390c4dc382209216d455f685ff?s=96&d=mm&r=g","caption":"Herv\u00e9 Roten"}}]}},"_links":{"self":[{"href":"https:\/\/www.iemj.org\/de\/wp-json\/wp\/v2\/posts\/100561","targetHints":{"allow":["GET"]}}],"collection":[{"href":"https:\/\/www.iemj.org\/de\/wp-json\/wp\/v2\/posts"}],"about":[{"href":"https:\/\/www.iemj.org\/de\/wp-json\/wp\/v2\/types\/post"}],"author":[{"embeddable":true,"href":"https:\/\/www.iemj.org\/de\/wp-json\/wp\/v2\/users\/1045"}],"replies":[{"embeddable":true,"href":"https:\/\/www.iemj.org\/de\/wp-json\/wp\/v2\/comments?post=100561"}],"version-history":[{"count":1,"href":"https:\/\/www.iemj.org\/de\/wp-json\/wp\/v2\/posts\/100561\/revisions"}],"predecessor-version":[{"id":127336,"href":"https:\/\/www.iemj.org\/de\/wp-json\/wp\/v2\/posts\/100561\/revisions\/127336"}],"wp:featuredmedia":[{"embeddable":true,"href":"https:\/\/www.iemj.org\/de\/wp-json\/wp\/v2\/media\/100563"}],"wp:attachment":[{"href":"https:\/\/www.iemj.org\/de\/wp-json\/wp\/v2\/media?parent=100561"}],"wp:term":[{"taxonomy":"category","embeddable":true,"href":"https:\/\/www.iemj.org\/de\/wp-json\/wp\/v2\/categories?post=100561"},{"taxonomy":"post_tag","embeddable":true,"href":"https:\/\/www.iemj.org\/de\/wp-json\/wp\/v2\/tags?post=100561"},{"taxonomy":"technique","embeddable":true,"href":"https:\/\/www.iemj.org\/de\/wp-json\/wp\/v2\/technique?post=100561"},{"taxonomy":"squelettes","embeddable":true,"href":"https:\/\/www.iemj.org\/de\/wp-json\/wp\/v2\/squelettes?post=100561"},{"taxonomy":"sujet","embeddable":true,"href":"https:\/\/www.iemj.org\/de\/wp-json\/wp\/v2\/sujet?post=100561"},{"taxonomy":"formation","embeddable":true,"href":"https:\/\/www.iemj.org\/de\/wp-json\/wp\/v2\/formation?post=100561"},{"taxonomy":"genre","embeddable":true,"href":"https:\/\/www.iemj.org\/de\/wp-json\/wp\/v2\/genre?post=100561"},{"taxonomy":"fonds","embeddable":true,"href":"https:\/\/www.iemj.org\/de\/wp-json\/wp\/v2\/fonds?post=100561"},{"taxonomy":"tradition","embeddable":true,"href":"https:\/\/www.iemj.org\/de\/wp-json\/wp\/v2\/tradition?post=100561"},{"taxonomy":"type-de-contenu","embeddable":true,"href":"https:\/\/www.iemj.org\/de\/wp-json\/wp\/v2\/type-de-contenu?post=100561"},{"taxonomy":"interprete-compositeur","embeddable":true,"href":"https:\/\/www.iemj.org\/de\/wp-json\/wp\/v2\/interprete-compositeur?post=100561"},{"taxonomy":"frise","embeddable":true,"href":"https:\/\/www.iemj.org\/de\/wp-json\/wp\/v2\/frise?post=100561"},{"taxonomy":"type-devenement","embeddable":true,"href":"https:\/\/www.iemj.org\/de\/wp-json\/wp\/v2\/type-devenement?post=100561"},{"taxonomy":"tableaux-liens-externes","embeddable":true,"href":"https:\/\/www.iemj.org\/de\/wp-json\/wp\/v2\/tableaux-liens-externes?post=100561"}],"curies":[{"name":"wp","href":"https:\/\/api.w.org\/{rel}","templated":true}]}}