{"id":100654,"date":"2011-10-21T09:20:46","date_gmt":"2011-10-21T07:20:46","guid":{"rendered":"https:\/\/www.iemj.org\/musiques-liturgiques-des-juifs-de-tlemcen\/"},"modified":"2025-10-20T11:30:31","modified_gmt":"2025-10-20T09:30:31","slug":"musiques-liturgiques-des-juifs-de-tlemcen","status":"publish","type":"post","link":"https:\/\/www.iemj.org\/de\/musiques-liturgiques-des-juifs-de-tlemcen\/","title":{"rendered":"Musiques liturgiques des Juifs de Tlemcen"},"content":{"rendered":"<p><strong>Diese 6-CD-Box ist der spezifischen Liturgie der tausendj\u00e4hrigen Gemeinde der Juden von Tlemcen gewidmet.<\/strong><\/p>\n<p><!--more--><\/p>\n<p>Sie wurde von den &#8222;Freunden des CFMJ&#8220; auf Initiative und dank der Finanzierung von &#8222;La Fraternelle &#8211; UNAT&#8220; mit ihrem Pr\u00e4sidenten Andr\u00e9 Charbit an der Spitze anl\u00e4sslich des Treffens der Tlemcener in Israel im Februar 2011 produziert.<\/p>\n<p>An der Aufnahme nahmen teil: Oberrabbiner Georges Ha\u00efk, Rabbiner Daniel Ashkenazi aus Jerusalem, Rabbiner Yits&#8217;hak Chouraqui, die Herren Yves Mergui und Maurice Tapiero aus Frankreich (Aix en Provence und Paris), w\u00e4hrend Herr Roger Hamiache mit Hingabe die allgemeine Organisation des Vorhabens \u00fcbernahm.<\/p>\n<p>Es handelt sich um eine wichtige, aber nicht vollst\u00e4ndige Sammlung von Gebeten, die das ganze Jahr \u00fcber an Feiertagen und auch bei famili\u00e4ren Anl\u00e4ssen gesprochen werden.<\/p>\n<p>Aufgenommen in Jerusalem am 8. und 9. Februar 2011 in der Or-Zaroua-Synagoge Produktion: La Fraternelle &#8211; UNAT, unter dem Vorsitz von Herrn Andr\u00e9 Charbit.<\/p>\n<p>Ausf\u00fchrender Produzent und Herausgeber: Herv\u00e9 Roten (Les Amis du CFMJ).<\/p>\n<p>Tonaufnahme, Schnitt und Mastering: Mordechai Cohen, Studio Tekhelette, Jerusalem, Israel Mastering.<\/p>\n<p>CD Selihot von Yves Mergui: Thomas Congretel, Studio Kos and Co, Paris.<\/p>\n<p>Texte: Andr\u00e9 Charbit, Simon Schwarzfuchs und Herv\u00e9 Roten<\/p>\n\n\n<div class=\"wp-block-columns is-layout-flex wp-container-core-columns-is-layout-9d6595d7 wp-block-columns-is-layout-flex\">\n<div class=\"wp-block-column is-layout-flow wp-block-column-is-layout-flow\" style=\"flex-basis:100%\">\n<div class=\"wp-block-group\"><div class=\"wp-block-group__inner-container is-layout-flow wp-block-group-is-layout-flow\">\n<div class=\"wp-block-columns is-layout-flex wp-container-core-columns-is-layout-9d6595d7 wp-block-columns-is-layout-flex\">\n<div class=\"wp-block-column is-vertically-aligned-center is-layout-flow wp-block-column-is-layout-flow\" style=\"flex-basis:100%\">\n<div class=\"wp-block-columns is-layout-flex wp-container-core-columns-is-layout-9d6595d7 wp-block-columns-is-layout-flex\">\n<div class=\"wp-block-column is-vertically-aligned-center is-layout-flow wp-block-column-is-layout-flow\">\n<figure class=\"wp-block-image size-large\"><img fetchpriority=\"high\" decoding=\"async\" width=\"1024\" height=\"1024\" src=\"https:\/\/www.iemj.org\/wp-content\/uploads\/2011\/10\/livret_vol_1_version_def_2-1024x1024.jpg\" alt=\"Couv CD1 Tlemcen\" class=\"wp-image-3965\" srcset=\"https:\/\/www.iemj.org\/wp-content\/uploads\/2011\/10\/livret_vol_1_version_def_2-1024x1024.jpg 1024w, https:\/\/www.iemj.org\/wp-content\/uploads\/2011\/10\/livret_vol_1_version_def_2-300x300.jpg 300w, https:\/\/www.iemj.org\/wp-content\/uploads\/2011\/10\/livret_vol_1_version_def_2-150x150.jpg 150w, https:\/\/www.iemj.org\/wp-content\/uploads\/2011\/10\/livret_vol_1_version_def_2-768x768.jpg 768w, https:\/\/www.iemj.org\/wp-content\/uploads\/2011\/10\/livret_vol_1_version_def_2-600x600.jpg 600w, https:\/\/www.iemj.org\/wp-content\/uploads\/2011\/10\/livret_vol_1_version_def_2-100x100.jpg 100w, https:\/\/www.iemj.org\/wp-content\/uploads\/2011\/10\/livret_vol_1_version_def_2.jpg 1476w\" sizes=\"(max-width: 1024px) 100vw, 1024px\" \/><\/figure>\n<\/div>\n\n\n\n<div class=\"wp-block-column is-layout-flow wp-block-column-is-layout-flow\">\n<figure class=\"wp-block-image size-large\"><img decoding=\"async\" width=\"1024\" height=\"1024\" src=\"https:\/\/www.iemj.org\/wp-content\/uploads\/2011\/10\/livret_vol_2_version_def-1024x1024.jpg\" alt=\"Couv CD2 Tlemcen\" class=\"wp-image-3967\" srcset=\"https:\/\/www.iemj.org\/wp-content\/uploads\/2011\/10\/livret_vol_2_version_def-1024x1024.jpg 1024w, https:\/\/www.iemj.org\/wp-content\/uploads\/2011\/10\/livret_vol_2_version_def-300x300.jpg 300w, https:\/\/www.iemj.org\/wp-content\/uploads\/2011\/10\/livret_vol_2_version_def-150x150.jpg 150w, https:\/\/www.iemj.org\/wp-content\/uploads\/2011\/10\/livret_vol_2_version_def-768x768.jpg 768w, https:\/\/www.iemj.org\/wp-content\/uploads\/2011\/10\/livret_vol_2_version_def-600x600.jpg 600w, https:\/\/www.iemj.org\/wp-content\/uploads\/2011\/10\/livret_vol_2_version_def-100x100.jpg 100w, https:\/\/www.iemj.org\/wp-content\/uploads\/2011\/10\/livret_vol_2_version_def.jpg 1476w\" sizes=\"(max-width: 1024px) 100vw, 1024px\" \/><\/figure>\n<\/div>\n\n\n\n<div class=\"wp-block-column is-vertically-aligned-center is-layout-flow wp-block-column-is-layout-flow\">\n<figure class=\"wp-block-image size-large\"><img decoding=\"async\" width=\"1024\" height=\"1024\" src=\"https:\/\/www.iemj.org\/wp-content\/uploads\/2011\/10\/livret_vol_3_version_def-1024x1024.jpg\" alt=\"Couv CD3 Tlemcen\" class=\"wp-image-3969\" srcset=\"https:\/\/www.iemj.org\/wp-content\/uploads\/2011\/10\/livret_vol_3_version_def-1024x1024.jpg 1024w, https:\/\/www.iemj.org\/wp-content\/uploads\/2011\/10\/livret_vol_3_version_def-300x300.jpg 300w, https:\/\/www.iemj.org\/wp-content\/uploads\/2011\/10\/livret_vol_3_version_def-150x150.jpg 150w, https:\/\/www.iemj.org\/wp-content\/uploads\/2011\/10\/livret_vol_3_version_def-768x768.jpg 768w, https:\/\/www.iemj.org\/wp-content\/uploads\/2011\/10\/livret_vol_3_version_def-600x600.jpg 600w, https:\/\/www.iemj.org\/wp-content\/uploads\/2011\/10\/livret_vol_3_version_def-100x100.jpg 100w, https:\/\/www.iemj.org\/wp-content\/uploads\/2011\/10\/livret_vol_3_version_def.jpg 1476w\" sizes=\"(max-width: 1024px) 100vw, 1024px\" \/><\/figure>\n<\/div>\n<\/div>\n<\/div>\n<\/div>\n\n\n<div class=\"wp-block-image\">\n<figure class=\"aligncenter size-large\"><img loading=\"lazy\" decoding=\"async\" width=\"1024\" height=\"133\" src=\"https:\/\/www.iemj.org\/wp-content\/uploads\/2024\/03\/AUDIO-PLAYER-1024x133.png\" alt=\"\" class=\"wp-image-110606\" srcset=\"https:\/\/www.iemj.org\/wp-content\/uploads\/2024\/03\/AUDIO-PLAYER-1024x133.png 1024w, https:\/\/www.iemj.org\/wp-content\/uploads\/2024\/03\/AUDIO-PLAYER-300x39.png 300w, https:\/\/www.iemj.org\/wp-content\/uploads\/2024\/03\/AUDIO-PLAYER-768x100.png 768w, https:\/\/www.iemj.org\/wp-content\/uploads\/2024\/03\/AUDIO-PLAYER-600x78.png 600w, https:\/\/www.iemj.org\/wp-content\/uploads\/2024\/03\/AUDIO-PLAYER.png 1210w\" sizes=\"(max-width: 1024px) 100vw, 1024px\" \/><\/figure>\n<\/div><\/div><\/div>\n<\/div>\n<\/div>\n\n\n\n<p><\/p>\n","protected":false},"excerpt":{"rendered":"<p>Diese 6-CD-Box ist der spezifischen Liturgie der tausendj\u00e4hrigen Gemeinde der Juden von Tlemcen gewidmet.<\/p>\n","protected":false},"author":1045,"featured_media":66384,"comment_status":"closed","ping_status":"closed","sticky":false,"template":"","format":"standard","meta":{"_acf_changed":false,"footnotes":""},"categories":[1571,1561],"tags":[],"technique":[],"squelettes":[],"sujet":[],"formation":[],"genre":[1891],"fonds":[],"tradition":[],"type-de-contenu":[],"interprete-compositeur":[],"frise":[],"type-devenement":[],"tableaux-liens-externes":[],"class_list":["post-100654","post","type-post","status-publish","format-standard","has-post-thumbnail","hentry","category-cd-de","category-letzte-neuerwerbungen-de","genre-liturgie-de"],"acf":[],"yoast_head":"<!-- This site is optimized with the Yoast SEO plugin v27.3 - https:\/\/yoast.com\/product\/yoast-seo-wordpress\/ -->\n<title>Musiques liturgiques des Juifs de Tlemcen - Institut Europ\u00e9en des Musiques Juives<\/title>\n<meta name=\"robots\" content=\"index, follow, max-snippet:-1, max-image-preview:large, max-video-preview:-1\" \/>\n<link rel=\"canonical\" href=\"https:\/\/www.iemj.org\/de\/musiques-liturgiques-des-juifs-de-tlemcen\/\" \/>\n<meta property=\"og:locale\" content=\"de_DE\" \/>\n<meta property=\"og:type\" content=\"article\" \/>\n<meta property=\"og:title\" content=\"Musiques liturgiques des Juifs de Tlemcen - Institut Europ\u00e9en des Musiques Juives\" \/>\n<meta property=\"og:description\" content=\"Diese 6-CD-Box ist der spezifischen Liturgie der tausendj\u00e4hrigen Gemeinde der Juden von Tlemcen gewidmet.\" \/>\n<meta property=\"og:url\" content=\"https:\/\/www.iemj.org\/de\/musiques-liturgiques-des-juifs-de-tlemcen\/\" \/>\n<meta property=\"og:site_name\" content=\"Institut Europ\u00e9en des Musiques Juives\" \/>\n<meta property=\"article:publisher\" content=\"https:\/\/www.facebook.com\/MusiquesJuives\/\" \/>\n<meta property=\"article:published_time\" content=\"2011-10-21T07:20:46+00:00\" \/>\n<meta property=\"article:modified_time\" content=\"2025-10-20T09:30:31+00:00\" \/>\n<meta property=\"og:image\" content=\"https:\/\/www.iemj.org\/wp-content\/uploads\/2011\/10\/arton307-e1632296690593.jpg\" \/>\n\t<meta property=\"og:image:width\" content=\"392\" \/>\n\t<meta property=\"og:image:height\" content=\"350\" \/>\n\t<meta property=\"og:image:type\" content=\"image\/jpeg\" \/>\n<meta name=\"author\" content=\"Herv\u00e9 Roten\" \/>\n<meta name=\"twitter:card\" content=\"summary_large_image\" \/>\n<meta name=\"twitter:label1\" content=\"Verfasst von\" \/>\n\t<meta name=\"twitter:data1\" content=\"Herv\u00e9 Roten\" \/>\n\t<meta name=\"twitter:label2\" content=\"Gesch\u00e4tzte Lesezeit\" \/>\n\t<meta name=\"twitter:data2\" content=\"4\u00a0Minuten\" \/>\n<script type=\"application\/ld+json\" class=\"yoast-schema-graph\">{\"@context\":\"https:\\\/\\\/schema.org\",\"@graph\":[{\"@type\":\"Article\",\"@id\":\"https:\\\/\\\/www.iemj.org\\\/de\\\/musiques-liturgiques-des-juifs-de-tlemcen\\\/#article\",\"isPartOf\":{\"@id\":\"https:\\\/\\\/www.iemj.org\\\/de\\\/musiques-liturgiques-des-juifs-de-tlemcen\\\/\"},\"author\":{\"name\":\"Herv\u00e9 Roten\",\"@id\":\"https:\\\/\\\/www.iemj.org\\\/de\\\/#\\\/schema\\\/person\\\/906134402c29d5c76e7b726261dd4bbd\"},\"headline\":\"Musiques liturgiques des Juifs de Tlemcen\",\"datePublished\":\"2011-10-21T07:20:46+00:00\",\"dateModified\":\"2025-10-20T09:30:31+00:00\",\"mainEntityOfPage\":{\"@id\":\"https:\\\/\\\/www.iemj.org\\\/de\\\/musiques-liturgiques-des-juifs-de-tlemcen\\\/\"},\"wordCount\":196,\"publisher\":{\"@id\":\"https:\\\/\\\/www.iemj.org\\\/de\\\/#organization\"},\"image\":{\"@id\":\"https:\\\/\\\/www.iemj.org\\\/de\\\/musiques-liturgiques-des-juifs-de-tlemcen\\\/#primaryimage\"},\"thumbnailUrl\":\"https:\\\/\\\/www.iemj.org\\\/wp-content\\\/uploads\\\/2011\\\/10\\\/arton307-e1632296690593.jpg\",\"articleSection\":[\"CD\",\"Letzte Neuerwerbungen\"],\"inLanguage\":\"de\"},{\"@type\":\"WebPage\",\"@id\":\"https:\\\/\\\/www.iemj.org\\\/de\\\/musiques-liturgiques-des-juifs-de-tlemcen\\\/\",\"url\":\"https:\\\/\\\/www.iemj.org\\\/de\\\/musiques-liturgiques-des-juifs-de-tlemcen\\\/\",\"name\":\"Musiques liturgiques des Juifs de Tlemcen - Institut Europ\u00e9en des Musiques Juives\",\"isPartOf\":{\"@id\":\"https:\\\/\\\/www.iemj.org\\\/de\\\/#website\"},\"primaryImageOfPage\":{\"@id\":\"https:\\\/\\\/www.iemj.org\\\/de\\\/musiques-liturgiques-des-juifs-de-tlemcen\\\/#primaryimage\"},\"image\":{\"@id\":\"https:\\\/\\\/www.iemj.org\\\/de\\\/musiques-liturgiques-des-juifs-de-tlemcen\\\/#primaryimage\"},\"thumbnailUrl\":\"https:\\\/\\\/www.iemj.org\\\/wp-content\\\/uploads\\\/2011\\\/10\\\/arton307-e1632296690593.jpg\",\"datePublished\":\"2011-10-21T07:20:46+00:00\",\"dateModified\":\"2025-10-20T09:30:31+00:00\",\"breadcrumb\":{\"@id\":\"https:\\\/\\\/www.iemj.org\\\/de\\\/musiques-liturgiques-des-juifs-de-tlemcen\\\/#breadcrumb\"},\"inLanguage\":\"de\",\"potentialAction\":[{\"@type\":\"ReadAction\",\"target\":[\"https:\\\/\\\/www.iemj.org\\\/de\\\/musiques-liturgiques-des-juifs-de-tlemcen\\\/\"]}]},{\"@type\":\"ImageObject\",\"inLanguage\":\"de\",\"@id\":\"https:\\\/\\\/www.iemj.org\\\/de\\\/musiques-liturgiques-des-juifs-de-tlemcen\\\/#primaryimage\",\"url\":\"https:\\\/\\\/www.iemj.org\\\/wp-content\\\/uploads\\\/2011\\\/10\\\/arton307-e1632296690593.jpg\",\"contentUrl\":\"https:\\\/\\\/www.iemj.org\\\/wp-content\\\/uploads\\\/2011\\\/10\\\/arton307-e1632296690593.jpg\",\"width\":392,\"height\":350,\"caption\":\"Musiques liturgiques des juifs de Tlemcen\"},{\"@type\":\"BreadcrumbList\",\"@id\":\"https:\\\/\\\/www.iemj.org\\\/de\\\/musiques-liturgiques-des-juifs-de-tlemcen\\\/#breadcrumb\",\"itemListElement\":[{\"@type\":\"ListItem\",\"position\":1,\"name\":\"Accueil\",\"item\":\"https:\\\/\\\/www.iemj.org\\\/de\\\/\"},{\"@type\":\"ListItem\",\"position\":2,\"name\":\"Musiques liturgiques des Juifs de Tlemcen\"}]},{\"@type\":\"WebSite\",\"@id\":\"https:\\\/\\\/www.iemj.org\\\/de\\\/#website\",\"url\":\"https:\\\/\\\/www.iemj.org\\\/de\\\/\",\"name\":\"Institut Europ\u00e9en des Musiques Juives\",\"description\":\"Des traditions musicales \u00e0 la port\u00e9e de tous\",\"publisher\":{\"@id\":\"https:\\\/\\\/www.iemj.org\\\/de\\\/#organization\"},\"potentialAction\":[{\"@type\":\"SearchAction\",\"target\":{\"@type\":\"EntryPoint\",\"urlTemplate\":\"https:\\\/\\\/www.iemj.org\\\/de\\\/?s={search_term_string}\"},\"query-input\":{\"@type\":\"PropertyValueSpecification\",\"valueRequired\":true,\"valueName\":\"search_term_string\"}}],\"inLanguage\":\"de\"},{\"@type\":\"Organization\",\"@id\":\"https:\\\/\\\/www.iemj.org\\\/de\\\/#organization\",\"name\":\"Institut Europ\u00e9en des Musiques Juives\",\"url\":\"https:\\\/\\\/www.iemj.org\\\/de\\\/\",\"logo\":{\"@type\":\"ImageObject\",\"inLanguage\":\"de\",\"@id\":\"https:\\\/\\\/www.iemj.org\\\/de\\\/#\\\/schema\\\/logo\\\/image\\\/\",\"url\":\"https:\\\/\\\/www.iemj.org\\\/wp-content\\\/uploads\\\/2021\\\/09\\\/Logo-IEMJ-Paypal.jpg\",\"contentUrl\":\"https:\\\/\\\/www.iemj.org\\\/wp-content\\\/uploads\\\/2021\\\/09\\\/Logo-IEMJ-Paypal.jpg\",\"width\":150,\"height\":50,\"caption\":\"Institut Europ\u00e9en des Musiques Juives\"},\"image\":{\"@id\":\"https:\\\/\\\/www.iemj.org\\\/de\\\/#\\\/schema\\\/logo\\\/image\\\/\"},\"sameAs\":[\"https:\\\/\\\/www.facebook.com\\\/MusiquesJuives\\\/\",\"https:\\\/\\\/www.instagram.com\\\/musiquesjuives\\\/\",\"https:\\\/\\\/www.youtube.com\\\/user\\\/musiquesjuives\"]},{\"@type\":\"Person\",\"@id\":\"https:\\\/\\\/www.iemj.org\\\/de\\\/#\\\/schema\\\/person\\\/906134402c29d5c76e7b726261dd4bbd\",\"name\":\"Herv\u00e9 Roten\",\"image\":{\"@type\":\"ImageObject\",\"inLanguage\":\"de\",\"@id\":\"https:\\\/\\\/secure.gravatar.com\\\/avatar\\\/f96ad2db538a26481f18384936b5cd0610c92d390c4dc382209216d455f685ff?s=96&d=mm&r=g\",\"url\":\"https:\\\/\\\/secure.gravatar.com\\\/avatar\\\/f96ad2db538a26481f18384936b5cd0610c92d390c4dc382209216d455f685ff?s=96&d=mm&r=g\",\"contentUrl\":\"https:\\\/\\\/secure.gravatar.com\\\/avatar\\\/f96ad2db538a26481f18384936b5cd0610c92d390c4dc382209216d455f685ff?s=96&d=mm&r=g\",\"caption\":\"Herv\u00e9 Roten\"}}]}<\/script>\n<!-- \/ Yoast SEO plugin. -->","yoast_head_json":{"title":"Musiques liturgiques des Juifs de Tlemcen - Institut Europ\u00e9en des Musiques Juives","robots":{"index":"index","follow":"follow","max-snippet":"max-snippet:-1","max-image-preview":"max-image-preview:large","max-video-preview":"max-video-preview:-1"},"canonical":"https:\/\/www.iemj.org\/de\/musiques-liturgiques-des-juifs-de-tlemcen\/","og_locale":"de_DE","og_type":"article","og_title":"Musiques liturgiques des Juifs de Tlemcen - Institut Europ\u00e9en des Musiques Juives","og_description":"Diese 6-CD-Box ist der spezifischen Liturgie der tausendj\u00e4hrigen Gemeinde der Juden von Tlemcen gewidmet.","og_url":"https:\/\/www.iemj.org\/de\/musiques-liturgiques-des-juifs-de-tlemcen\/","og_site_name":"Institut Europ\u00e9en des Musiques Juives","article_publisher":"https:\/\/www.facebook.com\/MusiquesJuives\/","article_published_time":"2011-10-21T07:20:46+00:00","article_modified_time":"2025-10-20T09:30:31+00:00","og_image":[{"width":392,"height":350,"url":"https:\/\/www.iemj.org\/wp-content\/uploads\/2011\/10\/arton307-e1632296690593.jpg","type":"image\/jpeg"}],"author":"Herv\u00e9 Roten","twitter_card":"summary_large_image","twitter_misc":{"Verfasst von":"Herv\u00e9 Roten","Gesch\u00e4tzte Lesezeit":"4\u00a0Minuten"},"schema":{"@context":"https:\/\/schema.org","@graph":[{"@type":"Article","@id":"https:\/\/www.iemj.org\/de\/musiques-liturgiques-des-juifs-de-tlemcen\/#article","isPartOf":{"@id":"https:\/\/www.iemj.org\/de\/musiques-liturgiques-des-juifs-de-tlemcen\/"},"author":{"name":"Herv\u00e9 Roten","@id":"https:\/\/www.iemj.org\/de\/#\/schema\/person\/906134402c29d5c76e7b726261dd4bbd"},"headline":"Musiques liturgiques des Juifs de Tlemcen","datePublished":"2011-10-21T07:20:46+00:00","dateModified":"2025-10-20T09:30:31+00:00","mainEntityOfPage":{"@id":"https:\/\/www.iemj.org\/de\/musiques-liturgiques-des-juifs-de-tlemcen\/"},"wordCount":196,"publisher":{"@id":"https:\/\/www.iemj.org\/de\/#organization"},"image":{"@id":"https:\/\/www.iemj.org\/de\/musiques-liturgiques-des-juifs-de-tlemcen\/#primaryimage"},"thumbnailUrl":"https:\/\/www.iemj.org\/wp-content\/uploads\/2011\/10\/arton307-e1632296690593.jpg","articleSection":["CD","Letzte Neuerwerbungen"],"inLanguage":"de"},{"@type":"WebPage","@id":"https:\/\/www.iemj.org\/de\/musiques-liturgiques-des-juifs-de-tlemcen\/","url":"https:\/\/www.iemj.org\/de\/musiques-liturgiques-des-juifs-de-tlemcen\/","name":"Musiques liturgiques des Juifs de Tlemcen - Institut Europ\u00e9en des Musiques Juives","isPartOf":{"@id":"https:\/\/www.iemj.org\/de\/#website"},"primaryImageOfPage":{"@id":"https:\/\/www.iemj.org\/de\/musiques-liturgiques-des-juifs-de-tlemcen\/#primaryimage"},"image":{"@id":"https:\/\/www.iemj.org\/de\/musiques-liturgiques-des-juifs-de-tlemcen\/#primaryimage"},"thumbnailUrl":"https:\/\/www.iemj.org\/wp-content\/uploads\/2011\/10\/arton307-e1632296690593.jpg","datePublished":"2011-10-21T07:20:46+00:00","dateModified":"2025-10-20T09:30:31+00:00","breadcrumb":{"@id":"https:\/\/www.iemj.org\/de\/musiques-liturgiques-des-juifs-de-tlemcen\/#breadcrumb"},"inLanguage":"de","potentialAction":[{"@type":"ReadAction","target":["https:\/\/www.iemj.org\/de\/musiques-liturgiques-des-juifs-de-tlemcen\/"]}]},{"@type":"ImageObject","inLanguage":"de","@id":"https:\/\/www.iemj.org\/de\/musiques-liturgiques-des-juifs-de-tlemcen\/#primaryimage","url":"https:\/\/www.iemj.org\/wp-content\/uploads\/2011\/10\/arton307-e1632296690593.jpg","contentUrl":"https:\/\/www.iemj.org\/wp-content\/uploads\/2011\/10\/arton307-e1632296690593.jpg","width":392,"height":350,"caption":"Musiques liturgiques des juifs de Tlemcen"},{"@type":"BreadcrumbList","@id":"https:\/\/www.iemj.org\/de\/musiques-liturgiques-des-juifs-de-tlemcen\/#breadcrumb","itemListElement":[{"@type":"ListItem","position":1,"name":"Accueil","item":"https:\/\/www.iemj.org\/de\/"},{"@type":"ListItem","position":2,"name":"Musiques liturgiques des Juifs de Tlemcen"}]},{"@type":"WebSite","@id":"https:\/\/www.iemj.org\/de\/#website","url":"https:\/\/www.iemj.org\/de\/","name":"Institut Europ\u00e9en des Musiques Juives","description":"Des traditions musicales \u00e0 la port\u00e9e de tous","publisher":{"@id":"https:\/\/www.iemj.org\/de\/#organization"},"potentialAction":[{"@type":"SearchAction","target":{"@type":"EntryPoint","urlTemplate":"https:\/\/www.iemj.org\/de\/?s={search_term_string}"},"query-input":{"@type":"PropertyValueSpecification","valueRequired":true,"valueName":"search_term_string"}}],"inLanguage":"de"},{"@type":"Organization","@id":"https:\/\/www.iemj.org\/de\/#organization","name":"Institut Europ\u00e9en des Musiques Juives","url":"https:\/\/www.iemj.org\/de\/","logo":{"@type":"ImageObject","inLanguage":"de","@id":"https:\/\/www.iemj.org\/de\/#\/schema\/logo\/image\/","url":"https:\/\/www.iemj.org\/wp-content\/uploads\/2021\/09\/Logo-IEMJ-Paypal.jpg","contentUrl":"https:\/\/www.iemj.org\/wp-content\/uploads\/2021\/09\/Logo-IEMJ-Paypal.jpg","width":150,"height":50,"caption":"Institut Europ\u00e9en des Musiques Juives"},"image":{"@id":"https:\/\/www.iemj.org\/de\/#\/schema\/logo\/image\/"},"sameAs":["https:\/\/www.facebook.com\/MusiquesJuives\/","https:\/\/www.instagram.com\/musiquesjuives\/","https:\/\/www.youtube.com\/user\/musiquesjuives"]},{"@type":"Person","@id":"https:\/\/www.iemj.org\/de\/#\/schema\/person\/906134402c29d5c76e7b726261dd4bbd","name":"Herv\u00e9 Roten","image":{"@type":"ImageObject","inLanguage":"de","@id":"https:\/\/secure.gravatar.com\/avatar\/f96ad2db538a26481f18384936b5cd0610c92d390c4dc382209216d455f685ff?s=96&d=mm&r=g","url":"https:\/\/secure.gravatar.com\/avatar\/f96ad2db538a26481f18384936b5cd0610c92d390c4dc382209216d455f685ff?s=96&d=mm&r=g","contentUrl":"https:\/\/secure.gravatar.com\/avatar\/f96ad2db538a26481f18384936b5cd0610c92d390c4dc382209216d455f685ff?s=96&d=mm&r=g","caption":"Herv\u00e9 Roten"}}]}},"_links":{"self":[{"href":"https:\/\/www.iemj.org\/de\/wp-json\/wp\/v2\/posts\/100654","targetHints":{"allow":["GET"]}}],"collection":[{"href":"https:\/\/www.iemj.org\/de\/wp-json\/wp\/v2\/posts"}],"about":[{"href":"https:\/\/www.iemj.org\/de\/wp-json\/wp\/v2\/types\/post"}],"author":[{"embeddable":true,"href":"https:\/\/www.iemj.org\/de\/wp-json\/wp\/v2\/users\/1045"}],"replies":[{"embeddable":true,"href":"https:\/\/www.iemj.org\/de\/wp-json\/wp\/v2\/comments?post=100654"}],"version-history":[{"count":1,"href":"https:\/\/www.iemj.org\/de\/wp-json\/wp\/v2\/posts\/100654\/revisions"}],"predecessor-version":[{"id":127259,"href":"https:\/\/www.iemj.org\/de\/wp-json\/wp\/v2\/posts\/100654\/revisions\/127259"}],"wp:featuredmedia":[{"embeddable":true,"href":"https:\/\/www.iemj.org\/de\/wp-json\/wp\/v2\/media\/66384"}],"wp:attachment":[{"href":"https:\/\/www.iemj.org\/de\/wp-json\/wp\/v2\/media?parent=100654"}],"wp:term":[{"taxonomy":"category","embeddable":true,"href":"https:\/\/www.iemj.org\/de\/wp-json\/wp\/v2\/categories?post=100654"},{"taxonomy":"post_tag","embeddable":true,"href":"https:\/\/www.iemj.org\/de\/wp-json\/wp\/v2\/tags?post=100654"},{"taxonomy":"technique","embeddable":true,"href":"https:\/\/www.iemj.org\/de\/wp-json\/wp\/v2\/technique?post=100654"},{"taxonomy":"squelettes","embeddable":true,"href":"https:\/\/www.iemj.org\/de\/wp-json\/wp\/v2\/squelettes?post=100654"},{"taxonomy":"sujet","embeddable":true,"href":"https:\/\/www.iemj.org\/de\/wp-json\/wp\/v2\/sujet?post=100654"},{"taxonomy":"formation","embeddable":true,"href":"https:\/\/www.iemj.org\/de\/wp-json\/wp\/v2\/formation?post=100654"},{"taxonomy":"genre","embeddable":true,"href":"https:\/\/www.iemj.org\/de\/wp-json\/wp\/v2\/genre?post=100654"},{"taxonomy":"fonds","embeddable":true,"href":"https:\/\/www.iemj.org\/de\/wp-json\/wp\/v2\/fonds?post=100654"},{"taxonomy":"tradition","embeddable":true,"href":"https:\/\/www.iemj.org\/de\/wp-json\/wp\/v2\/tradition?post=100654"},{"taxonomy":"type-de-contenu","embeddable":true,"href":"https:\/\/www.iemj.org\/de\/wp-json\/wp\/v2\/type-de-contenu?post=100654"},{"taxonomy":"interprete-compositeur","embeddable":true,"href":"https:\/\/www.iemj.org\/de\/wp-json\/wp\/v2\/interprete-compositeur?post=100654"},{"taxonomy":"frise","embeddable":true,"href":"https:\/\/www.iemj.org\/de\/wp-json\/wp\/v2\/frise?post=100654"},{"taxonomy":"type-devenement","embeddable":true,"href":"https:\/\/www.iemj.org\/de\/wp-json\/wp\/v2\/type-devenement?post=100654"},{"taxonomy":"tableaux-liens-externes","embeddable":true,"href":"https:\/\/www.iemj.org\/de\/wp-json\/wp\/v2\/tableaux-liens-externes?post=100654"}],"curies":[{"name":"wp","href":"https:\/\/api.w.org\/{rel}","templated":true}]}}