{"id":100863,"date":"2011-04-18T22:02:38","date_gmt":"2011-04-18T20:02:38","guid":{"rendered":"https:\/\/www.iemj.org\/maayan-de-landalousie-a-lorient-le-chant-des-femmes-sepharades\/"},"modified":"2025-10-16T12:40:55","modified_gmt":"2025-10-16T10:40:55","slug":"maayan-de-landalousie-a-lorient-le-chant-des-femmes-sepharades","status":"publish","type":"post","link":"https:\/\/www.iemj.org\/de\/maayan-de-landalousie-a-lorient-le-chant-des-femmes-sepharades\/","title":{"rendered":"Maayan &#8211; De l&#8217;Andalousie \u00e0 l&#8217;Orient&#8230; Le chant des femmes s\u00e9pharades"},"content":{"rendered":"<p>Das Europ\u00e4ische Institut f\u00fcr J\u00fcdische Musik freut sich, Ihnen eine Demo-CD der von Na\u00efma Chemoul gegr\u00fcndeten Gruppe Maayan vorstellen zu k\u00f6nnen.<\/p>\n<p>Maayan bedeutet auf Hebr\u00e4isch &#8222;Die Quellen&#8220;. Auf dieser CD erkundet die S\u00e4ngerin Na\u00efma Chemoul ihre Herkunft, die der sephardischen Frauen. Sie singt von ihren Worten, ihrer Sprache und ihrem Alltag. Sie ehrt ihr Andenken und erz\u00e4hlt ihre Geschichte. Sie bringt ihre Stimmen zu Geh\u00f6r.<\/p>\n<p>Samir Hammouch am Q\u00e2noun und Bonaventure Akoto an den Perkussionsinstrumenten stellen ihre Kenntnisse der arabisch-andalusischen und orientalischen Musik, ihr Talent und ihre k\u00fcnstlerische Sensibilit\u00e4t in den Dienst dieser Frauenges\u00e4nge und der Stimme der S\u00e4ngerin.<\/p>\n<p>Gemeinsam erforschen sie verschiedene musikalische Stile und Modi, von der Partitur \u00fcber die Komposition bis hin zur Improvisation. Sie behaupten ihre Freiheit als K\u00fcnstler von heute, zwischen Westen und Osten, Tradition und Moderne, und spielen eine zeitlose und grenzenlose Musik!<\/p>\n<p><a href=\"https:\/\/www.facebook.com\/Maayan-155298481285186\/app\/203351739677351\/?ref=page_internal\" target=\"_blank\" rel=\"noopener\">Mehr \u00fcber Maayan<\/a><\/p>\n\n\n<figure class=\"wp-block-embed is-type-video is-provider-youtube wp-block-embed-youtube wp-embed-aspect-16-9 wp-has-aspect-ratio\"><div class=\"wp-block-embed__wrapper\">\n<iframe title=\"Na\u00efma Chemoul &amp; Maayan - Le Chant des Femmes S\u00e9pharades\" width=\"640\" height=\"360\" src=\"https:\/\/www.youtube.com\/embed\/UmXotczck9E?list=PLTFpqejhvWvrnhFsnMOahMcXy7vm95nr7\" frameborder=\"0\" allow=\"accelerometer; autoplay; clipboard-write; encrypted-media; gyroscope; picture-in-picture; web-share\" referrerpolicy=\"strict-origin-when-cross-origin\" allowfullscreen><\/iframe>\n<\/div><\/figure>\n\n\n<div class=\"wp-block-image\">\n<figure class=\"aligncenter size-large\"><img fetchpriority=\"high\" decoding=\"async\" width=\"1024\" height=\"133\" src=\"https:\/\/www.iemj.org\/wp-content\/uploads\/2024\/03\/AUDIO-PLAYER-1024x133.png\" alt=\"\" class=\"wp-image-110606\" srcset=\"https:\/\/www.iemj.org\/wp-content\/uploads\/2024\/03\/AUDIO-PLAYER-1024x133.png 1024w, https:\/\/www.iemj.org\/wp-content\/uploads\/2024\/03\/AUDIO-PLAYER-300x39.png 300w, https:\/\/www.iemj.org\/wp-content\/uploads\/2024\/03\/AUDIO-PLAYER-768x100.png 768w, https:\/\/www.iemj.org\/wp-content\/uploads\/2024\/03\/AUDIO-PLAYER-600x78.png 600w, https:\/\/www.iemj.org\/wp-content\/uploads\/2024\/03\/AUDIO-PLAYER.png 1210w\" sizes=\"(max-width: 1024px) 100vw, 1024px\" \/><\/figure>\n<\/div>\n\n\n<p><\/p>\n","protected":false},"excerpt":{"rendered":"<p>Das Europ\u00e4ische Institut f\u00fcr J\u00fcdische Musik freut sich, Ihnen eine Demo-CD der von Na\u00efma Chemoul gegr\u00fcndeten Gruppe Maayan vorstellen zu k\u00f6nnen. Maayan bedeutet auf Hebr\u00e4isch &#8222;Die Quellen&#8220;. Auf dieser CD<\/p>\n","protected":false},"author":1047,"featured_media":39000,"comment_status":"closed","ping_status":"closed","sticky":false,"template":"","format":"standard","meta":{"_acf_changed":false,"footnotes":""},"categories":[1571,1561],"tags":[],"technique":[],"squelettes":[],"sujet":[],"formation":[],"genre":[1888],"fonds":[],"tradition":[],"type-de-contenu":[],"interprete-compositeur":[],"frise":[],"type-devenement":[],"tableaux-liens-externes":[],"class_list":["post-100863","post","type-post","status-publish","format-standard","has-post-thumbnail","hentry","category-cd-de","category-letzte-neuerwerbungen-de","genre-judaisch-spanisch-de"],"acf":[],"yoast_head":"<!-- This site is optimized with the Yoast SEO plugin v27.3 - https:\/\/yoast.com\/product\/yoast-seo-wordpress\/ -->\n<title>Maayan - De l&#039;Andalousie \u00e0 l&#039;Orient... Le chant des femmes s\u00e9pharades - Institut Europ\u00e9en des Musiques Juives<\/title>\n<meta name=\"robots\" content=\"index, follow, max-snippet:-1, max-image-preview:large, max-video-preview:-1\" \/>\n<link rel=\"canonical\" href=\"https:\/\/www.iemj.org\/de\/maayan-de-landalousie-a-lorient-le-chant-des-femmes-sepharades\/\" \/>\n<meta property=\"og:locale\" content=\"de_DE\" \/>\n<meta property=\"og:type\" content=\"article\" \/>\n<meta property=\"og:title\" content=\"Maayan - De l&#039;Andalousie \u00e0 l&#039;Orient... Le chant des femmes s\u00e9pharades - Institut Europ\u00e9en des Musiques Juives\" \/>\n<meta property=\"og:description\" content=\"Das Europ\u00e4ische Institut f\u00fcr J\u00fcdische Musik freut sich, Ihnen eine Demo-CD der von Na\u00efma Chemoul gegr\u00fcndeten Gruppe Maayan vorstellen zu k\u00f6nnen. Maayan bedeutet auf Hebr\u00e4isch &#8222;Die Quellen&#8220;. Auf dieser CD\" \/>\n<meta property=\"og:url\" content=\"https:\/\/www.iemj.org\/de\/maayan-de-landalousie-a-lorient-le-chant-des-femmes-sepharades\/\" \/>\n<meta property=\"og:site_name\" content=\"Institut Europ\u00e9en des Musiques Juives\" \/>\n<meta property=\"article:publisher\" content=\"https:\/\/www.facebook.com\/MusiquesJuives\/\" \/>\n<meta property=\"article:published_time\" content=\"2011-04-18T20:02:38+00:00\" \/>\n<meta property=\"article:modified_time\" content=\"2025-10-16T10:40:55+00:00\" \/>\n<meta property=\"og:image\" content=\"https:\/\/www.iemj.org\/wp-content\/uploads\/2011\/04\/Maayan_COUV.jpg\" \/>\n\t<meta property=\"og:image:width\" content=\"350\" \/>\n\t<meta property=\"og:image:height\" content=\"345\" \/>\n\t<meta property=\"og:image:type\" content=\"image\/jpeg\" \/>\n<meta name=\"author\" content=\"Nicolas Fevre\" \/>\n<meta name=\"twitter:card\" content=\"summary_large_image\" \/>\n<meta name=\"twitter:label1\" content=\"Verfasst von\" \/>\n\t<meta name=\"twitter:data1\" content=\"Nicolas Fevre\" \/>\n\t<meta name=\"twitter:label2\" content=\"Gesch\u00e4tzte Lesezeit\" \/>\n\t<meta name=\"twitter:data2\" content=\"2\u00a0Minuten\" \/>\n<script type=\"application\/ld+json\" class=\"yoast-schema-graph\">{\"@context\":\"https:\\\/\\\/schema.org\",\"@graph\":[{\"@type\":\"Article\",\"@id\":\"https:\\\/\\\/www.iemj.org\\\/de\\\/maayan-de-landalousie-a-lorient-le-chant-des-femmes-sepharades\\\/#article\",\"isPartOf\":{\"@id\":\"https:\\\/\\\/www.iemj.org\\\/de\\\/maayan-de-landalousie-a-lorient-le-chant-des-femmes-sepharades\\\/\"},\"author\":{\"name\":\"Nicolas Fevre\",\"@id\":\"https:\\\/\\\/www.iemj.org\\\/de\\\/#\\\/schema\\\/person\\\/0dfc8632809ec10c9e7d4daf4f4b9f1c\"},\"headline\":\"Maayan &#8211; De l&#8217;Andalousie \u00e0 l&#8217;Orient&#8230; Le chant des femmes s\u00e9pharades\",\"datePublished\":\"2011-04-18T20:02:38+00:00\",\"dateModified\":\"2025-10-16T10:40:55+00:00\",\"mainEntityOfPage\":{\"@id\":\"https:\\\/\\\/www.iemj.org\\\/de\\\/maayan-de-landalousie-a-lorient-le-chant-des-femmes-sepharades\\\/\"},\"wordCount\":181,\"publisher\":{\"@id\":\"https:\\\/\\\/www.iemj.org\\\/de\\\/#organization\"},\"image\":{\"@id\":\"https:\\\/\\\/www.iemj.org\\\/de\\\/maayan-de-landalousie-a-lorient-le-chant-des-femmes-sepharades\\\/#primaryimage\"},\"thumbnailUrl\":\"https:\\\/\\\/www.iemj.org\\\/wp-content\\\/uploads\\\/2011\\\/04\\\/Maayan_COUV.jpg\",\"articleSection\":[\"CD\",\"Letzte Neuerwerbungen\"],\"inLanguage\":\"de\"},{\"@type\":\"WebPage\",\"@id\":\"https:\\\/\\\/www.iemj.org\\\/de\\\/maayan-de-landalousie-a-lorient-le-chant-des-femmes-sepharades\\\/\",\"url\":\"https:\\\/\\\/www.iemj.org\\\/de\\\/maayan-de-landalousie-a-lorient-le-chant-des-femmes-sepharades\\\/\",\"name\":\"Maayan - De l'Andalousie \u00e0 l'Orient... Le chant des femmes s\u00e9pharades - Institut Europ\u00e9en des Musiques Juives\",\"isPartOf\":{\"@id\":\"https:\\\/\\\/www.iemj.org\\\/de\\\/#website\"},\"primaryImageOfPage\":{\"@id\":\"https:\\\/\\\/www.iemj.org\\\/de\\\/maayan-de-landalousie-a-lorient-le-chant-des-femmes-sepharades\\\/#primaryimage\"},\"image\":{\"@id\":\"https:\\\/\\\/www.iemj.org\\\/de\\\/maayan-de-landalousie-a-lorient-le-chant-des-femmes-sepharades\\\/#primaryimage\"},\"thumbnailUrl\":\"https:\\\/\\\/www.iemj.org\\\/wp-content\\\/uploads\\\/2011\\\/04\\\/Maayan_COUV.jpg\",\"datePublished\":\"2011-04-18T20:02:38+00:00\",\"dateModified\":\"2025-10-16T10:40:55+00:00\",\"breadcrumb\":{\"@id\":\"https:\\\/\\\/www.iemj.org\\\/de\\\/maayan-de-landalousie-a-lorient-le-chant-des-femmes-sepharades\\\/#breadcrumb\"},\"inLanguage\":\"de\",\"potentialAction\":[{\"@type\":\"ReadAction\",\"target\":[\"https:\\\/\\\/www.iemj.org\\\/de\\\/maayan-de-landalousie-a-lorient-le-chant-des-femmes-sepharades\\\/\"]}]},{\"@type\":\"ImageObject\",\"inLanguage\":\"de\",\"@id\":\"https:\\\/\\\/www.iemj.org\\\/de\\\/maayan-de-landalousie-a-lorient-le-chant-des-femmes-sepharades\\\/#primaryimage\",\"url\":\"https:\\\/\\\/www.iemj.org\\\/wp-content\\\/uploads\\\/2011\\\/04\\\/Maayan_COUV.jpg\",\"contentUrl\":\"https:\\\/\\\/www.iemj.org\\\/wp-content\\\/uploads\\\/2011\\\/04\\\/Maayan_COUV.jpg\",\"width\":350,\"height\":345},{\"@type\":\"BreadcrumbList\",\"@id\":\"https:\\\/\\\/www.iemj.org\\\/de\\\/maayan-de-landalousie-a-lorient-le-chant-des-femmes-sepharades\\\/#breadcrumb\",\"itemListElement\":[{\"@type\":\"ListItem\",\"position\":1,\"name\":\"Accueil\",\"item\":\"https:\\\/\\\/www.iemj.org\\\/de\\\/\"},{\"@type\":\"ListItem\",\"position\":2,\"name\":\"Maayan &#8211; De l&rsquo;Andalousie \u00e0 l&rsquo;Orient&#8230; Le chant des femmes s\u00e9pharades\"}]},{\"@type\":\"WebSite\",\"@id\":\"https:\\\/\\\/www.iemj.org\\\/de\\\/#website\",\"url\":\"https:\\\/\\\/www.iemj.org\\\/de\\\/\",\"name\":\"Institut Europ\u00e9en des Musiques Juives\",\"description\":\"Des traditions musicales \u00e0 la port\u00e9e de tous\",\"publisher\":{\"@id\":\"https:\\\/\\\/www.iemj.org\\\/de\\\/#organization\"},\"potentialAction\":[{\"@type\":\"SearchAction\",\"target\":{\"@type\":\"EntryPoint\",\"urlTemplate\":\"https:\\\/\\\/www.iemj.org\\\/de\\\/?s={search_term_string}\"},\"query-input\":{\"@type\":\"PropertyValueSpecification\",\"valueRequired\":true,\"valueName\":\"search_term_string\"}}],\"inLanguage\":\"de\"},{\"@type\":\"Organization\",\"@id\":\"https:\\\/\\\/www.iemj.org\\\/de\\\/#organization\",\"name\":\"Institut Europ\u00e9en des Musiques Juives\",\"url\":\"https:\\\/\\\/www.iemj.org\\\/de\\\/\",\"logo\":{\"@type\":\"ImageObject\",\"inLanguage\":\"de\",\"@id\":\"https:\\\/\\\/www.iemj.org\\\/de\\\/#\\\/schema\\\/logo\\\/image\\\/\",\"url\":\"https:\\\/\\\/www.iemj.org\\\/wp-content\\\/uploads\\\/2021\\\/09\\\/Logo-IEMJ-Paypal.jpg\",\"contentUrl\":\"https:\\\/\\\/www.iemj.org\\\/wp-content\\\/uploads\\\/2021\\\/09\\\/Logo-IEMJ-Paypal.jpg\",\"width\":150,\"height\":50,\"caption\":\"Institut Europ\u00e9en des Musiques Juives\"},\"image\":{\"@id\":\"https:\\\/\\\/www.iemj.org\\\/de\\\/#\\\/schema\\\/logo\\\/image\\\/\"},\"sameAs\":[\"https:\\\/\\\/www.facebook.com\\\/MusiquesJuives\\\/\",\"https:\\\/\\\/www.instagram.com\\\/musiquesjuives\\\/\",\"https:\\\/\\\/www.youtube.com\\\/user\\\/musiquesjuives\"]},{\"@type\":\"Person\",\"@id\":\"https:\\\/\\\/www.iemj.org\\\/de\\\/#\\\/schema\\\/person\\\/0dfc8632809ec10c9e7d4daf4f4b9f1c\",\"name\":\"Nicolas Fevre\",\"image\":{\"@type\":\"ImageObject\",\"inLanguage\":\"de\",\"@id\":\"https:\\\/\\\/secure.gravatar.com\\\/avatar\\\/d879fd262de3ba26caa7035b34c65f320aa09cf4c96889ac41d9325e287ccb7b?s=96&d=mm&r=g\",\"url\":\"https:\\\/\\\/secure.gravatar.com\\\/avatar\\\/d879fd262de3ba26caa7035b34c65f320aa09cf4c96889ac41d9325e287ccb7b?s=96&d=mm&r=g\",\"contentUrl\":\"https:\\\/\\\/secure.gravatar.com\\\/avatar\\\/d879fd262de3ba26caa7035b34c65f320aa09cf4c96889ac41d9325e287ccb7b?s=96&d=mm&r=g\",\"caption\":\"Nicolas Fevre\"}}]}<\/script>\n<!-- \/ Yoast SEO plugin. -->","yoast_head_json":{"title":"Maayan - De l'Andalousie \u00e0 l'Orient... Le chant des femmes s\u00e9pharades - Institut Europ\u00e9en des Musiques Juives","robots":{"index":"index","follow":"follow","max-snippet":"max-snippet:-1","max-image-preview":"max-image-preview:large","max-video-preview":"max-video-preview:-1"},"canonical":"https:\/\/www.iemj.org\/de\/maayan-de-landalousie-a-lorient-le-chant-des-femmes-sepharades\/","og_locale":"de_DE","og_type":"article","og_title":"Maayan - De l'Andalousie \u00e0 l'Orient... Le chant des femmes s\u00e9pharades - Institut Europ\u00e9en des Musiques Juives","og_description":"Das Europ\u00e4ische Institut f\u00fcr J\u00fcdische Musik freut sich, Ihnen eine Demo-CD der von Na\u00efma Chemoul gegr\u00fcndeten Gruppe Maayan vorstellen zu k\u00f6nnen. Maayan bedeutet auf Hebr\u00e4isch &#8222;Die Quellen&#8220;. Auf dieser CD","og_url":"https:\/\/www.iemj.org\/de\/maayan-de-landalousie-a-lorient-le-chant-des-femmes-sepharades\/","og_site_name":"Institut Europ\u00e9en des Musiques Juives","article_publisher":"https:\/\/www.facebook.com\/MusiquesJuives\/","article_published_time":"2011-04-18T20:02:38+00:00","article_modified_time":"2025-10-16T10:40:55+00:00","og_image":[{"width":350,"height":345,"url":"https:\/\/www.iemj.org\/wp-content\/uploads\/2011\/04\/Maayan_COUV.jpg","type":"image\/jpeg"}],"author":"Nicolas Fevre","twitter_card":"summary_large_image","twitter_misc":{"Verfasst von":"Nicolas Fevre","Gesch\u00e4tzte Lesezeit":"2\u00a0Minuten"},"schema":{"@context":"https:\/\/schema.org","@graph":[{"@type":"Article","@id":"https:\/\/www.iemj.org\/de\/maayan-de-landalousie-a-lorient-le-chant-des-femmes-sepharades\/#article","isPartOf":{"@id":"https:\/\/www.iemj.org\/de\/maayan-de-landalousie-a-lorient-le-chant-des-femmes-sepharades\/"},"author":{"name":"Nicolas Fevre","@id":"https:\/\/www.iemj.org\/de\/#\/schema\/person\/0dfc8632809ec10c9e7d4daf4f4b9f1c"},"headline":"Maayan &#8211; De l&#8217;Andalousie \u00e0 l&#8217;Orient&#8230; Le chant des femmes s\u00e9pharades","datePublished":"2011-04-18T20:02:38+00:00","dateModified":"2025-10-16T10:40:55+00:00","mainEntityOfPage":{"@id":"https:\/\/www.iemj.org\/de\/maayan-de-landalousie-a-lorient-le-chant-des-femmes-sepharades\/"},"wordCount":181,"publisher":{"@id":"https:\/\/www.iemj.org\/de\/#organization"},"image":{"@id":"https:\/\/www.iemj.org\/de\/maayan-de-landalousie-a-lorient-le-chant-des-femmes-sepharades\/#primaryimage"},"thumbnailUrl":"https:\/\/www.iemj.org\/wp-content\/uploads\/2011\/04\/Maayan_COUV.jpg","articleSection":["CD","Letzte Neuerwerbungen"],"inLanguage":"de"},{"@type":"WebPage","@id":"https:\/\/www.iemj.org\/de\/maayan-de-landalousie-a-lorient-le-chant-des-femmes-sepharades\/","url":"https:\/\/www.iemj.org\/de\/maayan-de-landalousie-a-lorient-le-chant-des-femmes-sepharades\/","name":"Maayan - De l'Andalousie \u00e0 l'Orient... Le chant des femmes s\u00e9pharades - Institut Europ\u00e9en des Musiques Juives","isPartOf":{"@id":"https:\/\/www.iemj.org\/de\/#website"},"primaryImageOfPage":{"@id":"https:\/\/www.iemj.org\/de\/maayan-de-landalousie-a-lorient-le-chant-des-femmes-sepharades\/#primaryimage"},"image":{"@id":"https:\/\/www.iemj.org\/de\/maayan-de-landalousie-a-lorient-le-chant-des-femmes-sepharades\/#primaryimage"},"thumbnailUrl":"https:\/\/www.iemj.org\/wp-content\/uploads\/2011\/04\/Maayan_COUV.jpg","datePublished":"2011-04-18T20:02:38+00:00","dateModified":"2025-10-16T10:40:55+00:00","breadcrumb":{"@id":"https:\/\/www.iemj.org\/de\/maayan-de-landalousie-a-lorient-le-chant-des-femmes-sepharades\/#breadcrumb"},"inLanguage":"de","potentialAction":[{"@type":"ReadAction","target":["https:\/\/www.iemj.org\/de\/maayan-de-landalousie-a-lorient-le-chant-des-femmes-sepharades\/"]}]},{"@type":"ImageObject","inLanguage":"de","@id":"https:\/\/www.iemj.org\/de\/maayan-de-landalousie-a-lorient-le-chant-des-femmes-sepharades\/#primaryimage","url":"https:\/\/www.iemj.org\/wp-content\/uploads\/2011\/04\/Maayan_COUV.jpg","contentUrl":"https:\/\/www.iemj.org\/wp-content\/uploads\/2011\/04\/Maayan_COUV.jpg","width":350,"height":345},{"@type":"BreadcrumbList","@id":"https:\/\/www.iemj.org\/de\/maayan-de-landalousie-a-lorient-le-chant-des-femmes-sepharades\/#breadcrumb","itemListElement":[{"@type":"ListItem","position":1,"name":"Accueil","item":"https:\/\/www.iemj.org\/de\/"},{"@type":"ListItem","position":2,"name":"Maayan &#8211; De l&rsquo;Andalousie \u00e0 l&rsquo;Orient&#8230; Le chant des femmes s\u00e9pharades"}]},{"@type":"WebSite","@id":"https:\/\/www.iemj.org\/de\/#website","url":"https:\/\/www.iemj.org\/de\/","name":"Institut Europ\u00e9en des Musiques Juives","description":"Des traditions musicales \u00e0 la port\u00e9e de tous","publisher":{"@id":"https:\/\/www.iemj.org\/de\/#organization"},"potentialAction":[{"@type":"SearchAction","target":{"@type":"EntryPoint","urlTemplate":"https:\/\/www.iemj.org\/de\/?s={search_term_string}"},"query-input":{"@type":"PropertyValueSpecification","valueRequired":true,"valueName":"search_term_string"}}],"inLanguage":"de"},{"@type":"Organization","@id":"https:\/\/www.iemj.org\/de\/#organization","name":"Institut Europ\u00e9en des Musiques Juives","url":"https:\/\/www.iemj.org\/de\/","logo":{"@type":"ImageObject","inLanguage":"de","@id":"https:\/\/www.iemj.org\/de\/#\/schema\/logo\/image\/","url":"https:\/\/www.iemj.org\/wp-content\/uploads\/2021\/09\/Logo-IEMJ-Paypal.jpg","contentUrl":"https:\/\/www.iemj.org\/wp-content\/uploads\/2021\/09\/Logo-IEMJ-Paypal.jpg","width":150,"height":50,"caption":"Institut Europ\u00e9en des Musiques Juives"},"image":{"@id":"https:\/\/www.iemj.org\/de\/#\/schema\/logo\/image\/"},"sameAs":["https:\/\/www.facebook.com\/MusiquesJuives\/","https:\/\/www.instagram.com\/musiquesjuives\/","https:\/\/www.youtube.com\/user\/musiquesjuives"]},{"@type":"Person","@id":"https:\/\/www.iemj.org\/de\/#\/schema\/person\/0dfc8632809ec10c9e7d4daf4f4b9f1c","name":"Nicolas Fevre","image":{"@type":"ImageObject","inLanguage":"de","@id":"https:\/\/secure.gravatar.com\/avatar\/d879fd262de3ba26caa7035b34c65f320aa09cf4c96889ac41d9325e287ccb7b?s=96&d=mm&r=g","url":"https:\/\/secure.gravatar.com\/avatar\/d879fd262de3ba26caa7035b34c65f320aa09cf4c96889ac41d9325e287ccb7b?s=96&d=mm&r=g","contentUrl":"https:\/\/secure.gravatar.com\/avatar\/d879fd262de3ba26caa7035b34c65f320aa09cf4c96889ac41d9325e287ccb7b?s=96&d=mm&r=g","caption":"Nicolas Fevre"}}]}},"_links":{"self":[{"href":"https:\/\/www.iemj.org\/de\/wp-json\/wp\/v2\/posts\/100863","targetHints":{"allow":["GET"]}}],"collection":[{"href":"https:\/\/www.iemj.org\/de\/wp-json\/wp\/v2\/posts"}],"about":[{"href":"https:\/\/www.iemj.org\/de\/wp-json\/wp\/v2\/types\/post"}],"author":[{"embeddable":true,"href":"https:\/\/www.iemj.org\/de\/wp-json\/wp\/v2\/users\/1047"}],"replies":[{"embeddable":true,"href":"https:\/\/www.iemj.org\/de\/wp-json\/wp\/v2\/comments?post=100863"}],"version-history":[{"count":2,"href":"https:\/\/www.iemj.org\/de\/wp-json\/wp\/v2\/posts\/100863\/revisions"}],"predecessor-version":[{"id":126968,"href":"https:\/\/www.iemj.org\/de\/wp-json\/wp\/v2\/posts\/100863\/revisions\/126968"}],"wp:featuredmedia":[{"embeddable":true,"href":"https:\/\/www.iemj.org\/de\/wp-json\/wp\/v2\/media\/39000"}],"wp:attachment":[{"href":"https:\/\/www.iemj.org\/de\/wp-json\/wp\/v2\/media?parent=100863"}],"wp:term":[{"taxonomy":"category","embeddable":true,"href":"https:\/\/www.iemj.org\/de\/wp-json\/wp\/v2\/categories?post=100863"},{"taxonomy":"post_tag","embeddable":true,"href":"https:\/\/www.iemj.org\/de\/wp-json\/wp\/v2\/tags?post=100863"},{"taxonomy":"technique","embeddable":true,"href":"https:\/\/www.iemj.org\/de\/wp-json\/wp\/v2\/technique?post=100863"},{"taxonomy":"squelettes","embeddable":true,"href":"https:\/\/www.iemj.org\/de\/wp-json\/wp\/v2\/squelettes?post=100863"},{"taxonomy":"sujet","embeddable":true,"href":"https:\/\/www.iemj.org\/de\/wp-json\/wp\/v2\/sujet?post=100863"},{"taxonomy":"formation","embeddable":true,"href":"https:\/\/www.iemj.org\/de\/wp-json\/wp\/v2\/formation?post=100863"},{"taxonomy":"genre","embeddable":true,"href":"https:\/\/www.iemj.org\/de\/wp-json\/wp\/v2\/genre?post=100863"},{"taxonomy":"fonds","embeddable":true,"href":"https:\/\/www.iemj.org\/de\/wp-json\/wp\/v2\/fonds?post=100863"},{"taxonomy":"tradition","embeddable":true,"href":"https:\/\/www.iemj.org\/de\/wp-json\/wp\/v2\/tradition?post=100863"},{"taxonomy":"type-de-contenu","embeddable":true,"href":"https:\/\/www.iemj.org\/de\/wp-json\/wp\/v2\/type-de-contenu?post=100863"},{"taxonomy":"interprete-compositeur","embeddable":true,"href":"https:\/\/www.iemj.org\/de\/wp-json\/wp\/v2\/interprete-compositeur?post=100863"},{"taxonomy":"frise","embeddable":true,"href":"https:\/\/www.iemj.org\/de\/wp-json\/wp\/v2\/frise?post=100863"},{"taxonomy":"type-devenement","embeddable":true,"href":"https:\/\/www.iemj.org\/de\/wp-json\/wp\/v2\/type-devenement?post=100863"},{"taxonomy":"tableaux-liens-externes","embeddable":true,"href":"https:\/\/www.iemj.org\/de\/wp-json\/wp\/v2\/tableaux-liens-externes?post=100863"}],"curies":[{"name":"wp","href":"https:\/\/api.w.org\/{rel}","templated":true}]}}