{"id":100998,"date":"2010-03-26T14:53:00","date_gmt":"2010-03-26T13:53:00","guid":{"rendered":"https:\/\/www.iemj.org\/new-king-of-klezmer-clarinet\/"},"modified":"2025-10-16T11:47:57","modified_gmt":"2025-10-16T09:47:57","slug":"new-king-of-klezmer-clarinet","status":"publish","type":"post","link":"https:\/\/www.iemj.org\/de\/new-king-of-klezmer-clarinet\/","title":{"rendered":"YOM &#8211; New King of Klezmer Clarinet"},"content":{"rendered":"<p>Buda Musique, 24-10-2008<\/p>\n<p><!--more-->Diese CD enth\u00e4lt 14 St\u00fccke, von denen die meisten dem galizisch-j\u00fcdischen Klarinettisten <a href=\"https:\/\/www.iemj.org\/de\/brandwein-naftule-1889-1963\/\">Naftule Brandwein<\/a> (1889-1963) zu verdanken sind. Yoms Aufnahmen w\u00fcrden den urspr\u00fcnglichen, wiedergefundenen Klezmer-Stil repr\u00e4sentieren.<\/p>\n<p>Als junger Virtuose auf der Klezmer-Klarinette erkundet Yom die Gebiete der traditionellen Musik, des zeitgen\u00f6ssischen Jazz und des Elektro. Schon fr\u00fch wurde er vom Spiel Naftule Brandweins (Pionier der Klezmerklarinette in den 1920er Jahren in New York) beeinflusst. Yom hat seine zeitgen\u00f6ssische Vision der Klezmermusik schnell zum Ausdruck gebracht, zun\u00e4chst im Rahmen von &#8222;L&#8217;Orient Express Moving Schnorers&#8220; und Klezmer Nova, dann insbesondere in seinem Duo mit dem Pianisten Denis Cuniot. In Zusammenarbeit mit Cuniuniot pr\u00e4sentiert er nun diese Hommage an den selbsternannten &#8222;<em>King of Klezmer Clarinet<\/em>&#8222;, Naftule Brandwein, im Quartett.<\/p>\n<p><a href=\"https:\/\/www.budamusique.com\/fr\/artistes\/view\/55\/yom\" target=\"_blank\" rel=\"noopener\">CD bestellen<\/a><\/p>\n<p><img fetchpriority=\"high\" decoding=\"async\" class=\"aligncenter size-full wp-image-110606\" src=\"https:\/\/www.iemj.org\/wp-content\/uploads\/2024\/03\/AUDIO-PLAYER.png\" alt=\"\" width=\"1210\" height=\"157\" srcset=\"https:\/\/www.iemj.org\/wp-content\/uploads\/2024\/03\/AUDIO-PLAYER.png 1210w, https:\/\/www.iemj.org\/wp-content\/uploads\/2024\/03\/AUDIO-PLAYER-300x39.png 300w, https:\/\/www.iemj.org\/wp-content\/uploads\/2024\/03\/AUDIO-PLAYER-1024x133.png 1024w, https:\/\/www.iemj.org\/wp-content\/uploads\/2024\/03\/AUDIO-PLAYER-768x100.png 768w, https:\/\/www.iemj.org\/wp-content\/uploads\/2024\/03\/AUDIO-PLAYER-600x78.png 600w\" sizes=\"(max-width: 1210px) 100vw, 1210px\" \/><\/p>\n","protected":false},"excerpt":{"rendered":"<p>Buda Musique, 24-10-2008<\/p>\n","protected":false},"author":1046,"featured_media":100999,"comment_status":"closed","ping_status":"closed","sticky":false,"template":"","format":"standard","meta":{"_acf_changed":false,"footnotes":""},"categories":[1571,1561],"tags":[],"technique":[],"squelettes":[],"sujet":[],"formation":[],"genre":[1875],"fonds":[],"tradition":[],"type-de-contenu":[],"interprete-compositeur":[],"frise":[],"type-devenement":[],"tableaux-liens-externes":[],"class_list":["post-100998","post","type-post","status-publish","format-standard","has-post-thumbnail","hentry","category-cd-de","category-letzte-neuerwerbungen-de","genre-klezmer-de"],"acf":[],"yoast_head":"<!-- This site is optimized with the Yoast SEO plugin v27.3 - https:\/\/yoast.com\/product\/yoast-seo-wordpress\/ -->\n<title>YOM - New King of Klezmer Clarinet - Institut Europ\u00e9en des Musiques Juives<\/title>\n<meta name=\"robots\" content=\"index, follow, max-snippet:-1, max-image-preview:large, max-video-preview:-1\" \/>\n<link rel=\"canonical\" href=\"https:\/\/www.iemj.org\/de\/new-king-of-klezmer-clarinet\/\" \/>\n<meta property=\"og:locale\" content=\"de_DE\" \/>\n<meta property=\"og:type\" content=\"article\" \/>\n<meta property=\"og:title\" content=\"YOM - New King of Klezmer Clarinet - Institut Europ\u00e9en des Musiques Juives\" \/>\n<meta property=\"og:description\" content=\"Buda Musique, 24-10-2008\" \/>\n<meta property=\"og:url\" content=\"https:\/\/www.iemj.org\/de\/new-king-of-klezmer-clarinet\/\" \/>\n<meta property=\"og:site_name\" content=\"Institut Europ\u00e9en des Musiques Juives\" \/>\n<meta property=\"article:publisher\" content=\"https:\/\/www.facebook.com\/MusiquesJuives\/\" \/>\n<meta property=\"article:published_time\" content=\"2010-03-26T13:53:00+00:00\" \/>\n<meta property=\"article:modified_time\" content=\"2025-10-16T09:47:57+00:00\" \/>\n<meta property=\"og:image\" content=\"https:\/\/www.iemj.org\/wp-content\/uploads\/2010\/03\/arton55.jpg\" \/>\n\t<meta property=\"og:image:width\" content=\"300\" \/>\n\t<meta property=\"og:image:height\" content=\"271\" \/>\n\t<meta property=\"og:image:type\" content=\"image\/jpeg\" \/>\n<meta name=\"author\" content=\"Isabelle Jouve\" \/>\n<meta name=\"twitter:card\" content=\"summary_large_image\" \/>\n<meta name=\"twitter:label1\" content=\"Verfasst von\" \/>\n\t<meta name=\"twitter:data1\" content=\"Isabelle Jouve\" \/>\n\t<meta name=\"twitter:label2\" content=\"Gesch\u00e4tzte Lesezeit\" \/>\n\t<meta name=\"twitter:data2\" content=\"2\u00a0Minuten\" \/>\n<script type=\"application\/ld+json\" class=\"yoast-schema-graph\">{\"@context\":\"https:\\\/\\\/schema.org\",\"@graph\":[{\"@type\":\"Article\",\"@id\":\"https:\\\/\\\/www.iemj.org\\\/de\\\/new-king-of-klezmer-clarinet\\\/#article\",\"isPartOf\":{\"@id\":\"https:\\\/\\\/www.iemj.org\\\/de\\\/new-king-of-klezmer-clarinet\\\/\"},\"author\":{\"name\":\"Isabelle Jouve\",\"@id\":\"https:\\\/\\\/www.iemj.org\\\/de\\\/#\\\/schema\\\/person\\\/94283a7f5a8b28a85fdab0ae54777472\"},\"headline\":\"YOM &#8211; New King of Klezmer Clarinet\",\"datePublished\":\"2010-03-26T13:53:00+00:00\",\"dateModified\":\"2025-10-16T09:47:57+00:00\",\"mainEntityOfPage\":{\"@id\":\"https:\\\/\\\/www.iemj.org\\\/de\\\/new-king-of-klezmer-clarinet\\\/\"},\"wordCount\":140,\"publisher\":{\"@id\":\"https:\\\/\\\/www.iemj.org\\\/de\\\/#organization\"},\"image\":{\"@id\":\"https:\\\/\\\/www.iemj.org\\\/de\\\/new-king-of-klezmer-clarinet\\\/#primaryimage\"},\"thumbnailUrl\":\"https:\\\/\\\/www.iemj.org\\\/wp-content\\\/uploads\\\/2010\\\/03\\\/arton55.jpg\",\"articleSection\":[\"CD\",\"Letzte Neuerwerbungen\"],\"inLanguage\":\"de\"},{\"@type\":\"WebPage\",\"@id\":\"https:\\\/\\\/www.iemj.org\\\/de\\\/new-king-of-klezmer-clarinet\\\/\",\"url\":\"https:\\\/\\\/www.iemj.org\\\/de\\\/new-king-of-klezmer-clarinet\\\/\",\"name\":\"YOM - New King of Klezmer Clarinet - Institut Europ\u00e9en des Musiques Juives\",\"isPartOf\":{\"@id\":\"https:\\\/\\\/www.iemj.org\\\/de\\\/#website\"},\"primaryImageOfPage\":{\"@id\":\"https:\\\/\\\/www.iemj.org\\\/de\\\/new-king-of-klezmer-clarinet\\\/#primaryimage\"},\"image\":{\"@id\":\"https:\\\/\\\/www.iemj.org\\\/de\\\/new-king-of-klezmer-clarinet\\\/#primaryimage\"},\"thumbnailUrl\":\"https:\\\/\\\/www.iemj.org\\\/wp-content\\\/uploads\\\/2010\\\/03\\\/arton55.jpg\",\"datePublished\":\"2010-03-26T13:53:00+00:00\",\"dateModified\":\"2025-10-16T09:47:57+00:00\",\"breadcrumb\":{\"@id\":\"https:\\\/\\\/www.iemj.org\\\/de\\\/new-king-of-klezmer-clarinet\\\/#breadcrumb\"},\"inLanguage\":\"de\",\"potentialAction\":[{\"@type\":\"ReadAction\",\"target\":[\"https:\\\/\\\/www.iemj.org\\\/de\\\/new-king-of-klezmer-clarinet\\\/\"]}]},{\"@type\":\"ImageObject\",\"inLanguage\":\"de\",\"@id\":\"https:\\\/\\\/www.iemj.org\\\/de\\\/new-king-of-klezmer-clarinet\\\/#primaryimage\",\"url\":\"https:\\\/\\\/www.iemj.org\\\/wp-content\\\/uploads\\\/2010\\\/03\\\/arton55.jpg\",\"contentUrl\":\"https:\\\/\\\/www.iemj.org\\\/wp-content\\\/uploads\\\/2010\\\/03\\\/arton55.jpg\",\"width\":300,\"height\":271},{\"@type\":\"BreadcrumbList\",\"@id\":\"https:\\\/\\\/www.iemj.org\\\/de\\\/new-king-of-klezmer-clarinet\\\/#breadcrumb\",\"itemListElement\":[{\"@type\":\"ListItem\",\"position\":1,\"name\":\"Accueil\",\"item\":\"https:\\\/\\\/www.iemj.org\\\/de\\\/\"},{\"@type\":\"ListItem\",\"position\":2,\"name\":\"YOM &#8211; New King of Klezmer Clarinet\"}]},{\"@type\":\"WebSite\",\"@id\":\"https:\\\/\\\/www.iemj.org\\\/de\\\/#website\",\"url\":\"https:\\\/\\\/www.iemj.org\\\/de\\\/\",\"name\":\"Institut Europ\u00e9en des Musiques Juives\",\"description\":\"Des traditions musicales \u00e0 la port\u00e9e de tous\",\"publisher\":{\"@id\":\"https:\\\/\\\/www.iemj.org\\\/de\\\/#organization\"},\"potentialAction\":[{\"@type\":\"SearchAction\",\"target\":{\"@type\":\"EntryPoint\",\"urlTemplate\":\"https:\\\/\\\/www.iemj.org\\\/de\\\/?s={search_term_string}\"},\"query-input\":{\"@type\":\"PropertyValueSpecification\",\"valueRequired\":true,\"valueName\":\"search_term_string\"}}],\"inLanguage\":\"de\"},{\"@type\":\"Organization\",\"@id\":\"https:\\\/\\\/www.iemj.org\\\/de\\\/#organization\",\"name\":\"Institut Europ\u00e9en des Musiques Juives\",\"url\":\"https:\\\/\\\/www.iemj.org\\\/de\\\/\",\"logo\":{\"@type\":\"ImageObject\",\"inLanguage\":\"de\",\"@id\":\"https:\\\/\\\/www.iemj.org\\\/de\\\/#\\\/schema\\\/logo\\\/image\\\/\",\"url\":\"https:\\\/\\\/www.iemj.org\\\/wp-content\\\/uploads\\\/2021\\\/09\\\/Logo-IEMJ-Paypal.jpg\",\"contentUrl\":\"https:\\\/\\\/www.iemj.org\\\/wp-content\\\/uploads\\\/2021\\\/09\\\/Logo-IEMJ-Paypal.jpg\",\"width\":150,\"height\":50,\"caption\":\"Institut Europ\u00e9en des Musiques Juives\"},\"image\":{\"@id\":\"https:\\\/\\\/www.iemj.org\\\/de\\\/#\\\/schema\\\/logo\\\/image\\\/\"},\"sameAs\":[\"https:\\\/\\\/www.facebook.com\\\/MusiquesJuives\\\/\",\"https:\\\/\\\/www.instagram.com\\\/musiquesjuives\\\/\",\"https:\\\/\\\/www.youtube.com\\\/user\\\/musiquesjuives\"]},{\"@type\":\"Person\",\"@id\":\"https:\\\/\\\/www.iemj.org\\\/de\\\/#\\\/schema\\\/person\\\/94283a7f5a8b28a85fdab0ae54777472\",\"name\":\"Isabelle Jouve\",\"image\":{\"@type\":\"ImageObject\",\"inLanguage\":\"de\",\"@id\":\"https:\\\/\\\/secure.gravatar.com\\\/avatar\\\/bc547a31cb8a12b3ffc0f7fcf1f2dbd4fc06e95ad13a451095d8316a6d5a59a6?s=96&d=mm&r=g\",\"url\":\"https:\\\/\\\/secure.gravatar.com\\\/avatar\\\/bc547a31cb8a12b3ffc0f7fcf1f2dbd4fc06e95ad13a451095d8316a6d5a59a6?s=96&d=mm&r=g\",\"contentUrl\":\"https:\\\/\\\/secure.gravatar.com\\\/avatar\\\/bc547a31cb8a12b3ffc0f7fcf1f2dbd4fc06e95ad13a451095d8316a6d5a59a6?s=96&d=mm&r=g\",\"caption\":\"Isabelle Jouve\"}}]}<\/script>\n<!-- \/ Yoast SEO plugin. -->","yoast_head_json":{"title":"YOM - New King of Klezmer Clarinet - Institut Europ\u00e9en des Musiques Juives","robots":{"index":"index","follow":"follow","max-snippet":"max-snippet:-1","max-image-preview":"max-image-preview:large","max-video-preview":"max-video-preview:-1"},"canonical":"https:\/\/www.iemj.org\/de\/new-king-of-klezmer-clarinet\/","og_locale":"de_DE","og_type":"article","og_title":"YOM - New King of Klezmer Clarinet - Institut Europ\u00e9en des Musiques Juives","og_description":"Buda Musique, 24-10-2008","og_url":"https:\/\/www.iemj.org\/de\/new-king-of-klezmer-clarinet\/","og_site_name":"Institut Europ\u00e9en des Musiques Juives","article_publisher":"https:\/\/www.facebook.com\/MusiquesJuives\/","article_published_time":"2010-03-26T13:53:00+00:00","article_modified_time":"2025-10-16T09:47:57+00:00","og_image":[{"width":300,"height":271,"url":"https:\/\/www.iemj.org\/wp-content\/uploads\/2010\/03\/arton55.jpg","type":"image\/jpeg"}],"author":"Isabelle Jouve","twitter_card":"summary_large_image","twitter_misc":{"Verfasst von":"Isabelle Jouve","Gesch\u00e4tzte Lesezeit":"2\u00a0Minuten"},"schema":{"@context":"https:\/\/schema.org","@graph":[{"@type":"Article","@id":"https:\/\/www.iemj.org\/de\/new-king-of-klezmer-clarinet\/#article","isPartOf":{"@id":"https:\/\/www.iemj.org\/de\/new-king-of-klezmer-clarinet\/"},"author":{"name":"Isabelle Jouve","@id":"https:\/\/www.iemj.org\/de\/#\/schema\/person\/94283a7f5a8b28a85fdab0ae54777472"},"headline":"YOM &#8211; New King of Klezmer Clarinet","datePublished":"2010-03-26T13:53:00+00:00","dateModified":"2025-10-16T09:47:57+00:00","mainEntityOfPage":{"@id":"https:\/\/www.iemj.org\/de\/new-king-of-klezmer-clarinet\/"},"wordCount":140,"publisher":{"@id":"https:\/\/www.iemj.org\/de\/#organization"},"image":{"@id":"https:\/\/www.iemj.org\/de\/new-king-of-klezmer-clarinet\/#primaryimage"},"thumbnailUrl":"https:\/\/www.iemj.org\/wp-content\/uploads\/2010\/03\/arton55.jpg","articleSection":["CD","Letzte Neuerwerbungen"],"inLanguage":"de"},{"@type":"WebPage","@id":"https:\/\/www.iemj.org\/de\/new-king-of-klezmer-clarinet\/","url":"https:\/\/www.iemj.org\/de\/new-king-of-klezmer-clarinet\/","name":"YOM - New King of Klezmer Clarinet - Institut Europ\u00e9en des Musiques Juives","isPartOf":{"@id":"https:\/\/www.iemj.org\/de\/#website"},"primaryImageOfPage":{"@id":"https:\/\/www.iemj.org\/de\/new-king-of-klezmer-clarinet\/#primaryimage"},"image":{"@id":"https:\/\/www.iemj.org\/de\/new-king-of-klezmer-clarinet\/#primaryimage"},"thumbnailUrl":"https:\/\/www.iemj.org\/wp-content\/uploads\/2010\/03\/arton55.jpg","datePublished":"2010-03-26T13:53:00+00:00","dateModified":"2025-10-16T09:47:57+00:00","breadcrumb":{"@id":"https:\/\/www.iemj.org\/de\/new-king-of-klezmer-clarinet\/#breadcrumb"},"inLanguage":"de","potentialAction":[{"@type":"ReadAction","target":["https:\/\/www.iemj.org\/de\/new-king-of-klezmer-clarinet\/"]}]},{"@type":"ImageObject","inLanguage":"de","@id":"https:\/\/www.iemj.org\/de\/new-king-of-klezmer-clarinet\/#primaryimage","url":"https:\/\/www.iemj.org\/wp-content\/uploads\/2010\/03\/arton55.jpg","contentUrl":"https:\/\/www.iemj.org\/wp-content\/uploads\/2010\/03\/arton55.jpg","width":300,"height":271},{"@type":"BreadcrumbList","@id":"https:\/\/www.iemj.org\/de\/new-king-of-klezmer-clarinet\/#breadcrumb","itemListElement":[{"@type":"ListItem","position":1,"name":"Accueil","item":"https:\/\/www.iemj.org\/de\/"},{"@type":"ListItem","position":2,"name":"YOM &#8211; New King of Klezmer Clarinet"}]},{"@type":"WebSite","@id":"https:\/\/www.iemj.org\/de\/#website","url":"https:\/\/www.iemj.org\/de\/","name":"Institut Europ\u00e9en des Musiques Juives","description":"Des traditions musicales \u00e0 la port\u00e9e de tous","publisher":{"@id":"https:\/\/www.iemj.org\/de\/#organization"},"potentialAction":[{"@type":"SearchAction","target":{"@type":"EntryPoint","urlTemplate":"https:\/\/www.iemj.org\/de\/?s={search_term_string}"},"query-input":{"@type":"PropertyValueSpecification","valueRequired":true,"valueName":"search_term_string"}}],"inLanguage":"de"},{"@type":"Organization","@id":"https:\/\/www.iemj.org\/de\/#organization","name":"Institut Europ\u00e9en des Musiques Juives","url":"https:\/\/www.iemj.org\/de\/","logo":{"@type":"ImageObject","inLanguage":"de","@id":"https:\/\/www.iemj.org\/de\/#\/schema\/logo\/image\/","url":"https:\/\/www.iemj.org\/wp-content\/uploads\/2021\/09\/Logo-IEMJ-Paypal.jpg","contentUrl":"https:\/\/www.iemj.org\/wp-content\/uploads\/2021\/09\/Logo-IEMJ-Paypal.jpg","width":150,"height":50,"caption":"Institut Europ\u00e9en des Musiques Juives"},"image":{"@id":"https:\/\/www.iemj.org\/de\/#\/schema\/logo\/image\/"},"sameAs":["https:\/\/www.facebook.com\/MusiquesJuives\/","https:\/\/www.instagram.com\/musiquesjuives\/","https:\/\/www.youtube.com\/user\/musiquesjuives"]},{"@type":"Person","@id":"https:\/\/www.iemj.org\/de\/#\/schema\/person\/94283a7f5a8b28a85fdab0ae54777472","name":"Isabelle Jouve","image":{"@type":"ImageObject","inLanguage":"de","@id":"https:\/\/secure.gravatar.com\/avatar\/bc547a31cb8a12b3ffc0f7fcf1f2dbd4fc06e95ad13a451095d8316a6d5a59a6?s=96&d=mm&r=g","url":"https:\/\/secure.gravatar.com\/avatar\/bc547a31cb8a12b3ffc0f7fcf1f2dbd4fc06e95ad13a451095d8316a6d5a59a6?s=96&d=mm&r=g","contentUrl":"https:\/\/secure.gravatar.com\/avatar\/bc547a31cb8a12b3ffc0f7fcf1f2dbd4fc06e95ad13a451095d8316a6d5a59a6?s=96&d=mm&r=g","caption":"Isabelle Jouve"}}]}},"_links":{"self":[{"href":"https:\/\/www.iemj.org\/de\/wp-json\/wp\/v2\/posts\/100998","targetHints":{"allow":["GET"]}}],"collection":[{"href":"https:\/\/www.iemj.org\/de\/wp-json\/wp\/v2\/posts"}],"about":[{"href":"https:\/\/www.iemj.org\/de\/wp-json\/wp\/v2\/types\/post"}],"author":[{"embeddable":true,"href":"https:\/\/www.iemj.org\/de\/wp-json\/wp\/v2\/users\/1046"}],"replies":[{"embeddable":true,"href":"https:\/\/www.iemj.org\/de\/wp-json\/wp\/v2\/comments?post=100998"}],"version-history":[{"count":1,"href":"https:\/\/www.iemj.org\/de\/wp-json\/wp\/v2\/posts\/100998\/revisions"}],"predecessor-version":[{"id":126924,"href":"https:\/\/www.iemj.org\/de\/wp-json\/wp\/v2\/posts\/100998\/revisions\/126924"}],"wp:featuredmedia":[{"embeddable":true,"href":"https:\/\/www.iemj.org\/de\/wp-json\/wp\/v2\/media\/100999"}],"wp:attachment":[{"href":"https:\/\/www.iemj.org\/de\/wp-json\/wp\/v2\/media?parent=100998"}],"wp:term":[{"taxonomy":"category","embeddable":true,"href":"https:\/\/www.iemj.org\/de\/wp-json\/wp\/v2\/categories?post=100998"},{"taxonomy":"post_tag","embeddable":true,"href":"https:\/\/www.iemj.org\/de\/wp-json\/wp\/v2\/tags?post=100998"},{"taxonomy":"technique","embeddable":true,"href":"https:\/\/www.iemj.org\/de\/wp-json\/wp\/v2\/technique?post=100998"},{"taxonomy":"squelettes","embeddable":true,"href":"https:\/\/www.iemj.org\/de\/wp-json\/wp\/v2\/squelettes?post=100998"},{"taxonomy":"sujet","embeddable":true,"href":"https:\/\/www.iemj.org\/de\/wp-json\/wp\/v2\/sujet?post=100998"},{"taxonomy":"formation","embeddable":true,"href":"https:\/\/www.iemj.org\/de\/wp-json\/wp\/v2\/formation?post=100998"},{"taxonomy":"genre","embeddable":true,"href":"https:\/\/www.iemj.org\/de\/wp-json\/wp\/v2\/genre?post=100998"},{"taxonomy":"fonds","embeddable":true,"href":"https:\/\/www.iemj.org\/de\/wp-json\/wp\/v2\/fonds?post=100998"},{"taxonomy":"tradition","embeddable":true,"href":"https:\/\/www.iemj.org\/de\/wp-json\/wp\/v2\/tradition?post=100998"},{"taxonomy":"type-de-contenu","embeddable":true,"href":"https:\/\/www.iemj.org\/de\/wp-json\/wp\/v2\/type-de-contenu?post=100998"},{"taxonomy":"interprete-compositeur","embeddable":true,"href":"https:\/\/www.iemj.org\/de\/wp-json\/wp\/v2\/interprete-compositeur?post=100998"},{"taxonomy":"frise","embeddable":true,"href":"https:\/\/www.iemj.org\/de\/wp-json\/wp\/v2\/frise?post=100998"},{"taxonomy":"type-devenement","embeddable":true,"href":"https:\/\/www.iemj.org\/de\/wp-json\/wp\/v2\/type-devenement?post=100998"},{"taxonomy":"tableaux-liens-externes","embeddable":true,"href":"https:\/\/www.iemj.org\/de\/wp-json\/wp\/v2\/tableaux-liens-externes?post=100998"}],"curies":[{"name":"wp","href":"https:\/\/api.w.org\/{rel}","templated":true}]}}