{"id":101240,"date":"2010-03-26T14:58:09","date_gmt":"2010-03-26T13:58:09","guid":{"rendered":"https:\/\/www.iemj.org\/plus-bleu-que-bleu\/"},"modified":"2025-10-16T12:10:55","modified_gmt":"2025-10-16T10:10:55","slug":"plus-bleu-que-bleu","status":"publish","type":"post","link":"https:\/\/www.iemj.org\/de\/plus-bleu-que-bleu\/","title":{"rendered":"Plus bleu que bleu"},"content":{"rendered":"<p>Das Album <em>Plus bleu que bleu<\/em> (2007-2008) erschien anl\u00e4sslich des zehnj\u00e4hrigen Bestehens der Band von Sylvie Sivann (die 1997 ein erstes Album bei Playasound ver\u00f6ffentlicht hatte). Das Album ist sehr pers\u00f6nlich gestaltet; es zeigt ihren Werdegang und die Musik, die sie schon immer bewegt hat.<\/p>\n<p>Dazu geh\u00f6ren ein Lied von Noa, das Sivann ins Franz\u00f6sische \u00fcbersetzt hat und singt, <em>Youkali<\/em> von Kurt Weill, das f\u00fcr eine Klezmer-Band arrangiert wurde, eine jiddische Ballade, gefolgt von einem Auszug aus einem Mozart-Quartett (die N\u00e4he der Themen ist beunruhigend!), ein katalanisches Lied, das auf Hebr\u00e4isch interpretiert wird, etc.<\/p>\n<p>Ein Album, das Sie entdecken sollten!<\/p>\n<p><img fetchpriority=\"high\" decoding=\"async\" class=\" aligncenter  wp-image-3208\" src=\"https:\/\/www.iemj.org\/wp-content\/uploads\/2010\/03\/cd_667_ombre.jpg\" alt=\"cd_667_ombre.jpg\" width=\"551\" height=\"467\" align=\"center\" \/><\/p>\n<p><a href=\"https:\/\/fr.shopping.rakuten.com\/offer\/buy\/97654277\/sivann-plus-bleu-que-bleu-cd-album.html\" target=\"_blank\" rel=\"noopener\">Die CD kaufen<\/a><\/p>\n\n<div class=\"wp-block-image\">\n<figure class=\"aligncenter size-large\"><img decoding=\"async\" width=\"1024\" height=\"133\" src=\"https:\/\/www.iemj.org\/wp-content\/uploads\/2024\/03\/AUDIO-PLAYER-1024x133.png\" alt=\"\" class=\"wp-image-110606\" srcset=\"https:\/\/www.iemj.org\/wp-content\/uploads\/2024\/03\/AUDIO-PLAYER-1024x133.png 1024w, https:\/\/www.iemj.org\/wp-content\/uploads\/2024\/03\/AUDIO-PLAYER-300x39.png 300w, https:\/\/www.iemj.org\/wp-content\/uploads\/2024\/03\/AUDIO-PLAYER-768x100.png 768w, https:\/\/www.iemj.org\/wp-content\/uploads\/2024\/03\/AUDIO-PLAYER-600x78.png 600w, https:\/\/www.iemj.org\/wp-content\/uploads\/2024\/03\/AUDIO-PLAYER.png 1210w\" sizes=\"(max-width: 1024px) 100vw, 1024px\" \/><\/figure>\n<\/div>\n\n\n<div class=\"wp-block-file\"><a id=\"wp-block-file--media-24262b42-9b56-444b-9bea-bf34be78269a\" href=\"https:\/\/www.iemj.org\/wp-content\/uploads\/2019\/01\/cd_667_01_ex.mp3\">Minoush &#8211; EXTRAIT<\/a><\/div>\n\n\n\n<div class=\"wp-block-file\"><a id=\"wp-block-file--media-220087a9-25c5-4b48-a614-f4b455709aee\" href=\"https:\/\/www.iemj.org\/wp-content\/uploads\/2019\/01\/cd_667_02_ex.mp3\">La comida de la manana &#8211; EXTRAIT<\/a><\/div>\n\n\n\n<div class=\"wp-block-file\"><a id=\"wp-block-file--media-74792c27-5569-42e0-9c19-22a5456cf781\" href=\"https:\/\/www.iemj.org\/wp-content\/uploads\/2019\/01\/cd_667_03_ex.mp3\">Akedat Itsh&#8217;ak &#8211; EXTRAIT<\/a><\/div>\n\n\n\n<div class=\"wp-block-file\"><a id=\"wp-block-file--media-dd7afff3-1ab6-44d2-8a07-0738c28efb6a\" href=\"https:\/\/www.iemj.org\/wp-content\/uploads\/2019\/01\/cd_667_04_ex.mp3\">Goldenem land\/Quatuor K421 W.A. Mozart &#8211; EXTRAIT<\/a><\/div>\n\n\n\n<div class=\"wp-block-file\"><a id=\"wp-block-file--media-13dccc3a-63d0-4705-a3a1-cead68893b58\" href=\"https:\/\/www.iemj.org\/wp-content\/uploads\/2019\/01\/cd_667_06_ex.mp3\">Freyleh&#8216; &#8211; EXTRAIT<\/a><\/div>\n\n\n\n<div class=\"wp-block-file\"><a id=\"wp-block-file--media-e928815b-ab22-49b3-a6e8-7aeb20bd4094\" href=\"https:\/\/www.iemj.org\/wp-content\/uploads\/2019\/01\/cd_667_07_ex.mp3\">Saposhkeleh&#8216; &#8211; EXTRAIT<\/a><\/div>\n\n\n\n<div class=\"wp-block-file\"><a id=\"wp-block-file--media-a74f0dfd-d60a-45b2-a1e3-74581c9309d2\" href=\"https:\/\/www.iemj.org\/wp-content\/uploads\/2019\/01\/cd_667_08_ex.mp3\">Ouri &#8211; EXTRAIT<\/a><\/div>\n\n\n\n<div class=\"wp-block-file\"><a id=\"wp-block-file--media-87c536d1-88cc-408d-b1cd-2c38902e7c8a\" href=\"https:\/\/www.iemj.org\/wp-content\/uploads\/2019\/01\/cd_667_09_ex.mp3\">Zol Zayn &#8211; EXTRAIT<\/a><\/div>\n\n\n\n<div class=\"wp-block-file\"><a id=\"wp-block-file--media-b5bad667-21c1-4c6c-8cfb-d8a59e891609\" href=\"https:\/\/www.iemj.org\/wp-content\/uploads\/2019\/01\/cd_667_10_ex.mp3\">Ma navou \/ Lev Tahor &#8211; EXTRAIT<\/a><\/div>\n","protected":false},"excerpt":{"rendered":"<p>Das Album Plus bleu que bleu (2007-2008) erschien anl\u00e4sslich des zehnj\u00e4hrigen Bestehens der Band von Sylvie Sivann (die 1997 ein erstes Album bei Playasound ver\u00f6ffentlicht hatte). Das Album ist sehr<\/p>\n","protected":false},"author":1046,"featured_media":40189,"comment_status":"closed","ping_status":"closed","sticky":false,"template":"","format":"standard","meta":{"_acf_changed":false,"footnotes":""},"categories":[1571,1561],"tags":[],"technique":[],"squelettes":[],"sujet":[],"formation":[],"genre":[1880,1888,1864],"fonds":[],"tradition":[],"type-de-contenu":[],"interprete-compositeur":[3228],"frise":[],"type-devenement":[],"tableaux-liens-externes":[],"class_list":["post-101240","post","type-post","status-publish","format-standard","has-post-thumbnail","hentry","category-cd-de","category-letzte-neuerwerbungen-de","genre-israellied-de","genre-judaisch-spanisch-de","genre-yiddish-de","interprete-compositeur-kurt-weill-de"],"acf":[],"yoast_head":"<!-- This site is optimized with the Yoast SEO plugin v27.3 - https:\/\/yoast.com\/product\/yoast-seo-wordpress\/ -->\n<title>Plus bleu que bleu - Institut Europ\u00e9en des Musiques Juives<\/title>\n<meta name=\"robots\" content=\"index, follow, max-snippet:-1, max-image-preview:large, max-video-preview:-1\" \/>\n<link rel=\"canonical\" href=\"https:\/\/www.iemj.org\/de\/plus-bleu-que-bleu\/\" \/>\n<meta property=\"og:locale\" content=\"de_DE\" \/>\n<meta property=\"og:type\" content=\"article\" \/>\n<meta property=\"og:title\" content=\"Plus bleu que bleu - Institut Europ\u00e9en des Musiques Juives\" \/>\n<meta property=\"og:description\" content=\"Das Album Plus bleu que bleu (2007-2008) erschien anl\u00e4sslich des zehnj\u00e4hrigen Bestehens der Band von Sylvie Sivann (die 1997 ein erstes Album bei Playasound ver\u00f6ffentlicht hatte). Das Album ist sehr\" \/>\n<meta property=\"og:url\" content=\"https:\/\/www.iemj.org\/de\/plus-bleu-que-bleu\/\" \/>\n<meta property=\"og:site_name\" content=\"Institut Europ\u00e9en des Musiques Juives\" \/>\n<meta property=\"article:publisher\" content=\"https:\/\/www.facebook.com\/MusiquesJuives\/\" \/>\n<meta property=\"article:published_time\" content=\"2010-03-26T13:58:09+00:00\" \/>\n<meta property=\"article:modified_time\" content=\"2025-10-16T10:10:55+00:00\" \/>\n<meta property=\"og:image\" content=\"https:\/\/www.iemj.org\/wp-content\/uploads\/2010\/03\/arton57-e1619947356765.jpg\" \/>\n\t<meta property=\"og:image:width\" content=\"1011\" \/>\n\t<meta property=\"og:image:height\" content=\"969\" \/>\n\t<meta property=\"og:image:type\" content=\"image\/jpeg\" \/>\n<meta name=\"author\" content=\"Isabelle Jouve\" \/>\n<meta name=\"twitter:card\" content=\"summary_large_image\" \/>\n<meta name=\"twitter:label1\" content=\"Verfasst von\" \/>\n\t<meta name=\"twitter:data1\" content=\"Isabelle Jouve\" \/>\n\t<meta name=\"twitter:label2\" content=\"Gesch\u00e4tzte Lesezeit\" \/>\n\t<meta name=\"twitter:data2\" content=\"2\u00a0Minuten\" \/>\n<script type=\"application\/ld+json\" class=\"yoast-schema-graph\">{\"@context\":\"https:\\\/\\\/schema.org\",\"@graph\":[{\"@type\":\"Article\",\"@id\":\"https:\\\/\\\/www.iemj.org\\\/de\\\/plus-bleu-que-bleu\\\/#article\",\"isPartOf\":{\"@id\":\"https:\\\/\\\/www.iemj.org\\\/de\\\/plus-bleu-que-bleu\\\/\"},\"author\":{\"name\":\"Isabelle Jouve\",\"@id\":\"https:\\\/\\\/www.iemj.org\\\/de\\\/#\\\/schema\\\/person\\\/94283a7f5a8b28a85fdab0ae54777472\"},\"headline\":\"Plus bleu que bleu\",\"datePublished\":\"2010-03-26T13:58:09+00:00\",\"dateModified\":\"2025-10-16T10:10:55+00:00\",\"mainEntityOfPage\":{\"@id\":\"https:\\\/\\\/www.iemj.org\\\/de\\\/plus-bleu-que-bleu\\\/\"},\"wordCount\":158,\"publisher\":{\"@id\":\"https:\\\/\\\/www.iemj.org\\\/de\\\/#organization\"},\"image\":{\"@id\":\"https:\\\/\\\/www.iemj.org\\\/de\\\/plus-bleu-que-bleu\\\/#primaryimage\"},\"thumbnailUrl\":\"https:\\\/\\\/www.iemj.org\\\/wp-content\\\/uploads\\\/2010\\\/03\\\/arton57-e1619947356765.jpg\",\"articleSection\":[\"CD\",\"Letzte Neuerwerbungen\"],\"inLanguage\":\"de\"},{\"@type\":\"WebPage\",\"@id\":\"https:\\\/\\\/www.iemj.org\\\/de\\\/plus-bleu-que-bleu\\\/\",\"url\":\"https:\\\/\\\/www.iemj.org\\\/de\\\/plus-bleu-que-bleu\\\/\",\"name\":\"Plus bleu que bleu - Institut Europ\u00e9en des Musiques Juives\",\"isPartOf\":{\"@id\":\"https:\\\/\\\/www.iemj.org\\\/de\\\/#website\"},\"primaryImageOfPage\":{\"@id\":\"https:\\\/\\\/www.iemj.org\\\/de\\\/plus-bleu-que-bleu\\\/#primaryimage\"},\"image\":{\"@id\":\"https:\\\/\\\/www.iemj.org\\\/de\\\/plus-bleu-que-bleu\\\/#primaryimage\"},\"thumbnailUrl\":\"https:\\\/\\\/www.iemj.org\\\/wp-content\\\/uploads\\\/2010\\\/03\\\/arton57-e1619947356765.jpg\",\"datePublished\":\"2010-03-26T13:58:09+00:00\",\"dateModified\":\"2025-10-16T10:10:55+00:00\",\"breadcrumb\":{\"@id\":\"https:\\\/\\\/www.iemj.org\\\/de\\\/plus-bleu-que-bleu\\\/#breadcrumb\"},\"inLanguage\":\"de\",\"potentialAction\":[{\"@type\":\"ReadAction\",\"target\":[\"https:\\\/\\\/www.iemj.org\\\/de\\\/plus-bleu-que-bleu\\\/\"]}]},{\"@type\":\"ImageObject\",\"inLanguage\":\"de\",\"@id\":\"https:\\\/\\\/www.iemj.org\\\/de\\\/plus-bleu-que-bleu\\\/#primaryimage\",\"url\":\"https:\\\/\\\/www.iemj.org\\\/wp-content\\\/uploads\\\/2010\\\/03\\\/arton57-e1619947356765.jpg\",\"contentUrl\":\"https:\\\/\\\/www.iemj.org\\\/wp-content\\\/uploads\\\/2010\\\/03\\\/arton57-e1619947356765.jpg\",\"width\":1011,\"height\":969},{\"@type\":\"BreadcrumbList\",\"@id\":\"https:\\\/\\\/www.iemj.org\\\/de\\\/plus-bleu-que-bleu\\\/#breadcrumb\",\"itemListElement\":[{\"@type\":\"ListItem\",\"position\":1,\"name\":\"Accueil\",\"item\":\"https:\\\/\\\/www.iemj.org\\\/de\\\/\"},{\"@type\":\"ListItem\",\"position\":2,\"name\":\"Plus bleu que bleu\"}]},{\"@type\":\"WebSite\",\"@id\":\"https:\\\/\\\/www.iemj.org\\\/de\\\/#website\",\"url\":\"https:\\\/\\\/www.iemj.org\\\/de\\\/\",\"name\":\"Institut Europ\u00e9en des Musiques Juives\",\"description\":\"Des traditions musicales \u00e0 la port\u00e9e de tous\",\"publisher\":{\"@id\":\"https:\\\/\\\/www.iemj.org\\\/de\\\/#organization\"},\"potentialAction\":[{\"@type\":\"SearchAction\",\"target\":{\"@type\":\"EntryPoint\",\"urlTemplate\":\"https:\\\/\\\/www.iemj.org\\\/de\\\/?s={search_term_string}\"},\"query-input\":{\"@type\":\"PropertyValueSpecification\",\"valueRequired\":true,\"valueName\":\"search_term_string\"}}],\"inLanguage\":\"de\"},{\"@type\":\"Organization\",\"@id\":\"https:\\\/\\\/www.iemj.org\\\/de\\\/#organization\",\"name\":\"Institut Europ\u00e9en des Musiques Juives\",\"url\":\"https:\\\/\\\/www.iemj.org\\\/de\\\/\",\"logo\":{\"@type\":\"ImageObject\",\"inLanguage\":\"de\",\"@id\":\"https:\\\/\\\/www.iemj.org\\\/de\\\/#\\\/schema\\\/logo\\\/image\\\/\",\"url\":\"https:\\\/\\\/www.iemj.org\\\/wp-content\\\/uploads\\\/2021\\\/09\\\/Logo-IEMJ-Paypal.jpg\",\"contentUrl\":\"https:\\\/\\\/www.iemj.org\\\/wp-content\\\/uploads\\\/2021\\\/09\\\/Logo-IEMJ-Paypal.jpg\",\"width\":150,\"height\":50,\"caption\":\"Institut Europ\u00e9en des Musiques Juives\"},\"image\":{\"@id\":\"https:\\\/\\\/www.iemj.org\\\/de\\\/#\\\/schema\\\/logo\\\/image\\\/\"},\"sameAs\":[\"https:\\\/\\\/www.facebook.com\\\/MusiquesJuives\\\/\",\"https:\\\/\\\/www.instagram.com\\\/musiquesjuives\\\/\",\"https:\\\/\\\/www.youtube.com\\\/user\\\/musiquesjuives\"]},{\"@type\":\"Person\",\"@id\":\"https:\\\/\\\/www.iemj.org\\\/de\\\/#\\\/schema\\\/person\\\/94283a7f5a8b28a85fdab0ae54777472\",\"name\":\"Isabelle Jouve\",\"image\":{\"@type\":\"ImageObject\",\"inLanguage\":\"de\",\"@id\":\"https:\\\/\\\/secure.gravatar.com\\\/avatar\\\/bc547a31cb8a12b3ffc0f7fcf1f2dbd4fc06e95ad13a451095d8316a6d5a59a6?s=96&d=mm&r=g\",\"url\":\"https:\\\/\\\/secure.gravatar.com\\\/avatar\\\/bc547a31cb8a12b3ffc0f7fcf1f2dbd4fc06e95ad13a451095d8316a6d5a59a6?s=96&d=mm&r=g\",\"contentUrl\":\"https:\\\/\\\/secure.gravatar.com\\\/avatar\\\/bc547a31cb8a12b3ffc0f7fcf1f2dbd4fc06e95ad13a451095d8316a6d5a59a6?s=96&d=mm&r=g\",\"caption\":\"Isabelle Jouve\"}}]}<\/script>\n<!-- \/ Yoast SEO plugin. -->","yoast_head_json":{"title":"Plus bleu que bleu - Institut Europ\u00e9en des Musiques Juives","robots":{"index":"index","follow":"follow","max-snippet":"max-snippet:-1","max-image-preview":"max-image-preview:large","max-video-preview":"max-video-preview:-1"},"canonical":"https:\/\/www.iemj.org\/de\/plus-bleu-que-bleu\/","og_locale":"de_DE","og_type":"article","og_title":"Plus bleu que bleu - Institut Europ\u00e9en des Musiques Juives","og_description":"Das Album Plus bleu que bleu (2007-2008) erschien anl\u00e4sslich des zehnj\u00e4hrigen Bestehens der Band von Sylvie Sivann (die 1997 ein erstes Album bei Playasound ver\u00f6ffentlicht hatte). Das Album ist sehr","og_url":"https:\/\/www.iemj.org\/de\/plus-bleu-que-bleu\/","og_site_name":"Institut Europ\u00e9en des Musiques Juives","article_publisher":"https:\/\/www.facebook.com\/MusiquesJuives\/","article_published_time":"2010-03-26T13:58:09+00:00","article_modified_time":"2025-10-16T10:10:55+00:00","og_image":[{"width":1011,"height":969,"url":"https:\/\/www.iemj.org\/wp-content\/uploads\/2010\/03\/arton57-e1619947356765.jpg","type":"image\/jpeg"}],"author":"Isabelle Jouve","twitter_card":"summary_large_image","twitter_misc":{"Verfasst von":"Isabelle Jouve","Gesch\u00e4tzte Lesezeit":"2\u00a0Minuten"},"schema":{"@context":"https:\/\/schema.org","@graph":[{"@type":"Article","@id":"https:\/\/www.iemj.org\/de\/plus-bleu-que-bleu\/#article","isPartOf":{"@id":"https:\/\/www.iemj.org\/de\/plus-bleu-que-bleu\/"},"author":{"name":"Isabelle Jouve","@id":"https:\/\/www.iemj.org\/de\/#\/schema\/person\/94283a7f5a8b28a85fdab0ae54777472"},"headline":"Plus bleu que bleu","datePublished":"2010-03-26T13:58:09+00:00","dateModified":"2025-10-16T10:10:55+00:00","mainEntityOfPage":{"@id":"https:\/\/www.iemj.org\/de\/plus-bleu-que-bleu\/"},"wordCount":158,"publisher":{"@id":"https:\/\/www.iemj.org\/de\/#organization"},"image":{"@id":"https:\/\/www.iemj.org\/de\/plus-bleu-que-bleu\/#primaryimage"},"thumbnailUrl":"https:\/\/www.iemj.org\/wp-content\/uploads\/2010\/03\/arton57-e1619947356765.jpg","articleSection":["CD","Letzte Neuerwerbungen"],"inLanguage":"de"},{"@type":"WebPage","@id":"https:\/\/www.iemj.org\/de\/plus-bleu-que-bleu\/","url":"https:\/\/www.iemj.org\/de\/plus-bleu-que-bleu\/","name":"Plus bleu que bleu - Institut Europ\u00e9en des Musiques Juives","isPartOf":{"@id":"https:\/\/www.iemj.org\/de\/#website"},"primaryImageOfPage":{"@id":"https:\/\/www.iemj.org\/de\/plus-bleu-que-bleu\/#primaryimage"},"image":{"@id":"https:\/\/www.iemj.org\/de\/plus-bleu-que-bleu\/#primaryimage"},"thumbnailUrl":"https:\/\/www.iemj.org\/wp-content\/uploads\/2010\/03\/arton57-e1619947356765.jpg","datePublished":"2010-03-26T13:58:09+00:00","dateModified":"2025-10-16T10:10:55+00:00","breadcrumb":{"@id":"https:\/\/www.iemj.org\/de\/plus-bleu-que-bleu\/#breadcrumb"},"inLanguage":"de","potentialAction":[{"@type":"ReadAction","target":["https:\/\/www.iemj.org\/de\/plus-bleu-que-bleu\/"]}]},{"@type":"ImageObject","inLanguage":"de","@id":"https:\/\/www.iemj.org\/de\/plus-bleu-que-bleu\/#primaryimage","url":"https:\/\/www.iemj.org\/wp-content\/uploads\/2010\/03\/arton57-e1619947356765.jpg","contentUrl":"https:\/\/www.iemj.org\/wp-content\/uploads\/2010\/03\/arton57-e1619947356765.jpg","width":1011,"height":969},{"@type":"BreadcrumbList","@id":"https:\/\/www.iemj.org\/de\/plus-bleu-que-bleu\/#breadcrumb","itemListElement":[{"@type":"ListItem","position":1,"name":"Accueil","item":"https:\/\/www.iemj.org\/de\/"},{"@type":"ListItem","position":2,"name":"Plus bleu que bleu"}]},{"@type":"WebSite","@id":"https:\/\/www.iemj.org\/de\/#website","url":"https:\/\/www.iemj.org\/de\/","name":"Institut Europ\u00e9en des Musiques Juives","description":"Des traditions musicales \u00e0 la port\u00e9e de tous","publisher":{"@id":"https:\/\/www.iemj.org\/de\/#organization"},"potentialAction":[{"@type":"SearchAction","target":{"@type":"EntryPoint","urlTemplate":"https:\/\/www.iemj.org\/de\/?s={search_term_string}"},"query-input":{"@type":"PropertyValueSpecification","valueRequired":true,"valueName":"search_term_string"}}],"inLanguage":"de"},{"@type":"Organization","@id":"https:\/\/www.iemj.org\/de\/#organization","name":"Institut Europ\u00e9en des Musiques Juives","url":"https:\/\/www.iemj.org\/de\/","logo":{"@type":"ImageObject","inLanguage":"de","@id":"https:\/\/www.iemj.org\/de\/#\/schema\/logo\/image\/","url":"https:\/\/www.iemj.org\/wp-content\/uploads\/2021\/09\/Logo-IEMJ-Paypal.jpg","contentUrl":"https:\/\/www.iemj.org\/wp-content\/uploads\/2021\/09\/Logo-IEMJ-Paypal.jpg","width":150,"height":50,"caption":"Institut Europ\u00e9en des Musiques Juives"},"image":{"@id":"https:\/\/www.iemj.org\/de\/#\/schema\/logo\/image\/"},"sameAs":["https:\/\/www.facebook.com\/MusiquesJuives\/","https:\/\/www.instagram.com\/musiquesjuives\/","https:\/\/www.youtube.com\/user\/musiquesjuives"]},{"@type":"Person","@id":"https:\/\/www.iemj.org\/de\/#\/schema\/person\/94283a7f5a8b28a85fdab0ae54777472","name":"Isabelle Jouve","image":{"@type":"ImageObject","inLanguage":"de","@id":"https:\/\/secure.gravatar.com\/avatar\/bc547a31cb8a12b3ffc0f7fcf1f2dbd4fc06e95ad13a451095d8316a6d5a59a6?s=96&d=mm&r=g","url":"https:\/\/secure.gravatar.com\/avatar\/bc547a31cb8a12b3ffc0f7fcf1f2dbd4fc06e95ad13a451095d8316a6d5a59a6?s=96&d=mm&r=g","contentUrl":"https:\/\/secure.gravatar.com\/avatar\/bc547a31cb8a12b3ffc0f7fcf1f2dbd4fc06e95ad13a451095d8316a6d5a59a6?s=96&d=mm&r=g","caption":"Isabelle Jouve"}}]}},"_links":{"self":[{"href":"https:\/\/www.iemj.org\/de\/wp-json\/wp\/v2\/posts\/101240","targetHints":{"allow":["GET"]}}],"collection":[{"href":"https:\/\/www.iemj.org\/de\/wp-json\/wp\/v2\/posts"}],"about":[{"href":"https:\/\/www.iemj.org\/de\/wp-json\/wp\/v2\/types\/post"}],"author":[{"embeddable":true,"href":"https:\/\/www.iemj.org\/de\/wp-json\/wp\/v2\/users\/1046"}],"replies":[{"embeddable":true,"href":"https:\/\/www.iemj.org\/de\/wp-json\/wp\/v2\/comments?post=101240"}],"version-history":[{"count":1,"href":"https:\/\/www.iemj.org\/de\/wp-json\/wp\/v2\/posts\/101240\/revisions"}],"predecessor-version":[{"id":126939,"href":"https:\/\/www.iemj.org\/de\/wp-json\/wp\/v2\/posts\/101240\/revisions\/126939"}],"wp:featuredmedia":[{"embeddable":true,"href":"https:\/\/www.iemj.org\/de\/wp-json\/wp\/v2\/media\/40189"}],"wp:attachment":[{"href":"https:\/\/www.iemj.org\/de\/wp-json\/wp\/v2\/media?parent=101240"}],"wp:term":[{"taxonomy":"category","embeddable":true,"href":"https:\/\/www.iemj.org\/de\/wp-json\/wp\/v2\/categories?post=101240"},{"taxonomy":"post_tag","embeddable":true,"href":"https:\/\/www.iemj.org\/de\/wp-json\/wp\/v2\/tags?post=101240"},{"taxonomy":"technique","embeddable":true,"href":"https:\/\/www.iemj.org\/de\/wp-json\/wp\/v2\/technique?post=101240"},{"taxonomy":"squelettes","embeddable":true,"href":"https:\/\/www.iemj.org\/de\/wp-json\/wp\/v2\/squelettes?post=101240"},{"taxonomy":"sujet","embeddable":true,"href":"https:\/\/www.iemj.org\/de\/wp-json\/wp\/v2\/sujet?post=101240"},{"taxonomy":"formation","embeddable":true,"href":"https:\/\/www.iemj.org\/de\/wp-json\/wp\/v2\/formation?post=101240"},{"taxonomy":"genre","embeddable":true,"href":"https:\/\/www.iemj.org\/de\/wp-json\/wp\/v2\/genre?post=101240"},{"taxonomy":"fonds","embeddable":true,"href":"https:\/\/www.iemj.org\/de\/wp-json\/wp\/v2\/fonds?post=101240"},{"taxonomy":"tradition","embeddable":true,"href":"https:\/\/www.iemj.org\/de\/wp-json\/wp\/v2\/tradition?post=101240"},{"taxonomy":"type-de-contenu","embeddable":true,"href":"https:\/\/www.iemj.org\/de\/wp-json\/wp\/v2\/type-de-contenu?post=101240"},{"taxonomy":"interprete-compositeur","embeddable":true,"href":"https:\/\/www.iemj.org\/de\/wp-json\/wp\/v2\/interprete-compositeur?post=101240"},{"taxonomy":"frise","embeddable":true,"href":"https:\/\/www.iemj.org\/de\/wp-json\/wp\/v2\/frise?post=101240"},{"taxonomy":"type-devenement","embeddable":true,"href":"https:\/\/www.iemj.org\/de\/wp-json\/wp\/v2\/type-devenement?post=101240"},{"taxonomy":"tableaux-liens-externes","embeddable":true,"href":"https:\/\/www.iemj.org\/de\/wp-json\/wp\/v2\/tableaux-liens-externes?post=101240"}],"curies":[{"name":"wp","href":"https:\/\/api.w.org\/{rel}","templated":true}]}}