{"id":101271,"date":"2013-02-17T13:27:40","date_gmt":"2013-02-17T12:27:40","guid":{"rendered":"https:\/\/www.iemj.org\/liturgie-juive-traditionnelle\/"},"modified":"2025-03-27T17:43:01","modified_gmt":"2025-03-27T16:43:01","slug":"liturgie-juive-traditionnelle","status":"publish","type":"post","link":"https:\/\/www.iemj.org\/de\/liturgie-juive-traditionnelle\/","title":{"rendered":"Liturgie juive traditionnelle"},"content":{"rendered":"<p>Der Kantor Michel Heymann hat Anfang 2013 all seine Aufnahmen dem Institut Europ\u00e9en des Musiques Juives geschenkt. Das IEMJ dankt ihm herzlich daf\u00fcr und freut sich, Ihnen eine der sieben Aufnahmen vorstellen zu k\u00f6nnen, die den Michel-Heymann-Fundus bilden, der nun in unseren Sammlungen f\u00fcr zuk\u00fcnftige Generationen bewahrt wird.<\/p>\n<p>Auf dieser CD h\u00f6ren wir die wichtigsten St\u00fccke der traditionellen j\u00fcdischen Achkenaze-Liturgie aus dem Elsass und Lothringen.<\/p>\n<p>Eine sch\u00f6ne Interpretation von Michel Heymann, Jacky Herrmann und Jean-Marc Isra\u00ebl, begleitet von Pascal Ferraro am Klavier.<\/p>\n<p><a href=\"https:\/\/www.iemj.org\/de\/heymann-michel-1952\/\" target=\"_blank\" rel=\"noopener\">Erfahren Sie mehr zu Michel Heymann<\/a><\/p>\n<p><a href=\"https:\/\/www.iemj.org\/de\/fonds-michel-heymann\/\" target=\"_blank\" rel=\"noopener\">Sehen Sie sich den Nachlass von Michel Heymann an<\/a><\/p>\n<p><a href=\"https:\/\/www.iemj.org\/de\/michel-heymann-et-la-liturgie-ashkenaze-de-la-vallee-du-rhin\/\" target=\"_blank\" rel=\"noopener\">Sehen Sie das Video \u201eMichel Heymann und die aschkenasische Liturgie im Rheintal\u201c.<\/a><\/p>\n<p><img fetchpriority=\"high\" decoding=\"async\" class=\"wp-image-5453 aligncenter\" title=\"Liturgie juive traditionnelle_4e couverture\" src=\"https:\/\/www.iemj.org\/wp-content\/uploads\/2013\/02\/4e_couv_cd_458.jpg\" alt=\"Liturgie juive traditionnelle_4e couverture\" width=\"399\" height=\"339\" align=\"left\" srcset=\"https:\/\/www.iemj.org\/wp-content\/uploads\/2013\/02\/4e_couv_cd_458.jpg 1608w, https:\/\/www.iemj.org\/wp-content\/uploads\/2013\/02\/4e_couv_cd_458-300x255.jpg 300w, https:\/\/www.iemj.org\/wp-content\/uploads\/2013\/02\/4e_couv_cd_458-1024x871.jpg 1024w, https:\/\/www.iemj.org\/wp-content\/uploads\/2013\/02\/4e_couv_cd_458-768x653.jpg 768w, https:\/\/www.iemj.org\/wp-content\/uploads\/2013\/02\/4e_couv_cd_458-1536x1307.jpg 1536w, https:\/\/www.iemj.org\/wp-content\/uploads\/2013\/02\/4e_couv_cd_458-600x510.jpg 600w\" sizes=\"(max-width: 399px) 100vw, 399px\" \/><\/p>\n<p>\u00a0<\/p>\n\n\n<figure class=\"wp-block-image size-large\"><img decoding=\"async\" width=\"1024\" height=\"133\" src=\"https:\/\/www.iemj.org\/wp-content\/uploads\/2024\/03\/AUDIO-PLAYER-1024x133.png\" alt=\"\" class=\"wp-image-110606\" srcset=\"https:\/\/www.iemj.org\/wp-content\/uploads\/2024\/03\/AUDIO-PLAYER-1024x133.png 1024w, https:\/\/www.iemj.org\/wp-content\/uploads\/2024\/03\/AUDIO-PLAYER-300x39.png 300w, https:\/\/www.iemj.org\/wp-content\/uploads\/2024\/03\/AUDIO-PLAYER-768x100.png 768w, https:\/\/www.iemj.org\/wp-content\/uploads\/2024\/03\/AUDIO-PLAYER-600x78.png 600w, https:\/\/www.iemj.org\/wp-content\/uploads\/2024\/03\/AUDIO-PLAYER.png 1210w\" sizes=\"(max-width: 1024px) 100vw, 1024px\" \/><\/figure>\n","protected":false},"excerpt":{"rendered":"<p>Der Kantor Michel Heymann hat Anfang 2013 all seine Aufnahmen dem Institut Europ\u00e9en des Musiques Juives geschenkt. Das IEMJ dankt ihm herzlich daf\u00fcr und freut sich, Ihnen eine der sieben<\/p>\n","protected":false},"author":1045,"featured_media":101272,"comment_status":"closed","ping_status":"open","sticky":false,"template":"","format":"standard","meta":{"_acf_changed":false,"footnotes":""},"categories":[1571,1561],"tags":[],"technique":[],"squelettes":[],"sujet":[2099],"formation":[],"genre":[1891],"fonds":[],"tradition":[1983],"type-de-contenu":[],"interprete-compositeur":[3268],"frise":[],"type-devenement":[],"tableaux-liens-externes":[],"class_list":["post-101271","post","type-post","status-publish","format-standard","has-post-thumbnail","hentry","category-cd-de","category-letzte-neuerwerbungen-de","sujet-elsass-lothringen-de","genre-liturgie-de","tradition-aschkenasischer-ritus-de","interprete-compositeur-michel-heymann-de"],"acf":[],"yoast_head":"<!-- This site is optimized with the Yoast SEO plugin v27.3 - https:\/\/yoast.com\/product\/yoast-seo-wordpress\/ -->\n<title>Liturgie juive traditionnelle - Institut Europ\u00e9en des Musiques Juives<\/title>\n<meta name=\"robots\" content=\"index, follow, max-snippet:-1, max-image-preview:large, max-video-preview:-1\" \/>\n<link rel=\"canonical\" href=\"https:\/\/www.iemj.org\/de\/liturgie-juive-traditionnelle\/\" \/>\n<meta property=\"og:locale\" content=\"de_DE\" \/>\n<meta property=\"og:type\" content=\"article\" \/>\n<meta property=\"og:title\" content=\"Liturgie juive traditionnelle - Institut Europ\u00e9en des Musiques Juives\" \/>\n<meta property=\"og:description\" content=\"Der Kantor Michel Heymann hat Anfang 2013 all seine Aufnahmen dem Institut Europ\u00e9en des Musiques Juives geschenkt. Das IEMJ dankt ihm herzlich daf\u00fcr und freut sich, Ihnen eine der sieben\" \/>\n<meta property=\"og:url\" content=\"https:\/\/www.iemj.org\/de\/liturgie-juive-traditionnelle\/\" \/>\n<meta property=\"og:site_name\" content=\"Institut Europ\u00e9en des Musiques Juives\" \/>\n<meta property=\"article:publisher\" content=\"https:\/\/www.facebook.com\/MusiquesJuives\/\" \/>\n<meta property=\"article:published_time\" content=\"2013-02-17T12:27:40+00:00\" \/>\n<meta property=\"article:modified_time\" content=\"2025-03-27T16:43:01+00:00\" \/>\n<meta property=\"og:image\" content=\"https:\/\/www.iemj.org\/wp-content\/uploads\/2013\/02\/arton651-e1619694374622.jpg\" \/>\n\t<meta property=\"og:image:width\" content=\"350\" \/>\n\t<meta property=\"og:image:height\" content=\"345\" \/>\n\t<meta property=\"og:image:type\" content=\"image\/jpeg\" \/>\n<meta name=\"author\" content=\"Herv\u00e9 Roten\" \/>\n<meta name=\"twitter:card\" content=\"summary_large_image\" \/>\n<meta name=\"twitter:label1\" content=\"Verfasst von\" \/>\n\t<meta name=\"twitter:data1\" content=\"Herv\u00e9 Roten\" \/>\n\t<meta name=\"twitter:label2\" content=\"Gesch\u00e4tzte Lesezeit\" \/>\n\t<meta name=\"twitter:data2\" content=\"2\u00a0Minuten\" \/>\n<script type=\"application\/ld+json\" class=\"yoast-schema-graph\">{\"@context\":\"https:\\\/\\\/schema.org\",\"@graph\":[{\"@type\":\"Article\",\"@id\":\"https:\\\/\\\/www.iemj.org\\\/de\\\/liturgie-juive-traditionnelle\\\/#article\",\"isPartOf\":{\"@id\":\"https:\\\/\\\/www.iemj.org\\\/de\\\/liturgie-juive-traditionnelle\\\/\"},\"author\":{\"name\":\"Herv\u00e9 Roten\",\"@id\":\"https:\\\/\\\/www.iemj.org\\\/de\\\/#\\\/schema\\\/person\\\/906134402c29d5c76e7b726261dd4bbd\"},\"headline\":\"Liturgie juive traditionnelle\",\"datePublished\":\"2013-02-17T12:27:40+00:00\",\"dateModified\":\"2025-03-27T16:43:01+00:00\",\"mainEntityOfPage\":{\"@id\":\"https:\\\/\\\/www.iemj.org\\\/de\\\/liturgie-juive-traditionnelle\\\/\"},\"wordCount\":121,\"publisher\":{\"@id\":\"https:\\\/\\\/www.iemj.org\\\/de\\\/#organization\"},\"image\":{\"@id\":\"https:\\\/\\\/www.iemj.org\\\/de\\\/liturgie-juive-traditionnelle\\\/#primaryimage\"},\"thumbnailUrl\":\"https:\\\/\\\/www.iemj.org\\\/wp-content\\\/uploads\\\/2013\\\/02\\\/arton651-e1619694374622.jpg\",\"articleSection\":[\"CD\",\"Letzte Neuerwerbungen\"],\"inLanguage\":\"de\"},{\"@type\":\"WebPage\",\"@id\":\"https:\\\/\\\/www.iemj.org\\\/de\\\/liturgie-juive-traditionnelle\\\/\",\"url\":\"https:\\\/\\\/www.iemj.org\\\/de\\\/liturgie-juive-traditionnelle\\\/\",\"name\":\"Liturgie juive traditionnelle - Institut Europ\u00e9en des Musiques Juives\",\"isPartOf\":{\"@id\":\"https:\\\/\\\/www.iemj.org\\\/de\\\/#website\"},\"primaryImageOfPage\":{\"@id\":\"https:\\\/\\\/www.iemj.org\\\/de\\\/liturgie-juive-traditionnelle\\\/#primaryimage\"},\"image\":{\"@id\":\"https:\\\/\\\/www.iemj.org\\\/de\\\/liturgie-juive-traditionnelle\\\/#primaryimage\"},\"thumbnailUrl\":\"https:\\\/\\\/www.iemj.org\\\/wp-content\\\/uploads\\\/2013\\\/02\\\/arton651-e1619694374622.jpg\",\"datePublished\":\"2013-02-17T12:27:40+00:00\",\"dateModified\":\"2025-03-27T16:43:01+00:00\",\"breadcrumb\":{\"@id\":\"https:\\\/\\\/www.iemj.org\\\/de\\\/liturgie-juive-traditionnelle\\\/#breadcrumb\"},\"inLanguage\":\"de\",\"potentialAction\":[{\"@type\":\"ReadAction\",\"target\":[\"https:\\\/\\\/www.iemj.org\\\/de\\\/liturgie-juive-traditionnelle\\\/\"]}]},{\"@type\":\"ImageObject\",\"inLanguage\":\"de\",\"@id\":\"https:\\\/\\\/www.iemj.org\\\/de\\\/liturgie-juive-traditionnelle\\\/#primaryimage\",\"url\":\"https:\\\/\\\/www.iemj.org\\\/wp-content\\\/uploads\\\/2013\\\/02\\\/arton651-e1619694374622.jpg\",\"contentUrl\":\"https:\\\/\\\/www.iemj.org\\\/wp-content\\\/uploads\\\/2013\\\/02\\\/arton651-e1619694374622.jpg\",\"width\":350,\"height\":345},{\"@type\":\"BreadcrumbList\",\"@id\":\"https:\\\/\\\/www.iemj.org\\\/de\\\/liturgie-juive-traditionnelle\\\/#breadcrumb\",\"itemListElement\":[{\"@type\":\"ListItem\",\"position\":1,\"name\":\"Accueil\",\"item\":\"https:\\\/\\\/www.iemj.org\\\/de\\\/\"},{\"@type\":\"ListItem\",\"position\":2,\"name\":\"Liturgie juive traditionnelle\"}]},{\"@type\":\"WebSite\",\"@id\":\"https:\\\/\\\/www.iemj.org\\\/de\\\/#website\",\"url\":\"https:\\\/\\\/www.iemj.org\\\/de\\\/\",\"name\":\"Institut Europ\u00e9en des Musiques Juives\",\"description\":\"Des traditions musicales \u00e0 la port\u00e9e de tous\",\"publisher\":{\"@id\":\"https:\\\/\\\/www.iemj.org\\\/de\\\/#organization\"},\"potentialAction\":[{\"@type\":\"SearchAction\",\"target\":{\"@type\":\"EntryPoint\",\"urlTemplate\":\"https:\\\/\\\/www.iemj.org\\\/de\\\/?s={search_term_string}\"},\"query-input\":{\"@type\":\"PropertyValueSpecification\",\"valueRequired\":true,\"valueName\":\"search_term_string\"}}],\"inLanguage\":\"de\"},{\"@type\":\"Organization\",\"@id\":\"https:\\\/\\\/www.iemj.org\\\/de\\\/#organization\",\"name\":\"Institut Europ\u00e9en des Musiques Juives\",\"url\":\"https:\\\/\\\/www.iemj.org\\\/de\\\/\",\"logo\":{\"@type\":\"ImageObject\",\"inLanguage\":\"de\",\"@id\":\"https:\\\/\\\/www.iemj.org\\\/de\\\/#\\\/schema\\\/logo\\\/image\\\/\",\"url\":\"https:\\\/\\\/www.iemj.org\\\/wp-content\\\/uploads\\\/2021\\\/09\\\/Logo-IEMJ-Paypal.jpg\",\"contentUrl\":\"https:\\\/\\\/www.iemj.org\\\/wp-content\\\/uploads\\\/2021\\\/09\\\/Logo-IEMJ-Paypal.jpg\",\"width\":150,\"height\":50,\"caption\":\"Institut Europ\u00e9en des Musiques Juives\"},\"image\":{\"@id\":\"https:\\\/\\\/www.iemj.org\\\/de\\\/#\\\/schema\\\/logo\\\/image\\\/\"},\"sameAs\":[\"https:\\\/\\\/www.facebook.com\\\/MusiquesJuives\\\/\",\"https:\\\/\\\/www.instagram.com\\\/musiquesjuives\\\/\",\"https:\\\/\\\/www.youtube.com\\\/user\\\/musiquesjuives\"]},{\"@type\":\"Person\",\"@id\":\"https:\\\/\\\/www.iemj.org\\\/de\\\/#\\\/schema\\\/person\\\/906134402c29d5c76e7b726261dd4bbd\",\"name\":\"Herv\u00e9 Roten\",\"image\":{\"@type\":\"ImageObject\",\"inLanguage\":\"de\",\"@id\":\"https:\\\/\\\/secure.gravatar.com\\\/avatar\\\/f96ad2db538a26481f18384936b5cd0610c92d390c4dc382209216d455f685ff?s=96&d=mm&r=g\",\"url\":\"https:\\\/\\\/secure.gravatar.com\\\/avatar\\\/f96ad2db538a26481f18384936b5cd0610c92d390c4dc382209216d455f685ff?s=96&d=mm&r=g\",\"contentUrl\":\"https:\\\/\\\/secure.gravatar.com\\\/avatar\\\/f96ad2db538a26481f18384936b5cd0610c92d390c4dc382209216d455f685ff?s=96&d=mm&r=g\",\"caption\":\"Herv\u00e9 Roten\"}}]}<\/script>\n<!-- \/ Yoast SEO plugin. -->","yoast_head_json":{"title":"Liturgie juive traditionnelle - Institut Europ\u00e9en des Musiques Juives","robots":{"index":"index","follow":"follow","max-snippet":"max-snippet:-1","max-image-preview":"max-image-preview:large","max-video-preview":"max-video-preview:-1"},"canonical":"https:\/\/www.iemj.org\/de\/liturgie-juive-traditionnelle\/","og_locale":"de_DE","og_type":"article","og_title":"Liturgie juive traditionnelle - Institut Europ\u00e9en des Musiques Juives","og_description":"Der Kantor Michel Heymann hat Anfang 2013 all seine Aufnahmen dem Institut Europ\u00e9en des Musiques Juives geschenkt. Das IEMJ dankt ihm herzlich daf\u00fcr und freut sich, Ihnen eine der sieben","og_url":"https:\/\/www.iemj.org\/de\/liturgie-juive-traditionnelle\/","og_site_name":"Institut Europ\u00e9en des Musiques Juives","article_publisher":"https:\/\/www.facebook.com\/MusiquesJuives\/","article_published_time":"2013-02-17T12:27:40+00:00","article_modified_time":"2025-03-27T16:43:01+00:00","og_image":[{"width":350,"height":345,"url":"https:\/\/www.iemj.org\/wp-content\/uploads\/2013\/02\/arton651-e1619694374622.jpg","type":"image\/jpeg"}],"author":"Herv\u00e9 Roten","twitter_card":"summary_large_image","twitter_misc":{"Verfasst von":"Herv\u00e9 Roten","Gesch\u00e4tzte Lesezeit":"2\u00a0Minuten"},"schema":{"@context":"https:\/\/schema.org","@graph":[{"@type":"Article","@id":"https:\/\/www.iemj.org\/de\/liturgie-juive-traditionnelle\/#article","isPartOf":{"@id":"https:\/\/www.iemj.org\/de\/liturgie-juive-traditionnelle\/"},"author":{"name":"Herv\u00e9 Roten","@id":"https:\/\/www.iemj.org\/de\/#\/schema\/person\/906134402c29d5c76e7b726261dd4bbd"},"headline":"Liturgie juive traditionnelle","datePublished":"2013-02-17T12:27:40+00:00","dateModified":"2025-03-27T16:43:01+00:00","mainEntityOfPage":{"@id":"https:\/\/www.iemj.org\/de\/liturgie-juive-traditionnelle\/"},"wordCount":121,"publisher":{"@id":"https:\/\/www.iemj.org\/de\/#organization"},"image":{"@id":"https:\/\/www.iemj.org\/de\/liturgie-juive-traditionnelle\/#primaryimage"},"thumbnailUrl":"https:\/\/www.iemj.org\/wp-content\/uploads\/2013\/02\/arton651-e1619694374622.jpg","articleSection":["CD","Letzte Neuerwerbungen"],"inLanguage":"de"},{"@type":"WebPage","@id":"https:\/\/www.iemj.org\/de\/liturgie-juive-traditionnelle\/","url":"https:\/\/www.iemj.org\/de\/liturgie-juive-traditionnelle\/","name":"Liturgie juive traditionnelle - Institut Europ\u00e9en des Musiques Juives","isPartOf":{"@id":"https:\/\/www.iemj.org\/de\/#website"},"primaryImageOfPage":{"@id":"https:\/\/www.iemj.org\/de\/liturgie-juive-traditionnelle\/#primaryimage"},"image":{"@id":"https:\/\/www.iemj.org\/de\/liturgie-juive-traditionnelle\/#primaryimage"},"thumbnailUrl":"https:\/\/www.iemj.org\/wp-content\/uploads\/2013\/02\/arton651-e1619694374622.jpg","datePublished":"2013-02-17T12:27:40+00:00","dateModified":"2025-03-27T16:43:01+00:00","breadcrumb":{"@id":"https:\/\/www.iemj.org\/de\/liturgie-juive-traditionnelle\/#breadcrumb"},"inLanguage":"de","potentialAction":[{"@type":"ReadAction","target":["https:\/\/www.iemj.org\/de\/liturgie-juive-traditionnelle\/"]}]},{"@type":"ImageObject","inLanguage":"de","@id":"https:\/\/www.iemj.org\/de\/liturgie-juive-traditionnelle\/#primaryimage","url":"https:\/\/www.iemj.org\/wp-content\/uploads\/2013\/02\/arton651-e1619694374622.jpg","contentUrl":"https:\/\/www.iemj.org\/wp-content\/uploads\/2013\/02\/arton651-e1619694374622.jpg","width":350,"height":345},{"@type":"BreadcrumbList","@id":"https:\/\/www.iemj.org\/de\/liturgie-juive-traditionnelle\/#breadcrumb","itemListElement":[{"@type":"ListItem","position":1,"name":"Accueil","item":"https:\/\/www.iemj.org\/de\/"},{"@type":"ListItem","position":2,"name":"Liturgie juive traditionnelle"}]},{"@type":"WebSite","@id":"https:\/\/www.iemj.org\/de\/#website","url":"https:\/\/www.iemj.org\/de\/","name":"Institut Europ\u00e9en des Musiques Juives","description":"Des traditions musicales \u00e0 la port\u00e9e de tous","publisher":{"@id":"https:\/\/www.iemj.org\/de\/#organization"},"potentialAction":[{"@type":"SearchAction","target":{"@type":"EntryPoint","urlTemplate":"https:\/\/www.iemj.org\/de\/?s={search_term_string}"},"query-input":{"@type":"PropertyValueSpecification","valueRequired":true,"valueName":"search_term_string"}}],"inLanguage":"de"},{"@type":"Organization","@id":"https:\/\/www.iemj.org\/de\/#organization","name":"Institut Europ\u00e9en des Musiques Juives","url":"https:\/\/www.iemj.org\/de\/","logo":{"@type":"ImageObject","inLanguage":"de","@id":"https:\/\/www.iemj.org\/de\/#\/schema\/logo\/image\/","url":"https:\/\/www.iemj.org\/wp-content\/uploads\/2021\/09\/Logo-IEMJ-Paypal.jpg","contentUrl":"https:\/\/www.iemj.org\/wp-content\/uploads\/2021\/09\/Logo-IEMJ-Paypal.jpg","width":150,"height":50,"caption":"Institut Europ\u00e9en des Musiques Juives"},"image":{"@id":"https:\/\/www.iemj.org\/de\/#\/schema\/logo\/image\/"},"sameAs":["https:\/\/www.facebook.com\/MusiquesJuives\/","https:\/\/www.instagram.com\/musiquesjuives\/","https:\/\/www.youtube.com\/user\/musiquesjuives"]},{"@type":"Person","@id":"https:\/\/www.iemj.org\/de\/#\/schema\/person\/906134402c29d5c76e7b726261dd4bbd","name":"Herv\u00e9 Roten","image":{"@type":"ImageObject","inLanguage":"de","@id":"https:\/\/secure.gravatar.com\/avatar\/f96ad2db538a26481f18384936b5cd0610c92d390c4dc382209216d455f685ff?s=96&d=mm&r=g","url":"https:\/\/secure.gravatar.com\/avatar\/f96ad2db538a26481f18384936b5cd0610c92d390c4dc382209216d455f685ff?s=96&d=mm&r=g","contentUrl":"https:\/\/secure.gravatar.com\/avatar\/f96ad2db538a26481f18384936b5cd0610c92d390c4dc382209216d455f685ff?s=96&d=mm&r=g","caption":"Herv\u00e9 Roten"}}]}},"_links":{"self":[{"href":"https:\/\/www.iemj.org\/de\/wp-json\/wp\/v2\/posts\/101271","targetHints":{"allow":["GET"]}}],"collection":[{"href":"https:\/\/www.iemj.org\/de\/wp-json\/wp\/v2\/posts"}],"about":[{"href":"https:\/\/www.iemj.org\/de\/wp-json\/wp\/v2\/types\/post"}],"author":[{"embeddable":true,"href":"https:\/\/www.iemj.org\/de\/wp-json\/wp\/v2\/users\/1045"}],"replies":[{"embeddable":true,"href":"https:\/\/www.iemj.org\/de\/wp-json\/wp\/v2\/comments?post=101271"}],"version-history":[{"count":0,"href":"https:\/\/www.iemj.org\/de\/wp-json\/wp\/v2\/posts\/101271\/revisions"}],"wp:featuredmedia":[{"embeddable":true,"href":"https:\/\/www.iemj.org\/de\/wp-json\/wp\/v2\/media\/101272"}],"wp:attachment":[{"href":"https:\/\/www.iemj.org\/de\/wp-json\/wp\/v2\/media?parent=101271"}],"wp:term":[{"taxonomy":"category","embeddable":true,"href":"https:\/\/www.iemj.org\/de\/wp-json\/wp\/v2\/categories?post=101271"},{"taxonomy":"post_tag","embeddable":true,"href":"https:\/\/www.iemj.org\/de\/wp-json\/wp\/v2\/tags?post=101271"},{"taxonomy":"technique","embeddable":true,"href":"https:\/\/www.iemj.org\/de\/wp-json\/wp\/v2\/technique?post=101271"},{"taxonomy":"squelettes","embeddable":true,"href":"https:\/\/www.iemj.org\/de\/wp-json\/wp\/v2\/squelettes?post=101271"},{"taxonomy":"sujet","embeddable":true,"href":"https:\/\/www.iemj.org\/de\/wp-json\/wp\/v2\/sujet?post=101271"},{"taxonomy":"formation","embeddable":true,"href":"https:\/\/www.iemj.org\/de\/wp-json\/wp\/v2\/formation?post=101271"},{"taxonomy":"genre","embeddable":true,"href":"https:\/\/www.iemj.org\/de\/wp-json\/wp\/v2\/genre?post=101271"},{"taxonomy":"fonds","embeddable":true,"href":"https:\/\/www.iemj.org\/de\/wp-json\/wp\/v2\/fonds?post=101271"},{"taxonomy":"tradition","embeddable":true,"href":"https:\/\/www.iemj.org\/de\/wp-json\/wp\/v2\/tradition?post=101271"},{"taxonomy":"type-de-contenu","embeddable":true,"href":"https:\/\/www.iemj.org\/de\/wp-json\/wp\/v2\/type-de-contenu?post=101271"},{"taxonomy":"interprete-compositeur","embeddable":true,"href":"https:\/\/www.iemj.org\/de\/wp-json\/wp\/v2\/interprete-compositeur?post=101271"},{"taxonomy":"frise","embeddable":true,"href":"https:\/\/www.iemj.org\/de\/wp-json\/wp\/v2\/frise?post=101271"},{"taxonomy":"type-devenement","embeddable":true,"href":"https:\/\/www.iemj.org\/de\/wp-json\/wp\/v2\/type-devenement?post=101271"},{"taxonomy":"tableaux-liens-externes","embeddable":true,"href":"https:\/\/www.iemj.org\/de\/wp-json\/wp\/v2\/tableaux-liens-externes?post=101271"}],"curies":[{"name":"wp","href":"https:\/\/api.w.org\/{rel}","templated":true}]}}