{"id":101340,"date":"2020-06-01T12:23:21","date_gmt":"2020-06-01T10:23:21","guid":{"rendered":"https:\/\/www.iemj.org\/yahad-project-tous-ensemble\/"},"modified":"2023-07-20T16:06:50","modified_gmt":"2023-07-20T14:06:50","slug":"yahad-project-tous-ensemble","status":"publish","type":"post","link":"https:\/\/www.iemj.org\/de\/yahad-project-tous-ensemble\/","title":{"rendered":"YAHAD Project &#8211; Tous ensemble"},"content":{"rendered":"<p><strong>Das Yahad-Projekt entstand w\u00e4hrend dem Lockdown (17. M\u00e4rz bis 11. Mai 2020), die von der franz\u00f6sischen Regierung nach dem Ausbruch der COVID-19-Epidemie verh\u00e4ngt wurde.<\/strong><\/p>\n<p><span style=\"font-size: inherit;\">Es entstand auf Initiative von Dan Leclaire, Produzent, und <\/span><a style=\"font-size: inherit;\" href=\"https:\/\/www.iemj.org\/de\/sabo-hector\/\">Hector Sabo<\/a><span style=\"font-size: inherit;\">, musikalischer Leiter der Ensembles <em>La Truite Lyrique<\/em> und <em>Les Polyphonies H\u00e9bra\u00efques de Strasbourg<\/em>. Hector Sabo bearbeitete f\u00fcr Chor, Klavier, Geige, Viola und Querfl\u00f6te den ersten Vers von Psalm 133: <em>Hine ma tov uma naim shevet achim gam <strong>yachad<\/strong><\/em> (Wie gut und angenehm ist es, wenn Br\u00fcder <strong>zusammen<\/strong> sind), gefolgt von zwei Versionen von <em>Osse chalom<\/em> (Der den Frieden schafft), die erste auf die Melodie eines ber\u00fchmten israelischen Liedes, die zweite auf die Melodie des f\u00fcnfstimmigen <em>Kaddischs<\/em> von<\/span><span style=\"font-size: inherit;\">\u00a0<\/span><a style=\"font-size: inherit;\" href=\"https:\/\/www.iemj.org\/de\/rossi-salomone-vers-1570-vers-1630\/\">Salomone Rossi<\/a><span style=\"font-size: inherit;\"> (Mantua, 1570-1630).<\/span><\/p>\n<p>Das auf dem <a href=\"https:\/\/www.youtube.com\/channel\/UCsFcntnmEI5A2w1F9VZ7ssw\">YouTube-Kanal von Radio Juda\u00efca Strasbourg<\/a>\u00a0ver\u00f6ffentlichte Video soll eine Hymne an das Leben und die Freude am Zusammensein durch die Musik sein.<\/p>\n<p>Die Tonmischung erfolgte durch das Studio Kawati und die Bildgestaltung durch Gabriel Goubet, mit der Koordination von Sol\u00e8ne Picard.<\/p>\n<p><a href=\"https:\/\/www.iemj.org\/de\/sabo-hector\/\" target=\"_blank\" rel=\"noopener\">Mehr \u00fcber Hector Sabo<\/a><br \/><a href=\"https:\/\/www.iemj.org\/de\/jacques-offenbach-et-ses-proches-de-la-synagogue-a-lopera\/\" target=\"_blank\" rel=\"noopener\">Mehr \u00fcber die CD Jacques Offenbach et ses proches, interpretiert von La Truite Lyrique unter Leitung von Hector Sabo<\/a><\/p>\n\n\n<figure class=\"wp-block-embed is-type-video is-provider-youtube wp-block-embed-youtube wp-embed-aspect-16-9 wp-has-aspect-ratio\"><div class=\"wp-block-embed__wrapper\">\n<iframe title=\"YAHAD PROJECT Hine Matov Osse Chalom\" width=\"640\" height=\"360\" src=\"https:\/\/www.youtube.com\/embed\/-6DpVeq_fWQ?feature=oembed\" frameborder=\"0\" allow=\"accelerometer; autoplay; clipboard-write; encrypted-media; gyroscope; picture-in-picture; web-share\" referrerpolicy=\"strict-origin-when-cross-origin\" allowfullscreen><\/iframe>\n<\/div><\/figure>\n","protected":false},"excerpt":{"rendered":"<p>Das Yahad-Projekt entstand w\u00e4hrend dem Lockdown (17. M\u00e4rz bis 11. Mai 2020), die von der franz\u00f6sischen Regierung nach dem Ausbruch der COVID-19-Epidemie verh\u00e4ngt wurde. Es entstand auf Initiative von Dan<\/p>\n","protected":false},"author":1045,"featured_media":101341,"comment_status":"closed","ping_status":"closed","sticky":false,"template":"","format":"standard","meta":{"_acf_changed":false,"footnotes":""},"categories":[1533],"tags":[],"technique":[],"squelettes":[],"sujet":[],"formation":[],"genre":[],"fonds":[],"tradition":[],"type-de-contenu":[],"interprete-compositeur":[],"frise":[],"type-devenement":[],"tableaux-liens-externes":[],"class_list":["post-101340","post","type-post","status-publish","format-standard","has-post-thumbnail","hentry","category-fernsehsendungen-videos-de"],"acf":[],"yoast_head":"<!-- This site is optimized with the Yoast SEO plugin v27.3 - https:\/\/yoast.com\/product\/yoast-seo-wordpress\/ -->\n<title>YAHAD Project - Tous ensemble - Institut Europ\u00e9en des Musiques Juives<\/title>\n<meta name=\"robots\" content=\"index, follow, max-snippet:-1, max-image-preview:large, max-video-preview:-1\" \/>\n<link rel=\"canonical\" href=\"https:\/\/www.iemj.org\/de\/yahad-project-tous-ensemble\/\" \/>\n<meta property=\"og:locale\" content=\"de_DE\" \/>\n<meta property=\"og:type\" content=\"article\" \/>\n<meta property=\"og:title\" content=\"YAHAD Project - Tous ensemble - Institut Europ\u00e9en des Musiques Juives\" \/>\n<meta property=\"og:description\" content=\"Das Yahad-Projekt entstand w\u00e4hrend dem Lockdown (17. M\u00e4rz bis 11. Mai 2020), die von der franz\u00f6sischen Regierung nach dem Ausbruch der COVID-19-Epidemie verh\u00e4ngt wurde. Es entstand auf Initiative von Dan\" \/>\n<meta property=\"og:url\" content=\"https:\/\/www.iemj.org\/de\/yahad-project-tous-ensemble\/\" \/>\n<meta property=\"og:site_name\" content=\"Institut Europ\u00e9en des Musiques Juives\" \/>\n<meta property=\"article:publisher\" content=\"https:\/\/www.facebook.com\/MusiquesJuives\/\" \/>\n<meta property=\"article:published_time\" content=\"2020-06-01T10:23:21+00:00\" \/>\n<meta property=\"article:modified_time\" content=\"2023-07-20T14:06:50+00:00\" \/>\n<meta property=\"og:image\" content=\"https:\/\/www.iemj.org\/wp-content\/uploads\/2020\/06\/arton4765-e1617276436950.jpg\" \/>\n\t<meta property=\"og:image:width\" content=\"350\" \/>\n\t<meta property=\"og:image:height\" content=\"355\" \/>\n\t<meta property=\"og:image:type\" content=\"image\/jpeg\" \/>\n<meta name=\"author\" content=\"Herv\u00e9 Roten\" \/>\n<meta name=\"twitter:card\" content=\"summary_large_image\" \/>\n<meta name=\"twitter:label1\" content=\"Verfasst von\" \/>\n\t<meta name=\"twitter:data1\" content=\"Herv\u00e9 Roten\" \/>\n\t<meta name=\"twitter:label2\" content=\"Gesch\u00e4tzte Lesezeit\" \/>\n\t<meta name=\"twitter:data2\" content=\"1\u00a0Minute\" \/>\n<script type=\"application\/ld+json\" class=\"yoast-schema-graph\">{\"@context\":\"https:\\\/\\\/schema.org\",\"@graph\":[{\"@type\":\"Article\",\"@id\":\"https:\\\/\\\/www.iemj.org\\\/de\\\/yahad-project-tous-ensemble\\\/#article\",\"isPartOf\":{\"@id\":\"https:\\\/\\\/www.iemj.org\\\/de\\\/yahad-project-tous-ensemble\\\/\"},\"author\":{\"name\":\"Herv\u00e9 Roten\",\"@id\":\"https:\\\/\\\/www.iemj.org\\\/de\\\/#\\\/schema\\\/person\\\/906134402c29d5c76e7b726261dd4bbd\"},\"headline\":\"YAHAD Project &#8211; Tous ensemble\",\"datePublished\":\"2020-06-01T10:23:21+00:00\",\"dateModified\":\"2023-07-20T14:06:50+00:00\",\"mainEntityOfPage\":{\"@id\":\"https:\\\/\\\/www.iemj.org\\\/de\\\/yahad-project-tous-ensemble\\\/\"},\"wordCount\":205,\"publisher\":{\"@id\":\"https:\\\/\\\/www.iemj.org\\\/de\\\/#organization\"},\"image\":{\"@id\":\"https:\\\/\\\/www.iemj.org\\\/de\\\/yahad-project-tous-ensemble\\\/#primaryimage\"},\"thumbnailUrl\":\"https:\\\/\\\/www.iemj.org\\\/wp-content\\\/uploads\\\/2020\\\/06\\\/arton4765-e1617276436950.jpg\",\"articleSection\":[\"Fernsehsendungen \\\/ Videos\"],\"inLanguage\":\"de\"},{\"@type\":\"WebPage\",\"@id\":\"https:\\\/\\\/www.iemj.org\\\/de\\\/yahad-project-tous-ensemble\\\/\",\"url\":\"https:\\\/\\\/www.iemj.org\\\/de\\\/yahad-project-tous-ensemble\\\/\",\"name\":\"YAHAD Project - Tous ensemble - Institut Europ\u00e9en des Musiques Juives\",\"isPartOf\":{\"@id\":\"https:\\\/\\\/www.iemj.org\\\/de\\\/#website\"},\"primaryImageOfPage\":{\"@id\":\"https:\\\/\\\/www.iemj.org\\\/de\\\/yahad-project-tous-ensemble\\\/#primaryimage\"},\"image\":{\"@id\":\"https:\\\/\\\/www.iemj.org\\\/de\\\/yahad-project-tous-ensemble\\\/#primaryimage\"},\"thumbnailUrl\":\"https:\\\/\\\/www.iemj.org\\\/wp-content\\\/uploads\\\/2020\\\/06\\\/arton4765-e1617276436950.jpg\",\"datePublished\":\"2020-06-01T10:23:21+00:00\",\"dateModified\":\"2023-07-20T14:06:50+00:00\",\"breadcrumb\":{\"@id\":\"https:\\\/\\\/www.iemj.org\\\/de\\\/yahad-project-tous-ensemble\\\/#breadcrumb\"},\"inLanguage\":\"de\",\"potentialAction\":[{\"@type\":\"ReadAction\",\"target\":[\"https:\\\/\\\/www.iemj.org\\\/de\\\/yahad-project-tous-ensemble\\\/\"]}]},{\"@type\":\"ImageObject\",\"inLanguage\":\"de\",\"@id\":\"https:\\\/\\\/www.iemj.org\\\/de\\\/yahad-project-tous-ensemble\\\/#primaryimage\",\"url\":\"https:\\\/\\\/www.iemj.org\\\/wp-content\\\/uploads\\\/2020\\\/06\\\/arton4765-e1617276436950.jpg\",\"contentUrl\":\"https:\\\/\\\/www.iemj.org\\\/wp-content\\\/uploads\\\/2020\\\/06\\\/arton4765-e1617276436950.jpg\",\"width\":350,\"height\":355},{\"@type\":\"BreadcrumbList\",\"@id\":\"https:\\\/\\\/www.iemj.org\\\/de\\\/yahad-project-tous-ensemble\\\/#breadcrumb\",\"itemListElement\":[{\"@type\":\"ListItem\",\"position\":1,\"name\":\"Accueil\",\"item\":\"https:\\\/\\\/www.iemj.org\\\/de\\\/\"},{\"@type\":\"ListItem\",\"position\":2,\"name\":\"YAHAD Project &#8211; Tous ensemble\"}]},{\"@type\":\"WebSite\",\"@id\":\"https:\\\/\\\/www.iemj.org\\\/de\\\/#website\",\"url\":\"https:\\\/\\\/www.iemj.org\\\/de\\\/\",\"name\":\"Institut Europ\u00e9en des Musiques Juives\",\"description\":\"Des traditions musicales \u00e0 la port\u00e9e de tous\",\"publisher\":{\"@id\":\"https:\\\/\\\/www.iemj.org\\\/de\\\/#organization\"},\"potentialAction\":[{\"@type\":\"SearchAction\",\"target\":{\"@type\":\"EntryPoint\",\"urlTemplate\":\"https:\\\/\\\/www.iemj.org\\\/de\\\/?s={search_term_string}\"},\"query-input\":{\"@type\":\"PropertyValueSpecification\",\"valueRequired\":true,\"valueName\":\"search_term_string\"}}],\"inLanguage\":\"de\"},{\"@type\":\"Organization\",\"@id\":\"https:\\\/\\\/www.iemj.org\\\/de\\\/#organization\",\"name\":\"Institut Europ\u00e9en des Musiques Juives\",\"url\":\"https:\\\/\\\/www.iemj.org\\\/de\\\/\",\"logo\":{\"@type\":\"ImageObject\",\"inLanguage\":\"de\",\"@id\":\"https:\\\/\\\/www.iemj.org\\\/de\\\/#\\\/schema\\\/logo\\\/image\\\/\",\"url\":\"https:\\\/\\\/www.iemj.org\\\/wp-content\\\/uploads\\\/2021\\\/09\\\/Logo-IEMJ-Paypal.jpg\",\"contentUrl\":\"https:\\\/\\\/www.iemj.org\\\/wp-content\\\/uploads\\\/2021\\\/09\\\/Logo-IEMJ-Paypal.jpg\",\"width\":150,\"height\":50,\"caption\":\"Institut Europ\u00e9en des Musiques Juives\"},\"image\":{\"@id\":\"https:\\\/\\\/www.iemj.org\\\/de\\\/#\\\/schema\\\/logo\\\/image\\\/\"},\"sameAs\":[\"https:\\\/\\\/www.facebook.com\\\/MusiquesJuives\\\/\",\"https:\\\/\\\/www.instagram.com\\\/musiquesjuives\\\/\",\"https:\\\/\\\/www.youtube.com\\\/user\\\/musiquesjuives\"]},{\"@type\":\"Person\",\"@id\":\"https:\\\/\\\/www.iemj.org\\\/de\\\/#\\\/schema\\\/person\\\/906134402c29d5c76e7b726261dd4bbd\",\"name\":\"Herv\u00e9 Roten\",\"image\":{\"@type\":\"ImageObject\",\"inLanguage\":\"de\",\"@id\":\"https:\\\/\\\/secure.gravatar.com\\\/avatar\\\/f96ad2db538a26481f18384936b5cd0610c92d390c4dc382209216d455f685ff?s=96&d=mm&r=g\",\"url\":\"https:\\\/\\\/secure.gravatar.com\\\/avatar\\\/f96ad2db538a26481f18384936b5cd0610c92d390c4dc382209216d455f685ff?s=96&d=mm&r=g\",\"contentUrl\":\"https:\\\/\\\/secure.gravatar.com\\\/avatar\\\/f96ad2db538a26481f18384936b5cd0610c92d390c4dc382209216d455f685ff?s=96&d=mm&r=g\",\"caption\":\"Herv\u00e9 Roten\"}}]}<\/script>\n<!-- \/ Yoast SEO plugin. -->","yoast_head_json":{"title":"YAHAD Project - Tous ensemble - Institut Europ\u00e9en des Musiques Juives","robots":{"index":"index","follow":"follow","max-snippet":"max-snippet:-1","max-image-preview":"max-image-preview:large","max-video-preview":"max-video-preview:-1"},"canonical":"https:\/\/www.iemj.org\/de\/yahad-project-tous-ensemble\/","og_locale":"de_DE","og_type":"article","og_title":"YAHAD Project - Tous ensemble - Institut Europ\u00e9en des Musiques Juives","og_description":"Das Yahad-Projekt entstand w\u00e4hrend dem Lockdown (17. M\u00e4rz bis 11. Mai 2020), die von der franz\u00f6sischen Regierung nach dem Ausbruch der COVID-19-Epidemie verh\u00e4ngt wurde. Es entstand auf Initiative von Dan","og_url":"https:\/\/www.iemj.org\/de\/yahad-project-tous-ensemble\/","og_site_name":"Institut Europ\u00e9en des Musiques Juives","article_publisher":"https:\/\/www.facebook.com\/MusiquesJuives\/","article_published_time":"2020-06-01T10:23:21+00:00","article_modified_time":"2023-07-20T14:06:50+00:00","og_image":[{"width":350,"height":355,"url":"https:\/\/www.iemj.org\/wp-content\/uploads\/2020\/06\/arton4765-e1617276436950.jpg","type":"image\/jpeg"}],"author":"Herv\u00e9 Roten","twitter_card":"summary_large_image","twitter_misc":{"Verfasst von":"Herv\u00e9 Roten","Gesch\u00e4tzte Lesezeit":"1\u00a0Minute"},"schema":{"@context":"https:\/\/schema.org","@graph":[{"@type":"Article","@id":"https:\/\/www.iemj.org\/de\/yahad-project-tous-ensemble\/#article","isPartOf":{"@id":"https:\/\/www.iemj.org\/de\/yahad-project-tous-ensemble\/"},"author":{"name":"Herv\u00e9 Roten","@id":"https:\/\/www.iemj.org\/de\/#\/schema\/person\/906134402c29d5c76e7b726261dd4bbd"},"headline":"YAHAD Project &#8211; Tous ensemble","datePublished":"2020-06-01T10:23:21+00:00","dateModified":"2023-07-20T14:06:50+00:00","mainEntityOfPage":{"@id":"https:\/\/www.iemj.org\/de\/yahad-project-tous-ensemble\/"},"wordCount":205,"publisher":{"@id":"https:\/\/www.iemj.org\/de\/#organization"},"image":{"@id":"https:\/\/www.iemj.org\/de\/yahad-project-tous-ensemble\/#primaryimage"},"thumbnailUrl":"https:\/\/www.iemj.org\/wp-content\/uploads\/2020\/06\/arton4765-e1617276436950.jpg","articleSection":["Fernsehsendungen \/ Videos"],"inLanguage":"de"},{"@type":"WebPage","@id":"https:\/\/www.iemj.org\/de\/yahad-project-tous-ensemble\/","url":"https:\/\/www.iemj.org\/de\/yahad-project-tous-ensemble\/","name":"YAHAD Project - Tous ensemble - Institut Europ\u00e9en des Musiques Juives","isPartOf":{"@id":"https:\/\/www.iemj.org\/de\/#website"},"primaryImageOfPage":{"@id":"https:\/\/www.iemj.org\/de\/yahad-project-tous-ensemble\/#primaryimage"},"image":{"@id":"https:\/\/www.iemj.org\/de\/yahad-project-tous-ensemble\/#primaryimage"},"thumbnailUrl":"https:\/\/www.iemj.org\/wp-content\/uploads\/2020\/06\/arton4765-e1617276436950.jpg","datePublished":"2020-06-01T10:23:21+00:00","dateModified":"2023-07-20T14:06:50+00:00","breadcrumb":{"@id":"https:\/\/www.iemj.org\/de\/yahad-project-tous-ensemble\/#breadcrumb"},"inLanguage":"de","potentialAction":[{"@type":"ReadAction","target":["https:\/\/www.iemj.org\/de\/yahad-project-tous-ensemble\/"]}]},{"@type":"ImageObject","inLanguage":"de","@id":"https:\/\/www.iemj.org\/de\/yahad-project-tous-ensemble\/#primaryimage","url":"https:\/\/www.iemj.org\/wp-content\/uploads\/2020\/06\/arton4765-e1617276436950.jpg","contentUrl":"https:\/\/www.iemj.org\/wp-content\/uploads\/2020\/06\/arton4765-e1617276436950.jpg","width":350,"height":355},{"@type":"BreadcrumbList","@id":"https:\/\/www.iemj.org\/de\/yahad-project-tous-ensemble\/#breadcrumb","itemListElement":[{"@type":"ListItem","position":1,"name":"Accueil","item":"https:\/\/www.iemj.org\/de\/"},{"@type":"ListItem","position":2,"name":"YAHAD Project &#8211; Tous ensemble"}]},{"@type":"WebSite","@id":"https:\/\/www.iemj.org\/de\/#website","url":"https:\/\/www.iemj.org\/de\/","name":"Institut Europ\u00e9en des Musiques Juives","description":"Des traditions musicales \u00e0 la port\u00e9e de tous","publisher":{"@id":"https:\/\/www.iemj.org\/de\/#organization"},"potentialAction":[{"@type":"SearchAction","target":{"@type":"EntryPoint","urlTemplate":"https:\/\/www.iemj.org\/de\/?s={search_term_string}"},"query-input":{"@type":"PropertyValueSpecification","valueRequired":true,"valueName":"search_term_string"}}],"inLanguage":"de"},{"@type":"Organization","@id":"https:\/\/www.iemj.org\/de\/#organization","name":"Institut Europ\u00e9en des Musiques Juives","url":"https:\/\/www.iemj.org\/de\/","logo":{"@type":"ImageObject","inLanguage":"de","@id":"https:\/\/www.iemj.org\/de\/#\/schema\/logo\/image\/","url":"https:\/\/www.iemj.org\/wp-content\/uploads\/2021\/09\/Logo-IEMJ-Paypal.jpg","contentUrl":"https:\/\/www.iemj.org\/wp-content\/uploads\/2021\/09\/Logo-IEMJ-Paypal.jpg","width":150,"height":50,"caption":"Institut Europ\u00e9en des Musiques Juives"},"image":{"@id":"https:\/\/www.iemj.org\/de\/#\/schema\/logo\/image\/"},"sameAs":["https:\/\/www.facebook.com\/MusiquesJuives\/","https:\/\/www.instagram.com\/musiquesjuives\/","https:\/\/www.youtube.com\/user\/musiquesjuives"]},{"@type":"Person","@id":"https:\/\/www.iemj.org\/de\/#\/schema\/person\/906134402c29d5c76e7b726261dd4bbd","name":"Herv\u00e9 Roten","image":{"@type":"ImageObject","inLanguage":"de","@id":"https:\/\/secure.gravatar.com\/avatar\/f96ad2db538a26481f18384936b5cd0610c92d390c4dc382209216d455f685ff?s=96&d=mm&r=g","url":"https:\/\/secure.gravatar.com\/avatar\/f96ad2db538a26481f18384936b5cd0610c92d390c4dc382209216d455f685ff?s=96&d=mm&r=g","contentUrl":"https:\/\/secure.gravatar.com\/avatar\/f96ad2db538a26481f18384936b5cd0610c92d390c4dc382209216d455f685ff?s=96&d=mm&r=g","caption":"Herv\u00e9 Roten"}}]}},"_links":{"self":[{"href":"https:\/\/www.iemj.org\/de\/wp-json\/wp\/v2\/posts\/101340","targetHints":{"allow":["GET"]}}],"collection":[{"href":"https:\/\/www.iemj.org\/de\/wp-json\/wp\/v2\/posts"}],"about":[{"href":"https:\/\/www.iemj.org\/de\/wp-json\/wp\/v2\/types\/post"}],"author":[{"embeddable":true,"href":"https:\/\/www.iemj.org\/de\/wp-json\/wp\/v2\/users\/1045"}],"replies":[{"embeddable":true,"href":"https:\/\/www.iemj.org\/de\/wp-json\/wp\/v2\/comments?post=101340"}],"version-history":[{"count":0,"href":"https:\/\/www.iemj.org\/de\/wp-json\/wp\/v2\/posts\/101340\/revisions"}],"wp:featuredmedia":[{"embeddable":true,"href":"https:\/\/www.iemj.org\/de\/wp-json\/wp\/v2\/media\/101341"}],"wp:attachment":[{"href":"https:\/\/www.iemj.org\/de\/wp-json\/wp\/v2\/media?parent=101340"}],"wp:term":[{"taxonomy":"category","embeddable":true,"href":"https:\/\/www.iemj.org\/de\/wp-json\/wp\/v2\/categories?post=101340"},{"taxonomy":"post_tag","embeddable":true,"href":"https:\/\/www.iemj.org\/de\/wp-json\/wp\/v2\/tags?post=101340"},{"taxonomy":"technique","embeddable":true,"href":"https:\/\/www.iemj.org\/de\/wp-json\/wp\/v2\/technique?post=101340"},{"taxonomy":"squelettes","embeddable":true,"href":"https:\/\/www.iemj.org\/de\/wp-json\/wp\/v2\/squelettes?post=101340"},{"taxonomy":"sujet","embeddable":true,"href":"https:\/\/www.iemj.org\/de\/wp-json\/wp\/v2\/sujet?post=101340"},{"taxonomy":"formation","embeddable":true,"href":"https:\/\/www.iemj.org\/de\/wp-json\/wp\/v2\/formation?post=101340"},{"taxonomy":"genre","embeddable":true,"href":"https:\/\/www.iemj.org\/de\/wp-json\/wp\/v2\/genre?post=101340"},{"taxonomy":"fonds","embeddable":true,"href":"https:\/\/www.iemj.org\/de\/wp-json\/wp\/v2\/fonds?post=101340"},{"taxonomy":"tradition","embeddable":true,"href":"https:\/\/www.iemj.org\/de\/wp-json\/wp\/v2\/tradition?post=101340"},{"taxonomy":"type-de-contenu","embeddable":true,"href":"https:\/\/www.iemj.org\/de\/wp-json\/wp\/v2\/type-de-contenu?post=101340"},{"taxonomy":"interprete-compositeur","embeddable":true,"href":"https:\/\/www.iemj.org\/de\/wp-json\/wp\/v2\/interprete-compositeur?post=101340"},{"taxonomy":"frise","embeddable":true,"href":"https:\/\/www.iemj.org\/de\/wp-json\/wp\/v2\/frise?post=101340"},{"taxonomy":"type-devenement","embeddable":true,"href":"https:\/\/www.iemj.org\/de\/wp-json\/wp\/v2\/type-devenement?post=101340"},{"taxonomy":"tableaux-liens-externes","embeddable":true,"href":"https:\/\/www.iemj.org\/de\/wp-json\/wp\/v2\/tableaux-liens-externes?post=101340"}],"curies":[{"name":"wp","href":"https:\/\/api.w.org\/{rel}","templated":true}]}}