{"id":101402,"date":"2019-02-13T12:07:21","date_gmt":"2019-02-13T11:07:21","guid":{"rendered":"https:\/\/www.iemj.org\/la-source-de-vie-memoire-de-nancy\/"},"modified":"2026-02-24T10:09:02","modified_gmt":"2026-02-24T09:09:02","slug":"la-source-de-vie-memoire-de-nancy","status":"publish","type":"post","link":"https:\/\/www.iemj.org\/de\/la-source-de-vie-memoire-de-nancy\/","title":{"rendered":"La source de vie : M\u00e9moire de Nancy (Ged\u00e4chtnis von Nancy)"},"content":{"rendered":"<p class=\"post_excerpt\"><strong>Eine Sendung von\u00a0<a href=\"https:\/\/fr.wikipedia.org\/wiki\/Josy_Eisenberg\">Josy Eisenberg.<\/a>\u00a0Regie: Pascale Kenigsberg-Cahen, mit Unterst\u00fctzung des Zentralkonsistoriums und der Lucien-L\u00e9vy-Stiftung. Mit Beteiligung von Daniel Dahan (Rabbiner von Nancy und der Region) und Claude Jablon (Leiter der J\u00fcdischen Kulturellen Vereinigung von Nancy).<\/strong><\/p>\n<p><!--more--><\/p>\n<p>Die 1754 offiziell gegr\u00fcndete Gemeinde in Nancy erlebte ein schnelles Wachstum, das durch die Ankunft von Els\u00e4ssern und Moselanern, die aus den nach 1871 von Deutschland annektierten Departements geflohen waren, stark beschleunigt wurde. W\u00e4hrend des Zweiten Weltkriegs wurden etwa 900 Mitglieder der Gemeinde von den Nazis vernichtet.<\/p>\n<p>In den 1960er Jahren brachte die Ankunft von etwa 60 Familien aus verschiedenen L\u00e4ndern des Maghreb frischen Wind in die Gemeinde. Die Umstrukturierung des Viertels in den 1970er Jahren f\u00fchrte zur Schaffung eines neuen Gemeindezentrums, das von dem Architekten Jean Prouv\u00e9 gebaut wurde.<\/p>\n<p>Diese Sendung von Josy Eisenberg stellt das kulturelle und religi\u00f6se Leben der j\u00fcdischen Gemeinde in Nancy anhand der Geschichte zweier wichtiger Institutionen vor: der Synagoge von Nancy und der J\u00fcdischen Kulturellen Vereinigung. Die Synagoge von Nancy ist der Ort eines intensiven j\u00fcdischen Lebens, das von den Ges\u00e4ngen gro\u00dfer Chasanim wie Andr\u00e9 Stora oder Michel Heymann gepr\u00e4gt ist. Die J\u00fcdische Kulturelle Vereinigung (auf Franz\u00f6sisch <a href=\"https:\/\/acj55.fr\/\">Association Culturelle Juive oder ACJ<\/a>), die aus der j\u00fcdischen Immigration aus Mitteleuropa Anfang des 20. Jahrhunderts hervorgegangen war und von der Erinnerung an die \u00dcberlebenden des V\u00f6lkermords gepr\u00e4gt ist, besitzt ein wertvolles materielles und symbolisches Erbe, insbesondere eine jiddische und franz\u00f6sische Bibliothek mit mehr als 1500 B\u00fcchern, von denen einige au\u00dfergew\u00f6hnliche St\u00fccke sind. Die Nostalgie und die Erinnerung an die jiddische Sprache und die jiddischen Lieder kommen durch die Gr\u00fcndung des Chors\u00a0<a href=\"https:\/\/www.iemj.org\/compagnie-yidn-blues\/\" target=\"_blank\" rel=\"noopener\"><em>Yid\u2019n Blues<\/em><\/a> zum Ausdruck. Diese beiden Institutionen schlie\u00dfen sich jedes Jahr im April zusammen, um an <a href=\"https:\/\/de.wikipedia.org\/wiki\/Aufstand_im_Warschauer_Ghetto\" target=\"_blank\" rel=\"noopener\">den Aufstand im Warschauer Ghetto zu erinnern<\/a>.<\/p>\n<p><a href=\"https:\/\/www.iemj.org\/?s=LA+SOURCE+DE+VIE&amp;search_type=main&amp;submit=Search\" target=\"_blank\" rel=\"noopener\">Weitere Sendungen\u00a0<strong><em>la source de vie<\/em><\/strong><strong>\u00a0<\/strong>Online auf unserer Website ansehen<\/a><\/p>\n\n\n<figure class=\"wp-block-video\"><video height=\"576\" style=\"aspect-ratio: 720 \/ 576;\" width=\"720\" controls src=\"https:\/\/www.iemj.org\/wp-content\/uploads\/2019\/02\/sdv_memoire_de_nancy.mp4\"><\/video><figcaption class=\"wp-element-caption\"><strong>Ausschnitte aus dieser Sendung ansehen<\/strong><\/figcaption><\/figure>\n","protected":false},"excerpt":{"rendered":"<p>Eine Sendung von\u00a0Josy Eisenberg.\u00a0Regie: Pascale Kenigsberg-Cahen, mit Unterst\u00fctzung des Zentralkonsistoriums und der Lucien-L\u00e9vy-Stiftung. Mit Beteiligung von Daniel Dahan (Rabbiner von Nancy und der Region) und Claude Jablon (Leiter der J\u00fcdischen<\/p>\n","protected":false},"author":1052,"featured_media":130855,"comment_status":"closed","ping_status":"closed","sticky":false,"template":"","format":"standard","meta":{"_acf_changed":false,"footnotes":""},"categories":[1533],"tags":[],"technique":[],"squelettes":[],"sujet":[2099],"formation":[],"genre":[],"fonds":[],"tradition":[1983],"type-de-contenu":[],"interprete-compositeur":[],"frise":[],"type-devenement":[],"tableaux-liens-externes":[],"class_list":["post-101402","post","type-post","status-publish","format-standard","has-post-thumbnail","hentry","category-fernsehsendungen-videos-de","sujet-elsass-lothringen-de","tradition-aschkenasischer-ritus-de"],"acf":[],"yoast_head":"<!-- This site is optimized with the Yoast SEO plugin v27.3 - https:\/\/yoast.com\/product\/yoast-seo-wordpress\/ -->\n<title>La source de vie : M\u00e9moire de Nancy (Ged\u00e4chtnis von Nancy) - Institut Europ\u00e9en des Musiques Juives<\/title>\n<meta name=\"robots\" content=\"index, follow, max-snippet:-1, max-image-preview:large, max-video-preview:-1\" \/>\n<link rel=\"canonical\" href=\"https:\/\/www.iemj.org\/de\/la-source-de-vie-memoire-de-nancy\/\" \/>\n<meta property=\"og:locale\" content=\"de_DE\" \/>\n<meta property=\"og:type\" content=\"article\" \/>\n<meta property=\"og:title\" content=\"La source de vie : M\u00e9moire de Nancy (Ged\u00e4chtnis von Nancy) - Institut Europ\u00e9en des Musiques Juives\" \/>\n<meta property=\"og:description\" content=\"Eine Sendung von\u00a0Josy Eisenberg.\u00a0Regie: Pascale Kenigsberg-Cahen, mit Unterst\u00fctzung des Zentralkonsistoriums und der Lucien-L\u00e9vy-Stiftung. Mit Beteiligung von Daniel Dahan (Rabbiner von Nancy und der Region) und Claude Jablon (Leiter der J\u00fcdischen\" \/>\n<meta property=\"og:url\" content=\"https:\/\/www.iemj.org\/de\/la-source-de-vie-memoire-de-nancy\/\" \/>\n<meta property=\"og:site_name\" content=\"Institut Europ\u00e9en des Musiques Juives\" \/>\n<meta property=\"article:publisher\" content=\"https:\/\/www.facebook.com\/MusiquesJuives\/\" \/>\n<meta property=\"article:published_time\" content=\"2019-02-13T11:07:21+00:00\" \/>\n<meta property=\"article:modified_time\" content=\"2026-02-24T09:09:02+00:00\" \/>\n<meta property=\"og:image\" content=\"https:\/\/www.iemj.org\/wp-content\/uploads\/2012\/03\/Logo-La-source-de-vie.jpg\" \/>\n\t<meta property=\"og:image:width\" content=\"500\" \/>\n\t<meta property=\"og:image:height\" content=\"500\" \/>\n\t<meta property=\"og:image:type\" content=\"image\/jpeg\" \/>\n<meta name=\"author\" content=\"Lea Couderc\" \/>\n<meta name=\"twitter:card\" content=\"summary_large_image\" \/>\n<meta name=\"twitter:label1\" content=\"Verfasst von\" \/>\n\t<meta name=\"twitter:data1\" content=\"Lea Couderc\" \/>\n\t<meta name=\"twitter:label2\" content=\"Gesch\u00e4tzte Lesezeit\" \/>\n\t<meta name=\"twitter:data2\" content=\"2\u00a0Minuten\" \/>\n<script type=\"application\/ld+json\" class=\"yoast-schema-graph\">{\"@context\":\"https:\\\/\\\/schema.org\",\"@graph\":[{\"@type\":\"Article\",\"@id\":\"https:\\\/\\\/www.iemj.org\\\/de\\\/la-source-de-vie-memoire-de-nancy\\\/#article\",\"isPartOf\":{\"@id\":\"https:\\\/\\\/www.iemj.org\\\/de\\\/la-source-de-vie-memoire-de-nancy\\\/\"},\"author\":{\"name\":\"Lea Couderc\",\"@id\":\"https:\\\/\\\/www.iemj.org\\\/de\\\/#\\\/schema\\\/person\\\/e2ad57f2c4be119c7ed8ab79036807a9\"},\"headline\":\"La source de vie : M\u00e9moire de Nancy (Ged\u00e4chtnis von Nancy)\",\"datePublished\":\"2019-02-13T11:07:21+00:00\",\"dateModified\":\"2026-02-24T09:09:02+00:00\",\"mainEntityOfPage\":{\"@id\":\"https:\\\/\\\/www.iemj.org\\\/de\\\/la-source-de-vie-memoire-de-nancy\\\/\"},\"wordCount\":334,\"publisher\":{\"@id\":\"https:\\\/\\\/www.iemj.org\\\/de\\\/#organization\"},\"image\":{\"@id\":\"https:\\\/\\\/www.iemj.org\\\/de\\\/la-source-de-vie-memoire-de-nancy\\\/#primaryimage\"},\"thumbnailUrl\":\"https:\\\/\\\/www.iemj.org\\\/wp-content\\\/uploads\\\/2012\\\/03\\\/Logo-La-source-de-vie.jpg\",\"articleSection\":[\"Fernsehsendungen \\\/ Videos\"],\"inLanguage\":\"de\"},{\"@type\":\"WebPage\",\"@id\":\"https:\\\/\\\/www.iemj.org\\\/de\\\/la-source-de-vie-memoire-de-nancy\\\/\",\"url\":\"https:\\\/\\\/www.iemj.org\\\/de\\\/la-source-de-vie-memoire-de-nancy\\\/\",\"name\":\"La source de vie : M\u00e9moire de Nancy (Ged\u00e4chtnis von Nancy) - Institut Europ\u00e9en des Musiques Juives\",\"isPartOf\":{\"@id\":\"https:\\\/\\\/www.iemj.org\\\/de\\\/#website\"},\"primaryImageOfPage\":{\"@id\":\"https:\\\/\\\/www.iemj.org\\\/de\\\/la-source-de-vie-memoire-de-nancy\\\/#primaryimage\"},\"image\":{\"@id\":\"https:\\\/\\\/www.iemj.org\\\/de\\\/la-source-de-vie-memoire-de-nancy\\\/#primaryimage\"},\"thumbnailUrl\":\"https:\\\/\\\/www.iemj.org\\\/wp-content\\\/uploads\\\/2012\\\/03\\\/Logo-La-source-de-vie.jpg\",\"datePublished\":\"2019-02-13T11:07:21+00:00\",\"dateModified\":\"2026-02-24T09:09:02+00:00\",\"breadcrumb\":{\"@id\":\"https:\\\/\\\/www.iemj.org\\\/de\\\/la-source-de-vie-memoire-de-nancy\\\/#breadcrumb\"},\"inLanguage\":\"de\",\"potentialAction\":[{\"@type\":\"ReadAction\",\"target\":[\"https:\\\/\\\/www.iemj.org\\\/de\\\/la-source-de-vie-memoire-de-nancy\\\/\"]}]},{\"@type\":\"ImageObject\",\"inLanguage\":\"de\",\"@id\":\"https:\\\/\\\/www.iemj.org\\\/de\\\/la-source-de-vie-memoire-de-nancy\\\/#primaryimage\",\"url\":\"https:\\\/\\\/www.iemj.org\\\/wp-content\\\/uploads\\\/2012\\\/03\\\/Logo-La-source-de-vie.jpg\",\"contentUrl\":\"https:\\\/\\\/www.iemj.org\\\/wp-content\\\/uploads\\\/2012\\\/03\\\/Logo-La-source-de-vie.jpg\",\"width\":500,\"height\":500},{\"@type\":\"BreadcrumbList\",\"@id\":\"https:\\\/\\\/www.iemj.org\\\/de\\\/la-source-de-vie-memoire-de-nancy\\\/#breadcrumb\",\"itemListElement\":[{\"@type\":\"ListItem\",\"position\":1,\"name\":\"Accueil\",\"item\":\"https:\\\/\\\/www.iemj.org\\\/de\\\/\"},{\"@type\":\"ListItem\",\"position\":2,\"name\":\"La source de vie : M\u00e9moire de Nancy (Ged\u00e4chtnis von Nancy)\"}]},{\"@type\":\"WebSite\",\"@id\":\"https:\\\/\\\/www.iemj.org\\\/de\\\/#website\",\"url\":\"https:\\\/\\\/www.iemj.org\\\/de\\\/\",\"name\":\"Institut Europ\u00e9en des Musiques Juives\",\"description\":\"Des traditions musicales \u00e0 la port\u00e9e de tous\",\"publisher\":{\"@id\":\"https:\\\/\\\/www.iemj.org\\\/de\\\/#organization\"},\"potentialAction\":[{\"@type\":\"SearchAction\",\"target\":{\"@type\":\"EntryPoint\",\"urlTemplate\":\"https:\\\/\\\/www.iemj.org\\\/de\\\/?s={search_term_string}\"},\"query-input\":{\"@type\":\"PropertyValueSpecification\",\"valueRequired\":true,\"valueName\":\"search_term_string\"}}],\"inLanguage\":\"de\"},{\"@type\":\"Organization\",\"@id\":\"https:\\\/\\\/www.iemj.org\\\/de\\\/#organization\",\"name\":\"Institut Europ\u00e9en des Musiques Juives\",\"url\":\"https:\\\/\\\/www.iemj.org\\\/de\\\/\",\"logo\":{\"@type\":\"ImageObject\",\"inLanguage\":\"de\",\"@id\":\"https:\\\/\\\/www.iemj.org\\\/de\\\/#\\\/schema\\\/logo\\\/image\\\/\",\"url\":\"https:\\\/\\\/www.iemj.org\\\/wp-content\\\/uploads\\\/2021\\\/09\\\/Logo-IEMJ-Paypal.jpg\",\"contentUrl\":\"https:\\\/\\\/www.iemj.org\\\/wp-content\\\/uploads\\\/2021\\\/09\\\/Logo-IEMJ-Paypal.jpg\",\"width\":150,\"height\":50,\"caption\":\"Institut Europ\u00e9en des Musiques Juives\"},\"image\":{\"@id\":\"https:\\\/\\\/www.iemj.org\\\/de\\\/#\\\/schema\\\/logo\\\/image\\\/\"},\"sameAs\":[\"https:\\\/\\\/www.facebook.com\\\/MusiquesJuives\\\/\",\"https:\\\/\\\/www.instagram.com\\\/musiquesjuives\\\/\",\"https:\\\/\\\/www.youtube.com\\\/user\\\/musiquesjuives\"]},{\"@type\":\"Person\",\"@id\":\"https:\\\/\\\/www.iemj.org\\\/de\\\/#\\\/schema\\\/person\\\/e2ad57f2c4be119c7ed8ab79036807a9\",\"name\":\"Lea Couderc\",\"image\":{\"@type\":\"ImageObject\",\"inLanguage\":\"de\",\"@id\":\"https:\\\/\\\/secure.gravatar.com\\\/avatar\\\/46ee021475d60aeff17a7e490b79dea5a5684bb392ab7fd1494027411df8ba23?s=96&d=mm&r=g\",\"url\":\"https:\\\/\\\/secure.gravatar.com\\\/avatar\\\/46ee021475d60aeff17a7e490b79dea5a5684bb392ab7fd1494027411df8ba23?s=96&d=mm&r=g\",\"contentUrl\":\"https:\\\/\\\/secure.gravatar.com\\\/avatar\\\/46ee021475d60aeff17a7e490b79dea5a5684bb392ab7fd1494027411df8ba23?s=96&d=mm&r=g\",\"caption\":\"Lea Couderc\"}}]}<\/script>\n<!-- \/ Yoast SEO plugin. -->","yoast_head_json":{"title":"La source de vie : M\u00e9moire de Nancy (Ged\u00e4chtnis von Nancy) - Institut Europ\u00e9en des Musiques Juives","robots":{"index":"index","follow":"follow","max-snippet":"max-snippet:-1","max-image-preview":"max-image-preview:large","max-video-preview":"max-video-preview:-1"},"canonical":"https:\/\/www.iemj.org\/de\/la-source-de-vie-memoire-de-nancy\/","og_locale":"de_DE","og_type":"article","og_title":"La source de vie : M\u00e9moire de Nancy (Ged\u00e4chtnis von Nancy) - Institut Europ\u00e9en des Musiques Juives","og_description":"Eine Sendung von\u00a0Josy Eisenberg.\u00a0Regie: Pascale Kenigsberg-Cahen, mit Unterst\u00fctzung des Zentralkonsistoriums und der Lucien-L\u00e9vy-Stiftung. Mit Beteiligung von Daniel Dahan (Rabbiner von Nancy und der Region) und Claude Jablon (Leiter der J\u00fcdischen","og_url":"https:\/\/www.iemj.org\/de\/la-source-de-vie-memoire-de-nancy\/","og_site_name":"Institut Europ\u00e9en des Musiques Juives","article_publisher":"https:\/\/www.facebook.com\/MusiquesJuives\/","article_published_time":"2019-02-13T11:07:21+00:00","article_modified_time":"2026-02-24T09:09:02+00:00","og_image":[{"width":500,"height":500,"url":"https:\/\/www.iemj.org\/wp-content\/uploads\/2012\/03\/Logo-La-source-de-vie.jpg","type":"image\/jpeg"}],"author":"Lea Couderc","twitter_card":"summary_large_image","twitter_misc":{"Verfasst von":"Lea Couderc","Gesch\u00e4tzte Lesezeit":"2\u00a0Minuten"},"schema":{"@context":"https:\/\/schema.org","@graph":[{"@type":"Article","@id":"https:\/\/www.iemj.org\/de\/la-source-de-vie-memoire-de-nancy\/#article","isPartOf":{"@id":"https:\/\/www.iemj.org\/de\/la-source-de-vie-memoire-de-nancy\/"},"author":{"name":"Lea Couderc","@id":"https:\/\/www.iemj.org\/de\/#\/schema\/person\/e2ad57f2c4be119c7ed8ab79036807a9"},"headline":"La source de vie : M\u00e9moire de Nancy (Ged\u00e4chtnis von Nancy)","datePublished":"2019-02-13T11:07:21+00:00","dateModified":"2026-02-24T09:09:02+00:00","mainEntityOfPage":{"@id":"https:\/\/www.iemj.org\/de\/la-source-de-vie-memoire-de-nancy\/"},"wordCount":334,"publisher":{"@id":"https:\/\/www.iemj.org\/de\/#organization"},"image":{"@id":"https:\/\/www.iemj.org\/de\/la-source-de-vie-memoire-de-nancy\/#primaryimage"},"thumbnailUrl":"https:\/\/www.iemj.org\/wp-content\/uploads\/2012\/03\/Logo-La-source-de-vie.jpg","articleSection":["Fernsehsendungen \/ Videos"],"inLanguage":"de"},{"@type":"WebPage","@id":"https:\/\/www.iemj.org\/de\/la-source-de-vie-memoire-de-nancy\/","url":"https:\/\/www.iemj.org\/de\/la-source-de-vie-memoire-de-nancy\/","name":"La source de vie : M\u00e9moire de Nancy (Ged\u00e4chtnis von Nancy) - Institut Europ\u00e9en des Musiques Juives","isPartOf":{"@id":"https:\/\/www.iemj.org\/de\/#website"},"primaryImageOfPage":{"@id":"https:\/\/www.iemj.org\/de\/la-source-de-vie-memoire-de-nancy\/#primaryimage"},"image":{"@id":"https:\/\/www.iemj.org\/de\/la-source-de-vie-memoire-de-nancy\/#primaryimage"},"thumbnailUrl":"https:\/\/www.iemj.org\/wp-content\/uploads\/2012\/03\/Logo-La-source-de-vie.jpg","datePublished":"2019-02-13T11:07:21+00:00","dateModified":"2026-02-24T09:09:02+00:00","breadcrumb":{"@id":"https:\/\/www.iemj.org\/de\/la-source-de-vie-memoire-de-nancy\/#breadcrumb"},"inLanguage":"de","potentialAction":[{"@type":"ReadAction","target":["https:\/\/www.iemj.org\/de\/la-source-de-vie-memoire-de-nancy\/"]}]},{"@type":"ImageObject","inLanguage":"de","@id":"https:\/\/www.iemj.org\/de\/la-source-de-vie-memoire-de-nancy\/#primaryimage","url":"https:\/\/www.iemj.org\/wp-content\/uploads\/2012\/03\/Logo-La-source-de-vie.jpg","contentUrl":"https:\/\/www.iemj.org\/wp-content\/uploads\/2012\/03\/Logo-La-source-de-vie.jpg","width":500,"height":500},{"@type":"BreadcrumbList","@id":"https:\/\/www.iemj.org\/de\/la-source-de-vie-memoire-de-nancy\/#breadcrumb","itemListElement":[{"@type":"ListItem","position":1,"name":"Accueil","item":"https:\/\/www.iemj.org\/de\/"},{"@type":"ListItem","position":2,"name":"La source de vie : M\u00e9moire de Nancy (Ged\u00e4chtnis von Nancy)"}]},{"@type":"WebSite","@id":"https:\/\/www.iemj.org\/de\/#website","url":"https:\/\/www.iemj.org\/de\/","name":"Institut Europ\u00e9en des Musiques Juives","description":"Des traditions musicales \u00e0 la port\u00e9e de tous","publisher":{"@id":"https:\/\/www.iemj.org\/de\/#organization"},"potentialAction":[{"@type":"SearchAction","target":{"@type":"EntryPoint","urlTemplate":"https:\/\/www.iemj.org\/de\/?s={search_term_string}"},"query-input":{"@type":"PropertyValueSpecification","valueRequired":true,"valueName":"search_term_string"}}],"inLanguage":"de"},{"@type":"Organization","@id":"https:\/\/www.iemj.org\/de\/#organization","name":"Institut Europ\u00e9en des Musiques Juives","url":"https:\/\/www.iemj.org\/de\/","logo":{"@type":"ImageObject","inLanguage":"de","@id":"https:\/\/www.iemj.org\/de\/#\/schema\/logo\/image\/","url":"https:\/\/www.iemj.org\/wp-content\/uploads\/2021\/09\/Logo-IEMJ-Paypal.jpg","contentUrl":"https:\/\/www.iemj.org\/wp-content\/uploads\/2021\/09\/Logo-IEMJ-Paypal.jpg","width":150,"height":50,"caption":"Institut Europ\u00e9en des Musiques Juives"},"image":{"@id":"https:\/\/www.iemj.org\/de\/#\/schema\/logo\/image\/"},"sameAs":["https:\/\/www.facebook.com\/MusiquesJuives\/","https:\/\/www.instagram.com\/musiquesjuives\/","https:\/\/www.youtube.com\/user\/musiquesjuives"]},{"@type":"Person","@id":"https:\/\/www.iemj.org\/de\/#\/schema\/person\/e2ad57f2c4be119c7ed8ab79036807a9","name":"Lea Couderc","image":{"@type":"ImageObject","inLanguage":"de","@id":"https:\/\/secure.gravatar.com\/avatar\/46ee021475d60aeff17a7e490b79dea5a5684bb392ab7fd1494027411df8ba23?s=96&d=mm&r=g","url":"https:\/\/secure.gravatar.com\/avatar\/46ee021475d60aeff17a7e490b79dea5a5684bb392ab7fd1494027411df8ba23?s=96&d=mm&r=g","contentUrl":"https:\/\/secure.gravatar.com\/avatar\/46ee021475d60aeff17a7e490b79dea5a5684bb392ab7fd1494027411df8ba23?s=96&d=mm&r=g","caption":"Lea Couderc"}}]}},"_links":{"self":[{"href":"https:\/\/www.iemj.org\/de\/wp-json\/wp\/v2\/posts\/101402","targetHints":{"allow":["GET"]}}],"collection":[{"href":"https:\/\/www.iemj.org\/de\/wp-json\/wp\/v2\/posts"}],"about":[{"href":"https:\/\/www.iemj.org\/de\/wp-json\/wp\/v2\/types\/post"}],"author":[{"embeddable":true,"href":"https:\/\/www.iemj.org\/de\/wp-json\/wp\/v2\/users\/1052"}],"replies":[{"embeddable":true,"href":"https:\/\/www.iemj.org\/de\/wp-json\/wp\/v2\/comments?post=101402"}],"version-history":[{"count":1,"href":"https:\/\/www.iemj.org\/de\/wp-json\/wp\/v2\/posts\/101402\/revisions"}],"predecessor-version":[{"id":130881,"href":"https:\/\/www.iemj.org\/de\/wp-json\/wp\/v2\/posts\/101402\/revisions\/130881"}],"wp:featuredmedia":[{"embeddable":true,"href":"https:\/\/www.iemj.org\/de\/wp-json\/wp\/v2\/media\/130855"}],"wp:attachment":[{"href":"https:\/\/www.iemj.org\/de\/wp-json\/wp\/v2\/media?parent=101402"}],"wp:term":[{"taxonomy":"category","embeddable":true,"href":"https:\/\/www.iemj.org\/de\/wp-json\/wp\/v2\/categories?post=101402"},{"taxonomy":"post_tag","embeddable":true,"href":"https:\/\/www.iemj.org\/de\/wp-json\/wp\/v2\/tags?post=101402"},{"taxonomy":"technique","embeddable":true,"href":"https:\/\/www.iemj.org\/de\/wp-json\/wp\/v2\/technique?post=101402"},{"taxonomy":"squelettes","embeddable":true,"href":"https:\/\/www.iemj.org\/de\/wp-json\/wp\/v2\/squelettes?post=101402"},{"taxonomy":"sujet","embeddable":true,"href":"https:\/\/www.iemj.org\/de\/wp-json\/wp\/v2\/sujet?post=101402"},{"taxonomy":"formation","embeddable":true,"href":"https:\/\/www.iemj.org\/de\/wp-json\/wp\/v2\/formation?post=101402"},{"taxonomy":"genre","embeddable":true,"href":"https:\/\/www.iemj.org\/de\/wp-json\/wp\/v2\/genre?post=101402"},{"taxonomy":"fonds","embeddable":true,"href":"https:\/\/www.iemj.org\/de\/wp-json\/wp\/v2\/fonds?post=101402"},{"taxonomy":"tradition","embeddable":true,"href":"https:\/\/www.iemj.org\/de\/wp-json\/wp\/v2\/tradition?post=101402"},{"taxonomy":"type-de-contenu","embeddable":true,"href":"https:\/\/www.iemj.org\/de\/wp-json\/wp\/v2\/type-de-contenu?post=101402"},{"taxonomy":"interprete-compositeur","embeddable":true,"href":"https:\/\/www.iemj.org\/de\/wp-json\/wp\/v2\/interprete-compositeur?post=101402"},{"taxonomy":"frise","embeddable":true,"href":"https:\/\/www.iemj.org\/de\/wp-json\/wp\/v2\/frise?post=101402"},{"taxonomy":"type-devenement","embeddable":true,"href":"https:\/\/www.iemj.org\/de\/wp-json\/wp\/v2\/type-devenement?post=101402"},{"taxonomy":"tableaux-liens-externes","embeddable":true,"href":"https:\/\/www.iemj.org\/de\/wp-json\/wp\/v2\/tableaux-liens-externes?post=101402"}],"curies":[{"name":"wp","href":"https:\/\/api.w.org\/{rel}","templated":true}]}}