{"id":101468,"date":"2020-01-09T16:46:59","date_gmt":"2020-01-09T15:46:59","guid":{"rendered":"https:\/\/www.iemj.org\/georges-enescu-musica-de-camera-vol-viii\/"},"modified":"2023-08-22T11:31:36","modified_gmt":"2023-08-22T09:31:36","slug":"georges-enescu-musica-de-camera-vol-viii","status":"publish","type":"post","link":"https:\/\/www.iemj.org\/de\/georges-enescu-musica-de-camera-vol-viii\/","title":{"rendered":"Georges Enescu &#8211; Musica de Camera, vol. VIII"},"content":{"rendered":"<p>Dieses achte Volumen des Gesamtwerks von Georges Enesco (rum\u00e4nisch \u201eEnescu), widmet sich der Kammermusik des Komponisten. Die Sammlung, welche 2014 vom Rum\u00e4nischen Kulturinstitut und Nationalmuseum Georges Enesco ver\u00f6ffentlicht wurde, enth\u00e4lt drei Werke von Enesco:<br \/>\n&#8211; Die <em>S\u00e9r\u00e9nade en sourdine<\/em>, f\u00fcr Violine und Cello<br \/>\n&#8211; Das <em>Pr\u00e9lude et Gavotte<\/em><em>,<\/em> f\u00fcr Violine, Cello und zwei Klavierstimmen<br \/>\n&#8211; Die <em>Nocturne Ville d\u2019Avrayen<\/em><em>,<\/em> f\u00fcr Klavier, Violine, Bratsche und Cello<\/p>\n<p>Obwohl der Komponist offiziell nur dreiunddrei\u00dfig Opusnummern hinterlassen hat, z\u00e4hlt sein Gesamtwerk doch mehrere hundert Werke, einschlie\u00dflich seiner Skizzierungen. Enesco versuchte sich an allen Genres: Solo-Piano, Kammermusik (ein bevorzugtes Genre), Sinfonien, Melodien (vor allem in seiner Jugend) und die als Meisterwerk in der Op\u00e9ra Garnier gefeierten Oper <em>\u0152dipe<\/em>.<\/p>\n<p>Sherban Lupu, einem Enesco-Experten und Sch\u00f6pfer dieses Gesamtwerks des Komponisten zufolge, wurden die <em>S\u00e9r\u00e9nade en sourdine<\/em> f\u00fcr Violine und Cello zwischen 1915 und 1920 komponiert. Das einzige bekannte Manuskript enth\u00e4lt etliche Fehler, weshalb es nie zur Auff\u00fchrung dieses Werks gekommen ist. Sherban Lupu hat das Originalmanuskript in Enenscos Handschrift gefunden und konnte durch einen Abgleich, die n\u00f6tigen Korrekturen vornehmen.<\/p>\n<p>Das <em>Pr\u00e9lude et Gavotte<\/em> entstammt dem Jahr 1898, der Zeit von Enescos Studentenjahren am Conservatoire von Paris. Geschrieben wurde das St\u00fcck f\u00fcr Violine, Cello und zwei Klavierstimmen, eine, gelinde gesagt, ungew\u00f6hnliche Besetzung. Sheran Lupu zufolgte, k\u00f6nnte das Werk auf einem Kompositionsthema basieren sein, welches von seinen Lehrern Andr\u00e9 G\u00e9dalge oder Gabriel Faur\u00e9 vorgegeben wurde. \u201eDas Werk scheint in gewisser Weise, den Barock zu parodieren, besonders in der Gavotte, welcher Enesco Elemente der Klezmer-Musik beigef\u00fcgt hatte, welche typisch f\u00fcr die moldawischen Folklore seiner Zeit waren.\u201c<\/p>\n<p>Sherban Lupu nach, handle es sich bei der <em>Nocturne Ville d\u2019Avrayen<\/em> f\u00fcr Klavier, Violine, Bratsche und Cello, um ein zwischen 1931 und 1936 komponiertes Werk und zudem um ein bewegendes Zeugnis der Beziehung zu seinem Sch\u00fcler Yehudi Menuhin, welchen der Komponist seit 1927 unterrichte. Im Jahr 1931 zog die Familie Menuhin nach Ville d\u2019Avray, in die N\u00e4he von Versailles, wohin sich Enesco oft zum Spiel der Kammermusik begeben habe. Doch die Entdeckung eines Manuskripts von eben diesem Werk, in den Archiven des Komponisten Fernand Halphen (1872-1917), einem Gef\u00e4hrten von Enesco, im Jahr 2005, widerlegte diese Hypothese. Vielmehr ist die Fernand Halphen gewidmete <em>Nocturne Ville d\u2019Avrayen<\/em>, ein Jugendwerk von Enesco, komponiert von diesem, am 5. Juli 1898, w\u00e4hrend eines Aufenthalts des Komponist im Hause Halphens, welches sich ebenfalls in Ville d\u2019Avray befunden hat! Dieses Manuskript, welches dem Institut Europ\u00e9en des Musiques Juives von der Familie Halphen \u00fcbergeben wurde, kann in Ausz\u00fcgen im Rachel-Katalog eingesehen werden.<\/p>\n<p><a href=\"https:\/\/www.iemj.org\/de\/le-nocturne-ville-davrayen-de-georges-enesco-1881-1955\/\" target=\"_blank\" rel=\"noopener\">Erfahren Sie mehr \u00fcber die <em>Nocturne Ville d\u2019Avrayen<\/em><\/a><br \/>\n<a href=\"https:\/\/www.iemj.org\/de\/videos-du-concert-de-gala-de-linstitut-europeen-des-musiques-juives-edition-2015\/\" target=\"_blank\" rel=\"noopener\">Schauen Sie sich das Video des IEMJ-Galakonzerts 2015 an, in welchem\u00a0<em>Nocturne Ville<\/em> <em>d\u2019Avrayen<\/em> in seiner urspr\u00fcnglichen Fassung enthalten ist<\/a><br \/>\n<a href=\"https:\/\/www.iemj.org\/de\/viniciu-moroianu-joue-georges-enesco\/\" target=\"_blank\" rel=\"noopener\">H\u00f6ren Sie sich Ausschnitte der CD <em>Viniciu Moroianu spielt Georges Enesco \u2013 St\u00fccke f\u00fcr Klavier und Kammermusik<\/em> an<\/a><\/p>\n<p><center><br \/>\n<img fetchpriority=\"high\" decoding=\"async\" class=\" aligncenter  wp-image-26528\" src=\"https:\/\/www.iemj.org\/wp-content\/uploads\/2020\/01\/p_enescu_serenade_032_a_inserer_680px_horiz.jpg\" alt=\"p_enescu_serenade_032_a_inserer_680px_horiz.jpg\" width=\"628\" height=\"832\" align=\"center\" srcset=\"https:\/\/www.iemj.org\/wp-content\/uploads\/2020\/01\/p_enescu_serenade_032_a_inserer_680px_horiz.jpg 680w, https:\/\/www.iemj.org\/wp-content\/uploads\/2020\/01\/p_enescu_serenade_032_a_inserer_680px_horiz-226x300.jpg 226w, https:\/\/www.iemj.org\/wp-content\/uploads\/2020\/01\/p_enescu_serenade_032_a_inserer_680px_horiz-600x795.jpg 600w\" sizes=\"(max-width: 628px) 100vw, 628px\" \/><\/center><\/p>\n","protected":false},"excerpt":{"rendered":"<p>Dieses achte Volumen des Gesamtwerks von Georges Enesco (rum\u00e4nisch \u201eEnescu), widmet sich der Kammermusik des Komponisten. Die Sammlung, welche 2014 vom Rum\u00e4nischen Kulturinstitut und Nationalmuseum Georges Enesco ver\u00f6ffentlicht wurde, enth\u00e4lt<\/p>\n","protected":false},"author":1045,"featured_media":101469,"comment_status":"closed","ping_status":"closed","sticky":false,"template":"","format":"standard","meta":{"_acf_changed":false,"footnotes":""},"categories":[1561,1581],"tags":[],"technique":[],"squelettes":[],"sujet":[],"formation":[],"genre":[],"fonds":[],"tradition":[],"type-de-contenu":[],"interprete-compositeur":[],"frise":[],"type-devenement":[],"tableaux-liens-externes":[],"class_list":["post-101468","post","type-post","status-publish","format-standard","has-post-thumbnail","hentry","category-letzte-neuerwerbungen-de","category-partituren-en"],"acf":[],"yoast_head":"<!-- This site is optimized with the Yoast SEO plugin v27.3 - https:\/\/yoast.com\/product\/yoast-seo-wordpress\/ -->\n<title>Georges Enescu - Musica de Camera, vol. VIII - Institut Europ\u00e9en des Musiques Juives<\/title>\n<meta name=\"robots\" content=\"index, follow, max-snippet:-1, max-image-preview:large, max-video-preview:-1\" \/>\n<link rel=\"canonical\" href=\"https:\/\/www.iemj.org\/de\/georges-enescu-musica-de-camera-vol-viii\/\" \/>\n<meta property=\"og:locale\" content=\"de_DE\" \/>\n<meta property=\"og:type\" content=\"article\" \/>\n<meta property=\"og:title\" content=\"Georges Enescu - Musica de Camera, vol. VIII - Institut Europ\u00e9en des Musiques Juives\" \/>\n<meta property=\"og:description\" content=\"Dieses achte Volumen des Gesamtwerks von Georges Enesco (rum\u00e4nisch \u201eEnescu), widmet sich der Kammermusik des Komponisten. Die Sammlung, welche 2014 vom Rum\u00e4nischen Kulturinstitut und Nationalmuseum Georges Enesco ver\u00f6ffentlicht wurde, enth\u00e4lt\" \/>\n<meta property=\"og:url\" content=\"https:\/\/www.iemj.org\/de\/georges-enescu-musica-de-camera-vol-viii\/\" \/>\n<meta property=\"og:site_name\" content=\"Institut Europ\u00e9en des Musiques Juives\" \/>\n<meta property=\"article:publisher\" content=\"https:\/\/www.facebook.com\/MusiquesJuives\/\" \/>\n<meta property=\"article:published_time\" content=\"2020-01-09T15:46:59+00:00\" \/>\n<meta property=\"article:modified_time\" content=\"2023-08-22T09:31:36+00:00\" \/>\n<meta property=\"og:image\" content=\"https:\/\/www.iemj.org\/wp-content\/uploads\/2020\/01\/arton4465-e1619084611124.jpg\" \/>\n\t<meta property=\"og:image:width\" content=\"350\" \/>\n\t<meta property=\"og:image:height\" content=\"467\" \/>\n\t<meta property=\"og:image:type\" content=\"image\/jpeg\" \/>\n<meta name=\"author\" content=\"Herv\u00e9 Roten\" \/>\n<meta name=\"twitter:card\" content=\"summary_large_image\" \/>\n<meta name=\"twitter:label1\" content=\"Verfasst von\" \/>\n\t<meta name=\"twitter:data1\" content=\"Herv\u00e9 Roten\" \/>\n\t<meta name=\"twitter:label2\" content=\"Gesch\u00e4tzte Lesezeit\" \/>\n\t<meta name=\"twitter:data2\" content=\"3\u00a0Minuten\" \/>\n<script type=\"application\/ld+json\" class=\"yoast-schema-graph\">{\"@context\":\"https:\\\/\\\/schema.org\",\"@graph\":[{\"@type\":\"Article\",\"@id\":\"https:\\\/\\\/www.iemj.org\\\/de\\\/georges-enescu-musica-de-camera-vol-viii\\\/#article\",\"isPartOf\":{\"@id\":\"https:\\\/\\\/www.iemj.org\\\/de\\\/georges-enescu-musica-de-camera-vol-viii\\\/\"},\"author\":{\"name\":\"Herv\u00e9 Roten\",\"@id\":\"https:\\\/\\\/www.iemj.org\\\/de\\\/#\\\/schema\\\/person\\\/906134402c29d5c76e7b726261dd4bbd\"},\"headline\":\"Georges Enescu &#8211; Musica de Camera, vol. VIII\",\"datePublished\":\"2020-01-09T15:46:59+00:00\",\"dateModified\":\"2023-08-22T09:31:36+00:00\",\"mainEntityOfPage\":{\"@id\":\"https:\\\/\\\/www.iemj.org\\\/de\\\/georges-enescu-musica-de-camera-vol-viii\\\/\"},\"wordCount\":498,\"publisher\":{\"@id\":\"https:\\\/\\\/www.iemj.org\\\/de\\\/#organization\"},\"image\":{\"@id\":\"https:\\\/\\\/www.iemj.org\\\/de\\\/georges-enescu-musica-de-camera-vol-viii\\\/#primaryimage\"},\"thumbnailUrl\":\"https:\\\/\\\/www.iemj.org\\\/wp-content\\\/uploads\\\/2020\\\/01\\\/arton4465-e1619084611124.jpg\",\"articleSection\":[\"Letzte Neuerwerbungen\",\"Partituren\"],\"inLanguage\":\"de\"},{\"@type\":\"WebPage\",\"@id\":\"https:\\\/\\\/www.iemj.org\\\/de\\\/georges-enescu-musica-de-camera-vol-viii\\\/\",\"url\":\"https:\\\/\\\/www.iemj.org\\\/de\\\/georges-enescu-musica-de-camera-vol-viii\\\/\",\"name\":\"Georges Enescu - Musica de Camera, vol. VIII - Institut Europ\u00e9en des Musiques Juives\",\"isPartOf\":{\"@id\":\"https:\\\/\\\/www.iemj.org\\\/de\\\/#website\"},\"primaryImageOfPage\":{\"@id\":\"https:\\\/\\\/www.iemj.org\\\/de\\\/georges-enescu-musica-de-camera-vol-viii\\\/#primaryimage\"},\"image\":{\"@id\":\"https:\\\/\\\/www.iemj.org\\\/de\\\/georges-enescu-musica-de-camera-vol-viii\\\/#primaryimage\"},\"thumbnailUrl\":\"https:\\\/\\\/www.iemj.org\\\/wp-content\\\/uploads\\\/2020\\\/01\\\/arton4465-e1619084611124.jpg\",\"datePublished\":\"2020-01-09T15:46:59+00:00\",\"dateModified\":\"2023-08-22T09:31:36+00:00\",\"breadcrumb\":{\"@id\":\"https:\\\/\\\/www.iemj.org\\\/de\\\/georges-enescu-musica-de-camera-vol-viii\\\/#breadcrumb\"},\"inLanguage\":\"de\",\"potentialAction\":[{\"@type\":\"ReadAction\",\"target\":[\"https:\\\/\\\/www.iemj.org\\\/de\\\/georges-enescu-musica-de-camera-vol-viii\\\/\"]}]},{\"@type\":\"ImageObject\",\"inLanguage\":\"de\",\"@id\":\"https:\\\/\\\/www.iemj.org\\\/de\\\/georges-enescu-musica-de-camera-vol-viii\\\/#primaryimage\",\"url\":\"https:\\\/\\\/www.iemj.org\\\/wp-content\\\/uploads\\\/2020\\\/01\\\/arton4465-e1619084611124.jpg\",\"contentUrl\":\"https:\\\/\\\/www.iemj.org\\\/wp-content\\\/uploads\\\/2020\\\/01\\\/arton4465-e1619084611124.jpg\",\"width\":350,\"height\":467},{\"@type\":\"BreadcrumbList\",\"@id\":\"https:\\\/\\\/www.iemj.org\\\/de\\\/georges-enescu-musica-de-camera-vol-viii\\\/#breadcrumb\",\"itemListElement\":[{\"@type\":\"ListItem\",\"position\":1,\"name\":\"Accueil\",\"item\":\"https:\\\/\\\/www.iemj.org\\\/de\\\/\"},{\"@type\":\"ListItem\",\"position\":2,\"name\":\"Georges Enescu &#8211; Musica de Camera, vol. VIII\"}]},{\"@type\":\"WebSite\",\"@id\":\"https:\\\/\\\/www.iemj.org\\\/de\\\/#website\",\"url\":\"https:\\\/\\\/www.iemj.org\\\/de\\\/\",\"name\":\"Institut Europ\u00e9en des Musiques Juives\",\"description\":\"Des traditions musicales \u00e0 la port\u00e9e de tous\",\"publisher\":{\"@id\":\"https:\\\/\\\/www.iemj.org\\\/de\\\/#organization\"},\"potentialAction\":[{\"@type\":\"SearchAction\",\"target\":{\"@type\":\"EntryPoint\",\"urlTemplate\":\"https:\\\/\\\/www.iemj.org\\\/de\\\/?s={search_term_string}\"},\"query-input\":{\"@type\":\"PropertyValueSpecification\",\"valueRequired\":true,\"valueName\":\"search_term_string\"}}],\"inLanguage\":\"de\"},{\"@type\":\"Organization\",\"@id\":\"https:\\\/\\\/www.iemj.org\\\/de\\\/#organization\",\"name\":\"Institut Europ\u00e9en des Musiques Juives\",\"url\":\"https:\\\/\\\/www.iemj.org\\\/de\\\/\",\"logo\":{\"@type\":\"ImageObject\",\"inLanguage\":\"de\",\"@id\":\"https:\\\/\\\/www.iemj.org\\\/de\\\/#\\\/schema\\\/logo\\\/image\\\/\",\"url\":\"https:\\\/\\\/www.iemj.org\\\/wp-content\\\/uploads\\\/2021\\\/09\\\/Logo-IEMJ-Paypal.jpg\",\"contentUrl\":\"https:\\\/\\\/www.iemj.org\\\/wp-content\\\/uploads\\\/2021\\\/09\\\/Logo-IEMJ-Paypal.jpg\",\"width\":150,\"height\":50,\"caption\":\"Institut Europ\u00e9en des Musiques Juives\"},\"image\":{\"@id\":\"https:\\\/\\\/www.iemj.org\\\/de\\\/#\\\/schema\\\/logo\\\/image\\\/\"},\"sameAs\":[\"https:\\\/\\\/www.facebook.com\\\/MusiquesJuives\\\/\",\"https:\\\/\\\/www.instagram.com\\\/musiquesjuives\\\/\",\"https:\\\/\\\/www.youtube.com\\\/user\\\/musiquesjuives\"]},{\"@type\":\"Person\",\"@id\":\"https:\\\/\\\/www.iemj.org\\\/de\\\/#\\\/schema\\\/person\\\/906134402c29d5c76e7b726261dd4bbd\",\"name\":\"Herv\u00e9 Roten\",\"image\":{\"@type\":\"ImageObject\",\"inLanguage\":\"de\",\"@id\":\"https:\\\/\\\/secure.gravatar.com\\\/avatar\\\/f96ad2db538a26481f18384936b5cd0610c92d390c4dc382209216d455f685ff?s=96&d=mm&r=g\",\"url\":\"https:\\\/\\\/secure.gravatar.com\\\/avatar\\\/f96ad2db538a26481f18384936b5cd0610c92d390c4dc382209216d455f685ff?s=96&d=mm&r=g\",\"contentUrl\":\"https:\\\/\\\/secure.gravatar.com\\\/avatar\\\/f96ad2db538a26481f18384936b5cd0610c92d390c4dc382209216d455f685ff?s=96&d=mm&r=g\",\"caption\":\"Herv\u00e9 Roten\"}}]}<\/script>\n<!-- \/ Yoast SEO plugin. -->","yoast_head_json":{"title":"Georges Enescu - Musica de Camera, vol. VIII - Institut Europ\u00e9en des Musiques Juives","robots":{"index":"index","follow":"follow","max-snippet":"max-snippet:-1","max-image-preview":"max-image-preview:large","max-video-preview":"max-video-preview:-1"},"canonical":"https:\/\/www.iemj.org\/de\/georges-enescu-musica-de-camera-vol-viii\/","og_locale":"de_DE","og_type":"article","og_title":"Georges Enescu - Musica de Camera, vol. VIII - Institut Europ\u00e9en des Musiques Juives","og_description":"Dieses achte Volumen des Gesamtwerks von Georges Enesco (rum\u00e4nisch \u201eEnescu), widmet sich der Kammermusik des Komponisten. Die Sammlung, welche 2014 vom Rum\u00e4nischen Kulturinstitut und Nationalmuseum Georges Enesco ver\u00f6ffentlicht wurde, enth\u00e4lt","og_url":"https:\/\/www.iemj.org\/de\/georges-enescu-musica-de-camera-vol-viii\/","og_site_name":"Institut Europ\u00e9en des Musiques Juives","article_publisher":"https:\/\/www.facebook.com\/MusiquesJuives\/","article_published_time":"2020-01-09T15:46:59+00:00","article_modified_time":"2023-08-22T09:31:36+00:00","og_image":[{"width":350,"height":467,"url":"https:\/\/www.iemj.org\/wp-content\/uploads\/2020\/01\/arton4465-e1619084611124.jpg","type":"image\/jpeg"}],"author":"Herv\u00e9 Roten","twitter_card":"summary_large_image","twitter_misc":{"Verfasst von":"Herv\u00e9 Roten","Gesch\u00e4tzte Lesezeit":"3\u00a0Minuten"},"schema":{"@context":"https:\/\/schema.org","@graph":[{"@type":"Article","@id":"https:\/\/www.iemj.org\/de\/georges-enescu-musica-de-camera-vol-viii\/#article","isPartOf":{"@id":"https:\/\/www.iemj.org\/de\/georges-enescu-musica-de-camera-vol-viii\/"},"author":{"name":"Herv\u00e9 Roten","@id":"https:\/\/www.iemj.org\/de\/#\/schema\/person\/906134402c29d5c76e7b726261dd4bbd"},"headline":"Georges Enescu &#8211; Musica de Camera, vol. VIII","datePublished":"2020-01-09T15:46:59+00:00","dateModified":"2023-08-22T09:31:36+00:00","mainEntityOfPage":{"@id":"https:\/\/www.iemj.org\/de\/georges-enescu-musica-de-camera-vol-viii\/"},"wordCount":498,"publisher":{"@id":"https:\/\/www.iemj.org\/de\/#organization"},"image":{"@id":"https:\/\/www.iemj.org\/de\/georges-enescu-musica-de-camera-vol-viii\/#primaryimage"},"thumbnailUrl":"https:\/\/www.iemj.org\/wp-content\/uploads\/2020\/01\/arton4465-e1619084611124.jpg","articleSection":["Letzte Neuerwerbungen","Partituren"],"inLanguage":"de"},{"@type":"WebPage","@id":"https:\/\/www.iemj.org\/de\/georges-enescu-musica-de-camera-vol-viii\/","url":"https:\/\/www.iemj.org\/de\/georges-enescu-musica-de-camera-vol-viii\/","name":"Georges Enescu - Musica de Camera, vol. VIII - Institut Europ\u00e9en des Musiques Juives","isPartOf":{"@id":"https:\/\/www.iemj.org\/de\/#website"},"primaryImageOfPage":{"@id":"https:\/\/www.iemj.org\/de\/georges-enescu-musica-de-camera-vol-viii\/#primaryimage"},"image":{"@id":"https:\/\/www.iemj.org\/de\/georges-enescu-musica-de-camera-vol-viii\/#primaryimage"},"thumbnailUrl":"https:\/\/www.iemj.org\/wp-content\/uploads\/2020\/01\/arton4465-e1619084611124.jpg","datePublished":"2020-01-09T15:46:59+00:00","dateModified":"2023-08-22T09:31:36+00:00","breadcrumb":{"@id":"https:\/\/www.iemj.org\/de\/georges-enescu-musica-de-camera-vol-viii\/#breadcrumb"},"inLanguage":"de","potentialAction":[{"@type":"ReadAction","target":["https:\/\/www.iemj.org\/de\/georges-enescu-musica-de-camera-vol-viii\/"]}]},{"@type":"ImageObject","inLanguage":"de","@id":"https:\/\/www.iemj.org\/de\/georges-enescu-musica-de-camera-vol-viii\/#primaryimage","url":"https:\/\/www.iemj.org\/wp-content\/uploads\/2020\/01\/arton4465-e1619084611124.jpg","contentUrl":"https:\/\/www.iemj.org\/wp-content\/uploads\/2020\/01\/arton4465-e1619084611124.jpg","width":350,"height":467},{"@type":"BreadcrumbList","@id":"https:\/\/www.iemj.org\/de\/georges-enescu-musica-de-camera-vol-viii\/#breadcrumb","itemListElement":[{"@type":"ListItem","position":1,"name":"Accueil","item":"https:\/\/www.iemj.org\/de\/"},{"@type":"ListItem","position":2,"name":"Georges Enescu &#8211; Musica de Camera, vol. VIII"}]},{"@type":"WebSite","@id":"https:\/\/www.iemj.org\/de\/#website","url":"https:\/\/www.iemj.org\/de\/","name":"Institut Europ\u00e9en des Musiques Juives","description":"Des traditions musicales \u00e0 la port\u00e9e de tous","publisher":{"@id":"https:\/\/www.iemj.org\/de\/#organization"},"potentialAction":[{"@type":"SearchAction","target":{"@type":"EntryPoint","urlTemplate":"https:\/\/www.iemj.org\/de\/?s={search_term_string}"},"query-input":{"@type":"PropertyValueSpecification","valueRequired":true,"valueName":"search_term_string"}}],"inLanguage":"de"},{"@type":"Organization","@id":"https:\/\/www.iemj.org\/de\/#organization","name":"Institut Europ\u00e9en des Musiques Juives","url":"https:\/\/www.iemj.org\/de\/","logo":{"@type":"ImageObject","inLanguage":"de","@id":"https:\/\/www.iemj.org\/de\/#\/schema\/logo\/image\/","url":"https:\/\/www.iemj.org\/wp-content\/uploads\/2021\/09\/Logo-IEMJ-Paypal.jpg","contentUrl":"https:\/\/www.iemj.org\/wp-content\/uploads\/2021\/09\/Logo-IEMJ-Paypal.jpg","width":150,"height":50,"caption":"Institut Europ\u00e9en des Musiques Juives"},"image":{"@id":"https:\/\/www.iemj.org\/de\/#\/schema\/logo\/image\/"},"sameAs":["https:\/\/www.facebook.com\/MusiquesJuives\/","https:\/\/www.instagram.com\/musiquesjuives\/","https:\/\/www.youtube.com\/user\/musiquesjuives"]},{"@type":"Person","@id":"https:\/\/www.iemj.org\/de\/#\/schema\/person\/906134402c29d5c76e7b726261dd4bbd","name":"Herv\u00e9 Roten","image":{"@type":"ImageObject","inLanguage":"de","@id":"https:\/\/secure.gravatar.com\/avatar\/f96ad2db538a26481f18384936b5cd0610c92d390c4dc382209216d455f685ff?s=96&d=mm&r=g","url":"https:\/\/secure.gravatar.com\/avatar\/f96ad2db538a26481f18384936b5cd0610c92d390c4dc382209216d455f685ff?s=96&d=mm&r=g","contentUrl":"https:\/\/secure.gravatar.com\/avatar\/f96ad2db538a26481f18384936b5cd0610c92d390c4dc382209216d455f685ff?s=96&d=mm&r=g","caption":"Herv\u00e9 Roten"}}]}},"_links":{"self":[{"href":"https:\/\/www.iemj.org\/de\/wp-json\/wp\/v2\/posts\/101468","targetHints":{"allow":["GET"]}}],"collection":[{"href":"https:\/\/www.iemj.org\/de\/wp-json\/wp\/v2\/posts"}],"about":[{"href":"https:\/\/www.iemj.org\/de\/wp-json\/wp\/v2\/types\/post"}],"author":[{"embeddable":true,"href":"https:\/\/www.iemj.org\/de\/wp-json\/wp\/v2\/users\/1045"}],"replies":[{"embeddable":true,"href":"https:\/\/www.iemj.org\/de\/wp-json\/wp\/v2\/comments?post=101468"}],"version-history":[{"count":0,"href":"https:\/\/www.iemj.org\/de\/wp-json\/wp\/v2\/posts\/101468\/revisions"}],"wp:featuredmedia":[{"embeddable":true,"href":"https:\/\/www.iemj.org\/de\/wp-json\/wp\/v2\/media\/101469"}],"wp:attachment":[{"href":"https:\/\/www.iemj.org\/de\/wp-json\/wp\/v2\/media?parent=101468"}],"wp:term":[{"taxonomy":"category","embeddable":true,"href":"https:\/\/www.iemj.org\/de\/wp-json\/wp\/v2\/categories?post=101468"},{"taxonomy":"post_tag","embeddable":true,"href":"https:\/\/www.iemj.org\/de\/wp-json\/wp\/v2\/tags?post=101468"},{"taxonomy":"technique","embeddable":true,"href":"https:\/\/www.iemj.org\/de\/wp-json\/wp\/v2\/technique?post=101468"},{"taxonomy":"squelettes","embeddable":true,"href":"https:\/\/www.iemj.org\/de\/wp-json\/wp\/v2\/squelettes?post=101468"},{"taxonomy":"sujet","embeddable":true,"href":"https:\/\/www.iemj.org\/de\/wp-json\/wp\/v2\/sujet?post=101468"},{"taxonomy":"formation","embeddable":true,"href":"https:\/\/www.iemj.org\/de\/wp-json\/wp\/v2\/formation?post=101468"},{"taxonomy":"genre","embeddable":true,"href":"https:\/\/www.iemj.org\/de\/wp-json\/wp\/v2\/genre?post=101468"},{"taxonomy":"fonds","embeddable":true,"href":"https:\/\/www.iemj.org\/de\/wp-json\/wp\/v2\/fonds?post=101468"},{"taxonomy":"tradition","embeddable":true,"href":"https:\/\/www.iemj.org\/de\/wp-json\/wp\/v2\/tradition?post=101468"},{"taxonomy":"type-de-contenu","embeddable":true,"href":"https:\/\/www.iemj.org\/de\/wp-json\/wp\/v2\/type-de-contenu?post=101468"},{"taxonomy":"interprete-compositeur","embeddable":true,"href":"https:\/\/www.iemj.org\/de\/wp-json\/wp\/v2\/interprete-compositeur?post=101468"},{"taxonomy":"frise","embeddable":true,"href":"https:\/\/www.iemj.org\/de\/wp-json\/wp\/v2\/frise?post=101468"},{"taxonomy":"type-devenement","embeddable":true,"href":"https:\/\/www.iemj.org\/de\/wp-json\/wp\/v2\/type-devenement?post=101468"},{"taxonomy":"tableaux-liens-externes","embeddable":true,"href":"https:\/\/www.iemj.org\/de\/wp-json\/wp\/v2\/tableaux-liens-externes?post=101468"}],"curies":[{"name":"wp","href":"https:\/\/api.w.org\/{rel}","templated":true}]}}