{"id":101491,"date":"2015-11-30T10:57:00","date_gmt":"2015-11-30T09:57:00","guid":{"rendered":"https:\/\/www.iemj.org\/le-hazzan-vecteur-du-chant-synagogal-jacques-arnold\/"},"modified":"2025-10-04T18:25:27","modified_gmt":"2025-10-04T16:25:27","slug":"le-hazzan-vecteur-du-chant-synagogal-jacques-arnold","status":"publish","type":"post","link":"https:\/\/www.iemj.org\/de\/le-hazzan-vecteur-du-chant-synagogal-jacques-arnold\/","title":{"rendered":"Der Hazzan: Vektor des synagogalen Gesangs &#8211; Jacques Arnold"},"content":{"rendered":"<p><strong>Im Rahmen des <a href=\"https:\/\/www.iemj.org\/de\/colloque-et-concerts-vox-aurea-via-sacra-2014-la-musique-sacree-juive\/\">Studientags Vox Aurea-Via Sacra 2014<\/a>, der der j\u00fcdischen Sakralmusik gewidmet ist, l\u00e4dt uns Jacques Arnold, Hazzan, Ehrenrabbiner und ebenfalls Mitglied des j\u00fcdischen Chors von Frankreich ein, die Funktion des Hazzan innerhalb der Synagoge zu betrachten.<\/strong><\/p>\n<p><!--more--><\/p>\n<h3>H\u00f6ren Sie sich den Vortrag am Ende der Seite an.<\/h3>\n<p>Zu der Zeit, als der Gottesdienst im Tempel in Jerusalem abgehalten wurde, waren die Leviten f\u00fcr die musikalische und gesangliche Begleitung zust\u00e4ndig. Sie stimmten die Lieder bei den Zeremonien im Heiligtum an.<\/p>\n<p>Seit der Zerst\u00f6rung des Tempels hat sich der Gottesdienst in die Synagoge &#8222;verlagert&#8220;.<\/p>\n<p>Die t\u00e4glichen Gebete und die Gebete an den Feiertagen werden dort unter der Leitung des Hazzans &#8211; des Delegierten der Gemeinde w\u00e4hrend ihrer verschiedenen Exilaufenthalte &#8211; vorgetragen.<\/p>\n<p><a href=\"https:\/\/www.iemj.org\/de\/colloque-et-concerts-vox-aurea-via-sacra-2014-la-musique-sacree-juive\/\" target=\"_blank\" rel=\"noopener\">Erfahren Sie mehr \u00fcber das Programm des Symposiums und die Konzerte der dritten Ausgabe von Vox Aurea-Via Sacra, die der j\u00fcdischen Kirchenmusik gewidmet ist.<\/a><\/p>\n\n\n<div class=\"wp-block-file\"><a id=\"wp-block-file--media-399eb204-fcc9-4acc-a1ce-3ab78a199ce0\" href=\"https:\/\/www.iemj.org\/wp-content\/uploads\/2015\/12\/6_jacques_arnold.mp3\">Le hazzan : vecteur du chant synagogal &#8211; Jacques ARNOLD<\/a><\/div>\n\n\n\n<figure class=\"wp-block-video\"><video height=\"480\" style=\"aspect-ratio: 640 \/ 480;\" width=\"640\" controls poster=\"https:\/\/www.iemj.org\/wp-content\/uploads\/2015\/11\/Capture-le-Cantor.png\" src=\"https:\/\/www.iemj.org\/wp-content\/uploads\/2019\/01\/hazzan_on_trial.mp4\"><\/video><figcaption class=\"wp-element-caption\"><strong>Video <em>A Cantor On Trial<\/em> mit Leibele Waldman ansehen<\/strong><\/figcaption><\/figure>\n\n\n<div class=\"wp-block-image\">\n<figure class=\"aligncenter size-large\"><img fetchpriority=\"high\" decoding=\"async\" width=\"1024\" height=\"133\" src=\"https:\/\/www.iemj.org\/wp-content\/uploads\/2024\/03\/AUDIO-PLAYER-1024x133.png\" alt=\"\" class=\"wp-image-110606\" srcset=\"https:\/\/www.iemj.org\/wp-content\/uploads\/2024\/03\/AUDIO-PLAYER-1024x133.png 1024w, https:\/\/www.iemj.org\/wp-content\/uploads\/2024\/03\/AUDIO-PLAYER-300x39.png 300w, https:\/\/www.iemj.org\/wp-content\/uploads\/2024\/03\/AUDIO-PLAYER-768x100.png 768w, https:\/\/www.iemj.org\/wp-content\/uploads\/2024\/03\/AUDIO-PLAYER-600x78.png 600w, https:\/\/www.iemj.org\/wp-content\/uploads\/2024\/03\/AUDIO-PLAYER.png 1210w\" sizes=\"(max-width: 1024px) 100vw, 1024px\" \/><\/figure>\n<\/div>","protected":false},"excerpt":{"rendered":"<p>Im Rahmen des Studientags Vox Aurea-Via Sacra 2014, der der j\u00fcdischen Sakralmusik gewidmet ist, l\u00e4dt uns Jacques Arnold, Hazzan, Ehrenrabbiner und ebenfalls Mitglied des j\u00fcdischen Chors von Frankreich ein, die<\/p>\n","protected":false},"author":1052,"featured_media":101492,"comment_status":"closed","ping_status":"closed","sticky":false,"template":"","format":"standard","meta":{"_acf_changed":false,"footnotes":""},"categories":[1418],"tags":[3420],"technique":[],"squelettes":[],"sujet":[2107],"formation":[],"genre":[1891],"fonds":[],"tradition":[],"type-de-contenu":[],"interprete-compositeur":[],"frise":[],"type-devenement":[],"tableaux-liens-externes":[],"class_list":["post-101491","post","type-post","status-publish","format-standard","has-post-thumbnail","hentry","category-kurse-konferenzen-2-de","tag-partner-veranstaltungen-de","sujet-der-sanger-hazzan-de","genre-liturgie-de"],"acf":[],"yoast_head":"<!-- This site is optimized with the Yoast SEO plugin v27.3 - https:\/\/yoast.com\/product\/yoast-seo-wordpress\/ -->\n<title>Der Hazzan: Vektor des synagogalen Gesangs - Jacques Arnold - Institut Europ\u00e9en des Musiques Juives<\/title>\n<meta name=\"robots\" content=\"index, follow, max-snippet:-1, max-image-preview:large, max-video-preview:-1\" \/>\n<link rel=\"canonical\" href=\"https:\/\/www.iemj.org\/de\/le-hazzan-vecteur-du-chant-synagogal-jacques-arnold\/\" \/>\n<meta property=\"og:locale\" content=\"de_DE\" \/>\n<meta property=\"og:type\" content=\"article\" \/>\n<meta property=\"og:title\" content=\"Der Hazzan: Vektor des synagogalen Gesangs - Jacques Arnold - Institut Europ\u00e9en des Musiques Juives\" \/>\n<meta property=\"og:description\" content=\"Im Rahmen des Studientags Vox Aurea-Via Sacra 2014, der der j\u00fcdischen Sakralmusik gewidmet ist, l\u00e4dt uns Jacques Arnold, Hazzan, Ehrenrabbiner und ebenfalls Mitglied des j\u00fcdischen Chors von Frankreich ein, die\" \/>\n<meta property=\"og:url\" content=\"https:\/\/www.iemj.org\/de\/le-hazzan-vecteur-du-chant-synagogal-jacques-arnold\/\" \/>\n<meta property=\"og:site_name\" content=\"Institut Europ\u00e9en des Musiques Juives\" \/>\n<meta property=\"article:publisher\" content=\"https:\/\/www.facebook.com\/MusiquesJuives\/\" \/>\n<meta property=\"article:published_time\" content=\"2015-11-30T09:57:00+00:00\" \/>\n<meta property=\"article:modified_time\" content=\"2025-10-04T16:25:27+00:00\" \/>\n<meta property=\"og:image\" content=\"https:\/\/www.iemj.org\/wp-content\/uploads\/2015\/11\/arton1347-e1618919325790.jpg\" \/>\n\t<meta property=\"og:image:width\" content=\"350\" \/>\n\t<meta property=\"og:image:height\" content=\"518\" \/>\n\t<meta property=\"og:image:type\" content=\"image\/jpeg\" \/>\n<meta name=\"author\" content=\"Lea Couderc\" \/>\n<meta name=\"twitter:card\" content=\"summary_large_image\" \/>\n<meta name=\"twitter:label1\" content=\"Verfasst von\" \/>\n\t<meta name=\"twitter:data1\" content=\"Lea Couderc\" \/>\n\t<meta name=\"twitter:label2\" content=\"Gesch\u00e4tzte Lesezeit\" \/>\n\t<meta name=\"twitter:data2\" content=\"2\u00a0Minuten\" \/>\n<script type=\"application\/ld+json\" class=\"yoast-schema-graph\">{\"@context\":\"https:\\\/\\\/schema.org\",\"@graph\":[{\"@type\":\"Article\",\"@id\":\"https:\\\/\\\/www.iemj.org\\\/de\\\/le-hazzan-vecteur-du-chant-synagogal-jacques-arnold\\\/#article\",\"isPartOf\":{\"@id\":\"https:\\\/\\\/www.iemj.org\\\/de\\\/le-hazzan-vecteur-du-chant-synagogal-jacques-arnold\\\/\"},\"author\":{\"name\":\"Lea Couderc\",\"@id\":\"https:\\\/\\\/www.iemj.org\\\/de\\\/#\\\/schema\\\/person\\\/e2ad57f2c4be119c7ed8ab79036807a9\"},\"headline\":\"Der Hazzan: Vektor des synagogalen Gesangs &#8211; Jacques Arnold\",\"datePublished\":\"2015-11-30T09:57:00+00:00\",\"dateModified\":\"2025-10-04T16:25:27+00:00\",\"mainEntityOfPage\":{\"@id\":\"https:\\\/\\\/www.iemj.org\\\/de\\\/le-hazzan-vecteur-du-chant-synagogal-jacques-arnold\\\/\"},\"wordCount\":180,\"publisher\":{\"@id\":\"https:\\\/\\\/www.iemj.org\\\/de\\\/#organization\"},\"image\":{\"@id\":\"https:\\\/\\\/www.iemj.org\\\/de\\\/le-hazzan-vecteur-du-chant-synagogal-jacques-arnold\\\/#primaryimage\"},\"thumbnailUrl\":\"https:\\\/\\\/www.iemj.org\\\/wp-content\\\/uploads\\\/2015\\\/11\\\/arton1347-e1618919325790.jpg\",\"keywords\":[\"Partner-Veranstaltungen\"],\"articleSection\":[\"Kurse \\\/ Konferenzen\"],\"inLanguage\":\"de\"},{\"@type\":\"WebPage\",\"@id\":\"https:\\\/\\\/www.iemj.org\\\/de\\\/le-hazzan-vecteur-du-chant-synagogal-jacques-arnold\\\/\",\"url\":\"https:\\\/\\\/www.iemj.org\\\/de\\\/le-hazzan-vecteur-du-chant-synagogal-jacques-arnold\\\/\",\"name\":\"Der Hazzan: Vektor des synagogalen Gesangs - Jacques Arnold - Institut Europ\u00e9en des Musiques Juives\",\"isPartOf\":{\"@id\":\"https:\\\/\\\/www.iemj.org\\\/de\\\/#website\"},\"primaryImageOfPage\":{\"@id\":\"https:\\\/\\\/www.iemj.org\\\/de\\\/le-hazzan-vecteur-du-chant-synagogal-jacques-arnold\\\/#primaryimage\"},\"image\":{\"@id\":\"https:\\\/\\\/www.iemj.org\\\/de\\\/le-hazzan-vecteur-du-chant-synagogal-jacques-arnold\\\/#primaryimage\"},\"thumbnailUrl\":\"https:\\\/\\\/www.iemj.org\\\/wp-content\\\/uploads\\\/2015\\\/11\\\/arton1347-e1618919325790.jpg\",\"datePublished\":\"2015-11-30T09:57:00+00:00\",\"dateModified\":\"2025-10-04T16:25:27+00:00\",\"breadcrumb\":{\"@id\":\"https:\\\/\\\/www.iemj.org\\\/de\\\/le-hazzan-vecteur-du-chant-synagogal-jacques-arnold\\\/#breadcrumb\"},\"inLanguage\":\"de\",\"potentialAction\":[{\"@type\":\"ReadAction\",\"target\":[\"https:\\\/\\\/www.iemj.org\\\/de\\\/le-hazzan-vecteur-du-chant-synagogal-jacques-arnold\\\/\"]}]},{\"@type\":\"ImageObject\",\"inLanguage\":\"de\",\"@id\":\"https:\\\/\\\/www.iemj.org\\\/de\\\/le-hazzan-vecteur-du-chant-synagogal-jacques-arnold\\\/#primaryimage\",\"url\":\"https:\\\/\\\/www.iemj.org\\\/wp-content\\\/uploads\\\/2015\\\/11\\\/arton1347-e1618919325790.jpg\",\"contentUrl\":\"https:\\\/\\\/www.iemj.org\\\/wp-content\\\/uploads\\\/2015\\\/11\\\/arton1347-e1618919325790.jpg\",\"width\":350,\"height\":518},{\"@type\":\"BreadcrumbList\",\"@id\":\"https:\\\/\\\/www.iemj.org\\\/de\\\/le-hazzan-vecteur-du-chant-synagogal-jacques-arnold\\\/#breadcrumb\",\"itemListElement\":[{\"@type\":\"ListItem\",\"position\":1,\"name\":\"Accueil\",\"item\":\"https:\\\/\\\/www.iemj.org\\\/de\\\/\"},{\"@type\":\"ListItem\",\"position\":2,\"name\":\"Der Hazzan: Vektor des synagogalen Gesangs &#8211; Jacques Arnold\"}]},{\"@type\":\"WebSite\",\"@id\":\"https:\\\/\\\/www.iemj.org\\\/de\\\/#website\",\"url\":\"https:\\\/\\\/www.iemj.org\\\/de\\\/\",\"name\":\"Institut Europ\u00e9en des Musiques Juives\",\"description\":\"Des traditions musicales \u00e0 la port\u00e9e de tous\",\"publisher\":{\"@id\":\"https:\\\/\\\/www.iemj.org\\\/de\\\/#organization\"},\"potentialAction\":[{\"@type\":\"SearchAction\",\"target\":{\"@type\":\"EntryPoint\",\"urlTemplate\":\"https:\\\/\\\/www.iemj.org\\\/de\\\/?s={search_term_string}\"},\"query-input\":{\"@type\":\"PropertyValueSpecification\",\"valueRequired\":true,\"valueName\":\"search_term_string\"}}],\"inLanguage\":\"de\"},{\"@type\":\"Organization\",\"@id\":\"https:\\\/\\\/www.iemj.org\\\/de\\\/#organization\",\"name\":\"Institut Europ\u00e9en des Musiques Juives\",\"url\":\"https:\\\/\\\/www.iemj.org\\\/de\\\/\",\"logo\":{\"@type\":\"ImageObject\",\"inLanguage\":\"de\",\"@id\":\"https:\\\/\\\/www.iemj.org\\\/de\\\/#\\\/schema\\\/logo\\\/image\\\/\",\"url\":\"https:\\\/\\\/www.iemj.org\\\/wp-content\\\/uploads\\\/2021\\\/09\\\/Logo-IEMJ-Paypal.jpg\",\"contentUrl\":\"https:\\\/\\\/www.iemj.org\\\/wp-content\\\/uploads\\\/2021\\\/09\\\/Logo-IEMJ-Paypal.jpg\",\"width\":150,\"height\":50,\"caption\":\"Institut Europ\u00e9en des Musiques Juives\"},\"image\":{\"@id\":\"https:\\\/\\\/www.iemj.org\\\/de\\\/#\\\/schema\\\/logo\\\/image\\\/\"},\"sameAs\":[\"https:\\\/\\\/www.facebook.com\\\/MusiquesJuives\\\/\",\"https:\\\/\\\/www.instagram.com\\\/musiquesjuives\\\/\",\"https:\\\/\\\/www.youtube.com\\\/user\\\/musiquesjuives\"]},{\"@type\":\"Person\",\"@id\":\"https:\\\/\\\/www.iemj.org\\\/de\\\/#\\\/schema\\\/person\\\/e2ad57f2c4be119c7ed8ab79036807a9\",\"name\":\"Lea Couderc\",\"image\":{\"@type\":\"ImageObject\",\"inLanguage\":\"de\",\"@id\":\"https:\\\/\\\/secure.gravatar.com\\\/avatar\\\/46ee021475d60aeff17a7e490b79dea5a5684bb392ab7fd1494027411df8ba23?s=96&d=mm&r=g\",\"url\":\"https:\\\/\\\/secure.gravatar.com\\\/avatar\\\/46ee021475d60aeff17a7e490b79dea5a5684bb392ab7fd1494027411df8ba23?s=96&d=mm&r=g\",\"contentUrl\":\"https:\\\/\\\/secure.gravatar.com\\\/avatar\\\/46ee021475d60aeff17a7e490b79dea5a5684bb392ab7fd1494027411df8ba23?s=96&d=mm&r=g\",\"caption\":\"Lea Couderc\"}}]}<\/script>\n<!-- \/ Yoast SEO plugin. -->","yoast_head_json":{"title":"Der Hazzan: Vektor des synagogalen Gesangs - Jacques Arnold - Institut Europ\u00e9en des Musiques Juives","robots":{"index":"index","follow":"follow","max-snippet":"max-snippet:-1","max-image-preview":"max-image-preview:large","max-video-preview":"max-video-preview:-1"},"canonical":"https:\/\/www.iemj.org\/de\/le-hazzan-vecteur-du-chant-synagogal-jacques-arnold\/","og_locale":"de_DE","og_type":"article","og_title":"Der Hazzan: Vektor des synagogalen Gesangs - Jacques Arnold - Institut Europ\u00e9en des Musiques Juives","og_description":"Im Rahmen des Studientags Vox Aurea-Via Sacra 2014, der der j\u00fcdischen Sakralmusik gewidmet ist, l\u00e4dt uns Jacques Arnold, Hazzan, Ehrenrabbiner und ebenfalls Mitglied des j\u00fcdischen Chors von Frankreich ein, die","og_url":"https:\/\/www.iemj.org\/de\/le-hazzan-vecteur-du-chant-synagogal-jacques-arnold\/","og_site_name":"Institut Europ\u00e9en des Musiques Juives","article_publisher":"https:\/\/www.facebook.com\/MusiquesJuives\/","article_published_time":"2015-11-30T09:57:00+00:00","article_modified_time":"2025-10-04T16:25:27+00:00","og_image":[{"width":350,"height":518,"url":"https:\/\/www.iemj.org\/wp-content\/uploads\/2015\/11\/arton1347-e1618919325790.jpg","type":"image\/jpeg"}],"author":"Lea Couderc","twitter_card":"summary_large_image","twitter_misc":{"Verfasst von":"Lea Couderc","Gesch\u00e4tzte Lesezeit":"2\u00a0Minuten"},"schema":{"@context":"https:\/\/schema.org","@graph":[{"@type":"Article","@id":"https:\/\/www.iemj.org\/de\/le-hazzan-vecteur-du-chant-synagogal-jacques-arnold\/#article","isPartOf":{"@id":"https:\/\/www.iemj.org\/de\/le-hazzan-vecteur-du-chant-synagogal-jacques-arnold\/"},"author":{"name":"Lea Couderc","@id":"https:\/\/www.iemj.org\/de\/#\/schema\/person\/e2ad57f2c4be119c7ed8ab79036807a9"},"headline":"Der Hazzan: Vektor des synagogalen Gesangs &#8211; Jacques Arnold","datePublished":"2015-11-30T09:57:00+00:00","dateModified":"2025-10-04T16:25:27+00:00","mainEntityOfPage":{"@id":"https:\/\/www.iemj.org\/de\/le-hazzan-vecteur-du-chant-synagogal-jacques-arnold\/"},"wordCount":180,"publisher":{"@id":"https:\/\/www.iemj.org\/de\/#organization"},"image":{"@id":"https:\/\/www.iemj.org\/de\/le-hazzan-vecteur-du-chant-synagogal-jacques-arnold\/#primaryimage"},"thumbnailUrl":"https:\/\/www.iemj.org\/wp-content\/uploads\/2015\/11\/arton1347-e1618919325790.jpg","keywords":["Partner-Veranstaltungen"],"articleSection":["Kurse \/ Konferenzen"],"inLanguage":"de"},{"@type":"WebPage","@id":"https:\/\/www.iemj.org\/de\/le-hazzan-vecteur-du-chant-synagogal-jacques-arnold\/","url":"https:\/\/www.iemj.org\/de\/le-hazzan-vecteur-du-chant-synagogal-jacques-arnold\/","name":"Der Hazzan: Vektor des synagogalen Gesangs - Jacques Arnold - Institut Europ\u00e9en des Musiques Juives","isPartOf":{"@id":"https:\/\/www.iemj.org\/de\/#website"},"primaryImageOfPage":{"@id":"https:\/\/www.iemj.org\/de\/le-hazzan-vecteur-du-chant-synagogal-jacques-arnold\/#primaryimage"},"image":{"@id":"https:\/\/www.iemj.org\/de\/le-hazzan-vecteur-du-chant-synagogal-jacques-arnold\/#primaryimage"},"thumbnailUrl":"https:\/\/www.iemj.org\/wp-content\/uploads\/2015\/11\/arton1347-e1618919325790.jpg","datePublished":"2015-11-30T09:57:00+00:00","dateModified":"2025-10-04T16:25:27+00:00","breadcrumb":{"@id":"https:\/\/www.iemj.org\/de\/le-hazzan-vecteur-du-chant-synagogal-jacques-arnold\/#breadcrumb"},"inLanguage":"de","potentialAction":[{"@type":"ReadAction","target":["https:\/\/www.iemj.org\/de\/le-hazzan-vecteur-du-chant-synagogal-jacques-arnold\/"]}]},{"@type":"ImageObject","inLanguage":"de","@id":"https:\/\/www.iemj.org\/de\/le-hazzan-vecteur-du-chant-synagogal-jacques-arnold\/#primaryimage","url":"https:\/\/www.iemj.org\/wp-content\/uploads\/2015\/11\/arton1347-e1618919325790.jpg","contentUrl":"https:\/\/www.iemj.org\/wp-content\/uploads\/2015\/11\/arton1347-e1618919325790.jpg","width":350,"height":518},{"@type":"BreadcrumbList","@id":"https:\/\/www.iemj.org\/de\/le-hazzan-vecteur-du-chant-synagogal-jacques-arnold\/#breadcrumb","itemListElement":[{"@type":"ListItem","position":1,"name":"Accueil","item":"https:\/\/www.iemj.org\/de\/"},{"@type":"ListItem","position":2,"name":"Der Hazzan: Vektor des synagogalen Gesangs &#8211; Jacques Arnold"}]},{"@type":"WebSite","@id":"https:\/\/www.iemj.org\/de\/#website","url":"https:\/\/www.iemj.org\/de\/","name":"Institut Europ\u00e9en des Musiques Juives","description":"Des traditions musicales \u00e0 la port\u00e9e de tous","publisher":{"@id":"https:\/\/www.iemj.org\/de\/#organization"},"potentialAction":[{"@type":"SearchAction","target":{"@type":"EntryPoint","urlTemplate":"https:\/\/www.iemj.org\/de\/?s={search_term_string}"},"query-input":{"@type":"PropertyValueSpecification","valueRequired":true,"valueName":"search_term_string"}}],"inLanguage":"de"},{"@type":"Organization","@id":"https:\/\/www.iemj.org\/de\/#organization","name":"Institut Europ\u00e9en des Musiques Juives","url":"https:\/\/www.iemj.org\/de\/","logo":{"@type":"ImageObject","inLanguage":"de","@id":"https:\/\/www.iemj.org\/de\/#\/schema\/logo\/image\/","url":"https:\/\/www.iemj.org\/wp-content\/uploads\/2021\/09\/Logo-IEMJ-Paypal.jpg","contentUrl":"https:\/\/www.iemj.org\/wp-content\/uploads\/2021\/09\/Logo-IEMJ-Paypal.jpg","width":150,"height":50,"caption":"Institut Europ\u00e9en des Musiques Juives"},"image":{"@id":"https:\/\/www.iemj.org\/de\/#\/schema\/logo\/image\/"},"sameAs":["https:\/\/www.facebook.com\/MusiquesJuives\/","https:\/\/www.instagram.com\/musiquesjuives\/","https:\/\/www.youtube.com\/user\/musiquesjuives"]},{"@type":"Person","@id":"https:\/\/www.iemj.org\/de\/#\/schema\/person\/e2ad57f2c4be119c7ed8ab79036807a9","name":"Lea Couderc","image":{"@type":"ImageObject","inLanguage":"de","@id":"https:\/\/secure.gravatar.com\/avatar\/46ee021475d60aeff17a7e490b79dea5a5684bb392ab7fd1494027411df8ba23?s=96&d=mm&r=g","url":"https:\/\/secure.gravatar.com\/avatar\/46ee021475d60aeff17a7e490b79dea5a5684bb392ab7fd1494027411df8ba23?s=96&d=mm&r=g","contentUrl":"https:\/\/secure.gravatar.com\/avatar\/46ee021475d60aeff17a7e490b79dea5a5684bb392ab7fd1494027411df8ba23?s=96&d=mm&r=g","caption":"Lea Couderc"}}]}},"_links":{"self":[{"href":"https:\/\/www.iemj.org\/de\/wp-json\/wp\/v2\/posts\/101491","targetHints":{"allow":["GET"]}}],"collection":[{"href":"https:\/\/www.iemj.org\/de\/wp-json\/wp\/v2\/posts"}],"about":[{"href":"https:\/\/www.iemj.org\/de\/wp-json\/wp\/v2\/types\/post"}],"author":[{"embeddable":true,"href":"https:\/\/www.iemj.org\/de\/wp-json\/wp\/v2\/users\/1052"}],"replies":[{"embeddable":true,"href":"https:\/\/www.iemj.org\/de\/wp-json\/wp\/v2\/comments?post=101491"}],"version-history":[{"count":2,"href":"https:\/\/www.iemj.org\/de\/wp-json\/wp\/v2\/posts\/101491\/revisions"}],"predecessor-version":[{"id":126325,"href":"https:\/\/www.iemj.org\/de\/wp-json\/wp\/v2\/posts\/101491\/revisions\/126325"}],"wp:featuredmedia":[{"embeddable":true,"href":"https:\/\/www.iemj.org\/de\/wp-json\/wp\/v2\/media\/101492"}],"wp:attachment":[{"href":"https:\/\/www.iemj.org\/de\/wp-json\/wp\/v2\/media?parent=101491"}],"wp:term":[{"taxonomy":"category","embeddable":true,"href":"https:\/\/www.iemj.org\/de\/wp-json\/wp\/v2\/categories?post=101491"},{"taxonomy":"post_tag","embeddable":true,"href":"https:\/\/www.iemj.org\/de\/wp-json\/wp\/v2\/tags?post=101491"},{"taxonomy":"technique","embeddable":true,"href":"https:\/\/www.iemj.org\/de\/wp-json\/wp\/v2\/technique?post=101491"},{"taxonomy":"squelettes","embeddable":true,"href":"https:\/\/www.iemj.org\/de\/wp-json\/wp\/v2\/squelettes?post=101491"},{"taxonomy":"sujet","embeddable":true,"href":"https:\/\/www.iemj.org\/de\/wp-json\/wp\/v2\/sujet?post=101491"},{"taxonomy":"formation","embeddable":true,"href":"https:\/\/www.iemj.org\/de\/wp-json\/wp\/v2\/formation?post=101491"},{"taxonomy":"genre","embeddable":true,"href":"https:\/\/www.iemj.org\/de\/wp-json\/wp\/v2\/genre?post=101491"},{"taxonomy":"fonds","embeddable":true,"href":"https:\/\/www.iemj.org\/de\/wp-json\/wp\/v2\/fonds?post=101491"},{"taxonomy":"tradition","embeddable":true,"href":"https:\/\/www.iemj.org\/de\/wp-json\/wp\/v2\/tradition?post=101491"},{"taxonomy":"type-de-contenu","embeddable":true,"href":"https:\/\/www.iemj.org\/de\/wp-json\/wp\/v2\/type-de-contenu?post=101491"},{"taxonomy":"interprete-compositeur","embeddable":true,"href":"https:\/\/www.iemj.org\/de\/wp-json\/wp\/v2\/interprete-compositeur?post=101491"},{"taxonomy":"frise","embeddable":true,"href":"https:\/\/www.iemj.org\/de\/wp-json\/wp\/v2\/frise?post=101491"},{"taxonomy":"type-devenement","embeddable":true,"href":"https:\/\/www.iemj.org\/de\/wp-json\/wp\/v2\/type-devenement?post=101491"},{"taxonomy":"tableaux-liens-externes","embeddable":true,"href":"https:\/\/www.iemj.org\/de\/wp-json\/wp\/v2\/tableaux-liens-externes?post=101491"}],"curies":[{"name":"wp","href":"https:\/\/api.w.org\/{rel}","templated":true}]}}