{"id":101496,"date":"2011-04-20T18:55:00","date_gmt":"2011-04-20T16:55:00","guid":{"rendered":"https:\/\/www.iemj.org\/formation-des-maitres-de-musique-de-la-ville-de-paris-2011-2\/"},"modified":"2023-08-30T11:18:31","modified_gmt":"2023-08-30T09:18:31","slug":"formation-des-maitres-de-musique-de-la-ville-de-paris-2011-2","status":"publish","type":"post","link":"https:\/\/www.iemj.org\/de\/formation-des-maitres-de-musique-de-la-ville-de-paris-2011-2\/","title":{"rendered":"KLEZMER- UND CHASSIDISCHE NIGGUN-WORKSHOP &#8211; DAVID LEFEBVRE"},"content":{"rendered":"\n<p>Das CFMJ ( nunmehr <em>Institut Europ\u00e9en des Musiques Juives<\/em>) organisierte am 17. Januar 2011 einen Fortbildungstag f\u00fcr die Musiklehrer der Stadt Paris. Dieser Tag erm\u00f6glichte einen breiten \u00dcberblick \u00fcber die Geschichte der j\u00fcdischen Musik mit einem Vortrag von Herv\u00e9 Roten und einem Workshop mit vokalen und\/oder instrumentalen Improvisationen (chassidischer Niggoun, Klezmer), der von David Lefebvre von der Gruppe <a href=\"http:\/\/www.glik.fr\/Glik.html\">Glick<\/a> geleitet wurde.<\/p>\n\n\n\n<!--more-->\n\n\n\n<p><strong>Schauen Sie sich unten eine \u00dcbersicht des Klezmer-Workshops von David Lefebvre an.<\/strong><\/p>\n\n\n\n<figure class=\"wp-block-video\"><video controls src=\"https:\/\/www.iemj.org\/wp-content\/uploads\/2016\/02\/cfmjatelierklezmerlefebvre20110117.mp4\"><\/video><\/figure>\n\n\n<p><strong>Programm des Fortbildungstages am 17. Januar 2011:<\/strong><\/p>\n<p><strong>Vormittag (9.00-12.00 Uhr)<\/strong><\/p>\n<ul>\n<li>9.00 Uhr: Begr\u00fc\u00dfung der Teilnehmer und Vorf\u00fchrung eines kurzen Films zur Vorstellung des Centre Fran\u00e7ais des Musiques Juives.<\/li>\n<li>9.30 Uhr: Vortrag \u201cEntdeckung der j\u00fcdischen Musik\u201d von Herv\u00e9 Roten.<\/li>\n<li>11.30 Uhr: Fragen\/Austausch rund um die j\u00fcdische Musik.<\/li>\n<\/ul>\n<p><strong>Nachmittags (13.30-16.30 Uhr)<\/strong><\/p>\n<p><strong>Workshop &#8222;J\u00fcdische Musik aus Osteuropa (Klezmer und chassidischer Gesang)&#8220;.<\/strong><\/p>\n<ul>\n<li>13.30 Uhr: Einf\u00fchrung in die Klezmer-Musik, die Instrumentalmusik der osteurop\u00e4ischen Juden (Herv\u00e9 Roten).<\/li>\n<li>14.30 Uhr: Workshop f\u00fcr Vokal- und\/oder Instrumentalpraktiken (chassidischer Niggoun, Klezmer) (David Lefebvre).<\/li>\n<li>16.30 Uhr: Ende des Workshops<\/li>\n<\/ul>","protected":false},"excerpt":{"rendered":"<p>Das CFMJ ( nunmehr Institut Europ\u00e9en des Musiques Juives) organisierte am 17. Januar 2011 einen Fortbildungstag f\u00fcr die Musiklehrer der Stadt Paris. Dieser Tag erm\u00f6glichte einen breiten \u00dcberblick \u00fcber die<\/p>\n","protected":false},"author":1045,"featured_media":90818,"comment_status":"closed","ping_status":"closed","sticky":false,"template":"","format":"standard","meta":{"_acf_changed":false,"footnotes":""},"categories":[1418],"tags":[2225],"technique":[],"squelettes":[],"sujet":[],"formation":[],"genre":[1875],"fonds":[],"tradition":[],"type-de-contenu":[],"interprete-compositeur":[],"frise":[],"type-devenement":[],"tableaux-liens-externes":[],"class_list":["post-101496","post","type-post","status-publish","format-standard","has-post-thumbnail","hentry","category-kurse-konferenzen-2-de","tag-veranstaltungen-iemj-de","genre-klezmer-de"],"acf":[],"yoast_head":"<!-- This site is optimized with the Yoast SEO plugin v27.3 - https:\/\/yoast.com\/product\/yoast-seo-wordpress\/ -->\n<title>KLEZMER- UND CHASSIDISCHE NIGGUN-WORKSHOP - DAVID LEFEBVRE - Institut Europ\u00e9en des Musiques Juives<\/title>\n<meta name=\"robots\" content=\"index, follow, max-snippet:-1, max-image-preview:large, max-video-preview:-1\" \/>\n<link rel=\"canonical\" href=\"https:\/\/www.iemj.org\/de\/formation-des-maitres-de-musique-de-la-ville-de-paris-2011-2\/\" \/>\n<meta property=\"og:locale\" content=\"de_DE\" \/>\n<meta property=\"og:type\" content=\"article\" \/>\n<meta property=\"og:title\" content=\"KLEZMER- UND CHASSIDISCHE NIGGUN-WORKSHOP - DAVID LEFEBVRE - Institut Europ\u00e9en des Musiques Juives\" \/>\n<meta property=\"og:description\" content=\"Das CFMJ ( nunmehr Institut Europ\u00e9en des Musiques Juives) organisierte am 17. Januar 2011 einen Fortbildungstag f\u00fcr die Musiklehrer der Stadt Paris. Dieser Tag erm\u00f6glichte einen breiten \u00dcberblick \u00fcber die\" \/>\n<meta property=\"og:url\" content=\"https:\/\/www.iemj.org\/de\/formation-des-maitres-de-musique-de-la-ville-de-paris-2011-2\/\" \/>\n<meta property=\"og:site_name\" content=\"Institut Europ\u00e9en des Musiques Juives\" \/>\n<meta property=\"article:publisher\" content=\"https:\/\/www.facebook.com\/MusiquesJuives\/\" \/>\n<meta property=\"article:published_time\" content=\"2011-04-20T16:55:00+00:00\" \/>\n<meta property=\"article:modified_time\" content=\"2023-08-30T09:18:31+00:00\" \/>\n<meta property=\"og:image\" content=\"https:\/\/www.iemj.org\/wp-content\/uploads\/2011\/04\/arton172-e1620148887608.jpg\" \/>\n\t<meta property=\"og:image:width\" content=\"350\" \/>\n\t<meta property=\"og:image:height\" content=\"337\" \/>\n\t<meta property=\"og:image:type\" content=\"image\/jpeg\" \/>\n<meta name=\"author\" content=\"Herv\u00e9 Roten\" \/>\n<meta name=\"twitter:card\" content=\"summary_large_image\" \/>\n<meta name=\"twitter:label1\" content=\"Verfasst von\" \/>\n\t<meta name=\"twitter:data1\" content=\"Herv\u00e9 Roten\" \/>\n\t<meta name=\"twitter:label2\" content=\"Gesch\u00e4tzte Lesezeit\" \/>\n\t<meta name=\"twitter:data2\" content=\"1\u00a0Minute\" \/>\n<script type=\"application\/ld+json\" class=\"yoast-schema-graph\">{\"@context\":\"https:\\\/\\\/schema.org\",\"@graph\":[{\"@type\":\"Article\",\"@id\":\"https:\\\/\\\/www.iemj.org\\\/de\\\/formation-des-maitres-de-musique-de-la-ville-de-paris-2011-2\\\/#article\",\"isPartOf\":{\"@id\":\"https:\\\/\\\/www.iemj.org\\\/de\\\/formation-des-maitres-de-musique-de-la-ville-de-paris-2011-2\\\/\"},\"author\":{\"name\":\"Herv\u00e9 Roten\",\"@id\":\"https:\\\/\\\/www.iemj.org\\\/de\\\/#\\\/schema\\\/person\\\/906134402c29d5c76e7b726261dd4bbd\"},\"headline\":\"KLEZMER- UND CHASSIDISCHE NIGGUN-WORKSHOP &#8211; DAVID LEFEBVRE\",\"datePublished\":\"2011-04-20T16:55:00+00:00\",\"dateModified\":\"2023-08-30T09:18:31+00:00\",\"mainEntityOfPage\":{\"@id\":\"https:\\\/\\\/www.iemj.org\\\/de\\\/formation-des-maitres-de-musique-de-la-ville-de-paris-2011-2\\\/\"},\"wordCount\":173,\"publisher\":{\"@id\":\"https:\\\/\\\/www.iemj.org\\\/de\\\/#organization\"},\"image\":{\"@id\":\"https:\\\/\\\/www.iemj.org\\\/de\\\/formation-des-maitres-de-musique-de-la-ville-de-paris-2011-2\\\/#primaryimage\"},\"thumbnailUrl\":\"https:\\\/\\\/www.iemj.org\\\/wp-content\\\/uploads\\\/2011\\\/04\\\/arton172-e1620148887608.jpg\",\"keywords\":[\"Veranstaltungen IEMJ\"],\"articleSection\":[\"Kurse \\\/ Konferenzen\"],\"inLanguage\":\"de\"},{\"@type\":\"WebPage\",\"@id\":\"https:\\\/\\\/www.iemj.org\\\/de\\\/formation-des-maitres-de-musique-de-la-ville-de-paris-2011-2\\\/\",\"url\":\"https:\\\/\\\/www.iemj.org\\\/de\\\/formation-des-maitres-de-musique-de-la-ville-de-paris-2011-2\\\/\",\"name\":\"KLEZMER- UND CHASSIDISCHE NIGGUN-WORKSHOP - DAVID LEFEBVRE - Institut Europ\u00e9en des Musiques Juives\",\"isPartOf\":{\"@id\":\"https:\\\/\\\/www.iemj.org\\\/de\\\/#website\"},\"primaryImageOfPage\":{\"@id\":\"https:\\\/\\\/www.iemj.org\\\/de\\\/formation-des-maitres-de-musique-de-la-ville-de-paris-2011-2\\\/#primaryimage\"},\"image\":{\"@id\":\"https:\\\/\\\/www.iemj.org\\\/de\\\/formation-des-maitres-de-musique-de-la-ville-de-paris-2011-2\\\/#primaryimage\"},\"thumbnailUrl\":\"https:\\\/\\\/www.iemj.org\\\/wp-content\\\/uploads\\\/2011\\\/04\\\/arton172-e1620148887608.jpg\",\"datePublished\":\"2011-04-20T16:55:00+00:00\",\"dateModified\":\"2023-08-30T09:18:31+00:00\",\"breadcrumb\":{\"@id\":\"https:\\\/\\\/www.iemj.org\\\/de\\\/formation-des-maitres-de-musique-de-la-ville-de-paris-2011-2\\\/#breadcrumb\"},\"inLanguage\":\"de\",\"potentialAction\":[{\"@type\":\"ReadAction\",\"target\":[\"https:\\\/\\\/www.iemj.org\\\/de\\\/formation-des-maitres-de-musique-de-la-ville-de-paris-2011-2\\\/\"]}]},{\"@type\":\"ImageObject\",\"inLanguage\":\"de\",\"@id\":\"https:\\\/\\\/www.iemj.org\\\/de\\\/formation-des-maitres-de-musique-de-la-ville-de-paris-2011-2\\\/#primaryimage\",\"url\":\"https:\\\/\\\/www.iemj.org\\\/wp-content\\\/uploads\\\/2011\\\/04\\\/arton172-e1620148887608.jpg\",\"contentUrl\":\"https:\\\/\\\/www.iemj.org\\\/wp-content\\\/uploads\\\/2011\\\/04\\\/arton172-e1620148887608.jpg\",\"width\":350,\"height\":337},{\"@type\":\"BreadcrumbList\",\"@id\":\"https:\\\/\\\/www.iemj.org\\\/de\\\/formation-des-maitres-de-musique-de-la-ville-de-paris-2011-2\\\/#breadcrumb\",\"itemListElement\":[{\"@type\":\"ListItem\",\"position\":1,\"name\":\"Accueil\",\"item\":\"https:\\\/\\\/www.iemj.org\\\/de\\\/\"},{\"@type\":\"ListItem\",\"position\":2,\"name\":\"KLEZMER- UND CHASSIDISCHE NIGGUN-WORKSHOP &#8211; DAVID LEFEBVRE\"}]},{\"@type\":\"WebSite\",\"@id\":\"https:\\\/\\\/www.iemj.org\\\/de\\\/#website\",\"url\":\"https:\\\/\\\/www.iemj.org\\\/de\\\/\",\"name\":\"Institut Europ\u00e9en des Musiques Juives\",\"description\":\"Des traditions musicales \u00e0 la port\u00e9e de tous\",\"publisher\":{\"@id\":\"https:\\\/\\\/www.iemj.org\\\/de\\\/#organization\"},\"potentialAction\":[{\"@type\":\"SearchAction\",\"target\":{\"@type\":\"EntryPoint\",\"urlTemplate\":\"https:\\\/\\\/www.iemj.org\\\/de\\\/?s={search_term_string}\"},\"query-input\":{\"@type\":\"PropertyValueSpecification\",\"valueRequired\":true,\"valueName\":\"search_term_string\"}}],\"inLanguage\":\"de\"},{\"@type\":\"Organization\",\"@id\":\"https:\\\/\\\/www.iemj.org\\\/de\\\/#organization\",\"name\":\"Institut Europ\u00e9en des Musiques Juives\",\"url\":\"https:\\\/\\\/www.iemj.org\\\/de\\\/\",\"logo\":{\"@type\":\"ImageObject\",\"inLanguage\":\"de\",\"@id\":\"https:\\\/\\\/www.iemj.org\\\/de\\\/#\\\/schema\\\/logo\\\/image\\\/\",\"url\":\"https:\\\/\\\/www.iemj.org\\\/wp-content\\\/uploads\\\/2021\\\/09\\\/Logo-IEMJ-Paypal.jpg\",\"contentUrl\":\"https:\\\/\\\/www.iemj.org\\\/wp-content\\\/uploads\\\/2021\\\/09\\\/Logo-IEMJ-Paypal.jpg\",\"width\":150,\"height\":50,\"caption\":\"Institut Europ\u00e9en des Musiques Juives\"},\"image\":{\"@id\":\"https:\\\/\\\/www.iemj.org\\\/de\\\/#\\\/schema\\\/logo\\\/image\\\/\"},\"sameAs\":[\"https:\\\/\\\/www.facebook.com\\\/MusiquesJuives\\\/\",\"https:\\\/\\\/www.instagram.com\\\/musiquesjuives\\\/\",\"https:\\\/\\\/www.youtube.com\\\/user\\\/musiquesjuives\"]},{\"@type\":\"Person\",\"@id\":\"https:\\\/\\\/www.iemj.org\\\/de\\\/#\\\/schema\\\/person\\\/906134402c29d5c76e7b726261dd4bbd\",\"name\":\"Herv\u00e9 Roten\",\"image\":{\"@type\":\"ImageObject\",\"inLanguage\":\"de\",\"@id\":\"https:\\\/\\\/secure.gravatar.com\\\/avatar\\\/f96ad2db538a26481f18384936b5cd0610c92d390c4dc382209216d455f685ff?s=96&d=mm&r=g\",\"url\":\"https:\\\/\\\/secure.gravatar.com\\\/avatar\\\/f96ad2db538a26481f18384936b5cd0610c92d390c4dc382209216d455f685ff?s=96&d=mm&r=g\",\"contentUrl\":\"https:\\\/\\\/secure.gravatar.com\\\/avatar\\\/f96ad2db538a26481f18384936b5cd0610c92d390c4dc382209216d455f685ff?s=96&d=mm&r=g\",\"caption\":\"Herv\u00e9 Roten\"}}]}<\/script>\n<!-- \/ Yoast SEO plugin. -->","yoast_head_json":{"title":"KLEZMER- UND CHASSIDISCHE NIGGUN-WORKSHOP - DAVID LEFEBVRE - Institut Europ\u00e9en des Musiques Juives","robots":{"index":"index","follow":"follow","max-snippet":"max-snippet:-1","max-image-preview":"max-image-preview:large","max-video-preview":"max-video-preview:-1"},"canonical":"https:\/\/www.iemj.org\/de\/formation-des-maitres-de-musique-de-la-ville-de-paris-2011-2\/","og_locale":"de_DE","og_type":"article","og_title":"KLEZMER- UND CHASSIDISCHE NIGGUN-WORKSHOP - DAVID LEFEBVRE - Institut Europ\u00e9en des Musiques Juives","og_description":"Das CFMJ ( nunmehr Institut Europ\u00e9en des Musiques Juives) organisierte am 17. Januar 2011 einen Fortbildungstag f\u00fcr die Musiklehrer der Stadt Paris. Dieser Tag erm\u00f6glichte einen breiten \u00dcberblick \u00fcber die","og_url":"https:\/\/www.iemj.org\/de\/formation-des-maitres-de-musique-de-la-ville-de-paris-2011-2\/","og_site_name":"Institut Europ\u00e9en des Musiques Juives","article_publisher":"https:\/\/www.facebook.com\/MusiquesJuives\/","article_published_time":"2011-04-20T16:55:00+00:00","article_modified_time":"2023-08-30T09:18:31+00:00","og_image":[{"width":350,"height":337,"url":"https:\/\/www.iemj.org\/wp-content\/uploads\/2011\/04\/arton172-e1620148887608.jpg","type":"image\/jpeg"}],"author":"Herv\u00e9 Roten","twitter_card":"summary_large_image","twitter_misc":{"Verfasst von":"Herv\u00e9 Roten","Gesch\u00e4tzte Lesezeit":"1\u00a0Minute"},"schema":{"@context":"https:\/\/schema.org","@graph":[{"@type":"Article","@id":"https:\/\/www.iemj.org\/de\/formation-des-maitres-de-musique-de-la-ville-de-paris-2011-2\/#article","isPartOf":{"@id":"https:\/\/www.iemj.org\/de\/formation-des-maitres-de-musique-de-la-ville-de-paris-2011-2\/"},"author":{"name":"Herv\u00e9 Roten","@id":"https:\/\/www.iemj.org\/de\/#\/schema\/person\/906134402c29d5c76e7b726261dd4bbd"},"headline":"KLEZMER- UND CHASSIDISCHE NIGGUN-WORKSHOP &#8211; DAVID LEFEBVRE","datePublished":"2011-04-20T16:55:00+00:00","dateModified":"2023-08-30T09:18:31+00:00","mainEntityOfPage":{"@id":"https:\/\/www.iemj.org\/de\/formation-des-maitres-de-musique-de-la-ville-de-paris-2011-2\/"},"wordCount":173,"publisher":{"@id":"https:\/\/www.iemj.org\/de\/#organization"},"image":{"@id":"https:\/\/www.iemj.org\/de\/formation-des-maitres-de-musique-de-la-ville-de-paris-2011-2\/#primaryimage"},"thumbnailUrl":"https:\/\/www.iemj.org\/wp-content\/uploads\/2011\/04\/arton172-e1620148887608.jpg","keywords":["Veranstaltungen IEMJ"],"articleSection":["Kurse \/ Konferenzen"],"inLanguage":"de"},{"@type":"WebPage","@id":"https:\/\/www.iemj.org\/de\/formation-des-maitres-de-musique-de-la-ville-de-paris-2011-2\/","url":"https:\/\/www.iemj.org\/de\/formation-des-maitres-de-musique-de-la-ville-de-paris-2011-2\/","name":"KLEZMER- UND CHASSIDISCHE NIGGUN-WORKSHOP - DAVID LEFEBVRE - Institut Europ\u00e9en des Musiques Juives","isPartOf":{"@id":"https:\/\/www.iemj.org\/de\/#website"},"primaryImageOfPage":{"@id":"https:\/\/www.iemj.org\/de\/formation-des-maitres-de-musique-de-la-ville-de-paris-2011-2\/#primaryimage"},"image":{"@id":"https:\/\/www.iemj.org\/de\/formation-des-maitres-de-musique-de-la-ville-de-paris-2011-2\/#primaryimage"},"thumbnailUrl":"https:\/\/www.iemj.org\/wp-content\/uploads\/2011\/04\/arton172-e1620148887608.jpg","datePublished":"2011-04-20T16:55:00+00:00","dateModified":"2023-08-30T09:18:31+00:00","breadcrumb":{"@id":"https:\/\/www.iemj.org\/de\/formation-des-maitres-de-musique-de-la-ville-de-paris-2011-2\/#breadcrumb"},"inLanguage":"de","potentialAction":[{"@type":"ReadAction","target":["https:\/\/www.iemj.org\/de\/formation-des-maitres-de-musique-de-la-ville-de-paris-2011-2\/"]}]},{"@type":"ImageObject","inLanguage":"de","@id":"https:\/\/www.iemj.org\/de\/formation-des-maitres-de-musique-de-la-ville-de-paris-2011-2\/#primaryimage","url":"https:\/\/www.iemj.org\/wp-content\/uploads\/2011\/04\/arton172-e1620148887608.jpg","contentUrl":"https:\/\/www.iemj.org\/wp-content\/uploads\/2011\/04\/arton172-e1620148887608.jpg","width":350,"height":337},{"@type":"BreadcrumbList","@id":"https:\/\/www.iemj.org\/de\/formation-des-maitres-de-musique-de-la-ville-de-paris-2011-2\/#breadcrumb","itemListElement":[{"@type":"ListItem","position":1,"name":"Accueil","item":"https:\/\/www.iemj.org\/de\/"},{"@type":"ListItem","position":2,"name":"KLEZMER- UND CHASSIDISCHE NIGGUN-WORKSHOP &#8211; DAVID LEFEBVRE"}]},{"@type":"WebSite","@id":"https:\/\/www.iemj.org\/de\/#website","url":"https:\/\/www.iemj.org\/de\/","name":"Institut Europ\u00e9en des Musiques Juives","description":"Des traditions musicales \u00e0 la port\u00e9e de tous","publisher":{"@id":"https:\/\/www.iemj.org\/de\/#organization"},"potentialAction":[{"@type":"SearchAction","target":{"@type":"EntryPoint","urlTemplate":"https:\/\/www.iemj.org\/de\/?s={search_term_string}"},"query-input":{"@type":"PropertyValueSpecification","valueRequired":true,"valueName":"search_term_string"}}],"inLanguage":"de"},{"@type":"Organization","@id":"https:\/\/www.iemj.org\/de\/#organization","name":"Institut Europ\u00e9en des Musiques Juives","url":"https:\/\/www.iemj.org\/de\/","logo":{"@type":"ImageObject","inLanguage":"de","@id":"https:\/\/www.iemj.org\/de\/#\/schema\/logo\/image\/","url":"https:\/\/www.iemj.org\/wp-content\/uploads\/2021\/09\/Logo-IEMJ-Paypal.jpg","contentUrl":"https:\/\/www.iemj.org\/wp-content\/uploads\/2021\/09\/Logo-IEMJ-Paypal.jpg","width":150,"height":50,"caption":"Institut Europ\u00e9en des Musiques Juives"},"image":{"@id":"https:\/\/www.iemj.org\/de\/#\/schema\/logo\/image\/"},"sameAs":["https:\/\/www.facebook.com\/MusiquesJuives\/","https:\/\/www.instagram.com\/musiquesjuives\/","https:\/\/www.youtube.com\/user\/musiquesjuives"]},{"@type":"Person","@id":"https:\/\/www.iemj.org\/de\/#\/schema\/person\/906134402c29d5c76e7b726261dd4bbd","name":"Herv\u00e9 Roten","image":{"@type":"ImageObject","inLanguage":"de","@id":"https:\/\/secure.gravatar.com\/avatar\/f96ad2db538a26481f18384936b5cd0610c92d390c4dc382209216d455f685ff?s=96&d=mm&r=g","url":"https:\/\/secure.gravatar.com\/avatar\/f96ad2db538a26481f18384936b5cd0610c92d390c4dc382209216d455f685ff?s=96&d=mm&r=g","contentUrl":"https:\/\/secure.gravatar.com\/avatar\/f96ad2db538a26481f18384936b5cd0610c92d390c4dc382209216d455f685ff?s=96&d=mm&r=g","caption":"Herv\u00e9 Roten"}}]}},"_links":{"self":[{"href":"https:\/\/www.iemj.org\/de\/wp-json\/wp\/v2\/posts\/101496","targetHints":{"allow":["GET"]}}],"collection":[{"href":"https:\/\/www.iemj.org\/de\/wp-json\/wp\/v2\/posts"}],"about":[{"href":"https:\/\/www.iemj.org\/de\/wp-json\/wp\/v2\/types\/post"}],"author":[{"embeddable":true,"href":"https:\/\/www.iemj.org\/de\/wp-json\/wp\/v2\/users\/1045"}],"replies":[{"embeddable":true,"href":"https:\/\/www.iemj.org\/de\/wp-json\/wp\/v2\/comments?post=101496"}],"version-history":[{"count":0,"href":"https:\/\/www.iemj.org\/de\/wp-json\/wp\/v2\/posts\/101496\/revisions"}],"wp:featuredmedia":[{"embeddable":true,"href":"https:\/\/www.iemj.org\/de\/wp-json\/wp\/v2\/media\/90818"}],"wp:attachment":[{"href":"https:\/\/www.iemj.org\/de\/wp-json\/wp\/v2\/media?parent=101496"}],"wp:term":[{"taxonomy":"category","embeddable":true,"href":"https:\/\/www.iemj.org\/de\/wp-json\/wp\/v2\/categories?post=101496"},{"taxonomy":"post_tag","embeddable":true,"href":"https:\/\/www.iemj.org\/de\/wp-json\/wp\/v2\/tags?post=101496"},{"taxonomy":"technique","embeddable":true,"href":"https:\/\/www.iemj.org\/de\/wp-json\/wp\/v2\/technique?post=101496"},{"taxonomy":"squelettes","embeddable":true,"href":"https:\/\/www.iemj.org\/de\/wp-json\/wp\/v2\/squelettes?post=101496"},{"taxonomy":"sujet","embeddable":true,"href":"https:\/\/www.iemj.org\/de\/wp-json\/wp\/v2\/sujet?post=101496"},{"taxonomy":"formation","embeddable":true,"href":"https:\/\/www.iemj.org\/de\/wp-json\/wp\/v2\/formation?post=101496"},{"taxonomy":"genre","embeddable":true,"href":"https:\/\/www.iemj.org\/de\/wp-json\/wp\/v2\/genre?post=101496"},{"taxonomy":"fonds","embeddable":true,"href":"https:\/\/www.iemj.org\/de\/wp-json\/wp\/v2\/fonds?post=101496"},{"taxonomy":"tradition","embeddable":true,"href":"https:\/\/www.iemj.org\/de\/wp-json\/wp\/v2\/tradition?post=101496"},{"taxonomy":"type-de-contenu","embeddable":true,"href":"https:\/\/www.iemj.org\/de\/wp-json\/wp\/v2\/type-de-contenu?post=101496"},{"taxonomy":"interprete-compositeur","embeddable":true,"href":"https:\/\/www.iemj.org\/de\/wp-json\/wp\/v2\/interprete-compositeur?post=101496"},{"taxonomy":"frise","embeddable":true,"href":"https:\/\/www.iemj.org\/de\/wp-json\/wp\/v2\/frise?post=101496"},{"taxonomy":"type-devenement","embeddable":true,"href":"https:\/\/www.iemj.org\/de\/wp-json\/wp\/v2\/type-devenement?post=101496"},{"taxonomy":"tableaux-liens-externes","embeddable":true,"href":"https:\/\/www.iemj.org\/de\/wp-json\/wp\/v2\/tableaux-liens-externes?post=101496"}],"curies":[{"name":"wp","href":"https:\/\/api.w.org\/{rel}","templated":true}]}}