{"id":101505,"date":"2011-06-10T17:03:00","date_gmt":"2011-06-10T15:03:00","guid":{"rendered":"https:\/\/www.iemj.org\/le-cfmj-au-festival-des-cultures-juives-de-paris-2\/"},"modified":"2023-08-22T15:46:08","modified_gmt":"2023-08-22T13:46:08","slug":"le-cfmj-au-festival-des-cultures-juives-de-paris-2","status":"publish","type":"post","link":"https:\/\/www.iemj.org\/de\/le-cfmj-au-festival-des-cultures-juives-de-paris-2\/","title":{"rendered":"Der CFMJ bei dem Festival der j\u00fcdischen Kulturen in Paris"},"content":{"rendered":"<p>Konferenzen, Rundtischgespr\u00e4che und Konzerte: Hier finden Sie die vom CFMJ mitorganisierten Veranstaltungen auf dem <a class=\"spip_out\" href=\"https:\/\/www.festivaldesculturesjuives.org\/\" target=\"_blank\" rel=\"external noopener\">Festival der j\u00fcdischen Kulturen<\/a> in Paris, am 29. und 30. Juni 2011.<\/p>\n<p>Mittwoch, 29. Juni, im Rathaus des dritten Arrondissements von Paris<\/p>\n<ul>\n<li>\u00a0114.30-17.30 Uhr: Interkulturalit\u00e4t in der j\u00fcdischen Musik<\/li>\n<\/ul>\n<p>Vorf\u00fchrung des Films Chants de sable et d&#8217;\u00e9toiles von Nicolas Klotz (90 min, 1997), danach ein Vortrag von Herv\u00e9 Roten, Ethnomusikologe, Direktor des Centre Fran\u00e7ais des Musiques Juives und der Musikabteilung der Fondation du Juda\u00efsme Fran\u00e7ais.<\/p>\n<ul>\n<li>18.30-19.30 Uhr: Rundtischgespr\u00e4ch \u00fcber aktuelle j\u00fcdische Musik<\/li>\n<\/ul>\n<p>Podiumsdiskussion mit Claude Szwimer, Direktor des Labels JUMU, Laurence Haziza, k\u00fcnstlerische Leiterin des Festivals Jazz&#8217;n Klezmer, El\u00e9onore Biezunski, Soziologin, Historikerin der Klezmermusik, Jessica Roda, Ethnomusikologin, Spezialistin f\u00fcr j\u00fcdisch-spanische Musik, und Herv\u00e9 Roten, Ethnomusikologe, Direktor des Centre Fran\u00e7ais des Musiques Juives und der Musikabteilung der Fondation du Juda\u00efsme Fran\u00e7ais.<\/p>\n<ul>\n<li>20.00-23.00 Uhr: Konzert Anakronic Electro Orkestra und Les Yeux Noirs<\/li>\n<\/ul>\n<p>Das Anakronic Electro Orkestra ist eine der originellsten und einfallsreichsten Gruppen, die in letzter Zeit in der franz\u00f6sischen New-Klezmer-Szene aufgetaucht sind. Ein entfesseltes UFO, das aus der sprudelnden Musikszene von Toulouse hervorgegangen ist. Zwischen Dub und Drum n&#8216; Bass nimmt er die traditionelle j\u00fcdische Musik mit ins 20.<\/p>\n<p>Mit mehr als tausend Konzerten rund um die Welt setzen Les Yeux Noirs seit 18 Jahren ihre Reise durch Zigeuner-Rock und Jiddisch-Pop fort! Eine epische Reise in eine grenzenlose, flammende Welt. Ein Abenteuer im Land der Roma und der Poeten.<\/p>\n<p>Donnerstag, 30. Juni, im H\u00f4tel de Ville de Paris<\/p>\n<ul>\n<li>19.30 Uhr: Konzert des Texto Ensembles und des Saltiel Ensembles<\/li>\n<\/ul>\n<p>Das Ensemble Texto, das bald eine CD in der Reihe Patrimoines musicaux des Juifs de France der Fondation du Juda\u00efsme Fran\u00e7ais herausbringen wird, pr\u00e4sentiert ein Programm mit hebr\u00e4ischen und aram\u00e4ischen Ges\u00e4ngen, das den Facettenreichtum der j\u00fcdisch-barocken Musik in Venedig, Mantua und Amsterdam von 1623 bis 1738 veranschaulicht.<\/p>\n<p>Werke von Salamone Rossi und Abraham Caceres.<\/p>\n<p>Das Ensemble Saltiel wird Ausz\u00fcge aus seinem Album Boda &#8211; Kantigas de Novia vortragen, einer Sammlung jahrhundertealter Lieder und Tanzmelodien, die Aron Saltiel bei den sephardischen Gemeinden gesammelt hat. Diese Lieder, die die Phasen und Rituale j\u00fcdischer Hochzeiten im Osmanischen Reich bis zur Mitte des 20. Jahrhunderts widerspiegeln, wurden 2010 in Istanbul aufgenommen. F\u00fcr dieses Projekt verzierten t\u00fcrkische Musiker die St\u00fccke mit Improvisationen (Taksim) in der Art der Instrumentalisten, die jahrhundertelang j\u00fcdische Hochzeiten begleiteten.<\/p>\n<h2><a href=\"https:\/\/www.iemj.org\/de\/le-cfmj-au-festival-des-cultures-juives-de-paris\/\" target=\"_blank\" rel=\"noopener\">Herv\u00e9 Rotens Vortrag \u00fcber Interkulturalit\u00e4t in der j\u00fcdischen Musik ansehen<\/a><\/h2>\n\n\n<div class=\"wp-block-file\"><a id=\"wp-block-file--media-c61a7fba-212e-48ea-a693-a6b5ee6f5029\" href=\"https:\/\/www.iemj.org\/wp-content\/uploads\/2021\/05\/Programme-Festival-des-Cultures-Juives-2011.pdf\">Programme-Festival-des-Cultures-Juives-2011<\/a><a href=\"https:\/\/www.iemj.org\/wp-content\/uploads\/2021\/05\/Programme-Festival-des-Cultures-Juives-2011.pdf\" class=\"wp-block-file__button wp-element-button\" download aria-describedby=\"wp-block-file--media-c61a7fba-212e-48ea-a693-a6b5ee6f5029\">T\u00e9l\u00e9charger<\/a><\/div>\n\n\n\n<p><\/p>\n","protected":false},"excerpt":{"rendered":"<p>Konferenzen, Rundtischgespr\u00e4che und Konzerte: Hier finden Sie die vom CFMJ mitorganisierten Veranstaltungen auf dem Festival der j\u00fcdischen Kulturen in Paris, am 29. und 30. Juni 2011. Mittwoch, 29. Juni, im<\/p>\n","protected":false},"author":1045,"featured_media":66903,"comment_status":"closed","ping_status":"closed","sticky":false,"template":"","format":"standard","meta":{"_acf_changed":false,"footnotes":""},"categories":[1382,1370],"tags":[],"technique":[],"squelettes":[],"sujet":[],"formation":[],"genre":[],"fonds":[],"tradition":[],"type-de-contenu":[],"interprete-compositeur":[],"frise":[],"type-devenement":[],"tableaux-liens-externes":[],"class_list":["post-101505","post","type-post","status-publish","format-standard","has-post-thumbnail","hentry","category-kurse-konferenzen-de","category-veranstaltungen-de"],"acf":[],"yoast_head":"<!-- This site is optimized with the Yoast SEO plugin v27.3 - https:\/\/yoast.com\/product\/yoast-seo-wordpress\/ -->\n<title>Der CFMJ bei dem Festival der j\u00fcdischen Kulturen in Paris - Institut Europ\u00e9en des Musiques Juives<\/title>\n<meta name=\"robots\" content=\"index, follow, max-snippet:-1, max-image-preview:large, max-video-preview:-1\" \/>\n<link rel=\"canonical\" href=\"https:\/\/www.iemj.org\/de\/le-cfmj-au-festival-des-cultures-juives-de-paris-2\/\" \/>\n<meta property=\"og:locale\" content=\"de_DE\" \/>\n<meta property=\"og:type\" content=\"article\" \/>\n<meta property=\"og:title\" content=\"Der CFMJ bei dem Festival der j\u00fcdischen Kulturen in Paris - Institut Europ\u00e9en des Musiques Juives\" \/>\n<meta property=\"og:description\" content=\"Konferenzen, Rundtischgespr\u00e4che und Konzerte: Hier finden Sie die vom CFMJ mitorganisierten Veranstaltungen auf dem Festival der j\u00fcdischen Kulturen in Paris, am 29. und 30. Juni 2011. Mittwoch, 29. Juni, im\" \/>\n<meta property=\"og:url\" content=\"https:\/\/www.iemj.org\/de\/le-cfmj-au-festival-des-cultures-juives-de-paris-2\/\" \/>\n<meta property=\"og:site_name\" content=\"Institut Europ\u00e9en des Musiques Juives\" \/>\n<meta property=\"article:publisher\" content=\"https:\/\/www.facebook.com\/MusiquesJuives\/\" \/>\n<meta property=\"article:published_time\" content=\"2011-06-10T15:03:00+00:00\" \/>\n<meta property=\"article:modified_time\" content=\"2023-08-22T13:46:08+00:00\" \/>\n<meta property=\"og:image\" content=\"https:\/\/www.iemj.org\/wp-content\/uploads\/2011\/06\/arton267-e1632414328636.jpg\" \/>\n\t<meta property=\"og:image:width\" content=\"350\" \/>\n\t<meta property=\"og:image:height\" content=\"495\" \/>\n\t<meta property=\"og:image:type\" content=\"image\/jpeg\" \/>\n<meta name=\"author\" content=\"Herv\u00e9 Roten\" \/>\n<meta name=\"twitter:card\" content=\"summary_large_image\" \/>\n<meta name=\"twitter:label1\" content=\"Verfasst von\" \/>\n\t<meta name=\"twitter:data1\" content=\"Herv\u00e9 Roten\" \/>\n\t<meta name=\"twitter:label2\" content=\"Gesch\u00e4tzte Lesezeit\" \/>\n\t<meta name=\"twitter:data2\" content=\"2\u00a0Minuten\" \/>\n<script type=\"application\/ld+json\" class=\"yoast-schema-graph\">{\"@context\":\"https:\\\/\\\/schema.org\",\"@graph\":[{\"@type\":\"Article\",\"@id\":\"https:\\\/\\\/www.iemj.org\\\/de\\\/le-cfmj-au-festival-des-cultures-juives-de-paris-2\\\/#article\",\"isPartOf\":{\"@id\":\"https:\\\/\\\/www.iemj.org\\\/de\\\/le-cfmj-au-festival-des-cultures-juives-de-paris-2\\\/\"},\"author\":{\"name\":\"Herv\u00e9 Roten\",\"@id\":\"https:\\\/\\\/www.iemj.org\\\/de\\\/#\\\/schema\\\/person\\\/906134402c29d5c76e7b726261dd4bbd\"},\"headline\":\"Der CFMJ bei dem Festival der j\u00fcdischen Kulturen in Paris\",\"datePublished\":\"2011-06-10T15:03:00+00:00\",\"dateModified\":\"2023-08-22T13:46:08+00:00\",\"mainEntityOfPage\":{\"@id\":\"https:\\\/\\\/www.iemj.org\\\/de\\\/le-cfmj-au-festival-des-cultures-juives-de-paris-2\\\/\"},\"wordCount\":427,\"publisher\":{\"@id\":\"https:\\\/\\\/www.iemj.org\\\/de\\\/#organization\"},\"image\":{\"@id\":\"https:\\\/\\\/www.iemj.org\\\/de\\\/le-cfmj-au-festival-des-cultures-juives-de-paris-2\\\/#primaryimage\"},\"thumbnailUrl\":\"https:\\\/\\\/www.iemj.org\\\/wp-content\\\/uploads\\\/2011\\\/06\\\/arton267-e1632414328636.jpg\",\"articleSection\":[\"Kurse \\\/ Konferenzen\",\"Veranstaltungen\"],\"inLanguage\":\"de\"},{\"@type\":\"WebPage\",\"@id\":\"https:\\\/\\\/www.iemj.org\\\/de\\\/le-cfmj-au-festival-des-cultures-juives-de-paris-2\\\/\",\"url\":\"https:\\\/\\\/www.iemj.org\\\/de\\\/le-cfmj-au-festival-des-cultures-juives-de-paris-2\\\/\",\"name\":\"Der CFMJ bei dem Festival der j\u00fcdischen Kulturen in Paris - Institut Europ\u00e9en des Musiques Juives\",\"isPartOf\":{\"@id\":\"https:\\\/\\\/www.iemj.org\\\/de\\\/#website\"},\"primaryImageOfPage\":{\"@id\":\"https:\\\/\\\/www.iemj.org\\\/de\\\/le-cfmj-au-festival-des-cultures-juives-de-paris-2\\\/#primaryimage\"},\"image\":{\"@id\":\"https:\\\/\\\/www.iemj.org\\\/de\\\/le-cfmj-au-festival-des-cultures-juives-de-paris-2\\\/#primaryimage\"},\"thumbnailUrl\":\"https:\\\/\\\/www.iemj.org\\\/wp-content\\\/uploads\\\/2011\\\/06\\\/arton267-e1632414328636.jpg\",\"datePublished\":\"2011-06-10T15:03:00+00:00\",\"dateModified\":\"2023-08-22T13:46:08+00:00\",\"breadcrumb\":{\"@id\":\"https:\\\/\\\/www.iemj.org\\\/de\\\/le-cfmj-au-festival-des-cultures-juives-de-paris-2\\\/#breadcrumb\"},\"inLanguage\":\"de\",\"potentialAction\":[{\"@type\":\"ReadAction\",\"target\":[\"https:\\\/\\\/www.iemj.org\\\/de\\\/le-cfmj-au-festival-des-cultures-juives-de-paris-2\\\/\"]}]},{\"@type\":\"ImageObject\",\"inLanguage\":\"de\",\"@id\":\"https:\\\/\\\/www.iemj.org\\\/de\\\/le-cfmj-au-festival-des-cultures-juives-de-paris-2\\\/#primaryimage\",\"url\":\"https:\\\/\\\/www.iemj.org\\\/wp-content\\\/uploads\\\/2011\\\/06\\\/arton267-e1632414328636.jpg\",\"contentUrl\":\"https:\\\/\\\/www.iemj.org\\\/wp-content\\\/uploads\\\/2011\\\/06\\\/arton267-e1632414328636.jpg\",\"width\":350,\"height\":495},{\"@type\":\"BreadcrumbList\",\"@id\":\"https:\\\/\\\/www.iemj.org\\\/de\\\/le-cfmj-au-festival-des-cultures-juives-de-paris-2\\\/#breadcrumb\",\"itemListElement\":[{\"@type\":\"ListItem\",\"position\":1,\"name\":\"Accueil\",\"item\":\"https:\\\/\\\/www.iemj.org\\\/de\\\/\"},{\"@type\":\"ListItem\",\"position\":2,\"name\":\"Der CFMJ bei dem Festival der j\u00fcdischen Kulturen in Paris\"}]},{\"@type\":\"WebSite\",\"@id\":\"https:\\\/\\\/www.iemj.org\\\/de\\\/#website\",\"url\":\"https:\\\/\\\/www.iemj.org\\\/de\\\/\",\"name\":\"Institut Europ\u00e9en des Musiques Juives\",\"description\":\"Des traditions musicales \u00e0 la port\u00e9e de tous\",\"publisher\":{\"@id\":\"https:\\\/\\\/www.iemj.org\\\/de\\\/#organization\"},\"potentialAction\":[{\"@type\":\"SearchAction\",\"target\":{\"@type\":\"EntryPoint\",\"urlTemplate\":\"https:\\\/\\\/www.iemj.org\\\/de\\\/?s={search_term_string}\"},\"query-input\":{\"@type\":\"PropertyValueSpecification\",\"valueRequired\":true,\"valueName\":\"search_term_string\"}}],\"inLanguage\":\"de\"},{\"@type\":\"Organization\",\"@id\":\"https:\\\/\\\/www.iemj.org\\\/de\\\/#organization\",\"name\":\"Institut Europ\u00e9en des Musiques Juives\",\"url\":\"https:\\\/\\\/www.iemj.org\\\/de\\\/\",\"logo\":{\"@type\":\"ImageObject\",\"inLanguage\":\"de\",\"@id\":\"https:\\\/\\\/www.iemj.org\\\/de\\\/#\\\/schema\\\/logo\\\/image\\\/\",\"url\":\"https:\\\/\\\/www.iemj.org\\\/wp-content\\\/uploads\\\/2021\\\/09\\\/Logo-IEMJ-Paypal.jpg\",\"contentUrl\":\"https:\\\/\\\/www.iemj.org\\\/wp-content\\\/uploads\\\/2021\\\/09\\\/Logo-IEMJ-Paypal.jpg\",\"width\":150,\"height\":50,\"caption\":\"Institut Europ\u00e9en des Musiques Juives\"},\"image\":{\"@id\":\"https:\\\/\\\/www.iemj.org\\\/de\\\/#\\\/schema\\\/logo\\\/image\\\/\"},\"sameAs\":[\"https:\\\/\\\/www.facebook.com\\\/MusiquesJuives\\\/\",\"https:\\\/\\\/www.instagram.com\\\/musiquesjuives\\\/\",\"https:\\\/\\\/www.youtube.com\\\/user\\\/musiquesjuives\"]},{\"@type\":\"Person\",\"@id\":\"https:\\\/\\\/www.iemj.org\\\/de\\\/#\\\/schema\\\/person\\\/906134402c29d5c76e7b726261dd4bbd\",\"name\":\"Herv\u00e9 Roten\",\"image\":{\"@type\":\"ImageObject\",\"inLanguage\":\"de\",\"@id\":\"https:\\\/\\\/secure.gravatar.com\\\/avatar\\\/f96ad2db538a26481f18384936b5cd0610c92d390c4dc382209216d455f685ff?s=96&d=mm&r=g\",\"url\":\"https:\\\/\\\/secure.gravatar.com\\\/avatar\\\/f96ad2db538a26481f18384936b5cd0610c92d390c4dc382209216d455f685ff?s=96&d=mm&r=g\",\"contentUrl\":\"https:\\\/\\\/secure.gravatar.com\\\/avatar\\\/f96ad2db538a26481f18384936b5cd0610c92d390c4dc382209216d455f685ff?s=96&d=mm&r=g\",\"caption\":\"Herv\u00e9 Roten\"}}]}<\/script>\n<!-- \/ Yoast SEO plugin. -->","yoast_head_json":{"title":"Der CFMJ bei dem Festival der j\u00fcdischen Kulturen in Paris - Institut Europ\u00e9en des Musiques Juives","robots":{"index":"index","follow":"follow","max-snippet":"max-snippet:-1","max-image-preview":"max-image-preview:large","max-video-preview":"max-video-preview:-1"},"canonical":"https:\/\/www.iemj.org\/de\/le-cfmj-au-festival-des-cultures-juives-de-paris-2\/","og_locale":"de_DE","og_type":"article","og_title":"Der CFMJ bei dem Festival der j\u00fcdischen Kulturen in Paris - Institut Europ\u00e9en des Musiques Juives","og_description":"Konferenzen, Rundtischgespr\u00e4che und Konzerte: Hier finden Sie die vom CFMJ mitorganisierten Veranstaltungen auf dem Festival der j\u00fcdischen Kulturen in Paris, am 29. und 30. Juni 2011. Mittwoch, 29. Juni, im","og_url":"https:\/\/www.iemj.org\/de\/le-cfmj-au-festival-des-cultures-juives-de-paris-2\/","og_site_name":"Institut Europ\u00e9en des Musiques Juives","article_publisher":"https:\/\/www.facebook.com\/MusiquesJuives\/","article_published_time":"2011-06-10T15:03:00+00:00","article_modified_time":"2023-08-22T13:46:08+00:00","og_image":[{"width":350,"height":495,"url":"https:\/\/www.iemj.org\/wp-content\/uploads\/2011\/06\/arton267-e1632414328636.jpg","type":"image\/jpeg"}],"author":"Herv\u00e9 Roten","twitter_card":"summary_large_image","twitter_misc":{"Verfasst von":"Herv\u00e9 Roten","Gesch\u00e4tzte Lesezeit":"2\u00a0Minuten"},"schema":{"@context":"https:\/\/schema.org","@graph":[{"@type":"Article","@id":"https:\/\/www.iemj.org\/de\/le-cfmj-au-festival-des-cultures-juives-de-paris-2\/#article","isPartOf":{"@id":"https:\/\/www.iemj.org\/de\/le-cfmj-au-festival-des-cultures-juives-de-paris-2\/"},"author":{"name":"Herv\u00e9 Roten","@id":"https:\/\/www.iemj.org\/de\/#\/schema\/person\/906134402c29d5c76e7b726261dd4bbd"},"headline":"Der CFMJ bei dem Festival der j\u00fcdischen Kulturen in Paris","datePublished":"2011-06-10T15:03:00+00:00","dateModified":"2023-08-22T13:46:08+00:00","mainEntityOfPage":{"@id":"https:\/\/www.iemj.org\/de\/le-cfmj-au-festival-des-cultures-juives-de-paris-2\/"},"wordCount":427,"publisher":{"@id":"https:\/\/www.iemj.org\/de\/#organization"},"image":{"@id":"https:\/\/www.iemj.org\/de\/le-cfmj-au-festival-des-cultures-juives-de-paris-2\/#primaryimage"},"thumbnailUrl":"https:\/\/www.iemj.org\/wp-content\/uploads\/2011\/06\/arton267-e1632414328636.jpg","articleSection":["Kurse \/ Konferenzen","Veranstaltungen"],"inLanguage":"de"},{"@type":"WebPage","@id":"https:\/\/www.iemj.org\/de\/le-cfmj-au-festival-des-cultures-juives-de-paris-2\/","url":"https:\/\/www.iemj.org\/de\/le-cfmj-au-festival-des-cultures-juives-de-paris-2\/","name":"Der CFMJ bei dem Festival der j\u00fcdischen Kulturen in Paris - Institut Europ\u00e9en des Musiques Juives","isPartOf":{"@id":"https:\/\/www.iemj.org\/de\/#website"},"primaryImageOfPage":{"@id":"https:\/\/www.iemj.org\/de\/le-cfmj-au-festival-des-cultures-juives-de-paris-2\/#primaryimage"},"image":{"@id":"https:\/\/www.iemj.org\/de\/le-cfmj-au-festival-des-cultures-juives-de-paris-2\/#primaryimage"},"thumbnailUrl":"https:\/\/www.iemj.org\/wp-content\/uploads\/2011\/06\/arton267-e1632414328636.jpg","datePublished":"2011-06-10T15:03:00+00:00","dateModified":"2023-08-22T13:46:08+00:00","breadcrumb":{"@id":"https:\/\/www.iemj.org\/de\/le-cfmj-au-festival-des-cultures-juives-de-paris-2\/#breadcrumb"},"inLanguage":"de","potentialAction":[{"@type":"ReadAction","target":["https:\/\/www.iemj.org\/de\/le-cfmj-au-festival-des-cultures-juives-de-paris-2\/"]}]},{"@type":"ImageObject","inLanguage":"de","@id":"https:\/\/www.iemj.org\/de\/le-cfmj-au-festival-des-cultures-juives-de-paris-2\/#primaryimage","url":"https:\/\/www.iemj.org\/wp-content\/uploads\/2011\/06\/arton267-e1632414328636.jpg","contentUrl":"https:\/\/www.iemj.org\/wp-content\/uploads\/2011\/06\/arton267-e1632414328636.jpg","width":350,"height":495},{"@type":"BreadcrumbList","@id":"https:\/\/www.iemj.org\/de\/le-cfmj-au-festival-des-cultures-juives-de-paris-2\/#breadcrumb","itemListElement":[{"@type":"ListItem","position":1,"name":"Accueil","item":"https:\/\/www.iemj.org\/de\/"},{"@type":"ListItem","position":2,"name":"Der CFMJ bei dem Festival der j\u00fcdischen Kulturen in Paris"}]},{"@type":"WebSite","@id":"https:\/\/www.iemj.org\/de\/#website","url":"https:\/\/www.iemj.org\/de\/","name":"Institut Europ\u00e9en des Musiques Juives","description":"Des traditions musicales \u00e0 la port\u00e9e de tous","publisher":{"@id":"https:\/\/www.iemj.org\/de\/#organization"},"potentialAction":[{"@type":"SearchAction","target":{"@type":"EntryPoint","urlTemplate":"https:\/\/www.iemj.org\/de\/?s={search_term_string}"},"query-input":{"@type":"PropertyValueSpecification","valueRequired":true,"valueName":"search_term_string"}}],"inLanguage":"de"},{"@type":"Organization","@id":"https:\/\/www.iemj.org\/de\/#organization","name":"Institut Europ\u00e9en des Musiques Juives","url":"https:\/\/www.iemj.org\/de\/","logo":{"@type":"ImageObject","inLanguage":"de","@id":"https:\/\/www.iemj.org\/de\/#\/schema\/logo\/image\/","url":"https:\/\/www.iemj.org\/wp-content\/uploads\/2021\/09\/Logo-IEMJ-Paypal.jpg","contentUrl":"https:\/\/www.iemj.org\/wp-content\/uploads\/2021\/09\/Logo-IEMJ-Paypal.jpg","width":150,"height":50,"caption":"Institut Europ\u00e9en des Musiques Juives"},"image":{"@id":"https:\/\/www.iemj.org\/de\/#\/schema\/logo\/image\/"},"sameAs":["https:\/\/www.facebook.com\/MusiquesJuives\/","https:\/\/www.instagram.com\/musiquesjuives\/","https:\/\/www.youtube.com\/user\/musiquesjuives"]},{"@type":"Person","@id":"https:\/\/www.iemj.org\/de\/#\/schema\/person\/906134402c29d5c76e7b726261dd4bbd","name":"Herv\u00e9 Roten","image":{"@type":"ImageObject","inLanguage":"de","@id":"https:\/\/secure.gravatar.com\/avatar\/f96ad2db538a26481f18384936b5cd0610c92d390c4dc382209216d455f685ff?s=96&d=mm&r=g","url":"https:\/\/secure.gravatar.com\/avatar\/f96ad2db538a26481f18384936b5cd0610c92d390c4dc382209216d455f685ff?s=96&d=mm&r=g","contentUrl":"https:\/\/secure.gravatar.com\/avatar\/f96ad2db538a26481f18384936b5cd0610c92d390c4dc382209216d455f685ff?s=96&d=mm&r=g","caption":"Herv\u00e9 Roten"}}]}},"_links":{"self":[{"href":"https:\/\/www.iemj.org\/de\/wp-json\/wp\/v2\/posts\/101505","targetHints":{"allow":["GET"]}}],"collection":[{"href":"https:\/\/www.iemj.org\/de\/wp-json\/wp\/v2\/posts"}],"about":[{"href":"https:\/\/www.iemj.org\/de\/wp-json\/wp\/v2\/types\/post"}],"author":[{"embeddable":true,"href":"https:\/\/www.iemj.org\/de\/wp-json\/wp\/v2\/users\/1045"}],"replies":[{"embeddable":true,"href":"https:\/\/www.iemj.org\/de\/wp-json\/wp\/v2\/comments?post=101505"}],"version-history":[{"count":0,"href":"https:\/\/www.iemj.org\/de\/wp-json\/wp\/v2\/posts\/101505\/revisions"}],"wp:featuredmedia":[{"embeddable":true,"href":"https:\/\/www.iemj.org\/de\/wp-json\/wp\/v2\/media\/66903"}],"wp:attachment":[{"href":"https:\/\/www.iemj.org\/de\/wp-json\/wp\/v2\/media?parent=101505"}],"wp:term":[{"taxonomy":"category","embeddable":true,"href":"https:\/\/www.iemj.org\/de\/wp-json\/wp\/v2\/categories?post=101505"},{"taxonomy":"post_tag","embeddable":true,"href":"https:\/\/www.iemj.org\/de\/wp-json\/wp\/v2\/tags?post=101505"},{"taxonomy":"technique","embeddable":true,"href":"https:\/\/www.iemj.org\/de\/wp-json\/wp\/v2\/technique?post=101505"},{"taxonomy":"squelettes","embeddable":true,"href":"https:\/\/www.iemj.org\/de\/wp-json\/wp\/v2\/squelettes?post=101505"},{"taxonomy":"sujet","embeddable":true,"href":"https:\/\/www.iemj.org\/de\/wp-json\/wp\/v2\/sujet?post=101505"},{"taxonomy":"formation","embeddable":true,"href":"https:\/\/www.iemj.org\/de\/wp-json\/wp\/v2\/formation?post=101505"},{"taxonomy":"genre","embeddable":true,"href":"https:\/\/www.iemj.org\/de\/wp-json\/wp\/v2\/genre?post=101505"},{"taxonomy":"fonds","embeddable":true,"href":"https:\/\/www.iemj.org\/de\/wp-json\/wp\/v2\/fonds?post=101505"},{"taxonomy":"tradition","embeddable":true,"href":"https:\/\/www.iemj.org\/de\/wp-json\/wp\/v2\/tradition?post=101505"},{"taxonomy":"type-de-contenu","embeddable":true,"href":"https:\/\/www.iemj.org\/de\/wp-json\/wp\/v2\/type-de-contenu?post=101505"},{"taxonomy":"interprete-compositeur","embeddable":true,"href":"https:\/\/www.iemj.org\/de\/wp-json\/wp\/v2\/interprete-compositeur?post=101505"},{"taxonomy":"frise","embeddable":true,"href":"https:\/\/www.iemj.org\/de\/wp-json\/wp\/v2\/frise?post=101505"},{"taxonomy":"type-devenement","embeddable":true,"href":"https:\/\/www.iemj.org\/de\/wp-json\/wp\/v2\/type-devenement?post=101505"},{"taxonomy":"tableaux-liens-externes","embeddable":true,"href":"https:\/\/www.iemj.org\/de\/wp-json\/wp\/v2\/tableaux-liens-externes?post=101505"}],"curies":[{"name":"wp","href":"https:\/\/api.w.org\/{rel}","templated":true}]}}