{"id":101545,"date":"2018-01-16T12:16:02","date_gmt":"2018-01-16T11:16:02","guid":{"rendered":"https:\/\/www.iemj.org\/la-source-de-vie-memoire-portugaise\/"},"modified":"2026-02-24T10:09:05","modified_gmt":"2026-02-24T09:09:05","slug":"la-source-de-vie-memoire-portugaise","status":"publish","type":"post","link":"https:\/\/www.iemj.org\/de\/la-source-de-vie-memoire-portugaise\/","title":{"rendered":"La source de vie : M\u00e9moire portugaise [Portugiesisches Ged\u00e4chtnis)"},"content":{"rendered":"<p class=\"post_excerpt\"><strong>Eine Sendung von<a href=\"https:\/\/fr.wikipedia.org\/wiki\/Josy_Eisenberg\">Josy Eisenberg<\/a><\/strong>. <strong>Regie: Pascale Kenigsberg-Cahen, anl\u00e4sslich des Konzerts zum 120. Jahrestag der Errichtung der Synagoge von Bordeaux, mit Unterst\u00fctzung des Zentralkonsistoriums, der Fondation du Juda\u00efsme Fran\u00e7ais (Stiftung des franz\u00f6sischen Judentums) und der Stiftung Marl\u00e8ne Grebler. Mit Beteiligung von Herv\u00e9 Roten. <\/strong><\/p>\n<p><!--more--><\/p>\n<p>Am Ende des 19. Jahrhunderts war die Musik, die in den portugiesischen Synagogen in Bordeaux, Bayonne oder Paris verwendet wurde, besonders beeindruckend. Der Kantor trug die Liturgie vor, meist unterst\u00fctzt durch das Orgelspiel und den Gesang eines Chors aus etwa zwanzig M\u00e4nnern und Kindern, die eine besondere Kleidung trugen. Dieser visuelle und akustische Prunk trug dazu bei, dem Gottesdienst eine gro\u00dfe Feierlichkeit zu verleihen. Nach dem Zweiten Weltkrieg und den demografischen Umw\u00e4lzungen des 20. Jahrhunderts verschwand diese Praxis vollst\u00e4ndig. Anl\u00e4sslich des 120. Jahrestages der Errichtung der Gro\u00dfen Synagoge in Bordeaux entstand der Wunsch, diese Musik f\u00fcr einen Abend wieder aufleben zu lassen. Auf Anraten des Musikwissenschaftlers Herv\u00e9 Roten wurde ein M\u00e4nner- und Kinderchor rekonstruiert, der von Fran\u00e7oise Richard geleitet und von Mag Tayar am Klavier begleitet wurde. Adolphe Attia, Malkiel Benamara, L\u00e9on Cohen und Didier Kassabi, vier S\u00e4nger, die mit dem portugiesischen Ritus vertraut waren, liehen ihre Stimmen f\u00fcr dieses au\u00dfergew\u00f6hnliche Konzert, das am 14. Oktober 2002 in der Synagoge von Bordeaux unter der Schirmherrschaft von Oberrabbiner Claude Maman, Rabbiner Didier Kassabi und Erick Aouizerate, dem Vorsitzenden der j\u00fcdischen Gemeinde von Bordeaux, stattfand.<\/p>\n<p><a href=\"https:\/\/www.iemj.org\/de\/les-traditions-musicales-judeo-portugaises-en-france-2\/\" target=\"_blank\" rel=\"noopener\">In dem Werk: Les traditions musicales jud\u00e9o-portugaises en France (die j\u00fcdisch-portugiesischen Musiktraditionen in Frankreich), von Herv\u00e9 Roten nachsehen <\/a><\/p>\n<p><a href=\"https:\/\/www.iemj.org\/de\/produit\/musiques-de-la-synagogue-de-bordeaux\/\" target=\"_blank\" rel=\"noopener\">Die CD Musiques de la synagogue de Bordeaux (Musik der Synagoge von Bordeaux) bestellen<\/a><\/p>\n<p><a href=\"https:\/\/www.iemj.org\/de\/?s=%22La+source+de+vie%22&amp;search_type=main&amp;submit=Search\" target=\"_blank\" rel=\"noopener\">Weitere Sendungen\u00a0<strong><em>la source de vie<\/em>\u00a0<\/strong>Online auf unserer Website ansehen<\/a><\/p>\n\n\n<figure class=\"wp-block-video\"><video height=\"576\" style=\"aspect-ratio: 720 \/ 576;\" width=\"720\" controls src=\"https:\/\/www.iemj.org\/wp-content\/uploads\/2018\/01\/sdv_memoire_portugaise.mp4\"><\/video><figcaption class=\"wp-element-caption\"><strong><strong>Ausschnitte aus dieser Sendung ansehen<\/strong><\/strong><\/figcaption><\/figure>\n\n\n\n<p><\/p>\n","protected":false},"excerpt":{"rendered":"<p>Eine Sendung vonJosy Eisenberg. Regie: Pascale Kenigsberg-Cahen, anl\u00e4sslich des Konzerts zum 120. Jahrestag der Errichtung der Synagoge von Bordeaux, mit Unterst\u00fctzung des Zentralkonsistoriums, der Fondation du Juda\u00efsme Fran\u00e7ais (Stiftung des<\/p>\n","protected":false},"author":1045,"featured_media":130855,"comment_status":"closed","ping_status":"closed","sticky":false,"template":"","format":"standard","meta":{"_acf_changed":false,"footnotes":""},"categories":[1533],"tags":[],"technique":[],"squelettes":[],"sujet":[],"formation":[],"genre":[],"fonds":[],"tradition":[1975],"type-de-contenu":[],"interprete-compositeur":[],"frise":[],"type-devenement":[],"tableaux-liens-externes":[],"class_list":["post-101545","post","type-post","status-publish","format-standard","has-post-thumbnail","hentry","category-fernsehsendungen-videos-de","tradition-judeo-portugiesischer-ritus-de"],"acf":[],"yoast_head":"<!-- This site is optimized with the Yoast SEO plugin v27.3 - https:\/\/yoast.com\/product\/yoast-seo-wordpress\/ -->\n<title>La source de vie : M\u00e9moire portugaise [Portugiesisches Ged\u00e4chtnis) - Institut Europ\u00e9en des Musiques Juives<\/title>\n<meta name=\"robots\" content=\"index, follow, max-snippet:-1, max-image-preview:large, max-video-preview:-1\" \/>\n<link rel=\"canonical\" href=\"https:\/\/www.iemj.org\/de\/la-source-de-vie-memoire-portugaise\/\" \/>\n<meta property=\"og:locale\" content=\"de_DE\" \/>\n<meta property=\"og:type\" content=\"article\" \/>\n<meta property=\"og:title\" content=\"La source de vie : M\u00e9moire portugaise [Portugiesisches Ged\u00e4chtnis) - Institut Europ\u00e9en des Musiques Juives\" \/>\n<meta property=\"og:description\" content=\"Eine Sendung vonJosy Eisenberg. Regie: Pascale Kenigsberg-Cahen, anl\u00e4sslich des Konzerts zum 120. Jahrestag der Errichtung der Synagoge von Bordeaux, mit Unterst\u00fctzung des Zentralkonsistoriums, der Fondation du Juda\u00efsme Fran\u00e7ais (Stiftung des\" \/>\n<meta property=\"og:url\" content=\"https:\/\/www.iemj.org\/de\/la-source-de-vie-memoire-portugaise\/\" \/>\n<meta property=\"og:site_name\" content=\"Institut Europ\u00e9en des Musiques Juives\" \/>\n<meta property=\"article:publisher\" content=\"https:\/\/www.facebook.com\/MusiquesJuives\/\" \/>\n<meta property=\"article:published_time\" content=\"2018-01-16T11:16:02+00:00\" \/>\n<meta property=\"article:modified_time\" content=\"2026-02-24T09:09:05+00:00\" \/>\n<meta property=\"og:image\" content=\"https:\/\/www.iemj.org\/wp-content\/uploads\/2012\/03\/Logo-La-source-de-vie.jpg\" \/>\n\t<meta property=\"og:image:width\" content=\"500\" \/>\n\t<meta property=\"og:image:height\" content=\"500\" \/>\n\t<meta property=\"og:image:type\" content=\"image\/jpeg\" \/>\n<meta name=\"author\" content=\"Herv\u00e9 Roten\" \/>\n<meta name=\"twitter:card\" content=\"summary_large_image\" \/>\n<meta name=\"twitter:label1\" content=\"Verfasst von\" \/>\n\t<meta name=\"twitter:data1\" content=\"Herv\u00e9 Roten\" \/>\n\t<meta name=\"twitter:label2\" content=\"Gesch\u00e4tzte Lesezeit\" \/>\n\t<meta name=\"twitter:data2\" content=\"2\u00a0Minuten\" \/>\n<script type=\"application\/ld+json\" class=\"yoast-schema-graph\">{\"@context\":\"https:\\\/\\\/schema.org\",\"@graph\":[{\"@type\":\"Article\",\"@id\":\"https:\\\/\\\/www.iemj.org\\\/de\\\/la-source-de-vie-memoire-portugaise\\\/#article\",\"isPartOf\":{\"@id\":\"https:\\\/\\\/www.iemj.org\\\/de\\\/la-source-de-vie-memoire-portugaise\\\/\"},\"author\":{\"name\":\"Herv\u00e9 Roten\",\"@id\":\"https:\\\/\\\/www.iemj.org\\\/de\\\/#\\\/schema\\\/person\\\/906134402c29d5c76e7b726261dd4bbd\"},\"headline\":\"La source de vie : M\u00e9moire portugaise [Portugiesisches Ged\u00e4chtnis)\",\"datePublished\":\"2018-01-16T11:16:02+00:00\",\"dateModified\":\"2026-02-24T09:09:05+00:00\",\"mainEntityOfPage\":{\"@id\":\"https:\\\/\\\/www.iemj.org\\\/de\\\/la-source-de-vie-memoire-portugaise\\\/\"},\"wordCount\":301,\"publisher\":{\"@id\":\"https:\\\/\\\/www.iemj.org\\\/de\\\/#organization\"},\"image\":{\"@id\":\"https:\\\/\\\/www.iemj.org\\\/de\\\/la-source-de-vie-memoire-portugaise\\\/#primaryimage\"},\"thumbnailUrl\":\"https:\\\/\\\/www.iemj.org\\\/wp-content\\\/uploads\\\/2012\\\/03\\\/Logo-La-source-de-vie.jpg\",\"articleSection\":[\"Fernsehsendungen \\\/ Videos\"],\"inLanguage\":\"de\"},{\"@type\":\"WebPage\",\"@id\":\"https:\\\/\\\/www.iemj.org\\\/de\\\/la-source-de-vie-memoire-portugaise\\\/\",\"url\":\"https:\\\/\\\/www.iemj.org\\\/de\\\/la-source-de-vie-memoire-portugaise\\\/\",\"name\":\"La source de vie : M\u00e9moire portugaise [Portugiesisches Ged\u00e4chtnis) - Institut Europ\u00e9en des Musiques Juives\",\"isPartOf\":{\"@id\":\"https:\\\/\\\/www.iemj.org\\\/de\\\/#website\"},\"primaryImageOfPage\":{\"@id\":\"https:\\\/\\\/www.iemj.org\\\/de\\\/la-source-de-vie-memoire-portugaise\\\/#primaryimage\"},\"image\":{\"@id\":\"https:\\\/\\\/www.iemj.org\\\/de\\\/la-source-de-vie-memoire-portugaise\\\/#primaryimage\"},\"thumbnailUrl\":\"https:\\\/\\\/www.iemj.org\\\/wp-content\\\/uploads\\\/2012\\\/03\\\/Logo-La-source-de-vie.jpg\",\"datePublished\":\"2018-01-16T11:16:02+00:00\",\"dateModified\":\"2026-02-24T09:09:05+00:00\",\"breadcrumb\":{\"@id\":\"https:\\\/\\\/www.iemj.org\\\/de\\\/la-source-de-vie-memoire-portugaise\\\/#breadcrumb\"},\"inLanguage\":\"de\",\"potentialAction\":[{\"@type\":\"ReadAction\",\"target\":[\"https:\\\/\\\/www.iemj.org\\\/de\\\/la-source-de-vie-memoire-portugaise\\\/\"]}]},{\"@type\":\"ImageObject\",\"inLanguage\":\"de\",\"@id\":\"https:\\\/\\\/www.iemj.org\\\/de\\\/la-source-de-vie-memoire-portugaise\\\/#primaryimage\",\"url\":\"https:\\\/\\\/www.iemj.org\\\/wp-content\\\/uploads\\\/2012\\\/03\\\/Logo-La-source-de-vie.jpg\",\"contentUrl\":\"https:\\\/\\\/www.iemj.org\\\/wp-content\\\/uploads\\\/2012\\\/03\\\/Logo-La-source-de-vie.jpg\",\"width\":500,\"height\":500},{\"@type\":\"BreadcrumbList\",\"@id\":\"https:\\\/\\\/www.iemj.org\\\/de\\\/la-source-de-vie-memoire-portugaise\\\/#breadcrumb\",\"itemListElement\":[{\"@type\":\"ListItem\",\"position\":1,\"name\":\"Accueil\",\"item\":\"https:\\\/\\\/www.iemj.org\\\/de\\\/\"},{\"@type\":\"ListItem\",\"position\":2,\"name\":\"La source de vie : M\u00e9moire portugaise [Portugiesisches Ged\u00e4chtnis)\"}]},{\"@type\":\"WebSite\",\"@id\":\"https:\\\/\\\/www.iemj.org\\\/de\\\/#website\",\"url\":\"https:\\\/\\\/www.iemj.org\\\/de\\\/\",\"name\":\"Institut Europ\u00e9en des Musiques Juives\",\"description\":\"Des traditions musicales \u00e0 la port\u00e9e de tous\",\"publisher\":{\"@id\":\"https:\\\/\\\/www.iemj.org\\\/de\\\/#organization\"},\"potentialAction\":[{\"@type\":\"SearchAction\",\"target\":{\"@type\":\"EntryPoint\",\"urlTemplate\":\"https:\\\/\\\/www.iemj.org\\\/de\\\/?s={search_term_string}\"},\"query-input\":{\"@type\":\"PropertyValueSpecification\",\"valueRequired\":true,\"valueName\":\"search_term_string\"}}],\"inLanguage\":\"de\"},{\"@type\":\"Organization\",\"@id\":\"https:\\\/\\\/www.iemj.org\\\/de\\\/#organization\",\"name\":\"Institut Europ\u00e9en des Musiques Juives\",\"url\":\"https:\\\/\\\/www.iemj.org\\\/de\\\/\",\"logo\":{\"@type\":\"ImageObject\",\"inLanguage\":\"de\",\"@id\":\"https:\\\/\\\/www.iemj.org\\\/de\\\/#\\\/schema\\\/logo\\\/image\\\/\",\"url\":\"https:\\\/\\\/www.iemj.org\\\/wp-content\\\/uploads\\\/2021\\\/09\\\/Logo-IEMJ-Paypal.jpg\",\"contentUrl\":\"https:\\\/\\\/www.iemj.org\\\/wp-content\\\/uploads\\\/2021\\\/09\\\/Logo-IEMJ-Paypal.jpg\",\"width\":150,\"height\":50,\"caption\":\"Institut Europ\u00e9en des Musiques Juives\"},\"image\":{\"@id\":\"https:\\\/\\\/www.iemj.org\\\/de\\\/#\\\/schema\\\/logo\\\/image\\\/\"},\"sameAs\":[\"https:\\\/\\\/www.facebook.com\\\/MusiquesJuives\\\/\",\"https:\\\/\\\/www.instagram.com\\\/musiquesjuives\\\/\",\"https:\\\/\\\/www.youtube.com\\\/user\\\/musiquesjuives\"]},{\"@type\":\"Person\",\"@id\":\"https:\\\/\\\/www.iemj.org\\\/de\\\/#\\\/schema\\\/person\\\/906134402c29d5c76e7b726261dd4bbd\",\"name\":\"Herv\u00e9 Roten\",\"image\":{\"@type\":\"ImageObject\",\"inLanguage\":\"de\",\"@id\":\"https:\\\/\\\/secure.gravatar.com\\\/avatar\\\/f96ad2db538a26481f18384936b5cd0610c92d390c4dc382209216d455f685ff?s=96&d=mm&r=g\",\"url\":\"https:\\\/\\\/secure.gravatar.com\\\/avatar\\\/f96ad2db538a26481f18384936b5cd0610c92d390c4dc382209216d455f685ff?s=96&d=mm&r=g\",\"contentUrl\":\"https:\\\/\\\/secure.gravatar.com\\\/avatar\\\/f96ad2db538a26481f18384936b5cd0610c92d390c4dc382209216d455f685ff?s=96&d=mm&r=g\",\"caption\":\"Herv\u00e9 Roten\"}}]}<\/script>\n<!-- \/ Yoast SEO plugin. -->","yoast_head_json":{"title":"La source de vie : M\u00e9moire portugaise [Portugiesisches Ged\u00e4chtnis) - Institut Europ\u00e9en des Musiques Juives","robots":{"index":"index","follow":"follow","max-snippet":"max-snippet:-1","max-image-preview":"max-image-preview:large","max-video-preview":"max-video-preview:-1"},"canonical":"https:\/\/www.iemj.org\/de\/la-source-de-vie-memoire-portugaise\/","og_locale":"de_DE","og_type":"article","og_title":"La source de vie : M\u00e9moire portugaise [Portugiesisches Ged\u00e4chtnis) - Institut Europ\u00e9en des Musiques Juives","og_description":"Eine Sendung vonJosy Eisenberg. Regie: Pascale Kenigsberg-Cahen, anl\u00e4sslich des Konzerts zum 120. Jahrestag der Errichtung der Synagoge von Bordeaux, mit Unterst\u00fctzung des Zentralkonsistoriums, der Fondation du Juda\u00efsme Fran\u00e7ais (Stiftung des","og_url":"https:\/\/www.iemj.org\/de\/la-source-de-vie-memoire-portugaise\/","og_site_name":"Institut Europ\u00e9en des Musiques Juives","article_publisher":"https:\/\/www.facebook.com\/MusiquesJuives\/","article_published_time":"2018-01-16T11:16:02+00:00","article_modified_time":"2026-02-24T09:09:05+00:00","og_image":[{"width":500,"height":500,"url":"https:\/\/www.iemj.org\/wp-content\/uploads\/2012\/03\/Logo-La-source-de-vie.jpg","type":"image\/jpeg"}],"author":"Herv\u00e9 Roten","twitter_card":"summary_large_image","twitter_misc":{"Verfasst von":"Herv\u00e9 Roten","Gesch\u00e4tzte Lesezeit":"2\u00a0Minuten"},"schema":{"@context":"https:\/\/schema.org","@graph":[{"@type":"Article","@id":"https:\/\/www.iemj.org\/de\/la-source-de-vie-memoire-portugaise\/#article","isPartOf":{"@id":"https:\/\/www.iemj.org\/de\/la-source-de-vie-memoire-portugaise\/"},"author":{"name":"Herv\u00e9 Roten","@id":"https:\/\/www.iemj.org\/de\/#\/schema\/person\/906134402c29d5c76e7b726261dd4bbd"},"headline":"La source de vie : M\u00e9moire portugaise [Portugiesisches Ged\u00e4chtnis)","datePublished":"2018-01-16T11:16:02+00:00","dateModified":"2026-02-24T09:09:05+00:00","mainEntityOfPage":{"@id":"https:\/\/www.iemj.org\/de\/la-source-de-vie-memoire-portugaise\/"},"wordCount":301,"publisher":{"@id":"https:\/\/www.iemj.org\/de\/#organization"},"image":{"@id":"https:\/\/www.iemj.org\/de\/la-source-de-vie-memoire-portugaise\/#primaryimage"},"thumbnailUrl":"https:\/\/www.iemj.org\/wp-content\/uploads\/2012\/03\/Logo-La-source-de-vie.jpg","articleSection":["Fernsehsendungen \/ Videos"],"inLanguage":"de"},{"@type":"WebPage","@id":"https:\/\/www.iemj.org\/de\/la-source-de-vie-memoire-portugaise\/","url":"https:\/\/www.iemj.org\/de\/la-source-de-vie-memoire-portugaise\/","name":"La source de vie : M\u00e9moire portugaise [Portugiesisches Ged\u00e4chtnis) - Institut Europ\u00e9en des Musiques Juives","isPartOf":{"@id":"https:\/\/www.iemj.org\/de\/#website"},"primaryImageOfPage":{"@id":"https:\/\/www.iemj.org\/de\/la-source-de-vie-memoire-portugaise\/#primaryimage"},"image":{"@id":"https:\/\/www.iemj.org\/de\/la-source-de-vie-memoire-portugaise\/#primaryimage"},"thumbnailUrl":"https:\/\/www.iemj.org\/wp-content\/uploads\/2012\/03\/Logo-La-source-de-vie.jpg","datePublished":"2018-01-16T11:16:02+00:00","dateModified":"2026-02-24T09:09:05+00:00","breadcrumb":{"@id":"https:\/\/www.iemj.org\/de\/la-source-de-vie-memoire-portugaise\/#breadcrumb"},"inLanguage":"de","potentialAction":[{"@type":"ReadAction","target":["https:\/\/www.iemj.org\/de\/la-source-de-vie-memoire-portugaise\/"]}]},{"@type":"ImageObject","inLanguage":"de","@id":"https:\/\/www.iemj.org\/de\/la-source-de-vie-memoire-portugaise\/#primaryimage","url":"https:\/\/www.iemj.org\/wp-content\/uploads\/2012\/03\/Logo-La-source-de-vie.jpg","contentUrl":"https:\/\/www.iemj.org\/wp-content\/uploads\/2012\/03\/Logo-La-source-de-vie.jpg","width":500,"height":500},{"@type":"BreadcrumbList","@id":"https:\/\/www.iemj.org\/de\/la-source-de-vie-memoire-portugaise\/#breadcrumb","itemListElement":[{"@type":"ListItem","position":1,"name":"Accueil","item":"https:\/\/www.iemj.org\/de\/"},{"@type":"ListItem","position":2,"name":"La source de vie : M\u00e9moire portugaise [Portugiesisches Ged\u00e4chtnis)"}]},{"@type":"WebSite","@id":"https:\/\/www.iemj.org\/de\/#website","url":"https:\/\/www.iemj.org\/de\/","name":"Institut Europ\u00e9en des Musiques Juives","description":"Des traditions musicales \u00e0 la port\u00e9e de tous","publisher":{"@id":"https:\/\/www.iemj.org\/de\/#organization"},"potentialAction":[{"@type":"SearchAction","target":{"@type":"EntryPoint","urlTemplate":"https:\/\/www.iemj.org\/de\/?s={search_term_string}"},"query-input":{"@type":"PropertyValueSpecification","valueRequired":true,"valueName":"search_term_string"}}],"inLanguage":"de"},{"@type":"Organization","@id":"https:\/\/www.iemj.org\/de\/#organization","name":"Institut Europ\u00e9en des Musiques Juives","url":"https:\/\/www.iemj.org\/de\/","logo":{"@type":"ImageObject","inLanguage":"de","@id":"https:\/\/www.iemj.org\/de\/#\/schema\/logo\/image\/","url":"https:\/\/www.iemj.org\/wp-content\/uploads\/2021\/09\/Logo-IEMJ-Paypal.jpg","contentUrl":"https:\/\/www.iemj.org\/wp-content\/uploads\/2021\/09\/Logo-IEMJ-Paypal.jpg","width":150,"height":50,"caption":"Institut Europ\u00e9en des Musiques Juives"},"image":{"@id":"https:\/\/www.iemj.org\/de\/#\/schema\/logo\/image\/"},"sameAs":["https:\/\/www.facebook.com\/MusiquesJuives\/","https:\/\/www.instagram.com\/musiquesjuives\/","https:\/\/www.youtube.com\/user\/musiquesjuives"]},{"@type":"Person","@id":"https:\/\/www.iemj.org\/de\/#\/schema\/person\/906134402c29d5c76e7b726261dd4bbd","name":"Herv\u00e9 Roten","image":{"@type":"ImageObject","inLanguage":"de","@id":"https:\/\/secure.gravatar.com\/avatar\/f96ad2db538a26481f18384936b5cd0610c92d390c4dc382209216d455f685ff?s=96&d=mm&r=g","url":"https:\/\/secure.gravatar.com\/avatar\/f96ad2db538a26481f18384936b5cd0610c92d390c4dc382209216d455f685ff?s=96&d=mm&r=g","contentUrl":"https:\/\/secure.gravatar.com\/avatar\/f96ad2db538a26481f18384936b5cd0610c92d390c4dc382209216d455f685ff?s=96&d=mm&r=g","caption":"Herv\u00e9 Roten"}}]}},"_links":{"self":[{"href":"https:\/\/www.iemj.org\/de\/wp-json\/wp\/v2\/posts\/101545","targetHints":{"allow":["GET"]}}],"collection":[{"href":"https:\/\/www.iemj.org\/de\/wp-json\/wp\/v2\/posts"}],"about":[{"href":"https:\/\/www.iemj.org\/de\/wp-json\/wp\/v2\/types\/post"}],"author":[{"embeddable":true,"href":"https:\/\/www.iemj.org\/de\/wp-json\/wp\/v2\/users\/1045"}],"replies":[{"embeddable":true,"href":"https:\/\/www.iemj.org\/de\/wp-json\/wp\/v2\/comments?post=101545"}],"version-history":[{"count":1,"href":"https:\/\/www.iemj.org\/de\/wp-json\/wp\/v2\/posts\/101545\/revisions"}],"predecessor-version":[{"id":130882,"href":"https:\/\/www.iemj.org\/de\/wp-json\/wp\/v2\/posts\/101545\/revisions\/130882"}],"wp:featuredmedia":[{"embeddable":true,"href":"https:\/\/www.iemj.org\/de\/wp-json\/wp\/v2\/media\/130855"}],"wp:attachment":[{"href":"https:\/\/www.iemj.org\/de\/wp-json\/wp\/v2\/media?parent=101545"}],"wp:term":[{"taxonomy":"category","embeddable":true,"href":"https:\/\/www.iemj.org\/de\/wp-json\/wp\/v2\/categories?post=101545"},{"taxonomy":"post_tag","embeddable":true,"href":"https:\/\/www.iemj.org\/de\/wp-json\/wp\/v2\/tags?post=101545"},{"taxonomy":"technique","embeddable":true,"href":"https:\/\/www.iemj.org\/de\/wp-json\/wp\/v2\/technique?post=101545"},{"taxonomy":"squelettes","embeddable":true,"href":"https:\/\/www.iemj.org\/de\/wp-json\/wp\/v2\/squelettes?post=101545"},{"taxonomy":"sujet","embeddable":true,"href":"https:\/\/www.iemj.org\/de\/wp-json\/wp\/v2\/sujet?post=101545"},{"taxonomy":"formation","embeddable":true,"href":"https:\/\/www.iemj.org\/de\/wp-json\/wp\/v2\/formation?post=101545"},{"taxonomy":"genre","embeddable":true,"href":"https:\/\/www.iemj.org\/de\/wp-json\/wp\/v2\/genre?post=101545"},{"taxonomy":"fonds","embeddable":true,"href":"https:\/\/www.iemj.org\/de\/wp-json\/wp\/v2\/fonds?post=101545"},{"taxonomy":"tradition","embeddable":true,"href":"https:\/\/www.iemj.org\/de\/wp-json\/wp\/v2\/tradition?post=101545"},{"taxonomy":"type-de-contenu","embeddable":true,"href":"https:\/\/www.iemj.org\/de\/wp-json\/wp\/v2\/type-de-contenu?post=101545"},{"taxonomy":"interprete-compositeur","embeddable":true,"href":"https:\/\/www.iemj.org\/de\/wp-json\/wp\/v2\/interprete-compositeur?post=101545"},{"taxonomy":"frise","embeddable":true,"href":"https:\/\/www.iemj.org\/de\/wp-json\/wp\/v2\/frise?post=101545"},{"taxonomy":"type-devenement","embeddable":true,"href":"https:\/\/www.iemj.org\/de\/wp-json\/wp\/v2\/type-devenement?post=101545"},{"taxonomy":"tableaux-liens-externes","embeddable":true,"href":"https:\/\/www.iemj.org\/de\/wp-json\/wp\/v2\/tableaux-liens-externes?post=101545"}],"curies":[{"name":"wp","href":"https:\/\/api.w.org\/{rel}","templated":true}]}}