{"id":101565,"date":"2015-02-15T09:33:00","date_gmt":"2015-02-15T08:33:00","guid":{"rendered":"https:\/\/www.iemj.org\/la-source-de-vie-au-temps-des-trouveres\/"},"modified":"2026-02-24T10:02:02","modified_gmt":"2026-02-24T09:02:02","slug":"la-source-de-vie-au-temps-des-trouveres","status":"publish","type":"post","link":"https:\/\/www.iemj.org\/de\/la-source-de-vie-au-temps-des-trouveres\/","title":{"rendered":"La source de vie : Au temps des Trouv\u00e8res [Zur Zeit der Trouv\u00e8res]"},"content":{"rendered":"<p class=\"post_excerpt\"><strong>Eine Sendung von\u00a0<a href=\"https:\/\/fr.wikipedia.org\/wiki\/Josy_Eisenberg\">Josy Eisenberg<\/a>. Regie: Pascale Kenigsberg-Cahen, mit Unterst\u00fctzung der Stiftung Od Yossef Ha\u00ef. Vorstellung eines Ausschnitts aus dem Konzert \u201eJuifs et trouv\u00e8res\u201c <em>(\u201eJuden und Trouv\u00e8res\u201c)<\/em>, vom Ensemble Alla francesca am 20. Juli 2014 in Paris aufgef\u00fchrt. Mit Beteiligung von Herv\u00e9 Roten, Musikethnologe und Leiter des Institut Europ\u00e9en des Musiques Juives.<\/strong><!--more--><\/p>\n<p>Im Mittelalter waren die Lieder der Trouv\u00e8res bei den j\u00fcdischen Gemeinschaften im Norden der Loire (Flandern, Picardie, Artois, Champagne\u2026) sehr beliebt. Ende des 13. Jahrhunderts kopierte hebr\u00e4ischen Manuskripte erm\u00f6glichten es, Texte von liturgischen Gedichten und Liedern wiederzufinden, in denen sich die Langue d\u2018O\u00efl und das Hebr\u00e4ische abwechseln. Zu dieser Zeit beherrschten die Juden die Notenschrift nicht. Aber der Kopist notierte manchmal am Rand des Pergaments den Titel der Melodie, zu der der Text gesungen wurde. Diese gefundenen Titel stammen aus dem Repertoire der Trouv\u00e8res, diese Hofdichter, die gegen Ende des 12. Jahrhunderts auftauchten.<\/p>\n<p>Anhand eines Korpus von Liedern, die von Colette Sirat, einer f\u00fchrenden Expertin f\u00fcr mittelalterliche hebr\u00e4ische Manuskripte, zusammengestellt wurden, wird ein ganzes kulturelles Universum &#8211; festlich, religi\u00f6s und volkst\u00fcmlich &#8211; durch eine Musik von erstaunlicher Vitalit\u00e4t vorgestellt. Die Lieder zu den Feiertagen (Rosch Haschana, Pessach&#8230;) folgen auf die kraftstrotzenden Lieder von Hochzeiten mit ihren instrumentalen T\u00e4nzen. Die religi\u00f6sen Gedichte (Pijjutim) erw\u00e4hnen auf bewegende Weise das tragische Schicksal einiger j\u00fcdischer Gemeinschaft in dieser unruhigen Zeit zwischen der Verbrennung des Talmuds (1242-1244) und der gro\u00dfen Vertreibung von 1306.<\/p>\n<p>Diese vom Musikwissenschaftler Herv\u00e9 Roten kommentierte Fernsehsendung st\u00fctzt sich auf einem Konzert des <a href=\"https:\/\/cmm-paris.fr\/fr\/production-artistique\/ensembles-et-artistes\/alla-francesca\">Ensemble Alla francesca<\/a> (Brigitte Lesne, Lior Leibovici, Vivabiancaluna Biffi, Micha\u00ebl Gr\u00e9bil und Pierre Hamon), von Judith Schlanger am 20. Juli 2014 als Einf\u00fchrung des 10. Cong\u00e8s des \u00e9tudes juives <em>(Kongress f\u00fcr j\u00fcdische Studien)<\/em> organisiert.<\/p>\n<p><a href=\"https:\/\/www.iemj.org\/de\/produit\/juifs-et-trouveres\/\" target=\"_blank\" rel=\"noopener\">Die CD Juifs et Trouv\u00e8res bestellen<\/a><\/p>\n<p><a href=\"https:\/\/www.iemj.org\/de\/musiques-juives-medievales\/\" target=\"_blank\" rel=\"noopener\">Im Artikel Musiques Juives M\u00e9di\u00e9vales von Herv\u00e9 Roten nachsehen und die Playlist anh\u00f6ren<\/a><\/p>\n<p><a href=\"https:\/\/www.iemj.org\/de\/?s=%22La+source+de+vie%22&amp;search_type=main&amp;submit=Search\" target=\"_blank\" rel=\"noopener\">Weitere Sendungen\u00a0<strong><em>la source de vie<\/em>\u00a0<\/strong>Online auf unserer Website ansehen<\/a><\/p>\n\n\n<figure class=\"wp-block-video\"><video height=\"480\" style=\"aspect-ratio: 640 \/ 480;\" width=\"640\" controls poster=\"https:\/\/www.iemj.org\/wp-content\/uploads\/2015\/02\/La-source-de-vie.jpg\" src=\"https:\/\/www.iemj.org\/wp-content\/uploads\/2017\/02\/extrait_juifs_et_trouveres_source_de_vie.mp4\"><\/video><figcaption class=\"wp-element-caption\"><strong>Ausschnitte aus dieser Sendung ansehen<\/strong><\/figcaption><\/figure>\n","protected":false},"excerpt":{"rendered":"<p>Eine Sendung von\u00a0Josy Eisenberg. Regie: Pascale Kenigsberg-Cahen, mit Unterst\u00fctzung der Stiftung Od Yossef Ha\u00ef. Vorstellung eines Ausschnitts aus dem Konzert \u201eJuifs et trouv\u00e8res\u201c (\u201eJuden und Trouv\u00e8res\u201c), vom Ensemble Alla francesca<\/p>\n","protected":false},"author":1052,"featured_media":130855,"comment_status":"closed","ping_status":"closed","sticky":false,"template":"","format":"standard","meta":{"_acf_changed":false,"footnotes":""},"categories":[1533],"tags":[],"technique":[],"squelettes":[],"sujet":[2118],"formation":[],"genre":[],"fonds":[],"tradition":[],"type-de-contenu":[],"interprete-compositeur":[],"frise":[],"type-devenement":[],"tableaux-liens-externes":[],"class_list":["post-101565","post","type-post","status-publish","format-standard","has-post-thumbnail","hentry","category-fernsehsendungen-videos-de","sujet-religiose-poesie-piyyutim-de"],"acf":[],"yoast_head":"<!-- This site is optimized with the Yoast SEO plugin v27.3 - https:\/\/yoast.com\/product\/yoast-seo-wordpress\/ -->\n<title>La source de vie : Au temps des Trouv\u00e8res [Zur Zeit der Trouv\u00e8res] - Institut Europ\u00e9en des Musiques Juives<\/title>\n<meta name=\"robots\" content=\"index, follow, max-snippet:-1, max-image-preview:large, max-video-preview:-1\" \/>\n<link rel=\"canonical\" href=\"https:\/\/www.iemj.org\/de\/la-source-de-vie-au-temps-des-trouveres\/\" \/>\n<meta property=\"og:locale\" content=\"de_DE\" \/>\n<meta property=\"og:type\" content=\"article\" \/>\n<meta property=\"og:title\" content=\"La source de vie : Au temps des Trouv\u00e8res [Zur Zeit der Trouv\u00e8res] - Institut Europ\u00e9en des Musiques Juives\" \/>\n<meta property=\"og:description\" content=\"Eine Sendung von\u00a0Josy Eisenberg. Regie: Pascale Kenigsberg-Cahen, mit Unterst\u00fctzung der Stiftung Od Yossef Ha\u00ef. Vorstellung eines Ausschnitts aus dem Konzert \u201eJuifs et trouv\u00e8res\u201c (\u201eJuden und Trouv\u00e8res\u201c), vom Ensemble Alla francesca\" \/>\n<meta property=\"og:url\" content=\"https:\/\/www.iemj.org\/de\/la-source-de-vie-au-temps-des-trouveres\/\" \/>\n<meta property=\"og:site_name\" content=\"Institut Europ\u00e9en des Musiques Juives\" \/>\n<meta property=\"article:publisher\" content=\"https:\/\/www.facebook.com\/MusiquesJuives\/\" \/>\n<meta property=\"article:published_time\" content=\"2015-02-15T08:33:00+00:00\" \/>\n<meta property=\"article:modified_time\" content=\"2026-02-24T09:02:02+00:00\" \/>\n<meta property=\"og:image\" content=\"https:\/\/www.iemj.org\/wp-content\/uploads\/2012\/03\/Logo-La-source-de-vie.jpg\" \/>\n\t<meta property=\"og:image:width\" content=\"500\" \/>\n\t<meta property=\"og:image:height\" content=\"500\" \/>\n\t<meta property=\"og:image:type\" content=\"image\/jpeg\" \/>\n<meta name=\"author\" content=\"Lea Couderc\" \/>\n<meta name=\"twitter:card\" content=\"summary_large_image\" \/>\n<meta name=\"twitter:label1\" content=\"Verfasst von\" \/>\n\t<meta name=\"twitter:data1\" content=\"Lea Couderc\" \/>\n\t<meta name=\"twitter:label2\" content=\"Gesch\u00e4tzte Lesezeit\" \/>\n\t<meta name=\"twitter:data2\" content=\"2\u00a0Minuten\" \/>\n<script type=\"application\/ld+json\" class=\"yoast-schema-graph\">{\"@context\":\"https:\\\/\\\/schema.org\",\"@graph\":[{\"@type\":\"Article\",\"@id\":\"https:\\\/\\\/www.iemj.org\\\/de\\\/la-source-de-vie-au-temps-des-trouveres\\\/#article\",\"isPartOf\":{\"@id\":\"https:\\\/\\\/www.iemj.org\\\/de\\\/la-source-de-vie-au-temps-des-trouveres\\\/\"},\"author\":{\"name\":\"Lea Couderc\",\"@id\":\"https:\\\/\\\/www.iemj.org\\\/de\\\/#\\\/schema\\\/person\\\/e2ad57f2c4be119c7ed8ab79036807a9\"},\"headline\":\"La source de vie : Au temps des Trouv\u00e8res [Zur Zeit der Trouv\u00e8res]\",\"datePublished\":\"2015-02-15T08:33:00+00:00\",\"dateModified\":\"2026-02-24T09:02:02+00:00\",\"mainEntityOfPage\":{\"@id\":\"https:\\\/\\\/www.iemj.org\\\/de\\\/la-source-de-vie-au-temps-des-trouveres\\\/\"},\"wordCount\":353,\"publisher\":{\"@id\":\"https:\\\/\\\/www.iemj.org\\\/de\\\/#organization\"},\"image\":{\"@id\":\"https:\\\/\\\/www.iemj.org\\\/de\\\/la-source-de-vie-au-temps-des-trouveres\\\/#primaryimage\"},\"thumbnailUrl\":\"https:\\\/\\\/www.iemj.org\\\/wp-content\\\/uploads\\\/2012\\\/03\\\/Logo-La-source-de-vie.jpg\",\"articleSection\":[\"Fernsehsendungen \\\/ Videos\"],\"inLanguage\":\"de\"},{\"@type\":\"WebPage\",\"@id\":\"https:\\\/\\\/www.iemj.org\\\/de\\\/la-source-de-vie-au-temps-des-trouveres\\\/\",\"url\":\"https:\\\/\\\/www.iemj.org\\\/de\\\/la-source-de-vie-au-temps-des-trouveres\\\/\",\"name\":\"La source de vie : Au temps des Trouv\u00e8res [Zur Zeit der Trouv\u00e8res] - Institut Europ\u00e9en des Musiques Juives\",\"isPartOf\":{\"@id\":\"https:\\\/\\\/www.iemj.org\\\/de\\\/#website\"},\"primaryImageOfPage\":{\"@id\":\"https:\\\/\\\/www.iemj.org\\\/de\\\/la-source-de-vie-au-temps-des-trouveres\\\/#primaryimage\"},\"image\":{\"@id\":\"https:\\\/\\\/www.iemj.org\\\/de\\\/la-source-de-vie-au-temps-des-trouveres\\\/#primaryimage\"},\"thumbnailUrl\":\"https:\\\/\\\/www.iemj.org\\\/wp-content\\\/uploads\\\/2012\\\/03\\\/Logo-La-source-de-vie.jpg\",\"datePublished\":\"2015-02-15T08:33:00+00:00\",\"dateModified\":\"2026-02-24T09:02:02+00:00\",\"breadcrumb\":{\"@id\":\"https:\\\/\\\/www.iemj.org\\\/de\\\/la-source-de-vie-au-temps-des-trouveres\\\/#breadcrumb\"},\"inLanguage\":\"de\",\"potentialAction\":[{\"@type\":\"ReadAction\",\"target\":[\"https:\\\/\\\/www.iemj.org\\\/de\\\/la-source-de-vie-au-temps-des-trouveres\\\/\"]}]},{\"@type\":\"ImageObject\",\"inLanguage\":\"de\",\"@id\":\"https:\\\/\\\/www.iemj.org\\\/de\\\/la-source-de-vie-au-temps-des-trouveres\\\/#primaryimage\",\"url\":\"https:\\\/\\\/www.iemj.org\\\/wp-content\\\/uploads\\\/2012\\\/03\\\/Logo-La-source-de-vie.jpg\",\"contentUrl\":\"https:\\\/\\\/www.iemj.org\\\/wp-content\\\/uploads\\\/2012\\\/03\\\/Logo-La-source-de-vie.jpg\",\"width\":500,\"height\":500},{\"@type\":\"BreadcrumbList\",\"@id\":\"https:\\\/\\\/www.iemj.org\\\/de\\\/la-source-de-vie-au-temps-des-trouveres\\\/#breadcrumb\",\"itemListElement\":[{\"@type\":\"ListItem\",\"position\":1,\"name\":\"Accueil\",\"item\":\"https:\\\/\\\/www.iemj.org\\\/de\\\/\"},{\"@type\":\"ListItem\",\"position\":2,\"name\":\"La source de vie : Au temps des Trouv\u00e8res [Zur Zeit der Trouv\u00e8res]\"}]},{\"@type\":\"WebSite\",\"@id\":\"https:\\\/\\\/www.iemj.org\\\/de\\\/#website\",\"url\":\"https:\\\/\\\/www.iemj.org\\\/de\\\/\",\"name\":\"Institut Europ\u00e9en des Musiques Juives\",\"description\":\"Des traditions musicales \u00e0 la port\u00e9e de tous\",\"publisher\":{\"@id\":\"https:\\\/\\\/www.iemj.org\\\/de\\\/#organization\"},\"potentialAction\":[{\"@type\":\"SearchAction\",\"target\":{\"@type\":\"EntryPoint\",\"urlTemplate\":\"https:\\\/\\\/www.iemj.org\\\/de\\\/?s={search_term_string}\"},\"query-input\":{\"@type\":\"PropertyValueSpecification\",\"valueRequired\":true,\"valueName\":\"search_term_string\"}}],\"inLanguage\":\"de\"},{\"@type\":\"Organization\",\"@id\":\"https:\\\/\\\/www.iemj.org\\\/de\\\/#organization\",\"name\":\"Institut Europ\u00e9en des Musiques Juives\",\"url\":\"https:\\\/\\\/www.iemj.org\\\/de\\\/\",\"logo\":{\"@type\":\"ImageObject\",\"inLanguage\":\"de\",\"@id\":\"https:\\\/\\\/www.iemj.org\\\/de\\\/#\\\/schema\\\/logo\\\/image\\\/\",\"url\":\"https:\\\/\\\/www.iemj.org\\\/wp-content\\\/uploads\\\/2021\\\/09\\\/Logo-IEMJ-Paypal.jpg\",\"contentUrl\":\"https:\\\/\\\/www.iemj.org\\\/wp-content\\\/uploads\\\/2021\\\/09\\\/Logo-IEMJ-Paypal.jpg\",\"width\":150,\"height\":50,\"caption\":\"Institut Europ\u00e9en des Musiques Juives\"},\"image\":{\"@id\":\"https:\\\/\\\/www.iemj.org\\\/de\\\/#\\\/schema\\\/logo\\\/image\\\/\"},\"sameAs\":[\"https:\\\/\\\/www.facebook.com\\\/MusiquesJuives\\\/\",\"https:\\\/\\\/www.instagram.com\\\/musiquesjuives\\\/\",\"https:\\\/\\\/www.youtube.com\\\/user\\\/musiquesjuives\"]},{\"@type\":\"Person\",\"@id\":\"https:\\\/\\\/www.iemj.org\\\/de\\\/#\\\/schema\\\/person\\\/e2ad57f2c4be119c7ed8ab79036807a9\",\"name\":\"Lea Couderc\",\"image\":{\"@type\":\"ImageObject\",\"inLanguage\":\"de\",\"@id\":\"https:\\\/\\\/secure.gravatar.com\\\/avatar\\\/46ee021475d60aeff17a7e490b79dea5a5684bb392ab7fd1494027411df8ba23?s=96&d=mm&r=g\",\"url\":\"https:\\\/\\\/secure.gravatar.com\\\/avatar\\\/46ee021475d60aeff17a7e490b79dea5a5684bb392ab7fd1494027411df8ba23?s=96&d=mm&r=g\",\"contentUrl\":\"https:\\\/\\\/secure.gravatar.com\\\/avatar\\\/46ee021475d60aeff17a7e490b79dea5a5684bb392ab7fd1494027411df8ba23?s=96&d=mm&r=g\",\"caption\":\"Lea Couderc\"}}]}<\/script>\n<!-- \/ Yoast SEO plugin. -->","yoast_head_json":{"title":"La source de vie : Au temps des Trouv\u00e8res [Zur Zeit der Trouv\u00e8res] - Institut Europ\u00e9en des Musiques Juives","robots":{"index":"index","follow":"follow","max-snippet":"max-snippet:-1","max-image-preview":"max-image-preview:large","max-video-preview":"max-video-preview:-1"},"canonical":"https:\/\/www.iemj.org\/de\/la-source-de-vie-au-temps-des-trouveres\/","og_locale":"de_DE","og_type":"article","og_title":"La source de vie : Au temps des Trouv\u00e8res [Zur Zeit der Trouv\u00e8res] - Institut Europ\u00e9en des Musiques Juives","og_description":"Eine Sendung von\u00a0Josy Eisenberg. Regie: Pascale Kenigsberg-Cahen, mit Unterst\u00fctzung der Stiftung Od Yossef Ha\u00ef. Vorstellung eines Ausschnitts aus dem Konzert \u201eJuifs et trouv\u00e8res\u201c (\u201eJuden und Trouv\u00e8res\u201c), vom Ensemble Alla francesca","og_url":"https:\/\/www.iemj.org\/de\/la-source-de-vie-au-temps-des-trouveres\/","og_site_name":"Institut Europ\u00e9en des Musiques Juives","article_publisher":"https:\/\/www.facebook.com\/MusiquesJuives\/","article_published_time":"2015-02-15T08:33:00+00:00","article_modified_time":"2026-02-24T09:02:02+00:00","og_image":[{"width":500,"height":500,"url":"https:\/\/www.iemj.org\/wp-content\/uploads\/2012\/03\/Logo-La-source-de-vie.jpg","type":"image\/jpeg"}],"author":"Lea Couderc","twitter_card":"summary_large_image","twitter_misc":{"Verfasst von":"Lea Couderc","Gesch\u00e4tzte Lesezeit":"2\u00a0Minuten"},"schema":{"@context":"https:\/\/schema.org","@graph":[{"@type":"Article","@id":"https:\/\/www.iemj.org\/de\/la-source-de-vie-au-temps-des-trouveres\/#article","isPartOf":{"@id":"https:\/\/www.iemj.org\/de\/la-source-de-vie-au-temps-des-trouveres\/"},"author":{"name":"Lea Couderc","@id":"https:\/\/www.iemj.org\/de\/#\/schema\/person\/e2ad57f2c4be119c7ed8ab79036807a9"},"headline":"La source de vie : Au temps des Trouv\u00e8res [Zur Zeit der Trouv\u00e8res]","datePublished":"2015-02-15T08:33:00+00:00","dateModified":"2026-02-24T09:02:02+00:00","mainEntityOfPage":{"@id":"https:\/\/www.iemj.org\/de\/la-source-de-vie-au-temps-des-trouveres\/"},"wordCount":353,"publisher":{"@id":"https:\/\/www.iemj.org\/de\/#organization"},"image":{"@id":"https:\/\/www.iemj.org\/de\/la-source-de-vie-au-temps-des-trouveres\/#primaryimage"},"thumbnailUrl":"https:\/\/www.iemj.org\/wp-content\/uploads\/2012\/03\/Logo-La-source-de-vie.jpg","articleSection":["Fernsehsendungen \/ Videos"],"inLanguage":"de"},{"@type":"WebPage","@id":"https:\/\/www.iemj.org\/de\/la-source-de-vie-au-temps-des-trouveres\/","url":"https:\/\/www.iemj.org\/de\/la-source-de-vie-au-temps-des-trouveres\/","name":"La source de vie : Au temps des Trouv\u00e8res [Zur Zeit der Trouv\u00e8res] - Institut Europ\u00e9en des Musiques Juives","isPartOf":{"@id":"https:\/\/www.iemj.org\/de\/#website"},"primaryImageOfPage":{"@id":"https:\/\/www.iemj.org\/de\/la-source-de-vie-au-temps-des-trouveres\/#primaryimage"},"image":{"@id":"https:\/\/www.iemj.org\/de\/la-source-de-vie-au-temps-des-trouveres\/#primaryimage"},"thumbnailUrl":"https:\/\/www.iemj.org\/wp-content\/uploads\/2012\/03\/Logo-La-source-de-vie.jpg","datePublished":"2015-02-15T08:33:00+00:00","dateModified":"2026-02-24T09:02:02+00:00","breadcrumb":{"@id":"https:\/\/www.iemj.org\/de\/la-source-de-vie-au-temps-des-trouveres\/#breadcrumb"},"inLanguage":"de","potentialAction":[{"@type":"ReadAction","target":["https:\/\/www.iemj.org\/de\/la-source-de-vie-au-temps-des-trouveres\/"]}]},{"@type":"ImageObject","inLanguage":"de","@id":"https:\/\/www.iemj.org\/de\/la-source-de-vie-au-temps-des-trouveres\/#primaryimage","url":"https:\/\/www.iemj.org\/wp-content\/uploads\/2012\/03\/Logo-La-source-de-vie.jpg","contentUrl":"https:\/\/www.iemj.org\/wp-content\/uploads\/2012\/03\/Logo-La-source-de-vie.jpg","width":500,"height":500},{"@type":"BreadcrumbList","@id":"https:\/\/www.iemj.org\/de\/la-source-de-vie-au-temps-des-trouveres\/#breadcrumb","itemListElement":[{"@type":"ListItem","position":1,"name":"Accueil","item":"https:\/\/www.iemj.org\/de\/"},{"@type":"ListItem","position":2,"name":"La source de vie : Au temps des Trouv\u00e8res [Zur Zeit der Trouv\u00e8res]"}]},{"@type":"WebSite","@id":"https:\/\/www.iemj.org\/de\/#website","url":"https:\/\/www.iemj.org\/de\/","name":"Institut Europ\u00e9en des Musiques Juives","description":"Des traditions musicales \u00e0 la port\u00e9e de tous","publisher":{"@id":"https:\/\/www.iemj.org\/de\/#organization"},"potentialAction":[{"@type":"SearchAction","target":{"@type":"EntryPoint","urlTemplate":"https:\/\/www.iemj.org\/de\/?s={search_term_string}"},"query-input":{"@type":"PropertyValueSpecification","valueRequired":true,"valueName":"search_term_string"}}],"inLanguage":"de"},{"@type":"Organization","@id":"https:\/\/www.iemj.org\/de\/#organization","name":"Institut Europ\u00e9en des Musiques Juives","url":"https:\/\/www.iemj.org\/de\/","logo":{"@type":"ImageObject","inLanguage":"de","@id":"https:\/\/www.iemj.org\/de\/#\/schema\/logo\/image\/","url":"https:\/\/www.iemj.org\/wp-content\/uploads\/2021\/09\/Logo-IEMJ-Paypal.jpg","contentUrl":"https:\/\/www.iemj.org\/wp-content\/uploads\/2021\/09\/Logo-IEMJ-Paypal.jpg","width":150,"height":50,"caption":"Institut Europ\u00e9en des Musiques Juives"},"image":{"@id":"https:\/\/www.iemj.org\/de\/#\/schema\/logo\/image\/"},"sameAs":["https:\/\/www.facebook.com\/MusiquesJuives\/","https:\/\/www.instagram.com\/musiquesjuives\/","https:\/\/www.youtube.com\/user\/musiquesjuives"]},{"@type":"Person","@id":"https:\/\/www.iemj.org\/de\/#\/schema\/person\/e2ad57f2c4be119c7ed8ab79036807a9","name":"Lea Couderc","image":{"@type":"ImageObject","inLanguage":"de","@id":"https:\/\/secure.gravatar.com\/avatar\/46ee021475d60aeff17a7e490b79dea5a5684bb392ab7fd1494027411df8ba23?s=96&d=mm&r=g","url":"https:\/\/secure.gravatar.com\/avatar\/46ee021475d60aeff17a7e490b79dea5a5684bb392ab7fd1494027411df8ba23?s=96&d=mm&r=g","contentUrl":"https:\/\/secure.gravatar.com\/avatar\/46ee021475d60aeff17a7e490b79dea5a5684bb392ab7fd1494027411df8ba23?s=96&d=mm&r=g","caption":"Lea Couderc"}}]}},"_links":{"self":[{"href":"https:\/\/www.iemj.org\/de\/wp-json\/wp\/v2\/posts\/101565","targetHints":{"allow":["GET"]}}],"collection":[{"href":"https:\/\/www.iemj.org\/de\/wp-json\/wp\/v2\/posts"}],"about":[{"href":"https:\/\/www.iemj.org\/de\/wp-json\/wp\/v2\/types\/post"}],"author":[{"embeddable":true,"href":"https:\/\/www.iemj.org\/de\/wp-json\/wp\/v2\/users\/1052"}],"replies":[{"embeddable":true,"href":"https:\/\/www.iemj.org\/de\/wp-json\/wp\/v2\/comments?post=101565"}],"version-history":[{"count":1,"href":"https:\/\/www.iemj.org\/de\/wp-json\/wp\/v2\/posts\/101565\/revisions"}],"predecessor-version":[{"id":130866,"href":"https:\/\/www.iemj.org\/de\/wp-json\/wp\/v2\/posts\/101565\/revisions\/130866"}],"wp:featuredmedia":[{"embeddable":true,"href":"https:\/\/www.iemj.org\/de\/wp-json\/wp\/v2\/media\/130855"}],"wp:attachment":[{"href":"https:\/\/www.iemj.org\/de\/wp-json\/wp\/v2\/media?parent=101565"}],"wp:term":[{"taxonomy":"category","embeddable":true,"href":"https:\/\/www.iemj.org\/de\/wp-json\/wp\/v2\/categories?post=101565"},{"taxonomy":"post_tag","embeddable":true,"href":"https:\/\/www.iemj.org\/de\/wp-json\/wp\/v2\/tags?post=101565"},{"taxonomy":"technique","embeddable":true,"href":"https:\/\/www.iemj.org\/de\/wp-json\/wp\/v2\/technique?post=101565"},{"taxonomy":"squelettes","embeddable":true,"href":"https:\/\/www.iemj.org\/de\/wp-json\/wp\/v2\/squelettes?post=101565"},{"taxonomy":"sujet","embeddable":true,"href":"https:\/\/www.iemj.org\/de\/wp-json\/wp\/v2\/sujet?post=101565"},{"taxonomy":"formation","embeddable":true,"href":"https:\/\/www.iemj.org\/de\/wp-json\/wp\/v2\/formation?post=101565"},{"taxonomy":"genre","embeddable":true,"href":"https:\/\/www.iemj.org\/de\/wp-json\/wp\/v2\/genre?post=101565"},{"taxonomy":"fonds","embeddable":true,"href":"https:\/\/www.iemj.org\/de\/wp-json\/wp\/v2\/fonds?post=101565"},{"taxonomy":"tradition","embeddable":true,"href":"https:\/\/www.iemj.org\/de\/wp-json\/wp\/v2\/tradition?post=101565"},{"taxonomy":"type-de-contenu","embeddable":true,"href":"https:\/\/www.iemj.org\/de\/wp-json\/wp\/v2\/type-de-contenu?post=101565"},{"taxonomy":"interprete-compositeur","embeddable":true,"href":"https:\/\/www.iemj.org\/de\/wp-json\/wp\/v2\/interprete-compositeur?post=101565"},{"taxonomy":"frise","embeddable":true,"href":"https:\/\/www.iemj.org\/de\/wp-json\/wp\/v2\/frise?post=101565"},{"taxonomy":"type-devenement","embeddable":true,"href":"https:\/\/www.iemj.org\/de\/wp-json\/wp\/v2\/type-devenement?post=101565"},{"taxonomy":"tableaux-liens-externes","embeddable":true,"href":"https:\/\/www.iemj.org\/de\/wp-json\/wp\/v2\/tableaux-liens-externes?post=101565"}],"curies":[{"name":"wp","href":"https:\/\/api.w.org\/{rel}","templated":true}]}}