{"id":101614,"date":"2018-03-19T17:17:49","date_gmt":"2018-03-19T16:17:49","guid":{"rendered":"https:\/\/www.iemj.org\/concert-coplas-sefardies-chansons-judeo-espagnoles-de-alberto-hemsi-a-hanovre\/"},"modified":"2023-08-24T11:54:58","modified_gmt":"2023-08-24T09:54:58","slug":"concert-coplas-sefardies-chansons-judeo-espagnoles-de-alberto-hemsi-a-hanovre","status":"publish","type":"post","link":"https:\/\/www.iemj.org\/de\/concert-coplas-sefardies-chansons-judeo-espagnoles-de-alberto-hemsi-a-hanovre\/","title":{"rendered":"KONZERT COPLAS SEFARDIES &#8211; J\u00dcDISCH-SPANISCHE LIEDER VON ALBERTO HEMSI IN HANNOVER"},"content":{"rendered":"<p><strong>Donnerstag, 22. M\u00e4rz 2018: Eine Veranstaltung von Das Europ\u00e4ische Zentrum f\u00fcr J\u00fcdische Musik und der Liberalen J\u00fcdischen Gemeinde Hannover in Zusammenarbeit mit dem European Institute of Jewish Music.<\/strong><\/p>\n<p><!--more--><\/p>\n<p>Am 22. M\u00e4rz 2018 findet in Hannover das erste Konzert der Gesamteinspielung der <em>Coplas Sefardies<\/em> (J\u00fcdisch-spanische Lieder) statt, aufgef\u00fchrt von Assaf Levitin (Gesang) und Naaman Wagner (Klavier) anl\u00e4sslich der Ver\u00f6ffentlichung ihrer CD <em>Coplas Sefardies &#8211; vol. 1<\/em>.<\/p>\n<p>Dem Konzert, das von <a href=\"https:\/\/www.ezjm.hmtm-hannover.de\/de\/start\/\">Das Europ\u00e4ische Zentrum f\u00fcr J\u00fcdische Musik<\/a> (EZJM) und der Liberalen J\u00fcdischen Gemeinde Hannover organisiert wird, geht eine Pr\u00e4sentation von Ingrid Wettberg, der Vorsitzenden der Liberalen Gemeinde Hannover, voraus, gefolgt von einer Ansprache von Sarah Ross, der Direktorin des EZJM.<\/p>\n<p>Das Europ\u00e4ische Institut f\u00fcr J\u00fcdische Musik wird durch seinen Direktor Herv\u00e9 Roten vertreten, der einen kurzen Film \u00fcber das Leben und Werk von Alberto Hemsi vorf\u00fchren wird. Schlie\u00dflich wird Assaf Levitin in das anschlie\u00dfende Konzert einf\u00fchren.<\/p>\n<p>Es sei darauf hingewiesen, dass das Europ\u00e4ische Institut f\u00fcr J\u00fcdische Musik seit 2004 <a href=\"https:\/\/www.iemj.org\/de\/fonds-alberto-hemsi\/\" target=\"_blank\" rel=\"noopener\">das Archiv des Komponisten Alberto Hemsi (1898-1975)<\/a>\u00a0verwahrt. Diese im Juli 2004 von Myriam Capelluto Hemsi (1912-2005), der Witwe des Komponisten, gestiftete Sammlung enth\u00e4lt seltene Dokumente (Manuskripte des Komponisten, Fotografien, Magnetb\u00e4nder und Schallplatten&#8230;), die sie heute zu einer der reichsten Sammlungen j\u00fcdisch-spanischer Musik in der Welt machen.<\/p>\n<p>Die Ver\u00f6ffentlichung der kompletten <em>Coplas Sefardies<\/em> durch das Europ\u00e4ische Zentrum f\u00fcr J\u00fcdische Musik (EZJM) in Hannover und das Label Rondeau Production markiert den ersten Schritt einer fruchtbaren deutsch-franz\u00f6sischen Zusammenarbeit und den Beginn der Schaffung eines europ\u00e4ischen Netzwerks von Zentren f\u00fcr j\u00fcdische Musik, das auf dem Austausch von Informationen, der Aufwertung physischer und digitaler Inhalte und der Organisation von europaweiten Kolloquien und Konzerten beruht.<\/p>\n<p>&#8211; <a href=\"https:\/\/www.iemj.org\/de\/fonds-alberto-hemsi\/\" target=\"_blank\" rel=\"noopener\">Sich den Nachlass von Alberto Hemsi ansehen<\/a><br \/>&#8211; <a href=\"https:\/\/www.iemj.org\/de\/hemsi-alberto-1898-1975\/\" target=\"_blank\" rel=\"noopener\">Erfahren Sie mehr \u00fcber Alberto Hemsi Alberto Hemsi<\/a><br \/>&#8211; <a href=\"https:\/\/www.iemj.org\/de\/video-alberto-hemsi-un-compositeur-au-service-de-la-culture-sefarade\/\" target=\"_blank\" rel=\"noopener\">Sich den Film \u00fcber Alberto Hemsi ansehen<\/a><br \/>&#8211; <a href=\"https:\/\/www.iemj.org\/de\/coplas-sefardies-by-alberto-hemsi-vol-1\/\" target=\"_blank\" rel=\"noopener\">Ausz\u00fcge aus der CD Coplas sefardies von Assaf Levitin und Naaman Wagner anh\u00f6ren <\/a><br \/>&#8211; <a href=\"https:\/\/www.rondeau.de\/New-Releases\/Alberto-Hemsi-Coplas-Sefardies-Vol-1::420.html?language=en\" target=\"_blank\" rel=\"noopener\">Die CD Coplas Sefardies &#8211; J\u00fcdisch-spanische Lieder von Alberto Hemsi &#8211; Vol.1 kaufen <\/a><\/p>\n\n\n<p><\/p>\n","protected":false},"excerpt":{"rendered":"<p>Donnerstag, 22. M\u00e4rz 2018: Eine Veranstaltung von Das Europ\u00e4ische Zentrum f\u00fcr J\u00fcdische Musik und der Liberalen J\u00fcdischen Gemeinde Hannover in Zusammenarbeit mit dem European Institute of Jewish Music.<\/p>\n","protected":false},"author":5,"featured_media":101615,"comment_status":"closed","ping_status":"open","sticky":false,"template":"","format":"standard","meta":{"_acf_changed":false,"footnotes":""},"categories":[1378,1370],"tags":[3420],"technique":[],"squelettes":[],"sujet":[],"formation":[],"genre":[],"fonds":[],"tradition":[],"type-de-contenu":[],"interprete-compositeur":[],"frise":[],"type-devenement":[],"tableaux-liens-externes":[],"class_list":["post-101614","post","type-post","status-publish","format-standard","has-post-thumbnail","hentry","category-konzerte-veranstaltungen-de","category-veranstaltungen-de","tag-partner-veranstaltungen-de"],"acf":[],"yoast_head":"<!-- This site is optimized with the Yoast SEO plugin v27.3 - https:\/\/yoast.com\/product\/yoast-seo-wordpress\/ -->\n<title>KONZERT COPLAS SEFARDIES - J\u00dcDISCH-SPANISCHE LIEDER VON ALBERTO HEMSI IN HANNOVER - Institut Europ\u00e9en des Musiques Juives<\/title>\n<meta name=\"robots\" content=\"noindex, follow\" \/>\n<meta property=\"og:locale\" content=\"de_DE\" \/>\n<meta property=\"og:type\" content=\"article\" \/>\n<meta property=\"og:title\" content=\"KONZERT COPLAS SEFARDIES - J\u00dcDISCH-SPANISCHE LIEDER VON ALBERTO HEMSI IN HANNOVER - Institut Europ\u00e9en des Musiques Juives\" \/>\n<meta property=\"og:description\" content=\"Donnerstag, 22. M\u00e4rz 2018: Eine Veranstaltung von Das Europ\u00e4ische Zentrum f\u00fcr J\u00fcdische Musik und der Liberalen J\u00fcdischen Gemeinde Hannover in Zusammenarbeit mit dem European Institute of Jewish Music.\" \/>\n<meta property=\"og:url\" content=\"https:\/\/www.iemj.org\/de\/concert-coplas-sefardies-chansons-judeo-espagnoles-de-alberto-hemsi-a-hanovre\/\" \/>\n<meta property=\"og:site_name\" content=\"Institut Europ\u00e9en des Musiques Juives\" \/>\n<meta property=\"article:publisher\" content=\"https:\/\/www.facebook.com\/MusiquesJuives\/\" \/>\n<meta property=\"article:published_time\" content=\"2018-03-19T16:17:49+00:00\" \/>\n<meta property=\"article:modified_time\" content=\"2023-08-24T09:54:58+00:00\" \/>\n<meta property=\"og:image\" content=\"https:\/\/www.iemj.org\/wp-content\/uploads\/2018\/03\/arton3259.jpg\" \/>\n\t<meta property=\"og:image:width\" content=\"212\" \/>\n\t<meta property=\"og:image:height\" content=\"307\" \/>\n\t<meta property=\"og:image:type\" content=\"image\/jpeg\" \/>\n<meta name=\"author\" content=\"Jacqueline ROTEN\" \/>\n<meta name=\"twitter:card\" content=\"summary_large_image\" \/>\n<meta name=\"twitter:label1\" content=\"Verfasst von\" \/>\n\t<meta name=\"twitter:data1\" content=\"Jacqueline ROTEN\" \/>\n\t<meta name=\"twitter:label2\" content=\"Gesch\u00e4tzte Lesezeit\" \/>\n\t<meta name=\"twitter:data2\" content=\"2\u00a0Minuten\" \/>\n<script type=\"application\/ld+json\" class=\"yoast-schema-graph\">{\"@context\":\"https:\\\/\\\/schema.org\",\"@graph\":[{\"@type\":\"Article\",\"@id\":\"https:\\\/\\\/www.iemj.org\\\/de\\\/concert-coplas-sefardies-chansons-judeo-espagnoles-de-alberto-hemsi-a-hanovre\\\/#article\",\"isPartOf\":{\"@id\":\"https:\\\/\\\/www.iemj.org\\\/de\\\/concert-coplas-sefardies-chansons-judeo-espagnoles-de-alberto-hemsi-a-hanovre\\\/\"},\"author\":{\"name\":\"Jacqueline ROTEN\",\"@id\":\"https:\\\/\\\/www.iemj.org\\\/de\\\/#\\\/schema\\\/person\\\/358e26c18aca017fcc4cc15437f7279c\"},\"headline\":\"KONZERT COPLAS SEFARDIES &#8211; J\u00dcDISCH-SPANISCHE LIEDER VON ALBERTO HEMSI IN HANNOVER\",\"datePublished\":\"2018-03-19T16:17:49+00:00\",\"dateModified\":\"2023-08-24T09:54:58+00:00\",\"mainEntityOfPage\":{\"@id\":\"https:\\\/\\\/www.iemj.org\\\/de\\\/concert-coplas-sefardies-chansons-judeo-espagnoles-de-alberto-hemsi-a-hanovre\\\/\"},\"wordCount\":364,\"publisher\":{\"@id\":\"https:\\\/\\\/www.iemj.org\\\/de\\\/#organization\"},\"image\":{\"@id\":\"https:\\\/\\\/www.iemj.org\\\/de\\\/concert-coplas-sefardies-chansons-judeo-espagnoles-de-alberto-hemsi-a-hanovre\\\/#primaryimage\"},\"thumbnailUrl\":\"https:\\\/\\\/www.iemj.org\\\/wp-content\\\/uploads\\\/2018\\\/03\\\/arton3259.jpg\",\"keywords\":[\"Partner-Veranstaltungen\"],\"articleSection\":[\"Konzerte\",\"Veranstaltungen\"],\"inLanguage\":\"de\"},{\"@type\":\"WebPage\",\"@id\":\"https:\\\/\\\/www.iemj.org\\\/de\\\/concert-coplas-sefardies-chansons-judeo-espagnoles-de-alberto-hemsi-a-hanovre\\\/\",\"url\":\"https:\\\/\\\/www.iemj.org\\\/de\\\/concert-coplas-sefardies-chansons-judeo-espagnoles-de-alberto-hemsi-a-hanovre\\\/\",\"name\":\"KONZERT COPLAS SEFARDIES - J\u00dcDISCH-SPANISCHE LIEDER VON ALBERTO HEMSI IN HANNOVER - Institut Europ\u00e9en des Musiques Juives\",\"isPartOf\":{\"@id\":\"https:\\\/\\\/www.iemj.org\\\/de\\\/#website\"},\"primaryImageOfPage\":{\"@id\":\"https:\\\/\\\/www.iemj.org\\\/de\\\/concert-coplas-sefardies-chansons-judeo-espagnoles-de-alberto-hemsi-a-hanovre\\\/#primaryimage\"},\"image\":{\"@id\":\"https:\\\/\\\/www.iemj.org\\\/de\\\/concert-coplas-sefardies-chansons-judeo-espagnoles-de-alberto-hemsi-a-hanovre\\\/#primaryimage\"},\"thumbnailUrl\":\"https:\\\/\\\/www.iemj.org\\\/wp-content\\\/uploads\\\/2018\\\/03\\\/arton3259.jpg\",\"datePublished\":\"2018-03-19T16:17:49+00:00\",\"dateModified\":\"2023-08-24T09:54:58+00:00\",\"breadcrumb\":{\"@id\":\"https:\\\/\\\/www.iemj.org\\\/de\\\/concert-coplas-sefardies-chansons-judeo-espagnoles-de-alberto-hemsi-a-hanovre\\\/#breadcrumb\"},\"inLanguage\":\"de\",\"potentialAction\":[{\"@type\":\"ReadAction\",\"target\":[\"https:\\\/\\\/www.iemj.org\\\/de\\\/concert-coplas-sefardies-chansons-judeo-espagnoles-de-alberto-hemsi-a-hanovre\\\/\"]}]},{\"@type\":\"ImageObject\",\"inLanguage\":\"de\",\"@id\":\"https:\\\/\\\/www.iemj.org\\\/de\\\/concert-coplas-sefardies-chansons-judeo-espagnoles-de-alberto-hemsi-a-hanovre\\\/#primaryimage\",\"url\":\"https:\\\/\\\/www.iemj.org\\\/wp-content\\\/uploads\\\/2018\\\/03\\\/arton3259.jpg\",\"contentUrl\":\"https:\\\/\\\/www.iemj.org\\\/wp-content\\\/uploads\\\/2018\\\/03\\\/arton3259.jpg\",\"width\":212,\"height\":307},{\"@type\":\"BreadcrumbList\",\"@id\":\"https:\\\/\\\/www.iemj.org\\\/de\\\/concert-coplas-sefardies-chansons-judeo-espagnoles-de-alberto-hemsi-a-hanovre\\\/#breadcrumb\",\"itemListElement\":[{\"@type\":\"ListItem\",\"position\":1,\"name\":\"Accueil\",\"item\":\"https:\\\/\\\/www.iemj.org\\\/de\\\/\"},{\"@type\":\"ListItem\",\"position\":2,\"name\":\"KONZERT COPLAS SEFARDIES &#8211; J\u00dcDISCH-SPANISCHE LIEDER VON ALBERTO HEMSI IN HANNOVER\"}]},{\"@type\":\"WebSite\",\"@id\":\"https:\\\/\\\/www.iemj.org\\\/de\\\/#website\",\"url\":\"https:\\\/\\\/www.iemj.org\\\/de\\\/\",\"name\":\"Institut Europ\u00e9en des Musiques Juives\",\"description\":\"Des traditions musicales \u00e0 la port\u00e9e de tous\",\"publisher\":{\"@id\":\"https:\\\/\\\/www.iemj.org\\\/de\\\/#organization\"},\"potentialAction\":[{\"@type\":\"SearchAction\",\"target\":{\"@type\":\"EntryPoint\",\"urlTemplate\":\"https:\\\/\\\/www.iemj.org\\\/de\\\/?s={search_term_string}\"},\"query-input\":{\"@type\":\"PropertyValueSpecification\",\"valueRequired\":true,\"valueName\":\"search_term_string\"}}],\"inLanguage\":\"de\"},{\"@type\":\"Organization\",\"@id\":\"https:\\\/\\\/www.iemj.org\\\/de\\\/#organization\",\"name\":\"Institut Europ\u00e9en des Musiques Juives\",\"url\":\"https:\\\/\\\/www.iemj.org\\\/de\\\/\",\"logo\":{\"@type\":\"ImageObject\",\"inLanguage\":\"de\",\"@id\":\"https:\\\/\\\/www.iemj.org\\\/de\\\/#\\\/schema\\\/logo\\\/image\\\/\",\"url\":\"https:\\\/\\\/www.iemj.org\\\/wp-content\\\/uploads\\\/2021\\\/09\\\/Logo-IEMJ-Paypal.jpg\",\"contentUrl\":\"https:\\\/\\\/www.iemj.org\\\/wp-content\\\/uploads\\\/2021\\\/09\\\/Logo-IEMJ-Paypal.jpg\",\"width\":150,\"height\":50,\"caption\":\"Institut Europ\u00e9en des Musiques Juives\"},\"image\":{\"@id\":\"https:\\\/\\\/www.iemj.org\\\/de\\\/#\\\/schema\\\/logo\\\/image\\\/\"},\"sameAs\":[\"https:\\\/\\\/www.facebook.com\\\/MusiquesJuives\\\/\",\"https:\\\/\\\/www.instagram.com\\\/musiquesjuives\\\/\",\"https:\\\/\\\/www.youtube.com\\\/user\\\/musiquesjuives\"]},{\"@type\":\"Person\",\"@id\":\"https:\\\/\\\/www.iemj.org\\\/de\\\/#\\\/schema\\\/person\\\/358e26c18aca017fcc4cc15437f7279c\",\"name\":\"Jacqueline ROTEN\",\"image\":{\"@type\":\"ImageObject\",\"inLanguage\":\"de\",\"@id\":\"https:\\\/\\\/secure.gravatar.com\\\/avatar\\\/5964256d6c6957de3a3505278957e0fb2a35119ac47ea41827a65301213c810b?s=96&d=mm&r=g\",\"url\":\"https:\\\/\\\/secure.gravatar.com\\\/avatar\\\/5964256d6c6957de3a3505278957e0fb2a35119ac47ea41827a65301213c810b?s=96&d=mm&r=g\",\"contentUrl\":\"https:\\\/\\\/secure.gravatar.com\\\/avatar\\\/5964256d6c6957de3a3505278957e0fb2a35119ac47ea41827a65301213c810b?s=96&d=mm&r=g\",\"caption\":\"Jacqueline ROTEN\"}}]}<\/script>\n<!-- \/ Yoast SEO plugin. -->","yoast_head_json":{"title":"KONZERT COPLAS SEFARDIES - J\u00dcDISCH-SPANISCHE LIEDER VON ALBERTO HEMSI IN HANNOVER - Institut Europ\u00e9en des Musiques Juives","robots":{"index":"noindex","follow":"follow"},"og_locale":"de_DE","og_type":"article","og_title":"KONZERT COPLAS SEFARDIES - J\u00dcDISCH-SPANISCHE LIEDER VON ALBERTO HEMSI IN HANNOVER - Institut Europ\u00e9en des Musiques Juives","og_description":"Donnerstag, 22. M\u00e4rz 2018: Eine Veranstaltung von Das Europ\u00e4ische Zentrum f\u00fcr J\u00fcdische Musik und der Liberalen J\u00fcdischen Gemeinde Hannover in Zusammenarbeit mit dem European Institute of Jewish Music.","og_url":"https:\/\/www.iemj.org\/de\/concert-coplas-sefardies-chansons-judeo-espagnoles-de-alberto-hemsi-a-hanovre\/","og_site_name":"Institut Europ\u00e9en des Musiques Juives","article_publisher":"https:\/\/www.facebook.com\/MusiquesJuives\/","article_published_time":"2018-03-19T16:17:49+00:00","article_modified_time":"2023-08-24T09:54:58+00:00","og_image":[{"width":212,"height":307,"url":"https:\/\/www.iemj.org\/wp-content\/uploads\/2018\/03\/arton3259.jpg","type":"image\/jpeg"}],"author":"Jacqueline ROTEN","twitter_card":"summary_large_image","twitter_misc":{"Verfasst von":"Jacqueline ROTEN","Gesch\u00e4tzte Lesezeit":"2\u00a0Minuten"},"schema":{"@context":"https:\/\/schema.org","@graph":[{"@type":"Article","@id":"https:\/\/www.iemj.org\/de\/concert-coplas-sefardies-chansons-judeo-espagnoles-de-alberto-hemsi-a-hanovre\/#article","isPartOf":{"@id":"https:\/\/www.iemj.org\/de\/concert-coplas-sefardies-chansons-judeo-espagnoles-de-alberto-hemsi-a-hanovre\/"},"author":{"name":"Jacqueline ROTEN","@id":"https:\/\/www.iemj.org\/de\/#\/schema\/person\/358e26c18aca017fcc4cc15437f7279c"},"headline":"KONZERT COPLAS SEFARDIES &#8211; J\u00dcDISCH-SPANISCHE LIEDER VON ALBERTO HEMSI IN HANNOVER","datePublished":"2018-03-19T16:17:49+00:00","dateModified":"2023-08-24T09:54:58+00:00","mainEntityOfPage":{"@id":"https:\/\/www.iemj.org\/de\/concert-coplas-sefardies-chansons-judeo-espagnoles-de-alberto-hemsi-a-hanovre\/"},"wordCount":364,"publisher":{"@id":"https:\/\/www.iemj.org\/de\/#organization"},"image":{"@id":"https:\/\/www.iemj.org\/de\/concert-coplas-sefardies-chansons-judeo-espagnoles-de-alberto-hemsi-a-hanovre\/#primaryimage"},"thumbnailUrl":"https:\/\/www.iemj.org\/wp-content\/uploads\/2018\/03\/arton3259.jpg","keywords":["Partner-Veranstaltungen"],"articleSection":["Konzerte","Veranstaltungen"],"inLanguage":"de"},{"@type":"WebPage","@id":"https:\/\/www.iemj.org\/de\/concert-coplas-sefardies-chansons-judeo-espagnoles-de-alberto-hemsi-a-hanovre\/","url":"https:\/\/www.iemj.org\/de\/concert-coplas-sefardies-chansons-judeo-espagnoles-de-alberto-hemsi-a-hanovre\/","name":"KONZERT COPLAS SEFARDIES - J\u00dcDISCH-SPANISCHE LIEDER VON ALBERTO HEMSI IN HANNOVER - Institut Europ\u00e9en des Musiques Juives","isPartOf":{"@id":"https:\/\/www.iemj.org\/de\/#website"},"primaryImageOfPage":{"@id":"https:\/\/www.iemj.org\/de\/concert-coplas-sefardies-chansons-judeo-espagnoles-de-alberto-hemsi-a-hanovre\/#primaryimage"},"image":{"@id":"https:\/\/www.iemj.org\/de\/concert-coplas-sefardies-chansons-judeo-espagnoles-de-alberto-hemsi-a-hanovre\/#primaryimage"},"thumbnailUrl":"https:\/\/www.iemj.org\/wp-content\/uploads\/2018\/03\/arton3259.jpg","datePublished":"2018-03-19T16:17:49+00:00","dateModified":"2023-08-24T09:54:58+00:00","breadcrumb":{"@id":"https:\/\/www.iemj.org\/de\/concert-coplas-sefardies-chansons-judeo-espagnoles-de-alberto-hemsi-a-hanovre\/#breadcrumb"},"inLanguage":"de","potentialAction":[{"@type":"ReadAction","target":["https:\/\/www.iemj.org\/de\/concert-coplas-sefardies-chansons-judeo-espagnoles-de-alberto-hemsi-a-hanovre\/"]}]},{"@type":"ImageObject","inLanguage":"de","@id":"https:\/\/www.iemj.org\/de\/concert-coplas-sefardies-chansons-judeo-espagnoles-de-alberto-hemsi-a-hanovre\/#primaryimage","url":"https:\/\/www.iemj.org\/wp-content\/uploads\/2018\/03\/arton3259.jpg","contentUrl":"https:\/\/www.iemj.org\/wp-content\/uploads\/2018\/03\/arton3259.jpg","width":212,"height":307},{"@type":"BreadcrumbList","@id":"https:\/\/www.iemj.org\/de\/concert-coplas-sefardies-chansons-judeo-espagnoles-de-alberto-hemsi-a-hanovre\/#breadcrumb","itemListElement":[{"@type":"ListItem","position":1,"name":"Accueil","item":"https:\/\/www.iemj.org\/de\/"},{"@type":"ListItem","position":2,"name":"KONZERT COPLAS SEFARDIES &#8211; J\u00dcDISCH-SPANISCHE LIEDER VON ALBERTO HEMSI IN HANNOVER"}]},{"@type":"WebSite","@id":"https:\/\/www.iemj.org\/de\/#website","url":"https:\/\/www.iemj.org\/de\/","name":"Institut Europ\u00e9en des Musiques Juives","description":"Des traditions musicales \u00e0 la port\u00e9e de tous","publisher":{"@id":"https:\/\/www.iemj.org\/de\/#organization"},"potentialAction":[{"@type":"SearchAction","target":{"@type":"EntryPoint","urlTemplate":"https:\/\/www.iemj.org\/de\/?s={search_term_string}"},"query-input":{"@type":"PropertyValueSpecification","valueRequired":true,"valueName":"search_term_string"}}],"inLanguage":"de"},{"@type":"Organization","@id":"https:\/\/www.iemj.org\/de\/#organization","name":"Institut Europ\u00e9en des Musiques Juives","url":"https:\/\/www.iemj.org\/de\/","logo":{"@type":"ImageObject","inLanguage":"de","@id":"https:\/\/www.iemj.org\/de\/#\/schema\/logo\/image\/","url":"https:\/\/www.iemj.org\/wp-content\/uploads\/2021\/09\/Logo-IEMJ-Paypal.jpg","contentUrl":"https:\/\/www.iemj.org\/wp-content\/uploads\/2021\/09\/Logo-IEMJ-Paypal.jpg","width":150,"height":50,"caption":"Institut Europ\u00e9en des Musiques Juives"},"image":{"@id":"https:\/\/www.iemj.org\/de\/#\/schema\/logo\/image\/"},"sameAs":["https:\/\/www.facebook.com\/MusiquesJuives\/","https:\/\/www.instagram.com\/musiquesjuives\/","https:\/\/www.youtube.com\/user\/musiquesjuives"]},{"@type":"Person","@id":"https:\/\/www.iemj.org\/de\/#\/schema\/person\/358e26c18aca017fcc4cc15437f7279c","name":"Jacqueline ROTEN","image":{"@type":"ImageObject","inLanguage":"de","@id":"https:\/\/secure.gravatar.com\/avatar\/5964256d6c6957de3a3505278957e0fb2a35119ac47ea41827a65301213c810b?s=96&d=mm&r=g","url":"https:\/\/secure.gravatar.com\/avatar\/5964256d6c6957de3a3505278957e0fb2a35119ac47ea41827a65301213c810b?s=96&d=mm&r=g","contentUrl":"https:\/\/secure.gravatar.com\/avatar\/5964256d6c6957de3a3505278957e0fb2a35119ac47ea41827a65301213c810b?s=96&d=mm&r=g","caption":"Jacqueline ROTEN"}}]}},"_links":{"self":[{"href":"https:\/\/www.iemj.org\/de\/wp-json\/wp\/v2\/posts\/101614","targetHints":{"allow":["GET"]}}],"collection":[{"href":"https:\/\/www.iemj.org\/de\/wp-json\/wp\/v2\/posts"}],"about":[{"href":"https:\/\/www.iemj.org\/de\/wp-json\/wp\/v2\/types\/post"}],"author":[{"embeddable":true,"href":"https:\/\/www.iemj.org\/de\/wp-json\/wp\/v2\/users\/5"}],"replies":[{"embeddable":true,"href":"https:\/\/www.iemj.org\/de\/wp-json\/wp\/v2\/comments?post=101614"}],"version-history":[{"count":0,"href":"https:\/\/www.iemj.org\/de\/wp-json\/wp\/v2\/posts\/101614\/revisions"}],"wp:featuredmedia":[{"embeddable":true,"href":"https:\/\/www.iemj.org\/de\/wp-json\/wp\/v2\/media\/101615"}],"wp:attachment":[{"href":"https:\/\/www.iemj.org\/de\/wp-json\/wp\/v2\/media?parent=101614"}],"wp:term":[{"taxonomy":"category","embeddable":true,"href":"https:\/\/www.iemj.org\/de\/wp-json\/wp\/v2\/categories?post=101614"},{"taxonomy":"post_tag","embeddable":true,"href":"https:\/\/www.iemj.org\/de\/wp-json\/wp\/v2\/tags?post=101614"},{"taxonomy":"technique","embeddable":true,"href":"https:\/\/www.iemj.org\/de\/wp-json\/wp\/v2\/technique?post=101614"},{"taxonomy":"squelettes","embeddable":true,"href":"https:\/\/www.iemj.org\/de\/wp-json\/wp\/v2\/squelettes?post=101614"},{"taxonomy":"sujet","embeddable":true,"href":"https:\/\/www.iemj.org\/de\/wp-json\/wp\/v2\/sujet?post=101614"},{"taxonomy":"formation","embeddable":true,"href":"https:\/\/www.iemj.org\/de\/wp-json\/wp\/v2\/formation?post=101614"},{"taxonomy":"genre","embeddable":true,"href":"https:\/\/www.iemj.org\/de\/wp-json\/wp\/v2\/genre?post=101614"},{"taxonomy":"fonds","embeddable":true,"href":"https:\/\/www.iemj.org\/de\/wp-json\/wp\/v2\/fonds?post=101614"},{"taxonomy":"tradition","embeddable":true,"href":"https:\/\/www.iemj.org\/de\/wp-json\/wp\/v2\/tradition?post=101614"},{"taxonomy":"type-de-contenu","embeddable":true,"href":"https:\/\/www.iemj.org\/de\/wp-json\/wp\/v2\/type-de-contenu?post=101614"},{"taxonomy":"interprete-compositeur","embeddable":true,"href":"https:\/\/www.iemj.org\/de\/wp-json\/wp\/v2\/interprete-compositeur?post=101614"},{"taxonomy":"frise","embeddable":true,"href":"https:\/\/www.iemj.org\/de\/wp-json\/wp\/v2\/frise?post=101614"},{"taxonomy":"type-devenement","embeddable":true,"href":"https:\/\/www.iemj.org\/de\/wp-json\/wp\/v2\/type-devenement?post=101614"},{"taxonomy":"tableaux-liens-externes","embeddable":true,"href":"https:\/\/www.iemj.org\/de\/wp-json\/wp\/v2\/tableaux-liens-externes?post=101614"}],"curies":[{"name":"wp","href":"https:\/\/api.w.org\/{rel}","templated":true}]}}