{"id":102006,"date":"2014-07-10T16:34:52","date_gmt":"2014-07-10T14:34:52","guid":{"rendered":"https:\/\/www.iemj.org\/colloque-et-concerts-vox-aurea-via-sacra-2014-la-musique-sacree-juive\/"},"modified":"2023-08-29T16:50:21","modified_gmt":"2023-08-29T14:50:21","slug":"colloque-et-concerts-vox-aurea-via-sacra-2014-la-musique-sacree-juive","status":"publish","type":"post","link":"https:\/\/www.iemj.org\/de\/colloque-et-concerts-vox-aurea-via-sacra-2014-la-musique-sacree-juive\/","title":{"rendered":"KOLLOQUIUM UND KONZERTE VOX AUREA-VIA SACRA 2014 &#8211; J\u00dcDISCHE SAKRALE MUSIK"},"content":{"rendered":"<h3>Sonntag, 7. September 2014, 18200 Saint-Amand-Montrond<\/h3>\n<h3><\/h3>\n<p><!--more--><\/p>\n<p>Die sakrale Musik nimmt in der j\u00fcdischen Musikgeschichte eine herausragende Stellung ein. Bis zum Beginn des 18. Jahrhunderts stellt die Geschichte der j\u00fcdischen religi\u00f6sen Musik, von einigen wenigen Ausnahmen abgesehen, die Geschichte der j\u00fcdischen Musik \u00fcberhaupt dar. Im Laufe des Tages werden uns Vortr\u00e4ge mit anschlie\u00dfenden Konzerten in das Herz des j\u00fcdischen Kirchengesangs f\u00fchren, in seine biblischen, synagogalen oder mystischen Traditionen, durch die gro\u00dfen aschkenasischen Traditionen Ost- und Westeuropas und die sephardischen Traditionen der Maghreb-L\u00e4nder.<\/p>\n<p>Nur wenige Kilometer von der Stadt Bourges entfernt, eine Veranstaltung, die Sie nicht verpassen sollten!<\/p>\n<p><strong>PROGRAMM DES TAGES<\/strong><br \/>\n<strong>KOLLOQUIUM<\/strong> (freier Eintritt &#8211; Essen auf Vorbestellung).<\/p>\n<p>8.00 Uhr &#8211; Begr\u00fc\u00dfung und gr\u00fcner Tee<\/p>\n<p><strong>8.45 Uhr &#8211; Thierry Vin\u00e7on<\/strong><br \/>\nB\u00fcrgermeister von Saint-Amand-Montrond<br \/>\nEinleitende Worte<\/p>\n<p><strong>9.00 Uhr &#8211; Herv\u00e9 Roten<\/strong><br \/>\nDirektor des Institut Europ\u00e9en des Musiques Juives (Europ\u00e4isches Institut f\u00fcr J\u00fcdische Musik)<br \/>\n<em><a href=\"https:\/\/www.iemj.org\/de\/limportance-du-chant-dans-la-tradition-juive-herve-roten\/\" target=\"_blank\" rel=\"noopener\">Die Bedeutung des Singens in der j\u00fcdischen Tradition<\/a><\/em><\/p>\n<p>10h00 : pause<\/p>\n<p><strong>10.30 Uhr &#8211; Jean-Philippe Amar<\/strong><br \/>\nMusikolog<br \/>\n<a href=\"https:\/\/www.iemj.org\/de\/cantillation-biblique-et-psalmodie-jean-philippe-amar\/\" target=\"_blank\" rel=\"noopener\"><em>Biblische Kantillation und Psalmodie<\/em><\/a><\/p>\n<p><strong>11.30 Uhr &#8211; Hector Sabo<\/strong><br \/>\nMusikwissenschaftler, musikalischer Leiter des Choeur Juif de France und der Ensembles H\u00e9bra\u00efca und Polyphonies H\u00e9bra\u00efques de Strasbourg<br \/>\n<em><a href=\"https:\/\/www.iemj.org\/de\/la-voix-dans-la-tradition-liturgique-ashkenaze-hector-sabo\/\" target=\"_blank\" rel=\"noopener\">Die Stimme in der aschkenasischen liturgischen Tradition<\/a><\/em><\/p>\n<p><strong>14.00 Uhr &#8211; Marc-Alain Ouaknin<\/strong><br \/>\nRabbiner, Philosoph und Hochschullehrer<br \/>\n<a href=\"https:\/\/www.iemj.org\/de\/le-chant-mystique-dans-la-tradition-hassidique-marc-alain-ouaknin\/\" target=\"_blank\" rel=\"noopener\"><em>Mystischer Gesang in der chassidischen Tradition<\/em><\/a><\/p>\n<p><strong>15.00 Uhr &#8211; Jacques Arnold<\/strong><br \/>\nKantor und Honorarrabbiner<br \/>\n<a href=\"https:\/\/www.iemj.org\/de\/le-hazzan-vecteur-du-chant-synagogal-jacques-arnold\/\" target=\"_blank\" rel=\"noopener\"><em>Der Hazzan: Tr\u00e4ger des synagogalen Gesangs<\/em><\/a><\/p>\n<p><strong>KONZERTE<\/strong> (Eintritt: 20 \u20ac)<br \/>\n<strong>17.00 Uhr \u2013 LE CHOEUR JUIF DE FRANCE<\/strong><br \/>\n<a href=\"https:\/\/www.iemj.org\/de\/chants-liturgiques-des-juifs-ashkenazes-le-choeur-juif-de-france\/\" target=\"_blank\" rel=\"noopener\"><em>Liturgische Ges\u00e4nge der aschkenasischen Juden<\/em><\/a><br \/>\nHector SABO, dir.<br \/>\n<strong>20.30 Uhr \u2013 PHILIPPE und MIKAEL DARMON<\/strong><br \/>\n<a href=\"https:\/\/www.iemj.org\/de\/chants-liturgiques-de-juifs-sepharades-philippe-darmon\/\" target=\"_blank\" rel=\"noopener\"><em>Sephardische liturgische Ges\u00e4nge<\/em><\/a><\/p>\n<p><strong>Informationen und Reservierungen<\/strong><br \/>\nt\u00e9l. 02 48 63 83 11 : H\u00f4tel de Ville 2 rue Philibert-Audebrand, BP 196<br \/>\nt\u00e9l. 02 48 96 16 86 : Office de Tourisme Place de la R\u00e9publique<br \/>\n18200 Saint-Amand-Montrond<\/p>\n<p>Website: <a href=\"http:\/\/www.voxaurea-viasacra.com\">www.voxaurea-viasacra.com<\/a><br \/>\nE-Mail: <a href=\"mailto:contact@voxaurea-viasacra.com\">contact@voxaurea-viasacra.com<\/a><\/p>\n","protected":false},"excerpt":{"rendered":"<p>Sonntag, 7. September 2014, 18200 Saint-Amand-Montrond<\/p>\n","protected":false},"author":1050,"featured_media":102007,"comment_status":"closed","ping_status":"closed","sticky":false,"template":"","format":"standard","meta":{"_acf_changed":false,"footnotes":""},"categories":[1374,1382,1370],"tags":[],"technique":[],"squelettes":[],"sujet":[],"formation":[],"genre":[1891],"fonds":[],"tradition":[],"type-de-contenu":[],"interprete-compositeur":[],"frise":[],"type-devenement":[],"tableaux-liens-externes":[],"class_list":["post-102006","post","type-post","status-publish","format-standard","has-post-thumbnail","hentry","category-kolloquium-de","category-kurse-konferenzen-de","category-veranstaltungen-de","genre-liturgie-de"],"acf":[],"yoast_head":"<!-- This site is optimized with the Yoast SEO plugin v27.3 - https:\/\/yoast.com\/product\/yoast-seo-wordpress\/ -->\n<title>KOLLOQUIUM UND KONZERTE VOX AUREA-VIA SACRA 2014 - J\u00dcDISCHE SAKRALE MUSIK - Institut Europ\u00e9en des Musiques Juives<\/title>\n<meta name=\"robots\" content=\"noindex, follow\" \/>\n<meta property=\"og:locale\" content=\"de_DE\" \/>\n<meta property=\"og:type\" content=\"article\" \/>\n<meta property=\"og:title\" content=\"KOLLOQUIUM UND KONZERTE VOX AUREA-VIA SACRA 2014 - J\u00dcDISCHE SAKRALE MUSIK - Institut Europ\u00e9en des Musiques Juives\" \/>\n<meta property=\"og:description\" content=\"Sonntag, 7. September 2014, 18200 Saint-Amand-Montrond\" \/>\n<meta property=\"og:url\" content=\"https:\/\/www.iemj.org\/de\/colloque-et-concerts-vox-aurea-via-sacra-2014-la-musique-sacree-juive\/\" \/>\n<meta property=\"og:site_name\" content=\"Institut Europ\u00e9en des Musiques Juives\" \/>\n<meta property=\"article:publisher\" content=\"https:\/\/www.facebook.com\/MusiquesJuives\/\" \/>\n<meta property=\"article:published_time\" content=\"2014-07-10T14:34:52+00:00\" \/>\n<meta property=\"article:modified_time\" content=\"2023-08-29T14:50:21+00:00\" \/>\n<meta property=\"og:image\" content=\"https:\/\/www.iemj.org\/wp-content\/uploads\/2014\/07\/arton900.png\" \/>\n\t<meta property=\"og:image:width\" content=\"281\" \/>\n\t<meta property=\"og:image:height\" content=\"176\" \/>\n\t<meta property=\"og:image:type\" content=\"image\/png\" \/>\n<meta name=\"author\" content=\"ncochin\" \/>\n<meta name=\"twitter:card\" content=\"summary_large_image\" \/>\n<meta name=\"twitter:label1\" content=\"Verfasst von\" \/>\n\t<meta name=\"twitter:data1\" content=\"ncochin\" \/>\n\t<meta name=\"twitter:label2\" content=\"Gesch\u00e4tzte Lesezeit\" \/>\n\t<meta name=\"twitter:data2\" content=\"2\u00a0Minuten\" \/>\n<script type=\"application\/ld+json\" class=\"yoast-schema-graph\">{\"@context\":\"https:\\\/\\\/schema.org\",\"@graph\":[{\"@type\":\"Article\",\"@id\":\"https:\\\/\\\/www.iemj.org\\\/de\\\/colloque-et-concerts-vox-aurea-via-sacra-2014-la-musique-sacree-juive\\\/#article\",\"isPartOf\":{\"@id\":\"https:\\\/\\\/www.iemj.org\\\/de\\\/colloque-et-concerts-vox-aurea-via-sacra-2014-la-musique-sacree-juive\\\/\"},\"author\":{\"name\":\"ncochin\",\"@id\":\"https:\\\/\\\/www.iemj.org\\\/de\\\/#\\\/schema\\\/person\\\/f826ad11b0cd58dd99babe0a3fbcb86e\"},\"headline\":\"KOLLOQUIUM UND KONZERTE VOX AUREA-VIA SACRA 2014 &#8211; J\u00dcDISCHE SAKRALE MUSIK\",\"datePublished\":\"2014-07-10T14:34:52+00:00\",\"dateModified\":\"2023-08-29T14:50:21+00:00\",\"mainEntityOfPage\":{\"@id\":\"https:\\\/\\\/www.iemj.org\\\/de\\\/colloque-et-concerts-vox-aurea-via-sacra-2014-la-musique-sacree-juive\\\/\"},\"wordCount\":299,\"publisher\":{\"@id\":\"https:\\\/\\\/www.iemj.org\\\/de\\\/#organization\"},\"image\":{\"@id\":\"https:\\\/\\\/www.iemj.org\\\/de\\\/colloque-et-concerts-vox-aurea-via-sacra-2014-la-musique-sacree-juive\\\/#primaryimage\"},\"thumbnailUrl\":\"https:\\\/\\\/www.iemj.org\\\/wp-content\\\/uploads\\\/2014\\\/07\\\/arton900.png\",\"articleSection\":[\"Kolloquium\",\"Kurse \\\/ Konferenzen\",\"Veranstaltungen\"],\"inLanguage\":\"de\"},{\"@type\":\"WebPage\",\"@id\":\"https:\\\/\\\/www.iemj.org\\\/de\\\/colloque-et-concerts-vox-aurea-via-sacra-2014-la-musique-sacree-juive\\\/\",\"url\":\"https:\\\/\\\/www.iemj.org\\\/de\\\/colloque-et-concerts-vox-aurea-via-sacra-2014-la-musique-sacree-juive\\\/\",\"name\":\"KOLLOQUIUM UND KONZERTE VOX AUREA-VIA SACRA 2014 - J\u00dcDISCHE SAKRALE MUSIK - Institut Europ\u00e9en des Musiques Juives\",\"isPartOf\":{\"@id\":\"https:\\\/\\\/www.iemj.org\\\/de\\\/#website\"},\"primaryImageOfPage\":{\"@id\":\"https:\\\/\\\/www.iemj.org\\\/de\\\/colloque-et-concerts-vox-aurea-via-sacra-2014-la-musique-sacree-juive\\\/#primaryimage\"},\"image\":{\"@id\":\"https:\\\/\\\/www.iemj.org\\\/de\\\/colloque-et-concerts-vox-aurea-via-sacra-2014-la-musique-sacree-juive\\\/#primaryimage\"},\"thumbnailUrl\":\"https:\\\/\\\/www.iemj.org\\\/wp-content\\\/uploads\\\/2014\\\/07\\\/arton900.png\",\"datePublished\":\"2014-07-10T14:34:52+00:00\",\"dateModified\":\"2023-08-29T14:50:21+00:00\",\"breadcrumb\":{\"@id\":\"https:\\\/\\\/www.iemj.org\\\/de\\\/colloque-et-concerts-vox-aurea-via-sacra-2014-la-musique-sacree-juive\\\/#breadcrumb\"},\"inLanguage\":\"de\",\"potentialAction\":[{\"@type\":\"ReadAction\",\"target\":[\"https:\\\/\\\/www.iemj.org\\\/de\\\/colloque-et-concerts-vox-aurea-via-sacra-2014-la-musique-sacree-juive\\\/\"]}]},{\"@type\":\"ImageObject\",\"inLanguage\":\"de\",\"@id\":\"https:\\\/\\\/www.iemj.org\\\/de\\\/colloque-et-concerts-vox-aurea-via-sacra-2014-la-musique-sacree-juive\\\/#primaryimage\",\"url\":\"https:\\\/\\\/www.iemj.org\\\/wp-content\\\/uploads\\\/2014\\\/07\\\/arton900.png\",\"contentUrl\":\"https:\\\/\\\/www.iemj.org\\\/wp-content\\\/uploads\\\/2014\\\/07\\\/arton900.png\",\"width\":281,\"height\":176},{\"@type\":\"BreadcrumbList\",\"@id\":\"https:\\\/\\\/www.iemj.org\\\/de\\\/colloque-et-concerts-vox-aurea-via-sacra-2014-la-musique-sacree-juive\\\/#breadcrumb\",\"itemListElement\":[{\"@type\":\"ListItem\",\"position\":1,\"name\":\"Accueil\",\"item\":\"https:\\\/\\\/www.iemj.org\\\/de\\\/\"},{\"@type\":\"ListItem\",\"position\":2,\"name\":\"KOLLOQUIUM UND KONZERTE VOX AUREA-VIA SACRA 2014 &#8211; J\u00dcDISCHE SAKRALE MUSIK\"}]},{\"@type\":\"WebSite\",\"@id\":\"https:\\\/\\\/www.iemj.org\\\/de\\\/#website\",\"url\":\"https:\\\/\\\/www.iemj.org\\\/de\\\/\",\"name\":\"Institut Europ\u00e9en des Musiques Juives\",\"description\":\"Des traditions musicales \u00e0 la port\u00e9e de tous\",\"publisher\":{\"@id\":\"https:\\\/\\\/www.iemj.org\\\/de\\\/#organization\"},\"potentialAction\":[{\"@type\":\"SearchAction\",\"target\":{\"@type\":\"EntryPoint\",\"urlTemplate\":\"https:\\\/\\\/www.iemj.org\\\/de\\\/?s={search_term_string}\"},\"query-input\":{\"@type\":\"PropertyValueSpecification\",\"valueRequired\":true,\"valueName\":\"search_term_string\"}}],\"inLanguage\":\"de\"},{\"@type\":\"Organization\",\"@id\":\"https:\\\/\\\/www.iemj.org\\\/de\\\/#organization\",\"name\":\"Institut Europ\u00e9en des Musiques Juives\",\"url\":\"https:\\\/\\\/www.iemj.org\\\/de\\\/\",\"logo\":{\"@type\":\"ImageObject\",\"inLanguage\":\"de\",\"@id\":\"https:\\\/\\\/www.iemj.org\\\/de\\\/#\\\/schema\\\/logo\\\/image\\\/\",\"url\":\"https:\\\/\\\/www.iemj.org\\\/wp-content\\\/uploads\\\/2021\\\/09\\\/Logo-IEMJ-Paypal.jpg\",\"contentUrl\":\"https:\\\/\\\/www.iemj.org\\\/wp-content\\\/uploads\\\/2021\\\/09\\\/Logo-IEMJ-Paypal.jpg\",\"width\":150,\"height\":50,\"caption\":\"Institut Europ\u00e9en des Musiques Juives\"},\"image\":{\"@id\":\"https:\\\/\\\/www.iemj.org\\\/de\\\/#\\\/schema\\\/logo\\\/image\\\/\"},\"sameAs\":[\"https:\\\/\\\/www.facebook.com\\\/MusiquesJuives\\\/\",\"https:\\\/\\\/www.instagram.com\\\/musiquesjuives\\\/\",\"https:\\\/\\\/www.youtube.com\\\/user\\\/musiquesjuives\"]},{\"@type\":\"Person\",\"@id\":\"https:\\\/\\\/www.iemj.org\\\/de\\\/#\\\/schema\\\/person\\\/f826ad11b0cd58dd99babe0a3fbcb86e\",\"name\":\"ncochin\",\"image\":{\"@type\":\"ImageObject\",\"inLanguage\":\"de\",\"@id\":\"https:\\\/\\\/secure.gravatar.com\\\/avatar\\\/4499f551e6a9b8c28bd3132f28d79657b2cb55ff363257726f67e89c95e2a33c?s=96&d=mm&r=g\",\"url\":\"https:\\\/\\\/secure.gravatar.com\\\/avatar\\\/4499f551e6a9b8c28bd3132f28d79657b2cb55ff363257726f67e89c95e2a33c?s=96&d=mm&r=g\",\"contentUrl\":\"https:\\\/\\\/secure.gravatar.com\\\/avatar\\\/4499f551e6a9b8c28bd3132f28d79657b2cb55ff363257726f67e89c95e2a33c?s=96&d=mm&r=g\",\"caption\":\"ncochin\"}}]}<\/script>\n<!-- \/ Yoast SEO plugin. -->","yoast_head_json":{"title":"KOLLOQUIUM UND KONZERTE VOX AUREA-VIA SACRA 2014 - J\u00dcDISCHE SAKRALE MUSIK - Institut Europ\u00e9en des Musiques Juives","robots":{"index":"noindex","follow":"follow"},"og_locale":"de_DE","og_type":"article","og_title":"KOLLOQUIUM UND KONZERTE VOX AUREA-VIA SACRA 2014 - J\u00dcDISCHE SAKRALE MUSIK - Institut Europ\u00e9en des Musiques Juives","og_description":"Sonntag, 7. September 2014, 18200 Saint-Amand-Montrond","og_url":"https:\/\/www.iemj.org\/de\/colloque-et-concerts-vox-aurea-via-sacra-2014-la-musique-sacree-juive\/","og_site_name":"Institut Europ\u00e9en des Musiques Juives","article_publisher":"https:\/\/www.facebook.com\/MusiquesJuives\/","article_published_time":"2014-07-10T14:34:52+00:00","article_modified_time":"2023-08-29T14:50:21+00:00","og_image":[{"width":281,"height":176,"url":"https:\/\/www.iemj.org\/wp-content\/uploads\/2014\/07\/arton900.png","type":"image\/png"}],"author":"ncochin","twitter_card":"summary_large_image","twitter_misc":{"Verfasst von":"ncochin","Gesch\u00e4tzte Lesezeit":"2\u00a0Minuten"},"schema":{"@context":"https:\/\/schema.org","@graph":[{"@type":"Article","@id":"https:\/\/www.iemj.org\/de\/colloque-et-concerts-vox-aurea-via-sacra-2014-la-musique-sacree-juive\/#article","isPartOf":{"@id":"https:\/\/www.iemj.org\/de\/colloque-et-concerts-vox-aurea-via-sacra-2014-la-musique-sacree-juive\/"},"author":{"name":"ncochin","@id":"https:\/\/www.iemj.org\/de\/#\/schema\/person\/f826ad11b0cd58dd99babe0a3fbcb86e"},"headline":"KOLLOQUIUM UND KONZERTE VOX AUREA-VIA SACRA 2014 &#8211; J\u00dcDISCHE SAKRALE MUSIK","datePublished":"2014-07-10T14:34:52+00:00","dateModified":"2023-08-29T14:50:21+00:00","mainEntityOfPage":{"@id":"https:\/\/www.iemj.org\/de\/colloque-et-concerts-vox-aurea-via-sacra-2014-la-musique-sacree-juive\/"},"wordCount":299,"publisher":{"@id":"https:\/\/www.iemj.org\/de\/#organization"},"image":{"@id":"https:\/\/www.iemj.org\/de\/colloque-et-concerts-vox-aurea-via-sacra-2014-la-musique-sacree-juive\/#primaryimage"},"thumbnailUrl":"https:\/\/www.iemj.org\/wp-content\/uploads\/2014\/07\/arton900.png","articleSection":["Kolloquium","Kurse \/ Konferenzen","Veranstaltungen"],"inLanguage":"de"},{"@type":"WebPage","@id":"https:\/\/www.iemj.org\/de\/colloque-et-concerts-vox-aurea-via-sacra-2014-la-musique-sacree-juive\/","url":"https:\/\/www.iemj.org\/de\/colloque-et-concerts-vox-aurea-via-sacra-2014-la-musique-sacree-juive\/","name":"KOLLOQUIUM UND KONZERTE VOX AUREA-VIA SACRA 2014 - J\u00dcDISCHE SAKRALE MUSIK - Institut Europ\u00e9en des Musiques Juives","isPartOf":{"@id":"https:\/\/www.iemj.org\/de\/#website"},"primaryImageOfPage":{"@id":"https:\/\/www.iemj.org\/de\/colloque-et-concerts-vox-aurea-via-sacra-2014-la-musique-sacree-juive\/#primaryimage"},"image":{"@id":"https:\/\/www.iemj.org\/de\/colloque-et-concerts-vox-aurea-via-sacra-2014-la-musique-sacree-juive\/#primaryimage"},"thumbnailUrl":"https:\/\/www.iemj.org\/wp-content\/uploads\/2014\/07\/arton900.png","datePublished":"2014-07-10T14:34:52+00:00","dateModified":"2023-08-29T14:50:21+00:00","breadcrumb":{"@id":"https:\/\/www.iemj.org\/de\/colloque-et-concerts-vox-aurea-via-sacra-2014-la-musique-sacree-juive\/#breadcrumb"},"inLanguage":"de","potentialAction":[{"@type":"ReadAction","target":["https:\/\/www.iemj.org\/de\/colloque-et-concerts-vox-aurea-via-sacra-2014-la-musique-sacree-juive\/"]}]},{"@type":"ImageObject","inLanguage":"de","@id":"https:\/\/www.iemj.org\/de\/colloque-et-concerts-vox-aurea-via-sacra-2014-la-musique-sacree-juive\/#primaryimage","url":"https:\/\/www.iemj.org\/wp-content\/uploads\/2014\/07\/arton900.png","contentUrl":"https:\/\/www.iemj.org\/wp-content\/uploads\/2014\/07\/arton900.png","width":281,"height":176},{"@type":"BreadcrumbList","@id":"https:\/\/www.iemj.org\/de\/colloque-et-concerts-vox-aurea-via-sacra-2014-la-musique-sacree-juive\/#breadcrumb","itemListElement":[{"@type":"ListItem","position":1,"name":"Accueil","item":"https:\/\/www.iemj.org\/de\/"},{"@type":"ListItem","position":2,"name":"KOLLOQUIUM UND KONZERTE VOX AUREA-VIA SACRA 2014 &#8211; J\u00dcDISCHE SAKRALE MUSIK"}]},{"@type":"WebSite","@id":"https:\/\/www.iemj.org\/de\/#website","url":"https:\/\/www.iemj.org\/de\/","name":"Institut Europ\u00e9en des Musiques Juives","description":"Des traditions musicales \u00e0 la port\u00e9e de tous","publisher":{"@id":"https:\/\/www.iemj.org\/de\/#organization"},"potentialAction":[{"@type":"SearchAction","target":{"@type":"EntryPoint","urlTemplate":"https:\/\/www.iemj.org\/de\/?s={search_term_string}"},"query-input":{"@type":"PropertyValueSpecification","valueRequired":true,"valueName":"search_term_string"}}],"inLanguage":"de"},{"@type":"Organization","@id":"https:\/\/www.iemj.org\/de\/#organization","name":"Institut Europ\u00e9en des Musiques Juives","url":"https:\/\/www.iemj.org\/de\/","logo":{"@type":"ImageObject","inLanguage":"de","@id":"https:\/\/www.iemj.org\/de\/#\/schema\/logo\/image\/","url":"https:\/\/www.iemj.org\/wp-content\/uploads\/2021\/09\/Logo-IEMJ-Paypal.jpg","contentUrl":"https:\/\/www.iemj.org\/wp-content\/uploads\/2021\/09\/Logo-IEMJ-Paypal.jpg","width":150,"height":50,"caption":"Institut Europ\u00e9en des Musiques Juives"},"image":{"@id":"https:\/\/www.iemj.org\/de\/#\/schema\/logo\/image\/"},"sameAs":["https:\/\/www.facebook.com\/MusiquesJuives\/","https:\/\/www.instagram.com\/musiquesjuives\/","https:\/\/www.youtube.com\/user\/musiquesjuives"]},{"@type":"Person","@id":"https:\/\/www.iemj.org\/de\/#\/schema\/person\/f826ad11b0cd58dd99babe0a3fbcb86e","name":"ncochin","image":{"@type":"ImageObject","inLanguage":"de","@id":"https:\/\/secure.gravatar.com\/avatar\/4499f551e6a9b8c28bd3132f28d79657b2cb55ff363257726f67e89c95e2a33c?s=96&d=mm&r=g","url":"https:\/\/secure.gravatar.com\/avatar\/4499f551e6a9b8c28bd3132f28d79657b2cb55ff363257726f67e89c95e2a33c?s=96&d=mm&r=g","contentUrl":"https:\/\/secure.gravatar.com\/avatar\/4499f551e6a9b8c28bd3132f28d79657b2cb55ff363257726f67e89c95e2a33c?s=96&d=mm&r=g","caption":"ncochin"}}]}},"_links":{"self":[{"href":"https:\/\/www.iemj.org\/de\/wp-json\/wp\/v2\/posts\/102006","targetHints":{"allow":["GET"]}}],"collection":[{"href":"https:\/\/www.iemj.org\/de\/wp-json\/wp\/v2\/posts"}],"about":[{"href":"https:\/\/www.iemj.org\/de\/wp-json\/wp\/v2\/types\/post"}],"author":[{"embeddable":true,"href":"https:\/\/www.iemj.org\/de\/wp-json\/wp\/v2\/users\/1050"}],"replies":[{"embeddable":true,"href":"https:\/\/www.iemj.org\/de\/wp-json\/wp\/v2\/comments?post=102006"}],"version-history":[{"count":0,"href":"https:\/\/www.iemj.org\/de\/wp-json\/wp\/v2\/posts\/102006\/revisions"}],"wp:featuredmedia":[{"embeddable":true,"href":"https:\/\/www.iemj.org\/de\/wp-json\/wp\/v2\/media\/102007"}],"wp:attachment":[{"href":"https:\/\/www.iemj.org\/de\/wp-json\/wp\/v2\/media?parent=102006"}],"wp:term":[{"taxonomy":"category","embeddable":true,"href":"https:\/\/www.iemj.org\/de\/wp-json\/wp\/v2\/categories?post=102006"},{"taxonomy":"post_tag","embeddable":true,"href":"https:\/\/www.iemj.org\/de\/wp-json\/wp\/v2\/tags?post=102006"},{"taxonomy":"technique","embeddable":true,"href":"https:\/\/www.iemj.org\/de\/wp-json\/wp\/v2\/technique?post=102006"},{"taxonomy":"squelettes","embeddable":true,"href":"https:\/\/www.iemj.org\/de\/wp-json\/wp\/v2\/squelettes?post=102006"},{"taxonomy":"sujet","embeddable":true,"href":"https:\/\/www.iemj.org\/de\/wp-json\/wp\/v2\/sujet?post=102006"},{"taxonomy":"formation","embeddable":true,"href":"https:\/\/www.iemj.org\/de\/wp-json\/wp\/v2\/formation?post=102006"},{"taxonomy":"genre","embeddable":true,"href":"https:\/\/www.iemj.org\/de\/wp-json\/wp\/v2\/genre?post=102006"},{"taxonomy":"fonds","embeddable":true,"href":"https:\/\/www.iemj.org\/de\/wp-json\/wp\/v2\/fonds?post=102006"},{"taxonomy":"tradition","embeddable":true,"href":"https:\/\/www.iemj.org\/de\/wp-json\/wp\/v2\/tradition?post=102006"},{"taxonomy":"type-de-contenu","embeddable":true,"href":"https:\/\/www.iemj.org\/de\/wp-json\/wp\/v2\/type-de-contenu?post=102006"},{"taxonomy":"interprete-compositeur","embeddable":true,"href":"https:\/\/www.iemj.org\/de\/wp-json\/wp\/v2\/interprete-compositeur?post=102006"},{"taxonomy":"frise","embeddable":true,"href":"https:\/\/www.iemj.org\/de\/wp-json\/wp\/v2\/frise?post=102006"},{"taxonomy":"type-devenement","embeddable":true,"href":"https:\/\/www.iemj.org\/de\/wp-json\/wp\/v2\/type-devenement?post=102006"},{"taxonomy":"tableaux-liens-externes","embeddable":true,"href":"https:\/\/www.iemj.org\/de\/wp-json\/wp\/v2\/tableaux-liens-externes?post=102006"}],"curies":[{"name":"wp","href":"https:\/\/api.w.org\/{rel}","templated":true}]}}