{"id":103559,"date":"2023-09-20T10:00:00","date_gmt":"2023-09-20T08:00:00","guid":{"rendered":"https:\/\/www.iemj.org\/les-bubbey-mayse-le-petit-matin-du-grand-soir\/"},"modified":"2023-11-15T11:29:05","modified_gmt":"2023-11-15T10:29:05","slug":"les-bubbey-mayse-le-petit-matin-du-grand-soir","status":"publish","type":"post","link":"https:\/\/www.iemj.org\/de\/les-bubbey-mayse-le-petit-matin-du-grand-soir\/","title":{"rendered":"LES BUBBEY MAYSE &#8211; LE PETIT MATIN DU GRAND SOIR"},"content":{"rendered":"<h3>\u00a0<\/h3>\n<h3>VER\u00d6FFENTLICHUNG DER 9. CD DER ENTDECKUNGEN SAMMLUNG<\/h3>\n<p><!--more--><\/p>\n<p>Die <strong>Bubbey Mayse*<\/strong>, das ist die Kraft von vier Frauen, die sich ausdr\u00fcckt.<\/p>\n<p>Es ist eine engagierte Musik, ein selbstbewusstes Schreiben, das von der Kraft des Kollektivs angef\u00fchrt wird.<\/p>\n<p>In ihren Instrumenten h\u00f6rt man die Schreie der Geschichten, die bewegen; man sp\u00fcrt den Schritt der Rage; man erahnt tiefe Wurzeln mit Lust auf die Ferne, man tr\u00e4umt davon, sich bis zum Morgengrauen in einen Tanz zu kuscheln&#8230;<\/p>\n<p>Und in ihren vier Stimmen, die auf den Punkt abgestimmt sind, taucht man in ein ganzes, epidermales Universum ein. Das Universum von vier Frauen, die sich um die Liebe zur Klezmermusik und zur jiddischen Sprache versammeln und daraus den Schwung sch\u00f6pfen, eine strahlende Zukunft neu zu erfinden.<\/p>\n<p style=\"text-align: center;\">\u2666\u2666\u2666\u2666\u2666\u2666\u2666\u2666\u2666\u2666\u2666\u2666\u2666<\/p>\n<p><strong>* <\/strong>Die <strong>Bubbey Mayse<\/strong> sind ein Frauenquartett f\u00fcr Klezmermusik und jiddische Lieder.<br \/>&#8222;Di bobe mayses&#8220; bedeutet auf Jiddisch: &#8222;Die Geschichten der Gro\u00dfm\u00fctter&#8220; oder &#8222;Die Schauerm\u00e4rchen&#8220;.<\/p>\n<p>Die Gruppe wurde 2012 in der Bretagne gegr\u00fcndet und besteht aus vier Musikerinnen: <strong>Elsa Signorile<\/strong> (Klarinette, Gesang), <strong>Juliette Divry<\/strong> (Cello, Gesang), <strong>Margaux Li\u00e9nard<\/strong> (Violine, Gesang) und <strong>Morgane Labbe<\/strong> (Akkordeon, Gesang).<\/p>\n<p>Die Musikerinnen, die von einer soliden jiddischen kulturellen Verankerung getragen werden, die ihnen von der Klarinettistin vermittelt wurde, arrangieren und interpretieren dieses Repertoire auf ihre eigene Art und Weise und setzen die Reise dieser Musik fort, die bereits selbst von Migrationen und Begegnungen gepr\u00e4gt ist.<\/p>\n<p>Das Quartett arrangiert gemeinsam Lieder und Musik aus dem j\u00fcdischen Repertoire Mittel- und Osteuropas. Die Musiker bedienen sich dabei verschiedener Quellen: Archive von Ruth Rubin und Beregovski, Melodien aus Alben von <a href=\"https:\/\/joelrubinklezmer.com\/bio\/\">Joel Rubin Orchestra<\/a>, Dave Tarras, Alicia Svigals\u2026 oder Melodien, die sie bei Workshops oder Seminaren untereinander ausgetauscht haben.<\/p>\n<p>Nach 11 Jahren Bandgeschichte, einem ersten selbstproduzierten Album <a href=\"https:\/\/www.iemj.org\/de\/les-bubbey-mayse-4\/\" target=\"_blank\" rel=\"noopener\"><em>Un vendredi soir apr\u00e8s le dessert<\/em><\/a>, das 2016 erschien, einer EP <em>Le Nouveau Sher<\/em>, die 2021 ver\u00f6ffentlicht wurde, und einer gleichnamigen Show im Oktober 2022 freut sich die Band, ihr neues Album in Koproduktion mit dem IEMJ vorstellen zu k\u00f6nnen: <em>Le petit matin du grand soir<\/em> (September 2023).<\/p>\n<p style=\"text-align: center;\">\u2666\u2666\u2666\u2666\u2666\u2666\u2666\u2666\u2666\u2666\u2666\u2666\u2666<\/p>\n<p>Diese CD wurde mit der Unterst\u00fctzung der <a href=\"https:\/\/www.fondationjudaisme.org\/\" target=\"_blank\" rel=\"noopener\">Fondation du Juda\u00efsme Fran\u00e7ais<\/a>, der <a href=\"https:\/\/www.fondationshoah.org\/\" target=\"_blank\" rel=\"noopener\">Fondation pour la M\u00e9moire de la Shoah<\/a>, der Stiftungen Henriette Halphen et Ir\u00e8ne et Jacques Darmon\u00a0unter der Schirmherrschaft der FJF produziert.<\/p>\n<h2><a href=\"https:\/\/www.iemj.org\/de\/produit\/les-bubbey-mayse-le-petit-matin-du-grand-soir\/\" target=\"_blank\" rel=\"noopener\">Die CD im Online-Shop des IEMJ bestellen<\/a><\/h2>\n<p><strong><em>N.B.: Jede Bestellung eines physischen Albums f\u00fchrt zur parallelen Zusendung von MP3-Audiodateien per E-Mail.<\/em><\/strong><\/p>\n<p><strong>Informationen\/Bestellungen\/Pressekontakt<\/strong> unter+33 (0)1 45 82 20 52 oder\u00a0<a href=\"https:\/\/www.iemj.org\/melodies-hebraiques-pour-violoncelle-et-piano\/contact@iemj.org\" target=\"_blank\" rel=\"noopener\">contact@iemj.org<\/a><\/p>\n\n\n<figure class=\"wp-block-image size-full\"><img fetchpriority=\"high\" decoding=\"async\" width=\"821\" height=\"739\" src=\"https:\/\/www.iemj.org\/wp-content\/uploads\/2023\/09\/Bubbey-Mayse_COUV4.jpg\" alt=\"\" class=\"wp-image-103379\" srcset=\"https:\/\/www.iemj.org\/wp-content\/uploads\/2023\/09\/Bubbey-Mayse_COUV4.jpg 821w, https:\/\/www.iemj.org\/wp-content\/uploads\/2023\/09\/Bubbey-Mayse_COUV4-300x270.jpg 300w, https:\/\/www.iemj.org\/wp-content\/uploads\/2023\/09\/Bubbey-Mayse_COUV4-768x691.jpg 768w, https:\/\/www.iemj.org\/wp-content\/uploads\/2023\/09\/Bubbey-Mayse_COUV4-600x540.jpg 600w\" sizes=\"(max-width: 821px) 100vw, 821px\" \/><\/figure>\n\n\n<\/p>\n<h2 style=\"text-align: center;\"><span style=\"color: #3c4b98;\"><strong>H\u00f6rproben von der CD im Player am unteren Bildschirmrand anh\u00f6ren<\/strong><\/span><\/h2>\n<p><img decoding=\"async\" class=\"wp-image-103967 aligncenter\" src=\"https:\/\/www.iemj.org\/wp-content\/uploads\/2023\/09\/Capture-bandeau-bleu-300x13.jpg\" alt=\"\" width=\"808\" height=\"35\" srcset=\"https:\/\/www.iemj.org\/wp-content\/uploads\/2023\/09\/Capture-bandeau-bleu-300x13.jpg 300w, https:\/\/www.iemj.org\/wp-content\/uploads\/2023\/09\/Capture-bandeau-bleu-1024x46.jpg 1024w, https:\/\/www.iemj.org\/wp-content\/uploads\/2023\/09\/Capture-bandeau-bleu-768x34.jpg 768w, https:\/\/www.iemj.org\/wp-content\/uploads\/2023\/09\/Capture-bandeau-bleu-1536x69.jpg 1536w, https:\/\/www.iemj.org\/wp-content\/uploads\/2023\/09\/Capture-bandeau-bleu-600x27.jpg 600w, https:\/\/www.iemj.org\/wp-content\/uploads\/2023\/09\/Capture-bandeau-bleu.jpg 1899w\" sizes=\"(max-width: 808px) 100vw, 808px\" \/><\/p>","protected":false},"excerpt":{"rendered":"<p>\u00a0 VER\u00d6FFENTLICHUNG DER 9. CD DER ENTDECKUNGEN SAMMLUNG<\/p>\n","protected":false},"author":5,"featured_media":103397,"comment_status":"closed","ping_status":"closed","sticky":false,"template":"","format":"standard","meta":{"_acf_changed":false,"footnotes":""},"categories":[1393,2203,1390],"tags":[],"technique":[],"squelettes":[],"sujet":[],"formation":[],"genre":[1875,1864],"fonds":[],"tradition":[],"type-de-contenu":[],"interprete-compositeur":[],"frise":[],"type-devenement":[],"tableaux-liens-externes":[],"class_list":["post-103559","post","type-post","status-publish","format-standard","has-post-thumbnail","hentry","category-cd-iemj-de","category-entdeckungen-sammlung-de","category-veroffentlichungen-de","genre-klezmer-de","genre-yiddish-de"],"acf":[],"yoast_head":"<!-- This site is optimized with the Yoast SEO plugin v27.3 - https:\/\/yoast.com\/product\/yoast-seo-wordpress\/ -->\n<title>LES BUBBEY MAYSE - LE PETIT MATIN DU GRAND SOIR - Institut Europ\u00e9en des Musiques Juives<\/title>\n<meta name=\"robots\" content=\"index, follow, max-snippet:-1, max-image-preview:large, max-video-preview:-1\" \/>\n<link rel=\"canonical\" href=\"https:\/\/www.iemj.org\/de\/les-bubbey-mayse-le-petit-matin-du-grand-soir\/\" \/>\n<meta property=\"og:locale\" content=\"de_DE\" \/>\n<meta property=\"og:type\" content=\"article\" \/>\n<meta property=\"og:title\" content=\"LES BUBBEY MAYSE - LE PETIT MATIN DU GRAND SOIR - Institut Europ\u00e9en des Musiques Juives\" \/>\n<meta property=\"og:description\" content=\"\u00a0 VER\u00d6FFENTLICHUNG DER 9. CD DER ENTDECKUNGEN SAMMLUNG\" \/>\n<meta property=\"og:url\" content=\"https:\/\/www.iemj.org\/de\/les-bubbey-mayse-le-petit-matin-du-grand-soir\/\" \/>\n<meta property=\"og:site_name\" content=\"Institut Europ\u00e9en des Musiques Juives\" \/>\n<meta property=\"article:publisher\" content=\"https:\/\/www.facebook.com\/MusiquesJuives\/\" \/>\n<meta property=\"article:published_time\" content=\"2023-09-20T08:00:00+00:00\" \/>\n<meta property=\"article:modified_time\" content=\"2023-11-15T10:29:05+00:00\" \/>\n<meta property=\"og:image\" content=\"https:\/\/www.iemj.org\/wp-content\/uploads\/2023\/09\/Bubbey-Mayse_COUV-2.jpg\" \/>\n\t<meta property=\"og:image:width\" content=\"821\" \/>\n\t<meta property=\"og:image:height\" content=\"739\" \/>\n\t<meta property=\"og:image:type\" content=\"image\/jpeg\" \/>\n<meta name=\"author\" content=\"Jacqueline ROTEN\" \/>\n<meta name=\"twitter:card\" content=\"summary_large_image\" \/>\n<meta name=\"twitter:label1\" content=\"Verfasst von\" \/>\n\t<meta name=\"twitter:data1\" content=\"Jacqueline ROTEN\" \/>\n\t<meta name=\"twitter:label2\" content=\"Gesch\u00e4tzte Lesezeit\" \/>\n\t<meta name=\"twitter:data2\" content=\"3\u00a0Minuten\" \/>\n<script type=\"application\/ld+json\" class=\"yoast-schema-graph\">{\"@context\":\"https:\\\/\\\/schema.org\",\"@graph\":[{\"@type\":\"Article\",\"@id\":\"https:\\\/\\\/www.iemj.org\\\/de\\\/les-bubbey-mayse-le-petit-matin-du-grand-soir\\\/#article\",\"isPartOf\":{\"@id\":\"https:\\\/\\\/www.iemj.org\\\/de\\\/les-bubbey-mayse-le-petit-matin-du-grand-soir\\\/\"},\"author\":{\"name\":\"Jacqueline ROTEN\",\"@id\":\"https:\\\/\\\/www.iemj.org\\\/de\\\/#\\\/schema\\\/person\\\/358e26c18aca017fcc4cc15437f7279c\"},\"headline\":\"LES BUBBEY MAYSE &#8211; LE PETIT MATIN DU GRAND SOIR\",\"datePublished\":\"2023-09-20T08:00:00+00:00\",\"dateModified\":\"2023-11-15T10:29:05+00:00\",\"mainEntityOfPage\":{\"@id\":\"https:\\\/\\\/www.iemj.org\\\/de\\\/les-bubbey-mayse-le-petit-matin-du-grand-soir\\\/\"},\"wordCount\":429,\"publisher\":{\"@id\":\"https:\\\/\\\/www.iemj.org\\\/de\\\/#organization\"},\"image\":{\"@id\":\"https:\\\/\\\/www.iemj.org\\\/de\\\/les-bubbey-mayse-le-petit-matin-du-grand-soir\\\/#primaryimage\"},\"thumbnailUrl\":\"https:\\\/\\\/www.iemj.org\\\/wp-content\\\/uploads\\\/2023\\\/09\\\/Bubbey-Mayse_COUV-2.jpg\",\"articleSection\":[\"CD IEMJ\",\"Entdeckungen Sammlung\",\"Ver\u00f6ffentlichungen\"],\"inLanguage\":\"de\"},{\"@type\":\"WebPage\",\"@id\":\"https:\\\/\\\/www.iemj.org\\\/de\\\/les-bubbey-mayse-le-petit-matin-du-grand-soir\\\/\",\"url\":\"https:\\\/\\\/www.iemj.org\\\/de\\\/les-bubbey-mayse-le-petit-matin-du-grand-soir\\\/\",\"name\":\"LES BUBBEY MAYSE - LE PETIT MATIN DU GRAND SOIR - Institut Europ\u00e9en des Musiques Juives\",\"isPartOf\":{\"@id\":\"https:\\\/\\\/www.iemj.org\\\/de\\\/#website\"},\"primaryImageOfPage\":{\"@id\":\"https:\\\/\\\/www.iemj.org\\\/de\\\/les-bubbey-mayse-le-petit-matin-du-grand-soir\\\/#primaryimage\"},\"image\":{\"@id\":\"https:\\\/\\\/www.iemj.org\\\/de\\\/les-bubbey-mayse-le-petit-matin-du-grand-soir\\\/#primaryimage\"},\"thumbnailUrl\":\"https:\\\/\\\/www.iemj.org\\\/wp-content\\\/uploads\\\/2023\\\/09\\\/Bubbey-Mayse_COUV-2.jpg\",\"datePublished\":\"2023-09-20T08:00:00+00:00\",\"dateModified\":\"2023-11-15T10:29:05+00:00\",\"breadcrumb\":{\"@id\":\"https:\\\/\\\/www.iemj.org\\\/de\\\/les-bubbey-mayse-le-petit-matin-du-grand-soir\\\/#breadcrumb\"},\"inLanguage\":\"de\",\"potentialAction\":[{\"@type\":\"ReadAction\",\"target\":[\"https:\\\/\\\/www.iemj.org\\\/de\\\/les-bubbey-mayse-le-petit-matin-du-grand-soir\\\/\"]}]},{\"@type\":\"ImageObject\",\"inLanguage\":\"de\",\"@id\":\"https:\\\/\\\/www.iemj.org\\\/de\\\/les-bubbey-mayse-le-petit-matin-du-grand-soir\\\/#primaryimage\",\"url\":\"https:\\\/\\\/www.iemj.org\\\/wp-content\\\/uploads\\\/2023\\\/09\\\/Bubbey-Mayse_COUV-2.jpg\",\"contentUrl\":\"https:\\\/\\\/www.iemj.org\\\/wp-content\\\/uploads\\\/2023\\\/09\\\/Bubbey-Mayse_COUV-2.jpg\",\"width\":821,\"height\":739},{\"@type\":\"BreadcrumbList\",\"@id\":\"https:\\\/\\\/www.iemj.org\\\/de\\\/les-bubbey-mayse-le-petit-matin-du-grand-soir\\\/#breadcrumb\",\"itemListElement\":[{\"@type\":\"ListItem\",\"position\":1,\"name\":\"Accueil\",\"item\":\"https:\\\/\\\/www.iemj.org\\\/de\\\/\"},{\"@type\":\"ListItem\",\"position\":2,\"name\":\"LES BUBBEY MAYSE &#8211; LE PETIT MATIN DU GRAND SOIR\"}]},{\"@type\":\"WebSite\",\"@id\":\"https:\\\/\\\/www.iemj.org\\\/de\\\/#website\",\"url\":\"https:\\\/\\\/www.iemj.org\\\/de\\\/\",\"name\":\"Institut Europ\u00e9en des Musiques Juives\",\"description\":\"Des traditions musicales \u00e0 la port\u00e9e de tous\",\"publisher\":{\"@id\":\"https:\\\/\\\/www.iemj.org\\\/de\\\/#organization\"},\"potentialAction\":[{\"@type\":\"SearchAction\",\"target\":{\"@type\":\"EntryPoint\",\"urlTemplate\":\"https:\\\/\\\/www.iemj.org\\\/de\\\/?s={search_term_string}\"},\"query-input\":{\"@type\":\"PropertyValueSpecification\",\"valueRequired\":true,\"valueName\":\"search_term_string\"}}],\"inLanguage\":\"de\"},{\"@type\":\"Organization\",\"@id\":\"https:\\\/\\\/www.iemj.org\\\/de\\\/#organization\",\"name\":\"Institut Europ\u00e9en des Musiques Juives\",\"url\":\"https:\\\/\\\/www.iemj.org\\\/de\\\/\",\"logo\":{\"@type\":\"ImageObject\",\"inLanguage\":\"de\",\"@id\":\"https:\\\/\\\/www.iemj.org\\\/de\\\/#\\\/schema\\\/logo\\\/image\\\/\",\"url\":\"https:\\\/\\\/www.iemj.org\\\/wp-content\\\/uploads\\\/2021\\\/09\\\/Logo-IEMJ-Paypal.jpg\",\"contentUrl\":\"https:\\\/\\\/www.iemj.org\\\/wp-content\\\/uploads\\\/2021\\\/09\\\/Logo-IEMJ-Paypal.jpg\",\"width\":150,\"height\":50,\"caption\":\"Institut Europ\u00e9en des Musiques Juives\"},\"image\":{\"@id\":\"https:\\\/\\\/www.iemj.org\\\/de\\\/#\\\/schema\\\/logo\\\/image\\\/\"},\"sameAs\":[\"https:\\\/\\\/www.facebook.com\\\/MusiquesJuives\\\/\",\"https:\\\/\\\/www.instagram.com\\\/musiquesjuives\\\/\",\"https:\\\/\\\/www.youtube.com\\\/user\\\/musiquesjuives\"]},{\"@type\":\"Person\",\"@id\":\"https:\\\/\\\/www.iemj.org\\\/de\\\/#\\\/schema\\\/person\\\/358e26c18aca017fcc4cc15437f7279c\",\"name\":\"Jacqueline ROTEN\",\"image\":{\"@type\":\"ImageObject\",\"inLanguage\":\"de\",\"@id\":\"https:\\\/\\\/secure.gravatar.com\\\/avatar\\\/5964256d6c6957de3a3505278957e0fb2a35119ac47ea41827a65301213c810b?s=96&d=mm&r=g\",\"url\":\"https:\\\/\\\/secure.gravatar.com\\\/avatar\\\/5964256d6c6957de3a3505278957e0fb2a35119ac47ea41827a65301213c810b?s=96&d=mm&r=g\",\"contentUrl\":\"https:\\\/\\\/secure.gravatar.com\\\/avatar\\\/5964256d6c6957de3a3505278957e0fb2a35119ac47ea41827a65301213c810b?s=96&d=mm&r=g\",\"caption\":\"Jacqueline ROTEN\"}}]}<\/script>\n<!-- \/ Yoast SEO plugin. -->","yoast_head_json":{"title":"LES BUBBEY MAYSE - LE PETIT MATIN DU GRAND SOIR - Institut Europ\u00e9en des Musiques Juives","robots":{"index":"index","follow":"follow","max-snippet":"max-snippet:-1","max-image-preview":"max-image-preview:large","max-video-preview":"max-video-preview:-1"},"canonical":"https:\/\/www.iemj.org\/de\/les-bubbey-mayse-le-petit-matin-du-grand-soir\/","og_locale":"de_DE","og_type":"article","og_title":"LES BUBBEY MAYSE - LE PETIT MATIN DU GRAND SOIR - Institut Europ\u00e9en des Musiques Juives","og_description":"\u00a0 VER\u00d6FFENTLICHUNG DER 9. CD DER ENTDECKUNGEN SAMMLUNG","og_url":"https:\/\/www.iemj.org\/de\/les-bubbey-mayse-le-petit-matin-du-grand-soir\/","og_site_name":"Institut Europ\u00e9en des Musiques Juives","article_publisher":"https:\/\/www.facebook.com\/MusiquesJuives\/","article_published_time":"2023-09-20T08:00:00+00:00","article_modified_time":"2023-11-15T10:29:05+00:00","og_image":[{"width":821,"height":739,"url":"https:\/\/www.iemj.org\/wp-content\/uploads\/2023\/09\/Bubbey-Mayse_COUV-2.jpg","type":"image\/jpeg"}],"author":"Jacqueline ROTEN","twitter_card":"summary_large_image","twitter_misc":{"Verfasst von":"Jacqueline ROTEN","Gesch\u00e4tzte Lesezeit":"3\u00a0Minuten"},"schema":{"@context":"https:\/\/schema.org","@graph":[{"@type":"Article","@id":"https:\/\/www.iemj.org\/de\/les-bubbey-mayse-le-petit-matin-du-grand-soir\/#article","isPartOf":{"@id":"https:\/\/www.iemj.org\/de\/les-bubbey-mayse-le-petit-matin-du-grand-soir\/"},"author":{"name":"Jacqueline ROTEN","@id":"https:\/\/www.iemj.org\/de\/#\/schema\/person\/358e26c18aca017fcc4cc15437f7279c"},"headline":"LES BUBBEY MAYSE &#8211; LE PETIT MATIN DU GRAND SOIR","datePublished":"2023-09-20T08:00:00+00:00","dateModified":"2023-11-15T10:29:05+00:00","mainEntityOfPage":{"@id":"https:\/\/www.iemj.org\/de\/les-bubbey-mayse-le-petit-matin-du-grand-soir\/"},"wordCount":429,"publisher":{"@id":"https:\/\/www.iemj.org\/de\/#organization"},"image":{"@id":"https:\/\/www.iemj.org\/de\/les-bubbey-mayse-le-petit-matin-du-grand-soir\/#primaryimage"},"thumbnailUrl":"https:\/\/www.iemj.org\/wp-content\/uploads\/2023\/09\/Bubbey-Mayse_COUV-2.jpg","articleSection":["CD IEMJ","Entdeckungen Sammlung","Ver\u00f6ffentlichungen"],"inLanguage":"de"},{"@type":"WebPage","@id":"https:\/\/www.iemj.org\/de\/les-bubbey-mayse-le-petit-matin-du-grand-soir\/","url":"https:\/\/www.iemj.org\/de\/les-bubbey-mayse-le-petit-matin-du-grand-soir\/","name":"LES BUBBEY MAYSE - LE PETIT MATIN DU GRAND SOIR - Institut Europ\u00e9en des Musiques Juives","isPartOf":{"@id":"https:\/\/www.iemj.org\/de\/#website"},"primaryImageOfPage":{"@id":"https:\/\/www.iemj.org\/de\/les-bubbey-mayse-le-petit-matin-du-grand-soir\/#primaryimage"},"image":{"@id":"https:\/\/www.iemj.org\/de\/les-bubbey-mayse-le-petit-matin-du-grand-soir\/#primaryimage"},"thumbnailUrl":"https:\/\/www.iemj.org\/wp-content\/uploads\/2023\/09\/Bubbey-Mayse_COUV-2.jpg","datePublished":"2023-09-20T08:00:00+00:00","dateModified":"2023-11-15T10:29:05+00:00","breadcrumb":{"@id":"https:\/\/www.iemj.org\/de\/les-bubbey-mayse-le-petit-matin-du-grand-soir\/#breadcrumb"},"inLanguage":"de","potentialAction":[{"@type":"ReadAction","target":["https:\/\/www.iemj.org\/de\/les-bubbey-mayse-le-petit-matin-du-grand-soir\/"]}]},{"@type":"ImageObject","inLanguage":"de","@id":"https:\/\/www.iemj.org\/de\/les-bubbey-mayse-le-petit-matin-du-grand-soir\/#primaryimage","url":"https:\/\/www.iemj.org\/wp-content\/uploads\/2023\/09\/Bubbey-Mayse_COUV-2.jpg","contentUrl":"https:\/\/www.iemj.org\/wp-content\/uploads\/2023\/09\/Bubbey-Mayse_COUV-2.jpg","width":821,"height":739},{"@type":"BreadcrumbList","@id":"https:\/\/www.iemj.org\/de\/les-bubbey-mayse-le-petit-matin-du-grand-soir\/#breadcrumb","itemListElement":[{"@type":"ListItem","position":1,"name":"Accueil","item":"https:\/\/www.iemj.org\/de\/"},{"@type":"ListItem","position":2,"name":"LES BUBBEY MAYSE &#8211; LE PETIT MATIN DU GRAND SOIR"}]},{"@type":"WebSite","@id":"https:\/\/www.iemj.org\/de\/#website","url":"https:\/\/www.iemj.org\/de\/","name":"Institut Europ\u00e9en des Musiques Juives","description":"Des traditions musicales \u00e0 la port\u00e9e de tous","publisher":{"@id":"https:\/\/www.iemj.org\/de\/#organization"},"potentialAction":[{"@type":"SearchAction","target":{"@type":"EntryPoint","urlTemplate":"https:\/\/www.iemj.org\/de\/?s={search_term_string}"},"query-input":{"@type":"PropertyValueSpecification","valueRequired":true,"valueName":"search_term_string"}}],"inLanguage":"de"},{"@type":"Organization","@id":"https:\/\/www.iemj.org\/de\/#organization","name":"Institut Europ\u00e9en des Musiques Juives","url":"https:\/\/www.iemj.org\/de\/","logo":{"@type":"ImageObject","inLanguage":"de","@id":"https:\/\/www.iemj.org\/de\/#\/schema\/logo\/image\/","url":"https:\/\/www.iemj.org\/wp-content\/uploads\/2021\/09\/Logo-IEMJ-Paypal.jpg","contentUrl":"https:\/\/www.iemj.org\/wp-content\/uploads\/2021\/09\/Logo-IEMJ-Paypal.jpg","width":150,"height":50,"caption":"Institut Europ\u00e9en des Musiques Juives"},"image":{"@id":"https:\/\/www.iemj.org\/de\/#\/schema\/logo\/image\/"},"sameAs":["https:\/\/www.facebook.com\/MusiquesJuives\/","https:\/\/www.instagram.com\/musiquesjuives\/","https:\/\/www.youtube.com\/user\/musiquesjuives"]},{"@type":"Person","@id":"https:\/\/www.iemj.org\/de\/#\/schema\/person\/358e26c18aca017fcc4cc15437f7279c","name":"Jacqueline ROTEN","image":{"@type":"ImageObject","inLanguage":"de","@id":"https:\/\/secure.gravatar.com\/avatar\/5964256d6c6957de3a3505278957e0fb2a35119ac47ea41827a65301213c810b?s=96&d=mm&r=g","url":"https:\/\/secure.gravatar.com\/avatar\/5964256d6c6957de3a3505278957e0fb2a35119ac47ea41827a65301213c810b?s=96&d=mm&r=g","contentUrl":"https:\/\/secure.gravatar.com\/avatar\/5964256d6c6957de3a3505278957e0fb2a35119ac47ea41827a65301213c810b?s=96&d=mm&r=g","caption":"Jacqueline ROTEN"}}]}},"_links":{"self":[{"href":"https:\/\/www.iemj.org\/de\/wp-json\/wp\/v2\/posts\/103559","targetHints":{"allow":["GET"]}}],"collection":[{"href":"https:\/\/www.iemj.org\/de\/wp-json\/wp\/v2\/posts"}],"about":[{"href":"https:\/\/www.iemj.org\/de\/wp-json\/wp\/v2\/types\/post"}],"author":[{"embeddable":true,"href":"https:\/\/www.iemj.org\/de\/wp-json\/wp\/v2\/users\/5"}],"replies":[{"embeddable":true,"href":"https:\/\/www.iemj.org\/de\/wp-json\/wp\/v2\/comments?post=103559"}],"version-history":[{"count":0,"href":"https:\/\/www.iemj.org\/de\/wp-json\/wp\/v2\/posts\/103559\/revisions"}],"wp:featuredmedia":[{"embeddable":true,"href":"https:\/\/www.iemj.org\/de\/wp-json\/wp\/v2\/media\/103397"}],"wp:attachment":[{"href":"https:\/\/www.iemj.org\/de\/wp-json\/wp\/v2\/media?parent=103559"}],"wp:term":[{"taxonomy":"category","embeddable":true,"href":"https:\/\/www.iemj.org\/de\/wp-json\/wp\/v2\/categories?post=103559"},{"taxonomy":"post_tag","embeddable":true,"href":"https:\/\/www.iemj.org\/de\/wp-json\/wp\/v2\/tags?post=103559"},{"taxonomy":"technique","embeddable":true,"href":"https:\/\/www.iemj.org\/de\/wp-json\/wp\/v2\/technique?post=103559"},{"taxonomy":"squelettes","embeddable":true,"href":"https:\/\/www.iemj.org\/de\/wp-json\/wp\/v2\/squelettes?post=103559"},{"taxonomy":"sujet","embeddable":true,"href":"https:\/\/www.iemj.org\/de\/wp-json\/wp\/v2\/sujet?post=103559"},{"taxonomy":"formation","embeddable":true,"href":"https:\/\/www.iemj.org\/de\/wp-json\/wp\/v2\/formation?post=103559"},{"taxonomy":"genre","embeddable":true,"href":"https:\/\/www.iemj.org\/de\/wp-json\/wp\/v2\/genre?post=103559"},{"taxonomy":"fonds","embeddable":true,"href":"https:\/\/www.iemj.org\/de\/wp-json\/wp\/v2\/fonds?post=103559"},{"taxonomy":"tradition","embeddable":true,"href":"https:\/\/www.iemj.org\/de\/wp-json\/wp\/v2\/tradition?post=103559"},{"taxonomy":"type-de-contenu","embeddable":true,"href":"https:\/\/www.iemj.org\/de\/wp-json\/wp\/v2\/type-de-contenu?post=103559"},{"taxonomy":"interprete-compositeur","embeddable":true,"href":"https:\/\/www.iemj.org\/de\/wp-json\/wp\/v2\/interprete-compositeur?post=103559"},{"taxonomy":"frise","embeddable":true,"href":"https:\/\/www.iemj.org\/de\/wp-json\/wp\/v2\/frise?post=103559"},{"taxonomy":"type-devenement","embeddable":true,"href":"https:\/\/www.iemj.org\/de\/wp-json\/wp\/v2\/type-devenement?post=103559"},{"taxonomy":"tableaux-liens-externes","embeddable":true,"href":"https:\/\/www.iemj.org\/de\/wp-json\/wp\/v2\/tableaux-liens-externes?post=103559"}],"curies":[{"name":"wp","href":"https:\/\/api.w.org\/{rel}","templated":true}]}}