{"id":104288,"date":"2023-10-09T14:48:58","date_gmt":"2023-10-09T12:48:58","guid":{"rendered":"https:\/\/www.iemj.org\/concerts-les-bubbey-mayse-le-petit-matin-du-grand-soir\/"},"modified":"2023-11-15T11:30:19","modified_gmt":"2023-11-15T10:30:19","slug":"concerts-les-bubbey-mayse-le-petit-matin-du-grand-soir","status":"publish","type":"post","link":"https:\/\/www.iemj.org\/de\/concerts-les-bubbey-mayse-le-petit-matin-du-grand-soir\/","title":{"rendered":"Konzerte &#8211; Les Bubbey Mayse &#8211; LE PETIT MATIN DU GRAND SOIR"},"content":{"rendered":"<p style=\"text-align: left; padding-left: 40px;\">\u2666\u2666\u2666\u2666\u2666\u2666\u2666\u2666\u2666\u2666\u2666\u2666<\/p>\n<h2 style=\"text-align: left;\"><strong>Ver\u00f6ffentlichung des Albums bei \u00c9ditions de l&#8217;IEMJ<\/strong><\/h2>\n<h4 id=\"2-eael-table-of-content\" class=\"eael-heading-content\"><strong>9. CD DER ENTDECKUNGEN SAMMLUNG<\/strong><\/h4>\n<p style=\"text-align: left; padding-left: 40px;\">\u2666\u2666\u2666\u2666\u2666\u2666\u2666\u2666\u2666\u2666\u2666\u2666<\/p>\n<h3><a href=\"https:\/\/jazznklezmer.fr\/au-programme-de-la-21e-edition-du-festival-jazznklezmer\/\" target=\"_blank\" rel=\"noopener\">Im Rahmen des Festivals Jazz&#8217;N&#8217;Klezmer &#8211; Ausgabe 2023<\/a><\/h3>\n<p style=\"padding-left: 40px;\">\u2666\u2666\u2666\u2666\u2666\u2666\u2666\u2666\u2666\u2666\u2666\u2666<\/p>\n<p>Die\u00a0Bubbey Mayse, das ist die Kraft von vier Frauen, die sich ausdr\u00fcckt.<\/p>\n<p>Es ist eine engagierte Musik, ein selbstbewusstes Schreiben, das von der Kraft des Kollektivs angef\u00fchrt wird.<\/p>\n<p>In ihren Instrumenten h\u00f6rt man die Schreie der Geschichten, die bewegen; man sp\u00fcrt den Schritt der Rage; man erahnt tiefe Wurzeln mit Lust auf die Ferne, man tr\u00e4umt davon, sich bis zum Morgengrauen in einen Tanz zu kuscheln\u2026<\/p>\n<p>Und in ihren vier Stimmen, die auf den Punkt abgestimmt sind, taucht man in ein ganzes, epidermales Universum ein. Das Universum von vier Frauen, die sich um die Liebe zur Klezmermusik und zur jiddischen Sprache versammeln und daraus den Schwung sch\u00f6pfen, eine strahlende Zukunft neu zu erfinden.<\/p>\n<p>Die Musikerinnen: Elsa Signorile: Klarinette, Gesang; Juliette Divry: Cello, Gesang; Margaux Li\u00e9nard: Violine, Gesang; Morgane Labbe: Akkordeon, Gesang<\/p>\n<ul>\n<li class=\"tribe-events-calendar-list__event-title tribe-common-h6 tribe-common-h4--min-medium\">\n<div class=\"tribe-events-calendar-list__event-datetime-wrapper tribe-common-b2\"><strong><time class=\"tribe-events-calendar-list__event-datetime\" datetime=\"2023-11-08\"><span class=\"tribe-event-date-start\">8. November um 19 Uhr &#8211; <a href=\"https:\/\/www.iemj.org\/produit\/les-bubbey-mayse-le-petit-matin-du-grand-soir\/\" target=\"_blank\" rel=\"noopener\"><img decoding=\"async\" class=\"alignright wp-image-103604\" src=\"https:\/\/www.iemj.org\/wp-content\/uploads\/2023\/09\/CDD9-6-300x269.jpg\" sizes=\"(max-width: 195px) 100vw, 195px\" srcset=\"https:\/\/www.iemj.org\/wp-content\/uploads\/2023\/09\/CDD9-6-300x269.jpg 300w, https:\/\/www.iemj.org\/wp-content\/uploads\/2023\/09\/CDD9-6.jpg 350w\" alt=\"\" width=\"195\" height=\"175\" \/><\/a><\/span> <\/time><a class=\"tribe-events-calendar-list__event-title-link tribe-common-anchor-thin\" title=\"LES BUBBEY MAYSE \u00c0 GRENOBLE\" href=\"https:\/\/www.iemj.org\/de\/les-bubbey-mayse-a-grenoble-2\/\" target=\"_blank\" rel=\"bookmark noopener\">LES BUBBEY MAYSE im GRENOBLE<\/a><\/strong><\/div>\n<address class=\"tribe-events-calendar-list__event-venue tribe-common-b2\"><strong><span class=\"tribe-events-calendar-list__event-venue-title tribe-common-b2--bold\">Espace des Cultures juives <\/span><\/strong><span class=\"tribe-events-calendar-list__event-venue-title tribe-common-b2--bold\">\u2013 <\/span><span class=\"tribe-events-calendar-list__event-venue-address\">4 bis rue des bains, <\/span><strong><span class=\"tribe-events-calendar-list__event-venue-address\">38000 Grenoble\u00a0<\/span><\/strong><\/address><\/li>\n<li>\n<div class=\"tribe-events-calendar-list__event-datetime-wrapper tribe-common-b2\"><strong><time class=\"tribe-events-calendar-list__event-datetime\" datetime=\"2023-11-09\"><span class=\"tribe-event-time\">9. November um 20:30 Uhr &#8211; <\/span><\/time><a class=\"tribe-events-calendar-list__event-title-link tribe-common-anchor-thin\" title=\"LES BUBBEY MAYSE \u00c0 PARIS\" href=\"https:\/\/www.iemj.org\/evenement\/les-bubbey-mayse-a-paris\/\" target=\"_blank\" rel=\"bookmark noopener\">LES BUBBEY MAYSE im PARIS<\/a><\/strong><\/div>\n<address class=\"tribe-events-calendar-list__event-venue tribe-common-b2\"><strong><span class=\"tribe-events-calendar-list__event-venue-title tribe-common-b2--bold\">Espace Rachi\u202f Guy de Rothschild<\/span><\/strong><span class=\"tribe-events-calendar-list__event-venue-title tribe-common-b2--bold\"> \u2013\u00a0<\/span><span class=\"tribe-events-calendar-list__event-venue-address\">39, rue Broca,<\/span><strong><span class=\"tribe-events-calendar-list__event-venue-address\"> 75005 Paris<\/span><\/strong><\/address><\/li>\n<\/ul>\n<h3><a href=\"https:\/\/jazznklezmer.fr\/billetterie\/\" target=\"_blank\" rel=\"noopener\">Online-Buchung<\/a><\/h3>\n<h2><a href=\"https:\/\/www.iemj.org\/de\/produit\/les-bubbey-mayse-le-petit-matin-du-grand-soir\/\" target=\"_blank\" rel=\"noopener\">CD im IEMJ-Shop erh\u00e4ltlich<\/a><\/h2>\n<p style=\"text-align: center;\">\u2666\u2666\u2666\u2666\u2666\u2666\u2666\u2666\u2666\u2666\u2666\u2666<\/p>\n\n\n<figure class=\"wp-block-embed is-type-video is-provider-youtube wp-block-embed-youtube wp-embed-aspect-16-9 wp-has-aspect-ratio\"><div class=\"wp-block-embed__wrapper\">\n<iframe title=\"Les Bubbey Mayse \/\/ A Heimisher Sher\" width=\"640\" height=\"360\" src=\"https:\/\/www.youtube.com\/embed\/Fd27RPr-JXE?feature=oembed\" frameborder=\"0\" allow=\"accelerometer; autoplay; clipboard-write; encrypted-media; gyroscope; picture-in-picture; web-share\" referrerpolicy=\"strict-origin-when-cross-origin\" allowfullscreen><\/iframe>\n<\/div><\/figure>\n","protected":false},"excerpt":{"rendered":"<p>\u2666\u2666\u2666\u2666\u2666\u2666\u2666\u2666\u2666\u2666\u2666\u2666 Ver\u00f6ffentlichung des Albums bei \u00c9ditions de l&#8217;IEMJ 9. CD DER ENTDECKUNGEN SAMMLUNG \u2666\u2666\u2666\u2666\u2666\u2666\u2666\u2666\u2666\u2666\u2666\u2666 Im Rahmen des Festivals Jazz&#8217;N&#8217;Klezmer &#8211; Ausgabe 2023 \u2666\u2666\u2666\u2666\u2666\u2666\u2666\u2666\u2666\u2666\u2666\u2666 Die\u00a0Bubbey Mayse, das ist die Kraft von<\/p>\n","protected":false},"author":5,"featured_media":104116,"comment_status":"closed","ping_status":"closed","sticky":false,"template":"","format":"standard","meta":{"_acf_changed":false,"footnotes":""},"categories":[1341,1370],"tags":[],"technique":[],"squelettes":[],"sujet":[],"formation":[],"genre":[],"fonds":[],"tradition":[],"type-de-contenu":[],"interprete-compositeur":[],"frise":[],"type-devenement":[],"tableaux-liens-externes":[],"class_list":["post-104288","post","type-post","status-publish","format-standard","has-post-thumbnail","hentry","category-neuigkeiten-de","category-veranstaltungen-de"],"acf":[],"yoast_head":"<!-- This site is optimized with the Yoast SEO plugin v27.3 - https:\/\/yoast.com\/product\/yoast-seo-wordpress\/ -->\n<title>Konzerte - Les Bubbey Mayse - LE PETIT MATIN DU GRAND SOIR - Institut Europ\u00e9en des Musiques Juives<\/title>\n<meta name=\"robots\" content=\"index, follow, max-snippet:-1, max-image-preview:large, max-video-preview:-1\" \/>\n<link rel=\"canonical\" href=\"https:\/\/www.iemj.org\/de\/concerts-les-bubbey-mayse-le-petit-matin-du-grand-soir\/\" \/>\n<meta property=\"og:locale\" content=\"de_DE\" \/>\n<meta property=\"og:type\" content=\"article\" \/>\n<meta property=\"og:title\" content=\"Konzerte - Les Bubbey Mayse - LE PETIT MATIN DU GRAND SOIR - Institut Europ\u00e9en des Musiques Juives\" \/>\n<meta property=\"og:description\" content=\"\u2666\u2666\u2666\u2666\u2666\u2666\u2666\u2666\u2666\u2666\u2666\u2666 Ver\u00f6ffentlichung des Albums bei \u00c9ditions de l&#8217;IEMJ 9. CD DER ENTDECKUNGEN SAMMLUNG \u2666\u2666\u2666\u2666\u2666\u2666\u2666\u2666\u2666\u2666\u2666\u2666 Im Rahmen des Festivals Jazz&#8217;N&#8217;Klezmer &#8211; Ausgabe 2023 \u2666\u2666\u2666\u2666\u2666\u2666\u2666\u2666\u2666\u2666\u2666\u2666 Die\u00a0Bubbey Mayse, das ist die Kraft von\" \/>\n<meta property=\"og:url\" content=\"https:\/\/www.iemj.org\/de\/concerts-les-bubbey-mayse-le-petit-matin-du-grand-soir\/\" \/>\n<meta property=\"og:site_name\" content=\"Institut Europ\u00e9en des Musiques Juives\" \/>\n<meta property=\"article:publisher\" content=\"https:\/\/www.facebook.com\/MusiquesJuives\/\" \/>\n<meta property=\"article:published_time\" content=\"2023-10-09T12:48:58+00:00\" \/>\n<meta property=\"article:modified_time\" content=\"2023-11-15T10:30:19+00:00\" \/>\n<meta property=\"og:image\" content=\"https:\/\/www.iemj.org\/wp-content\/uploads\/2023\/10\/LES-BUBBEY-MAYSE.jpg\" \/>\n\t<meta property=\"og:image:width\" content=\"414\" \/>\n\t<meta property=\"og:image:height\" content=\"272\" \/>\n\t<meta property=\"og:image:type\" content=\"image\/jpeg\" \/>\n<meta name=\"author\" content=\"Jacqueline ROTEN\" \/>\n<meta name=\"twitter:card\" content=\"summary_large_image\" \/>\n<meta name=\"twitter:label1\" content=\"Verfasst von\" \/>\n\t<meta name=\"twitter:data1\" content=\"Jacqueline ROTEN\" \/>\n\t<meta name=\"twitter:label2\" content=\"Gesch\u00e4tzte Lesezeit\" \/>\n\t<meta name=\"twitter:data2\" content=\"2\u00a0Minuten\" \/>\n<script type=\"application\/ld+json\" class=\"yoast-schema-graph\">{\"@context\":\"https:\\\/\\\/schema.org\",\"@graph\":[{\"@type\":\"Article\",\"@id\":\"https:\\\/\\\/www.iemj.org\\\/de\\\/concerts-les-bubbey-mayse-le-petit-matin-du-grand-soir\\\/#article\",\"isPartOf\":{\"@id\":\"https:\\\/\\\/www.iemj.org\\\/de\\\/concerts-les-bubbey-mayse-le-petit-matin-du-grand-soir\\\/\"},\"author\":{\"name\":\"Jacqueline ROTEN\",\"@id\":\"https:\\\/\\\/www.iemj.org\\\/de\\\/#\\\/schema\\\/person\\\/358e26c18aca017fcc4cc15437f7279c\"},\"headline\":\"Konzerte &#8211; Les Bubbey Mayse &#8211; LE PETIT MATIN DU GRAND SOIR\",\"datePublished\":\"2023-10-09T12:48:58+00:00\",\"dateModified\":\"2023-11-15T10:30:19+00:00\",\"mainEntityOfPage\":{\"@id\":\"https:\\\/\\\/www.iemj.org\\\/de\\\/concerts-les-bubbey-mayse-le-petit-matin-du-grand-soir\\\/\"},\"wordCount\":219,\"publisher\":{\"@id\":\"https:\\\/\\\/www.iemj.org\\\/de\\\/#organization\"},\"image\":{\"@id\":\"https:\\\/\\\/www.iemj.org\\\/de\\\/concerts-les-bubbey-mayse-le-petit-matin-du-grand-soir\\\/#primaryimage\"},\"thumbnailUrl\":\"https:\\\/\\\/www.iemj.org\\\/wp-content\\\/uploads\\\/2023\\\/10\\\/LES-BUBBEY-MAYSE.jpg\",\"articleSection\":[\"Neuigkeiten\",\"Veranstaltungen\"],\"inLanguage\":\"de\"},{\"@type\":\"WebPage\",\"@id\":\"https:\\\/\\\/www.iemj.org\\\/de\\\/concerts-les-bubbey-mayse-le-petit-matin-du-grand-soir\\\/\",\"url\":\"https:\\\/\\\/www.iemj.org\\\/de\\\/concerts-les-bubbey-mayse-le-petit-matin-du-grand-soir\\\/\",\"name\":\"Konzerte - Les Bubbey Mayse - LE PETIT MATIN DU GRAND SOIR - Institut Europ\u00e9en des Musiques Juives\",\"isPartOf\":{\"@id\":\"https:\\\/\\\/www.iemj.org\\\/de\\\/#website\"},\"primaryImageOfPage\":{\"@id\":\"https:\\\/\\\/www.iemj.org\\\/de\\\/concerts-les-bubbey-mayse-le-petit-matin-du-grand-soir\\\/#primaryimage\"},\"image\":{\"@id\":\"https:\\\/\\\/www.iemj.org\\\/de\\\/concerts-les-bubbey-mayse-le-petit-matin-du-grand-soir\\\/#primaryimage\"},\"thumbnailUrl\":\"https:\\\/\\\/www.iemj.org\\\/wp-content\\\/uploads\\\/2023\\\/10\\\/LES-BUBBEY-MAYSE.jpg\",\"datePublished\":\"2023-10-09T12:48:58+00:00\",\"dateModified\":\"2023-11-15T10:30:19+00:00\",\"breadcrumb\":{\"@id\":\"https:\\\/\\\/www.iemj.org\\\/de\\\/concerts-les-bubbey-mayse-le-petit-matin-du-grand-soir\\\/#breadcrumb\"},\"inLanguage\":\"de\",\"potentialAction\":[{\"@type\":\"ReadAction\",\"target\":[\"https:\\\/\\\/www.iemj.org\\\/de\\\/concerts-les-bubbey-mayse-le-petit-matin-du-grand-soir\\\/\"]}]},{\"@type\":\"ImageObject\",\"inLanguage\":\"de\",\"@id\":\"https:\\\/\\\/www.iemj.org\\\/de\\\/concerts-les-bubbey-mayse-le-petit-matin-du-grand-soir\\\/#primaryimage\",\"url\":\"https:\\\/\\\/www.iemj.org\\\/wp-content\\\/uploads\\\/2023\\\/10\\\/LES-BUBBEY-MAYSE.jpg\",\"contentUrl\":\"https:\\\/\\\/www.iemj.org\\\/wp-content\\\/uploads\\\/2023\\\/10\\\/LES-BUBBEY-MAYSE.jpg\",\"width\":414,\"height\":272},{\"@type\":\"BreadcrumbList\",\"@id\":\"https:\\\/\\\/www.iemj.org\\\/de\\\/concerts-les-bubbey-mayse-le-petit-matin-du-grand-soir\\\/#breadcrumb\",\"itemListElement\":[{\"@type\":\"ListItem\",\"position\":1,\"name\":\"Accueil\",\"item\":\"https:\\\/\\\/www.iemj.org\\\/de\\\/\"},{\"@type\":\"ListItem\",\"position\":2,\"name\":\"Konzerte &#8211; Les Bubbey Mayse &#8211; LE PETIT MATIN DU GRAND SOIR\"}]},{\"@type\":\"WebSite\",\"@id\":\"https:\\\/\\\/www.iemj.org\\\/de\\\/#website\",\"url\":\"https:\\\/\\\/www.iemj.org\\\/de\\\/\",\"name\":\"Institut Europ\u00e9en des Musiques Juives\",\"description\":\"Des traditions musicales \u00e0 la port\u00e9e de tous\",\"publisher\":{\"@id\":\"https:\\\/\\\/www.iemj.org\\\/de\\\/#organization\"},\"potentialAction\":[{\"@type\":\"SearchAction\",\"target\":{\"@type\":\"EntryPoint\",\"urlTemplate\":\"https:\\\/\\\/www.iemj.org\\\/de\\\/?s={search_term_string}\"},\"query-input\":{\"@type\":\"PropertyValueSpecification\",\"valueRequired\":true,\"valueName\":\"search_term_string\"}}],\"inLanguage\":\"de\"},{\"@type\":\"Organization\",\"@id\":\"https:\\\/\\\/www.iemj.org\\\/de\\\/#organization\",\"name\":\"Institut Europ\u00e9en des Musiques Juives\",\"url\":\"https:\\\/\\\/www.iemj.org\\\/de\\\/\",\"logo\":{\"@type\":\"ImageObject\",\"inLanguage\":\"de\",\"@id\":\"https:\\\/\\\/www.iemj.org\\\/de\\\/#\\\/schema\\\/logo\\\/image\\\/\",\"url\":\"https:\\\/\\\/www.iemj.org\\\/wp-content\\\/uploads\\\/2021\\\/09\\\/Logo-IEMJ-Paypal.jpg\",\"contentUrl\":\"https:\\\/\\\/www.iemj.org\\\/wp-content\\\/uploads\\\/2021\\\/09\\\/Logo-IEMJ-Paypal.jpg\",\"width\":150,\"height\":50,\"caption\":\"Institut Europ\u00e9en des Musiques Juives\"},\"image\":{\"@id\":\"https:\\\/\\\/www.iemj.org\\\/de\\\/#\\\/schema\\\/logo\\\/image\\\/\"},\"sameAs\":[\"https:\\\/\\\/www.facebook.com\\\/MusiquesJuives\\\/\",\"https:\\\/\\\/www.instagram.com\\\/musiquesjuives\\\/\",\"https:\\\/\\\/www.youtube.com\\\/user\\\/musiquesjuives\"]},{\"@type\":\"Person\",\"@id\":\"https:\\\/\\\/www.iemj.org\\\/de\\\/#\\\/schema\\\/person\\\/358e26c18aca017fcc4cc15437f7279c\",\"name\":\"Jacqueline ROTEN\",\"image\":{\"@type\":\"ImageObject\",\"inLanguage\":\"de\",\"@id\":\"https:\\\/\\\/secure.gravatar.com\\\/avatar\\\/5964256d6c6957de3a3505278957e0fb2a35119ac47ea41827a65301213c810b?s=96&d=mm&r=g\",\"url\":\"https:\\\/\\\/secure.gravatar.com\\\/avatar\\\/5964256d6c6957de3a3505278957e0fb2a35119ac47ea41827a65301213c810b?s=96&d=mm&r=g\",\"contentUrl\":\"https:\\\/\\\/secure.gravatar.com\\\/avatar\\\/5964256d6c6957de3a3505278957e0fb2a35119ac47ea41827a65301213c810b?s=96&d=mm&r=g\",\"caption\":\"Jacqueline ROTEN\"}}]}<\/script>\n<!-- \/ Yoast SEO plugin. -->","yoast_head_json":{"title":"Konzerte - Les Bubbey Mayse - LE PETIT MATIN DU GRAND SOIR - Institut Europ\u00e9en des Musiques Juives","robots":{"index":"index","follow":"follow","max-snippet":"max-snippet:-1","max-image-preview":"max-image-preview:large","max-video-preview":"max-video-preview:-1"},"canonical":"https:\/\/www.iemj.org\/de\/concerts-les-bubbey-mayse-le-petit-matin-du-grand-soir\/","og_locale":"de_DE","og_type":"article","og_title":"Konzerte - Les Bubbey Mayse - LE PETIT MATIN DU GRAND SOIR - Institut Europ\u00e9en des Musiques Juives","og_description":"\u2666\u2666\u2666\u2666\u2666\u2666\u2666\u2666\u2666\u2666\u2666\u2666 Ver\u00f6ffentlichung des Albums bei \u00c9ditions de l&#8217;IEMJ 9. CD DER ENTDECKUNGEN SAMMLUNG \u2666\u2666\u2666\u2666\u2666\u2666\u2666\u2666\u2666\u2666\u2666\u2666 Im Rahmen des Festivals Jazz&#8217;N&#8217;Klezmer &#8211; Ausgabe 2023 \u2666\u2666\u2666\u2666\u2666\u2666\u2666\u2666\u2666\u2666\u2666\u2666 Die\u00a0Bubbey Mayse, das ist die Kraft von","og_url":"https:\/\/www.iemj.org\/de\/concerts-les-bubbey-mayse-le-petit-matin-du-grand-soir\/","og_site_name":"Institut Europ\u00e9en des Musiques Juives","article_publisher":"https:\/\/www.facebook.com\/MusiquesJuives\/","article_published_time":"2023-10-09T12:48:58+00:00","article_modified_time":"2023-11-15T10:30:19+00:00","og_image":[{"width":414,"height":272,"url":"https:\/\/www.iemj.org\/wp-content\/uploads\/2023\/10\/LES-BUBBEY-MAYSE.jpg","type":"image\/jpeg"}],"author":"Jacqueline ROTEN","twitter_card":"summary_large_image","twitter_misc":{"Verfasst von":"Jacqueline ROTEN","Gesch\u00e4tzte Lesezeit":"2\u00a0Minuten"},"schema":{"@context":"https:\/\/schema.org","@graph":[{"@type":"Article","@id":"https:\/\/www.iemj.org\/de\/concerts-les-bubbey-mayse-le-petit-matin-du-grand-soir\/#article","isPartOf":{"@id":"https:\/\/www.iemj.org\/de\/concerts-les-bubbey-mayse-le-petit-matin-du-grand-soir\/"},"author":{"name":"Jacqueline ROTEN","@id":"https:\/\/www.iemj.org\/de\/#\/schema\/person\/358e26c18aca017fcc4cc15437f7279c"},"headline":"Konzerte &#8211; Les Bubbey Mayse &#8211; LE PETIT MATIN DU GRAND SOIR","datePublished":"2023-10-09T12:48:58+00:00","dateModified":"2023-11-15T10:30:19+00:00","mainEntityOfPage":{"@id":"https:\/\/www.iemj.org\/de\/concerts-les-bubbey-mayse-le-petit-matin-du-grand-soir\/"},"wordCount":219,"publisher":{"@id":"https:\/\/www.iemj.org\/de\/#organization"},"image":{"@id":"https:\/\/www.iemj.org\/de\/concerts-les-bubbey-mayse-le-petit-matin-du-grand-soir\/#primaryimage"},"thumbnailUrl":"https:\/\/www.iemj.org\/wp-content\/uploads\/2023\/10\/LES-BUBBEY-MAYSE.jpg","articleSection":["Neuigkeiten","Veranstaltungen"],"inLanguage":"de"},{"@type":"WebPage","@id":"https:\/\/www.iemj.org\/de\/concerts-les-bubbey-mayse-le-petit-matin-du-grand-soir\/","url":"https:\/\/www.iemj.org\/de\/concerts-les-bubbey-mayse-le-petit-matin-du-grand-soir\/","name":"Konzerte - Les Bubbey Mayse - LE PETIT MATIN DU GRAND SOIR - Institut Europ\u00e9en des Musiques Juives","isPartOf":{"@id":"https:\/\/www.iemj.org\/de\/#website"},"primaryImageOfPage":{"@id":"https:\/\/www.iemj.org\/de\/concerts-les-bubbey-mayse-le-petit-matin-du-grand-soir\/#primaryimage"},"image":{"@id":"https:\/\/www.iemj.org\/de\/concerts-les-bubbey-mayse-le-petit-matin-du-grand-soir\/#primaryimage"},"thumbnailUrl":"https:\/\/www.iemj.org\/wp-content\/uploads\/2023\/10\/LES-BUBBEY-MAYSE.jpg","datePublished":"2023-10-09T12:48:58+00:00","dateModified":"2023-11-15T10:30:19+00:00","breadcrumb":{"@id":"https:\/\/www.iemj.org\/de\/concerts-les-bubbey-mayse-le-petit-matin-du-grand-soir\/#breadcrumb"},"inLanguage":"de","potentialAction":[{"@type":"ReadAction","target":["https:\/\/www.iemj.org\/de\/concerts-les-bubbey-mayse-le-petit-matin-du-grand-soir\/"]}]},{"@type":"ImageObject","inLanguage":"de","@id":"https:\/\/www.iemj.org\/de\/concerts-les-bubbey-mayse-le-petit-matin-du-grand-soir\/#primaryimage","url":"https:\/\/www.iemj.org\/wp-content\/uploads\/2023\/10\/LES-BUBBEY-MAYSE.jpg","contentUrl":"https:\/\/www.iemj.org\/wp-content\/uploads\/2023\/10\/LES-BUBBEY-MAYSE.jpg","width":414,"height":272},{"@type":"BreadcrumbList","@id":"https:\/\/www.iemj.org\/de\/concerts-les-bubbey-mayse-le-petit-matin-du-grand-soir\/#breadcrumb","itemListElement":[{"@type":"ListItem","position":1,"name":"Accueil","item":"https:\/\/www.iemj.org\/de\/"},{"@type":"ListItem","position":2,"name":"Konzerte &#8211; Les Bubbey Mayse &#8211; LE PETIT MATIN DU GRAND SOIR"}]},{"@type":"WebSite","@id":"https:\/\/www.iemj.org\/de\/#website","url":"https:\/\/www.iemj.org\/de\/","name":"Institut Europ\u00e9en des Musiques Juives","description":"Des traditions musicales \u00e0 la port\u00e9e de tous","publisher":{"@id":"https:\/\/www.iemj.org\/de\/#organization"},"potentialAction":[{"@type":"SearchAction","target":{"@type":"EntryPoint","urlTemplate":"https:\/\/www.iemj.org\/de\/?s={search_term_string}"},"query-input":{"@type":"PropertyValueSpecification","valueRequired":true,"valueName":"search_term_string"}}],"inLanguage":"de"},{"@type":"Organization","@id":"https:\/\/www.iemj.org\/de\/#organization","name":"Institut Europ\u00e9en des Musiques Juives","url":"https:\/\/www.iemj.org\/de\/","logo":{"@type":"ImageObject","inLanguage":"de","@id":"https:\/\/www.iemj.org\/de\/#\/schema\/logo\/image\/","url":"https:\/\/www.iemj.org\/wp-content\/uploads\/2021\/09\/Logo-IEMJ-Paypal.jpg","contentUrl":"https:\/\/www.iemj.org\/wp-content\/uploads\/2021\/09\/Logo-IEMJ-Paypal.jpg","width":150,"height":50,"caption":"Institut Europ\u00e9en des Musiques Juives"},"image":{"@id":"https:\/\/www.iemj.org\/de\/#\/schema\/logo\/image\/"},"sameAs":["https:\/\/www.facebook.com\/MusiquesJuives\/","https:\/\/www.instagram.com\/musiquesjuives\/","https:\/\/www.youtube.com\/user\/musiquesjuives"]},{"@type":"Person","@id":"https:\/\/www.iemj.org\/de\/#\/schema\/person\/358e26c18aca017fcc4cc15437f7279c","name":"Jacqueline ROTEN","image":{"@type":"ImageObject","inLanguage":"de","@id":"https:\/\/secure.gravatar.com\/avatar\/5964256d6c6957de3a3505278957e0fb2a35119ac47ea41827a65301213c810b?s=96&d=mm&r=g","url":"https:\/\/secure.gravatar.com\/avatar\/5964256d6c6957de3a3505278957e0fb2a35119ac47ea41827a65301213c810b?s=96&d=mm&r=g","contentUrl":"https:\/\/secure.gravatar.com\/avatar\/5964256d6c6957de3a3505278957e0fb2a35119ac47ea41827a65301213c810b?s=96&d=mm&r=g","caption":"Jacqueline ROTEN"}}]}},"_links":{"self":[{"href":"https:\/\/www.iemj.org\/de\/wp-json\/wp\/v2\/posts\/104288","targetHints":{"allow":["GET"]}}],"collection":[{"href":"https:\/\/www.iemj.org\/de\/wp-json\/wp\/v2\/posts"}],"about":[{"href":"https:\/\/www.iemj.org\/de\/wp-json\/wp\/v2\/types\/post"}],"author":[{"embeddable":true,"href":"https:\/\/www.iemj.org\/de\/wp-json\/wp\/v2\/users\/5"}],"replies":[{"embeddable":true,"href":"https:\/\/www.iemj.org\/de\/wp-json\/wp\/v2\/comments?post=104288"}],"version-history":[{"count":0,"href":"https:\/\/www.iemj.org\/de\/wp-json\/wp\/v2\/posts\/104288\/revisions"}],"wp:featuredmedia":[{"embeddable":true,"href":"https:\/\/www.iemj.org\/de\/wp-json\/wp\/v2\/media\/104116"}],"wp:attachment":[{"href":"https:\/\/www.iemj.org\/de\/wp-json\/wp\/v2\/media?parent=104288"}],"wp:term":[{"taxonomy":"category","embeddable":true,"href":"https:\/\/www.iemj.org\/de\/wp-json\/wp\/v2\/categories?post=104288"},{"taxonomy":"post_tag","embeddable":true,"href":"https:\/\/www.iemj.org\/de\/wp-json\/wp\/v2\/tags?post=104288"},{"taxonomy":"technique","embeddable":true,"href":"https:\/\/www.iemj.org\/de\/wp-json\/wp\/v2\/technique?post=104288"},{"taxonomy":"squelettes","embeddable":true,"href":"https:\/\/www.iemj.org\/de\/wp-json\/wp\/v2\/squelettes?post=104288"},{"taxonomy":"sujet","embeddable":true,"href":"https:\/\/www.iemj.org\/de\/wp-json\/wp\/v2\/sujet?post=104288"},{"taxonomy":"formation","embeddable":true,"href":"https:\/\/www.iemj.org\/de\/wp-json\/wp\/v2\/formation?post=104288"},{"taxonomy":"genre","embeddable":true,"href":"https:\/\/www.iemj.org\/de\/wp-json\/wp\/v2\/genre?post=104288"},{"taxonomy":"fonds","embeddable":true,"href":"https:\/\/www.iemj.org\/de\/wp-json\/wp\/v2\/fonds?post=104288"},{"taxonomy":"tradition","embeddable":true,"href":"https:\/\/www.iemj.org\/de\/wp-json\/wp\/v2\/tradition?post=104288"},{"taxonomy":"type-de-contenu","embeddable":true,"href":"https:\/\/www.iemj.org\/de\/wp-json\/wp\/v2\/type-de-contenu?post=104288"},{"taxonomy":"interprete-compositeur","embeddable":true,"href":"https:\/\/www.iemj.org\/de\/wp-json\/wp\/v2\/interprete-compositeur?post=104288"},{"taxonomy":"frise","embeddable":true,"href":"https:\/\/www.iemj.org\/de\/wp-json\/wp\/v2\/frise?post=104288"},{"taxonomy":"type-devenement","embeddable":true,"href":"https:\/\/www.iemj.org\/de\/wp-json\/wp\/v2\/type-devenement?post=104288"},{"taxonomy":"tableaux-liens-externes","embeddable":true,"href":"https:\/\/www.iemj.org\/de\/wp-json\/wp\/v2\/tableaux-liens-externes?post=104288"}],"curies":[{"name":"wp","href":"https:\/\/api.w.org\/{rel}","templated":true}]}}