{"id":104481,"date":"2023-10-13T16:18:06","date_gmt":"2023-10-13T14:18:06","guid":{"rendered":"https:\/\/www.iemj.org\/la-musique-des-juifs-en-italie-une-breve-introduction\/"},"modified":"2026-04-28T17:13:56","modified_gmt":"2026-04-28T15:13:56","slug":"la-musique-des-juifs-en-italie-une-breve-introduction","status":"publish","type":"post","link":"https:\/\/www.iemj.org\/de\/la-musique-des-juifs-en-italie-une-breve-introduction\/","title":{"rendered":"Die Musik der Juden in Italien: Eine Kurzeinf\u00fchrung"},"content":{"rendered":"<p>Die Geschichte der j\u00fcdischen Musik in Italien ist alt, komplex und voller Gegens\u00e4tze. Vom historischen Standpunkt aus betrachtet, reichen die Urspr\u00fcnge des italienischen Judentums \u00fcber 2000 Jahre zur\u00fcck. In den letzten Jahrhunderten der Neuzeit wurde diese Geschichte jedoch durch die Ansiedlung aschkenasischer und sephardischer Gemeinschaften auf italienischem Gebiet noch komplexer, was zu zahlreichen Wechselwirkungen zwischen italienischen, aschkenasischen und sephardischen Traditionen und der italienischen Musikkultur f\u00fchrte, die wiederum durch zahlreiche kulturelle, regionale und sprachliche Unterschiede zwischen den einzelnen Regionen gekennzeichnet ist. Die Widerspr\u00fcche betreffen die zahlreichen sichtbaren und unsichtbaren &#8222;Identit\u00e4ten&#8220; der Juden in Italien: das Geheimnis der Ghettos, Orte der Exklusion, aber auch der erstaunlichen musikalischen Kreationen, die emblematisch in den Werken von Salamone Rossi (ca. 1570-1630, t\u00e4tig in Mantua am Hof der Gonzaga) dargestellt werden; die verborgenen Konflikte und Konvergenzen zwischen Judentum und Christentum und der Unterschied zwischen der Liturgie der Kirche und der der Synagoge, der sowohl zart als auch unzug\u00e4nglich ist; die Integration und kulturelle Symbiose zwischen Juden und Italien, ein gemeinsames Gef\u00fchl, das in Giuseppe Verdis Oper <em>Nabucco<\/em> (1842), einer biblischen Parabel \u00fcber Exil, Emanzipation und nationale Einigung, wundersch\u00f6n zum Ausdruck kommt; und schlie\u00dflich die Tragik des faschistischen Zwischenspiels, das im Holocaust und in der Zerst\u00f6rung des italienischen Synagogenlebens endete. Der Hauptwiderspruch, der die j\u00fcdische Musik in Italien kennzeichnet, besteht jedoch darin, dass sie trotz ihres unbestreitbaren Reichtums f\u00fcr Judaismusforscher noch immer ein relativ obskures Ph\u00e4nomen darstellt. Musikwissenschaftler und Kulturhistoriker wissen oft nur sehr wenig \u00fcber die musikalischen Traditionen der italienischen Juden und haben Schwierigkeiten, eine Kulturlandschaft zu begreifen, in der Judentum und &#8222;Italianit\u00e0&#8220; harmonisch miteinander verschmelzen.<\/p>\n<p><img fetchpriority=\"high\" decoding=\"async\" class=\"wp-image-104417 aligncenter\" src=\"https:\/\/www.iemj.org\/wp-content\/uploads\/2023\/10\/73-juifs-empire-romain-300-e1655413791818_Redim-400-px-300x194.jpg\" alt=\"\" width=\"642\" height=\"415\" srcset=\"https:\/\/www.iemj.org\/wp-content\/uploads\/2023\/10\/73-juifs-empire-romain-300-e1655413791818_Redim-400-px-300x194.jpg 300w, https:\/\/www.iemj.org\/wp-content\/uploads\/2023\/10\/73-juifs-empire-romain-300-e1655413791818_Redim-400-px-600x389.jpg 600w, https:\/\/www.iemj.org\/wp-content\/uploads\/2023\/10\/73-juifs-empire-romain-300-e1655413791818_Redim-400-px.jpg 617w\" sizes=\"(max-width: 642px) 100vw, 642px\" \/><\/p>\n<hr \/>\n<p><img decoding=\"async\" class=\"wp-image-104422 alignleft\" src=\"https:\/\/www.iemj.org\/wp-content\/uploads\/2023\/10\/Notations-manuscrites-du-XIIe-siecle-par-Obadiah-le-proselyte-normand-Cambridge-TS.-K-5-41-214x300.jpg\" alt=\"\" width=\"257\" height=\"360\" srcset=\"https:\/\/www.iemj.org\/wp-content\/uploads\/2023\/10\/Notations-manuscrites-du-XIIe-siecle-par-Obadiah-le-proselyte-normand-Cambridge-TS.-K-5-41-214x300.jpg 214w, https:\/\/www.iemj.org\/wp-content\/uploads\/2023\/10\/Notations-manuscrites-du-XIIe-siecle-par-Obadiah-le-proselyte-normand-Cambridge-TS.-K-5-41-600x843.jpg 600w, https:\/\/www.iemj.org\/wp-content\/uploads\/2023\/10\/Notations-manuscrites-du-XIIe-siecle-par-Obadiah-le-proselyte-normand-Cambridge-TS.-K-5-41.jpg 729w\" sizes=\"(max-width: 257px) 100vw, 257px\" \/><\/p>\n<p>Musikalische Quellen, die die Entwicklung der j\u00fcdischen liturgischen Musik in Italien vor dem 19. Jahrhundert belegen, sind selten, wertvoll und \u00e4u\u00dferst fragmentarisch. Tats\u00e4chlich ist die \u00e4lteste bekannte j\u00fcdische Musikquelle &#8211; handschriftliche Notationen aus dem 12. Jahrhundert von Johannes oder Obadiah &#8222;dem normannischen Proselyten&#8220;, der aus Oppido Lucano stammte (Fragment Cambridge TS. K 5\/41 und Fragment Cincinnati ENA 4096b) &#8211; stammt aus Italien, ebenso wie zahlreiche musikalische Transkriptionen (die sich oft auf die m\u00fcndlichen Traditionen des Tora-Gesangs konzentrieren), die von christlichen Humanisten ab dem 16. Jahrhundert angefertigt wurden, wie die von Giulio Bartolocci (1613-1687) in <em>Bibliotheca magna Rabbinica<\/em> (Band 4, 1693) ver\u00f6ffentlichten.<\/p>\n<p>Auf diese fragmentarischen Notationen folgten im 17. und 18. Jahrhundert synagogale Werke, die von j\u00fcdischen (Salamone Rossi, <em>Hashirim asher li-shelomoh<\/em>, Venedig 1622-23) und nichtj\u00fcdischen Komponisten (Carlo Grossi, <em>Cantata hebraica in dialogo<\/em>, Modena oder Venedig, vor 1682; und dem christlichen Joseph Lidarti, <em>Oratorio Ester<\/em>, 1774) oder von j\u00fcdischen und nichtj\u00fcdischen Musikern, die eng zusammenarbeiteten, geschrieben wurden. Zu letzteren z\u00e4hlen die Transkriptionen von 11 synagogalen Ges\u00e4ngen aus der m\u00fcndlichen Tradition Venedigs, die Benedetto Marcello (1686-1739) in seiner <span style=\"background-color: var(--bs-body-bg); color: var(--bs-body-color); font-family: var(--bs-body-font-family); font-size: revert; font-weight: var(--bs-body-font-weight); text-align: var(--bs-body-text-align);\"><img decoding=\"async\" class=\" wp-image-104427 alignright\" src=\"https:\/\/www.iemj.org\/wp-content\/uploads\/2023\/10\/Partition-Benedetto-Estro-poetico-armonico-Parafrasi-sopra-li-salmi.jpeg\" alt=\"\" width=\"205\" height=\"296\" \/><\/span>Sammlung <em>Estro poetico-armonico :<\/em> <em>Parafrasi sopra li salmi<\/em> (Venedig, 1724-1727); drei anonyme hebr\u00e4ische Oratorien f\u00fcr das Fest Hoshana Rabbah in Casale Monferrato (1732, 1733, 1735) und die Musik f\u00fcr die Einweihung der Synagoge in Siena im Jahr 1786, die von einem christlichen Berufsmusiker, Francesco Drei, und einem j\u00fcdischen Amateur, Volunio (Zevulun) Gallichi, geschaffen wurde. Viele, wenn nicht sogar alle dieser Kompositionen stehen im Zusammenhang mit kabbalistischen Ritualen, die im 18. Jahrhundert, dem Jahrhundert der Aufkl\u00e4rung, oft das Interesse und die Kuriosit\u00e4t von nichtj\u00fcdischen Synagogenbesuchern weckten.<\/p>\n<p>Im 19. und 20. Jahrhundert entwickelte sich die Rolle der Musik im italienischen Judentum in viele Richtungen und verband sehr unterschiedliche musikalische Welten wie liturgische, k\u00fcnstlerische und popul\u00e4re Musik und reichte von der intimen Sph\u00e4re der Synagoge bis hin zum Bereich der \u00f6ffentlichen Interpretation. In dieser Zeit waren die italienischen Juden mit einer Reihe von Herausforderungen konfrontiert: Der \u00dcbergang von der Segregation in den Ghettos zur sozialen und politischen Emanzipation; die Herausbildung einer neuen nationalen Identit\u00e4t w\u00e4hrend des Risorgimento; die Urbanisierung und das Ableben der vielen kleinen Gemeinden, die jahrhundertelang das italienisch-j\u00fcdische Leben belebt hatten; die antisemitische Gesetzgebung und die Verfolgung w\u00e4hrend des Zweiten Weltkriegs ; der Wiederaufbau des j\u00fcdischen Gemeindelebens nach dem Holocaust, die Einwanderung von Juden aus Nordafrika und dem Nahen Osten nach der Gr\u00fcndung des Staates Israel und Ende des 20. Jahrhunderts die Entstehung einer &#8222;virtuellen j\u00fcdischen Kultur&#8220; durch die zunehmende Beteiligung von Nichtjuden an der Schaffung von Kulturprodukten (insbesondere Musik), die von der herrschenden Kultur als j\u00fcdisch betrachtet werden. Im 19. Jahrhundert erlebte die Musikkomposition einen spektakul\u00e4ren Aufschwung. Praktisch alle italienischen Gemeinden haben Dutzende neuer polyphoner Kompositionen in Auftrag gegeben und gesammelt, die speziell f\u00fcr den synagogalen Gottesdienst bestimmt waren.<\/p>\n<p><span style=\"background-color: var(--bs-body-bg); color: var(--bs-body-color); font-family: var(--bs-body-font-family); font-size: revert; font-weight: var(--bs-body-font-weight); text-align: var(--bs-body-text-align);\"><img loading=\"lazy\" decoding=\"async\" class=\"size-medium wp-image-104459 alignleft\" src=\"https:\/\/www.iemj.org\/wp-content\/uploads\/2023\/10\/Synagogue-de-Florence-300x225.jpg\" alt=\"\" width=\"300\" height=\"225\" srcset=\"https:\/\/www.iemj.org\/wp-content\/uploads\/2023\/10\/Synagogue-de-Florence-300x225.jpg 300w, https:\/\/www.iemj.org\/wp-content\/uploads\/2023\/10\/Synagogue-de-Florence.jpg 420w\" sizes=\"(max-width: 300px) 100vw, 300px\" \/><\/span><\/p>\n<p>Diese Musikmanuskripte spiegeln eine synagogale Klangwelt wider, die an viele nichtj\u00fcdische Musikwelten erinnert: Arien und Rezitative erinnern an Opern (und Operetten), die Liturgie der katholischen Kirche und die revolution\u00e4ren Hymnen des Risorgimento, die alle von kleinen Vokalensembles aus Kindern und M\u00e4nnern (manchmal auch Frauen) gesungen und von der Orgel oder vom Harmonium, je nach Platz und Ressourcen in den einzelnen Synagogen, begleitet werden. Die Namen der Komponisten und oft auch der Interpreten erscheinen auf den Partituren.<\/p>\n<p>Unter ihnen finden sich lokale j\u00fcdische Amateure, deren Wunsch, Musik zu schreiben und zu spielen, oft mit Geldspenden an die Gemeinde einherging; j\u00fcdische Berufsmusiker (Michele Bolaffi und David Garzia in Livorno; Bonaiut Treves und Ezechiello Levi in Vercelli ; Giacomo Levi in Florenz und Turin; Settimio Scazzocchio, Saul Di Capua und Amadio Disegni in Rom; Alberto Zellman in Triest; Benedetto Franchetti in Mantua; Sabato Errera in Verona; <span style=\"background-color: var(--bs-body-bg); color: var(--bs-body-color); font-family: var(--bs-body-font-family); font-size: revert; font-weight: var(--bs-body-font-weight); text-align: var(--bs-body-text-align);\"><img loading=\"lazy\" decoding=\"async\" class=\"wp-image-104437 alignright\" src=\"https:\/\/www.iemj.org\/wp-content\/uploads\/2023\/10\/Carlo_Pedrotti_by_Antonio_Bertulli_circa_1882-225x300.jpeg\" alt=\"\" width=\"192\" height=\"256\" srcset=\"https:\/\/www.iemj.org\/wp-content\/uploads\/2023\/10\/Carlo_Pedrotti_by_Antonio_Bertulli_circa_1882-225x300.jpeg 225w, https:\/\/www.iemj.org\/wp-content\/uploads\/2023\/10\/Carlo_Pedrotti_by_Antonio_Bertulli_circa_1882.jpeg 331w\" sizes=\"(max-width: 192px) 100vw, 192px\" \/><\/span>Vittorio Orefice in Padua; Vittorio Norsa in Mailand, und viele andere). Es gab auch nichtj\u00fcdische Instrumentalisten und Komponisten, die sowohl Musik f\u00fcr die katholische Kirche (Eugenio Testa in Casale Monferrato) als auch Kompositionen f\u00fcr offizielle Zeremonien (G. Smoltz, ebenfalls in Casale Monferrato), oder Opernwerke, wie der symboltr\u00e4chtige Fall von <strong>Carlo Pedrotti<\/strong> (1817-1893) zeigt, einer zentralen Figur des europ\u00e4ischen Musiktheaters des 19. Jahrhunderts, dessen synagogale Werke sowohl von der Gemeinde in seiner Heimatstadt Verona als auch von den Synagogen im Piemont verwendet wurden, als er Direktor des Teatro Regio in Turin (1868-1882) war.<\/p>\n<p>Jahrhunderts fortgesetzt, als weibliche und gemischte Synagogench\u00f6re immer beliebter wurden, kam aber nach dem Zweiten Weltkrieg fast vollst\u00e4ndig zum Erliegen, als Ch\u00f6re und Orgeln nach und nach aufgegeben wurden, mit der bemerkenswerten Ausnahme von Rom, wo die synagogale Chormusik und Komposition bis heute weiter florieren.<\/p>\n<p>Seit Ende des 19. Jahrhunderts haben Musiker und Wissenschaftler damit begonnen, die Melodien der Synagogen zu transkribieren und sp\u00e4ter aufzunehmen (Marco Amar in Alessandria, David Ghiron in Casale Monferrato, Amadio <img loading=\"lazy\" decoding=\"async\" class=\"wp-image-104442 alignleft\" src=\"https:\/\/www.iemj.org\/wp-content\/uploads\/2023\/10\/330px-Federico_Consolo-210x300.jpg\" alt=\"\" width=\"173\" height=\"247\" srcset=\"https:\/\/www.iemj.org\/wp-content\/uploads\/2023\/10\/330px-Federico_Consolo-210x300.jpg 210w, https:\/\/www.iemj.org\/wp-content\/uploads\/2023\/10\/330px-Federico_Consolo.jpg 330w\" sizes=\"(max-width: 173px) 100vw, 173px\" \/>Disegni in Rom). Obwohl die meisten dieser Melodien nur in handschriftlicher Form vorliegen, wurden einige dennoch in Artikeln und B\u00fcchern ver\u00f6ffentlicht (<strong>Federico Consolo<\/strong> \u00fcber Livorno, 1892; Elio Piattelli in Rom, Piemont und Florenz, 1967, 1986 und 1992). Feldaufnahmen, die in den 1950er Jahren von dem italienisch-israelischen Forscher Leo Levi (1912-1982) gemacht wurden, erm\u00f6glichten die Rekonstruktion einer Klanglandschaft, die Musik aus 27 verschiedenen liturgischen Traditionen umfasste, die in italienischen, aschkenasischen und sephardischen j\u00fcdischen Gemeinden in ganz Italien aufbewahrt wurden. Diese ethnographischen Forschungen versuchten, die \u00dcberreste m\u00fcndlicher Traditionen zu erfassen, die allm\u00e4hlich verschwanden. Ende des 20. Jahrhunderts gab es von den 108 aktiven Synagogen auf der Halbinsel (die in einer Umfrage in den Jahren 1865-1866 erfasst wurden) nur noch wenige j\u00fcdische Gemeinden, die eine lebendige und eigenst\u00e4ndige m\u00fcndliche Tradition aufrechterhielten.<\/p>\n<p>\u00a0<\/p>\n\n\n<div class=\"wp-block-buttons is-layout-flex wp-block-buttons-is-layout-flex\">\n<div class=\"wp-block-button has-custom-width wp-block-button__width-100\"><a class=\"wp-block-button__link has-white-color has-text-color has-background has-link-color wp-element-button\" href=\"https:\/\/www.iemj.org\/de\/tag\/italien-de\/\" style=\"background-color:#3c4b98\" target=\"_blank\" rel=\"noreferrer noopener\"><strong>Lesen Sie weitere Artikel \u00fcber italienisch-j\u00fcdische Musik<\/strong><\/a><\/div>\n<\/div>\n\n\n\n<p><\/p>\n","protected":false},"excerpt":{"rendered":"<p>Die Geschichte der j\u00fcdischen Musik in Italien ist alt, komplex und voller Gegens\u00e4tze. Vom historischen Standpunkt aus betrachtet, reichen die Urspr\u00fcnge des italienischen Judentums \u00fcber 2000 Jahre zur\u00fcck. In den<\/p>\n","protected":false},"author":5,"featured_media":104450,"comment_status":"closed","ping_status":"closed","sticky":false,"template":"","format":"standard","meta":{"_acf_changed":false,"footnotes":""},"categories":[1406],"tags":[2090],"technique":[],"squelettes":[],"sujet":[],"formation":[],"genre":[],"fonds":[],"tradition":[],"type-de-contenu":[],"interprete-compositeur":[],"frise":[],"type-devenement":[],"tableaux-liens-externes":[],"class_list":["post-104481","post","type-post","status-publish","format-standard","has-post-thumbnail","hentry","category-hintergrundartikel-de","tag-italien-de"],"acf":[],"yoast_head":"<!-- This site is optimized with the Yoast SEO plugin v27.3 - https:\/\/yoast.com\/product\/yoast-seo-wordpress\/ -->\n<title>Die Musik der Juden in Italien: Eine Kurzeinf\u00fchrung - Institut Europ\u00e9en des Musiques Juives<\/title>\n<meta name=\"robots\" content=\"index, follow, max-snippet:-1, max-image-preview:large, max-video-preview:-1\" \/>\n<link rel=\"canonical\" href=\"https:\/\/www.iemj.org\/de\/la-musique-des-juifs-en-italie-une-breve-introduction\/\" \/>\n<meta property=\"og:locale\" content=\"de_DE\" \/>\n<meta property=\"og:type\" content=\"article\" \/>\n<meta property=\"og:title\" content=\"Die Musik der Juden in Italien: Eine Kurzeinf\u00fchrung - Institut Europ\u00e9en des Musiques Juives\" \/>\n<meta property=\"og:description\" content=\"Die Geschichte der j\u00fcdischen Musik in Italien ist alt, komplex und voller Gegens\u00e4tze. Vom historischen Standpunkt aus betrachtet, reichen die Urspr\u00fcnge des italienischen Judentums \u00fcber 2000 Jahre zur\u00fcck. In den\" \/>\n<meta property=\"og:url\" content=\"https:\/\/www.iemj.org\/de\/la-musique-des-juifs-en-italie-une-breve-introduction\/\" \/>\n<meta property=\"og:site_name\" content=\"Institut Europ\u00e9en des Musiques Juives\" \/>\n<meta property=\"article:publisher\" content=\"https:\/\/www.facebook.com\/MusiquesJuives\/\" \/>\n<meta property=\"article:published_time\" content=\"2023-10-13T14:18:06+00:00\" \/>\n<meta property=\"article:modified_time\" content=\"2026-04-28T15:13:56+00:00\" \/>\n<meta property=\"og:image\" content=\"https:\/\/www.iemj.org\/wp-content\/uploads\/2023\/10\/logo-article-1.jpg\" \/>\n\t<meta property=\"og:image:width\" content=\"500\" \/>\n\t<meta property=\"og:image:height\" content=\"500\" \/>\n\t<meta property=\"og:image:type\" content=\"image\/jpeg\" \/>\n<meta name=\"author\" content=\"Jacqueline ROTEN\" \/>\n<meta name=\"twitter:card\" content=\"summary_large_image\" \/>\n<meta name=\"twitter:label1\" content=\"Verfasst von\" \/>\n\t<meta name=\"twitter:data1\" content=\"Jacqueline ROTEN\" \/>\n\t<meta name=\"twitter:label2\" content=\"Gesch\u00e4tzte Lesezeit\" \/>\n\t<meta name=\"twitter:data2\" content=\"8\u00a0Minuten\" \/>\n<script type=\"application\/ld+json\" class=\"yoast-schema-graph\">{\"@context\":\"https:\\\/\\\/schema.org\",\"@graph\":[{\"@type\":\"Article\",\"@id\":\"https:\\\/\\\/www.iemj.org\\\/de\\\/la-musique-des-juifs-en-italie-une-breve-introduction\\\/#article\",\"isPartOf\":{\"@id\":\"https:\\\/\\\/www.iemj.org\\\/de\\\/la-musique-des-juifs-en-italie-une-breve-introduction\\\/\"},\"author\":{\"name\":\"Jacqueline ROTEN\",\"@id\":\"https:\\\/\\\/www.iemj.org\\\/de\\\/#\\\/schema\\\/person\\\/358e26c18aca017fcc4cc15437f7279c\"},\"headline\":\"Die Musik der Juden in Italien: Eine Kurzeinf\u00fchrung\",\"datePublished\":\"2023-10-13T14:18:06+00:00\",\"dateModified\":\"2026-04-28T15:13:56+00:00\",\"mainEntityOfPage\":{\"@id\":\"https:\\\/\\\/www.iemj.org\\\/de\\\/la-musique-des-juifs-en-italie-une-breve-introduction\\\/\"},\"wordCount\":1208,\"publisher\":{\"@id\":\"https:\\\/\\\/www.iemj.org\\\/de\\\/#organization\"},\"image\":{\"@id\":\"https:\\\/\\\/www.iemj.org\\\/de\\\/la-musique-des-juifs-en-italie-une-breve-introduction\\\/#primaryimage\"},\"thumbnailUrl\":\"https:\\\/\\\/www.iemj.org\\\/wp-content\\\/uploads\\\/2023\\\/10\\\/logo-article-1.jpg\",\"keywords\":[\"Italien\"],\"articleSection\":[\"Hintergrundartikel\"],\"inLanguage\":\"de\"},{\"@type\":\"WebPage\",\"@id\":\"https:\\\/\\\/www.iemj.org\\\/de\\\/la-musique-des-juifs-en-italie-une-breve-introduction\\\/\",\"url\":\"https:\\\/\\\/www.iemj.org\\\/de\\\/la-musique-des-juifs-en-italie-une-breve-introduction\\\/\",\"name\":\"Die Musik der Juden in Italien: Eine Kurzeinf\u00fchrung - Institut Europ\u00e9en des Musiques Juives\",\"isPartOf\":{\"@id\":\"https:\\\/\\\/www.iemj.org\\\/de\\\/#website\"},\"primaryImageOfPage\":{\"@id\":\"https:\\\/\\\/www.iemj.org\\\/de\\\/la-musique-des-juifs-en-italie-une-breve-introduction\\\/#primaryimage\"},\"image\":{\"@id\":\"https:\\\/\\\/www.iemj.org\\\/de\\\/la-musique-des-juifs-en-italie-une-breve-introduction\\\/#primaryimage\"},\"thumbnailUrl\":\"https:\\\/\\\/www.iemj.org\\\/wp-content\\\/uploads\\\/2023\\\/10\\\/logo-article-1.jpg\",\"datePublished\":\"2023-10-13T14:18:06+00:00\",\"dateModified\":\"2026-04-28T15:13:56+00:00\",\"breadcrumb\":{\"@id\":\"https:\\\/\\\/www.iemj.org\\\/de\\\/la-musique-des-juifs-en-italie-une-breve-introduction\\\/#breadcrumb\"},\"inLanguage\":\"de\",\"potentialAction\":[{\"@type\":\"ReadAction\",\"target\":[\"https:\\\/\\\/www.iemj.org\\\/de\\\/la-musique-des-juifs-en-italie-une-breve-introduction\\\/\"]}]},{\"@type\":\"ImageObject\",\"inLanguage\":\"de\",\"@id\":\"https:\\\/\\\/www.iemj.org\\\/de\\\/la-musique-des-juifs-en-italie-une-breve-introduction\\\/#primaryimage\",\"url\":\"https:\\\/\\\/www.iemj.org\\\/wp-content\\\/uploads\\\/2023\\\/10\\\/logo-article-1.jpg\",\"contentUrl\":\"https:\\\/\\\/www.iemj.org\\\/wp-content\\\/uploads\\\/2023\\\/10\\\/logo-article-1.jpg\",\"width\":500,\"height\":500},{\"@type\":\"BreadcrumbList\",\"@id\":\"https:\\\/\\\/www.iemj.org\\\/de\\\/la-musique-des-juifs-en-italie-une-breve-introduction\\\/#breadcrumb\",\"itemListElement\":[{\"@type\":\"ListItem\",\"position\":1,\"name\":\"Accueil\",\"item\":\"https:\\\/\\\/www.iemj.org\\\/de\\\/\"},{\"@type\":\"ListItem\",\"position\":2,\"name\":\"Die Musik der Juden in Italien: Eine Kurzeinf\u00fchrung\"}]},{\"@type\":\"WebSite\",\"@id\":\"https:\\\/\\\/www.iemj.org\\\/de\\\/#website\",\"url\":\"https:\\\/\\\/www.iemj.org\\\/de\\\/\",\"name\":\"Institut Europ\u00e9en des Musiques Juives\",\"description\":\"Des traditions musicales \u00e0 la port\u00e9e de tous\",\"publisher\":{\"@id\":\"https:\\\/\\\/www.iemj.org\\\/de\\\/#organization\"},\"potentialAction\":[{\"@type\":\"SearchAction\",\"target\":{\"@type\":\"EntryPoint\",\"urlTemplate\":\"https:\\\/\\\/www.iemj.org\\\/de\\\/?s={search_term_string}\"},\"query-input\":{\"@type\":\"PropertyValueSpecification\",\"valueRequired\":true,\"valueName\":\"search_term_string\"}}],\"inLanguage\":\"de\"},{\"@type\":\"Organization\",\"@id\":\"https:\\\/\\\/www.iemj.org\\\/de\\\/#organization\",\"name\":\"Institut Europ\u00e9en des Musiques Juives\",\"url\":\"https:\\\/\\\/www.iemj.org\\\/de\\\/\",\"logo\":{\"@type\":\"ImageObject\",\"inLanguage\":\"de\",\"@id\":\"https:\\\/\\\/www.iemj.org\\\/de\\\/#\\\/schema\\\/logo\\\/image\\\/\",\"url\":\"https:\\\/\\\/www.iemj.org\\\/wp-content\\\/uploads\\\/2021\\\/09\\\/Logo-IEMJ-Paypal.jpg\",\"contentUrl\":\"https:\\\/\\\/www.iemj.org\\\/wp-content\\\/uploads\\\/2021\\\/09\\\/Logo-IEMJ-Paypal.jpg\",\"width\":150,\"height\":50,\"caption\":\"Institut Europ\u00e9en des Musiques Juives\"},\"image\":{\"@id\":\"https:\\\/\\\/www.iemj.org\\\/de\\\/#\\\/schema\\\/logo\\\/image\\\/\"},\"sameAs\":[\"https:\\\/\\\/www.facebook.com\\\/MusiquesJuives\\\/\",\"https:\\\/\\\/www.instagram.com\\\/musiquesjuives\\\/\",\"https:\\\/\\\/www.youtube.com\\\/user\\\/musiquesjuives\"]},{\"@type\":\"Person\",\"@id\":\"https:\\\/\\\/www.iemj.org\\\/de\\\/#\\\/schema\\\/person\\\/358e26c18aca017fcc4cc15437f7279c\",\"name\":\"Jacqueline ROTEN\",\"image\":{\"@type\":\"ImageObject\",\"inLanguage\":\"de\",\"@id\":\"https:\\\/\\\/secure.gravatar.com\\\/avatar\\\/5964256d6c6957de3a3505278957e0fb2a35119ac47ea41827a65301213c810b?s=96&d=mm&r=g\",\"url\":\"https:\\\/\\\/secure.gravatar.com\\\/avatar\\\/5964256d6c6957de3a3505278957e0fb2a35119ac47ea41827a65301213c810b?s=96&d=mm&r=g\",\"contentUrl\":\"https:\\\/\\\/secure.gravatar.com\\\/avatar\\\/5964256d6c6957de3a3505278957e0fb2a35119ac47ea41827a65301213c810b?s=96&d=mm&r=g\",\"caption\":\"Jacqueline ROTEN\"}}]}<\/script>\n<!-- \/ Yoast SEO plugin. -->","yoast_head_json":{"title":"Die Musik der Juden in Italien: Eine Kurzeinf\u00fchrung - Institut Europ\u00e9en des Musiques Juives","robots":{"index":"index","follow":"follow","max-snippet":"max-snippet:-1","max-image-preview":"max-image-preview:large","max-video-preview":"max-video-preview:-1"},"canonical":"https:\/\/www.iemj.org\/de\/la-musique-des-juifs-en-italie-une-breve-introduction\/","og_locale":"de_DE","og_type":"article","og_title":"Die Musik der Juden in Italien: Eine Kurzeinf\u00fchrung - Institut Europ\u00e9en des Musiques Juives","og_description":"Die Geschichte der j\u00fcdischen Musik in Italien ist alt, komplex und voller Gegens\u00e4tze. Vom historischen Standpunkt aus betrachtet, reichen die Urspr\u00fcnge des italienischen Judentums \u00fcber 2000 Jahre zur\u00fcck. In den","og_url":"https:\/\/www.iemj.org\/de\/la-musique-des-juifs-en-italie-une-breve-introduction\/","og_site_name":"Institut Europ\u00e9en des Musiques Juives","article_publisher":"https:\/\/www.facebook.com\/MusiquesJuives\/","article_published_time":"2023-10-13T14:18:06+00:00","article_modified_time":"2026-04-28T15:13:56+00:00","og_image":[{"width":500,"height":500,"url":"https:\/\/www.iemj.org\/wp-content\/uploads\/2023\/10\/logo-article-1.jpg","type":"image\/jpeg"}],"author":"Jacqueline ROTEN","twitter_card":"summary_large_image","twitter_misc":{"Verfasst von":"Jacqueline ROTEN","Gesch\u00e4tzte Lesezeit":"8\u00a0Minuten"},"schema":{"@context":"https:\/\/schema.org","@graph":[{"@type":"Article","@id":"https:\/\/www.iemj.org\/de\/la-musique-des-juifs-en-italie-une-breve-introduction\/#article","isPartOf":{"@id":"https:\/\/www.iemj.org\/de\/la-musique-des-juifs-en-italie-une-breve-introduction\/"},"author":{"name":"Jacqueline ROTEN","@id":"https:\/\/www.iemj.org\/de\/#\/schema\/person\/358e26c18aca017fcc4cc15437f7279c"},"headline":"Die Musik der Juden in Italien: Eine Kurzeinf\u00fchrung","datePublished":"2023-10-13T14:18:06+00:00","dateModified":"2026-04-28T15:13:56+00:00","mainEntityOfPage":{"@id":"https:\/\/www.iemj.org\/de\/la-musique-des-juifs-en-italie-une-breve-introduction\/"},"wordCount":1208,"publisher":{"@id":"https:\/\/www.iemj.org\/de\/#organization"},"image":{"@id":"https:\/\/www.iemj.org\/de\/la-musique-des-juifs-en-italie-une-breve-introduction\/#primaryimage"},"thumbnailUrl":"https:\/\/www.iemj.org\/wp-content\/uploads\/2023\/10\/logo-article-1.jpg","keywords":["Italien"],"articleSection":["Hintergrundartikel"],"inLanguage":"de"},{"@type":"WebPage","@id":"https:\/\/www.iemj.org\/de\/la-musique-des-juifs-en-italie-une-breve-introduction\/","url":"https:\/\/www.iemj.org\/de\/la-musique-des-juifs-en-italie-une-breve-introduction\/","name":"Die Musik der Juden in Italien: Eine Kurzeinf\u00fchrung - Institut Europ\u00e9en des Musiques Juives","isPartOf":{"@id":"https:\/\/www.iemj.org\/de\/#website"},"primaryImageOfPage":{"@id":"https:\/\/www.iemj.org\/de\/la-musique-des-juifs-en-italie-une-breve-introduction\/#primaryimage"},"image":{"@id":"https:\/\/www.iemj.org\/de\/la-musique-des-juifs-en-italie-une-breve-introduction\/#primaryimage"},"thumbnailUrl":"https:\/\/www.iemj.org\/wp-content\/uploads\/2023\/10\/logo-article-1.jpg","datePublished":"2023-10-13T14:18:06+00:00","dateModified":"2026-04-28T15:13:56+00:00","breadcrumb":{"@id":"https:\/\/www.iemj.org\/de\/la-musique-des-juifs-en-italie-une-breve-introduction\/#breadcrumb"},"inLanguage":"de","potentialAction":[{"@type":"ReadAction","target":["https:\/\/www.iemj.org\/de\/la-musique-des-juifs-en-italie-une-breve-introduction\/"]}]},{"@type":"ImageObject","inLanguage":"de","@id":"https:\/\/www.iemj.org\/de\/la-musique-des-juifs-en-italie-une-breve-introduction\/#primaryimage","url":"https:\/\/www.iemj.org\/wp-content\/uploads\/2023\/10\/logo-article-1.jpg","contentUrl":"https:\/\/www.iemj.org\/wp-content\/uploads\/2023\/10\/logo-article-1.jpg","width":500,"height":500},{"@type":"BreadcrumbList","@id":"https:\/\/www.iemj.org\/de\/la-musique-des-juifs-en-italie-une-breve-introduction\/#breadcrumb","itemListElement":[{"@type":"ListItem","position":1,"name":"Accueil","item":"https:\/\/www.iemj.org\/de\/"},{"@type":"ListItem","position":2,"name":"Die Musik der Juden in Italien: Eine Kurzeinf\u00fchrung"}]},{"@type":"WebSite","@id":"https:\/\/www.iemj.org\/de\/#website","url":"https:\/\/www.iemj.org\/de\/","name":"Institut Europ\u00e9en des Musiques Juives","description":"Des traditions musicales \u00e0 la port\u00e9e de tous","publisher":{"@id":"https:\/\/www.iemj.org\/de\/#organization"},"potentialAction":[{"@type":"SearchAction","target":{"@type":"EntryPoint","urlTemplate":"https:\/\/www.iemj.org\/de\/?s={search_term_string}"},"query-input":{"@type":"PropertyValueSpecification","valueRequired":true,"valueName":"search_term_string"}}],"inLanguage":"de"},{"@type":"Organization","@id":"https:\/\/www.iemj.org\/de\/#organization","name":"Institut Europ\u00e9en des Musiques Juives","url":"https:\/\/www.iemj.org\/de\/","logo":{"@type":"ImageObject","inLanguage":"de","@id":"https:\/\/www.iemj.org\/de\/#\/schema\/logo\/image\/","url":"https:\/\/www.iemj.org\/wp-content\/uploads\/2021\/09\/Logo-IEMJ-Paypal.jpg","contentUrl":"https:\/\/www.iemj.org\/wp-content\/uploads\/2021\/09\/Logo-IEMJ-Paypal.jpg","width":150,"height":50,"caption":"Institut Europ\u00e9en des Musiques Juives"},"image":{"@id":"https:\/\/www.iemj.org\/de\/#\/schema\/logo\/image\/"},"sameAs":["https:\/\/www.facebook.com\/MusiquesJuives\/","https:\/\/www.instagram.com\/musiquesjuives\/","https:\/\/www.youtube.com\/user\/musiquesjuives"]},{"@type":"Person","@id":"https:\/\/www.iemj.org\/de\/#\/schema\/person\/358e26c18aca017fcc4cc15437f7279c","name":"Jacqueline ROTEN","image":{"@type":"ImageObject","inLanguage":"de","@id":"https:\/\/secure.gravatar.com\/avatar\/5964256d6c6957de3a3505278957e0fb2a35119ac47ea41827a65301213c810b?s=96&d=mm&r=g","url":"https:\/\/secure.gravatar.com\/avatar\/5964256d6c6957de3a3505278957e0fb2a35119ac47ea41827a65301213c810b?s=96&d=mm&r=g","contentUrl":"https:\/\/secure.gravatar.com\/avatar\/5964256d6c6957de3a3505278957e0fb2a35119ac47ea41827a65301213c810b?s=96&d=mm&r=g","caption":"Jacqueline ROTEN"}}]}},"_links":{"self":[{"href":"https:\/\/www.iemj.org\/de\/wp-json\/wp\/v2\/posts\/104481","targetHints":{"allow":["GET"]}}],"collection":[{"href":"https:\/\/www.iemj.org\/de\/wp-json\/wp\/v2\/posts"}],"about":[{"href":"https:\/\/www.iemj.org\/de\/wp-json\/wp\/v2\/types\/post"}],"author":[{"embeddable":true,"href":"https:\/\/www.iemj.org\/de\/wp-json\/wp\/v2\/users\/5"}],"replies":[{"embeddable":true,"href":"https:\/\/www.iemj.org\/de\/wp-json\/wp\/v2\/comments?post=104481"}],"version-history":[{"count":1,"href":"https:\/\/www.iemj.org\/de\/wp-json\/wp\/v2\/posts\/104481\/revisions"}],"predecessor-version":[{"id":132072,"href":"https:\/\/www.iemj.org\/de\/wp-json\/wp\/v2\/posts\/104481\/revisions\/132072"}],"wp:featuredmedia":[{"embeddable":true,"href":"https:\/\/www.iemj.org\/de\/wp-json\/wp\/v2\/media\/104450"}],"wp:attachment":[{"href":"https:\/\/www.iemj.org\/de\/wp-json\/wp\/v2\/media?parent=104481"}],"wp:term":[{"taxonomy":"category","embeddable":true,"href":"https:\/\/www.iemj.org\/de\/wp-json\/wp\/v2\/categories?post=104481"},{"taxonomy":"post_tag","embeddable":true,"href":"https:\/\/www.iemj.org\/de\/wp-json\/wp\/v2\/tags?post=104481"},{"taxonomy":"technique","embeddable":true,"href":"https:\/\/www.iemj.org\/de\/wp-json\/wp\/v2\/technique?post=104481"},{"taxonomy":"squelettes","embeddable":true,"href":"https:\/\/www.iemj.org\/de\/wp-json\/wp\/v2\/squelettes?post=104481"},{"taxonomy":"sujet","embeddable":true,"href":"https:\/\/www.iemj.org\/de\/wp-json\/wp\/v2\/sujet?post=104481"},{"taxonomy":"formation","embeddable":true,"href":"https:\/\/www.iemj.org\/de\/wp-json\/wp\/v2\/formation?post=104481"},{"taxonomy":"genre","embeddable":true,"href":"https:\/\/www.iemj.org\/de\/wp-json\/wp\/v2\/genre?post=104481"},{"taxonomy":"fonds","embeddable":true,"href":"https:\/\/www.iemj.org\/de\/wp-json\/wp\/v2\/fonds?post=104481"},{"taxonomy":"tradition","embeddable":true,"href":"https:\/\/www.iemj.org\/de\/wp-json\/wp\/v2\/tradition?post=104481"},{"taxonomy":"type-de-contenu","embeddable":true,"href":"https:\/\/www.iemj.org\/de\/wp-json\/wp\/v2\/type-de-contenu?post=104481"},{"taxonomy":"interprete-compositeur","embeddable":true,"href":"https:\/\/www.iemj.org\/de\/wp-json\/wp\/v2\/interprete-compositeur?post=104481"},{"taxonomy":"frise","embeddable":true,"href":"https:\/\/www.iemj.org\/de\/wp-json\/wp\/v2\/frise?post=104481"},{"taxonomy":"type-devenement","embeddable":true,"href":"https:\/\/www.iemj.org\/de\/wp-json\/wp\/v2\/type-devenement?post=104481"},{"taxonomy":"tableaux-liens-externes","embeddable":true,"href":"https:\/\/www.iemj.org\/de\/wp-json\/wp\/v2\/tableaux-liens-externes?post=104481"}],"curies":[{"name":"wp","href":"https:\/\/api.w.org\/{rel}","templated":true}]}}