{"id":105252,"date":"2023-11-08T16:14:13","date_gmt":"2023-11-08T15:14:13","guid":{"rendered":"https:\/\/www.iemj.org\/the-wolf-and-the-lamb\/"},"modified":"2025-10-19T17:28:15","modified_gmt":"2025-10-19T15:28:15","slug":"the-wolf-and-the-lamb","status":"publish","type":"post","link":"https:\/\/www.iemj.org\/de\/the-wolf-and-the-lamb\/","title":{"rendered":"The Wolf and the Lamb &#8211; Live at the Shakh"},"content":{"rendered":"\n<p><\/p>\n\n\n<p>Das Album &#8222;The Wolf and the Lamb&#8220; des legend\u00e4ren Klezmermusikers <a href=\"https:\/\/www.iemj.org\/de\/strom-yale\/\">Yale Strom<\/a>, der von seiner Band Hot Pstromi begleitet wird, wurde in der wundersch\u00f6n restaurierten Synagoge von Holesov in der Tschechischen Republik aufgenommen. Diese CD erweckt die j\u00fcdische Musik der Gemeinde von Holesov wieder zum Leben, einer Stadt mit 12.000 Einwohnern, in der Anfang des letzten Jahrhunderts ein Drittel der Bev\u00f6lkerung Juden waren. Yale Stroms Nachforschungen rund um die verlorenen Traditionen von Holesov basieren sowohl auf m\u00fcndlichen \u00dcberlieferungen als auch auf alten Manuskripten.<\/p>\n<p>Ein altes jiddisches Gedicht inspirierte das Lied &#8222;The Wolf and the Lamb&#8220;, das angeblich als Wiegenlied gesungen wurde und die Geschichte der j\u00fcdischen Gemeinden erz\u00e4hlt, die im Burgenland in \u00d6sterreich tief verwurzelt sind. Urspr\u00fcnglich ohne Melodie, komponierte Yale Strom die Musik zu diesem St\u00fcck in einem klassisch-impressionistischen Stil. In Verbindung mit Stimmen, die in der authentischen jiddischen Sprache der Region vorgetragen werden, ruft das Lied spezifische Stimmungen und Emotionen hervor, die dem Album einen besonderen musikalischen Ausdruck verleihen.<br \/>Durch die charakteristischen Kl\u00e4nge des Klezmers werden wir Zeugen kultureller \u00dcberschneidungen, wobei ukrainische, livl\u00e4ndische, wei\u00dfrussische und Roma-Einfl\u00fcsse in einer Harmonie widerhallen, die \u00fcber die Musik hinausgeht und sich durch die Zeit hindurch auswirkt. Im Titelst\u00fcck kommen die Themen des Albums vielleicht am besten zur Geltung. In den eigenen Worten des Bandleaders Yale Strom: <em>&#8222;The Wolf and The Lamb erforscht die Beziehung zwischen der Tradition und ihrer Wiederbelebung. Diese manchmal angespannte Beziehung ist ein Merkmal unserer Musik, die auf der traditionellen Form und ihren zeitgen\u00f6ssischen Adaptionen beruht.&#8220;<\/em><\/p>\n<p>Yale Strom ist Violinist, Komponist und einer der weltweit bedeutendsten K\u00fcnstler-Ethnographen der Klezmer-Musik und -Geschichte. Seine umfangreichen ethnografischen Recherchen in Osteuropa sind ein integraler Bestandteil des Repertoires seiner Klezmer-Band Hot Pstromi. Die 1981 gegr\u00fcndete Band mit Sitz in New York und San Diego besteht aus virtuosen internationalen Musikern, die seit \u00fcber vierzig Jahren Klezmer-Fans auf der ganzen Welt begeistern.<\/p>\n<p><a href=\"https:\/\/store.arcmusic.co.uk\/the-wolf-and-the-lamb-live-at-the-shakh.html\" target=\"_blank\" rel=\"noopener\">Die CD kaufen<\/a><\/p>\n<p><img fetchpriority=\"high\" decoding=\"async\" class=\"wp-image-105198 aligncenter\" src=\"https:\/\/www.iemj.org\/wp-content\/uploads\/2023\/11\/COUV4-CD_TheWolf-300x300.jpg\" alt=\"\" width=\"447\" height=\"447\" srcset=\"https:\/\/www.iemj.org\/wp-content\/uploads\/2023\/11\/COUV4-CD_TheWolf-300x300.jpg 300w, https:\/\/www.iemj.org\/wp-content\/uploads\/2023\/11\/COUV4-CD_TheWolf-150x150.jpg 150w, https:\/\/www.iemj.org\/wp-content\/uploads\/2023\/11\/COUV4-CD_TheWolf-100x100.jpg 100w, https:\/\/www.iemj.org\/wp-content\/uploads\/2023\/11\/COUV4-CD_TheWolf.jpg 500w\" sizes=\"(max-width: 447px) 100vw, 447px\" \/><\/p>\n\n\n<figure class=\"wp-block-embed is-type-video is-provider-youtube wp-block-embed-youtube wp-embed-aspect-16-9 wp-has-aspect-ratio\"><div class=\"wp-block-embed__wrapper\">\n<iframe title=\"Yale Strom &amp; Hot Pstromi: The Wolf and The Lamb: Live at the Shakh\" width=\"640\" height=\"360\" src=\"https:\/\/www.youtube.com\/embed\/ZkrECNSUm6o?feature=oembed\" frameborder=\"0\" allow=\"accelerometer; autoplay; clipboard-write; encrypted-media; gyroscope; picture-in-picture; web-share\" referrerpolicy=\"strict-origin-when-cross-origin\" allowfullscreen><\/iframe>\n<\/div><\/figure>\n\n\n<div class=\"wp-block-image\">\n<figure class=\"aligncenter size-large\"><img decoding=\"async\" width=\"1024\" height=\"133\" src=\"https:\/\/www.iemj.org\/wp-content\/uploads\/2024\/03\/AUDIO-PLAYER-1024x133.png\" alt=\"\" class=\"wp-image-110606\" srcset=\"https:\/\/www.iemj.org\/wp-content\/uploads\/2024\/03\/AUDIO-PLAYER-1024x133.png 1024w, https:\/\/www.iemj.org\/wp-content\/uploads\/2024\/03\/AUDIO-PLAYER-300x39.png 300w, https:\/\/www.iemj.org\/wp-content\/uploads\/2024\/03\/AUDIO-PLAYER-768x100.png 768w, https:\/\/www.iemj.org\/wp-content\/uploads\/2024\/03\/AUDIO-PLAYER-600x78.png 600w, https:\/\/www.iemj.org\/wp-content\/uploads\/2024\/03\/AUDIO-PLAYER.png 1210w\" sizes=\"(max-width: 1024px) 100vw, 1024px\" \/><\/figure>\n<\/div>","protected":false},"excerpt":{"rendered":"<p>Das Album &#8222;The Wolf and the Lamb&#8220; des legend\u00e4ren Klezmermusikers Yale Strom, der von seiner Band Hot Pstromi begleitet wird, wurde in der wundersch\u00f6n restaurierten Synagoge von Holesov in der<\/p>\n","protected":false},"author":5,"featured_media":105195,"comment_status":"closed","ping_status":"closed","sticky":false,"template":"","format":"standard","meta":{"_acf_changed":false,"footnotes":""},"categories":[1571,1561],"tags":[],"technique":[],"squelettes":[],"sujet":[],"formation":[],"genre":[1875],"fonds":[],"tradition":[],"type-de-contenu":[],"interprete-compositeur":[],"frise":[],"type-devenement":[],"tableaux-liens-externes":[],"class_list":["post-105252","post","type-post","status-publish","format-standard","has-post-thumbnail","hentry","category-cd-de","category-letzte-neuerwerbungen-de","genre-klezmer-de"],"acf":[],"yoast_head":"<!-- This site is optimized with the Yoast SEO plugin v27.3 - https:\/\/yoast.com\/product\/yoast-seo-wordpress\/ -->\n<title>The Wolf and the Lamb - Live at the Shakh - Institut Europ\u00e9en des Musiques Juives<\/title>\n<meta name=\"robots\" content=\"index, follow, max-snippet:-1, max-image-preview:large, max-video-preview:-1\" \/>\n<link rel=\"canonical\" href=\"https:\/\/www.iemj.org\/de\/the-wolf-and-the-lamb\/\" \/>\n<meta property=\"og:locale\" content=\"de_DE\" \/>\n<meta property=\"og:type\" content=\"article\" \/>\n<meta property=\"og:title\" content=\"The Wolf and the Lamb - Live at the Shakh - Institut Europ\u00e9en des Musiques Juives\" \/>\n<meta property=\"og:description\" content=\"Das Album &#8222;The Wolf and the Lamb&#8220; des legend\u00e4ren Klezmermusikers Yale Strom, der von seiner Band Hot Pstromi begleitet wird, wurde in der wundersch\u00f6n restaurierten Synagoge von Holesov in der\" \/>\n<meta property=\"og:url\" content=\"https:\/\/www.iemj.org\/de\/the-wolf-and-the-lamb\/\" \/>\n<meta property=\"og:site_name\" content=\"Institut Europ\u00e9en des Musiques Juives\" \/>\n<meta property=\"article:publisher\" content=\"https:\/\/www.facebook.com\/MusiquesJuives\/\" \/>\n<meta property=\"article:published_time\" content=\"2023-11-08T15:14:13+00:00\" \/>\n<meta property=\"article:modified_time\" content=\"2025-10-19T15:28:15+00:00\" \/>\n<meta property=\"og:image\" content=\"https:\/\/www.iemj.org\/wp-content\/uploads\/2023\/11\/COUV-CD.jpg\" \/>\n\t<meta property=\"og:image:width\" content=\"500\" \/>\n\t<meta property=\"og:image:height\" content=\"500\" \/>\n\t<meta property=\"og:image:type\" content=\"image\/jpeg\" \/>\n<meta name=\"author\" content=\"Jacqueline ROTEN\" \/>\n<meta name=\"twitter:card\" content=\"summary_large_image\" \/>\n<meta name=\"twitter:label1\" content=\"Verfasst von\" \/>\n\t<meta name=\"twitter:data1\" content=\"Jacqueline ROTEN\" \/>\n\t<meta name=\"twitter:label2\" content=\"Gesch\u00e4tzte Lesezeit\" \/>\n\t<meta name=\"twitter:data2\" content=\"3\u00a0Minuten\" \/>\n<script type=\"application\/ld+json\" class=\"yoast-schema-graph\">{\"@context\":\"https:\\\/\\\/schema.org\",\"@graph\":[{\"@type\":\"Article\",\"@id\":\"https:\\\/\\\/www.iemj.org\\\/de\\\/the-wolf-and-the-lamb\\\/#article\",\"isPartOf\":{\"@id\":\"https:\\\/\\\/www.iemj.org\\\/de\\\/the-wolf-and-the-lamb\\\/\"},\"author\":{\"name\":\"Jacqueline ROTEN\",\"@id\":\"https:\\\/\\\/www.iemj.org\\\/de\\\/#\\\/schema\\\/person\\\/358e26c18aca017fcc4cc15437f7279c\"},\"headline\":\"The Wolf and the Lamb &#8211; Live at the Shakh\",\"datePublished\":\"2023-11-08T15:14:13+00:00\",\"dateModified\":\"2025-10-19T15:28:15+00:00\",\"mainEntityOfPage\":{\"@id\":\"https:\\\/\\\/www.iemj.org\\\/de\\\/the-wolf-and-the-lamb\\\/\"},\"wordCount\":339,\"publisher\":{\"@id\":\"https:\\\/\\\/www.iemj.org\\\/de\\\/#organization\"},\"image\":{\"@id\":\"https:\\\/\\\/www.iemj.org\\\/de\\\/the-wolf-and-the-lamb\\\/#primaryimage\"},\"thumbnailUrl\":\"https:\\\/\\\/www.iemj.org\\\/wp-content\\\/uploads\\\/2023\\\/11\\\/COUV-CD.jpg\",\"articleSection\":[\"CD\",\"Letzte Neuerwerbungen\"],\"inLanguage\":\"de\"},{\"@type\":\"WebPage\",\"@id\":\"https:\\\/\\\/www.iemj.org\\\/de\\\/the-wolf-and-the-lamb\\\/\",\"url\":\"https:\\\/\\\/www.iemj.org\\\/de\\\/the-wolf-and-the-lamb\\\/\",\"name\":\"The Wolf and the Lamb - Live at the Shakh - Institut Europ\u00e9en des Musiques Juives\",\"isPartOf\":{\"@id\":\"https:\\\/\\\/www.iemj.org\\\/de\\\/#website\"},\"primaryImageOfPage\":{\"@id\":\"https:\\\/\\\/www.iemj.org\\\/de\\\/the-wolf-and-the-lamb\\\/#primaryimage\"},\"image\":{\"@id\":\"https:\\\/\\\/www.iemj.org\\\/de\\\/the-wolf-and-the-lamb\\\/#primaryimage\"},\"thumbnailUrl\":\"https:\\\/\\\/www.iemj.org\\\/wp-content\\\/uploads\\\/2023\\\/11\\\/COUV-CD.jpg\",\"datePublished\":\"2023-11-08T15:14:13+00:00\",\"dateModified\":\"2025-10-19T15:28:15+00:00\",\"breadcrumb\":{\"@id\":\"https:\\\/\\\/www.iemj.org\\\/de\\\/the-wolf-and-the-lamb\\\/#breadcrumb\"},\"inLanguage\":\"de\",\"potentialAction\":[{\"@type\":\"ReadAction\",\"target\":[\"https:\\\/\\\/www.iemj.org\\\/de\\\/the-wolf-and-the-lamb\\\/\"]}]},{\"@type\":\"ImageObject\",\"inLanguage\":\"de\",\"@id\":\"https:\\\/\\\/www.iemj.org\\\/de\\\/the-wolf-and-the-lamb\\\/#primaryimage\",\"url\":\"https:\\\/\\\/www.iemj.org\\\/wp-content\\\/uploads\\\/2023\\\/11\\\/COUV-CD.jpg\",\"contentUrl\":\"https:\\\/\\\/www.iemj.org\\\/wp-content\\\/uploads\\\/2023\\\/11\\\/COUV-CD.jpg\",\"width\":500,\"height\":500},{\"@type\":\"BreadcrumbList\",\"@id\":\"https:\\\/\\\/www.iemj.org\\\/de\\\/the-wolf-and-the-lamb\\\/#breadcrumb\",\"itemListElement\":[{\"@type\":\"ListItem\",\"position\":1,\"name\":\"Accueil\",\"item\":\"https:\\\/\\\/www.iemj.org\\\/de\\\/\"},{\"@type\":\"ListItem\",\"position\":2,\"name\":\"The Wolf and the Lamb &#8211; Live at the Shakh\"}]},{\"@type\":\"WebSite\",\"@id\":\"https:\\\/\\\/www.iemj.org\\\/de\\\/#website\",\"url\":\"https:\\\/\\\/www.iemj.org\\\/de\\\/\",\"name\":\"Institut Europ\u00e9en des Musiques Juives\",\"description\":\"Des traditions musicales \u00e0 la port\u00e9e de tous\",\"publisher\":{\"@id\":\"https:\\\/\\\/www.iemj.org\\\/de\\\/#organization\"},\"potentialAction\":[{\"@type\":\"SearchAction\",\"target\":{\"@type\":\"EntryPoint\",\"urlTemplate\":\"https:\\\/\\\/www.iemj.org\\\/de\\\/?s={search_term_string}\"},\"query-input\":{\"@type\":\"PropertyValueSpecification\",\"valueRequired\":true,\"valueName\":\"search_term_string\"}}],\"inLanguage\":\"de\"},{\"@type\":\"Organization\",\"@id\":\"https:\\\/\\\/www.iemj.org\\\/de\\\/#organization\",\"name\":\"Institut Europ\u00e9en des Musiques Juives\",\"url\":\"https:\\\/\\\/www.iemj.org\\\/de\\\/\",\"logo\":{\"@type\":\"ImageObject\",\"inLanguage\":\"de\",\"@id\":\"https:\\\/\\\/www.iemj.org\\\/de\\\/#\\\/schema\\\/logo\\\/image\\\/\",\"url\":\"https:\\\/\\\/www.iemj.org\\\/wp-content\\\/uploads\\\/2021\\\/09\\\/Logo-IEMJ-Paypal.jpg\",\"contentUrl\":\"https:\\\/\\\/www.iemj.org\\\/wp-content\\\/uploads\\\/2021\\\/09\\\/Logo-IEMJ-Paypal.jpg\",\"width\":150,\"height\":50,\"caption\":\"Institut Europ\u00e9en des Musiques Juives\"},\"image\":{\"@id\":\"https:\\\/\\\/www.iemj.org\\\/de\\\/#\\\/schema\\\/logo\\\/image\\\/\"},\"sameAs\":[\"https:\\\/\\\/www.facebook.com\\\/MusiquesJuives\\\/\",\"https:\\\/\\\/www.instagram.com\\\/musiquesjuives\\\/\",\"https:\\\/\\\/www.youtube.com\\\/user\\\/musiquesjuives\"]},{\"@type\":\"Person\",\"@id\":\"https:\\\/\\\/www.iemj.org\\\/de\\\/#\\\/schema\\\/person\\\/358e26c18aca017fcc4cc15437f7279c\",\"name\":\"Jacqueline ROTEN\",\"image\":{\"@type\":\"ImageObject\",\"inLanguage\":\"de\",\"@id\":\"https:\\\/\\\/secure.gravatar.com\\\/avatar\\\/5964256d6c6957de3a3505278957e0fb2a35119ac47ea41827a65301213c810b?s=96&d=mm&r=g\",\"url\":\"https:\\\/\\\/secure.gravatar.com\\\/avatar\\\/5964256d6c6957de3a3505278957e0fb2a35119ac47ea41827a65301213c810b?s=96&d=mm&r=g\",\"contentUrl\":\"https:\\\/\\\/secure.gravatar.com\\\/avatar\\\/5964256d6c6957de3a3505278957e0fb2a35119ac47ea41827a65301213c810b?s=96&d=mm&r=g\",\"caption\":\"Jacqueline ROTEN\"}}]}<\/script>\n<!-- \/ Yoast SEO plugin. -->","yoast_head_json":{"title":"The Wolf and the Lamb - Live at the Shakh - Institut Europ\u00e9en des Musiques Juives","robots":{"index":"index","follow":"follow","max-snippet":"max-snippet:-1","max-image-preview":"max-image-preview:large","max-video-preview":"max-video-preview:-1"},"canonical":"https:\/\/www.iemj.org\/de\/the-wolf-and-the-lamb\/","og_locale":"de_DE","og_type":"article","og_title":"The Wolf and the Lamb - Live at the Shakh - Institut Europ\u00e9en des Musiques Juives","og_description":"Das Album &#8222;The Wolf and the Lamb&#8220; des legend\u00e4ren Klezmermusikers Yale Strom, der von seiner Band Hot Pstromi begleitet wird, wurde in der wundersch\u00f6n restaurierten Synagoge von Holesov in der","og_url":"https:\/\/www.iemj.org\/de\/the-wolf-and-the-lamb\/","og_site_name":"Institut Europ\u00e9en des Musiques Juives","article_publisher":"https:\/\/www.facebook.com\/MusiquesJuives\/","article_published_time":"2023-11-08T15:14:13+00:00","article_modified_time":"2025-10-19T15:28:15+00:00","og_image":[{"width":500,"height":500,"url":"https:\/\/www.iemj.org\/wp-content\/uploads\/2023\/11\/COUV-CD.jpg","type":"image\/jpeg"}],"author":"Jacqueline ROTEN","twitter_card":"summary_large_image","twitter_misc":{"Verfasst von":"Jacqueline ROTEN","Gesch\u00e4tzte Lesezeit":"3\u00a0Minuten"},"schema":{"@context":"https:\/\/schema.org","@graph":[{"@type":"Article","@id":"https:\/\/www.iemj.org\/de\/the-wolf-and-the-lamb\/#article","isPartOf":{"@id":"https:\/\/www.iemj.org\/de\/the-wolf-and-the-lamb\/"},"author":{"name":"Jacqueline ROTEN","@id":"https:\/\/www.iemj.org\/de\/#\/schema\/person\/358e26c18aca017fcc4cc15437f7279c"},"headline":"The Wolf and the Lamb &#8211; Live at the Shakh","datePublished":"2023-11-08T15:14:13+00:00","dateModified":"2025-10-19T15:28:15+00:00","mainEntityOfPage":{"@id":"https:\/\/www.iemj.org\/de\/the-wolf-and-the-lamb\/"},"wordCount":339,"publisher":{"@id":"https:\/\/www.iemj.org\/de\/#organization"},"image":{"@id":"https:\/\/www.iemj.org\/de\/the-wolf-and-the-lamb\/#primaryimage"},"thumbnailUrl":"https:\/\/www.iemj.org\/wp-content\/uploads\/2023\/11\/COUV-CD.jpg","articleSection":["CD","Letzte Neuerwerbungen"],"inLanguage":"de"},{"@type":"WebPage","@id":"https:\/\/www.iemj.org\/de\/the-wolf-and-the-lamb\/","url":"https:\/\/www.iemj.org\/de\/the-wolf-and-the-lamb\/","name":"The Wolf and the Lamb - Live at the Shakh - Institut Europ\u00e9en des Musiques Juives","isPartOf":{"@id":"https:\/\/www.iemj.org\/de\/#website"},"primaryImageOfPage":{"@id":"https:\/\/www.iemj.org\/de\/the-wolf-and-the-lamb\/#primaryimage"},"image":{"@id":"https:\/\/www.iemj.org\/de\/the-wolf-and-the-lamb\/#primaryimage"},"thumbnailUrl":"https:\/\/www.iemj.org\/wp-content\/uploads\/2023\/11\/COUV-CD.jpg","datePublished":"2023-11-08T15:14:13+00:00","dateModified":"2025-10-19T15:28:15+00:00","breadcrumb":{"@id":"https:\/\/www.iemj.org\/de\/the-wolf-and-the-lamb\/#breadcrumb"},"inLanguage":"de","potentialAction":[{"@type":"ReadAction","target":["https:\/\/www.iemj.org\/de\/the-wolf-and-the-lamb\/"]}]},{"@type":"ImageObject","inLanguage":"de","@id":"https:\/\/www.iemj.org\/de\/the-wolf-and-the-lamb\/#primaryimage","url":"https:\/\/www.iemj.org\/wp-content\/uploads\/2023\/11\/COUV-CD.jpg","contentUrl":"https:\/\/www.iemj.org\/wp-content\/uploads\/2023\/11\/COUV-CD.jpg","width":500,"height":500},{"@type":"BreadcrumbList","@id":"https:\/\/www.iemj.org\/de\/the-wolf-and-the-lamb\/#breadcrumb","itemListElement":[{"@type":"ListItem","position":1,"name":"Accueil","item":"https:\/\/www.iemj.org\/de\/"},{"@type":"ListItem","position":2,"name":"The Wolf and the Lamb &#8211; Live at the Shakh"}]},{"@type":"WebSite","@id":"https:\/\/www.iemj.org\/de\/#website","url":"https:\/\/www.iemj.org\/de\/","name":"Institut Europ\u00e9en des Musiques Juives","description":"Des traditions musicales \u00e0 la port\u00e9e de tous","publisher":{"@id":"https:\/\/www.iemj.org\/de\/#organization"},"potentialAction":[{"@type":"SearchAction","target":{"@type":"EntryPoint","urlTemplate":"https:\/\/www.iemj.org\/de\/?s={search_term_string}"},"query-input":{"@type":"PropertyValueSpecification","valueRequired":true,"valueName":"search_term_string"}}],"inLanguage":"de"},{"@type":"Organization","@id":"https:\/\/www.iemj.org\/de\/#organization","name":"Institut Europ\u00e9en des Musiques Juives","url":"https:\/\/www.iemj.org\/de\/","logo":{"@type":"ImageObject","inLanguage":"de","@id":"https:\/\/www.iemj.org\/de\/#\/schema\/logo\/image\/","url":"https:\/\/www.iemj.org\/wp-content\/uploads\/2021\/09\/Logo-IEMJ-Paypal.jpg","contentUrl":"https:\/\/www.iemj.org\/wp-content\/uploads\/2021\/09\/Logo-IEMJ-Paypal.jpg","width":150,"height":50,"caption":"Institut Europ\u00e9en des Musiques Juives"},"image":{"@id":"https:\/\/www.iemj.org\/de\/#\/schema\/logo\/image\/"},"sameAs":["https:\/\/www.facebook.com\/MusiquesJuives\/","https:\/\/www.instagram.com\/musiquesjuives\/","https:\/\/www.youtube.com\/user\/musiquesjuives"]},{"@type":"Person","@id":"https:\/\/www.iemj.org\/de\/#\/schema\/person\/358e26c18aca017fcc4cc15437f7279c","name":"Jacqueline ROTEN","image":{"@type":"ImageObject","inLanguage":"de","@id":"https:\/\/secure.gravatar.com\/avatar\/5964256d6c6957de3a3505278957e0fb2a35119ac47ea41827a65301213c810b?s=96&d=mm&r=g","url":"https:\/\/secure.gravatar.com\/avatar\/5964256d6c6957de3a3505278957e0fb2a35119ac47ea41827a65301213c810b?s=96&d=mm&r=g","contentUrl":"https:\/\/secure.gravatar.com\/avatar\/5964256d6c6957de3a3505278957e0fb2a35119ac47ea41827a65301213c810b?s=96&d=mm&r=g","caption":"Jacqueline ROTEN"}}]}},"_links":{"self":[{"href":"https:\/\/www.iemj.org\/de\/wp-json\/wp\/v2\/posts\/105252","targetHints":{"allow":["GET"]}}],"collection":[{"href":"https:\/\/www.iemj.org\/de\/wp-json\/wp\/v2\/posts"}],"about":[{"href":"https:\/\/www.iemj.org\/de\/wp-json\/wp\/v2\/types\/post"}],"author":[{"embeddable":true,"href":"https:\/\/www.iemj.org\/de\/wp-json\/wp\/v2\/users\/5"}],"replies":[{"embeddable":true,"href":"https:\/\/www.iemj.org\/de\/wp-json\/wp\/v2\/comments?post=105252"}],"version-history":[{"count":1,"href":"https:\/\/www.iemj.org\/de\/wp-json\/wp\/v2\/posts\/105252\/revisions"}],"predecessor-version":[{"id":127164,"href":"https:\/\/www.iemj.org\/de\/wp-json\/wp\/v2\/posts\/105252\/revisions\/127164"}],"wp:featuredmedia":[{"embeddable":true,"href":"https:\/\/www.iemj.org\/de\/wp-json\/wp\/v2\/media\/105195"}],"wp:attachment":[{"href":"https:\/\/www.iemj.org\/de\/wp-json\/wp\/v2\/media?parent=105252"}],"wp:term":[{"taxonomy":"category","embeddable":true,"href":"https:\/\/www.iemj.org\/de\/wp-json\/wp\/v2\/categories?post=105252"},{"taxonomy":"post_tag","embeddable":true,"href":"https:\/\/www.iemj.org\/de\/wp-json\/wp\/v2\/tags?post=105252"},{"taxonomy":"technique","embeddable":true,"href":"https:\/\/www.iemj.org\/de\/wp-json\/wp\/v2\/technique?post=105252"},{"taxonomy":"squelettes","embeddable":true,"href":"https:\/\/www.iemj.org\/de\/wp-json\/wp\/v2\/squelettes?post=105252"},{"taxonomy":"sujet","embeddable":true,"href":"https:\/\/www.iemj.org\/de\/wp-json\/wp\/v2\/sujet?post=105252"},{"taxonomy":"formation","embeddable":true,"href":"https:\/\/www.iemj.org\/de\/wp-json\/wp\/v2\/formation?post=105252"},{"taxonomy":"genre","embeddable":true,"href":"https:\/\/www.iemj.org\/de\/wp-json\/wp\/v2\/genre?post=105252"},{"taxonomy":"fonds","embeddable":true,"href":"https:\/\/www.iemj.org\/de\/wp-json\/wp\/v2\/fonds?post=105252"},{"taxonomy":"tradition","embeddable":true,"href":"https:\/\/www.iemj.org\/de\/wp-json\/wp\/v2\/tradition?post=105252"},{"taxonomy":"type-de-contenu","embeddable":true,"href":"https:\/\/www.iemj.org\/de\/wp-json\/wp\/v2\/type-de-contenu?post=105252"},{"taxonomy":"interprete-compositeur","embeddable":true,"href":"https:\/\/www.iemj.org\/de\/wp-json\/wp\/v2\/interprete-compositeur?post=105252"},{"taxonomy":"frise","embeddable":true,"href":"https:\/\/www.iemj.org\/de\/wp-json\/wp\/v2\/frise?post=105252"},{"taxonomy":"type-devenement","embeddable":true,"href":"https:\/\/www.iemj.org\/de\/wp-json\/wp\/v2\/type-devenement?post=105252"},{"taxonomy":"tableaux-liens-externes","embeddable":true,"href":"https:\/\/www.iemj.org\/de\/wp-json\/wp\/v2\/tableaux-liens-externes?post=105252"}],"curies":[{"name":"wp","href":"https:\/\/api.w.org\/{rel}","templated":true}]}}