{"id":105982,"date":"2023-11-28T11:55:48","date_gmt":"2023-11-28T10:55:48","guid":{"rendered":"https:\/\/www.iemj.org\/camille-erlanger-1863-1919\/"},"modified":"2023-11-28T16:43:38","modified_gmt":"2023-11-28T15:43:38","slug":"camille-erlanger-1863-1919","status":"publish","type":"post","link":"https:\/\/www.iemj.org\/de\/camille-erlanger-1863-1919\/","title":{"rendered":"ERLANGER, CAMILLE (1863-1919)"},"content":{"rendered":"<p>Camille Erlanger ist einer der Opernkomponisten der &#8222;Belle Epoque&#8220;, wie Alfred Bruneau, Xavier Leroux, Georges H\u00fce oder Henry F\u00e9vrier. Diese Komponisten waren alle mit dem Schreiben f\u00fcr das Theater vertraut und die dramatische Musik machte den gr\u00f6\u00dften Teil ihres Katalogs aus. Dennoch hat keiner von ihnen die Opernlandschaft ihrer Zeit nachhaltig gepr\u00e4gt, obwohl sie aufgrund der Qualit\u00e4t ihrer Musik einen nicht zu untersch\u00e4tzenden Platz im Repertoire der Theater einnehmen sollten.<\/p>\n<p>Der Familienname Erlanger wird von vielen j\u00fcdischen Familien deutscher und els\u00e4ssischer Herkunft getragen. Er ist mehreren nicht verwandten Musikern gemeinsam: den Komponisten Jules und Gustav Erlanger sowie Fr\u00e9d\u00e9ric d&#8217;Erlanger (1868-1943), dessen Karriere sich in London abspielte. Rodolphe d&#8217;Erlanger (1872-1932) war ein <img fetchpriority=\"high\" decoding=\"async\" class=\"size-medium wp-image-105937 alignright\" src=\"https:\/\/www.iemj.org\/wp-content\/uploads\/2023\/11\/Saint-Julien-lhospitalier-201x300.jpg\" alt=\"\" width=\"201\" height=\"300\" srcset=\"https:\/\/www.iemj.org\/wp-content\/uploads\/2023\/11\/Saint-Julien-lhospitalier-201x300.jpg 201w, https:\/\/www.iemj.org\/wp-content\/uploads\/2023\/11\/Saint-Julien-lhospitalier.jpg 325w\" sizes=\"(max-width: 201px) 100vw, 201px\" \/>Musikethnologe und Autor einer monumentalen Studie \u00fcber arabische Musik.<\/p>\n<p>Nichts auf den ersten Blick pr\u00e4destiniert Camille Erlanger f\u00fcr eine musikalische Karriere. Seine Eltern, die aus dem heimatlichen Elsass nach Paris gezogen waren, waren bescheidene Kaufleute, die der Welt der Kunst fern standen. Das am 24. Mai 1863 geborene Kind zeigte eine offensichtliche Neigung zur Musik. Er trat 1881 in das Pariser Konservatorium ein, wo er 1886 in die Kompositionsklasse von L\u00e9o Delibes aufgenommen wurde; 1888 gewann er vor Paul Dukas den ersten gro\u00dfen Preis von Rom mit der Kantate <em>Vell\u00e9da<\/em>. 1895 beeindruckte seine lyrische Legende <strong><em>Saint-Julien l&#8217;hospitalier<\/em><\/strong> nach der gleichnamigen Erz\u00e4hlung von Flaubert durch ihre Gr\u00f6\u00dfe und ihre harmonischen K\u00fchnheiten, die von seinem wagnerianischen Eifer zeugten.<\/p>\n<p>Camille Erlangers erstes lyrisches Werk, <strong><em>Kermaria<\/em><\/strong>, vermischt in einem bretonischen Rahmen Fantastisches und Legend\u00e4res. Es wurde 1897 an der Op\u00e9ra-Comique uraufgef\u00fchrt, war aber nur ein mittelm\u00e4\u00dfiger Erfolg. Gl\u00fccklicher war der Komponist mit <strong><em>Le Juif polonais<\/em><\/strong> (Der polnische Jude), nach einem Roman von Erckmann-Chatrian. Dieses d\u00fcstere Drama \u00fcber Schuld und Reue, das in einem els\u00e4ssischen Dorf spielt, steht in Verbindung mit der naturalistischen \u00c4sthetik, die damals von Komponisten wie Alfred Bruneau und Gustave Charpentier vertreten wurde. <em>Le Juif polonais<\/em> wurde 1900 mit gro\u00dfem Erfolg an der Op\u00e9ra-Comique aufgef\u00fchrt und bis Ende der 1930er Jahre regelm\u00e4\u00dfig wiederaufgef\u00fchrt.<\/p>\n\n\n<div class=\"wp-block-columns are-vertically-aligned-top is-layout-flex wp-container-core-columns-is-layout-9d6595d7 wp-block-columns-is-layout-flex\">\n<div class=\"wp-block-column is-vertically-aligned-top is-layout-flow wp-block-column-is-layout-flow\">\n<figure class=\"wp-block-image size-full\"><img decoding=\"async\" width=\"337\" height=\"500\" src=\"https:\/\/www.iemj.org\/wp-content\/uploads\/2023\/11\/Kermaria-1897.jpg\" alt=\"\" class=\"wp-image-105922\" srcset=\"https:\/\/www.iemj.org\/wp-content\/uploads\/2023\/11\/Kermaria-1897.jpg 337w, https:\/\/www.iemj.org\/wp-content\/uploads\/2023\/11\/Kermaria-1897-202x300.jpg 202w\" sizes=\"(max-width: 337px) 100vw, 337px\" \/><figcaption class=\"wp-element-caption\"><strong><em>Kermaria<\/em> (1897)<\/strong><\/figcaption><\/figure>\n<\/div>\n\n\n\n<div class=\"wp-block-column is-vertically-aligned-top is-layout-flow wp-block-column-is-layout-flow\">\n<figure class=\"wp-block-image size-full\"><img decoding=\"async\" width=\"310\" height=\"500\" src=\"https:\/\/www.iemj.org\/wp-content\/uploads\/2023\/11\/Le-Juif-Polonais-1900_1.jpg\" alt=\"\" class=\"wp-image-105927\" srcset=\"https:\/\/www.iemj.org\/wp-content\/uploads\/2023\/11\/Le-Juif-Polonais-1900_1.jpg 310w, https:\/\/www.iemj.org\/wp-content\/uploads\/2023\/11\/Le-Juif-Polonais-1900_1-186x300.jpg 186w\" sizes=\"(max-width: 310px) 100vw, 310px\" \/><figcaption class=\"wp-element-caption\"><em><strong>Le Juif Polonais (1900)<\/strong><\/em><\/figcaption><\/figure>\n<\/div>\n\n\n\n<div class=\"wp-block-column is-vertically-aligned-top is-layout-flow wp-block-column-is-layout-flow\">\n<figure class=\"wp-block-image size-full\"><img loading=\"lazy\" decoding=\"async\" width=\"327\" height=\"500\" src=\"https:\/\/www.iemj.org\/wp-content\/uploads\/2023\/11\/Le-Juif-Polonais-1900_2.jpg\" alt=\"\" class=\"wp-image-105932\" srcset=\"https:\/\/www.iemj.org\/wp-content\/uploads\/2023\/11\/Le-Juif-Polonais-1900_2.jpg 327w, https:\/\/www.iemj.org\/wp-content\/uploads\/2023\/11\/Le-Juif-Polonais-1900_2-196x300.jpg 196w\" sizes=\"(max-width: 327px) 100vw, 327px\" \/><figcaption class=\"wp-element-caption\"><em><strong>Le Juif Polonais (1900)<\/strong><\/em><\/figcaption><\/figure>\n<\/div>\n<\/div>\n\n\n<p>Wahrscheinlich wurde Erlanger durch seinen Lehrmeister L\u00e9o Delibes in den Salon von Isaac de Camondo eingef\u00fchrt, einem Bankier, Diplomaten, prominenten Kunstsammler und Amateurkomponisten, dessen Oper <em>Le Clown<\/em> 1906 an der Op\u00e9ra-comique aufgef\u00fchrt wurde. 1902 heiratete er eine Gro\u00dfcousine von ihm, Ir\u00e8ne Hillel-Manoach (1878-1920), deren Initiationsroman <em>Voyage en kaleidoscope<\/em> zu einem Klassiker der esoterischen Literatur wurde und das Interesse der Surrealisten weckte. Ihr Sohn Philippe Erlanger (1903-1987), ein hoher Beamter, Schriftsteller und Kunstkritiker, wurde zu einem der Initiatoren des Filmfestivals von Cannes.<\/p>\n<p><em><strong><img loading=\"lazy\" decoding=\"async\" class=\"size-medium wp-image-105944 alignleft\" src=\"https:\/\/www.iemj.org\/wp-content\/uploads\/2023\/11\/Le-Fils-de-lEtoile-193x300.jpg\" alt=\"\" width=\"193\" height=\"300\" srcset=\"https:\/\/www.iemj.org\/wp-content\/uploads\/2023\/11\/Le-Fils-de-lEtoile-193x300.jpg 193w, https:\/\/www.iemj.org\/wp-content\/uploads\/2023\/11\/Le-Fils-de-lEtoile.jpg 322w\" sizes=\"(max-width: 193px) 100vw, 193px\" \/><\/strong><\/em><\/p>\n<p><strong><em>Le Fils de l&#8217;Etoile<\/em><\/strong> (Der Sohn des Sterns) ist ein lyrisches Drama in f\u00fcnf Akten, das 1904 im Palais Garnier uraufgef\u00fchrt wurde. Das Libretto von Catulle Mend\u00e8s beschreibt den Aufstand der Hebr\u00e4er, der durch die Entscheidung Kaiser Hadrians ausgel\u00f6st wurde, eine Stadt an der Stelle des Tempels von Jerusalem zu errichten. Dieses gro\u00df angelegte Fresko mit episch-wagnerianischem Charakter, in dem Mend\u00e8s&#8216; flammender Ausdruck die Undurchsichtigkeit der Aktion nur schlecht kaschiert, erzielte nur einen Achtungserfolg.<\/p>\n<p>Parallel zu seiner Oper <em>Le Fils de l&#8217;Etoile<\/em> komponierte der Musiker das Werk, das sein gr\u00f6\u00dfter Erfolg werden sollte: <em>Aphrodite<\/em>, dessen Libretto von Louis de Grammont den ber\u00fchmten Roman von Pierre Lou\u00ffs f\u00fcr die B\u00fchne adaptierte. Die erotische Komponente des Arguments, die prunkvolle Inszenierung bei der Urauff\u00fchrung an der Op\u00e9ra-Comique 1906 und die Pr\u00e4senz von Mary Garden in der Rolle der Chrysis sollten f\u00fcr den gro\u00dfen Erfolg des Werkes von Bedeutung sein. Aber Erlanger&#8217;s Musik mit ihrem angeborenen Sinn f\u00fcr Klangkulissen, ihrer sehr pers\u00f6nlichen Behandlung von Leitmotiven und der oft unerwarteten Physiognomie ihrer melodischen Motive wird ebenso wichtig f\u00fcr den Erfolg eines Werkes sein, von dem die Musikwissenschaftlerin Leslie Wright zu Recht sagen wird, dass &#8222;sein hybrider Charakter vielleicht mehr \u00fcber die Anf\u00e4nge der Moderne aufkl\u00e4rt als andere, linearere Partituren&#8220;.<\/p>\n<p>1909 brachte Erlanger in Bordeaux <em>Bacchus Triomphant<\/em> zur Auff\u00fchrung, ein gro\u00dfes Volksschauspiel, und 1911 in Rouen <em>L&#8217;Aube Rouge<\/em>, ein Drama, das in den Kreisen der russischen Anarchisten spielte.<\/p>\n<figure id=\"attachment_105949\" aria-describedby=\"caption-attachment-105949\" style=\"width: 205px\" class=\"wp-caption alignright\"><img loading=\"lazy\" decoding=\"async\" class=\"wp-image-105949 size-medium\" src=\"https:\/\/www.iemj.org\/wp-content\/uploads\/2023\/11\/La-Sorciere-1912-205x300.jpg\" alt=\"\" width=\"205\" height=\"300\" srcset=\"https:\/\/www.iemj.org\/wp-content\/uploads\/2023\/11\/La-Sorciere-1912-205x300.jpg 205w, https:\/\/www.iemj.org\/wp-content\/uploads\/2023\/11\/La-Sorciere-1912.jpg 341w\" sizes=\"(max-width: 205px) 100vw, 205px\" \/><figcaption id=\"caption-attachment-105949\" class=\"wp-caption-text\"><strong>Camille Erlanger l\u00e4sst Marthe Chenal f\u00fcr die Rolle der Zoraya arbeiten<\/strong><\/figcaption><\/figure>\n<p>Seine n\u00e4chsten beiden Werke wurden gleichzeitig komponiert: <em>Hannele Mattern<\/em> und <strong><em>La Sorci\u00e8re<\/em><\/strong>, ein Musikdrama in vier Akten nach einem Drama von Victorien Sardou.\u00a0 Die tragische und gewaltt\u00e4tige Handlung erz\u00e4hlt von der Liebe zwischen einem Hauptmann der Bogensch\u00fctzen von Toledo und einer Muslimin mit \u00fcbernat\u00fcrlichen Kr\u00e4ften, die beide den Selbstmord w\u00e4hlen, um den Scheiterhaufen der Inquisition zu entgehen. Die Premiere 1912 an der Op\u00e9ra-Comique rief trotz des Erfolgs gemischte Reaktionen hervor: Die erschreckende Darstellung der Kirche wurde von einigen Kritikern sehr schlecht aufgenommen, deren Kommentare von unverhohlenen antisemitischen Untert\u00f6nen begleitet wurden. Das Werk profitierte von der Sopranistin Marthe Chenal in der Titelrolle. Als &#8222;Monstre sacr\u00e9&#8220; war sie Erlangers bevorzugte Interpretin und schuf <em>Bacchus triumphant<\/em>, <em>L&#8217;Aube rouge<\/em> und vor allem <em>La Sorci\u00e8re<\/em>, wo ihre Stimme und ihre B\u00fchnenpr\u00e4senz gro\u00dfen Eindruck hinterlie\u00dfen.<\/p>\n<p><em>La <\/em><em>Sorci\u00e8re <\/em>war das letzte lyrische Werk von Erlanger, das zu seinen Lebzeiten entstand; bei seinem Tod hinterlie\u00df er zwei unvollendete Opern.<\/p>\n<p><em>Forfaiture<\/em>, eine seltene \u00dcbertragung eines Films auf die Oper, wurde 1921 uraufgef\u00fchrt und schockierte durch die leidenschaftliche Gewalt und die Rohheit des Librettos. Die Oper <em>Faublas<\/em> hingegen wird nie das Rampenlicht sehen, und die von Paul Bastide vollendete Partitur ruht in den Best\u00e4nden der franz\u00f6sischen Nationalbibliothek.<\/p>\n<p><img loading=\"lazy\" decoding=\"async\" class=\"wp-image-105973 size-full alignleft\" src=\"https:\/\/www.iemj.org\/wp-content\/uploads\/2023\/11\/Hanele-1.jpg\" alt=\"\" width=\"193\" height=\"262\" \/><\/p>\n<p>1913 hatte Erlanger <strong><em>Hannele Mattern<\/em><\/strong> fertiggestellt, das im darauffolgenden Jahr an der Op\u00e9ra-Comique aufgef\u00fchrt werden sollte. Das Libretto basierte jedoch auf dem gleichnamigen Theaterst\u00fcck von Gerhard Hauptmann, und w\u00e4hrend des gesamten Krieges war es undenkbar, in Paris ein Werk aus der Feder eines deutschen Autors aufzuf\u00fchren. Nach dem Tod von Camille Erlanger am 24. April 1919 geriet seine Musik, die nicht in die \u00e4sthetische Str\u00f6mung der Ann\u00e9es folles passte, allm\u00e4hlich in Vergessenheit, was die Chancen von <em>Hannele Mattern<\/em>, aufgef\u00fchrt zu werden, erheblich verringerte. Dennoch wurde das Werk 1950 in Stra\u00dfburg uraufgef\u00fchrt, ohne viel mehr als h\u00f6fliche Gleichg\u00fcltigkeit hervorzurufen. Und dies ist sicherlich das letzte Mal, dass ein Werk von Erlanger auf der B\u00fchne aufgef\u00fchrt wird.<\/p>\n<p>Obwohl Camille Erlanger vor allem als Opernkomponist bekannt ist, umfasst sein Werkverzeichnis auch zahlreiche Melodien, einige Klavierseiten und Sinfonien sowie Musik f\u00fcr <em>La Supr\u00eame Epop\u00e9e<\/em>, einen patriotischen Propagandafilm unter der Regie von Henri Desfontaines, der 1919 vom Foto- und Filmdienst der Armeen produziert wurde.<\/p>\n<p>Erlangers Musikstil ist charakterisiert durch eine dichte Schreibweise, eine F\u00fclle von Leitmotiven und eine opulente Orchestrierung. Seine harmonische Musiksprache scheut sich nicht vor \u00fcberraschenden Wagnissen, die kurzzeitig bis an die Grenzen der Tonalit\u00e4t f\u00fchren k\u00f6nnen. Er ist ein hervorragender Orchestrator und hat ein offensichtliches Gesp\u00fcr f\u00fcr die musikalische Kulisse, die er in wenigen Takten auf eindrucksvolle Weise zu errichten wei\u00df. Gro\u00dfe lyrische Ausbr\u00fcche und schwelgerische Melodien geh\u00f6ren selten zu seinem Vokabular. Seine dramaturgischen Qualit\u00e4ten kristallisieren sich um seinen bemerkenswerten Sinn f\u00fcr Klangkulissen herum. Durch die Einzigartigkeit einer melodischen Zeichnung oder einer harmonischen Verkettung gelingt es ihm, einen musikalischen Rahmen von bemerkenswerter Wirksamkeit zu schaffen, mit einer evokativen Kraft, die es ihm erm\u00f6glicht, seine Figuren, ihre Pers\u00f6nlichkeiten und ihre Gem\u00fctszust\u00e4nde zu charakterisieren. Dieser sehr theatralische und gleichzeitig unkonventionelle Ansatz scheint damals sowohl die Liebhaber einer traditionellen, in der Gounod-Massenet-Tradition verwurzelten Opernkunst als auch die Verfechter einer &#8222;neuen Kunst&#8220; der Oper, die von Komponisten wie Debussy, d&#8217;Indy oder Dukas repr\u00e4sentiert wurde, verwirrt zu haben.<\/p>\n\n\n<div class=\"wp-block-columns is-layout-flex wp-container-core-columns-is-layout-9d6595d7 wp-block-columns-is-layout-flex\">\n<div class=\"wp-block-column is-layout-flow wp-block-column-is-layout-flow\">\n<figure class=\"wp-block-image size-full\"><img loading=\"lazy\" decoding=\"async\" width=\"500\" height=\"360\" src=\"https:\/\/www.iemj.org\/wp-content\/uploads\/2023\/11\/Camille-Erlanger-et-Catulle-Mendes-par-Leonetto-Cappiello-1904.jpg\" alt=\"\" class=\"wp-image-105960\" srcset=\"https:\/\/www.iemj.org\/wp-content\/uploads\/2023\/11\/Camille-Erlanger-et-Catulle-Mendes-par-Leonetto-Cappiello-1904.jpg 500w, https:\/\/www.iemj.org\/wp-content\/uploads\/2023\/11\/Camille-Erlanger-et-Catulle-Mendes-par-Leonetto-Cappiello-1904-300x216.jpg 300w\" sizes=\"(max-width: 500px) 100vw, 500px\" \/><figcaption class=\"wp-element-caption\"><strong>Camille Erlanger und Catulle Mend\u00e8s, von Leonetto Cappiello (1904)<\/strong><\/figcaption><\/figure>\n<\/div>\n\n\n\n<div class=\"wp-block-column is-layout-flow wp-block-column-is-layout-flow\">\n<figure class=\"wp-block-image size-full\"><img loading=\"lazy\" decoding=\"async\" width=\"500\" height=\"376\" src=\"https:\/\/www.iemj.org\/wp-content\/uploads\/2023\/11\/Theatre-National-La-Sorciere.jpg\" alt=\"\" class=\"wp-image-105965\" srcset=\"https:\/\/www.iemj.org\/wp-content\/uploads\/2023\/11\/Theatre-National-La-Sorciere.jpg 500w, https:\/\/www.iemj.org\/wp-content\/uploads\/2023\/11\/Theatre-National-La-Sorciere-300x226.jpg 300w\" sizes=\"(max-width: 500px) 100vw, 500px\" \/><figcaption class=\"wp-element-caption\"><strong>Nationaltheater der Op\u00e9ra-Comique &#8211;<em> La Sorci\u00e8re <\/em>&#8211; Akt IV<\/strong><\/figcaption><\/figure>\n<\/div>\n<\/div>\n\n\n\n<figure class=\"wp-block-embed is-type-video is-provider-youtube wp-block-embed-youtube wp-embed-aspect-16-9 wp-has-aspect-ratio\"><div class=\"wp-block-embed__wrapper\">\n<iframe title=\"Aphrodite (Erlanger) Acte II - Partie 2 - Ch\u0153ur des courtisanes et Sc\u00e8ne des offrandes (dir. Aubin)\" width=\"640\" height=\"360\" src=\"https:\/\/www.youtube.com\/embed\/4ssE5_rybLA?list=PL2110Qqi0eq5FCG3cQ3Fijd_2_YgG-NHP\" frameborder=\"0\" allow=\"accelerometer; autoplay; clipboard-write; encrypted-media; gyroscope; picture-in-picture; web-share\" referrerpolicy=\"strict-origin-when-cross-origin\" allowfullscreen><\/iframe>\n<\/div><\/figure>\n","protected":false},"excerpt":{"rendered":"<p>Camille Erlanger ist einer der Opernkomponisten der &#8222;Belle Epoque&#8220;, wie Alfred Bruneau, Xavier Leroux, Georges H\u00fce oder Henry F\u00e9vrier. Diese Komponisten waren alle mit dem Schreiben f\u00fcr das Theater vertraut<\/p>\n","protected":false},"author":5,"featured_media":105919,"comment_status":"closed","ping_status":"closed","sticky":false,"template":"","format":"standard","meta":{"_acf_changed":false,"footnotes":""},"categories":[1415],"tags":[],"technique":[],"squelettes":[],"sujet":[],"formation":[],"genre":[],"fonds":[],"tradition":[],"type-de-contenu":[],"interprete-compositeur":[],"frise":[],"type-devenement":[],"tableaux-liens-externes":[],"class_list":["post-105982","post","type-post","status-publish","format-standard","has-post-thumbnail","hentry","category-biografien-de"],"acf":[],"yoast_head":"<!-- This site is optimized with the Yoast SEO plugin v27.3 - https:\/\/yoast.com\/product\/yoast-seo-wordpress\/ -->\n<title>ERLANGER, CAMILLE (1863-1919) - Institut Europ\u00e9en des Musiques Juives<\/title>\n<meta name=\"robots\" content=\"index, follow, max-snippet:-1, max-image-preview:large, max-video-preview:-1\" \/>\n<link rel=\"canonical\" href=\"https:\/\/www.iemj.org\/de\/camille-erlanger-1863-1919\/\" \/>\n<meta property=\"og:locale\" content=\"de_DE\" \/>\n<meta property=\"og:type\" content=\"article\" \/>\n<meta property=\"og:title\" content=\"ERLANGER, CAMILLE (1863-1919) - Institut Europ\u00e9en des Musiques Juives\" \/>\n<meta property=\"og:description\" content=\"Camille Erlanger ist einer der Opernkomponisten der &#8222;Belle Epoque&#8220;, wie Alfred Bruneau, Xavier Leroux, Georges H\u00fce oder Henry F\u00e9vrier. Diese Komponisten waren alle mit dem Schreiben f\u00fcr das Theater vertraut\" \/>\n<meta property=\"og:url\" content=\"https:\/\/www.iemj.org\/de\/camille-erlanger-1863-1919\/\" \/>\n<meta property=\"og:site_name\" content=\"Institut Europ\u00e9en des Musiques Juives\" \/>\n<meta property=\"article:publisher\" content=\"https:\/\/www.facebook.com\/MusiquesJuives\/\" \/>\n<meta property=\"article:published_time\" content=\"2023-11-28T10:55:48+00:00\" \/>\n<meta property=\"article:modified_time\" content=\"2023-11-28T15:43:38+00:00\" \/>\n<meta property=\"og:image\" content=\"https:\/\/www.iemj.org\/wp-content\/uploads\/2023\/11\/Logo-Bio.jpg\" \/>\n\t<meta property=\"og:image:width\" content=\"182\" \/>\n\t<meta property=\"og:image:height\" content=\"218\" \/>\n\t<meta property=\"og:image:type\" content=\"image\/jpeg\" \/>\n<meta name=\"author\" content=\"Jacqueline ROTEN\" \/>\n<meta name=\"twitter:card\" content=\"summary_large_image\" \/>\n<meta name=\"twitter:label1\" content=\"Verfasst von\" \/>\n\t<meta name=\"twitter:data1\" content=\"Jacqueline ROTEN\" \/>\n\t<meta name=\"twitter:label2\" content=\"Gesch\u00e4tzte Lesezeit\" \/>\n\t<meta name=\"twitter:data2\" content=\"8\u00a0Minuten\" \/>\n<script type=\"application\/ld+json\" class=\"yoast-schema-graph\">{\"@context\":\"https:\\\/\\\/schema.org\",\"@graph\":[{\"@type\":\"Article\",\"@id\":\"https:\\\/\\\/www.iemj.org\\\/de\\\/camille-erlanger-1863-1919\\\/#article\",\"isPartOf\":{\"@id\":\"https:\\\/\\\/www.iemj.org\\\/de\\\/camille-erlanger-1863-1919\\\/\"},\"author\":{\"name\":\"Jacqueline ROTEN\",\"@id\":\"https:\\\/\\\/www.iemj.org\\\/de\\\/#\\\/schema\\\/person\\\/358e26c18aca017fcc4cc15437f7279c\"},\"headline\":\"ERLANGER, CAMILLE (1863-1919)\",\"datePublished\":\"2023-11-28T10:55:48+00:00\",\"dateModified\":\"2023-11-28T15:43:38+00:00\",\"mainEntityOfPage\":{\"@id\":\"https:\\\/\\\/www.iemj.org\\\/de\\\/camille-erlanger-1863-1919\\\/\"},\"wordCount\":1317,\"publisher\":{\"@id\":\"https:\\\/\\\/www.iemj.org\\\/de\\\/#organization\"},\"image\":{\"@id\":\"https:\\\/\\\/www.iemj.org\\\/de\\\/camille-erlanger-1863-1919\\\/#primaryimage\"},\"thumbnailUrl\":\"https:\\\/\\\/www.iemj.org\\\/wp-content\\\/uploads\\\/2023\\\/11\\\/Logo-Bio.jpg\",\"articleSection\":[\"Biografien\"],\"inLanguage\":\"de\"},{\"@type\":\"WebPage\",\"@id\":\"https:\\\/\\\/www.iemj.org\\\/de\\\/camille-erlanger-1863-1919\\\/\",\"url\":\"https:\\\/\\\/www.iemj.org\\\/de\\\/camille-erlanger-1863-1919\\\/\",\"name\":\"ERLANGER, CAMILLE (1863-1919) - Institut Europ\u00e9en des Musiques Juives\",\"isPartOf\":{\"@id\":\"https:\\\/\\\/www.iemj.org\\\/de\\\/#website\"},\"primaryImageOfPage\":{\"@id\":\"https:\\\/\\\/www.iemj.org\\\/de\\\/camille-erlanger-1863-1919\\\/#primaryimage\"},\"image\":{\"@id\":\"https:\\\/\\\/www.iemj.org\\\/de\\\/camille-erlanger-1863-1919\\\/#primaryimage\"},\"thumbnailUrl\":\"https:\\\/\\\/www.iemj.org\\\/wp-content\\\/uploads\\\/2023\\\/11\\\/Logo-Bio.jpg\",\"datePublished\":\"2023-11-28T10:55:48+00:00\",\"dateModified\":\"2023-11-28T15:43:38+00:00\",\"breadcrumb\":{\"@id\":\"https:\\\/\\\/www.iemj.org\\\/de\\\/camille-erlanger-1863-1919\\\/#breadcrumb\"},\"inLanguage\":\"de\",\"potentialAction\":[{\"@type\":\"ReadAction\",\"target\":[\"https:\\\/\\\/www.iemj.org\\\/de\\\/camille-erlanger-1863-1919\\\/\"]}]},{\"@type\":\"ImageObject\",\"inLanguage\":\"de\",\"@id\":\"https:\\\/\\\/www.iemj.org\\\/de\\\/camille-erlanger-1863-1919\\\/#primaryimage\",\"url\":\"https:\\\/\\\/www.iemj.org\\\/wp-content\\\/uploads\\\/2023\\\/11\\\/Logo-Bio.jpg\",\"contentUrl\":\"https:\\\/\\\/www.iemj.org\\\/wp-content\\\/uploads\\\/2023\\\/11\\\/Logo-Bio.jpg\",\"width\":182,\"height\":218},{\"@type\":\"BreadcrumbList\",\"@id\":\"https:\\\/\\\/www.iemj.org\\\/de\\\/camille-erlanger-1863-1919\\\/#breadcrumb\",\"itemListElement\":[{\"@type\":\"ListItem\",\"position\":1,\"name\":\"Accueil\",\"item\":\"https:\\\/\\\/www.iemj.org\\\/de\\\/\"},{\"@type\":\"ListItem\",\"position\":2,\"name\":\"ERLANGER, CAMILLE (1863-1919)\"}]},{\"@type\":\"WebSite\",\"@id\":\"https:\\\/\\\/www.iemj.org\\\/de\\\/#website\",\"url\":\"https:\\\/\\\/www.iemj.org\\\/de\\\/\",\"name\":\"Institut Europ\u00e9en des Musiques Juives\",\"description\":\"Des traditions musicales \u00e0 la port\u00e9e de tous\",\"publisher\":{\"@id\":\"https:\\\/\\\/www.iemj.org\\\/de\\\/#organization\"},\"potentialAction\":[{\"@type\":\"SearchAction\",\"target\":{\"@type\":\"EntryPoint\",\"urlTemplate\":\"https:\\\/\\\/www.iemj.org\\\/de\\\/?s={search_term_string}\"},\"query-input\":{\"@type\":\"PropertyValueSpecification\",\"valueRequired\":true,\"valueName\":\"search_term_string\"}}],\"inLanguage\":\"de\"},{\"@type\":\"Organization\",\"@id\":\"https:\\\/\\\/www.iemj.org\\\/de\\\/#organization\",\"name\":\"Institut Europ\u00e9en des Musiques Juives\",\"url\":\"https:\\\/\\\/www.iemj.org\\\/de\\\/\",\"logo\":{\"@type\":\"ImageObject\",\"inLanguage\":\"de\",\"@id\":\"https:\\\/\\\/www.iemj.org\\\/de\\\/#\\\/schema\\\/logo\\\/image\\\/\",\"url\":\"https:\\\/\\\/www.iemj.org\\\/wp-content\\\/uploads\\\/2021\\\/09\\\/Logo-IEMJ-Paypal.jpg\",\"contentUrl\":\"https:\\\/\\\/www.iemj.org\\\/wp-content\\\/uploads\\\/2021\\\/09\\\/Logo-IEMJ-Paypal.jpg\",\"width\":150,\"height\":50,\"caption\":\"Institut Europ\u00e9en des Musiques Juives\"},\"image\":{\"@id\":\"https:\\\/\\\/www.iemj.org\\\/de\\\/#\\\/schema\\\/logo\\\/image\\\/\"},\"sameAs\":[\"https:\\\/\\\/www.facebook.com\\\/MusiquesJuives\\\/\",\"https:\\\/\\\/www.instagram.com\\\/musiquesjuives\\\/\",\"https:\\\/\\\/www.youtube.com\\\/user\\\/musiquesjuives\"]},{\"@type\":\"Person\",\"@id\":\"https:\\\/\\\/www.iemj.org\\\/de\\\/#\\\/schema\\\/person\\\/358e26c18aca017fcc4cc15437f7279c\",\"name\":\"Jacqueline ROTEN\",\"image\":{\"@type\":\"ImageObject\",\"inLanguage\":\"de\",\"@id\":\"https:\\\/\\\/secure.gravatar.com\\\/avatar\\\/5964256d6c6957de3a3505278957e0fb2a35119ac47ea41827a65301213c810b?s=96&d=mm&r=g\",\"url\":\"https:\\\/\\\/secure.gravatar.com\\\/avatar\\\/5964256d6c6957de3a3505278957e0fb2a35119ac47ea41827a65301213c810b?s=96&d=mm&r=g\",\"contentUrl\":\"https:\\\/\\\/secure.gravatar.com\\\/avatar\\\/5964256d6c6957de3a3505278957e0fb2a35119ac47ea41827a65301213c810b?s=96&d=mm&r=g\",\"caption\":\"Jacqueline ROTEN\"}}]}<\/script>\n<!-- \/ Yoast SEO plugin. -->","yoast_head_json":{"title":"ERLANGER, CAMILLE (1863-1919) - Institut Europ\u00e9en des Musiques Juives","robots":{"index":"index","follow":"follow","max-snippet":"max-snippet:-1","max-image-preview":"max-image-preview:large","max-video-preview":"max-video-preview:-1"},"canonical":"https:\/\/www.iemj.org\/de\/camille-erlanger-1863-1919\/","og_locale":"de_DE","og_type":"article","og_title":"ERLANGER, CAMILLE (1863-1919) - Institut Europ\u00e9en des Musiques Juives","og_description":"Camille Erlanger ist einer der Opernkomponisten der &#8222;Belle Epoque&#8220;, wie Alfred Bruneau, Xavier Leroux, Georges H\u00fce oder Henry F\u00e9vrier. Diese Komponisten waren alle mit dem Schreiben f\u00fcr das Theater vertraut","og_url":"https:\/\/www.iemj.org\/de\/camille-erlanger-1863-1919\/","og_site_name":"Institut Europ\u00e9en des Musiques Juives","article_publisher":"https:\/\/www.facebook.com\/MusiquesJuives\/","article_published_time":"2023-11-28T10:55:48+00:00","article_modified_time":"2023-11-28T15:43:38+00:00","og_image":[{"width":182,"height":218,"url":"https:\/\/www.iemj.org\/wp-content\/uploads\/2023\/11\/Logo-Bio.jpg","type":"image\/jpeg"}],"author":"Jacqueline ROTEN","twitter_card":"summary_large_image","twitter_misc":{"Verfasst von":"Jacqueline ROTEN","Gesch\u00e4tzte Lesezeit":"8\u00a0Minuten"},"schema":{"@context":"https:\/\/schema.org","@graph":[{"@type":"Article","@id":"https:\/\/www.iemj.org\/de\/camille-erlanger-1863-1919\/#article","isPartOf":{"@id":"https:\/\/www.iemj.org\/de\/camille-erlanger-1863-1919\/"},"author":{"name":"Jacqueline ROTEN","@id":"https:\/\/www.iemj.org\/de\/#\/schema\/person\/358e26c18aca017fcc4cc15437f7279c"},"headline":"ERLANGER, CAMILLE (1863-1919)","datePublished":"2023-11-28T10:55:48+00:00","dateModified":"2023-11-28T15:43:38+00:00","mainEntityOfPage":{"@id":"https:\/\/www.iemj.org\/de\/camille-erlanger-1863-1919\/"},"wordCount":1317,"publisher":{"@id":"https:\/\/www.iemj.org\/de\/#organization"},"image":{"@id":"https:\/\/www.iemj.org\/de\/camille-erlanger-1863-1919\/#primaryimage"},"thumbnailUrl":"https:\/\/www.iemj.org\/wp-content\/uploads\/2023\/11\/Logo-Bio.jpg","articleSection":["Biografien"],"inLanguage":"de"},{"@type":"WebPage","@id":"https:\/\/www.iemj.org\/de\/camille-erlanger-1863-1919\/","url":"https:\/\/www.iemj.org\/de\/camille-erlanger-1863-1919\/","name":"ERLANGER, CAMILLE (1863-1919) - Institut Europ\u00e9en des Musiques Juives","isPartOf":{"@id":"https:\/\/www.iemj.org\/de\/#website"},"primaryImageOfPage":{"@id":"https:\/\/www.iemj.org\/de\/camille-erlanger-1863-1919\/#primaryimage"},"image":{"@id":"https:\/\/www.iemj.org\/de\/camille-erlanger-1863-1919\/#primaryimage"},"thumbnailUrl":"https:\/\/www.iemj.org\/wp-content\/uploads\/2023\/11\/Logo-Bio.jpg","datePublished":"2023-11-28T10:55:48+00:00","dateModified":"2023-11-28T15:43:38+00:00","breadcrumb":{"@id":"https:\/\/www.iemj.org\/de\/camille-erlanger-1863-1919\/#breadcrumb"},"inLanguage":"de","potentialAction":[{"@type":"ReadAction","target":["https:\/\/www.iemj.org\/de\/camille-erlanger-1863-1919\/"]}]},{"@type":"ImageObject","inLanguage":"de","@id":"https:\/\/www.iemj.org\/de\/camille-erlanger-1863-1919\/#primaryimage","url":"https:\/\/www.iemj.org\/wp-content\/uploads\/2023\/11\/Logo-Bio.jpg","contentUrl":"https:\/\/www.iemj.org\/wp-content\/uploads\/2023\/11\/Logo-Bio.jpg","width":182,"height":218},{"@type":"BreadcrumbList","@id":"https:\/\/www.iemj.org\/de\/camille-erlanger-1863-1919\/#breadcrumb","itemListElement":[{"@type":"ListItem","position":1,"name":"Accueil","item":"https:\/\/www.iemj.org\/de\/"},{"@type":"ListItem","position":2,"name":"ERLANGER, CAMILLE (1863-1919)"}]},{"@type":"WebSite","@id":"https:\/\/www.iemj.org\/de\/#website","url":"https:\/\/www.iemj.org\/de\/","name":"Institut Europ\u00e9en des Musiques Juives","description":"Des traditions musicales \u00e0 la port\u00e9e de tous","publisher":{"@id":"https:\/\/www.iemj.org\/de\/#organization"},"potentialAction":[{"@type":"SearchAction","target":{"@type":"EntryPoint","urlTemplate":"https:\/\/www.iemj.org\/de\/?s={search_term_string}"},"query-input":{"@type":"PropertyValueSpecification","valueRequired":true,"valueName":"search_term_string"}}],"inLanguage":"de"},{"@type":"Organization","@id":"https:\/\/www.iemj.org\/de\/#organization","name":"Institut Europ\u00e9en des Musiques Juives","url":"https:\/\/www.iemj.org\/de\/","logo":{"@type":"ImageObject","inLanguage":"de","@id":"https:\/\/www.iemj.org\/de\/#\/schema\/logo\/image\/","url":"https:\/\/www.iemj.org\/wp-content\/uploads\/2021\/09\/Logo-IEMJ-Paypal.jpg","contentUrl":"https:\/\/www.iemj.org\/wp-content\/uploads\/2021\/09\/Logo-IEMJ-Paypal.jpg","width":150,"height":50,"caption":"Institut Europ\u00e9en des Musiques Juives"},"image":{"@id":"https:\/\/www.iemj.org\/de\/#\/schema\/logo\/image\/"},"sameAs":["https:\/\/www.facebook.com\/MusiquesJuives\/","https:\/\/www.instagram.com\/musiquesjuives\/","https:\/\/www.youtube.com\/user\/musiquesjuives"]},{"@type":"Person","@id":"https:\/\/www.iemj.org\/de\/#\/schema\/person\/358e26c18aca017fcc4cc15437f7279c","name":"Jacqueline ROTEN","image":{"@type":"ImageObject","inLanguage":"de","@id":"https:\/\/secure.gravatar.com\/avatar\/5964256d6c6957de3a3505278957e0fb2a35119ac47ea41827a65301213c810b?s=96&d=mm&r=g","url":"https:\/\/secure.gravatar.com\/avatar\/5964256d6c6957de3a3505278957e0fb2a35119ac47ea41827a65301213c810b?s=96&d=mm&r=g","contentUrl":"https:\/\/secure.gravatar.com\/avatar\/5964256d6c6957de3a3505278957e0fb2a35119ac47ea41827a65301213c810b?s=96&d=mm&r=g","caption":"Jacqueline ROTEN"}}]}},"_links":{"self":[{"href":"https:\/\/www.iemj.org\/de\/wp-json\/wp\/v2\/posts\/105982","targetHints":{"allow":["GET"]}}],"collection":[{"href":"https:\/\/www.iemj.org\/de\/wp-json\/wp\/v2\/posts"}],"about":[{"href":"https:\/\/www.iemj.org\/de\/wp-json\/wp\/v2\/types\/post"}],"author":[{"embeddable":true,"href":"https:\/\/www.iemj.org\/de\/wp-json\/wp\/v2\/users\/5"}],"replies":[{"embeddable":true,"href":"https:\/\/www.iemj.org\/de\/wp-json\/wp\/v2\/comments?post=105982"}],"version-history":[{"count":0,"href":"https:\/\/www.iemj.org\/de\/wp-json\/wp\/v2\/posts\/105982\/revisions"}],"wp:featuredmedia":[{"embeddable":true,"href":"https:\/\/www.iemj.org\/de\/wp-json\/wp\/v2\/media\/105919"}],"wp:attachment":[{"href":"https:\/\/www.iemj.org\/de\/wp-json\/wp\/v2\/media?parent=105982"}],"wp:term":[{"taxonomy":"category","embeddable":true,"href":"https:\/\/www.iemj.org\/de\/wp-json\/wp\/v2\/categories?post=105982"},{"taxonomy":"post_tag","embeddable":true,"href":"https:\/\/www.iemj.org\/de\/wp-json\/wp\/v2\/tags?post=105982"},{"taxonomy":"technique","embeddable":true,"href":"https:\/\/www.iemj.org\/de\/wp-json\/wp\/v2\/technique?post=105982"},{"taxonomy":"squelettes","embeddable":true,"href":"https:\/\/www.iemj.org\/de\/wp-json\/wp\/v2\/squelettes?post=105982"},{"taxonomy":"sujet","embeddable":true,"href":"https:\/\/www.iemj.org\/de\/wp-json\/wp\/v2\/sujet?post=105982"},{"taxonomy":"formation","embeddable":true,"href":"https:\/\/www.iemj.org\/de\/wp-json\/wp\/v2\/formation?post=105982"},{"taxonomy":"genre","embeddable":true,"href":"https:\/\/www.iemj.org\/de\/wp-json\/wp\/v2\/genre?post=105982"},{"taxonomy":"fonds","embeddable":true,"href":"https:\/\/www.iemj.org\/de\/wp-json\/wp\/v2\/fonds?post=105982"},{"taxonomy":"tradition","embeddable":true,"href":"https:\/\/www.iemj.org\/de\/wp-json\/wp\/v2\/tradition?post=105982"},{"taxonomy":"type-de-contenu","embeddable":true,"href":"https:\/\/www.iemj.org\/de\/wp-json\/wp\/v2\/type-de-contenu?post=105982"},{"taxonomy":"interprete-compositeur","embeddable":true,"href":"https:\/\/www.iemj.org\/de\/wp-json\/wp\/v2\/interprete-compositeur?post=105982"},{"taxonomy":"frise","embeddable":true,"href":"https:\/\/www.iemj.org\/de\/wp-json\/wp\/v2\/frise?post=105982"},{"taxonomy":"type-devenement","embeddable":true,"href":"https:\/\/www.iemj.org\/de\/wp-json\/wp\/v2\/type-devenement?post=105982"},{"taxonomy":"tableaux-liens-externes","embeddable":true,"href":"https:\/\/www.iemj.org\/de\/wp-json\/wp\/v2\/tableaux-liens-externes?post=105982"}],"curies":[{"name":"wp","href":"https:\/\/api.w.org\/{rel}","templated":true}]}}