{"id":106640,"date":"2017-03-27T17:58:11","date_gmt":"2017-03-27T15:58:11","guid":{"rendered":"https:\/\/www.iemj.org\/conference-herve-roten-et-david-winter-musique-yiddish-dans-les-cabarets-dapres-guerre\/"},"modified":"2023-12-28T11:40:44","modified_gmt":"2023-12-28T10:40:44","slug":"conference-herve-roten-et-david-winter-musique-yiddish-dans-les-cabarets-dapres-guerre","status":"publish","type":"post","link":"https:\/\/www.iemj.org\/de\/conference-herve-roten-et-david-winter-musique-yiddish-dans-les-cabarets-dapres-guerre\/","title":{"rendered":"Vortrag von Herv\u00e9 Roten und David Winter \u00fcber &#8222;Jiddische Musik in Pariser Kabaretts der Nachkriegszeit&#8220;"},"content":{"rendered":"<p>In der Nachkriegszeit, als die Juden versuchten, sich sowohl individuell als auch kollektiv wieder aufzubauen, war Paris ein Kristallisationspunkt f\u00fcr die Hoffnungen auf eine Wiederbelebung des j\u00fcdischen Lebens in Europa und diente gleichzeitig als Durchgangs- oder Ankn\u00fcpfungspunkt f\u00fcr \u00dcberlebende auf der Suche nach einer neuen Zuhause.<br \/>\nEine Vielzahl von Strukturen organisiert das kulturelle Leben. Dazu geh\u00f6ren auch einige Musiklabels (Le Disque Folklorique Yiddish, Saturne und Elesdisc). Das letztgenannte Label befindet sich in der Rue des Rosiers 34 in einem Laden, der gleichzeitig Buchhandlung, Plattenladen und Ort des j\u00fcdischen gesellschaftlichen Lebens war. Der Besitzer L\u00e9on Speiser hatte es von seinem Vater Wolf Speiser \u00fcbernommen, einem Einwanderer aus Odessa, der um 1895 nach Paris kam.<br \/>\n1948 begann dieses Label &#8211; benannt nach den Initialen von L\u00e9on Speiser (L. S. disques) &#8211; mit der Aufnahme von K\u00fcnstlern wie Henri Gerro, Dave Cash, Sarah Gorby, Richard Inger, Elvira Boczkowska, Simon Nussbaum und Max Neufeld, die auch in den jiddischen oder russischen Kabaretts in Paris auftraten.<br \/>\nZwischen 1948 und 1953 produzierte Elesdisc mindestens 154 der 350 Titel, die bis 1953 von kleinen j\u00fcdischen Musiklabels in Paris ver\u00f6ffentlicht wurden.<\/p>\n<p><a href=\"https:\/\/www.iemj.org\/wp-content\/uploads\/2017\/03\/programme_campus_en_musique-2.pdf\" target=\"_blank\" rel=\"noopener\">Download des Programms Campus in Music<\/a><\/p>\n<p>Reservierungen auf der Website\u00a0<a href=\"http:\/\/www.centre-medem.org\/\">http:\/\/www.centre-medem.org\/<\/a><\/p>\n<p><a href=\"https:\/\/www.iemj.org\/de\/produit\/casket-of-the-jewish-musics-in-paris-in-the-aftermath-of-ww-ii\/\" target=\"_blank\" rel=\"noopener\">Bestellen Sie die 6-CD-Box im Online-Shop des IEMJ<\/a><\/p>\n<h2><a href=\"https:\/\/www.iemj.org\/de\/conference-musique-yiddish-dans-les-cabarets-dapres-guerre\/\" target=\"_blank\" rel=\"noopener\">Die Konferenz ansehen (Auf franz\u00f6sich)<\/a><a href=\"https:\/\/www.iemj.org\/de\/conference-musique-yiddish-dans-les-cabarets-dapres-guerre\/\"><img fetchpriority=\"high\" decoding=\"async\" class=\" alignleft size-full wp-image-13738\" src=\"https:\/\/www.iemj.org\/wp-content\/uploads\/2017\/03\/logo.jpg\" alt=\"logo.jpg\" width=\"500\" height=\"314\" align=\"left\" \/><\/a><\/h2>\n","protected":false},"excerpt":{"rendered":"<p>In der Nachkriegszeit, als die Juden versuchten, sich sowohl individuell als auch kollektiv wieder aufzubauen, war Paris ein Kristallisationspunkt f\u00fcr die Hoffnungen auf eine Wiederbelebung des j\u00fcdischen Lebens in Europa<\/p>\n","protected":false},"author":5,"featured_media":106642,"comment_status":"closed","ping_status":"open","sticky":false,"template":"","format":"standard","meta":{"_acf_changed":false,"footnotes":""},"categories":[1382,1370],"tags":[3420],"technique":[],"squelettes":[],"sujet":[],"formation":[],"genre":[],"fonds":[],"tradition":[],"type-de-contenu":[],"interprete-compositeur":[],"frise":[],"type-devenement":[],"tableaux-liens-externes":[],"class_list":["post-106640","post","type-post","status-publish","format-standard","has-post-thumbnail","hentry","category-kurse-konferenzen-de","category-veranstaltungen-de","tag-partner-veranstaltungen-de"],"acf":[],"yoast_head":"<!-- This site is optimized with the Yoast SEO plugin v27.3 - https:\/\/yoast.com\/product\/yoast-seo-wordpress\/ -->\n<title>Vortrag von Herv\u00e9 Roten und David Winter \u00fcber &quot;Jiddische Musik in Pariser Kabaretts der Nachkriegszeit&quot; - Institut Europ\u00e9en des Musiques Juives<\/title>\n<meta name=\"robots\" content=\"index, follow, max-snippet:-1, max-image-preview:large, max-video-preview:-1\" \/>\n<link rel=\"canonical\" href=\"https:\/\/www.iemj.org\/de\/conference-herve-roten-et-david-winter-musique-yiddish-dans-les-cabarets-dapres-guerre\/\" \/>\n<meta property=\"og:locale\" content=\"de_DE\" \/>\n<meta property=\"og:type\" content=\"article\" \/>\n<meta property=\"og:title\" content=\"Vortrag von Herv\u00e9 Roten und David Winter \u00fcber &quot;Jiddische Musik in Pariser Kabaretts der Nachkriegszeit&quot; - Institut Europ\u00e9en des Musiques Juives\" \/>\n<meta property=\"og:description\" content=\"In der Nachkriegszeit, als die Juden versuchten, sich sowohl individuell als auch kollektiv wieder aufzubauen, war Paris ein Kristallisationspunkt f\u00fcr die Hoffnungen auf eine Wiederbelebung des j\u00fcdischen Lebens in Europa\" \/>\n<meta property=\"og:url\" content=\"https:\/\/www.iemj.org\/de\/conference-herve-roten-et-david-winter-musique-yiddish-dans-les-cabarets-dapres-guerre\/\" \/>\n<meta property=\"og:site_name\" content=\"Institut Europ\u00e9en des Musiques Juives\" \/>\n<meta property=\"article:publisher\" content=\"https:\/\/www.facebook.com\/MusiquesJuives\/\" \/>\n<meta property=\"article:published_time\" content=\"2017-03-27T15:58:11+00:00\" \/>\n<meta property=\"article:modified_time\" content=\"2023-12-28T10:40:44+00:00\" \/>\n<meta property=\"og:image\" content=\"https:\/\/www.iemj.org\/wp-content\/uploads\/2017\/03\/arton2208-e1620050040297.jpg\" \/>\n\t<meta property=\"og:image:width\" content=\"350\" \/>\n\t<meta property=\"og:image:height\" content=\"494\" \/>\n\t<meta property=\"og:image:type\" content=\"image\/jpeg\" \/>\n<meta name=\"author\" content=\"Jacqueline ROTEN\" \/>\n<meta name=\"twitter:card\" content=\"summary_large_image\" \/>\n<meta name=\"twitter:label1\" content=\"Verfasst von\" \/>\n\t<meta name=\"twitter:data1\" content=\"Jacqueline ROTEN\" \/>\n\t<meta name=\"twitter:label2\" content=\"Gesch\u00e4tzte Lesezeit\" \/>\n\t<meta name=\"twitter:data2\" content=\"2\u00a0Minuten\" \/>\n<script type=\"application\/ld+json\" class=\"yoast-schema-graph\">{\"@context\":\"https:\\\/\\\/schema.org\",\"@graph\":[{\"@type\":\"Article\",\"@id\":\"https:\\\/\\\/www.iemj.org\\\/de\\\/conference-herve-roten-et-david-winter-musique-yiddish-dans-les-cabarets-dapres-guerre\\\/#article\",\"isPartOf\":{\"@id\":\"https:\\\/\\\/www.iemj.org\\\/de\\\/conference-herve-roten-et-david-winter-musique-yiddish-dans-les-cabarets-dapres-guerre\\\/\"},\"author\":{\"name\":\"Jacqueline ROTEN\",\"@id\":\"https:\\\/\\\/www.iemj.org\\\/de\\\/#\\\/schema\\\/person\\\/358e26c18aca017fcc4cc15437f7279c\"},\"headline\":\"Vortrag von Herv\u00e9 Roten und David Winter \u00fcber &#8222;Jiddische Musik in Pariser Kabaretts der Nachkriegszeit&#8220;\",\"datePublished\":\"2017-03-27T15:58:11+00:00\",\"dateModified\":\"2023-12-28T10:40:44+00:00\",\"mainEntityOfPage\":{\"@id\":\"https:\\\/\\\/www.iemj.org\\\/de\\\/conference-herve-roten-et-david-winter-musique-yiddish-dans-les-cabarets-dapres-guerre\\\/\"},\"wordCount\":229,\"publisher\":{\"@id\":\"https:\\\/\\\/www.iemj.org\\\/de\\\/#organization\"},\"image\":{\"@id\":\"https:\\\/\\\/www.iemj.org\\\/de\\\/conference-herve-roten-et-david-winter-musique-yiddish-dans-les-cabarets-dapres-guerre\\\/#primaryimage\"},\"thumbnailUrl\":\"https:\\\/\\\/www.iemj.org\\\/wp-content\\\/uploads\\\/2017\\\/03\\\/arton2208-e1620050040297.jpg\",\"keywords\":[\"Partner-Veranstaltungen\"],\"articleSection\":[\"Kurse \\\/ Konferenzen\",\"Veranstaltungen\"],\"inLanguage\":\"de\"},{\"@type\":\"WebPage\",\"@id\":\"https:\\\/\\\/www.iemj.org\\\/de\\\/conference-herve-roten-et-david-winter-musique-yiddish-dans-les-cabarets-dapres-guerre\\\/\",\"url\":\"https:\\\/\\\/www.iemj.org\\\/de\\\/conference-herve-roten-et-david-winter-musique-yiddish-dans-les-cabarets-dapres-guerre\\\/\",\"name\":\"Vortrag von Herv\u00e9 Roten und David Winter \u00fcber \\\"Jiddische Musik in Pariser Kabaretts der Nachkriegszeit\\\" - Institut Europ\u00e9en des Musiques Juives\",\"isPartOf\":{\"@id\":\"https:\\\/\\\/www.iemj.org\\\/de\\\/#website\"},\"primaryImageOfPage\":{\"@id\":\"https:\\\/\\\/www.iemj.org\\\/de\\\/conference-herve-roten-et-david-winter-musique-yiddish-dans-les-cabarets-dapres-guerre\\\/#primaryimage\"},\"image\":{\"@id\":\"https:\\\/\\\/www.iemj.org\\\/de\\\/conference-herve-roten-et-david-winter-musique-yiddish-dans-les-cabarets-dapres-guerre\\\/#primaryimage\"},\"thumbnailUrl\":\"https:\\\/\\\/www.iemj.org\\\/wp-content\\\/uploads\\\/2017\\\/03\\\/arton2208-e1620050040297.jpg\",\"datePublished\":\"2017-03-27T15:58:11+00:00\",\"dateModified\":\"2023-12-28T10:40:44+00:00\",\"breadcrumb\":{\"@id\":\"https:\\\/\\\/www.iemj.org\\\/de\\\/conference-herve-roten-et-david-winter-musique-yiddish-dans-les-cabarets-dapres-guerre\\\/#breadcrumb\"},\"inLanguage\":\"de\",\"potentialAction\":[{\"@type\":\"ReadAction\",\"target\":[\"https:\\\/\\\/www.iemj.org\\\/de\\\/conference-herve-roten-et-david-winter-musique-yiddish-dans-les-cabarets-dapres-guerre\\\/\"]}]},{\"@type\":\"ImageObject\",\"inLanguage\":\"de\",\"@id\":\"https:\\\/\\\/www.iemj.org\\\/de\\\/conference-herve-roten-et-david-winter-musique-yiddish-dans-les-cabarets-dapres-guerre\\\/#primaryimage\",\"url\":\"https:\\\/\\\/www.iemj.org\\\/wp-content\\\/uploads\\\/2017\\\/03\\\/arton2208-e1620050040297.jpg\",\"contentUrl\":\"https:\\\/\\\/www.iemj.org\\\/wp-content\\\/uploads\\\/2017\\\/03\\\/arton2208-e1620050040297.jpg\",\"width\":350,\"height\":494},{\"@type\":\"BreadcrumbList\",\"@id\":\"https:\\\/\\\/www.iemj.org\\\/de\\\/conference-herve-roten-et-david-winter-musique-yiddish-dans-les-cabarets-dapres-guerre\\\/#breadcrumb\",\"itemListElement\":[{\"@type\":\"ListItem\",\"position\":1,\"name\":\"Accueil\",\"item\":\"https:\\\/\\\/www.iemj.org\\\/de\\\/\"},{\"@type\":\"ListItem\",\"position\":2,\"name\":\"Vortrag von Herv\u00e9 Roten und David Winter \u00fcber &#8222;Jiddische Musik in Pariser Kabaretts der Nachkriegszeit&#8220;\"}]},{\"@type\":\"WebSite\",\"@id\":\"https:\\\/\\\/www.iemj.org\\\/de\\\/#website\",\"url\":\"https:\\\/\\\/www.iemj.org\\\/de\\\/\",\"name\":\"Institut Europ\u00e9en des Musiques Juives\",\"description\":\"Des traditions musicales \u00e0 la port\u00e9e de tous\",\"publisher\":{\"@id\":\"https:\\\/\\\/www.iemj.org\\\/de\\\/#organization\"},\"potentialAction\":[{\"@type\":\"SearchAction\",\"target\":{\"@type\":\"EntryPoint\",\"urlTemplate\":\"https:\\\/\\\/www.iemj.org\\\/de\\\/?s={search_term_string}\"},\"query-input\":{\"@type\":\"PropertyValueSpecification\",\"valueRequired\":true,\"valueName\":\"search_term_string\"}}],\"inLanguage\":\"de\"},{\"@type\":\"Organization\",\"@id\":\"https:\\\/\\\/www.iemj.org\\\/de\\\/#organization\",\"name\":\"Institut Europ\u00e9en des Musiques Juives\",\"url\":\"https:\\\/\\\/www.iemj.org\\\/de\\\/\",\"logo\":{\"@type\":\"ImageObject\",\"inLanguage\":\"de\",\"@id\":\"https:\\\/\\\/www.iemj.org\\\/de\\\/#\\\/schema\\\/logo\\\/image\\\/\",\"url\":\"https:\\\/\\\/www.iemj.org\\\/wp-content\\\/uploads\\\/2021\\\/09\\\/Logo-IEMJ-Paypal.jpg\",\"contentUrl\":\"https:\\\/\\\/www.iemj.org\\\/wp-content\\\/uploads\\\/2021\\\/09\\\/Logo-IEMJ-Paypal.jpg\",\"width\":150,\"height\":50,\"caption\":\"Institut Europ\u00e9en des Musiques Juives\"},\"image\":{\"@id\":\"https:\\\/\\\/www.iemj.org\\\/de\\\/#\\\/schema\\\/logo\\\/image\\\/\"},\"sameAs\":[\"https:\\\/\\\/www.facebook.com\\\/MusiquesJuives\\\/\",\"https:\\\/\\\/www.instagram.com\\\/musiquesjuives\\\/\",\"https:\\\/\\\/www.youtube.com\\\/user\\\/musiquesjuives\"]},{\"@type\":\"Person\",\"@id\":\"https:\\\/\\\/www.iemj.org\\\/de\\\/#\\\/schema\\\/person\\\/358e26c18aca017fcc4cc15437f7279c\",\"name\":\"Jacqueline ROTEN\",\"image\":{\"@type\":\"ImageObject\",\"inLanguage\":\"de\",\"@id\":\"https:\\\/\\\/secure.gravatar.com\\\/avatar\\\/5964256d6c6957de3a3505278957e0fb2a35119ac47ea41827a65301213c810b?s=96&d=mm&r=g\",\"url\":\"https:\\\/\\\/secure.gravatar.com\\\/avatar\\\/5964256d6c6957de3a3505278957e0fb2a35119ac47ea41827a65301213c810b?s=96&d=mm&r=g\",\"contentUrl\":\"https:\\\/\\\/secure.gravatar.com\\\/avatar\\\/5964256d6c6957de3a3505278957e0fb2a35119ac47ea41827a65301213c810b?s=96&d=mm&r=g\",\"caption\":\"Jacqueline ROTEN\"}}]}<\/script>\n<!-- \/ Yoast SEO plugin. -->","yoast_head_json":{"title":"Vortrag von Herv\u00e9 Roten und David Winter \u00fcber \"Jiddische Musik in Pariser Kabaretts der Nachkriegszeit\" - Institut Europ\u00e9en des Musiques Juives","robots":{"index":"index","follow":"follow","max-snippet":"max-snippet:-1","max-image-preview":"max-image-preview:large","max-video-preview":"max-video-preview:-1"},"canonical":"https:\/\/www.iemj.org\/de\/conference-herve-roten-et-david-winter-musique-yiddish-dans-les-cabarets-dapres-guerre\/","og_locale":"de_DE","og_type":"article","og_title":"Vortrag von Herv\u00e9 Roten und David Winter \u00fcber \"Jiddische Musik in Pariser Kabaretts der Nachkriegszeit\" - Institut Europ\u00e9en des Musiques Juives","og_description":"In der Nachkriegszeit, als die Juden versuchten, sich sowohl individuell als auch kollektiv wieder aufzubauen, war Paris ein Kristallisationspunkt f\u00fcr die Hoffnungen auf eine Wiederbelebung des j\u00fcdischen Lebens in Europa","og_url":"https:\/\/www.iemj.org\/de\/conference-herve-roten-et-david-winter-musique-yiddish-dans-les-cabarets-dapres-guerre\/","og_site_name":"Institut Europ\u00e9en des Musiques Juives","article_publisher":"https:\/\/www.facebook.com\/MusiquesJuives\/","article_published_time":"2017-03-27T15:58:11+00:00","article_modified_time":"2023-12-28T10:40:44+00:00","og_image":[{"width":350,"height":494,"url":"https:\/\/www.iemj.org\/wp-content\/uploads\/2017\/03\/arton2208-e1620050040297.jpg","type":"image\/jpeg"}],"author":"Jacqueline ROTEN","twitter_card":"summary_large_image","twitter_misc":{"Verfasst von":"Jacqueline ROTEN","Gesch\u00e4tzte Lesezeit":"2\u00a0Minuten"},"schema":{"@context":"https:\/\/schema.org","@graph":[{"@type":"Article","@id":"https:\/\/www.iemj.org\/de\/conference-herve-roten-et-david-winter-musique-yiddish-dans-les-cabarets-dapres-guerre\/#article","isPartOf":{"@id":"https:\/\/www.iemj.org\/de\/conference-herve-roten-et-david-winter-musique-yiddish-dans-les-cabarets-dapres-guerre\/"},"author":{"name":"Jacqueline ROTEN","@id":"https:\/\/www.iemj.org\/de\/#\/schema\/person\/358e26c18aca017fcc4cc15437f7279c"},"headline":"Vortrag von Herv\u00e9 Roten und David Winter \u00fcber &#8222;Jiddische Musik in Pariser Kabaretts der Nachkriegszeit&#8220;","datePublished":"2017-03-27T15:58:11+00:00","dateModified":"2023-12-28T10:40:44+00:00","mainEntityOfPage":{"@id":"https:\/\/www.iemj.org\/de\/conference-herve-roten-et-david-winter-musique-yiddish-dans-les-cabarets-dapres-guerre\/"},"wordCount":229,"publisher":{"@id":"https:\/\/www.iemj.org\/de\/#organization"},"image":{"@id":"https:\/\/www.iemj.org\/de\/conference-herve-roten-et-david-winter-musique-yiddish-dans-les-cabarets-dapres-guerre\/#primaryimage"},"thumbnailUrl":"https:\/\/www.iemj.org\/wp-content\/uploads\/2017\/03\/arton2208-e1620050040297.jpg","keywords":["Partner-Veranstaltungen"],"articleSection":["Kurse \/ Konferenzen","Veranstaltungen"],"inLanguage":"de"},{"@type":"WebPage","@id":"https:\/\/www.iemj.org\/de\/conference-herve-roten-et-david-winter-musique-yiddish-dans-les-cabarets-dapres-guerre\/","url":"https:\/\/www.iemj.org\/de\/conference-herve-roten-et-david-winter-musique-yiddish-dans-les-cabarets-dapres-guerre\/","name":"Vortrag von Herv\u00e9 Roten und David Winter \u00fcber \"Jiddische Musik in Pariser Kabaretts der Nachkriegszeit\" - Institut Europ\u00e9en des Musiques Juives","isPartOf":{"@id":"https:\/\/www.iemj.org\/de\/#website"},"primaryImageOfPage":{"@id":"https:\/\/www.iemj.org\/de\/conference-herve-roten-et-david-winter-musique-yiddish-dans-les-cabarets-dapres-guerre\/#primaryimage"},"image":{"@id":"https:\/\/www.iemj.org\/de\/conference-herve-roten-et-david-winter-musique-yiddish-dans-les-cabarets-dapres-guerre\/#primaryimage"},"thumbnailUrl":"https:\/\/www.iemj.org\/wp-content\/uploads\/2017\/03\/arton2208-e1620050040297.jpg","datePublished":"2017-03-27T15:58:11+00:00","dateModified":"2023-12-28T10:40:44+00:00","breadcrumb":{"@id":"https:\/\/www.iemj.org\/de\/conference-herve-roten-et-david-winter-musique-yiddish-dans-les-cabarets-dapres-guerre\/#breadcrumb"},"inLanguage":"de","potentialAction":[{"@type":"ReadAction","target":["https:\/\/www.iemj.org\/de\/conference-herve-roten-et-david-winter-musique-yiddish-dans-les-cabarets-dapres-guerre\/"]}]},{"@type":"ImageObject","inLanguage":"de","@id":"https:\/\/www.iemj.org\/de\/conference-herve-roten-et-david-winter-musique-yiddish-dans-les-cabarets-dapres-guerre\/#primaryimage","url":"https:\/\/www.iemj.org\/wp-content\/uploads\/2017\/03\/arton2208-e1620050040297.jpg","contentUrl":"https:\/\/www.iemj.org\/wp-content\/uploads\/2017\/03\/arton2208-e1620050040297.jpg","width":350,"height":494},{"@type":"BreadcrumbList","@id":"https:\/\/www.iemj.org\/de\/conference-herve-roten-et-david-winter-musique-yiddish-dans-les-cabarets-dapres-guerre\/#breadcrumb","itemListElement":[{"@type":"ListItem","position":1,"name":"Accueil","item":"https:\/\/www.iemj.org\/de\/"},{"@type":"ListItem","position":2,"name":"Vortrag von Herv\u00e9 Roten und David Winter \u00fcber &#8222;Jiddische Musik in Pariser Kabaretts der Nachkriegszeit&#8220;"}]},{"@type":"WebSite","@id":"https:\/\/www.iemj.org\/de\/#website","url":"https:\/\/www.iemj.org\/de\/","name":"Institut Europ\u00e9en des Musiques Juives","description":"Des traditions musicales \u00e0 la port\u00e9e de tous","publisher":{"@id":"https:\/\/www.iemj.org\/de\/#organization"},"potentialAction":[{"@type":"SearchAction","target":{"@type":"EntryPoint","urlTemplate":"https:\/\/www.iemj.org\/de\/?s={search_term_string}"},"query-input":{"@type":"PropertyValueSpecification","valueRequired":true,"valueName":"search_term_string"}}],"inLanguage":"de"},{"@type":"Organization","@id":"https:\/\/www.iemj.org\/de\/#organization","name":"Institut Europ\u00e9en des Musiques Juives","url":"https:\/\/www.iemj.org\/de\/","logo":{"@type":"ImageObject","inLanguage":"de","@id":"https:\/\/www.iemj.org\/de\/#\/schema\/logo\/image\/","url":"https:\/\/www.iemj.org\/wp-content\/uploads\/2021\/09\/Logo-IEMJ-Paypal.jpg","contentUrl":"https:\/\/www.iemj.org\/wp-content\/uploads\/2021\/09\/Logo-IEMJ-Paypal.jpg","width":150,"height":50,"caption":"Institut Europ\u00e9en des Musiques Juives"},"image":{"@id":"https:\/\/www.iemj.org\/de\/#\/schema\/logo\/image\/"},"sameAs":["https:\/\/www.facebook.com\/MusiquesJuives\/","https:\/\/www.instagram.com\/musiquesjuives\/","https:\/\/www.youtube.com\/user\/musiquesjuives"]},{"@type":"Person","@id":"https:\/\/www.iemj.org\/de\/#\/schema\/person\/358e26c18aca017fcc4cc15437f7279c","name":"Jacqueline ROTEN","image":{"@type":"ImageObject","inLanguage":"de","@id":"https:\/\/secure.gravatar.com\/avatar\/5964256d6c6957de3a3505278957e0fb2a35119ac47ea41827a65301213c810b?s=96&d=mm&r=g","url":"https:\/\/secure.gravatar.com\/avatar\/5964256d6c6957de3a3505278957e0fb2a35119ac47ea41827a65301213c810b?s=96&d=mm&r=g","contentUrl":"https:\/\/secure.gravatar.com\/avatar\/5964256d6c6957de3a3505278957e0fb2a35119ac47ea41827a65301213c810b?s=96&d=mm&r=g","caption":"Jacqueline ROTEN"}}]}},"_links":{"self":[{"href":"https:\/\/www.iemj.org\/de\/wp-json\/wp\/v2\/posts\/106640","targetHints":{"allow":["GET"]}}],"collection":[{"href":"https:\/\/www.iemj.org\/de\/wp-json\/wp\/v2\/posts"}],"about":[{"href":"https:\/\/www.iemj.org\/de\/wp-json\/wp\/v2\/types\/post"}],"author":[{"embeddable":true,"href":"https:\/\/www.iemj.org\/de\/wp-json\/wp\/v2\/users\/5"}],"replies":[{"embeddable":true,"href":"https:\/\/www.iemj.org\/de\/wp-json\/wp\/v2\/comments?post=106640"}],"version-history":[{"count":0,"href":"https:\/\/www.iemj.org\/de\/wp-json\/wp\/v2\/posts\/106640\/revisions"}],"wp:featuredmedia":[{"embeddable":true,"href":"https:\/\/www.iemj.org\/de\/wp-json\/wp\/v2\/media\/106642"}],"wp:attachment":[{"href":"https:\/\/www.iemj.org\/de\/wp-json\/wp\/v2\/media?parent=106640"}],"wp:term":[{"taxonomy":"category","embeddable":true,"href":"https:\/\/www.iemj.org\/de\/wp-json\/wp\/v2\/categories?post=106640"},{"taxonomy":"post_tag","embeddable":true,"href":"https:\/\/www.iemj.org\/de\/wp-json\/wp\/v2\/tags?post=106640"},{"taxonomy":"technique","embeddable":true,"href":"https:\/\/www.iemj.org\/de\/wp-json\/wp\/v2\/technique?post=106640"},{"taxonomy":"squelettes","embeddable":true,"href":"https:\/\/www.iemj.org\/de\/wp-json\/wp\/v2\/squelettes?post=106640"},{"taxonomy":"sujet","embeddable":true,"href":"https:\/\/www.iemj.org\/de\/wp-json\/wp\/v2\/sujet?post=106640"},{"taxonomy":"formation","embeddable":true,"href":"https:\/\/www.iemj.org\/de\/wp-json\/wp\/v2\/formation?post=106640"},{"taxonomy":"genre","embeddable":true,"href":"https:\/\/www.iemj.org\/de\/wp-json\/wp\/v2\/genre?post=106640"},{"taxonomy":"fonds","embeddable":true,"href":"https:\/\/www.iemj.org\/de\/wp-json\/wp\/v2\/fonds?post=106640"},{"taxonomy":"tradition","embeddable":true,"href":"https:\/\/www.iemj.org\/de\/wp-json\/wp\/v2\/tradition?post=106640"},{"taxonomy":"type-de-contenu","embeddable":true,"href":"https:\/\/www.iemj.org\/de\/wp-json\/wp\/v2\/type-de-contenu?post=106640"},{"taxonomy":"interprete-compositeur","embeddable":true,"href":"https:\/\/www.iemj.org\/de\/wp-json\/wp\/v2\/interprete-compositeur?post=106640"},{"taxonomy":"frise","embeddable":true,"href":"https:\/\/www.iemj.org\/de\/wp-json\/wp\/v2\/frise?post=106640"},{"taxonomy":"type-devenement","embeddable":true,"href":"https:\/\/www.iemj.org\/de\/wp-json\/wp\/v2\/type-devenement?post=106640"},{"taxonomy":"tableaux-liens-externes","embeddable":true,"href":"https:\/\/www.iemj.org\/de\/wp-json\/wp\/v2\/tableaux-liens-externes?post=106640"}],"curies":[{"name":"wp","href":"https:\/\/api.w.org\/{rel}","templated":true}]}}