{"id":106784,"date":"2016-11-10T11:46:44","date_gmt":"2016-11-10T10:46:44","guid":{"rendered":"https:\/\/www.iemj.org\/release-party-a-la-bellevilloise-yerushe-autoryno-play-zorn-et-los-cigarillos-en-el-shtruddle-en-concert\/"},"modified":"2024-01-02T11:28:10","modified_gmt":"2024-01-02T10:28:10","slug":"release-party-a-la-bellevilloise-yerushe-autoryno-play-zorn-et-los-cigarillos-en-el-shtruddle-en-concert","status":"publish","type":"post","link":"https:\/\/www.iemj.org\/de\/release-party-a-la-bellevilloise-yerushe-autoryno-play-zorn-et-los-cigarillos-en-el-shtruddle-en-concert\/","title":{"rendered":"Release Party im La Bellevilloise: Yerushe, Autoryno play Zorn und Los Cigarillos en el Shtruddle in live concert"},"content":{"rendered":"<h3>Im Rahmen des Festivals Jazz&#8217;N&#8217;Klezmer<br \/>\n<!--more--><\/h3>\n<p>Im Rahmen des Festivals Jazz&#8217;N&#8217;Klezmer und in Partnerschaft mit dem IEMJ spielen die Gruppen Yerushe, Autoryno play Zorn und Los Cigarillos en el Shtruddle im La Bellevilloise anl\u00e4sslich der Ver\u00f6ffentlichung ihrer jeweiligen Albums, darunter <a href=\"https:\/\/www.iemj.org\/de\/somos-los-cigarillos-klezmer-y-salsa\/\" target=\"_blank\" rel=\"noopener\"><strong>Somos Los Cigarillos<\/strong><\/a> und <a href=\"https:\/\/www.iemj.org\/de\/yerushe-tresors-de-la-chanson-yiddish\/\" target=\"_blank\" rel=\"noopener\"><strong>Yerushe<\/strong><\/a>, die vom IEMJ in der &#8222;collection D\u00e9couvertes&#8220; herausgegeben wurden.<\/p>\n<p style=\"text-align: left;\"><strong>Yerushe<\/strong><br \/>\n<strong><img decoding=\"async\" class=\"alignleft\" src=\"https:\/\/www.iemj.org\/wp-content\/uploads\/2016\/11\/yerushe_bellevilloise.jpg\" alt=\"yerushe_bellevilloise.jpg\" width=\"79\" height=\"78\" align=\"left\" \/>El\u00e9onore Biezunski<\/strong> gr\u00fcndete Yerushe (jiddisch f\u00fcr &#8222;Erbe&#8220;) im Jahr 2014. Sie sch\u00f6pft ihr Repertoire aus den Tiefen der jiddischen Folklore-Sammlungen (Ruth Rubin, Moshe Beregovski, Zusman Kisselgof), und bringt unbekannte oder vergessene Perlen zu Geh\u00f6r.<br \/>\nMit ihrer farbenfrohen Stimme, ihrer Geige sowie der einfallsreichen Unterst\u00fctzung des Klarinettisten Michel Schick und der anderen Musiker versucht sie die Grenzen zwischen Vergangenheit und Gegenwart mit Spott und Frechheit zu \u00fcberschreiten.<\/p>\n<h3 style=\"text-align: left;\"><a href=\"https:\/\/www.iemj.org\/de\/produit\/yerushe\/\" target=\"_blank\" rel=\"noopener\">Die CD Yerushe im Online-Shop des IEMJ kaufen<\/a><\/h3>\n<p><strong>Autoryno play Zorn<\/strong><br \/>\nNach <img decoding=\"async\" class=\"alignleft\" src=\"https:\/\/www.iemj.org\/wp-content\/uploads\/2016\/11\/autoryno_bellevilloise.jpg\" alt=\"autoryno_bellevilloise.jpg\" width=\"87\" height=\"94\" align=\"left\" \/><span style=\"font-size: revert; color: var(--bs-body-color); font-family: var(--bs-body-font-family); font-weight: var(--bs-body-font-weight); text-align: var(--bs-body-text-align); background-color: var(--bs-body-bg);\">zwei CDs f\u00fcr das Label Tzadik, auf denen sich Jazz, Rock-Psychedelic, Groove, Metal und j\u00fcdische Musik vermischten, hat das Trio Autoryno nun ein neues Album mit zehn schw\u00fclen Versionen von John Zorns Book of Angels ver\u00f6ffentlicht. <\/span><span style=\"font-size: revert; color: var(--bs-body-color); font-family: var(--bs-body-font-family); font-weight: var(--bs-body-font-weight); text-align: var(--bs-body-text-align); background-color: var(--bs-body-bg);\">Das Trio Autoryno hat nun zehn schw\u00fcle Versionen von John Zorns Book of Angels ver\u00f6ffentlicht. In einem ungest\u00fcmen, wilden und \u00fcbersteigerten Stil ist der vorletzte Band der Kultreihe eine der bislang am weitesten gehenden Ver\u00f6ffentlichungen.<\/span><\/p>\n<p><strong>Los Cigarillos en el Shtruddle<\/strong> &#8211; Salsa klezmer<br \/>\n\u2018\u2018SOMOS LOS CIGARILLOS\u2019\u2019<br \/>\n<img decoding=\"async\" class=\"alignleft\" src=\"https:\/\/www.iemj.org\/wp-content\/uploads\/2016\/11\/cigarillos_bellevilloise.jpg\" alt=\"cigarillos_bellevilloise.jpg\" width=\"172\" height=\"60\" align=\"left\" \/>Es gibt starke \u00c4hnlichkeiten zwischen Klezmer- und Latino-Rhythmen. David el Shatr\u00e0n, der Arrangeur und Pianist der Band, spielt mit dieser unwahrscheinlichen Verwandtschaft und verflechtet die beiden Repertoires zu einer Art Salsa, die man als J\u00fcdische Salsa (Jew Salsa) zu bezeichnen. David el Shatr\u00e0n l\u00e4dt uns zu einer Reise in das Herz eines &#8222;Shtetlito Cubanele&#8220;, wo der in Lateinamerika gefangene Gefilte Fish gekonnt in einer mit Meerrettich gew\u00fcrzten Salsa geschmort wird!<\/p>\n<h3><a href=\"https:\/\/www.iemj.org\/de\/produit\/somos-los-cigarillos\/\" target=\"_blank\" rel=\"noopener\">Die CD Somos los Cigarillos im Online-Shop des IEMJ kaufen<\/a><\/h3>\n<p><a href=\"https:\/\/www.weezevent.com\/realyse-party-a-la-belleviloise\" target=\"_blank\" rel=\"noopener\">Online-Ticketing<\/a><br \/>\nNormaler Preis: 24 \u20ac \/ Erm\u00e4\u00dfigter Preis : 19 \u20ac<\/p>\n","protected":false},"excerpt":{"rendered":"<p>Im Rahmen des Festivals Jazz&#8217;N&#8217;Klezmer<\/p>\n","protected":false},"author":5,"featured_media":39525,"comment_status":"closed","ping_status":"open","sticky":false,"template":"","format":"standard","meta":{"_acf_changed":false,"footnotes":""},"categories":[1378,1370],"tags":[3420],"technique":[],"squelettes":[],"sujet":[],"formation":[],"genre":[],"fonds":[],"tradition":[],"type-de-contenu":[],"interprete-compositeur":[],"frise":[],"type-devenement":[],"tableaux-liens-externes":[],"class_list":["post-106784","post","type-post","status-publish","format-standard","has-post-thumbnail","hentry","category-konzerte-veranstaltungen-de","category-veranstaltungen-de","tag-partner-veranstaltungen-de"],"acf":[],"yoast_head":"<!-- This site is optimized with the Yoast SEO plugin v27.3 - https:\/\/yoast.com\/product\/yoast-seo-wordpress\/ -->\n<title>Release Party im La Bellevilloise: Yerushe, Autoryno play Zorn und Los Cigarillos en el Shtruddle in live concert - Institut Europ\u00e9en des Musiques Juives<\/title>\n<meta name=\"robots\" content=\"index, follow, max-snippet:-1, max-image-preview:large, max-video-preview:-1\" \/>\n<link rel=\"canonical\" href=\"https:\/\/www.iemj.org\/de\/release-party-a-la-bellevilloise-yerushe-autoryno-play-zorn-et-los-cigarillos-en-el-shtruddle-en-concert\/\" \/>\n<meta property=\"og:locale\" content=\"de_DE\" \/>\n<meta property=\"og:type\" content=\"article\" \/>\n<meta property=\"og:title\" content=\"Release Party im La Bellevilloise: Yerushe, Autoryno play Zorn und Los Cigarillos en el Shtruddle in live concert - Institut Europ\u00e9en des Musiques Juives\" \/>\n<meta property=\"og:description\" content=\"Im Rahmen des Festivals Jazz&#8217;N&#8217;Klezmer\" \/>\n<meta property=\"og:url\" content=\"https:\/\/www.iemj.org\/de\/release-party-a-la-bellevilloise-yerushe-autoryno-play-zorn-et-los-cigarillos-en-el-shtruddle-en-concert\/\" \/>\n<meta property=\"og:site_name\" content=\"Institut Europ\u00e9en des Musiques Juives\" \/>\n<meta property=\"article:publisher\" content=\"https:\/\/www.facebook.com\/MusiquesJuives\/\" \/>\n<meta property=\"article:published_time\" content=\"2016-11-10T10:46:44+00:00\" \/>\n<meta property=\"article:modified_time\" content=\"2024-01-02T10:28:10+00:00\" \/>\n<meta property=\"og:image\" content=\"https:\/\/www.iemj.org\/wp-content\/uploads\/2016\/11\/arton1917-e1620051727399.jpg\" \/>\n\t<meta property=\"og:image:width\" content=\"350\" \/>\n\t<meta property=\"og:image:height\" content=\"219\" \/>\n\t<meta property=\"og:image:type\" content=\"image\/jpeg\" \/>\n<meta name=\"author\" content=\"Jacqueline ROTEN\" \/>\n<meta name=\"twitter:card\" content=\"summary_large_image\" \/>\n<meta name=\"twitter:label1\" content=\"Verfasst von\" \/>\n\t<meta name=\"twitter:data1\" content=\"Jacqueline ROTEN\" \/>\n\t<meta name=\"twitter:label2\" content=\"Gesch\u00e4tzte Lesezeit\" \/>\n\t<meta name=\"twitter:data2\" content=\"3\u00a0Minuten\" \/>\n<script type=\"application\/ld+json\" class=\"yoast-schema-graph\">{\"@context\":\"https:\\\/\\\/schema.org\",\"@graph\":[{\"@type\":\"Article\",\"@id\":\"https:\\\/\\\/www.iemj.org\\\/de\\\/release-party-a-la-bellevilloise-yerushe-autoryno-play-zorn-et-los-cigarillos-en-el-shtruddle-en-concert\\\/#article\",\"isPartOf\":{\"@id\":\"https:\\\/\\\/www.iemj.org\\\/de\\\/release-party-a-la-bellevilloise-yerushe-autoryno-play-zorn-et-los-cigarillos-en-el-shtruddle-en-concert\\\/\"},\"author\":{\"name\":\"Jacqueline ROTEN\",\"@id\":\"https:\\\/\\\/www.iemj.org\\\/de\\\/#\\\/schema\\\/person\\\/358e26c18aca017fcc4cc15437f7279c\"},\"headline\":\"Release Party im La Bellevilloise: Yerushe, Autoryno play Zorn und Los Cigarillos en el Shtruddle in live concert\",\"datePublished\":\"2016-11-10T10:46:44+00:00\",\"dateModified\":\"2024-01-02T10:28:10+00:00\",\"mainEntityOfPage\":{\"@id\":\"https:\\\/\\\/www.iemj.org\\\/de\\\/release-party-a-la-bellevilloise-yerushe-autoryno-play-zorn-et-los-cigarillos-en-el-shtruddle-en-concert\\\/\"},\"wordCount\":343,\"publisher\":{\"@id\":\"https:\\\/\\\/www.iemj.org\\\/de\\\/#organization\"},\"image\":{\"@id\":\"https:\\\/\\\/www.iemj.org\\\/de\\\/release-party-a-la-bellevilloise-yerushe-autoryno-play-zorn-et-los-cigarillos-en-el-shtruddle-en-concert\\\/#primaryimage\"},\"thumbnailUrl\":\"https:\\\/\\\/www.iemj.org\\\/wp-content\\\/uploads\\\/2016\\\/11\\\/arton1917-e1620051727399.jpg\",\"keywords\":[\"Partner-Veranstaltungen\"],\"articleSection\":[\"Konzerte\",\"Veranstaltungen\"],\"inLanguage\":\"de\"},{\"@type\":\"WebPage\",\"@id\":\"https:\\\/\\\/www.iemj.org\\\/de\\\/release-party-a-la-bellevilloise-yerushe-autoryno-play-zorn-et-los-cigarillos-en-el-shtruddle-en-concert\\\/\",\"url\":\"https:\\\/\\\/www.iemj.org\\\/de\\\/release-party-a-la-bellevilloise-yerushe-autoryno-play-zorn-et-los-cigarillos-en-el-shtruddle-en-concert\\\/\",\"name\":\"Release Party im La Bellevilloise: Yerushe, Autoryno play Zorn und Los Cigarillos en el Shtruddle in live concert - Institut Europ\u00e9en des Musiques Juives\",\"isPartOf\":{\"@id\":\"https:\\\/\\\/www.iemj.org\\\/de\\\/#website\"},\"primaryImageOfPage\":{\"@id\":\"https:\\\/\\\/www.iemj.org\\\/de\\\/release-party-a-la-bellevilloise-yerushe-autoryno-play-zorn-et-los-cigarillos-en-el-shtruddle-en-concert\\\/#primaryimage\"},\"image\":{\"@id\":\"https:\\\/\\\/www.iemj.org\\\/de\\\/release-party-a-la-bellevilloise-yerushe-autoryno-play-zorn-et-los-cigarillos-en-el-shtruddle-en-concert\\\/#primaryimage\"},\"thumbnailUrl\":\"https:\\\/\\\/www.iemj.org\\\/wp-content\\\/uploads\\\/2016\\\/11\\\/arton1917-e1620051727399.jpg\",\"datePublished\":\"2016-11-10T10:46:44+00:00\",\"dateModified\":\"2024-01-02T10:28:10+00:00\",\"breadcrumb\":{\"@id\":\"https:\\\/\\\/www.iemj.org\\\/de\\\/release-party-a-la-bellevilloise-yerushe-autoryno-play-zorn-et-los-cigarillos-en-el-shtruddle-en-concert\\\/#breadcrumb\"},\"inLanguage\":\"de\",\"potentialAction\":[{\"@type\":\"ReadAction\",\"target\":[\"https:\\\/\\\/www.iemj.org\\\/de\\\/release-party-a-la-bellevilloise-yerushe-autoryno-play-zorn-et-los-cigarillos-en-el-shtruddle-en-concert\\\/\"]}]},{\"@type\":\"ImageObject\",\"inLanguage\":\"de\",\"@id\":\"https:\\\/\\\/www.iemj.org\\\/de\\\/release-party-a-la-bellevilloise-yerushe-autoryno-play-zorn-et-los-cigarillos-en-el-shtruddle-en-concert\\\/#primaryimage\",\"url\":\"https:\\\/\\\/www.iemj.org\\\/wp-content\\\/uploads\\\/2016\\\/11\\\/arton1917-e1620051727399.jpg\",\"contentUrl\":\"https:\\\/\\\/www.iemj.org\\\/wp-content\\\/uploads\\\/2016\\\/11\\\/arton1917-e1620051727399.jpg\",\"width\":350,\"height\":219},{\"@type\":\"BreadcrumbList\",\"@id\":\"https:\\\/\\\/www.iemj.org\\\/de\\\/release-party-a-la-bellevilloise-yerushe-autoryno-play-zorn-et-los-cigarillos-en-el-shtruddle-en-concert\\\/#breadcrumb\",\"itemListElement\":[{\"@type\":\"ListItem\",\"position\":1,\"name\":\"Accueil\",\"item\":\"https:\\\/\\\/www.iemj.org\\\/de\\\/\"},{\"@type\":\"ListItem\",\"position\":2,\"name\":\"Release Party im La Bellevilloise: Yerushe, Autoryno play Zorn und Los Cigarillos en el Shtruddle in live concert\"}]},{\"@type\":\"WebSite\",\"@id\":\"https:\\\/\\\/www.iemj.org\\\/de\\\/#website\",\"url\":\"https:\\\/\\\/www.iemj.org\\\/de\\\/\",\"name\":\"Institut Europ\u00e9en des Musiques Juives\",\"description\":\"Des traditions musicales \u00e0 la port\u00e9e de tous\",\"publisher\":{\"@id\":\"https:\\\/\\\/www.iemj.org\\\/de\\\/#organization\"},\"potentialAction\":[{\"@type\":\"SearchAction\",\"target\":{\"@type\":\"EntryPoint\",\"urlTemplate\":\"https:\\\/\\\/www.iemj.org\\\/de\\\/?s={search_term_string}\"},\"query-input\":{\"@type\":\"PropertyValueSpecification\",\"valueRequired\":true,\"valueName\":\"search_term_string\"}}],\"inLanguage\":\"de\"},{\"@type\":\"Organization\",\"@id\":\"https:\\\/\\\/www.iemj.org\\\/de\\\/#organization\",\"name\":\"Institut Europ\u00e9en des Musiques Juives\",\"url\":\"https:\\\/\\\/www.iemj.org\\\/de\\\/\",\"logo\":{\"@type\":\"ImageObject\",\"inLanguage\":\"de\",\"@id\":\"https:\\\/\\\/www.iemj.org\\\/de\\\/#\\\/schema\\\/logo\\\/image\\\/\",\"url\":\"https:\\\/\\\/www.iemj.org\\\/wp-content\\\/uploads\\\/2021\\\/09\\\/Logo-IEMJ-Paypal.jpg\",\"contentUrl\":\"https:\\\/\\\/www.iemj.org\\\/wp-content\\\/uploads\\\/2021\\\/09\\\/Logo-IEMJ-Paypal.jpg\",\"width\":150,\"height\":50,\"caption\":\"Institut Europ\u00e9en des Musiques Juives\"},\"image\":{\"@id\":\"https:\\\/\\\/www.iemj.org\\\/de\\\/#\\\/schema\\\/logo\\\/image\\\/\"},\"sameAs\":[\"https:\\\/\\\/www.facebook.com\\\/MusiquesJuives\\\/\",\"https:\\\/\\\/www.instagram.com\\\/musiquesjuives\\\/\",\"https:\\\/\\\/www.youtube.com\\\/user\\\/musiquesjuives\"]},{\"@type\":\"Person\",\"@id\":\"https:\\\/\\\/www.iemj.org\\\/de\\\/#\\\/schema\\\/person\\\/358e26c18aca017fcc4cc15437f7279c\",\"name\":\"Jacqueline ROTEN\",\"image\":{\"@type\":\"ImageObject\",\"inLanguage\":\"de\",\"@id\":\"https:\\\/\\\/secure.gravatar.com\\\/avatar\\\/5964256d6c6957de3a3505278957e0fb2a35119ac47ea41827a65301213c810b?s=96&d=mm&r=g\",\"url\":\"https:\\\/\\\/secure.gravatar.com\\\/avatar\\\/5964256d6c6957de3a3505278957e0fb2a35119ac47ea41827a65301213c810b?s=96&d=mm&r=g\",\"contentUrl\":\"https:\\\/\\\/secure.gravatar.com\\\/avatar\\\/5964256d6c6957de3a3505278957e0fb2a35119ac47ea41827a65301213c810b?s=96&d=mm&r=g\",\"caption\":\"Jacqueline ROTEN\"}}]}<\/script>\n<!-- \/ Yoast SEO plugin. -->","yoast_head_json":{"title":"Release Party im La Bellevilloise: Yerushe, Autoryno play Zorn und Los Cigarillos en el Shtruddle in live concert - Institut Europ\u00e9en des Musiques Juives","robots":{"index":"index","follow":"follow","max-snippet":"max-snippet:-1","max-image-preview":"max-image-preview:large","max-video-preview":"max-video-preview:-1"},"canonical":"https:\/\/www.iemj.org\/de\/release-party-a-la-bellevilloise-yerushe-autoryno-play-zorn-et-los-cigarillos-en-el-shtruddle-en-concert\/","og_locale":"de_DE","og_type":"article","og_title":"Release Party im La Bellevilloise: Yerushe, Autoryno play Zorn und Los Cigarillos en el Shtruddle in live concert - Institut Europ\u00e9en des Musiques Juives","og_description":"Im Rahmen des Festivals Jazz&#8217;N&#8217;Klezmer","og_url":"https:\/\/www.iemj.org\/de\/release-party-a-la-bellevilloise-yerushe-autoryno-play-zorn-et-los-cigarillos-en-el-shtruddle-en-concert\/","og_site_name":"Institut Europ\u00e9en des Musiques Juives","article_publisher":"https:\/\/www.facebook.com\/MusiquesJuives\/","article_published_time":"2016-11-10T10:46:44+00:00","article_modified_time":"2024-01-02T10:28:10+00:00","og_image":[{"width":350,"height":219,"url":"https:\/\/www.iemj.org\/wp-content\/uploads\/2016\/11\/arton1917-e1620051727399.jpg","type":"image\/jpeg"}],"author":"Jacqueline ROTEN","twitter_card":"summary_large_image","twitter_misc":{"Verfasst von":"Jacqueline ROTEN","Gesch\u00e4tzte Lesezeit":"3\u00a0Minuten"},"schema":{"@context":"https:\/\/schema.org","@graph":[{"@type":"Article","@id":"https:\/\/www.iemj.org\/de\/release-party-a-la-bellevilloise-yerushe-autoryno-play-zorn-et-los-cigarillos-en-el-shtruddle-en-concert\/#article","isPartOf":{"@id":"https:\/\/www.iemj.org\/de\/release-party-a-la-bellevilloise-yerushe-autoryno-play-zorn-et-los-cigarillos-en-el-shtruddle-en-concert\/"},"author":{"name":"Jacqueline ROTEN","@id":"https:\/\/www.iemj.org\/de\/#\/schema\/person\/358e26c18aca017fcc4cc15437f7279c"},"headline":"Release Party im La Bellevilloise: Yerushe, Autoryno play Zorn und Los Cigarillos en el Shtruddle in live concert","datePublished":"2016-11-10T10:46:44+00:00","dateModified":"2024-01-02T10:28:10+00:00","mainEntityOfPage":{"@id":"https:\/\/www.iemj.org\/de\/release-party-a-la-bellevilloise-yerushe-autoryno-play-zorn-et-los-cigarillos-en-el-shtruddle-en-concert\/"},"wordCount":343,"publisher":{"@id":"https:\/\/www.iemj.org\/de\/#organization"},"image":{"@id":"https:\/\/www.iemj.org\/de\/release-party-a-la-bellevilloise-yerushe-autoryno-play-zorn-et-los-cigarillos-en-el-shtruddle-en-concert\/#primaryimage"},"thumbnailUrl":"https:\/\/www.iemj.org\/wp-content\/uploads\/2016\/11\/arton1917-e1620051727399.jpg","keywords":["Partner-Veranstaltungen"],"articleSection":["Konzerte","Veranstaltungen"],"inLanguage":"de"},{"@type":"WebPage","@id":"https:\/\/www.iemj.org\/de\/release-party-a-la-bellevilloise-yerushe-autoryno-play-zorn-et-los-cigarillos-en-el-shtruddle-en-concert\/","url":"https:\/\/www.iemj.org\/de\/release-party-a-la-bellevilloise-yerushe-autoryno-play-zorn-et-los-cigarillos-en-el-shtruddle-en-concert\/","name":"Release Party im La Bellevilloise: Yerushe, Autoryno play Zorn und Los Cigarillos en el Shtruddle in live concert - Institut Europ\u00e9en des Musiques Juives","isPartOf":{"@id":"https:\/\/www.iemj.org\/de\/#website"},"primaryImageOfPage":{"@id":"https:\/\/www.iemj.org\/de\/release-party-a-la-bellevilloise-yerushe-autoryno-play-zorn-et-los-cigarillos-en-el-shtruddle-en-concert\/#primaryimage"},"image":{"@id":"https:\/\/www.iemj.org\/de\/release-party-a-la-bellevilloise-yerushe-autoryno-play-zorn-et-los-cigarillos-en-el-shtruddle-en-concert\/#primaryimage"},"thumbnailUrl":"https:\/\/www.iemj.org\/wp-content\/uploads\/2016\/11\/arton1917-e1620051727399.jpg","datePublished":"2016-11-10T10:46:44+00:00","dateModified":"2024-01-02T10:28:10+00:00","breadcrumb":{"@id":"https:\/\/www.iemj.org\/de\/release-party-a-la-bellevilloise-yerushe-autoryno-play-zorn-et-los-cigarillos-en-el-shtruddle-en-concert\/#breadcrumb"},"inLanguage":"de","potentialAction":[{"@type":"ReadAction","target":["https:\/\/www.iemj.org\/de\/release-party-a-la-bellevilloise-yerushe-autoryno-play-zorn-et-los-cigarillos-en-el-shtruddle-en-concert\/"]}]},{"@type":"ImageObject","inLanguage":"de","@id":"https:\/\/www.iemj.org\/de\/release-party-a-la-bellevilloise-yerushe-autoryno-play-zorn-et-los-cigarillos-en-el-shtruddle-en-concert\/#primaryimage","url":"https:\/\/www.iemj.org\/wp-content\/uploads\/2016\/11\/arton1917-e1620051727399.jpg","contentUrl":"https:\/\/www.iemj.org\/wp-content\/uploads\/2016\/11\/arton1917-e1620051727399.jpg","width":350,"height":219},{"@type":"BreadcrumbList","@id":"https:\/\/www.iemj.org\/de\/release-party-a-la-bellevilloise-yerushe-autoryno-play-zorn-et-los-cigarillos-en-el-shtruddle-en-concert\/#breadcrumb","itemListElement":[{"@type":"ListItem","position":1,"name":"Accueil","item":"https:\/\/www.iemj.org\/de\/"},{"@type":"ListItem","position":2,"name":"Release Party im La Bellevilloise: Yerushe, Autoryno play Zorn und Los Cigarillos en el Shtruddle in live concert"}]},{"@type":"WebSite","@id":"https:\/\/www.iemj.org\/de\/#website","url":"https:\/\/www.iemj.org\/de\/","name":"Institut Europ\u00e9en des Musiques Juives","description":"Des traditions musicales \u00e0 la port\u00e9e de tous","publisher":{"@id":"https:\/\/www.iemj.org\/de\/#organization"},"potentialAction":[{"@type":"SearchAction","target":{"@type":"EntryPoint","urlTemplate":"https:\/\/www.iemj.org\/de\/?s={search_term_string}"},"query-input":{"@type":"PropertyValueSpecification","valueRequired":true,"valueName":"search_term_string"}}],"inLanguage":"de"},{"@type":"Organization","@id":"https:\/\/www.iemj.org\/de\/#organization","name":"Institut Europ\u00e9en des Musiques Juives","url":"https:\/\/www.iemj.org\/de\/","logo":{"@type":"ImageObject","inLanguage":"de","@id":"https:\/\/www.iemj.org\/de\/#\/schema\/logo\/image\/","url":"https:\/\/www.iemj.org\/wp-content\/uploads\/2021\/09\/Logo-IEMJ-Paypal.jpg","contentUrl":"https:\/\/www.iemj.org\/wp-content\/uploads\/2021\/09\/Logo-IEMJ-Paypal.jpg","width":150,"height":50,"caption":"Institut Europ\u00e9en des Musiques Juives"},"image":{"@id":"https:\/\/www.iemj.org\/de\/#\/schema\/logo\/image\/"},"sameAs":["https:\/\/www.facebook.com\/MusiquesJuives\/","https:\/\/www.instagram.com\/musiquesjuives\/","https:\/\/www.youtube.com\/user\/musiquesjuives"]},{"@type":"Person","@id":"https:\/\/www.iemj.org\/de\/#\/schema\/person\/358e26c18aca017fcc4cc15437f7279c","name":"Jacqueline ROTEN","image":{"@type":"ImageObject","inLanguage":"de","@id":"https:\/\/secure.gravatar.com\/avatar\/5964256d6c6957de3a3505278957e0fb2a35119ac47ea41827a65301213c810b?s=96&d=mm&r=g","url":"https:\/\/secure.gravatar.com\/avatar\/5964256d6c6957de3a3505278957e0fb2a35119ac47ea41827a65301213c810b?s=96&d=mm&r=g","contentUrl":"https:\/\/secure.gravatar.com\/avatar\/5964256d6c6957de3a3505278957e0fb2a35119ac47ea41827a65301213c810b?s=96&d=mm&r=g","caption":"Jacqueline ROTEN"}}]}},"_links":{"self":[{"href":"https:\/\/www.iemj.org\/de\/wp-json\/wp\/v2\/posts\/106784","targetHints":{"allow":["GET"]}}],"collection":[{"href":"https:\/\/www.iemj.org\/de\/wp-json\/wp\/v2\/posts"}],"about":[{"href":"https:\/\/www.iemj.org\/de\/wp-json\/wp\/v2\/types\/post"}],"author":[{"embeddable":true,"href":"https:\/\/www.iemj.org\/de\/wp-json\/wp\/v2\/users\/5"}],"replies":[{"embeddable":true,"href":"https:\/\/www.iemj.org\/de\/wp-json\/wp\/v2\/comments?post=106784"}],"version-history":[{"count":0,"href":"https:\/\/www.iemj.org\/de\/wp-json\/wp\/v2\/posts\/106784\/revisions"}],"wp:featuredmedia":[{"embeddable":true,"href":"https:\/\/www.iemj.org\/de\/wp-json\/wp\/v2\/media\/39525"}],"wp:attachment":[{"href":"https:\/\/www.iemj.org\/de\/wp-json\/wp\/v2\/media?parent=106784"}],"wp:term":[{"taxonomy":"category","embeddable":true,"href":"https:\/\/www.iemj.org\/de\/wp-json\/wp\/v2\/categories?post=106784"},{"taxonomy":"post_tag","embeddable":true,"href":"https:\/\/www.iemj.org\/de\/wp-json\/wp\/v2\/tags?post=106784"},{"taxonomy":"technique","embeddable":true,"href":"https:\/\/www.iemj.org\/de\/wp-json\/wp\/v2\/technique?post=106784"},{"taxonomy":"squelettes","embeddable":true,"href":"https:\/\/www.iemj.org\/de\/wp-json\/wp\/v2\/squelettes?post=106784"},{"taxonomy":"sujet","embeddable":true,"href":"https:\/\/www.iemj.org\/de\/wp-json\/wp\/v2\/sujet?post=106784"},{"taxonomy":"formation","embeddable":true,"href":"https:\/\/www.iemj.org\/de\/wp-json\/wp\/v2\/formation?post=106784"},{"taxonomy":"genre","embeddable":true,"href":"https:\/\/www.iemj.org\/de\/wp-json\/wp\/v2\/genre?post=106784"},{"taxonomy":"fonds","embeddable":true,"href":"https:\/\/www.iemj.org\/de\/wp-json\/wp\/v2\/fonds?post=106784"},{"taxonomy":"tradition","embeddable":true,"href":"https:\/\/www.iemj.org\/de\/wp-json\/wp\/v2\/tradition?post=106784"},{"taxonomy":"type-de-contenu","embeddable":true,"href":"https:\/\/www.iemj.org\/de\/wp-json\/wp\/v2\/type-de-contenu?post=106784"},{"taxonomy":"interprete-compositeur","embeddable":true,"href":"https:\/\/www.iemj.org\/de\/wp-json\/wp\/v2\/interprete-compositeur?post=106784"},{"taxonomy":"frise","embeddable":true,"href":"https:\/\/www.iemj.org\/de\/wp-json\/wp\/v2\/frise?post=106784"},{"taxonomy":"type-devenement","embeddable":true,"href":"https:\/\/www.iemj.org\/de\/wp-json\/wp\/v2\/type-devenement?post=106784"},{"taxonomy":"tableaux-liens-externes","embeddable":true,"href":"https:\/\/www.iemj.org\/de\/wp-json\/wp\/v2\/tableaux-liens-externes?post=106784"}],"curies":[{"name":"wp","href":"https:\/\/api.w.org\/{rel}","templated":true}]}}