{"id":106810,"date":"2016-05-23T12:01:00","date_gmt":"2016-05-23T10:01:00","guid":{"rendered":"https:\/\/www.iemj.org\/simha-lafricain-projection-rencontre-concert\/"},"modified":"2024-01-02T13:01:49","modified_gmt":"2024-01-02T12:01:49","slug":"simha-lafricain-projection-rencontre-concert","status":"publish","type":"post","link":"https:\/\/www.iemj.org\/de\/simha-lafricain-projection-rencontre-concert\/","title":{"rendered":"SIMHA, DER AFRIKANER: PROJEKTION, BEGEGNUNG UND KONZERT"},"content":{"rendered":"<p>Projektion des Dokumentarfilms <em>Simha<\/em> von J\u00e9r\u00f4me Blumberg (2015, 78 min, Produktion Le Miroir, CNRS Images, CINAPS TV).<\/p>\n<p><a href=\"https:\/\/www.iemj.org\/de\/arom-simha-1930\/\" target=\"_blank\" rel=\"noopener\">Simha Arom<\/a>, ein weltbekannter Musikethnologe, verbrachte f\u00fcnfzig Jahre seines Lebens damit, die Mechanismen traditioneller Musik zu sammeln, zu studieren und zu entschl\u00fcsseln, insbesondere die wundersch\u00f6nen Polyphonien der Aka-Pygm\u00e4en in der Zentralafrikanischen Republik.<\/p>\n<p>J\u00e9rome Blumberg <img decoding=\"async\" class=\" alignright size-full wp-image-10544\" src=\"https:\/\/www.iemj.org\/wp-content\/uploads\/2016\/05\/v_155_couv.jpg\" alt=\"v_155_couv.jpg\" width=\"144\" height=\"202\" align=\"right\" \/><span style=\"font-size: revert; color: var(--bs-body-color); font-family: var(--bs-body-font-family); font-weight: var(--bs-body-font-weight); text-align: var(--bs-body-text-align); background-color: var(--bs-body-bg);\"> filmt die Arbeit von Simha Arom seit 1990. Sein Film basiert auf den Erinnerungen des Ethnomusikologen: seine Kindheit w\u00e4hrend des Krieges, seine Verbissenheit beim Erlernen der Musik. Er zeigt auch seine aktuelle T\u00e4tigkeit, seine Herangehensweise an die Ethnomusikologie, die ganz besonders ist, da er immer die Feldarbeit in den Vordergrund gestellt hat, und schlie\u00dflich seine eigene musikalische Praxis. Eine Reise, die sein Leben geleitet hat. Der Regisseur schl\u00e4gt dem Zuschauer diesen Weg vor, indem er den Film wie ein Musikst\u00fcck aufbaut, eine Partitur mit vielen Stimmen.<\/span><\/p>\n<p>Im Anschluss an die Vorf\u00fchrung findet eine Diskussion mit<strong> Simha Arom<\/strong>, <strong>J\u00e9r\u00f4me Blumberg<\/strong>, <strong>Gabriel Chabanier<\/strong>, Produzent des Dokumentarfilms, und <strong>Herv\u00e9 Roten<\/strong>, Direktor des Institut Europ\u00e9en des Musiques Juives, statt.<\/p>\n<p><em><strong>Ein Polyphoniekonzert der Gruppe Gamako wird diesen einzigartigen Moment abschlie\u00dfen.<\/strong><\/em><\/p>\n<p><img decoding=\"async\" class=\"size-full wp-image-10546 alignright\" src=\"https:\/\/www.iemj.org\/wp-content\/uploads\/2016\/05\/affiche_festival_cultures_juives_2016.jpg\" alt=\"affiche_festival_cultures_juives_2016.jpg\" width=\"143\" height=\"202\" align=\"left\" \/><strong style=\"font-size: inherit;\">Informationen<\/strong><span style=\"font-size: inherit;\">: <\/span><a style=\"font-size: inherit;\" href=\"actionculturelle@fsju.org\">actionculturelle@fsju.org<\/a><span style=\"font-size: inherit;\"> oder 01 42 17 10 70<\/span><strong><br \/>\n<\/strong><b>Preis<\/b>: 10 \u20ac<br \/>\nBesuchen Sie die Website des Festivals :<br \/>\n<a href=\"http:\/\/www.festivaldesculturesjuives.org\/\"> www.festivaldesculturesjuives.org<\/a><\/p>\n<p><a href=\"http:\/\/www.festivaldesculturesjuives.org\/billetterie-en-ligne\/\" target=\"_blank\" rel=\"noopener\"><strong>Online-Kartenreservierung<\/strong><\/a><\/p>\n","protected":false},"excerpt":{"rendered":"<p>Projektion des Dokumentarfilms Simha von J\u00e9r\u00f4me Blumberg (2015, 78 min, Produktion Le Miroir, CNRS Images, CINAPS TV). Simha Arom, ein weltbekannter Musikethnologe, verbrachte f\u00fcnfzig Jahre seines Lebens damit, die Mechanismen<\/p>\n","protected":false},"author":5,"featured_media":106811,"comment_status":"closed","ping_status":"open","sticky":false,"template":"","format":"standard","meta":{"_acf_changed":false,"footnotes":""},"categories":[1378,1370],"tags":[2225],"technique":[],"squelettes":[],"sujet":[],"formation":[],"genre":[],"fonds":[],"tradition":[],"type-de-contenu":[],"interprete-compositeur":[],"frise":[],"type-devenement":[],"tableaux-liens-externes":[],"class_list":["post-106810","post","type-post","status-publish","format-standard","has-post-thumbnail","hentry","category-konzerte-veranstaltungen-de","category-veranstaltungen-de","tag-veranstaltungen-iemj-de"],"acf":[],"yoast_head":"<!-- This site is optimized with the Yoast SEO plugin v27.3 - https:\/\/yoast.com\/product\/yoast-seo-wordpress\/ -->\n<title>SIMHA, DER AFRIKANER: PROJEKTION, BEGEGNUNG UND KONZERT - Institut Europ\u00e9en des Musiques Juives<\/title>\n<meta name=\"robots\" content=\"index, follow, max-snippet:-1, max-image-preview:large, max-video-preview:-1\" \/>\n<link rel=\"canonical\" href=\"https:\/\/www.iemj.org\/de\/simha-lafricain-projection-rencontre-concert\/\" \/>\n<meta property=\"og:locale\" content=\"de_DE\" \/>\n<meta property=\"og:type\" content=\"article\" \/>\n<meta property=\"og:title\" content=\"SIMHA, DER AFRIKANER: PROJEKTION, BEGEGNUNG UND KONZERT - Institut Europ\u00e9en des Musiques Juives\" \/>\n<meta property=\"og:description\" content=\"Projektion des Dokumentarfilms Simha von J\u00e9r\u00f4me Blumberg (2015, 78 min, Produktion Le Miroir, CNRS Images, CINAPS TV). Simha Arom, ein weltbekannter Musikethnologe, verbrachte f\u00fcnfzig Jahre seines Lebens damit, die Mechanismen\" \/>\n<meta property=\"og:url\" content=\"https:\/\/www.iemj.org\/de\/simha-lafricain-projection-rencontre-concert\/\" \/>\n<meta property=\"og:site_name\" content=\"Institut Europ\u00e9en des Musiques Juives\" \/>\n<meta property=\"article:publisher\" content=\"https:\/\/www.facebook.com\/MusiquesJuives\/\" \/>\n<meta property=\"article:published_time\" content=\"2016-05-23T10:01:00+00:00\" \/>\n<meta property=\"article:modified_time\" content=\"2024-01-02T12:01:49+00:00\" \/>\n<meta property=\"og:image\" content=\"https:\/\/www.iemj.org\/wp-content\/uploads\/2016\/05\/arton1665.jpg\" \/>\n\t<meta property=\"og:image:width\" content=\"192\" \/>\n\t<meta property=\"og:image:height\" content=\"239\" \/>\n\t<meta property=\"og:image:type\" content=\"image\/jpeg\" \/>\n<meta name=\"author\" content=\"Jacqueline ROTEN\" \/>\n<meta name=\"twitter:card\" content=\"summary_large_image\" \/>\n<meta name=\"twitter:label1\" content=\"Verfasst von\" \/>\n\t<meta name=\"twitter:data1\" content=\"Jacqueline ROTEN\" \/>\n\t<meta name=\"twitter:label2\" content=\"Gesch\u00e4tzte Lesezeit\" \/>\n\t<meta name=\"twitter:data2\" content=\"2\u00a0Minuten\" \/>\n<script type=\"application\/ld+json\" class=\"yoast-schema-graph\">{\"@context\":\"https:\\\/\\\/schema.org\",\"@graph\":[{\"@type\":\"Article\",\"@id\":\"https:\\\/\\\/www.iemj.org\\\/de\\\/simha-lafricain-projection-rencontre-concert\\\/#article\",\"isPartOf\":{\"@id\":\"https:\\\/\\\/www.iemj.org\\\/de\\\/simha-lafricain-projection-rencontre-concert\\\/\"},\"author\":{\"name\":\"Jacqueline ROTEN\",\"@id\":\"https:\\\/\\\/www.iemj.org\\\/de\\\/#\\\/schema\\\/person\\\/358e26c18aca017fcc4cc15437f7279c\"},\"headline\":\"SIMHA, DER AFRIKANER: PROJEKTION, BEGEGNUNG UND KONZERT\",\"datePublished\":\"2016-05-23T10:01:00+00:00\",\"dateModified\":\"2024-01-02T12:01:49+00:00\",\"mainEntityOfPage\":{\"@id\":\"https:\\\/\\\/www.iemj.org\\\/de\\\/simha-lafricain-projection-rencontre-concert\\\/\"},\"wordCount\":213,\"publisher\":{\"@id\":\"https:\\\/\\\/www.iemj.org\\\/de\\\/#organization\"},\"image\":{\"@id\":\"https:\\\/\\\/www.iemj.org\\\/de\\\/simha-lafricain-projection-rencontre-concert\\\/#primaryimage\"},\"thumbnailUrl\":\"https:\\\/\\\/www.iemj.org\\\/wp-content\\\/uploads\\\/2016\\\/05\\\/arton1665.jpg\",\"keywords\":[\"Veranstaltungen IEMJ\"],\"articleSection\":[\"Konzerte\",\"Veranstaltungen\"],\"inLanguage\":\"de\"},{\"@type\":\"WebPage\",\"@id\":\"https:\\\/\\\/www.iemj.org\\\/de\\\/simha-lafricain-projection-rencontre-concert\\\/\",\"url\":\"https:\\\/\\\/www.iemj.org\\\/de\\\/simha-lafricain-projection-rencontre-concert\\\/\",\"name\":\"SIMHA, DER AFRIKANER: PROJEKTION, BEGEGNUNG UND KONZERT - Institut Europ\u00e9en des Musiques Juives\",\"isPartOf\":{\"@id\":\"https:\\\/\\\/www.iemj.org\\\/de\\\/#website\"},\"primaryImageOfPage\":{\"@id\":\"https:\\\/\\\/www.iemj.org\\\/de\\\/simha-lafricain-projection-rencontre-concert\\\/#primaryimage\"},\"image\":{\"@id\":\"https:\\\/\\\/www.iemj.org\\\/de\\\/simha-lafricain-projection-rencontre-concert\\\/#primaryimage\"},\"thumbnailUrl\":\"https:\\\/\\\/www.iemj.org\\\/wp-content\\\/uploads\\\/2016\\\/05\\\/arton1665.jpg\",\"datePublished\":\"2016-05-23T10:01:00+00:00\",\"dateModified\":\"2024-01-02T12:01:49+00:00\",\"breadcrumb\":{\"@id\":\"https:\\\/\\\/www.iemj.org\\\/de\\\/simha-lafricain-projection-rencontre-concert\\\/#breadcrumb\"},\"inLanguage\":\"de\",\"potentialAction\":[{\"@type\":\"ReadAction\",\"target\":[\"https:\\\/\\\/www.iemj.org\\\/de\\\/simha-lafricain-projection-rencontre-concert\\\/\"]}]},{\"@type\":\"ImageObject\",\"inLanguage\":\"de\",\"@id\":\"https:\\\/\\\/www.iemj.org\\\/de\\\/simha-lafricain-projection-rencontre-concert\\\/#primaryimage\",\"url\":\"https:\\\/\\\/www.iemj.org\\\/wp-content\\\/uploads\\\/2016\\\/05\\\/arton1665.jpg\",\"contentUrl\":\"https:\\\/\\\/www.iemj.org\\\/wp-content\\\/uploads\\\/2016\\\/05\\\/arton1665.jpg\",\"width\":192,\"height\":239},{\"@type\":\"BreadcrumbList\",\"@id\":\"https:\\\/\\\/www.iemj.org\\\/de\\\/simha-lafricain-projection-rencontre-concert\\\/#breadcrumb\",\"itemListElement\":[{\"@type\":\"ListItem\",\"position\":1,\"name\":\"Accueil\",\"item\":\"https:\\\/\\\/www.iemj.org\\\/de\\\/\"},{\"@type\":\"ListItem\",\"position\":2,\"name\":\"SIMHA, DER AFRIKANER: PROJEKTION, BEGEGNUNG UND KONZERT\"}]},{\"@type\":\"WebSite\",\"@id\":\"https:\\\/\\\/www.iemj.org\\\/de\\\/#website\",\"url\":\"https:\\\/\\\/www.iemj.org\\\/de\\\/\",\"name\":\"Institut Europ\u00e9en des Musiques Juives\",\"description\":\"Des traditions musicales \u00e0 la port\u00e9e de tous\",\"publisher\":{\"@id\":\"https:\\\/\\\/www.iemj.org\\\/de\\\/#organization\"},\"potentialAction\":[{\"@type\":\"SearchAction\",\"target\":{\"@type\":\"EntryPoint\",\"urlTemplate\":\"https:\\\/\\\/www.iemj.org\\\/de\\\/?s={search_term_string}\"},\"query-input\":{\"@type\":\"PropertyValueSpecification\",\"valueRequired\":true,\"valueName\":\"search_term_string\"}}],\"inLanguage\":\"de\"},{\"@type\":\"Organization\",\"@id\":\"https:\\\/\\\/www.iemj.org\\\/de\\\/#organization\",\"name\":\"Institut Europ\u00e9en des Musiques Juives\",\"url\":\"https:\\\/\\\/www.iemj.org\\\/de\\\/\",\"logo\":{\"@type\":\"ImageObject\",\"inLanguage\":\"de\",\"@id\":\"https:\\\/\\\/www.iemj.org\\\/de\\\/#\\\/schema\\\/logo\\\/image\\\/\",\"url\":\"https:\\\/\\\/www.iemj.org\\\/wp-content\\\/uploads\\\/2021\\\/09\\\/Logo-IEMJ-Paypal.jpg\",\"contentUrl\":\"https:\\\/\\\/www.iemj.org\\\/wp-content\\\/uploads\\\/2021\\\/09\\\/Logo-IEMJ-Paypal.jpg\",\"width\":150,\"height\":50,\"caption\":\"Institut Europ\u00e9en des Musiques Juives\"},\"image\":{\"@id\":\"https:\\\/\\\/www.iemj.org\\\/de\\\/#\\\/schema\\\/logo\\\/image\\\/\"},\"sameAs\":[\"https:\\\/\\\/www.facebook.com\\\/MusiquesJuives\\\/\",\"https:\\\/\\\/www.instagram.com\\\/musiquesjuives\\\/\",\"https:\\\/\\\/www.youtube.com\\\/user\\\/musiquesjuives\"]},{\"@type\":\"Person\",\"@id\":\"https:\\\/\\\/www.iemj.org\\\/de\\\/#\\\/schema\\\/person\\\/358e26c18aca017fcc4cc15437f7279c\",\"name\":\"Jacqueline ROTEN\",\"image\":{\"@type\":\"ImageObject\",\"inLanguage\":\"de\",\"@id\":\"https:\\\/\\\/secure.gravatar.com\\\/avatar\\\/5964256d6c6957de3a3505278957e0fb2a35119ac47ea41827a65301213c810b?s=96&d=mm&r=g\",\"url\":\"https:\\\/\\\/secure.gravatar.com\\\/avatar\\\/5964256d6c6957de3a3505278957e0fb2a35119ac47ea41827a65301213c810b?s=96&d=mm&r=g\",\"contentUrl\":\"https:\\\/\\\/secure.gravatar.com\\\/avatar\\\/5964256d6c6957de3a3505278957e0fb2a35119ac47ea41827a65301213c810b?s=96&d=mm&r=g\",\"caption\":\"Jacqueline ROTEN\"}}]}<\/script>\n<!-- \/ Yoast SEO plugin. -->","yoast_head_json":{"title":"SIMHA, DER AFRIKANER: PROJEKTION, BEGEGNUNG UND KONZERT - Institut Europ\u00e9en des Musiques Juives","robots":{"index":"index","follow":"follow","max-snippet":"max-snippet:-1","max-image-preview":"max-image-preview:large","max-video-preview":"max-video-preview:-1"},"canonical":"https:\/\/www.iemj.org\/de\/simha-lafricain-projection-rencontre-concert\/","og_locale":"de_DE","og_type":"article","og_title":"SIMHA, DER AFRIKANER: PROJEKTION, BEGEGNUNG UND KONZERT - Institut Europ\u00e9en des Musiques Juives","og_description":"Projektion des Dokumentarfilms Simha von J\u00e9r\u00f4me Blumberg (2015, 78 min, Produktion Le Miroir, CNRS Images, CINAPS TV). Simha Arom, ein weltbekannter Musikethnologe, verbrachte f\u00fcnfzig Jahre seines Lebens damit, die Mechanismen","og_url":"https:\/\/www.iemj.org\/de\/simha-lafricain-projection-rencontre-concert\/","og_site_name":"Institut Europ\u00e9en des Musiques Juives","article_publisher":"https:\/\/www.facebook.com\/MusiquesJuives\/","article_published_time":"2016-05-23T10:01:00+00:00","article_modified_time":"2024-01-02T12:01:49+00:00","og_image":[{"width":192,"height":239,"url":"https:\/\/www.iemj.org\/wp-content\/uploads\/2016\/05\/arton1665.jpg","type":"image\/jpeg"}],"author":"Jacqueline ROTEN","twitter_card":"summary_large_image","twitter_misc":{"Verfasst von":"Jacqueline ROTEN","Gesch\u00e4tzte Lesezeit":"2\u00a0Minuten"},"schema":{"@context":"https:\/\/schema.org","@graph":[{"@type":"Article","@id":"https:\/\/www.iemj.org\/de\/simha-lafricain-projection-rencontre-concert\/#article","isPartOf":{"@id":"https:\/\/www.iemj.org\/de\/simha-lafricain-projection-rencontre-concert\/"},"author":{"name":"Jacqueline ROTEN","@id":"https:\/\/www.iemj.org\/de\/#\/schema\/person\/358e26c18aca017fcc4cc15437f7279c"},"headline":"SIMHA, DER AFRIKANER: PROJEKTION, BEGEGNUNG UND KONZERT","datePublished":"2016-05-23T10:01:00+00:00","dateModified":"2024-01-02T12:01:49+00:00","mainEntityOfPage":{"@id":"https:\/\/www.iemj.org\/de\/simha-lafricain-projection-rencontre-concert\/"},"wordCount":213,"publisher":{"@id":"https:\/\/www.iemj.org\/de\/#organization"},"image":{"@id":"https:\/\/www.iemj.org\/de\/simha-lafricain-projection-rencontre-concert\/#primaryimage"},"thumbnailUrl":"https:\/\/www.iemj.org\/wp-content\/uploads\/2016\/05\/arton1665.jpg","keywords":["Veranstaltungen IEMJ"],"articleSection":["Konzerte","Veranstaltungen"],"inLanguage":"de"},{"@type":"WebPage","@id":"https:\/\/www.iemj.org\/de\/simha-lafricain-projection-rencontre-concert\/","url":"https:\/\/www.iemj.org\/de\/simha-lafricain-projection-rencontre-concert\/","name":"SIMHA, DER AFRIKANER: PROJEKTION, BEGEGNUNG UND KONZERT - Institut Europ\u00e9en des Musiques Juives","isPartOf":{"@id":"https:\/\/www.iemj.org\/de\/#website"},"primaryImageOfPage":{"@id":"https:\/\/www.iemj.org\/de\/simha-lafricain-projection-rencontre-concert\/#primaryimage"},"image":{"@id":"https:\/\/www.iemj.org\/de\/simha-lafricain-projection-rencontre-concert\/#primaryimage"},"thumbnailUrl":"https:\/\/www.iemj.org\/wp-content\/uploads\/2016\/05\/arton1665.jpg","datePublished":"2016-05-23T10:01:00+00:00","dateModified":"2024-01-02T12:01:49+00:00","breadcrumb":{"@id":"https:\/\/www.iemj.org\/de\/simha-lafricain-projection-rencontre-concert\/#breadcrumb"},"inLanguage":"de","potentialAction":[{"@type":"ReadAction","target":["https:\/\/www.iemj.org\/de\/simha-lafricain-projection-rencontre-concert\/"]}]},{"@type":"ImageObject","inLanguage":"de","@id":"https:\/\/www.iemj.org\/de\/simha-lafricain-projection-rencontre-concert\/#primaryimage","url":"https:\/\/www.iemj.org\/wp-content\/uploads\/2016\/05\/arton1665.jpg","contentUrl":"https:\/\/www.iemj.org\/wp-content\/uploads\/2016\/05\/arton1665.jpg","width":192,"height":239},{"@type":"BreadcrumbList","@id":"https:\/\/www.iemj.org\/de\/simha-lafricain-projection-rencontre-concert\/#breadcrumb","itemListElement":[{"@type":"ListItem","position":1,"name":"Accueil","item":"https:\/\/www.iemj.org\/de\/"},{"@type":"ListItem","position":2,"name":"SIMHA, DER AFRIKANER: PROJEKTION, BEGEGNUNG UND KONZERT"}]},{"@type":"WebSite","@id":"https:\/\/www.iemj.org\/de\/#website","url":"https:\/\/www.iemj.org\/de\/","name":"Institut Europ\u00e9en des Musiques Juives","description":"Des traditions musicales \u00e0 la port\u00e9e de tous","publisher":{"@id":"https:\/\/www.iemj.org\/de\/#organization"},"potentialAction":[{"@type":"SearchAction","target":{"@type":"EntryPoint","urlTemplate":"https:\/\/www.iemj.org\/de\/?s={search_term_string}"},"query-input":{"@type":"PropertyValueSpecification","valueRequired":true,"valueName":"search_term_string"}}],"inLanguage":"de"},{"@type":"Organization","@id":"https:\/\/www.iemj.org\/de\/#organization","name":"Institut Europ\u00e9en des Musiques Juives","url":"https:\/\/www.iemj.org\/de\/","logo":{"@type":"ImageObject","inLanguage":"de","@id":"https:\/\/www.iemj.org\/de\/#\/schema\/logo\/image\/","url":"https:\/\/www.iemj.org\/wp-content\/uploads\/2021\/09\/Logo-IEMJ-Paypal.jpg","contentUrl":"https:\/\/www.iemj.org\/wp-content\/uploads\/2021\/09\/Logo-IEMJ-Paypal.jpg","width":150,"height":50,"caption":"Institut Europ\u00e9en des Musiques Juives"},"image":{"@id":"https:\/\/www.iemj.org\/de\/#\/schema\/logo\/image\/"},"sameAs":["https:\/\/www.facebook.com\/MusiquesJuives\/","https:\/\/www.instagram.com\/musiquesjuives\/","https:\/\/www.youtube.com\/user\/musiquesjuives"]},{"@type":"Person","@id":"https:\/\/www.iemj.org\/de\/#\/schema\/person\/358e26c18aca017fcc4cc15437f7279c","name":"Jacqueline ROTEN","image":{"@type":"ImageObject","inLanguage":"de","@id":"https:\/\/secure.gravatar.com\/avatar\/5964256d6c6957de3a3505278957e0fb2a35119ac47ea41827a65301213c810b?s=96&d=mm&r=g","url":"https:\/\/secure.gravatar.com\/avatar\/5964256d6c6957de3a3505278957e0fb2a35119ac47ea41827a65301213c810b?s=96&d=mm&r=g","contentUrl":"https:\/\/secure.gravatar.com\/avatar\/5964256d6c6957de3a3505278957e0fb2a35119ac47ea41827a65301213c810b?s=96&d=mm&r=g","caption":"Jacqueline ROTEN"}}]}},"_links":{"self":[{"href":"https:\/\/www.iemj.org\/de\/wp-json\/wp\/v2\/posts\/106810","targetHints":{"allow":["GET"]}}],"collection":[{"href":"https:\/\/www.iemj.org\/de\/wp-json\/wp\/v2\/posts"}],"about":[{"href":"https:\/\/www.iemj.org\/de\/wp-json\/wp\/v2\/types\/post"}],"author":[{"embeddable":true,"href":"https:\/\/www.iemj.org\/de\/wp-json\/wp\/v2\/users\/5"}],"replies":[{"embeddable":true,"href":"https:\/\/www.iemj.org\/de\/wp-json\/wp\/v2\/comments?post=106810"}],"version-history":[{"count":0,"href":"https:\/\/www.iemj.org\/de\/wp-json\/wp\/v2\/posts\/106810\/revisions"}],"wp:featuredmedia":[{"embeddable":true,"href":"https:\/\/www.iemj.org\/de\/wp-json\/wp\/v2\/media\/106811"}],"wp:attachment":[{"href":"https:\/\/www.iemj.org\/de\/wp-json\/wp\/v2\/media?parent=106810"}],"wp:term":[{"taxonomy":"category","embeddable":true,"href":"https:\/\/www.iemj.org\/de\/wp-json\/wp\/v2\/categories?post=106810"},{"taxonomy":"post_tag","embeddable":true,"href":"https:\/\/www.iemj.org\/de\/wp-json\/wp\/v2\/tags?post=106810"},{"taxonomy":"technique","embeddable":true,"href":"https:\/\/www.iemj.org\/de\/wp-json\/wp\/v2\/technique?post=106810"},{"taxonomy":"squelettes","embeddable":true,"href":"https:\/\/www.iemj.org\/de\/wp-json\/wp\/v2\/squelettes?post=106810"},{"taxonomy":"sujet","embeddable":true,"href":"https:\/\/www.iemj.org\/de\/wp-json\/wp\/v2\/sujet?post=106810"},{"taxonomy":"formation","embeddable":true,"href":"https:\/\/www.iemj.org\/de\/wp-json\/wp\/v2\/formation?post=106810"},{"taxonomy":"genre","embeddable":true,"href":"https:\/\/www.iemj.org\/de\/wp-json\/wp\/v2\/genre?post=106810"},{"taxonomy":"fonds","embeddable":true,"href":"https:\/\/www.iemj.org\/de\/wp-json\/wp\/v2\/fonds?post=106810"},{"taxonomy":"tradition","embeddable":true,"href":"https:\/\/www.iemj.org\/de\/wp-json\/wp\/v2\/tradition?post=106810"},{"taxonomy":"type-de-contenu","embeddable":true,"href":"https:\/\/www.iemj.org\/de\/wp-json\/wp\/v2\/type-de-contenu?post=106810"},{"taxonomy":"interprete-compositeur","embeddable":true,"href":"https:\/\/www.iemj.org\/de\/wp-json\/wp\/v2\/interprete-compositeur?post=106810"},{"taxonomy":"frise","embeddable":true,"href":"https:\/\/www.iemj.org\/de\/wp-json\/wp\/v2\/frise?post=106810"},{"taxonomy":"type-devenement","embeddable":true,"href":"https:\/\/www.iemj.org\/de\/wp-json\/wp\/v2\/type-devenement?post=106810"},{"taxonomy":"tableaux-liens-externes","embeddable":true,"href":"https:\/\/www.iemj.org\/de\/wp-json\/wp\/v2\/tableaux-liens-externes?post=106810"}],"curies":[{"name":"wp","href":"https:\/\/api.w.org\/{rel}","templated":true}]}}