{"id":106864,"date":"2016-03-22T16:31:25","date_gmt":"2016-03-22T15:31:25","guid":{"rendered":"https:\/\/www.iemj.org\/sortie-du-film-mobile-etoile-realise-par-raphael-nadjari-france-2016\/"},"modified":"2024-01-02T16:32:13","modified_gmt":"2024-01-02T15:32:13","slug":"sortie-du-film-mobile-etoile-realise-par-raphael-nadjari-france-2016","status":"publish","type":"post","link":"https:\/\/www.iemj.org\/de\/sortie-du-film-mobile-etoile-realise-par-raphael-nadjari-france-2016\/","title":{"rendered":"VER\u00d6FFENTLICHUNG DES FILMS &#8222;MOBILE ETOILE&#8220; UNTER DER REGIE VON RAPHA\u00cbL NADJARI (FRANKREICH, 2016)"},"content":{"rendered":"<p class=\"post_excerpt\">Mit G\u00e9raldine Pailhas, Luc Picard, Marcel Sabourin, Doroth\u00e9e Berryman, Raymond Cloutier.<br \/>Produziert von The French Connection, EMA Film Inc. &amp; Sister Productions<\/p>\n<p><!--more--><br \/>Der Film &#8222;Mobile \u00e9toile&#8220; spielt in Montreal und handelt von der Heldin Hannah, einer Lehrerin f\u00fcr klassische Musik in ihren Vierzigern. Zusammen mit ihrem Mann Daniel, der Pianist ist, k\u00fcmmert sie sich um einen Chor, der sich auf franz\u00f6sische Synagogenlieder der Jahrhundertwende spezialisiert hat. Sie leitet diese Gesangsgruppe mit Begeisterung. Doch die Entschlossenheit der S\u00e4ngerin beginnt auf die Probe gestellt zu werden, als die Zusch\u00fcsse zur\u00fcckgehen. Eines Tages taucht ein sensibles, aber besonders begabtes M\u00e4dchen auf. Die Ankunft von Abigail motiviert Hannah dann, ihre Aktivit\u00e4ten fortzusetzen. Umso mehr, als Samuel, ihr ehemaliger Lehrer, in Montreal eintrifft. Er zeigt ihr eine alte Partitur, die verschwunden war und die Hannah nun wieder zum Leben erwecken will.<\/p>\n<p>Das Institut Europ\u00e9en des Musiques Juives und seine Arbeit zur Erhaltung und Verbreitung des j\u00fcdischen Musikerbes haben dem Regisseur dieses Films als Vorbild gedient. Der Titel des Films selbst ist eine Anspielung auf den Komponisten <a href=\"https:\/\/www.iemj.org\/de\/halphen-fernand-1872-1917\/\" target=\"_blank\" rel=\"noopener\">Fernand Halphen (1872-1917)<\/a>, dessen Werke gr\u00f6\u00dftenteils vom IEMJ aufbewahrt werden.<\/p>\n<p><a href=\"https:\/\/www.youtube.com\/watch?v=4QrStlgRzcQ\" target=\"_blank\" rel=\"noopener\">Interview mit dem Regisseur Rapha\u00ebl Nadjari anh\u00f6ren<\/a><\/p>\n<p><a href=\"https:\/\/www.youtube.com\/watch?v=OmoX7JoTttw\" target=\"_blank\" rel=\"noopener\">H\u00f6ren Sie sich das Interview mit Herv\u00e9 Roten \u00fcber die Musikforschung am IEMJ an.<\/a><\/p>\n<p>Trailer zum Film &#8222;Mobile Etoile&#8220; unter der Regie von Rapha\u00ebl Nadjari (Frankreich, 2016)<br \/><iframe src=\"https:\/\/www.youtube.com\/embed\/mW9-WEhceOw\" width=\"560\" height=\"315\" frameborder=\"0\" allowfullscreen=\"allowfullscreen\"><\/iframe><\/p>\n\n\n<div class=\"wp-block-file\"><a id=\"wp-block-file--media-23862371-d038-4abd-acc1-c53cc3c49975\" href=\"https:\/\/www.iemj.org\/wp-content\/uploads\/2016\/03\/me_120x160_3_affiche_film.pdf\">Filmplakat &#8222;Mobile \u00e9toile&#8220; von Rapha\u00ebl Nadjari<\/a><\/div>\n","protected":false},"excerpt":{"rendered":"<p>Mit G\u00e9raldine Pailhas, Luc Picard, Marcel Sabourin, Doroth\u00e9e Berryman, Raymond Cloutier.Produziert von The French Connection, EMA Film Inc. &amp; Sister Productions<\/p>\n","protected":false},"author":1045,"featured_media":106865,"comment_status":"closed","ping_status":"open","sticky":false,"template":"","format":"standard","meta":{"_acf_changed":false,"footnotes":""},"categories":[1370],"tags":[3420],"technique":[],"squelettes":[],"sujet":[],"formation":[],"genre":[],"fonds":[],"tradition":[],"type-de-contenu":[],"interprete-compositeur":[],"frise":[],"type-devenement":[],"tableaux-liens-externes":[],"class_list":["post-106864","post","type-post","status-publish","format-standard","has-post-thumbnail","hentry","category-veranstaltungen-de","tag-partner-veranstaltungen-de"],"acf":[],"yoast_head":"<!-- This site is optimized with the Yoast SEO plugin v27.3 - https:\/\/yoast.com\/product\/yoast-seo-wordpress\/ -->\n<title>VER\u00d6FFENTLICHUNG DES FILMS &quot;MOBILE ETOILE&quot; UNTER DER REGIE VON RAPHA\u00cbL NADJARI (FRANKREICH, 2016) - Institut Europ\u00e9en des Musiques Juives<\/title>\n<meta name=\"robots\" content=\"index, follow, max-snippet:-1, max-image-preview:large, max-video-preview:-1\" \/>\n<link rel=\"canonical\" href=\"https:\/\/www.iemj.org\/de\/sortie-du-film-mobile-etoile-realise-par-raphael-nadjari-france-2016\/\" \/>\n<meta property=\"og:locale\" content=\"de_DE\" \/>\n<meta property=\"og:type\" content=\"article\" \/>\n<meta property=\"og:title\" content=\"VER\u00d6FFENTLICHUNG DES FILMS &quot;MOBILE ETOILE&quot; UNTER DER REGIE VON RAPHA\u00cbL NADJARI (FRANKREICH, 2016) - Institut Europ\u00e9en des Musiques Juives\" \/>\n<meta property=\"og:description\" content=\"Mit G\u00e9raldine Pailhas, Luc Picard, Marcel Sabourin, Doroth\u00e9e Berryman, Raymond Cloutier.Produziert von The French Connection, EMA Film Inc. &amp; Sister Productions\" \/>\n<meta property=\"og:url\" content=\"https:\/\/www.iemj.org\/de\/sortie-du-film-mobile-etoile-realise-par-raphael-nadjari-france-2016\/\" \/>\n<meta property=\"og:site_name\" content=\"Institut Europ\u00e9en des Musiques Juives\" \/>\n<meta property=\"article:publisher\" content=\"https:\/\/www.facebook.com\/MusiquesJuives\/\" \/>\n<meta property=\"article:published_time\" content=\"2016-03-22T15:31:25+00:00\" \/>\n<meta property=\"article:modified_time\" content=\"2024-01-02T15:32:13+00:00\" \/>\n<meta property=\"og:image\" content=\"https:\/\/www.iemj.org\/wp-content\/uploads\/2016\/03\/arton1555.jpg\" \/>\n\t<meta property=\"og:image:width\" content=\"375\" \/>\n\t<meta property=\"og:image:height\" content=\"500\" \/>\n\t<meta property=\"og:image:type\" content=\"image\/jpeg\" \/>\n<meta name=\"author\" content=\"Herv\u00e9 Roten\" \/>\n<meta name=\"twitter:card\" content=\"summary_large_image\" \/>\n<meta name=\"twitter:label1\" content=\"Verfasst von\" \/>\n\t<meta name=\"twitter:data1\" content=\"Herv\u00e9 Roten\" \/>\n\t<meta name=\"twitter:label2\" content=\"Gesch\u00e4tzte Lesezeit\" \/>\n\t<meta name=\"twitter:data2\" content=\"2\u00a0Minuten\" \/>\n<script type=\"application\/ld+json\" class=\"yoast-schema-graph\">{\"@context\":\"https:\\\/\\\/schema.org\",\"@graph\":[{\"@type\":\"Article\",\"@id\":\"https:\\\/\\\/www.iemj.org\\\/de\\\/sortie-du-film-mobile-etoile-realise-par-raphael-nadjari-france-2016\\\/#article\",\"isPartOf\":{\"@id\":\"https:\\\/\\\/www.iemj.org\\\/de\\\/sortie-du-film-mobile-etoile-realise-par-raphael-nadjari-france-2016\\\/\"},\"author\":{\"name\":\"Herv\u00e9 Roten\",\"@id\":\"https:\\\/\\\/www.iemj.org\\\/de\\\/#\\\/schema\\\/person\\\/906134402c29d5c76e7b726261dd4bbd\"},\"headline\":\"VER\u00d6FFENTLICHUNG DES FILMS &#8222;MOBILE ETOILE&#8220; UNTER DER REGIE VON RAPHA\u00cbL NADJARI (FRANKREICH, 2016)\",\"datePublished\":\"2016-03-22T15:31:25+00:00\",\"dateModified\":\"2024-01-02T15:32:13+00:00\",\"mainEntityOfPage\":{\"@id\":\"https:\\\/\\\/www.iemj.org\\\/de\\\/sortie-du-film-mobile-etoile-realise-par-raphael-nadjari-france-2016\\\/\"},\"wordCount\":252,\"publisher\":{\"@id\":\"https:\\\/\\\/www.iemj.org\\\/de\\\/#organization\"},\"image\":{\"@id\":\"https:\\\/\\\/www.iemj.org\\\/de\\\/sortie-du-film-mobile-etoile-realise-par-raphael-nadjari-france-2016\\\/#primaryimage\"},\"thumbnailUrl\":\"https:\\\/\\\/www.iemj.org\\\/wp-content\\\/uploads\\\/2016\\\/03\\\/arton1555.jpg\",\"keywords\":[\"Partner-Veranstaltungen\"],\"articleSection\":[\"Veranstaltungen\"],\"inLanguage\":\"de\"},{\"@type\":\"WebPage\",\"@id\":\"https:\\\/\\\/www.iemj.org\\\/de\\\/sortie-du-film-mobile-etoile-realise-par-raphael-nadjari-france-2016\\\/\",\"url\":\"https:\\\/\\\/www.iemj.org\\\/de\\\/sortie-du-film-mobile-etoile-realise-par-raphael-nadjari-france-2016\\\/\",\"name\":\"VER\u00d6FFENTLICHUNG DES FILMS \\\"MOBILE ETOILE\\\" UNTER DER REGIE VON RAPHA\u00cbL NADJARI (FRANKREICH, 2016) - Institut Europ\u00e9en des Musiques Juives\",\"isPartOf\":{\"@id\":\"https:\\\/\\\/www.iemj.org\\\/de\\\/#website\"},\"primaryImageOfPage\":{\"@id\":\"https:\\\/\\\/www.iemj.org\\\/de\\\/sortie-du-film-mobile-etoile-realise-par-raphael-nadjari-france-2016\\\/#primaryimage\"},\"image\":{\"@id\":\"https:\\\/\\\/www.iemj.org\\\/de\\\/sortie-du-film-mobile-etoile-realise-par-raphael-nadjari-france-2016\\\/#primaryimage\"},\"thumbnailUrl\":\"https:\\\/\\\/www.iemj.org\\\/wp-content\\\/uploads\\\/2016\\\/03\\\/arton1555.jpg\",\"datePublished\":\"2016-03-22T15:31:25+00:00\",\"dateModified\":\"2024-01-02T15:32:13+00:00\",\"breadcrumb\":{\"@id\":\"https:\\\/\\\/www.iemj.org\\\/de\\\/sortie-du-film-mobile-etoile-realise-par-raphael-nadjari-france-2016\\\/#breadcrumb\"},\"inLanguage\":\"de\",\"potentialAction\":[{\"@type\":\"ReadAction\",\"target\":[\"https:\\\/\\\/www.iemj.org\\\/de\\\/sortie-du-film-mobile-etoile-realise-par-raphael-nadjari-france-2016\\\/\"]}]},{\"@type\":\"ImageObject\",\"inLanguage\":\"de\",\"@id\":\"https:\\\/\\\/www.iemj.org\\\/de\\\/sortie-du-film-mobile-etoile-realise-par-raphael-nadjari-france-2016\\\/#primaryimage\",\"url\":\"https:\\\/\\\/www.iemj.org\\\/wp-content\\\/uploads\\\/2016\\\/03\\\/arton1555.jpg\",\"contentUrl\":\"https:\\\/\\\/www.iemj.org\\\/wp-content\\\/uploads\\\/2016\\\/03\\\/arton1555.jpg\",\"width\":375,\"height\":500},{\"@type\":\"BreadcrumbList\",\"@id\":\"https:\\\/\\\/www.iemj.org\\\/de\\\/sortie-du-film-mobile-etoile-realise-par-raphael-nadjari-france-2016\\\/#breadcrumb\",\"itemListElement\":[{\"@type\":\"ListItem\",\"position\":1,\"name\":\"Accueil\",\"item\":\"https:\\\/\\\/www.iemj.org\\\/de\\\/\"},{\"@type\":\"ListItem\",\"position\":2,\"name\":\"VER\u00d6FFENTLICHUNG DES FILMS \u00ab\u00a0MOBILE ETOILE\u00a0\u00bb UNTER DER REGIE VON RAPHA\u00cbL NADJARI (FRANKREICH, 2016)\"}]},{\"@type\":\"WebSite\",\"@id\":\"https:\\\/\\\/www.iemj.org\\\/de\\\/#website\",\"url\":\"https:\\\/\\\/www.iemj.org\\\/de\\\/\",\"name\":\"Institut Europ\u00e9en des Musiques Juives\",\"description\":\"Des traditions musicales \u00e0 la port\u00e9e de tous\",\"publisher\":{\"@id\":\"https:\\\/\\\/www.iemj.org\\\/de\\\/#organization\"},\"potentialAction\":[{\"@type\":\"SearchAction\",\"target\":{\"@type\":\"EntryPoint\",\"urlTemplate\":\"https:\\\/\\\/www.iemj.org\\\/de\\\/?s={search_term_string}\"},\"query-input\":{\"@type\":\"PropertyValueSpecification\",\"valueRequired\":true,\"valueName\":\"search_term_string\"}}],\"inLanguage\":\"de\"},{\"@type\":\"Organization\",\"@id\":\"https:\\\/\\\/www.iemj.org\\\/de\\\/#organization\",\"name\":\"Institut Europ\u00e9en des Musiques Juives\",\"url\":\"https:\\\/\\\/www.iemj.org\\\/de\\\/\",\"logo\":{\"@type\":\"ImageObject\",\"inLanguage\":\"de\",\"@id\":\"https:\\\/\\\/www.iemj.org\\\/de\\\/#\\\/schema\\\/logo\\\/image\\\/\",\"url\":\"https:\\\/\\\/www.iemj.org\\\/wp-content\\\/uploads\\\/2021\\\/09\\\/Logo-IEMJ-Paypal.jpg\",\"contentUrl\":\"https:\\\/\\\/www.iemj.org\\\/wp-content\\\/uploads\\\/2021\\\/09\\\/Logo-IEMJ-Paypal.jpg\",\"width\":150,\"height\":50,\"caption\":\"Institut Europ\u00e9en des Musiques Juives\"},\"image\":{\"@id\":\"https:\\\/\\\/www.iemj.org\\\/de\\\/#\\\/schema\\\/logo\\\/image\\\/\"},\"sameAs\":[\"https:\\\/\\\/www.facebook.com\\\/MusiquesJuives\\\/\",\"https:\\\/\\\/www.instagram.com\\\/musiquesjuives\\\/\",\"https:\\\/\\\/www.youtube.com\\\/user\\\/musiquesjuives\"]},{\"@type\":\"Person\",\"@id\":\"https:\\\/\\\/www.iemj.org\\\/de\\\/#\\\/schema\\\/person\\\/906134402c29d5c76e7b726261dd4bbd\",\"name\":\"Herv\u00e9 Roten\",\"image\":{\"@type\":\"ImageObject\",\"inLanguage\":\"de\",\"@id\":\"https:\\\/\\\/secure.gravatar.com\\\/avatar\\\/f96ad2db538a26481f18384936b5cd0610c92d390c4dc382209216d455f685ff?s=96&d=mm&r=g\",\"url\":\"https:\\\/\\\/secure.gravatar.com\\\/avatar\\\/f96ad2db538a26481f18384936b5cd0610c92d390c4dc382209216d455f685ff?s=96&d=mm&r=g\",\"contentUrl\":\"https:\\\/\\\/secure.gravatar.com\\\/avatar\\\/f96ad2db538a26481f18384936b5cd0610c92d390c4dc382209216d455f685ff?s=96&d=mm&r=g\",\"caption\":\"Herv\u00e9 Roten\"}}]}<\/script>\n<!-- \/ Yoast SEO plugin. -->","yoast_head_json":{"title":"VER\u00d6FFENTLICHUNG DES FILMS \"MOBILE ETOILE\" UNTER DER REGIE VON RAPHA\u00cbL NADJARI (FRANKREICH, 2016) - Institut Europ\u00e9en des Musiques Juives","robots":{"index":"index","follow":"follow","max-snippet":"max-snippet:-1","max-image-preview":"max-image-preview:large","max-video-preview":"max-video-preview:-1"},"canonical":"https:\/\/www.iemj.org\/de\/sortie-du-film-mobile-etoile-realise-par-raphael-nadjari-france-2016\/","og_locale":"de_DE","og_type":"article","og_title":"VER\u00d6FFENTLICHUNG DES FILMS \"MOBILE ETOILE\" UNTER DER REGIE VON RAPHA\u00cbL NADJARI (FRANKREICH, 2016) - Institut Europ\u00e9en des Musiques Juives","og_description":"Mit G\u00e9raldine Pailhas, Luc Picard, Marcel Sabourin, Doroth\u00e9e Berryman, Raymond Cloutier.Produziert von The French Connection, EMA Film Inc. &amp; Sister Productions","og_url":"https:\/\/www.iemj.org\/de\/sortie-du-film-mobile-etoile-realise-par-raphael-nadjari-france-2016\/","og_site_name":"Institut Europ\u00e9en des Musiques Juives","article_publisher":"https:\/\/www.facebook.com\/MusiquesJuives\/","article_published_time":"2016-03-22T15:31:25+00:00","article_modified_time":"2024-01-02T15:32:13+00:00","og_image":[{"width":375,"height":500,"url":"https:\/\/www.iemj.org\/wp-content\/uploads\/2016\/03\/arton1555.jpg","type":"image\/jpeg"}],"author":"Herv\u00e9 Roten","twitter_card":"summary_large_image","twitter_misc":{"Verfasst von":"Herv\u00e9 Roten","Gesch\u00e4tzte Lesezeit":"2\u00a0Minuten"},"schema":{"@context":"https:\/\/schema.org","@graph":[{"@type":"Article","@id":"https:\/\/www.iemj.org\/de\/sortie-du-film-mobile-etoile-realise-par-raphael-nadjari-france-2016\/#article","isPartOf":{"@id":"https:\/\/www.iemj.org\/de\/sortie-du-film-mobile-etoile-realise-par-raphael-nadjari-france-2016\/"},"author":{"name":"Herv\u00e9 Roten","@id":"https:\/\/www.iemj.org\/de\/#\/schema\/person\/906134402c29d5c76e7b726261dd4bbd"},"headline":"VER\u00d6FFENTLICHUNG DES FILMS &#8222;MOBILE ETOILE&#8220; UNTER DER REGIE VON RAPHA\u00cbL NADJARI (FRANKREICH, 2016)","datePublished":"2016-03-22T15:31:25+00:00","dateModified":"2024-01-02T15:32:13+00:00","mainEntityOfPage":{"@id":"https:\/\/www.iemj.org\/de\/sortie-du-film-mobile-etoile-realise-par-raphael-nadjari-france-2016\/"},"wordCount":252,"publisher":{"@id":"https:\/\/www.iemj.org\/de\/#organization"},"image":{"@id":"https:\/\/www.iemj.org\/de\/sortie-du-film-mobile-etoile-realise-par-raphael-nadjari-france-2016\/#primaryimage"},"thumbnailUrl":"https:\/\/www.iemj.org\/wp-content\/uploads\/2016\/03\/arton1555.jpg","keywords":["Partner-Veranstaltungen"],"articleSection":["Veranstaltungen"],"inLanguage":"de"},{"@type":"WebPage","@id":"https:\/\/www.iemj.org\/de\/sortie-du-film-mobile-etoile-realise-par-raphael-nadjari-france-2016\/","url":"https:\/\/www.iemj.org\/de\/sortie-du-film-mobile-etoile-realise-par-raphael-nadjari-france-2016\/","name":"VER\u00d6FFENTLICHUNG DES FILMS \"MOBILE ETOILE\" UNTER DER REGIE VON RAPHA\u00cbL NADJARI (FRANKREICH, 2016) - Institut Europ\u00e9en des Musiques Juives","isPartOf":{"@id":"https:\/\/www.iemj.org\/de\/#website"},"primaryImageOfPage":{"@id":"https:\/\/www.iemj.org\/de\/sortie-du-film-mobile-etoile-realise-par-raphael-nadjari-france-2016\/#primaryimage"},"image":{"@id":"https:\/\/www.iemj.org\/de\/sortie-du-film-mobile-etoile-realise-par-raphael-nadjari-france-2016\/#primaryimage"},"thumbnailUrl":"https:\/\/www.iemj.org\/wp-content\/uploads\/2016\/03\/arton1555.jpg","datePublished":"2016-03-22T15:31:25+00:00","dateModified":"2024-01-02T15:32:13+00:00","breadcrumb":{"@id":"https:\/\/www.iemj.org\/de\/sortie-du-film-mobile-etoile-realise-par-raphael-nadjari-france-2016\/#breadcrumb"},"inLanguage":"de","potentialAction":[{"@type":"ReadAction","target":["https:\/\/www.iemj.org\/de\/sortie-du-film-mobile-etoile-realise-par-raphael-nadjari-france-2016\/"]}]},{"@type":"ImageObject","inLanguage":"de","@id":"https:\/\/www.iemj.org\/de\/sortie-du-film-mobile-etoile-realise-par-raphael-nadjari-france-2016\/#primaryimage","url":"https:\/\/www.iemj.org\/wp-content\/uploads\/2016\/03\/arton1555.jpg","contentUrl":"https:\/\/www.iemj.org\/wp-content\/uploads\/2016\/03\/arton1555.jpg","width":375,"height":500},{"@type":"BreadcrumbList","@id":"https:\/\/www.iemj.org\/de\/sortie-du-film-mobile-etoile-realise-par-raphael-nadjari-france-2016\/#breadcrumb","itemListElement":[{"@type":"ListItem","position":1,"name":"Accueil","item":"https:\/\/www.iemj.org\/de\/"},{"@type":"ListItem","position":2,"name":"VER\u00d6FFENTLICHUNG DES FILMS \u00ab\u00a0MOBILE ETOILE\u00a0\u00bb UNTER DER REGIE VON RAPHA\u00cbL NADJARI (FRANKREICH, 2016)"}]},{"@type":"WebSite","@id":"https:\/\/www.iemj.org\/de\/#website","url":"https:\/\/www.iemj.org\/de\/","name":"Institut Europ\u00e9en des Musiques Juives","description":"Des traditions musicales \u00e0 la port\u00e9e de tous","publisher":{"@id":"https:\/\/www.iemj.org\/de\/#organization"},"potentialAction":[{"@type":"SearchAction","target":{"@type":"EntryPoint","urlTemplate":"https:\/\/www.iemj.org\/de\/?s={search_term_string}"},"query-input":{"@type":"PropertyValueSpecification","valueRequired":true,"valueName":"search_term_string"}}],"inLanguage":"de"},{"@type":"Organization","@id":"https:\/\/www.iemj.org\/de\/#organization","name":"Institut Europ\u00e9en des Musiques Juives","url":"https:\/\/www.iemj.org\/de\/","logo":{"@type":"ImageObject","inLanguage":"de","@id":"https:\/\/www.iemj.org\/de\/#\/schema\/logo\/image\/","url":"https:\/\/www.iemj.org\/wp-content\/uploads\/2021\/09\/Logo-IEMJ-Paypal.jpg","contentUrl":"https:\/\/www.iemj.org\/wp-content\/uploads\/2021\/09\/Logo-IEMJ-Paypal.jpg","width":150,"height":50,"caption":"Institut Europ\u00e9en des Musiques Juives"},"image":{"@id":"https:\/\/www.iemj.org\/de\/#\/schema\/logo\/image\/"},"sameAs":["https:\/\/www.facebook.com\/MusiquesJuives\/","https:\/\/www.instagram.com\/musiquesjuives\/","https:\/\/www.youtube.com\/user\/musiquesjuives"]},{"@type":"Person","@id":"https:\/\/www.iemj.org\/de\/#\/schema\/person\/906134402c29d5c76e7b726261dd4bbd","name":"Herv\u00e9 Roten","image":{"@type":"ImageObject","inLanguage":"de","@id":"https:\/\/secure.gravatar.com\/avatar\/f96ad2db538a26481f18384936b5cd0610c92d390c4dc382209216d455f685ff?s=96&d=mm&r=g","url":"https:\/\/secure.gravatar.com\/avatar\/f96ad2db538a26481f18384936b5cd0610c92d390c4dc382209216d455f685ff?s=96&d=mm&r=g","contentUrl":"https:\/\/secure.gravatar.com\/avatar\/f96ad2db538a26481f18384936b5cd0610c92d390c4dc382209216d455f685ff?s=96&d=mm&r=g","caption":"Herv\u00e9 Roten"}}]}},"_links":{"self":[{"href":"https:\/\/www.iemj.org\/de\/wp-json\/wp\/v2\/posts\/106864","targetHints":{"allow":["GET"]}}],"collection":[{"href":"https:\/\/www.iemj.org\/de\/wp-json\/wp\/v2\/posts"}],"about":[{"href":"https:\/\/www.iemj.org\/de\/wp-json\/wp\/v2\/types\/post"}],"author":[{"embeddable":true,"href":"https:\/\/www.iemj.org\/de\/wp-json\/wp\/v2\/users\/1045"}],"replies":[{"embeddable":true,"href":"https:\/\/www.iemj.org\/de\/wp-json\/wp\/v2\/comments?post=106864"}],"version-history":[{"count":0,"href":"https:\/\/www.iemj.org\/de\/wp-json\/wp\/v2\/posts\/106864\/revisions"}],"wp:featuredmedia":[{"embeddable":true,"href":"https:\/\/www.iemj.org\/de\/wp-json\/wp\/v2\/media\/106865"}],"wp:attachment":[{"href":"https:\/\/www.iemj.org\/de\/wp-json\/wp\/v2\/media?parent=106864"}],"wp:term":[{"taxonomy":"category","embeddable":true,"href":"https:\/\/www.iemj.org\/de\/wp-json\/wp\/v2\/categories?post=106864"},{"taxonomy":"post_tag","embeddable":true,"href":"https:\/\/www.iemj.org\/de\/wp-json\/wp\/v2\/tags?post=106864"},{"taxonomy":"technique","embeddable":true,"href":"https:\/\/www.iemj.org\/de\/wp-json\/wp\/v2\/technique?post=106864"},{"taxonomy":"squelettes","embeddable":true,"href":"https:\/\/www.iemj.org\/de\/wp-json\/wp\/v2\/squelettes?post=106864"},{"taxonomy":"sujet","embeddable":true,"href":"https:\/\/www.iemj.org\/de\/wp-json\/wp\/v2\/sujet?post=106864"},{"taxonomy":"formation","embeddable":true,"href":"https:\/\/www.iemj.org\/de\/wp-json\/wp\/v2\/formation?post=106864"},{"taxonomy":"genre","embeddable":true,"href":"https:\/\/www.iemj.org\/de\/wp-json\/wp\/v2\/genre?post=106864"},{"taxonomy":"fonds","embeddable":true,"href":"https:\/\/www.iemj.org\/de\/wp-json\/wp\/v2\/fonds?post=106864"},{"taxonomy":"tradition","embeddable":true,"href":"https:\/\/www.iemj.org\/de\/wp-json\/wp\/v2\/tradition?post=106864"},{"taxonomy":"type-de-contenu","embeddable":true,"href":"https:\/\/www.iemj.org\/de\/wp-json\/wp\/v2\/type-de-contenu?post=106864"},{"taxonomy":"interprete-compositeur","embeddable":true,"href":"https:\/\/www.iemj.org\/de\/wp-json\/wp\/v2\/interprete-compositeur?post=106864"},{"taxonomy":"frise","embeddable":true,"href":"https:\/\/www.iemj.org\/de\/wp-json\/wp\/v2\/frise?post=106864"},{"taxonomy":"type-devenement","embeddable":true,"href":"https:\/\/www.iemj.org\/de\/wp-json\/wp\/v2\/type-devenement?post=106864"},{"taxonomy":"tableaux-liens-externes","embeddable":true,"href":"https:\/\/www.iemj.org\/de\/wp-json\/wp\/v2\/tableaux-liens-externes?post=106864"}],"curies":[{"name":"wp","href":"https:\/\/api.w.org\/{rel}","templated":true}]}}