{"id":106913,"date":"2015-12-09T10:06:45","date_gmt":"2015-12-09T09:06:45","guid":{"rendered":"https:\/\/www.iemj.org\/cycle-de-cours-itineraire-de-la-chanson-juive-en-france\/"},"modified":"2024-01-02T17:55:52","modified_gmt":"2024-01-02T16:55:52","slug":"cycle-de-cours-itineraire-de-la-chanson-juive-en-france","status":"publish","type":"post","link":"https:\/\/www.iemj.org\/de\/cycle-de-cours-itineraire-de-la-chanson-juive-en-france\/","title":{"rendered":"KURSZYKLUS: Itin\u00e9raire de la chanson juive en France [Reise durch das j\u00fcdische Lied in Frankreich]"},"content":{"rendered":"<p><strong>Das Institut Elie Wiesel organisiert in Partnerschaft mit dem Europ\u00e4ischen Institut f\u00fcr J\u00fcdische Musik eine Reihe von Kursen, die von Herv\u00e9 Roten am Donnerstag, den 7., 14., 21. und 28. Januar 2016 von 18.30 bis 20.30 Uhr geleitet werden.<\/strong><\/p>\n<p>Man sagt oft, dass es eine besondere Beziehung zwischen dem j\u00fcdischen Volk und der Musik gibt. Tats\u00e4chlich wird das Singen in der Bibel h\u00e4ufig erw\u00e4hnt. Die Propheten sprechen sich gegen seinen Gebrauch zu anderen als heiligen Zwecken aus. Dies beweist, dass die Juden, wie alle V\u00f6lker auf der Welt, Arbeits-, Liebes- und Unterhaltungslieder sangen. Die Schriften von Ben-Sira (2. Jahrhundert v. Chr.) beschreiben daher die instrumentalen und vokalen Praktiken, die w\u00e4hrend der Festessen stattfanden. Unter dem Einfluss der griechischen und sp\u00e4ter der r\u00f6mischen Zivilisation f\u00fchrten die Juden manchmal regelrechte Musikwettbewerbe durch.<\/p>\n<p>Leider hat die Geschichte aus dieser Zeit keine musikalischen Aufzeichnungen bewahrt, die wir mit Sicherheit lesen k\u00f6nnen. Erst im 12. Jahrhundert, mit dem normannischen Proselyten Abdias, wurden uns zwei Pijutim und eine Kantillation schriftlich \u00fcberliefert.<\/p>\n<p>Im 13. Jahrhundert ist Frankreich f\u00fcr die Juden ein auserw\u00e4hltes Land. Im S\u00fcden leben die Juden, die die Sprache des Oc sprechen, im Norden die Juden, die die Sprache des O\u00efl sprechen. Beeinflusst von der lokalen Musik und der Poesie der Troubadoure und Trouv\u00e8res, adaptierten die Juden die Lieder ihrer Zeit mit Texten, die ihr Leben erz\u00e4hlten. Diese j\u00fcdischen Lieder, die manchmal auch notiert wurden, sind vor kurzem Gegenstand einer spannenden musikalischen Wiedergabe geworden (siehe Bibliografie-Diskografie).<\/p>\n<p>Das j\u00fcdische Lied in Frankreich geht jedoch \u00fcber das Mittelalter hinaus. Trotz der zahlreichen Vertreibungen der Juden aus Frankreich findet man im 18. Jahrhundert Lieder in der ehemaligen Grafschaft Venaissin oder auch in den portugiesischen Gemeinden im S\u00fcdwesten Frankreichs. Jedoch erst im 19. und 20. Jahrhundert erlebte das j\u00fcdische Lied eine wahre Renaissance: jiddische Lieder, die von den vor Pogromen geflohenen osteurop\u00e4ischen Juden gesungen wurden, j\u00fcdisch-spanische oder arabische Lieder von Juden aus dem Osmanischen Reich oder dem Maghreb.<\/p>\n<p>Heute erlebt das j\u00fcdische Lied eine wahre Renaissance. Zahlreiche K\u00fcnstler haben sich auf den Weg gemacht, um ein Repertoire von unendlichem Reichtum neu zu erobern. Zwischen Treue und Kreativit\u00e4t sprengen sie Grenzen und f\u00fcgen j\u00fcdische Lieder in die Str\u00f6mung der World Music ein.<\/p>\n<p><strong>Diese &#8211; nicht ersch\u00f6pfende &#8211; Route des j\u00fcdischen Liedes in Frankreich bietet eine originelle musikalische Reise durch das Anh\u00f6ren zahlreicher Ton- und audiovisueller Ausschnitte.<\/strong><\/p>\n<p><strong>Bibliografie<\/strong><br \/>\n&#8211; Herv\u00e9 Roten, Musiques liturgiques juives (inkl. einer CD), Cit\u00e9 de la Musique\/Actes Sud, 1998<br \/>\n&#8211; Amnon Shiloah, Les traditions musicales juives, Maisonneuve &amp; Larose, 1995<br \/>\n&#8211; Charles Dobzynski, Le monde yiddish : litt\u00e9rature, chanson, arts plastiques, cin\u00e9ma : une l\u00e9gende \u00e0 vif. L&#8217;Harmattan, Paris, 1998<\/p>\n<p><strong>Discografie<\/strong><br \/>\n&#8211; <a href=\"https:\/\/www.iemj.org\/de\/juifs-et-trouveres\/\" target=\"_blank\" rel=\"noopener\">Juifs et Trouv\u00e8res &#8211; Chansons juives du XIIIe si\u00e8cle en ancien fran\u00e7ais et h\u00e9breu, CD coll. Patrimoines musicaux des Juifs de France, vol. 12, Buda Musique, 2014<\/a><br \/>\n&#8211; <a href=\"https:\/\/www.iemj.org\/de\/jacques-grober-chansons-yiddish-dhier-et-daujourdhui\/\" target=\"_blank\" rel=\"noopener\">Jacques Grober &#8211; Chansons yiddish d\u2019hier et d\u2019aujourd\u2019hui, CD coll. Patrimoines musicaux des Juifs de France, vol. 7, Buda Musique, 2008<\/a><br \/>\n&#8211; <a href=\"https:\/\/www.iemj.org\/de\/reedition-du-coffret-musiques-juives-dans-le-paris-dapres-guerre-elesdisc-1948-1953\/\" target=\"_blank\" rel=\"noopener\">Musiques juives dans le Paris d\u2019Apr\u00e8s-guerre &#8211; Elesdisc 1948-1953. CD coll. Archives, Editions de l\u2019IEMJ, 2015<\/a><\/p>\n<p><strong>Uhrzeit: Donnerstag, 7., 14., 21. und 28. Januar, 2016 um 18:30 Uhr.<\/strong><br \/>\n<strong>Preis:<\/strong> 60 \u20ac (30 \u20ac f\u00fcr Studenten)<\/p>\n<p>Voranmeldung auf der Website <a href=\"http:\/\/www.instituteliewiesel.com\/content\/itin%C3%A9raire-de-la-chanson-juive-en-france\">Institut Universitaire d\u2019Etudes Juives Elie Wiesel<\/a><br \/>\n<img decoding=\"async\" class=\" alignleft size-full wp-image-8644\" src=\"https:\/\/www.iemj.org\/wp-content\/uploads\/2015\/12\/insteliewiesel-f39fc.png\" alt=\"insteliewiesel-f39fc.png\" width=\"91\" height=\"130\" align=\"left\" \/><\/p>\n","protected":false},"excerpt":{"rendered":"<p>Das Institut Elie Wiesel organisiert in Partnerschaft mit dem Europ\u00e4ischen Institut f\u00fcr J\u00fcdische Musik eine Reihe von Kursen, die von Herv\u00e9 Roten am Donnerstag, den 7., 14., 21. und 28.<\/p>\n","protected":false},"author":5,"featured_media":106914,"comment_status":"closed","ping_status":"open","sticky":false,"template":"","format":"standard","meta":{"_acf_changed":false,"footnotes":""},"categories":[1382,1370],"tags":[3420],"technique":[],"squelettes":[],"sujet":[],"formation":[],"genre":[],"fonds":[],"tradition":[],"type-de-contenu":[],"interprete-compositeur":[],"frise":[],"type-devenement":[],"tableaux-liens-externes":[],"class_list":["post-106913","post","type-post","status-publish","format-standard","has-post-thumbnail","hentry","category-kurse-konferenzen-de","category-veranstaltungen-de","tag-partner-veranstaltungen-de"],"acf":[],"yoast_head":"<!-- This site is optimized with the Yoast SEO plugin v27.3 - https:\/\/yoast.com\/product\/yoast-seo-wordpress\/ -->\n<title>KURSZYKLUS: Itin\u00e9raire de la chanson juive en France [Reise durch das j\u00fcdische Lied in Frankreich] - Institut Europ\u00e9en des Musiques Juives<\/title>\n<meta name=\"robots\" content=\"index, follow, max-snippet:-1, max-image-preview:large, max-video-preview:-1\" \/>\n<link rel=\"canonical\" href=\"https:\/\/www.iemj.org\/de\/cycle-de-cours-itineraire-de-la-chanson-juive-en-france\/\" \/>\n<meta property=\"og:locale\" content=\"de_DE\" \/>\n<meta property=\"og:type\" content=\"article\" \/>\n<meta property=\"og:title\" content=\"KURSZYKLUS: Itin\u00e9raire de la chanson juive en France [Reise durch das j\u00fcdische Lied in Frankreich] - Institut Europ\u00e9en des Musiques Juives\" \/>\n<meta property=\"og:description\" content=\"Das Institut Elie Wiesel organisiert in Partnerschaft mit dem Europ\u00e4ischen Institut f\u00fcr J\u00fcdische Musik eine Reihe von Kursen, die von Herv\u00e9 Roten am Donnerstag, den 7., 14., 21. und 28.\" \/>\n<meta property=\"og:url\" content=\"https:\/\/www.iemj.org\/de\/cycle-de-cours-itineraire-de-la-chanson-juive-en-france\/\" \/>\n<meta property=\"og:site_name\" content=\"Institut Europ\u00e9en des Musiques Juives\" \/>\n<meta property=\"article:publisher\" content=\"https:\/\/www.facebook.com\/MusiquesJuives\/\" \/>\n<meta property=\"article:published_time\" content=\"2015-12-09T09:06:45+00:00\" \/>\n<meta property=\"article:modified_time\" content=\"2024-01-02T16:55:52+00:00\" \/>\n<meta property=\"og:image\" content=\"https:\/\/www.iemj.org\/wp-content\/uploads\/2015\/12\/arton1298.jpg\" \/>\n\t<meta property=\"og:image:width\" content=\"544\" \/>\n\t<meta property=\"og:image:height\" content=\"416\" \/>\n\t<meta property=\"og:image:type\" content=\"image\/jpeg\" \/>\n<meta name=\"author\" content=\"Jacqueline ROTEN\" \/>\n<meta name=\"twitter:card\" content=\"summary_large_image\" \/>\n<meta name=\"twitter:label1\" content=\"Verfasst von\" \/>\n\t<meta name=\"twitter:data1\" content=\"Jacqueline ROTEN\" \/>\n\t<meta name=\"twitter:label2\" content=\"Gesch\u00e4tzte Lesezeit\" \/>\n\t<meta name=\"twitter:data2\" content=\"4\u00a0Minuten\" \/>\n<script type=\"application\/ld+json\" class=\"yoast-schema-graph\">{\"@context\":\"https:\\\/\\\/schema.org\",\"@graph\":[{\"@type\":\"Article\",\"@id\":\"https:\\\/\\\/www.iemj.org\\\/de\\\/cycle-de-cours-itineraire-de-la-chanson-juive-en-france\\\/#article\",\"isPartOf\":{\"@id\":\"https:\\\/\\\/www.iemj.org\\\/de\\\/cycle-de-cours-itineraire-de-la-chanson-juive-en-france\\\/\"},\"author\":{\"name\":\"Jacqueline ROTEN\",\"@id\":\"https:\\\/\\\/www.iemj.org\\\/de\\\/#\\\/schema\\\/person\\\/358e26c18aca017fcc4cc15437f7279c\"},\"headline\":\"KURSZYKLUS: Itin\u00e9raire de la chanson juive en France [Reise durch das j\u00fcdische Lied in Frankreich]\",\"datePublished\":\"2015-12-09T09:06:45+00:00\",\"dateModified\":\"2024-01-02T16:55:52+00:00\",\"mainEntityOfPage\":{\"@id\":\"https:\\\/\\\/www.iemj.org\\\/de\\\/cycle-de-cours-itineraire-de-la-chanson-juive-en-france\\\/\"},\"wordCount\":564,\"publisher\":{\"@id\":\"https:\\\/\\\/www.iemj.org\\\/de\\\/#organization\"},\"image\":{\"@id\":\"https:\\\/\\\/www.iemj.org\\\/de\\\/cycle-de-cours-itineraire-de-la-chanson-juive-en-france\\\/#primaryimage\"},\"thumbnailUrl\":\"https:\\\/\\\/www.iemj.org\\\/wp-content\\\/uploads\\\/2015\\\/12\\\/arton1298.jpg\",\"keywords\":[\"Partner-Veranstaltungen\"],\"articleSection\":[\"Kurse \\\/ Konferenzen\",\"Veranstaltungen\"],\"inLanguage\":\"de\"},{\"@type\":\"WebPage\",\"@id\":\"https:\\\/\\\/www.iemj.org\\\/de\\\/cycle-de-cours-itineraire-de-la-chanson-juive-en-france\\\/\",\"url\":\"https:\\\/\\\/www.iemj.org\\\/de\\\/cycle-de-cours-itineraire-de-la-chanson-juive-en-france\\\/\",\"name\":\"KURSZYKLUS: Itin\u00e9raire de la chanson juive en France [Reise durch das j\u00fcdische Lied in Frankreich] - Institut Europ\u00e9en des Musiques Juives\",\"isPartOf\":{\"@id\":\"https:\\\/\\\/www.iemj.org\\\/de\\\/#website\"},\"primaryImageOfPage\":{\"@id\":\"https:\\\/\\\/www.iemj.org\\\/de\\\/cycle-de-cours-itineraire-de-la-chanson-juive-en-france\\\/#primaryimage\"},\"image\":{\"@id\":\"https:\\\/\\\/www.iemj.org\\\/de\\\/cycle-de-cours-itineraire-de-la-chanson-juive-en-france\\\/#primaryimage\"},\"thumbnailUrl\":\"https:\\\/\\\/www.iemj.org\\\/wp-content\\\/uploads\\\/2015\\\/12\\\/arton1298.jpg\",\"datePublished\":\"2015-12-09T09:06:45+00:00\",\"dateModified\":\"2024-01-02T16:55:52+00:00\",\"breadcrumb\":{\"@id\":\"https:\\\/\\\/www.iemj.org\\\/de\\\/cycle-de-cours-itineraire-de-la-chanson-juive-en-france\\\/#breadcrumb\"},\"inLanguage\":\"de\",\"potentialAction\":[{\"@type\":\"ReadAction\",\"target\":[\"https:\\\/\\\/www.iemj.org\\\/de\\\/cycle-de-cours-itineraire-de-la-chanson-juive-en-france\\\/\"]}]},{\"@type\":\"ImageObject\",\"inLanguage\":\"de\",\"@id\":\"https:\\\/\\\/www.iemj.org\\\/de\\\/cycle-de-cours-itineraire-de-la-chanson-juive-en-france\\\/#primaryimage\",\"url\":\"https:\\\/\\\/www.iemj.org\\\/wp-content\\\/uploads\\\/2015\\\/12\\\/arton1298.jpg\",\"contentUrl\":\"https:\\\/\\\/www.iemj.org\\\/wp-content\\\/uploads\\\/2015\\\/12\\\/arton1298.jpg\",\"width\":544,\"height\":416},{\"@type\":\"BreadcrumbList\",\"@id\":\"https:\\\/\\\/www.iemj.org\\\/de\\\/cycle-de-cours-itineraire-de-la-chanson-juive-en-france\\\/#breadcrumb\",\"itemListElement\":[{\"@type\":\"ListItem\",\"position\":1,\"name\":\"Accueil\",\"item\":\"https:\\\/\\\/www.iemj.org\\\/de\\\/\"},{\"@type\":\"ListItem\",\"position\":2,\"name\":\"KURSZYKLUS: Itin\u00e9raire de la chanson juive en France [Reise durch das j\u00fcdische Lied in Frankreich]\"}]},{\"@type\":\"WebSite\",\"@id\":\"https:\\\/\\\/www.iemj.org\\\/de\\\/#website\",\"url\":\"https:\\\/\\\/www.iemj.org\\\/de\\\/\",\"name\":\"Institut Europ\u00e9en des Musiques Juives\",\"description\":\"Des traditions musicales \u00e0 la port\u00e9e de tous\",\"publisher\":{\"@id\":\"https:\\\/\\\/www.iemj.org\\\/de\\\/#organization\"},\"potentialAction\":[{\"@type\":\"SearchAction\",\"target\":{\"@type\":\"EntryPoint\",\"urlTemplate\":\"https:\\\/\\\/www.iemj.org\\\/de\\\/?s={search_term_string}\"},\"query-input\":{\"@type\":\"PropertyValueSpecification\",\"valueRequired\":true,\"valueName\":\"search_term_string\"}}],\"inLanguage\":\"de\"},{\"@type\":\"Organization\",\"@id\":\"https:\\\/\\\/www.iemj.org\\\/de\\\/#organization\",\"name\":\"Institut Europ\u00e9en des Musiques Juives\",\"url\":\"https:\\\/\\\/www.iemj.org\\\/de\\\/\",\"logo\":{\"@type\":\"ImageObject\",\"inLanguage\":\"de\",\"@id\":\"https:\\\/\\\/www.iemj.org\\\/de\\\/#\\\/schema\\\/logo\\\/image\\\/\",\"url\":\"https:\\\/\\\/www.iemj.org\\\/wp-content\\\/uploads\\\/2021\\\/09\\\/Logo-IEMJ-Paypal.jpg\",\"contentUrl\":\"https:\\\/\\\/www.iemj.org\\\/wp-content\\\/uploads\\\/2021\\\/09\\\/Logo-IEMJ-Paypal.jpg\",\"width\":150,\"height\":50,\"caption\":\"Institut Europ\u00e9en des Musiques Juives\"},\"image\":{\"@id\":\"https:\\\/\\\/www.iemj.org\\\/de\\\/#\\\/schema\\\/logo\\\/image\\\/\"},\"sameAs\":[\"https:\\\/\\\/www.facebook.com\\\/MusiquesJuives\\\/\",\"https:\\\/\\\/www.instagram.com\\\/musiquesjuives\\\/\",\"https:\\\/\\\/www.youtube.com\\\/user\\\/musiquesjuives\"]},{\"@type\":\"Person\",\"@id\":\"https:\\\/\\\/www.iemj.org\\\/de\\\/#\\\/schema\\\/person\\\/358e26c18aca017fcc4cc15437f7279c\",\"name\":\"Jacqueline ROTEN\",\"image\":{\"@type\":\"ImageObject\",\"inLanguage\":\"de\",\"@id\":\"https:\\\/\\\/secure.gravatar.com\\\/avatar\\\/5964256d6c6957de3a3505278957e0fb2a35119ac47ea41827a65301213c810b?s=96&d=mm&r=g\",\"url\":\"https:\\\/\\\/secure.gravatar.com\\\/avatar\\\/5964256d6c6957de3a3505278957e0fb2a35119ac47ea41827a65301213c810b?s=96&d=mm&r=g\",\"contentUrl\":\"https:\\\/\\\/secure.gravatar.com\\\/avatar\\\/5964256d6c6957de3a3505278957e0fb2a35119ac47ea41827a65301213c810b?s=96&d=mm&r=g\",\"caption\":\"Jacqueline ROTEN\"}}]}<\/script>\n<!-- \/ Yoast SEO plugin. -->","yoast_head_json":{"title":"KURSZYKLUS: Itin\u00e9raire de la chanson juive en France [Reise durch das j\u00fcdische Lied in Frankreich] - Institut Europ\u00e9en des Musiques Juives","robots":{"index":"index","follow":"follow","max-snippet":"max-snippet:-1","max-image-preview":"max-image-preview:large","max-video-preview":"max-video-preview:-1"},"canonical":"https:\/\/www.iemj.org\/de\/cycle-de-cours-itineraire-de-la-chanson-juive-en-france\/","og_locale":"de_DE","og_type":"article","og_title":"KURSZYKLUS: Itin\u00e9raire de la chanson juive en France [Reise durch das j\u00fcdische Lied in Frankreich] - Institut Europ\u00e9en des Musiques Juives","og_description":"Das Institut Elie Wiesel organisiert in Partnerschaft mit dem Europ\u00e4ischen Institut f\u00fcr J\u00fcdische Musik eine Reihe von Kursen, die von Herv\u00e9 Roten am Donnerstag, den 7., 14., 21. und 28.","og_url":"https:\/\/www.iemj.org\/de\/cycle-de-cours-itineraire-de-la-chanson-juive-en-france\/","og_site_name":"Institut Europ\u00e9en des Musiques Juives","article_publisher":"https:\/\/www.facebook.com\/MusiquesJuives\/","article_published_time":"2015-12-09T09:06:45+00:00","article_modified_time":"2024-01-02T16:55:52+00:00","og_image":[{"width":544,"height":416,"url":"https:\/\/www.iemj.org\/wp-content\/uploads\/2015\/12\/arton1298.jpg","type":"image\/jpeg"}],"author":"Jacqueline ROTEN","twitter_card":"summary_large_image","twitter_misc":{"Verfasst von":"Jacqueline ROTEN","Gesch\u00e4tzte Lesezeit":"4\u00a0Minuten"},"schema":{"@context":"https:\/\/schema.org","@graph":[{"@type":"Article","@id":"https:\/\/www.iemj.org\/de\/cycle-de-cours-itineraire-de-la-chanson-juive-en-france\/#article","isPartOf":{"@id":"https:\/\/www.iemj.org\/de\/cycle-de-cours-itineraire-de-la-chanson-juive-en-france\/"},"author":{"name":"Jacqueline ROTEN","@id":"https:\/\/www.iemj.org\/de\/#\/schema\/person\/358e26c18aca017fcc4cc15437f7279c"},"headline":"KURSZYKLUS: Itin\u00e9raire de la chanson juive en France [Reise durch das j\u00fcdische Lied in Frankreich]","datePublished":"2015-12-09T09:06:45+00:00","dateModified":"2024-01-02T16:55:52+00:00","mainEntityOfPage":{"@id":"https:\/\/www.iemj.org\/de\/cycle-de-cours-itineraire-de-la-chanson-juive-en-france\/"},"wordCount":564,"publisher":{"@id":"https:\/\/www.iemj.org\/de\/#organization"},"image":{"@id":"https:\/\/www.iemj.org\/de\/cycle-de-cours-itineraire-de-la-chanson-juive-en-france\/#primaryimage"},"thumbnailUrl":"https:\/\/www.iemj.org\/wp-content\/uploads\/2015\/12\/arton1298.jpg","keywords":["Partner-Veranstaltungen"],"articleSection":["Kurse \/ Konferenzen","Veranstaltungen"],"inLanguage":"de"},{"@type":"WebPage","@id":"https:\/\/www.iemj.org\/de\/cycle-de-cours-itineraire-de-la-chanson-juive-en-france\/","url":"https:\/\/www.iemj.org\/de\/cycle-de-cours-itineraire-de-la-chanson-juive-en-france\/","name":"KURSZYKLUS: Itin\u00e9raire de la chanson juive en France [Reise durch das j\u00fcdische Lied in Frankreich] - Institut Europ\u00e9en des Musiques Juives","isPartOf":{"@id":"https:\/\/www.iemj.org\/de\/#website"},"primaryImageOfPage":{"@id":"https:\/\/www.iemj.org\/de\/cycle-de-cours-itineraire-de-la-chanson-juive-en-france\/#primaryimage"},"image":{"@id":"https:\/\/www.iemj.org\/de\/cycle-de-cours-itineraire-de-la-chanson-juive-en-france\/#primaryimage"},"thumbnailUrl":"https:\/\/www.iemj.org\/wp-content\/uploads\/2015\/12\/arton1298.jpg","datePublished":"2015-12-09T09:06:45+00:00","dateModified":"2024-01-02T16:55:52+00:00","breadcrumb":{"@id":"https:\/\/www.iemj.org\/de\/cycle-de-cours-itineraire-de-la-chanson-juive-en-france\/#breadcrumb"},"inLanguage":"de","potentialAction":[{"@type":"ReadAction","target":["https:\/\/www.iemj.org\/de\/cycle-de-cours-itineraire-de-la-chanson-juive-en-france\/"]}]},{"@type":"ImageObject","inLanguage":"de","@id":"https:\/\/www.iemj.org\/de\/cycle-de-cours-itineraire-de-la-chanson-juive-en-france\/#primaryimage","url":"https:\/\/www.iemj.org\/wp-content\/uploads\/2015\/12\/arton1298.jpg","contentUrl":"https:\/\/www.iemj.org\/wp-content\/uploads\/2015\/12\/arton1298.jpg","width":544,"height":416},{"@type":"BreadcrumbList","@id":"https:\/\/www.iemj.org\/de\/cycle-de-cours-itineraire-de-la-chanson-juive-en-france\/#breadcrumb","itemListElement":[{"@type":"ListItem","position":1,"name":"Accueil","item":"https:\/\/www.iemj.org\/de\/"},{"@type":"ListItem","position":2,"name":"KURSZYKLUS: Itin\u00e9raire de la chanson juive en France [Reise durch das j\u00fcdische Lied in Frankreich]"}]},{"@type":"WebSite","@id":"https:\/\/www.iemj.org\/de\/#website","url":"https:\/\/www.iemj.org\/de\/","name":"Institut Europ\u00e9en des Musiques Juives","description":"Des traditions musicales \u00e0 la port\u00e9e de tous","publisher":{"@id":"https:\/\/www.iemj.org\/de\/#organization"},"potentialAction":[{"@type":"SearchAction","target":{"@type":"EntryPoint","urlTemplate":"https:\/\/www.iemj.org\/de\/?s={search_term_string}"},"query-input":{"@type":"PropertyValueSpecification","valueRequired":true,"valueName":"search_term_string"}}],"inLanguage":"de"},{"@type":"Organization","@id":"https:\/\/www.iemj.org\/de\/#organization","name":"Institut Europ\u00e9en des Musiques Juives","url":"https:\/\/www.iemj.org\/de\/","logo":{"@type":"ImageObject","inLanguage":"de","@id":"https:\/\/www.iemj.org\/de\/#\/schema\/logo\/image\/","url":"https:\/\/www.iemj.org\/wp-content\/uploads\/2021\/09\/Logo-IEMJ-Paypal.jpg","contentUrl":"https:\/\/www.iemj.org\/wp-content\/uploads\/2021\/09\/Logo-IEMJ-Paypal.jpg","width":150,"height":50,"caption":"Institut Europ\u00e9en des Musiques Juives"},"image":{"@id":"https:\/\/www.iemj.org\/de\/#\/schema\/logo\/image\/"},"sameAs":["https:\/\/www.facebook.com\/MusiquesJuives\/","https:\/\/www.instagram.com\/musiquesjuives\/","https:\/\/www.youtube.com\/user\/musiquesjuives"]},{"@type":"Person","@id":"https:\/\/www.iemj.org\/de\/#\/schema\/person\/358e26c18aca017fcc4cc15437f7279c","name":"Jacqueline ROTEN","image":{"@type":"ImageObject","inLanguage":"de","@id":"https:\/\/secure.gravatar.com\/avatar\/5964256d6c6957de3a3505278957e0fb2a35119ac47ea41827a65301213c810b?s=96&d=mm&r=g","url":"https:\/\/secure.gravatar.com\/avatar\/5964256d6c6957de3a3505278957e0fb2a35119ac47ea41827a65301213c810b?s=96&d=mm&r=g","contentUrl":"https:\/\/secure.gravatar.com\/avatar\/5964256d6c6957de3a3505278957e0fb2a35119ac47ea41827a65301213c810b?s=96&d=mm&r=g","caption":"Jacqueline ROTEN"}}]}},"_links":{"self":[{"href":"https:\/\/www.iemj.org\/de\/wp-json\/wp\/v2\/posts\/106913","targetHints":{"allow":["GET"]}}],"collection":[{"href":"https:\/\/www.iemj.org\/de\/wp-json\/wp\/v2\/posts"}],"about":[{"href":"https:\/\/www.iemj.org\/de\/wp-json\/wp\/v2\/types\/post"}],"author":[{"embeddable":true,"href":"https:\/\/www.iemj.org\/de\/wp-json\/wp\/v2\/users\/5"}],"replies":[{"embeddable":true,"href":"https:\/\/www.iemj.org\/de\/wp-json\/wp\/v2\/comments?post=106913"}],"version-history":[{"count":0,"href":"https:\/\/www.iemj.org\/de\/wp-json\/wp\/v2\/posts\/106913\/revisions"}],"wp:featuredmedia":[{"embeddable":true,"href":"https:\/\/www.iemj.org\/de\/wp-json\/wp\/v2\/media\/106914"}],"wp:attachment":[{"href":"https:\/\/www.iemj.org\/de\/wp-json\/wp\/v2\/media?parent=106913"}],"wp:term":[{"taxonomy":"category","embeddable":true,"href":"https:\/\/www.iemj.org\/de\/wp-json\/wp\/v2\/categories?post=106913"},{"taxonomy":"post_tag","embeddable":true,"href":"https:\/\/www.iemj.org\/de\/wp-json\/wp\/v2\/tags?post=106913"},{"taxonomy":"technique","embeddable":true,"href":"https:\/\/www.iemj.org\/de\/wp-json\/wp\/v2\/technique?post=106913"},{"taxonomy":"squelettes","embeddable":true,"href":"https:\/\/www.iemj.org\/de\/wp-json\/wp\/v2\/squelettes?post=106913"},{"taxonomy":"sujet","embeddable":true,"href":"https:\/\/www.iemj.org\/de\/wp-json\/wp\/v2\/sujet?post=106913"},{"taxonomy":"formation","embeddable":true,"href":"https:\/\/www.iemj.org\/de\/wp-json\/wp\/v2\/formation?post=106913"},{"taxonomy":"genre","embeddable":true,"href":"https:\/\/www.iemj.org\/de\/wp-json\/wp\/v2\/genre?post=106913"},{"taxonomy":"fonds","embeddable":true,"href":"https:\/\/www.iemj.org\/de\/wp-json\/wp\/v2\/fonds?post=106913"},{"taxonomy":"tradition","embeddable":true,"href":"https:\/\/www.iemj.org\/de\/wp-json\/wp\/v2\/tradition?post=106913"},{"taxonomy":"type-de-contenu","embeddable":true,"href":"https:\/\/www.iemj.org\/de\/wp-json\/wp\/v2\/type-de-contenu?post=106913"},{"taxonomy":"interprete-compositeur","embeddable":true,"href":"https:\/\/www.iemj.org\/de\/wp-json\/wp\/v2\/interprete-compositeur?post=106913"},{"taxonomy":"frise","embeddable":true,"href":"https:\/\/www.iemj.org\/de\/wp-json\/wp\/v2\/frise?post=106913"},{"taxonomy":"type-devenement","embeddable":true,"href":"https:\/\/www.iemj.org\/de\/wp-json\/wp\/v2\/type-devenement?post=106913"},{"taxonomy":"tableaux-liens-externes","embeddable":true,"href":"https:\/\/www.iemj.org\/de\/wp-json\/wp\/v2\/tableaux-liens-externes?post=106913"}],"curies":[{"name":"wp","href":"https:\/\/api.w.org\/{rel}","templated":true}]}}