{"id":107045,"date":"2014-06-04T17:06:59","date_gmt":"2014-06-04T15:06:59","guid":{"rendered":"https:\/\/www.iemj.org\/conference-le-chant-damour-dans-la-tradition-juive\/"},"modified":"2024-01-07T13:25:00","modified_gmt":"2024-01-07T12:25:00","slug":"conference-le-chant-damour-dans-la-tradition-juive","status":"publish","type":"post","link":"https:\/\/www.iemj.org\/de\/conference-le-chant-damour-dans-la-tradition-juive\/","title":{"rendered":"Konferenz &#8222;Das Liebeslied in der j\u00fcdischen Tradition"},"content":{"rendered":"<p class=\"post_excerpt\">Donnerstag, 12. Juni, 18:15 Uhr &#8211; Reservierung erforderlich<\/p>\n<p><!--more--><br \/>\n<strong>Das Hohelied<\/strong>, ein musikalischer Vortrag von <strong>Jacques Arnold<\/strong>, Kantor, Ehrenrabbiner und <strong>Herv\u00e9 Roten<\/strong>, Musikwissenschaftler und Direktor des Europ\u00e4ischen Instituts f\u00fcr J\u00fcdische Musik.<\/p>\n<p>Diese Konferenz, die durch zahlreiche Ton- und Videobeispiele illustriert wird, erm\u00f6glicht es, die Bedeutung dieses Textes sowie seine Resonanz in den verschiedenen j\u00fcdischen Musiktraditionen, sowohl auf religi\u00f6ser als auch auf weltlicher Ebene, zu entdecken. Eine musikalische Reise zwischen irdischer und g\u00f6ttlicher Liebe&#8230;<\/p>\n<p>Das Hohelied, auf Hebr\u00e4isch &#8222;chir hachirim&#8220;, ist eines der B\u00fccher der Bibel. Nach j\u00fcdischer Tradition wird es am Ende des Sederzeremoniells in der Passah-Nacht und am Samstag w\u00e4hrend des Pessachfestes vorgelesen. Dieses lyrische Gedicht wird mit melodischen Akzenten aus der Tiefe des Zeitalters angestimmt. Dieses Liebeslied nimmt im biblischen Kanon einen Sonderplatz ein. Es ist eine romantisch-erotische Liebesgeschichte \u00fcber zwei Liebende in Jerusalem, eine r\u00fchrende Romanze \u00fcber eine schmerzhafte Trennung und das Wiederfinden zweier Menschen, die sich lieben &#8211; oder ist es, wie manche behaupten, nur ein Traum? Warum geh\u00f6rt es dann zu den heilig inspirierten B\u00fcchern? Warum sollte es an Pessach gelesen werden, dem Zeitpunkt in der Geschichte, an dem die Kinder Israels von der Knechtschaft in \u00c4gypten zu einem befreiten, spirituell erhabenen Volk werden? Rabbi Akiba, einer der Begr\u00fcnder des rabbinischen Judentums, der f\u00fcr seine Kenntnis der Geheimnisse der Tora bekannt war, ist der Ansicht, dass das Hohelied eine symbolische Erkl\u00e4rung der Liebe zwischen Gott und dem Volk Israel ist. Alle Schriften sind heilig und das Hohelied ist das Allerheiligste&#8220;, sagte er und deutete damit an, dass dieses r\u00e4tselhafte Buch, das poetischste der Bibel, auf allegorische Weise Lehren von h\u00f6chstem Wert verbirgt. Haben wir den Schl\u00fcssel dazu verloren? Vielleicht nicht!<\/p>\n<div style=\"float: right;\">\n<div style=\"margin: 8px 0px 4px;\"><strong>Das Festivalmagazin ansehen:<\/strong><\/div>\n<p><iframe style=\"margin: 0 auto;\" src=\"\/\/v.calameo.com\/?bkcode=00005717924b73c6d1ff2\" width=\"300\" height=\"194\" frameborder=\"0\" scrolling=\"no\" allowfullscreen=\"allowfullscreen\"><\/iframe><\/p>\n<div style=\"margin: 4px 0px 8px;\"><\/div>\n<\/div>\n<p><strong>Vom Europ\u00e4ischen Institut f\u00fcr j\u00fcdische Musik vorgeschlagenes Programm.<\/strong><br \/>\n<strong>Donnerstag, 12. Juni, 18.15 Uhr<\/strong><span style=\"color: ff6600;\"><b><br \/>\nBiblioth\u00e8que historique de la Ville de Paris<\/b><\/span><br \/>\n24, rue Pav\u00e9e, Paris 4e<br \/>\n5 euros \/\/ Informationen: 01 42 17 10 70<br \/>\n<strong>RESERVIERUNG ERFORDERLICH<\/strong>: www.festivaldesculturesjuives.org<\/p>\n<p><img fetchpriority=\"high\" decoding=\"async\" class=\"wp-image-7007 alignnone\" src=\"https:\/\/www.iemj.org\/wp-content\/uploads\/2014\/06\/fcj2014.jpg\" alt=\"fcj2014.jpg\" width=\"459\" height=\"586\" align=\"left\" srcset=\"https:\/\/www.iemj.org\/wp-content\/uploads\/2014\/06\/fcj2014.jpg 1133w, https:\/\/www.iemj.org\/wp-content\/uploads\/2014\/06\/fcj2014-235x300.jpg 235w, https:\/\/www.iemj.org\/wp-content\/uploads\/2014\/06\/fcj2014-802x1024.jpg 802w, https:\/\/www.iemj.org\/wp-content\/uploads\/2014\/06\/fcj2014-768x981.jpg 768w, https:\/\/www.iemj.org\/wp-content\/uploads\/2014\/06\/fcj2014-600x766.jpg 600w\" sizes=\"(max-width: 459px) 100vw, 459px\" \/><\/p>\n","protected":false},"excerpt":{"rendered":"<p>Donnerstag, 12. Juni, 18:15 Uhr &#8211; Reservierung erforderlich<\/p>\n","protected":false},"author":1050,"featured_media":107046,"comment_status":"closed","ping_status":"open","sticky":false,"template":"","format":"standard","meta":{"_acf_changed":false,"footnotes":""},"categories":[1382,1370],"tags":[],"technique":[],"squelettes":[],"sujet":[],"formation":[],"genre":[],"fonds":[],"tradition":[],"type-de-contenu":[],"interprete-compositeur":[],"frise":[],"type-devenement":[],"tableaux-liens-externes":[],"class_list":["post-107045","post","type-post","status-publish","format-standard","has-post-thumbnail","hentry","category-kurse-konferenzen-de","category-veranstaltungen-de"],"acf":[],"yoast_head":"<!-- This site is optimized with the Yoast SEO plugin v27.3 - https:\/\/yoast.com\/product\/yoast-seo-wordpress\/ -->\n<title>Konferenz &quot;Das Liebeslied in der j\u00fcdischen Tradition - Institut Europ\u00e9en des Musiques Juives<\/title>\n<meta name=\"robots\" content=\"index, follow, max-snippet:-1, max-image-preview:large, max-video-preview:-1\" \/>\n<link rel=\"canonical\" href=\"https:\/\/www.iemj.org\/de\/conference-le-chant-damour-dans-la-tradition-juive\/\" \/>\n<meta property=\"og:locale\" content=\"de_DE\" \/>\n<meta property=\"og:type\" content=\"article\" \/>\n<meta property=\"og:title\" content=\"Konferenz &quot;Das Liebeslied in der j\u00fcdischen Tradition - Institut Europ\u00e9en des Musiques Juives\" \/>\n<meta property=\"og:description\" content=\"Donnerstag, 12. Juni, 18:15 Uhr &#8211; Reservierung erforderlich\" \/>\n<meta property=\"og:url\" content=\"https:\/\/www.iemj.org\/de\/conference-le-chant-damour-dans-la-tradition-juive\/\" \/>\n<meta property=\"og:site_name\" content=\"Institut Europ\u00e9en des Musiques Juives\" \/>\n<meta property=\"article:publisher\" content=\"https:\/\/www.facebook.com\/MusiquesJuives\/\" \/>\n<meta property=\"article:published_time\" content=\"2014-06-04T15:06:59+00:00\" \/>\n<meta property=\"article:modified_time\" content=\"2024-01-07T12:25:00+00:00\" \/>\n<meta property=\"og:image\" content=\"https:\/\/www.iemj.org\/wp-content\/uploads\/2014\/06\/arton889-e1620115091390.jpg\" \/>\n\t<meta property=\"og:image:width\" content=\"350\" \/>\n\t<meta property=\"og:image:height\" content=\"418\" \/>\n\t<meta property=\"og:image:type\" content=\"image\/jpeg\" \/>\n<meta name=\"author\" content=\"ncochin\" \/>\n<meta name=\"twitter:card\" content=\"summary_large_image\" \/>\n<meta name=\"twitter:label1\" content=\"Verfasst von\" \/>\n\t<meta name=\"twitter:data1\" content=\"ncochin\" \/>\n\t<meta name=\"twitter:label2\" content=\"Gesch\u00e4tzte Lesezeit\" \/>\n\t<meta name=\"twitter:data2\" content=\"2\u00a0Minuten\" \/>\n<script type=\"application\/ld+json\" class=\"yoast-schema-graph\">{\"@context\":\"https:\\\/\\\/schema.org\",\"@graph\":[{\"@type\":\"Article\",\"@id\":\"https:\\\/\\\/www.iemj.org\\\/de\\\/conference-le-chant-damour-dans-la-tradition-juive\\\/#article\",\"isPartOf\":{\"@id\":\"https:\\\/\\\/www.iemj.org\\\/de\\\/conference-le-chant-damour-dans-la-tradition-juive\\\/\"},\"author\":{\"name\":\"ncochin\",\"@id\":\"https:\\\/\\\/www.iemj.org\\\/de\\\/#\\\/schema\\\/person\\\/f826ad11b0cd58dd99babe0a3fbcb86e\"},\"headline\":\"Konferenz &#8222;Das Liebeslied in der j\u00fcdischen Tradition\",\"datePublished\":\"2014-06-04T15:06:59+00:00\",\"dateModified\":\"2024-01-07T12:25:00+00:00\",\"mainEntityOfPage\":{\"@id\":\"https:\\\/\\\/www.iemj.org\\\/de\\\/conference-le-chant-damour-dans-la-tradition-juive\\\/\"},\"wordCount\":337,\"publisher\":{\"@id\":\"https:\\\/\\\/www.iemj.org\\\/de\\\/#organization\"},\"image\":{\"@id\":\"https:\\\/\\\/www.iemj.org\\\/de\\\/conference-le-chant-damour-dans-la-tradition-juive\\\/#primaryimage\"},\"thumbnailUrl\":\"https:\\\/\\\/www.iemj.org\\\/wp-content\\\/uploads\\\/2014\\\/06\\\/arton889-e1620115091390.jpg\",\"articleSection\":[\"Kurse \\\/ Konferenzen\",\"Veranstaltungen\"],\"inLanguage\":\"de\"},{\"@type\":\"WebPage\",\"@id\":\"https:\\\/\\\/www.iemj.org\\\/de\\\/conference-le-chant-damour-dans-la-tradition-juive\\\/\",\"url\":\"https:\\\/\\\/www.iemj.org\\\/de\\\/conference-le-chant-damour-dans-la-tradition-juive\\\/\",\"name\":\"Konferenz \\\"Das Liebeslied in der j\u00fcdischen Tradition - Institut Europ\u00e9en des Musiques Juives\",\"isPartOf\":{\"@id\":\"https:\\\/\\\/www.iemj.org\\\/de\\\/#website\"},\"primaryImageOfPage\":{\"@id\":\"https:\\\/\\\/www.iemj.org\\\/de\\\/conference-le-chant-damour-dans-la-tradition-juive\\\/#primaryimage\"},\"image\":{\"@id\":\"https:\\\/\\\/www.iemj.org\\\/de\\\/conference-le-chant-damour-dans-la-tradition-juive\\\/#primaryimage\"},\"thumbnailUrl\":\"https:\\\/\\\/www.iemj.org\\\/wp-content\\\/uploads\\\/2014\\\/06\\\/arton889-e1620115091390.jpg\",\"datePublished\":\"2014-06-04T15:06:59+00:00\",\"dateModified\":\"2024-01-07T12:25:00+00:00\",\"breadcrumb\":{\"@id\":\"https:\\\/\\\/www.iemj.org\\\/de\\\/conference-le-chant-damour-dans-la-tradition-juive\\\/#breadcrumb\"},\"inLanguage\":\"de\",\"potentialAction\":[{\"@type\":\"ReadAction\",\"target\":[\"https:\\\/\\\/www.iemj.org\\\/de\\\/conference-le-chant-damour-dans-la-tradition-juive\\\/\"]}]},{\"@type\":\"ImageObject\",\"inLanguage\":\"de\",\"@id\":\"https:\\\/\\\/www.iemj.org\\\/de\\\/conference-le-chant-damour-dans-la-tradition-juive\\\/#primaryimage\",\"url\":\"https:\\\/\\\/www.iemj.org\\\/wp-content\\\/uploads\\\/2014\\\/06\\\/arton889-e1620115091390.jpg\",\"contentUrl\":\"https:\\\/\\\/www.iemj.org\\\/wp-content\\\/uploads\\\/2014\\\/06\\\/arton889-e1620115091390.jpg\",\"width\":350,\"height\":418},{\"@type\":\"BreadcrumbList\",\"@id\":\"https:\\\/\\\/www.iemj.org\\\/de\\\/conference-le-chant-damour-dans-la-tradition-juive\\\/#breadcrumb\",\"itemListElement\":[{\"@type\":\"ListItem\",\"position\":1,\"name\":\"Accueil\",\"item\":\"https:\\\/\\\/www.iemj.org\\\/de\\\/\"},{\"@type\":\"ListItem\",\"position\":2,\"name\":\"Konferenz &#8222;Das Liebeslied in der j\u00fcdischen Tradition\"}]},{\"@type\":\"WebSite\",\"@id\":\"https:\\\/\\\/www.iemj.org\\\/de\\\/#website\",\"url\":\"https:\\\/\\\/www.iemj.org\\\/de\\\/\",\"name\":\"Institut Europ\u00e9en des Musiques Juives\",\"description\":\"Des traditions musicales \u00e0 la port\u00e9e de tous\",\"publisher\":{\"@id\":\"https:\\\/\\\/www.iemj.org\\\/de\\\/#organization\"},\"potentialAction\":[{\"@type\":\"SearchAction\",\"target\":{\"@type\":\"EntryPoint\",\"urlTemplate\":\"https:\\\/\\\/www.iemj.org\\\/de\\\/?s={search_term_string}\"},\"query-input\":{\"@type\":\"PropertyValueSpecification\",\"valueRequired\":true,\"valueName\":\"search_term_string\"}}],\"inLanguage\":\"de\"},{\"@type\":\"Organization\",\"@id\":\"https:\\\/\\\/www.iemj.org\\\/de\\\/#organization\",\"name\":\"Institut Europ\u00e9en des Musiques Juives\",\"url\":\"https:\\\/\\\/www.iemj.org\\\/de\\\/\",\"logo\":{\"@type\":\"ImageObject\",\"inLanguage\":\"de\",\"@id\":\"https:\\\/\\\/www.iemj.org\\\/de\\\/#\\\/schema\\\/logo\\\/image\\\/\",\"url\":\"https:\\\/\\\/www.iemj.org\\\/wp-content\\\/uploads\\\/2021\\\/09\\\/Logo-IEMJ-Paypal.jpg\",\"contentUrl\":\"https:\\\/\\\/www.iemj.org\\\/wp-content\\\/uploads\\\/2021\\\/09\\\/Logo-IEMJ-Paypal.jpg\",\"width\":150,\"height\":50,\"caption\":\"Institut Europ\u00e9en des Musiques Juives\"},\"image\":{\"@id\":\"https:\\\/\\\/www.iemj.org\\\/de\\\/#\\\/schema\\\/logo\\\/image\\\/\"},\"sameAs\":[\"https:\\\/\\\/www.facebook.com\\\/MusiquesJuives\\\/\",\"https:\\\/\\\/www.instagram.com\\\/musiquesjuives\\\/\",\"https:\\\/\\\/www.youtube.com\\\/user\\\/musiquesjuives\"]},{\"@type\":\"Person\",\"@id\":\"https:\\\/\\\/www.iemj.org\\\/de\\\/#\\\/schema\\\/person\\\/f826ad11b0cd58dd99babe0a3fbcb86e\",\"name\":\"ncochin\",\"image\":{\"@type\":\"ImageObject\",\"inLanguage\":\"de\",\"@id\":\"https:\\\/\\\/secure.gravatar.com\\\/avatar\\\/4499f551e6a9b8c28bd3132f28d79657b2cb55ff363257726f67e89c95e2a33c?s=96&d=mm&r=g\",\"url\":\"https:\\\/\\\/secure.gravatar.com\\\/avatar\\\/4499f551e6a9b8c28bd3132f28d79657b2cb55ff363257726f67e89c95e2a33c?s=96&d=mm&r=g\",\"contentUrl\":\"https:\\\/\\\/secure.gravatar.com\\\/avatar\\\/4499f551e6a9b8c28bd3132f28d79657b2cb55ff363257726f67e89c95e2a33c?s=96&d=mm&r=g\",\"caption\":\"ncochin\"}}]}<\/script>\n<!-- \/ Yoast SEO plugin. -->","yoast_head_json":{"title":"Konferenz \"Das Liebeslied in der j\u00fcdischen Tradition - Institut Europ\u00e9en des Musiques Juives","robots":{"index":"index","follow":"follow","max-snippet":"max-snippet:-1","max-image-preview":"max-image-preview:large","max-video-preview":"max-video-preview:-1"},"canonical":"https:\/\/www.iemj.org\/de\/conference-le-chant-damour-dans-la-tradition-juive\/","og_locale":"de_DE","og_type":"article","og_title":"Konferenz \"Das Liebeslied in der j\u00fcdischen Tradition - Institut Europ\u00e9en des Musiques Juives","og_description":"Donnerstag, 12. Juni, 18:15 Uhr &#8211; Reservierung erforderlich","og_url":"https:\/\/www.iemj.org\/de\/conference-le-chant-damour-dans-la-tradition-juive\/","og_site_name":"Institut Europ\u00e9en des Musiques Juives","article_publisher":"https:\/\/www.facebook.com\/MusiquesJuives\/","article_published_time":"2014-06-04T15:06:59+00:00","article_modified_time":"2024-01-07T12:25:00+00:00","og_image":[{"width":350,"height":418,"url":"https:\/\/www.iemj.org\/wp-content\/uploads\/2014\/06\/arton889-e1620115091390.jpg","type":"image\/jpeg"}],"author":"ncochin","twitter_card":"summary_large_image","twitter_misc":{"Verfasst von":"ncochin","Gesch\u00e4tzte Lesezeit":"2\u00a0Minuten"},"schema":{"@context":"https:\/\/schema.org","@graph":[{"@type":"Article","@id":"https:\/\/www.iemj.org\/de\/conference-le-chant-damour-dans-la-tradition-juive\/#article","isPartOf":{"@id":"https:\/\/www.iemj.org\/de\/conference-le-chant-damour-dans-la-tradition-juive\/"},"author":{"name":"ncochin","@id":"https:\/\/www.iemj.org\/de\/#\/schema\/person\/f826ad11b0cd58dd99babe0a3fbcb86e"},"headline":"Konferenz &#8222;Das Liebeslied in der j\u00fcdischen Tradition","datePublished":"2014-06-04T15:06:59+00:00","dateModified":"2024-01-07T12:25:00+00:00","mainEntityOfPage":{"@id":"https:\/\/www.iemj.org\/de\/conference-le-chant-damour-dans-la-tradition-juive\/"},"wordCount":337,"publisher":{"@id":"https:\/\/www.iemj.org\/de\/#organization"},"image":{"@id":"https:\/\/www.iemj.org\/de\/conference-le-chant-damour-dans-la-tradition-juive\/#primaryimage"},"thumbnailUrl":"https:\/\/www.iemj.org\/wp-content\/uploads\/2014\/06\/arton889-e1620115091390.jpg","articleSection":["Kurse \/ Konferenzen","Veranstaltungen"],"inLanguage":"de"},{"@type":"WebPage","@id":"https:\/\/www.iemj.org\/de\/conference-le-chant-damour-dans-la-tradition-juive\/","url":"https:\/\/www.iemj.org\/de\/conference-le-chant-damour-dans-la-tradition-juive\/","name":"Konferenz \"Das Liebeslied in der j\u00fcdischen Tradition - Institut Europ\u00e9en des Musiques Juives","isPartOf":{"@id":"https:\/\/www.iemj.org\/de\/#website"},"primaryImageOfPage":{"@id":"https:\/\/www.iemj.org\/de\/conference-le-chant-damour-dans-la-tradition-juive\/#primaryimage"},"image":{"@id":"https:\/\/www.iemj.org\/de\/conference-le-chant-damour-dans-la-tradition-juive\/#primaryimage"},"thumbnailUrl":"https:\/\/www.iemj.org\/wp-content\/uploads\/2014\/06\/arton889-e1620115091390.jpg","datePublished":"2014-06-04T15:06:59+00:00","dateModified":"2024-01-07T12:25:00+00:00","breadcrumb":{"@id":"https:\/\/www.iemj.org\/de\/conference-le-chant-damour-dans-la-tradition-juive\/#breadcrumb"},"inLanguage":"de","potentialAction":[{"@type":"ReadAction","target":["https:\/\/www.iemj.org\/de\/conference-le-chant-damour-dans-la-tradition-juive\/"]}]},{"@type":"ImageObject","inLanguage":"de","@id":"https:\/\/www.iemj.org\/de\/conference-le-chant-damour-dans-la-tradition-juive\/#primaryimage","url":"https:\/\/www.iemj.org\/wp-content\/uploads\/2014\/06\/arton889-e1620115091390.jpg","contentUrl":"https:\/\/www.iemj.org\/wp-content\/uploads\/2014\/06\/arton889-e1620115091390.jpg","width":350,"height":418},{"@type":"BreadcrumbList","@id":"https:\/\/www.iemj.org\/de\/conference-le-chant-damour-dans-la-tradition-juive\/#breadcrumb","itemListElement":[{"@type":"ListItem","position":1,"name":"Accueil","item":"https:\/\/www.iemj.org\/de\/"},{"@type":"ListItem","position":2,"name":"Konferenz &#8222;Das Liebeslied in der j\u00fcdischen Tradition"}]},{"@type":"WebSite","@id":"https:\/\/www.iemj.org\/de\/#website","url":"https:\/\/www.iemj.org\/de\/","name":"Institut Europ\u00e9en des Musiques Juives","description":"Des traditions musicales \u00e0 la port\u00e9e de tous","publisher":{"@id":"https:\/\/www.iemj.org\/de\/#organization"},"potentialAction":[{"@type":"SearchAction","target":{"@type":"EntryPoint","urlTemplate":"https:\/\/www.iemj.org\/de\/?s={search_term_string}"},"query-input":{"@type":"PropertyValueSpecification","valueRequired":true,"valueName":"search_term_string"}}],"inLanguage":"de"},{"@type":"Organization","@id":"https:\/\/www.iemj.org\/de\/#organization","name":"Institut Europ\u00e9en des Musiques Juives","url":"https:\/\/www.iemj.org\/de\/","logo":{"@type":"ImageObject","inLanguage":"de","@id":"https:\/\/www.iemj.org\/de\/#\/schema\/logo\/image\/","url":"https:\/\/www.iemj.org\/wp-content\/uploads\/2021\/09\/Logo-IEMJ-Paypal.jpg","contentUrl":"https:\/\/www.iemj.org\/wp-content\/uploads\/2021\/09\/Logo-IEMJ-Paypal.jpg","width":150,"height":50,"caption":"Institut Europ\u00e9en des Musiques Juives"},"image":{"@id":"https:\/\/www.iemj.org\/de\/#\/schema\/logo\/image\/"},"sameAs":["https:\/\/www.facebook.com\/MusiquesJuives\/","https:\/\/www.instagram.com\/musiquesjuives\/","https:\/\/www.youtube.com\/user\/musiquesjuives"]},{"@type":"Person","@id":"https:\/\/www.iemj.org\/de\/#\/schema\/person\/f826ad11b0cd58dd99babe0a3fbcb86e","name":"ncochin","image":{"@type":"ImageObject","inLanguage":"de","@id":"https:\/\/secure.gravatar.com\/avatar\/4499f551e6a9b8c28bd3132f28d79657b2cb55ff363257726f67e89c95e2a33c?s=96&d=mm&r=g","url":"https:\/\/secure.gravatar.com\/avatar\/4499f551e6a9b8c28bd3132f28d79657b2cb55ff363257726f67e89c95e2a33c?s=96&d=mm&r=g","contentUrl":"https:\/\/secure.gravatar.com\/avatar\/4499f551e6a9b8c28bd3132f28d79657b2cb55ff363257726f67e89c95e2a33c?s=96&d=mm&r=g","caption":"ncochin"}}]}},"_links":{"self":[{"href":"https:\/\/www.iemj.org\/de\/wp-json\/wp\/v2\/posts\/107045","targetHints":{"allow":["GET"]}}],"collection":[{"href":"https:\/\/www.iemj.org\/de\/wp-json\/wp\/v2\/posts"}],"about":[{"href":"https:\/\/www.iemj.org\/de\/wp-json\/wp\/v2\/types\/post"}],"author":[{"embeddable":true,"href":"https:\/\/www.iemj.org\/de\/wp-json\/wp\/v2\/users\/1050"}],"replies":[{"embeddable":true,"href":"https:\/\/www.iemj.org\/de\/wp-json\/wp\/v2\/comments?post=107045"}],"version-history":[{"count":0,"href":"https:\/\/www.iemj.org\/de\/wp-json\/wp\/v2\/posts\/107045\/revisions"}],"wp:featuredmedia":[{"embeddable":true,"href":"https:\/\/www.iemj.org\/de\/wp-json\/wp\/v2\/media\/107046"}],"wp:attachment":[{"href":"https:\/\/www.iemj.org\/de\/wp-json\/wp\/v2\/media?parent=107045"}],"wp:term":[{"taxonomy":"category","embeddable":true,"href":"https:\/\/www.iemj.org\/de\/wp-json\/wp\/v2\/categories?post=107045"},{"taxonomy":"post_tag","embeddable":true,"href":"https:\/\/www.iemj.org\/de\/wp-json\/wp\/v2\/tags?post=107045"},{"taxonomy":"technique","embeddable":true,"href":"https:\/\/www.iemj.org\/de\/wp-json\/wp\/v2\/technique?post=107045"},{"taxonomy":"squelettes","embeddable":true,"href":"https:\/\/www.iemj.org\/de\/wp-json\/wp\/v2\/squelettes?post=107045"},{"taxonomy":"sujet","embeddable":true,"href":"https:\/\/www.iemj.org\/de\/wp-json\/wp\/v2\/sujet?post=107045"},{"taxonomy":"formation","embeddable":true,"href":"https:\/\/www.iemj.org\/de\/wp-json\/wp\/v2\/formation?post=107045"},{"taxonomy":"genre","embeddable":true,"href":"https:\/\/www.iemj.org\/de\/wp-json\/wp\/v2\/genre?post=107045"},{"taxonomy":"fonds","embeddable":true,"href":"https:\/\/www.iemj.org\/de\/wp-json\/wp\/v2\/fonds?post=107045"},{"taxonomy":"tradition","embeddable":true,"href":"https:\/\/www.iemj.org\/de\/wp-json\/wp\/v2\/tradition?post=107045"},{"taxonomy":"type-de-contenu","embeddable":true,"href":"https:\/\/www.iemj.org\/de\/wp-json\/wp\/v2\/type-de-contenu?post=107045"},{"taxonomy":"interprete-compositeur","embeddable":true,"href":"https:\/\/www.iemj.org\/de\/wp-json\/wp\/v2\/interprete-compositeur?post=107045"},{"taxonomy":"frise","embeddable":true,"href":"https:\/\/www.iemj.org\/de\/wp-json\/wp\/v2\/frise?post=107045"},{"taxonomy":"type-devenement","embeddable":true,"href":"https:\/\/www.iemj.org\/de\/wp-json\/wp\/v2\/type-devenement?post=107045"},{"taxonomy":"tableaux-liens-externes","embeddable":true,"href":"https:\/\/www.iemj.org\/de\/wp-json\/wp\/v2\/tableaux-liens-externes?post=107045"}],"curies":[{"name":"wp","href":"https:\/\/api.w.org\/{rel}","templated":true}]}}