{"id":108205,"date":"2013-09-18T13:48:53","date_gmt":"2013-09-18T11:48:53","guid":{"rendered":"https:\/\/www.iemj.org\/le-chant-mystique-dans-la-tradition-juive\/"},"modified":"2024-01-25T12:25:04","modified_gmt":"2024-01-25T11:25:04","slug":"le-chant-mystique-dans-la-tradition-juive","status":"publish","type":"post","link":"https:\/\/www.iemj.org\/de\/le-chant-mystique-dans-la-tradition-juive\/","title":{"rendered":"Mystischer Gesang in der j\u00fcdischen Tradition"},"content":{"rendered":"<p class=\"post_excerpt\"><strong>Kolloquium, Workshops, Konzerte rund um den ekstatischen Gesang in den drei Offenbarungsreligionen<\/strong><\/p>\n<p><!--more--><\/p>\n<p>Im September 2012 fand in Saint-Amand-Montrond das erste Kolloquium Vox Aurea-Via Sacra statt, das sich zum Ziel gesetzt hatte, einige der mit der Stimme verbundenen Wege zu diskutieren, die sich an der Kreuzung so unterschiedlicher Wege wie Geisteswissenschaften, Kunst, Spiritualit\u00e4t und kontemplativer Praktiken in verschiedenen Teilen der Welt befinden&#8230; An der Veranstaltung nahmen mehrere international bekannte K\u00fcnstler teil.<\/p>\n<p>Vox Aurea-Via Sacra 2013 vertieft die Suche nach der Beziehung zwischen der Stimme und dem Heiligen und untersucht ekstatische Praktiken, die durch den Gesang als spezifisches Medium der Mystik unterst\u00fctzt werden, die sich in der stimmlichen Modellierung eines Textes oder in stimmlichen Ausbr\u00fcchen ohne verk\u00f6rperte Worte ausdr\u00fcckt&#8230;<br \/>\nDie \u00dcberlegungen beziehen sich auf die drei Offenbarungsreligionen: das Judentum, das Christentum (r\u00f6misch und byzantinisch) und den konfessionellen Islam mit den Sufi-Mystikern.<\/p>\n<p>In diesem Zusammenhang wird Herv\u00e9 Roten <strong>einen Vortrag \u00fcber den mystischen Gesang in der j\u00fcdischen Tradition halten<\/strong>.<\/p>\n<p>F\u00fcr weitere Informationen:<\/p>\n<p>Vox Aurea Via Sacra &#8211; Kolloquium 2013 &#8211; <a href=\"www.voxaurea-viasacra.com\">www.voxaurea-viasacra.com<\/a><br \/>\nKontakt: Claudette Gaudin au +33 (0)2 48 63 83 11 &#8211; <a href=\"contact@voxaurea-viasacra.com\">contact@voxaurea-viasacra.com<\/a><br \/>\nH\u00f4tel de Ville, 2 rue Philibert-Audebrand, BP 196, 18206 Saint-Amand-Montrond Cedex<\/p>\n<p><a href=\"https:\/\/www.iemj.org\/wp-content\/uploads\/2013\/09\/colloque.pdf\" target=\"_blank\" rel=\"noopener\">Programm des Kolloquiums Vox aurea &#8211; Via sacra<\/a><br \/>\n<a href=\"https:\/\/www.iemj.org\/wp-content\/uploads\/2013\/09\/vavs_13_dossier_presse.pdf\" target=\"_blank\" rel=\"noopener\">Pressedossier Vox Aurea 2013<\/a><br \/>\n<a href=\"https:\/\/www.iemj.org\/wp-content\/uploads\/2013\/09\/vavs_-_echo_du_berry_semaine_37-2013.pdf\" target=\"_blank\" rel=\"noopener\">Artikel aus dem Echo du Berry<\/a><\/p>\n","protected":false},"excerpt":{"rendered":"<p>Kolloquium, Workshops, Konzerte rund um den ekstatischen Gesang in den drei Offenbarungsreligionen<\/p>\n","protected":false},"author":1045,"featured_media":108206,"comment_status":"closed","ping_status":"open","sticky":false,"template":"","format":"standard","meta":{"_acf_changed":false,"footnotes":""},"categories":[1382,1370],"tags":[],"technique":[],"squelettes":[],"sujet":[],"formation":[],"genre":[1891],"fonds":[],"tradition":[],"type-de-contenu":[],"interprete-compositeur":[],"frise":[],"type-devenement":[],"tableaux-liens-externes":[],"class_list":["post-108205","post","type-post","status-publish","format-standard","has-post-thumbnail","hentry","category-kurse-konferenzen-de","category-veranstaltungen-de","genre-liturgie-de"],"acf":[],"yoast_head":"<!-- This site is optimized with the Yoast SEO plugin v27.3 - https:\/\/yoast.com\/product\/yoast-seo-wordpress\/ -->\n<title>Mystischer Gesang in der j\u00fcdischen Tradition - Institut Europ\u00e9en des Musiques Juives<\/title>\n<meta name=\"robots\" content=\"index, follow, max-snippet:-1, max-image-preview:large, max-video-preview:-1\" \/>\n<link rel=\"canonical\" href=\"https:\/\/www.iemj.org\/de\/le-chant-mystique-dans-la-tradition-juive\/\" \/>\n<meta property=\"og:locale\" content=\"de_DE\" \/>\n<meta property=\"og:type\" content=\"article\" \/>\n<meta property=\"og:title\" content=\"Mystischer Gesang in der j\u00fcdischen Tradition - Institut Europ\u00e9en des Musiques Juives\" \/>\n<meta property=\"og:description\" content=\"Kolloquium, Workshops, Konzerte rund um den ekstatischen Gesang in den drei Offenbarungsreligionen\" \/>\n<meta property=\"og:url\" content=\"https:\/\/www.iemj.org\/de\/le-chant-mystique-dans-la-tradition-juive\/\" \/>\n<meta property=\"og:site_name\" content=\"Institut Europ\u00e9en des Musiques Juives\" \/>\n<meta property=\"article:publisher\" content=\"https:\/\/www.facebook.com\/MusiquesJuives\/\" \/>\n<meta property=\"article:published_time\" content=\"2013-09-18T11:48:53+00:00\" \/>\n<meta property=\"article:modified_time\" content=\"2024-01-25T11:25:04+00:00\" \/>\n<meta property=\"og:image\" content=\"https:\/\/www.iemj.org\/wp-content\/uploads\/2013\/09\/arton747.jpg\" \/>\n\t<meta property=\"og:image:width\" content=\"251\" \/>\n\t<meta property=\"og:image:height\" content=\"400\" \/>\n\t<meta property=\"og:image:type\" content=\"image\/jpeg\" \/>\n<meta name=\"author\" content=\"Herv\u00e9 Roten\" \/>\n<meta name=\"twitter:card\" content=\"summary_large_image\" \/>\n<meta name=\"twitter:label1\" content=\"Verfasst von\" \/>\n\t<meta name=\"twitter:data1\" content=\"Herv\u00e9 Roten\" \/>\n\t<meta name=\"twitter:label2\" content=\"Gesch\u00e4tzte Lesezeit\" \/>\n\t<meta name=\"twitter:data2\" content=\"2\u00a0Minuten\" \/>\n<script type=\"application\/ld+json\" class=\"yoast-schema-graph\">{\"@context\":\"https:\\\/\\\/schema.org\",\"@graph\":[{\"@type\":\"Article\",\"@id\":\"https:\\\/\\\/www.iemj.org\\\/de\\\/le-chant-mystique-dans-la-tradition-juive\\\/#article\",\"isPartOf\":{\"@id\":\"https:\\\/\\\/www.iemj.org\\\/de\\\/le-chant-mystique-dans-la-tradition-juive\\\/\"},\"author\":{\"name\":\"Herv\u00e9 Roten\",\"@id\":\"https:\\\/\\\/www.iemj.org\\\/de\\\/#\\\/schema\\\/person\\\/906134402c29d5c76e7b726261dd4bbd\"},\"headline\":\"Mystischer Gesang in der j\u00fcdischen Tradition\",\"datePublished\":\"2013-09-18T11:48:53+00:00\",\"dateModified\":\"2024-01-25T11:25:04+00:00\",\"mainEntityOfPage\":{\"@id\":\"https:\\\/\\\/www.iemj.org\\\/de\\\/le-chant-mystique-dans-la-tradition-juive\\\/\"},\"wordCount\":217,\"publisher\":{\"@id\":\"https:\\\/\\\/www.iemj.org\\\/de\\\/#organization\"},\"image\":{\"@id\":\"https:\\\/\\\/www.iemj.org\\\/de\\\/le-chant-mystique-dans-la-tradition-juive\\\/#primaryimage\"},\"thumbnailUrl\":\"https:\\\/\\\/www.iemj.org\\\/wp-content\\\/uploads\\\/2013\\\/09\\\/arton747.jpg\",\"articleSection\":[\"Kurse \\\/ Konferenzen\",\"Veranstaltungen\"],\"inLanguage\":\"de\"},{\"@type\":\"WebPage\",\"@id\":\"https:\\\/\\\/www.iemj.org\\\/de\\\/le-chant-mystique-dans-la-tradition-juive\\\/\",\"url\":\"https:\\\/\\\/www.iemj.org\\\/de\\\/le-chant-mystique-dans-la-tradition-juive\\\/\",\"name\":\"Mystischer Gesang in der j\u00fcdischen Tradition - Institut Europ\u00e9en des Musiques Juives\",\"isPartOf\":{\"@id\":\"https:\\\/\\\/www.iemj.org\\\/de\\\/#website\"},\"primaryImageOfPage\":{\"@id\":\"https:\\\/\\\/www.iemj.org\\\/de\\\/le-chant-mystique-dans-la-tradition-juive\\\/#primaryimage\"},\"image\":{\"@id\":\"https:\\\/\\\/www.iemj.org\\\/de\\\/le-chant-mystique-dans-la-tradition-juive\\\/#primaryimage\"},\"thumbnailUrl\":\"https:\\\/\\\/www.iemj.org\\\/wp-content\\\/uploads\\\/2013\\\/09\\\/arton747.jpg\",\"datePublished\":\"2013-09-18T11:48:53+00:00\",\"dateModified\":\"2024-01-25T11:25:04+00:00\",\"breadcrumb\":{\"@id\":\"https:\\\/\\\/www.iemj.org\\\/de\\\/le-chant-mystique-dans-la-tradition-juive\\\/#breadcrumb\"},\"inLanguage\":\"de\",\"potentialAction\":[{\"@type\":\"ReadAction\",\"target\":[\"https:\\\/\\\/www.iemj.org\\\/de\\\/le-chant-mystique-dans-la-tradition-juive\\\/\"]}]},{\"@type\":\"ImageObject\",\"inLanguage\":\"de\",\"@id\":\"https:\\\/\\\/www.iemj.org\\\/de\\\/le-chant-mystique-dans-la-tradition-juive\\\/#primaryimage\",\"url\":\"https:\\\/\\\/www.iemj.org\\\/wp-content\\\/uploads\\\/2013\\\/09\\\/arton747.jpg\",\"contentUrl\":\"https:\\\/\\\/www.iemj.org\\\/wp-content\\\/uploads\\\/2013\\\/09\\\/arton747.jpg\",\"width\":251,\"height\":400},{\"@type\":\"BreadcrumbList\",\"@id\":\"https:\\\/\\\/www.iemj.org\\\/de\\\/le-chant-mystique-dans-la-tradition-juive\\\/#breadcrumb\",\"itemListElement\":[{\"@type\":\"ListItem\",\"position\":1,\"name\":\"Accueil\",\"item\":\"https:\\\/\\\/www.iemj.org\\\/de\\\/\"},{\"@type\":\"ListItem\",\"position\":2,\"name\":\"Mystischer Gesang in der j\u00fcdischen Tradition\"}]},{\"@type\":\"WebSite\",\"@id\":\"https:\\\/\\\/www.iemj.org\\\/de\\\/#website\",\"url\":\"https:\\\/\\\/www.iemj.org\\\/de\\\/\",\"name\":\"Institut Europ\u00e9en des Musiques Juives\",\"description\":\"Des traditions musicales \u00e0 la port\u00e9e de tous\",\"publisher\":{\"@id\":\"https:\\\/\\\/www.iemj.org\\\/de\\\/#organization\"},\"potentialAction\":[{\"@type\":\"SearchAction\",\"target\":{\"@type\":\"EntryPoint\",\"urlTemplate\":\"https:\\\/\\\/www.iemj.org\\\/de\\\/?s={search_term_string}\"},\"query-input\":{\"@type\":\"PropertyValueSpecification\",\"valueRequired\":true,\"valueName\":\"search_term_string\"}}],\"inLanguage\":\"de\"},{\"@type\":\"Organization\",\"@id\":\"https:\\\/\\\/www.iemj.org\\\/de\\\/#organization\",\"name\":\"Institut Europ\u00e9en des Musiques Juives\",\"url\":\"https:\\\/\\\/www.iemj.org\\\/de\\\/\",\"logo\":{\"@type\":\"ImageObject\",\"inLanguage\":\"de\",\"@id\":\"https:\\\/\\\/www.iemj.org\\\/de\\\/#\\\/schema\\\/logo\\\/image\\\/\",\"url\":\"https:\\\/\\\/www.iemj.org\\\/wp-content\\\/uploads\\\/2021\\\/09\\\/Logo-IEMJ-Paypal.jpg\",\"contentUrl\":\"https:\\\/\\\/www.iemj.org\\\/wp-content\\\/uploads\\\/2021\\\/09\\\/Logo-IEMJ-Paypal.jpg\",\"width\":150,\"height\":50,\"caption\":\"Institut Europ\u00e9en des Musiques Juives\"},\"image\":{\"@id\":\"https:\\\/\\\/www.iemj.org\\\/de\\\/#\\\/schema\\\/logo\\\/image\\\/\"},\"sameAs\":[\"https:\\\/\\\/www.facebook.com\\\/MusiquesJuives\\\/\",\"https:\\\/\\\/www.instagram.com\\\/musiquesjuives\\\/\",\"https:\\\/\\\/www.youtube.com\\\/user\\\/musiquesjuives\"]},{\"@type\":\"Person\",\"@id\":\"https:\\\/\\\/www.iemj.org\\\/de\\\/#\\\/schema\\\/person\\\/906134402c29d5c76e7b726261dd4bbd\",\"name\":\"Herv\u00e9 Roten\",\"image\":{\"@type\":\"ImageObject\",\"inLanguage\":\"de\",\"@id\":\"https:\\\/\\\/secure.gravatar.com\\\/avatar\\\/f96ad2db538a26481f18384936b5cd0610c92d390c4dc382209216d455f685ff?s=96&d=mm&r=g\",\"url\":\"https:\\\/\\\/secure.gravatar.com\\\/avatar\\\/f96ad2db538a26481f18384936b5cd0610c92d390c4dc382209216d455f685ff?s=96&d=mm&r=g\",\"contentUrl\":\"https:\\\/\\\/secure.gravatar.com\\\/avatar\\\/f96ad2db538a26481f18384936b5cd0610c92d390c4dc382209216d455f685ff?s=96&d=mm&r=g\",\"caption\":\"Herv\u00e9 Roten\"}}]}<\/script>\n<!-- \/ Yoast SEO plugin. -->","yoast_head_json":{"title":"Mystischer Gesang in der j\u00fcdischen Tradition - Institut Europ\u00e9en des Musiques Juives","robots":{"index":"index","follow":"follow","max-snippet":"max-snippet:-1","max-image-preview":"max-image-preview:large","max-video-preview":"max-video-preview:-1"},"canonical":"https:\/\/www.iemj.org\/de\/le-chant-mystique-dans-la-tradition-juive\/","og_locale":"de_DE","og_type":"article","og_title":"Mystischer Gesang in der j\u00fcdischen Tradition - Institut Europ\u00e9en des Musiques Juives","og_description":"Kolloquium, Workshops, Konzerte rund um den ekstatischen Gesang in den drei Offenbarungsreligionen","og_url":"https:\/\/www.iemj.org\/de\/le-chant-mystique-dans-la-tradition-juive\/","og_site_name":"Institut Europ\u00e9en des Musiques Juives","article_publisher":"https:\/\/www.facebook.com\/MusiquesJuives\/","article_published_time":"2013-09-18T11:48:53+00:00","article_modified_time":"2024-01-25T11:25:04+00:00","og_image":[{"width":251,"height":400,"url":"https:\/\/www.iemj.org\/wp-content\/uploads\/2013\/09\/arton747.jpg","type":"image\/jpeg"}],"author":"Herv\u00e9 Roten","twitter_card":"summary_large_image","twitter_misc":{"Verfasst von":"Herv\u00e9 Roten","Gesch\u00e4tzte Lesezeit":"2\u00a0Minuten"},"schema":{"@context":"https:\/\/schema.org","@graph":[{"@type":"Article","@id":"https:\/\/www.iemj.org\/de\/le-chant-mystique-dans-la-tradition-juive\/#article","isPartOf":{"@id":"https:\/\/www.iemj.org\/de\/le-chant-mystique-dans-la-tradition-juive\/"},"author":{"name":"Herv\u00e9 Roten","@id":"https:\/\/www.iemj.org\/de\/#\/schema\/person\/906134402c29d5c76e7b726261dd4bbd"},"headline":"Mystischer Gesang in der j\u00fcdischen Tradition","datePublished":"2013-09-18T11:48:53+00:00","dateModified":"2024-01-25T11:25:04+00:00","mainEntityOfPage":{"@id":"https:\/\/www.iemj.org\/de\/le-chant-mystique-dans-la-tradition-juive\/"},"wordCount":217,"publisher":{"@id":"https:\/\/www.iemj.org\/de\/#organization"},"image":{"@id":"https:\/\/www.iemj.org\/de\/le-chant-mystique-dans-la-tradition-juive\/#primaryimage"},"thumbnailUrl":"https:\/\/www.iemj.org\/wp-content\/uploads\/2013\/09\/arton747.jpg","articleSection":["Kurse \/ Konferenzen","Veranstaltungen"],"inLanguage":"de"},{"@type":"WebPage","@id":"https:\/\/www.iemj.org\/de\/le-chant-mystique-dans-la-tradition-juive\/","url":"https:\/\/www.iemj.org\/de\/le-chant-mystique-dans-la-tradition-juive\/","name":"Mystischer Gesang in der j\u00fcdischen Tradition - Institut Europ\u00e9en des Musiques Juives","isPartOf":{"@id":"https:\/\/www.iemj.org\/de\/#website"},"primaryImageOfPage":{"@id":"https:\/\/www.iemj.org\/de\/le-chant-mystique-dans-la-tradition-juive\/#primaryimage"},"image":{"@id":"https:\/\/www.iemj.org\/de\/le-chant-mystique-dans-la-tradition-juive\/#primaryimage"},"thumbnailUrl":"https:\/\/www.iemj.org\/wp-content\/uploads\/2013\/09\/arton747.jpg","datePublished":"2013-09-18T11:48:53+00:00","dateModified":"2024-01-25T11:25:04+00:00","breadcrumb":{"@id":"https:\/\/www.iemj.org\/de\/le-chant-mystique-dans-la-tradition-juive\/#breadcrumb"},"inLanguage":"de","potentialAction":[{"@type":"ReadAction","target":["https:\/\/www.iemj.org\/de\/le-chant-mystique-dans-la-tradition-juive\/"]}]},{"@type":"ImageObject","inLanguage":"de","@id":"https:\/\/www.iemj.org\/de\/le-chant-mystique-dans-la-tradition-juive\/#primaryimage","url":"https:\/\/www.iemj.org\/wp-content\/uploads\/2013\/09\/arton747.jpg","contentUrl":"https:\/\/www.iemj.org\/wp-content\/uploads\/2013\/09\/arton747.jpg","width":251,"height":400},{"@type":"BreadcrumbList","@id":"https:\/\/www.iemj.org\/de\/le-chant-mystique-dans-la-tradition-juive\/#breadcrumb","itemListElement":[{"@type":"ListItem","position":1,"name":"Accueil","item":"https:\/\/www.iemj.org\/de\/"},{"@type":"ListItem","position":2,"name":"Mystischer Gesang in der j\u00fcdischen Tradition"}]},{"@type":"WebSite","@id":"https:\/\/www.iemj.org\/de\/#website","url":"https:\/\/www.iemj.org\/de\/","name":"Institut Europ\u00e9en des Musiques Juives","description":"Des traditions musicales \u00e0 la port\u00e9e de tous","publisher":{"@id":"https:\/\/www.iemj.org\/de\/#organization"},"potentialAction":[{"@type":"SearchAction","target":{"@type":"EntryPoint","urlTemplate":"https:\/\/www.iemj.org\/de\/?s={search_term_string}"},"query-input":{"@type":"PropertyValueSpecification","valueRequired":true,"valueName":"search_term_string"}}],"inLanguage":"de"},{"@type":"Organization","@id":"https:\/\/www.iemj.org\/de\/#organization","name":"Institut Europ\u00e9en des Musiques Juives","url":"https:\/\/www.iemj.org\/de\/","logo":{"@type":"ImageObject","inLanguage":"de","@id":"https:\/\/www.iemj.org\/de\/#\/schema\/logo\/image\/","url":"https:\/\/www.iemj.org\/wp-content\/uploads\/2021\/09\/Logo-IEMJ-Paypal.jpg","contentUrl":"https:\/\/www.iemj.org\/wp-content\/uploads\/2021\/09\/Logo-IEMJ-Paypal.jpg","width":150,"height":50,"caption":"Institut Europ\u00e9en des Musiques Juives"},"image":{"@id":"https:\/\/www.iemj.org\/de\/#\/schema\/logo\/image\/"},"sameAs":["https:\/\/www.facebook.com\/MusiquesJuives\/","https:\/\/www.instagram.com\/musiquesjuives\/","https:\/\/www.youtube.com\/user\/musiquesjuives"]},{"@type":"Person","@id":"https:\/\/www.iemj.org\/de\/#\/schema\/person\/906134402c29d5c76e7b726261dd4bbd","name":"Herv\u00e9 Roten","image":{"@type":"ImageObject","inLanguage":"de","@id":"https:\/\/secure.gravatar.com\/avatar\/f96ad2db538a26481f18384936b5cd0610c92d390c4dc382209216d455f685ff?s=96&d=mm&r=g","url":"https:\/\/secure.gravatar.com\/avatar\/f96ad2db538a26481f18384936b5cd0610c92d390c4dc382209216d455f685ff?s=96&d=mm&r=g","contentUrl":"https:\/\/secure.gravatar.com\/avatar\/f96ad2db538a26481f18384936b5cd0610c92d390c4dc382209216d455f685ff?s=96&d=mm&r=g","caption":"Herv\u00e9 Roten"}}]}},"_links":{"self":[{"href":"https:\/\/www.iemj.org\/de\/wp-json\/wp\/v2\/posts\/108205","targetHints":{"allow":["GET"]}}],"collection":[{"href":"https:\/\/www.iemj.org\/de\/wp-json\/wp\/v2\/posts"}],"about":[{"href":"https:\/\/www.iemj.org\/de\/wp-json\/wp\/v2\/types\/post"}],"author":[{"embeddable":true,"href":"https:\/\/www.iemj.org\/de\/wp-json\/wp\/v2\/users\/1045"}],"replies":[{"embeddable":true,"href":"https:\/\/www.iemj.org\/de\/wp-json\/wp\/v2\/comments?post=108205"}],"version-history":[{"count":0,"href":"https:\/\/www.iemj.org\/de\/wp-json\/wp\/v2\/posts\/108205\/revisions"}],"wp:featuredmedia":[{"embeddable":true,"href":"https:\/\/www.iemj.org\/de\/wp-json\/wp\/v2\/media\/108206"}],"wp:attachment":[{"href":"https:\/\/www.iemj.org\/de\/wp-json\/wp\/v2\/media?parent=108205"}],"wp:term":[{"taxonomy":"category","embeddable":true,"href":"https:\/\/www.iemj.org\/de\/wp-json\/wp\/v2\/categories?post=108205"},{"taxonomy":"post_tag","embeddable":true,"href":"https:\/\/www.iemj.org\/de\/wp-json\/wp\/v2\/tags?post=108205"},{"taxonomy":"technique","embeddable":true,"href":"https:\/\/www.iemj.org\/de\/wp-json\/wp\/v2\/technique?post=108205"},{"taxonomy":"squelettes","embeddable":true,"href":"https:\/\/www.iemj.org\/de\/wp-json\/wp\/v2\/squelettes?post=108205"},{"taxonomy":"sujet","embeddable":true,"href":"https:\/\/www.iemj.org\/de\/wp-json\/wp\/v2\/sujet?post=108205"},{"taxonomy":"formation","embeddable":true,"href":"https:\/\/www.iemj.org\/de\/wp-json\/wp\/v2\/formation?post=108205"},{"taxonomy":"genre","embeddable":true,"href":"https:\/\/www.iemj.org\/de\/wp-json\/wp\/v2\/genre?post=108205"},{"taxonomy":"fonds","embeddable":true,"href":"https:\/\/www.iemj.org\/de\/wp-json\/wp\/v2\/fonds?post=108205"},{"taxonomy":"tradition","embeddable":true,"href":"https:\/\/www.iemj.org\/de\/wp-json\/wp\/v2\/tradition?post=108205"},{"taxonomy":"type-de-contenu","embeddable":true,"href":"https:\/\/www.iemj.org\/de\/wp-json\/wp\/v2\/type-de-contenu?post=108205"},{"taxonomy":"interprete-compositeur","embeddable":true,"href":"https:\/\/www.iemj.org\/de\/wp-json\/wp\/v2\/interprete-compositeur?post=108205"},{"taxonomy":"frise","embeddable":true,"href":"https:\/\/www.iemj.org\/de\/wp-json\/wp\/v2\/frise?post=108205"},{"taxonomy":"type-devenement","embeddable":true,"href":"https:\/\/www.iemj.org\/de\/wp-json\/wp\/v2\/type-devenement?post=108205"},{"taxonomy":"tableaux-liens-externes","embeddable":true,"href":"https:\/\/www.iemj.org\/de\/wp-json\/wp\/v2\/tableaux-liens-externes?post=108205"}],"curies":[{"name":"wp","href":"https:\/\/api.w.org\/{rel}","templated":true}]}}