{"id":108224,"date":"2012-11-26T10:13:21","date_gmt":"2012-11-26T09:13:21","guid":{"rendered":"https:\/\/www.iemj.org\/musiques-traditionnelles-et-liturgiques-des-juifs-dalgerie\/"},"modified":"2024-01-25T12:59:16","modified_gmt":"2024-01-25T11:59:16","slug":"musiques-traditionnelles-et-liturgiques-des-juifs-dalgerie","status":"publish","type":"post","link":"https:\/\/www.iemj.org\/de\/musiques-traditionnelles-et-liturgiques-des-juifs-dalgerie\/","title":{"rendered":"Traditionelle und liturgische Musik der algerischen Juden"},"content":{"rendered":"<p><strong>SONNTAG, 9. DEZEMBER 2012, 15 Uhr und 17 Uhr<\/strong><\/p>\n<p><strong>Konzert und Konferenz im Mus\u00e9e d&#8217;Art et d&#8217;Histoire du Juda\u00efsme &#8211; 71 rue du Temple, 75003 Paris<\/strong><\/p>\n<p><!--more--><\/p>\n<p>Im Rahmen der Ausstellung <em>Juifs d&#8217;Alg\u00e9rie<\/em> (28. September 2012 &#8211; 27. Januar 2013) organisieren das Mus\u00e9e d&#8217;Art et d&#8217;Histoire du Juda\u00efsme und das Institut Europ\u00e9en des Musiques Juives ein au\u00dfergew\u00f6hnliches Konzert mit traditioneller und liturgischer j\u00fcdischer Musik aus Algerien.<\/p>\n<p>Die Kantoren Philippe Darmon, Yohan Bismuth, Ylane Zerbib und der S\u00e4nger und Pianist Paul Sultan werden zusammen mit einem traditionellen Instrumentalensemble die gro\u00dfen Melodien der j\u00fcdischen Gemeinden in Algier, Konstantinopel, Oranien&#8230; interpretieren.<\/p>\n<p>Vor dem Konzert, das um 17 Uhr beginnt, findet eine Konferenz zum Thema Die Musik der algerischen Juden statt, die von Herv\u00e9 Roten, dem Direktor des Institut Europ\u00e9en des Musiques Juives, geleitet wird. Der mit zahlreichen Tonausschnitten illustrierte Vortrag bietet einen breiten \u00dcberblick \u00fcber die liturgische, wissenschaftliche und popul\u00e4re Musik der Juden in Algerien, vom Tlemcener Ritus bis zum Malouf von Konstantinopel, vom frankarabischen Chanson bis zu orientalischen Musikkabaretts.<\/p>\n<p>Bei dieser Gelegenheit wird Herve Roten die neueste CD der Sammlung <em>Patrimoines Musicaux des Juifs de France<\/em> \u00fcber Die Psalmen der Juden von Constantine\u00a0vorstellen. Diese CD wird vorab in der Bibliothek des MAHJ verkauft und von den K\u00fcnstlern, die daran mitgewirkt haben, signiert.<\/p>\n<p>Buchung dringend empfohlen beim Mus\u00e9e d&#8217;Art et d&#8217;Histoire du Juda\u00efsme &#8211; H\u00f4tel de Saint-Aignan, 71, rue du Temple, 75003 Paris.<br \/>\nTel.: 01 53 01 86 53<\/p>\n<p>Eintrittspreise: Konzert: 15 \u20ac; Konferenz: 5 \u20ac, Konferenz und Konzert: 18 \u20ac.<br \/>\n<strong>Sondertarif f\u00fcr IEMJ-Mitglieder: Vortrag und Konzert (gegen Vorlage der Karte): 15 \u20ac.<\/strong><\/p>\n<figure id=\"attachment_5149\" aria-describedby=\"caption-attachment-5149\" style=\"width: 640px\" class=\"wp-caption aligncenter\"><img fetchpriority=\"high\" decoding=\"async\" class=\" aligncenter size-full wp-image-5149\" title=\"Soci\u00e9t\u00e9 de Charit\u00e9 (Constantine)\" src=\"https:\/\/www.iemj.org\/wp-content\/uploads\/2012\/11\/a_ssara_batlanim_avec_rebbi_reoubene_guedj_recadre_site.jpg\" alt=\"Soci\u00e9t\u00e9 de Charit\u00e9 (Constantine)\" width=\"640\" height=\"480\" align=\"center\" srcset=\"https:\/\/www.iemj.org\/wp-content\/uploads\/2012\/11\/a_ssara_batlanim_avec_rebbi_reoubene_guedj_recadre_site.jpg 640w, https:\/\/www.iemj.org\/wp-content\/uploads\/2012\/11\/a_ssara_batlanim_avec_rebbi_reoubene_guedj_recadre_site-300x225.jpg 300w, https:\/\/www.iemj.org\/wp-content\/uploads\/2012\/11\/a_ssara_batlanim_avec_rebbi_reoubene_guedj_recadre_site-600x450.jpg 600w\" sizes=\"(max-width: 640px) 100vw, 640px\" \/><figcaption id=\"caption-attachment-5149\" class=\"wp-caption-text\"><strong>Gesellschaft f\u00fcr N\u00e4chstenliebe (Constantine)<\/strong><\/figcaption><\/figure>\n","protected":false},"excerpt":{"rendered":"<p>SONNTAG, 9. DEZEMBER 2012, 15 Uhr und 17 Uhr Konzert und Konferenz im Mus\u00e9e d&#8217;Art et d&#8217;Histoire du Juda\u00efsme &#8211; 71 rue du Temple, 75003 Paris<\/p>\n","protected":false},"author":1045,"featured_media":39578,"comment_status":"closed","ping_status":"open","sticky":false,"template":"","format":"standard","meta":{"_acf_changed":false,"footnotes":""},"categories":[1378,1370],"tags":[],"technique":[],"squelettes":[],"sujet":[],"formation":[],"genre":[],"fonds":[],"tradition":[],"type-de-contenu":[],"interprete-compositeur":[],"frise":[],"type-devenement":[],"tableaux-liens-externes":[],"class_list":["post-108224","post","type-post","status-publish","format-standard","has-post-thumbnail","hentry","category-konzerte-veranstaltungen-de","category-veranstaltungen-de"],"acf":[],"yoast_head":"<!-- This site is optimized with the Yoast SEO plugin v27.3 - https:\/\/yoast.com\/product\/yoast-seo-wordpress\/ -->\n<title>Traditionelle und liturgische Musik der algerischen Juden - Institut Europ\u00e9en des Musiques Juives<\/title>\n<meta name=\"robots\" content=\"index, follow, max-snippet:-1, max-image-preview:large, max-video-preview:-1\" \/>\n<link rel=\"canonical\" href=\"https:\/\/www.iemj.org\/de\/musiques-traditionnelles-et-liturgiques-des-juifs-dalgerie\/\" \/>\n<meta property=\"og:locale\" content=\"de_DE\" \/>\n<meta property=\"og:type\" content=\"article\" \/>\n<meta property=\"og:title\" content=\"Traditionelle und liturgische Musik der algerischen Juden - Institut Europ\u00e9en des Musiques Juives\" \/>\n<meta property=\"og:description\" content=\"SONNTAG, 9. DEZEMBER 2012, 15 Uhr und 17 Uhr Konzert und Konferenz im Mus\u00e9e d&#8217;Art et d&#8217;Histoire du Juda\u00efsme &#8211; 71 rue du Temple, 75003 Paris\" \/>\n<meta property=\"og:url\" content=\"https:\/\/www.iemj.org\/de\/musiques-traditionnelles-et-liturgiques-des-juifs-dalgerie\/\" \/>\n<meta property=\"og:site_name\" content=\"Institut Europ\u00e9en des Musiques Juives\" \/>\n<meta property=\"article:publisher\" content=\"https:\/\/www.facebook.com\/MusiquesJuives\/\" \/>\n<meta property=\"article:published_time\" content=\"2012-11-26T09:13:21+00:00\" \/>\n<meta property=\"article:modified_time\" content=\"2024-01-25T11:59:16+00:00\" \/>\n<meta property=\"og:image\" content=\"https:\/\/www.iemj.org\/wp-content\/uploads\/2012\/11\/arton584-e1620117941777.jpg\" \/>\n\t<meta property=\"og:image:width\" content=\"350\" \/>\n\t<meta property=\"og:image:height\" content=\"319\" \/>\n\t<meta property=\"og:image:type\" content=\"image\/jpeg\" \/>\n<meta name=\"author\" content=\"Herv\u00e9 Roten\" \/>\n<meta name=\"twitter:card\" content=\"summary_large_image\" \/>\n<meta name=\"twitter:label1\" content=\"Verfasst von\" \/>\n\t<meta name=\"twitter:data1\" content=\"Herv\u00e9 Roten\" \/>\n\t<meta name=\"twitter:label2\" content=\"Gesch\u00e4tzte Lesezeit\" \/>\n\t<meta name=\"twitter:data2\" content=\"2\u00a0Minuten\" \/>\n<script type=\"application\/ld+json\" class=\"yoast-schema-graph\">{\"@context\":\"https:\\\/\\\/schema.org\",\"@graph\":[{\"@type\":\"Article\",\"@id\":\"https:\\\/\\\/www.iemj.org\\\/de\\\/musiques-traditionnelles-et-liturgiques-des-juifs-dalgerie\\\/#article\",\"isPartOf\":{\"@id\":\"https:\\\/\\\/www.iemj.org\\\/de\\\/musiques-traditionnelles-et-liturgiques-des-juifs-dalgerie\\\/\"},\"author\":{\"name\":\"Herv\u00e9 Roten\",\"@id\":\"https:\\\/\\\/www.iemj.org\\\/de\\\/#\\\/schema\\\/person\\\/906134402c29d5c76e7b726261dd4bbd\"},\"headline\":\"Traditionelle und liturgische Musik der algerischen Juden\",\"datePublished\":\"2012-11-26T09:13:21+00:00\",\"dateModified\":\"2024-01-25T11:59:16+00:00\",\"mainEntityOfPage\":{\"@id\":\"https:\\\/\\\/www.iemj.org\\\/de\\\/musiques-traditionnelles-et-liturgiques-des-juifs-dalgerie\\\/\"},\"wordCount\":280,\"publisher\":{\"@id\":\"https:\\\/\\\/www.iemj.org\\\/de\\\/#organization\"},\"image\":{\"@id\":\"https:\\\/\\\/www.iemj.org\\\/de\\\/musiques-traditionnelles-et-liturgiques-des-juifs-dalgerie\\\/#primaryimage\"},\"thumbnailUrl\":\"https:\\\/\\\/www.iemj.org\\\/wp-content\\\/uploads\\\/2012\\\/11\\\/arton584-e1620117941777.jpg\",\"articleSection\":[\"Konzerte\",\"Veranstaltungen\"],\"inLanguage\":\"de\"},{\"@type\":\"WebPage\",\"@id\":\"https:\\\/\\\/www.iemj.org\\\/de\\\/musiques-traditionnelles-et-liturgiques-des-juifs-dalgerie\\\/\",\"url\":\"https:\\\/\\\/www.iemj.org\\\/de\\\/musiques-traditionnelles-et-liturgiques-des-juifs-dalgerie\\\/\",\"name\":\"Traditionelle und liturgische Musik der algerischen Juden - Institut Europ\u00e9en des Musiques Juives\",\"isPartOf\":{\"@id\":\"https:\\\/\\\/www.iemj.org\\\/de\\\/#website\"},\"primaryImageOfPage\":{\"@id\":\"https:\\\/\\\/www.iemj.org\\\/de\\\/musiques-traditionnelles-et-liturgiques-des-juifs-dalgerie\\\/#primaryimage\"},\"image\":{\"@id\":\"https:\\\/\\\/www.iemj.org\\\/de\\\/musiques-traditionnelles-et-liturgiques-des-juifs-dalgerie\\\/#primaryimage\"},\"thumbnailUrl\":\"https:\\\/\\\/www.iemj.org\\\/wp-content\\\/uploads\\\/2012\\\/11\\\/arton584-e1620117941777.jpg\",\"datePublished\":\"2012-11-26T09:13:21+00:00\",\"dateModified\":\"2024-01-25T11:59:16+00:00\",\"breadcrumb\":{\"@id\":\"https:\\\/\\\/www.iemj.org\\\/de\\\/musiques-traditionnelles-et-liturgiques-des-juifs-dalgerie\\\/#breadcrumb\"},\"inLanguage\":\"de\",\"potentialAction\":[{\"@type\":\"ReadAction\",\"target\":[\"https:\\\/\\\/www.iemj.org\\\/de\\\/musiques-traditionnelles-et-liturgiques-des-juifs-dalgerie\\\/\"]}]},{\"@type\":\"ImageObject\",\"inLanguage\":\"de\",\"@id\":\"https:\\\/\\\/www.iemj.org\\\/de\\\/musiques-traditionnelles-et-liturgiques-des-juifs-dalgerie\\\/#primaryimage\",\"url\":\"https:\\\/\\\/www.iemj.org\\\/wp-content\\\/uploads\\\/2012\\\/11\\\/arton584-e1620117941777.jpg\",\"contentUrl\":\"https:\\\/\\\/www.iemj.org\\\/wp-content\\\/uploads\\\/2012\\\/11\\\/arton584-e1620117941777.jpg\",\"width\":350,\"height\":319},{\"@type\":\"BreadcrumbList\",\"@id\":\"https:\\\/\\\/www.iemj.org\\\/de\\\/musiques-traditionnelles-et-liturgiques-des-juifs-dalgerie\\\/#breadcrumb\",\"itemListElement\":[{\"@type\":\"ListItem\",\"position\":1,\"name\":\"Accueil\",\"item\":\"https:\\\/\\\/www.iemj.org\\\/de\\\/\"},{\"@type\":\"ListItem\",\"position\":2,\"name\":\"Traditionelle und liturgische Musik der algerischen Juden\"}]},{\"@type\":\"WebSite\",\"@id\":\"https:\\\/\\\/www.iemj.org\\\/de\\\/#website\",\"url\":\"https:\\\/\\\/www.iemj.org\\\/de\\\/\",\"name\":\"Institut Europ\u00e9en des Musiques Juives\",\"description\":\"Des traditions musicales \u00e0 la port\u00e9e de tous\",\"publisher\":{\"@id\":\"https:\\\/\\\/www.iemj.org\\\/de\\\/#organization\"},\"potentialAction\":[{\"@type\":\"SearchAction\",\"target\":{\"@type\":\"EntryPoint\",\"urlTemplate\":\"https:\\\/\\\/www.iemj.org\\\/de\\\/?s={search_term_string}\"},\"query-input\":{\"@type\":\"PropertyValueSpecification\",\"valueRequired\":true,\"valueName\":\"search_term_string\"}}],\"inLanguage\":\"de\"},{\"@type\":\"Organization\",\"@id\":\"https:\\\/\\\/www.iemj.org\\\/de\\\/#organization\",\"name\":\"Institut Europ\u00e9en des Musiques Juives\",\"url\":\"https:\\\/\\\/www.iemj.org\\\/de\\\/\",\"logo\":{\"@type\":\"ImageObject\",\"inLanguage\":\"de\",\"@id\":\"https:\\\/\\\/www.iemj.org\\\/de\\\/#\\\/schema\\\/logo\\\/image\\\/\",\"url\":\"https:\\\/\\\/www.iemj.org\\\/wp-content\\\/uploads\\\/2021\\\/09\\\/Logo-IEMJ-Paypal.jpg\",\"contentUrl\":\"https:\\\/\\\/www.iemj.org\\\/wp-content\\\/uploads\\\/2021\\\/09\\\/Logo-IEMJ-Paypal.jpg\",\"width\":150,\"height\":50,\"caption\":\"Institut Europ\u00e9en des Musiques Juives\"},\"image\":{\"@id\":\"https:\\\/\\\/www.iemj.org\\\/de\\\/#\\\/schema\\\/logo\\\/image\\\/\"},\"sameAs\":[\"https:\\\/\\\/www.facebook.com\\\/MusiquesJuives\\\/\",\"https:\\\/\\\/www.instagram.com\\\/musiquesjuives\\\/\",\"https:\\\/\\\/www.youtube.com\\\/user\\\/musiquesjuives\"]},{\"@type\":\"Person\",\"@id\":\"https:\\\/\\\/www.iemj.org\\\/de\\\/#\\\/schema\\\/person\\\/906134402c29d5c76e7b726261dd4bbd\",\"name\":\"Herv\u00e9 Roten\",\"image\":{\"@type\":\"ImageObject\",\"inLanguage\":\"de\",\"@id\":\"https:\\\/\\\/secure.gravatar.com\\\/avatar\\\/f96ad2db538a26481f18384936b5cd0610c92d390c4dc382209216d455f685ff?s=96&d=mm&r=g\",\"url\":\"https:\\\/\\\/secure.gravatar.com\\\/avatar\\\/f96ad2db538a26481f18384936b5cd0610c92d390c4dc382209216d455f685ff?s=96&d=mm&r=g\",\"contentUrl\":\"https:\\\/\\\/secure.gravatar.com\\\/avatar\\\/f96ad2db538a26481f18384936b5cd0610c92d390c4dc382209216d455f685ff?s=96&d=mm&r=g\",\"caption\":\"Herv\u00e9 Roten\"}}]}<\/script>\n<!-- \/ Yoast SEO plugin. -->","yoast_head_json":{"title":"Traditionelle und liturgische Musik der algerischen Juden - Institut Europ\u00e9en des Musiques Juives","robots":{"index":"index","follow":"follow","max-snippet":"max-snippet:-1","max-image-preview":"max-image-preview:large","max-video-preview":"max-video-preview:-1"},"canonical":"https:\/\/www.iemj.org\/de\/musiques-traditionnelles-et-liturgiques-des-juifs-dalgerie\/","og_locale":"de_DE","og_type":"article","og_title":"Traditionelle und liturgische Musik der algerischen Juden - Institut Europ\u00e9en des Musiques Juives","og_description":"SONNTAG, 9. DEZEMBER 2012, 15 Uhr und 17 Uhr Konzert und Konferenz im Mus\u00e9e d&#8217;Art et d&#8217;Histoire du Juda\u00efsme &#8211; 71 rue du Temple, 75003 Paris","og_url":"https:\/\/www.iemj.org\/de\/musiques-traditionnelles-et-liturgiques-des-juifs-dalgerie\/","og_site_name":"Institut Europ\u00e9en des Musiques Juives","article_publisher":"https:\/\/www.facebook.com\/MusiquesJuives\/","article_published_time":"2012-11-26T09:13:21+00:00","article_modified_time":"2024-01-25T11:59:16+00:00","og_image":[{"width":350,"height":319,"url":"https:\/\/www.iemj.org\/wp-content\/uploads\/2012\/11\/arton584-e1620117941777.jpg","type":"image\/jpeg"}],"author":"Herv\u00e9 Roten","twitter_card":"summary_large_image","twitter_misc":{"Verfasst von":"Herv\u00e9 Roten","Gesch\u00e4tzte Lesezeit":"2\u00a0Minuten"},"schema":{"@context":"https:\/\/schema.org","@graph":[{"@type":"Article","@id":"https:\/\/www.iemj.org\/de\/musiques-traditionnelles-et-liturgiques-des-juifs-dalgerie\/#article","isPartOf":{"@id":"https:\/\/www.iemj.org\/de\/musiques-traditionnelles-et-liturgiques-des-juifs-dalgerie\/"},"author":{"name":"Herv\u00e9 Roten","@id":"https:\/\/www.iemj.org\/de\/#\/schema\/person\/906134402c29d5c76e7b726261dd4bbd"},"headline":"Traditionelle und liturgische Musik der algerischen Juden","datePublished":"2012-11-26T09:13:21+00:00","dateModified":"2024-01-25T11:59:16+00:00","mainEntityOfPage":{"@id":"https:\/\/www.iemj.org\/de\/musiques-traditionnelles-et-liturgiques-des-juifs-dalgerie\/"},"wordCount":280,"publisher":{"@id":"https:\/\/www.iemj.org\/de\/#organization"},"image":{"@id":"https:\/\/www.iemj.org\/de\/musiques-traditionnelles-et-liturgiques-des-juifs-dalgerie\/#primaryimage"},"thumbnailUrl":"https:\/\/www.iemj.org\/wp-content\/uploads\/2012\/11\/arton584-e1620117941777.jpg","articleSection":["Konzerte","Veranstaltungen"],"inLanguage":"de"},{"@type":"WebPage","@id":"https:\/\/www.iemj.org\/de\/musiques-traditionnelles-et-liturgiques-des-juifs-dalgerie\/","url":"https:\/\/www.iemj.org\/de\/musiques-traditionnelles-et-liturgiques-des-juifs-dalgerie\/","name":"Traditionelle und liturgische Musik der algerischen Juden - Institut Europ\u00e9en des Musiques Juives","isPartOf":{"@id":"https:\/\/www.iemj.org\/de\/#website"},"primaryImageOfPage":{"@id":"https:\/\/www.iemj.org\/de\/musiques-traditionnelles-et-liturgiques-des-juifs-dalgerie\/#primaryimage"},"image":{"@id":"https:\/\/www.iemj.org\/de\/musiques-traditionnelles-et-liturgiques-des-juifs-dalgerie\/#primaryimage"},"thumbnailUrl":"https:\/\/www.iemj.org\/wp-content\/uploads\/2012\/11\/arton584-e1620117941777.jpg","datePublished":"2012-11-26T09:13:21+00:00","dateModified":"2024-01-25T11:59:16+00:00","breadcrumb":{"@id":"https:\/\/www.iemj.org\/de\/musiques-traditionnelles-et-liturgiques-des-juifs-dalgerie\/#breadcrumb"},"inLanguage":"de","potentialAction":[{"@type":"ReadAction","target":["https:\/\/www.iemj.org\/de\/musiques-traditionnelles-et-liturgiques-des-juifs-dalgerie\/"]}]},{"@type":"ImageObject","inLanguage":"de","@id":"https:\/\/www.iemj.org\/de\/musiques-traditionnelles-et-liturgiques-des-juifs-dalgerie\/#primaryimage","url":"https:\/\/www.iemj.org\/wp-content\/uploads\/2012\/11\/arton584-e1620117941777.jpg","contentUrl":"https:\/\/www.iemj.org\/wp-content\/uploads\/2012\/11\/arton584-e1620117941777.jpg","width":350,"height":319},{"@type":"BreadcrumbList","@id":"https:\/\/www.iemj.org\/de\/musiques-traditionnelles-et-liturgiques-des-juifs-dalgerie\/#breadcrumb","itemListElement":[{"@type":"ListItem","position":1,"name":"Accueil","item":"https:\/\/www.iemj.org\/de\/"},{"@type":"ListItem","position":2,"name":"Traditionelle und liturgische Musik der algerischen Juden"}]},{"@type":"WebSite","@id":"https:\/\/www.iemj.org\/de\/#website","url":"https:\/\/www.iemj.org\/de\/","name":"Institut Europ\u00e9en des Musiques Juives","description":"Des traditions musicales \u00e0 la port\u00e9e de tous","publisher":{"@id":"https:\/\/www.iemj.org\/de\/#organization"},"potentialAction":[{"@type":"SearchAction","target":{"@type":"EntryPoint","urlTemplate":"https:\/\/www.iemj.org\/de\/?s={search_term_string}"},"query-input":{"@type":"PropertyValueSpecification","valueRequired":true,"valueName":"search_term_string"}}],"inLanguage":"de"},{"@type":"Organization","@id":"https:\/\/www.iemj.org\/de\/#organization","name":"Institut Europ\u00e9en des Musiques Juives","url":"https:\/\/www.iemj.org\/de\/","logo":{"@type":"ImageObject","inLanguage":"de","@id":"https:\/\/www.iemj.org\/de\/#\/schema\/logo\/image\/","url":"https:\/\/www.iemj.org\/wp-content\/uploads\/2021\/09\/Logo-IEMJ-Paypal.jpg","contentUrl":"https:\/\/www.iemj.org\/wp-content\/uploads\/2021\/09\/Logo-IEMJ-Paypal.jpg","width":150,"height":50,"caption":"Institut Europ\u00e9en des Musiques Juives"},"image":{"@id":"https:\/\/www.iemj.org\/de\/#\/schema\/logo\/image\/"},"sameAs":["https:\/\/www.facebook.com\/MusiquesJuives\/","https:\/\/www.instagram.com\/musiquesjuives\/","https:\/\/www.youtube.com\/user\/musiquesjuives"]},{"@type":"Person","@id":"https:\/\/www.iemj.org\/de\/#\/schema\/person\/906134402c29d5c76e7b726261dd4bbd","name":"Herv\u00e9 Roten","image":{"@type":"ImageObject","inLanguage":"de","@id":"https:\/\/secure.gravatar.com\/avatar\/f96ad2db538a26481f18384936b5cd0610c92d390c4dc382209216d455f685ff?s=96&d=mm&r=g","url":"https:\/\/secure.gravatar.com\/avatar\/f96ad2db538a26481f18384936b5cd0610c92d390c4dc382209216d455f685ff?s=96&d=mm&r=g","contentUrl":"https:\/\/secure.gravatar.com\/avatar\/f96ad2db538a26481f18384936b5cd0610c92d390c4dc382209216d455f685ff?s=96&d=mm&r=g","caption":"Herv\u00e9 Roten"}}]}},"_links":{"self":[{"href":"https:\/\/www.iemj.org\/de\/wp-json\/wp\/v2\/posts\/108224","targetHints":{"allow":["GET"]}}],"collection":[{"href":"https:\/\/www.iemj.org\/de\/wp-json\/wp\/v2\/posts"}],"about":[{"href":"https:\/\/www.iemj.org\/de\/wp-json\/wp\/v2\/types\/post"}],"author":[{"embeddable":true,"href":"https:\/\/www.iemj.org\/de\/wp-json\/wp\/v2\/users\/1045"}],"replies":[{"embeddable":true,"href":"https:\/\/www.iemj.org\/de\/wp-json\/wp\/v2\/comments?post=108224"}],"version-history":[{"count":0,"href":"https:\/\/www.iemj.org\/de\/wp-json\/wp\/v2\/posts\/108224\/revisions"}],"wp:featuredmedia":[{"embeddable":true,"href":"https:\/\/www.iemj.org\/de\/wp-json\/wp\/v2\/media\/39578"}],"wp:attachment":[{"href":"https:\/\/www.iemj.org\/de\/wp-json\/wp\/v2\/media?parent=108224"}],"wp:term":[{"taxonomy":"category","embeddable":true,"href":"https:\/\/www.iemj.org\/de\/wp-json\/wp\/v2\/categories?post=108224"},{"taxonomy":"post_tag","embeddable":true,"href":"https:\/\/www.iemj.org\/de\/wp-json\/wp\/v2\/tags?post=108224"},{"taxonomy":"technique","embeddable":true,"href":"https:\/\/www.iemj.org\/de\/wp-json\/wp\/v2\/technique?post=108224"},{"taxonomy":"squelettes","embeddable":true,"href":"https:\/\/www.iemj.org\/de\/wp-json\/wp\/v2\/squelettes?post=108224"},{"taxonomy":"sujet","embeddable":true,"href":"https:\/\/www.iemj.org\/de\/wp-json\/wp\/v2\/sujet?post=108224"},{"taxonomy":"formation","embeddable":true,"href":"https:\/\/www.iemj.org\/de\/wp-json\/wp\/v2\/formation?post=108224"},{"taxonomy":"genre","embeddable":true,"href":"https:\/\/www.iemj.org\/de\/wp-json\/wp\/v2\/genre?post=108224"},{"taxonomy":"fonds","embeddable":true,"href":"https:\/\/www.iemj.org\/de\/wp-json\/wp\/v2\/fonds?post=108224"},{"taxonomy":"tradition","embeddable":true,"href":"https:\/\/www.iemj.org\/de\/wp-json\/wp\/v2\/tradition?post=108224"},{"taxonomy":"type-de-contenu","embeddable":true,"href":"https:\/\/www.iemj.org\/de\/wp-json\/wp\/v2\/type-de-contenu?post=108224"},{"taxonomy":"interprete-compositeur","embeddable":true,"href":"https:\/\/www.iemj.org\/de\/wp-json\/wp\/v2\/interprete-compositeur?post=108224"},{"taxonomy":"frise","embeddable":true,"href":"https:\/\/www.iemj.org\/de\/wp-json\/wp\/v2\/frise?post=108224"},{"taxonomy":"type-devenement","embeddable":true,"href":"https:\/\/www.iemj.org\/de\/wp-json\/wp\/v2\/type-devenement?post=108224"},{"taxonomy":"tableaux-liens-externes","embeddable":true,"href":"https:\/\/www.iemj.org\/de\/wp-json\/wp\/v2\/tableaux-liens-externes?post=108224"}],"curies":[{"name":"wp","href":"https:\/\/api.w.org\/{rel}","templated":true}]}}