{"id":108261,"date":"2012-06-10T10:55:50","date_gmt":"2012-06-10T08:55:50","guid":{"rendered":"https:\/\/www.iemj.org\/premiere-universite-dete-judeo-espagnole-a-paris\/"},"modified":"2024-01-29T12:10:16","modified_gmt":"2024-01-29T11:10:16","slug":"premiere-universite-dete-judeo-espagnole-a-paris","status":"publish","type":"post","link":"https:\/\/www.iemj.org\/de\/premiere-universite-dete-judeo-espagnole-a-paris\/","title":{"rendered":"ERSTE J\u00dcDISCH-SPANISCHE SOMMERUNIVERSIT\u00c4T IN PARIS"},"content":{"rendered":"<p class=\"post_excerpt\">8. bis 13. Juli 2012 &#8211; CENTRE EDMOND J SAFRA &#8211; 6 BIS, RUE MICHEL-ANGE &#8211; PARIS 16e<\/p>\n<p><!--more--><\/p>\n<p>Diese <strong>erste j\u00fcdisch-spanische Sommeruniversit\u00e4t<\/strong>, die von Aki Estamos und der AIU in Partnerschaft mit dem CFMJ und dem INALCO organisiert wird, steht im Zeichen der Weitergabe und pr\u00e4sentiert f\u00fcnf Tage lang den Reichtum der sephardischen Kultur in Form von Sprach-, Koch- und Gesangsworkshops, Vortr\u00e4gen und Diskussionsrunden, Auff\u00fchrungen, Filmvorf\u00fchrungen und einer Multimedia-Ausstellung.<\/p>\n<p>Sie ist offen f\u00fcr alle, ob leidenschaftlich oder einfach nur neugierig, K\u00fcnstler oder Akademiker, jung oder alt und unabh\u00e4ngig von ihren Wurzeln.<\/p>\n<p><strong>Am Mittwoch, den 11. Juli 2012 findet ein Tag statt, der speziell der j\u00fcdisch-spanischen Musik gewidmet ist:<\/strong><br \/>\n<strong>14 Uhr: Romanzen &#8211; coplas &#8211; cantigas: Die traditionellen Genres des sephardischen Musikrepertoires.<\/strong><br \/>\n<strong>16.30 Uhr: J\u00fcdisch-spanische Musik im 21. Jahrhundert: Praktiken, Prozesse und Herausforderungen.<\/strong><\/p>\n<p><strong>Referenten: Chochana Weich-Shahak, Jessica Roda, Herv\u00e9 Roten (Moderator), Marl\u00e8ne Samoun, Na\u00efma Chemoul.<\/strong><\/p>\n<p><strong>Vier Abendkonzerte mit Marl\u00e8ne Samoun, Vanessa Paloma, Liat Cohen, Hayati Kaf\u00e9 und Na\u00efma Chemoul werden am 8., 9. 10. und 12. Juli 2012 stattfinden.<\/strong><\/p>\n<p>Preis: 1 bis 5 Tage: 50 bis 200 \u20ac; 40 bis 120 \u20ac (Mitglieder von Aki Estamos und CFMJ).<\/p>\n<p>F\u00fcr weitere Informationen: www.ueje.org; akiestamos.aals@yahoo.fr; 06 98 52 15 15<\/p>\n<p>Die J\u00fcdisch-Spanische Universit\u00e4t wird unterst\u00fctzt von La Lettre S\u00e9pharade, der Alliance Isra\u00e9lite Universelle, dem Institut Alain de Rothschild, der Fondation pour la M\u00e9moire de la Shoah, der Fondation du Juda\u00efsme Fran\u00e7ais, dem Fonds Social Juif Unifi\u00e9, dem Institut National des Langues Orientales und dem Centre Fran\u00e7ais des Musiques Juives.<\/p>\n","protected":false},"excerpt":{"rendered":"<p>8. bis 13. Juli 2012 &#8211; CENTRE EDMOND J SAFRA &#8211; 6 BIS, RUE MICHEL-ANGE &#8211; PARIS 16e<\/p>\n","protected":false},"author":1045,"featured_media":108262,"comment_status":"closed","ping_status":"open","sticky":false,"template":"","format":"standard","meta":{"_acf_changed":false,"footnotes":""},"categories":[1370],"tags":[3420],"technique":[],"squelettes":[],"sujet":[],"formation":[],"genre":[],"fonds":[],"tradition":[],"type-de-contenu":[],"interprete-compositeur":[],"frise":[],"type-devenement":[],"tableaux-liens-externes":[],"class_list":["post-108261","post","type-post","status-publish","format-standard","has-post-thumbnail","hentry","category-veranstaltungen-de","tag-partner-veranstaltungen-de"],"acf":[],"yoast_head":"<!-- This site is optimized with the Yoast SEO plugin v27.3 - https:\/\/yoast.com\/product\/yoast-seo-wordpress\/ -->\n<title>ERSTE J\u00dcDISCH-SPANISCHE SOMMERUNIVERSIT\u00c4T IN PARIS - Institut Europ\u00e9en des Musiques Juives<\/title>\n<meta name=\"robots\" content=\"index, follow, max-snippet:-1, max-image-preview:large, max-video-preview:-1\" \/>\n<link rel=\"canonical\" href=\"https:\/\/www.iemj.org\/de\/premiere-universite-dete-judeo-espagnole-a-paris\/\" \/>\n<meta property=\"og:locale\" content=\"de_DE\" \/>\n<meta property=\"og:type\" content=\"article\" \/>\n<meta property=\"og:title\" content=\"ERSTE J\u00dcDISCH-SPANISCHE SOMMERUNIVERSIT\u00c4T IN PARIS - Institut Europ\u00e9en des Musiques Juives\" \/>\n<meta property=\"og:description\" content=\"8. bis 13. Juli 2012 &#8211; CENTRE EDMOND J SAFRA &#8211; 6 BIS, RUE MICHEL-ANGE &#8211; PARIS 16e\" \/>\n<meta property=\"og:url\" content=\"https:\/\/www.iemj.org\/de\/premiere-universite-dete-judeo-espagnole-a-paris\/\" \/>\n<meta property=\"og:site_name\" content=\"Institut Europ\u00e9en des Musiques Juives\" \/>\n<meta property=\"article:publisher\" content=\"https:\/\/www.facebook.com\/MusiquesJuives\/\" \/>\n<meta property=\"article:published_time\" content=\"2012-06-10T08:55:50+00:00\" \/>\n<meta property=\"article:modified_time\" content=\"2024-01-29T11:10:16+00:00\" \/>\n<meta property=\"og:image\" content=\"https:\/\/www.iemj.org\/wp-content\/uploads\/2012\/06\/arton502-e1620118144181.jpg\" \/>\n\t<meta property=\"og:image:width\" content=\"350\" \/>\n\t<meta property=\"og:image:height\" content=\"494\" \/>\n\t<meta property=\"og:image:type\" content=\"image\/jpeg\" \/>\n<meta name=\"author\" content=\"Herv\u00e9 Roten\" \/>\n<meta name=\"twitter:card\" content=\"summary_large_image\" \/>\n<meta name=\"twitter:label1\" content=\"Verfasst von\" \/>\n\t<meta name=\"twitter:data1\" content=\"Herv\u00e9 Roten\" \/>\n\t<meta name=\"twitter:label2\" content=\"Gesch\u00e4tzte Lesezeit\" \/>\n\t<meta name=\"twitter:data2\" content=\"2\u00a0Minuten\" \/>\n<script type=\"application\/ld+json\" class=\"yoast-schema-graph\">{\"@context\":\"https:\\\/\\\/schema.org\",\"@graph\":[{\"@type\":\"Article\",\"@id\":\"https:\\\/\\\/www.iemj.org\\\/de\\\/premiere-universite-dete-judeo-espagnole-a-paris\\\/#article\",\"isPartOf\":{\"@id\":\"https:\\\/\\\/www.iemj.org\\\/de\\\/premiere-universite-dete-judeo-espagnole-a-paris\\\/\"},\"author\":{\"name\":\"Herv\u00e9 Roten\",\"@id\":\"https:\\\/\\\/www.iemj.org\\\/de\\\/#\\\/schema\\\/person\\\/906134402c29d5c76e7b726261dd4bbd\"},\"headline\":\"ERSTE J\u00dcDISCH-SPANISCHE SOMMERUNIVERSIT\u00c4T IN PARIS\",\"datePublished\":\"2012-06-10T08:55:50+00:00\",\"dateModified\":\"2024-01-29T11:10:16+00:00\",\"mainEntityOfPage\":{\"@id\":\"https:\\\/\\\/www.iemj.org\\\/de\\\/premiere-universite-dete-judeo-espagnole-a-paris\\\/\"},\"wordCount\":257,\"publisher\":{\"@id\":\"https:\\\/\\\/www.iemj.org\\\/de\\\/#organization\"},\"image\":{\"@id\":\"https:\\\/\\\/www.iemj.org\\\/de\\\/premiere-universite-dete-judeo-espagnole-a-paris\\\/#primaryimage\"},\"thumbnailUrl\":\"https:\\\/\\\/www.iemj.org\\\/wp-content\\\/uploads\\\/2012\\\/06\\\/arton502-e1620118144181.jpg\",\"keywords\":[\"Partner-Veranstaltungen\"],\"articleSection\":[\"Veranstaltungen\"],\"inLanguage\":\"de\"},{\"@type\":\"WebPage\",\"@id\":\"https:\\\/\\\/www.iemj.org\\\/de\\\/premiere-universite-dete-judeo-espagnole-a-paris\\\/\",\"url\":\"https:\\\/\\\/www.iemj.org\\\/de\\\/premiere-universite-dete-judeo-espagnole-a-paris\\\/\",\"name\":\"ERSTE J\u00dcDISCH-SPANISCHE SOMMERUNIVERSIT\u00c4T IN PARIS - Institut Europ\u00e9en des Musiques Juives\",\"isPartOf\":{\"@id\":\"https:\\\/\\\/www.iemj.org\\\/de\\\/#website\"},\"primaryImageOfPage\":{\"@id\":\"https:\\\/\\\/www.iemj.org\\\/de\\\/premiere-universite-dete-judeo-espagnole-a-paris\\\/#primaryimage\"},\"image\":{\"@id\":\"https:\\\/\\\/www.iemj.org\\\/de\\\/premiere-universite-dete-judeo-espagnole-a-paris\\\/#primaryimage\"},\"thumbnailUrl\":\"https:\\\/\\\/www.iemj.org\\\/wp-content\\\/uploads\\\/2012\\\/06\\\/arton502-e1620118144181.jpg\",\"datePublished\":\"2012-06-10T08:55:50+00:00\",\"dateModified\":\"2024-01-29T11:10:16+00:00\",\"breadcrumb\":{\"@id\":\"https:\\\/\\\/www.iemj.org\\\/de\\\/premiere-universite-dete-judeo-espagnole-a-paris\\\/#breadcrumb\"},\"inLanguage\":\"de\",\"potentialAction\":[{\"@type\":\"ReadAction\",\"target\":[\"https:\\\/\\\/www.iemj.org\\\/de\\\/premiere-universite-dete-judeo-espagnole-a-paris\\\/\"]}]},{\"@type\":\"ImageObject\",\"inLanguage\":\"de\",\"@id\":\"https:\\\/\\\/www.iemj.org\\\/de\\\/premiere-universite-dete-judeo-espagnole-a-paris\\\/#primaryimage\",\"url\":\"https:\\\/\\\/www.iemj.org\\\/wp-content\\\/uploads\\\/2012\\\/06\\\/arton502-e1620118144181.jpg\",\"contentUrl\":\"https:\\\/\\\/www.iemj.org\\\/wp-content\\\/uploads\\\/2012\\\/06\\\/arton502-e1620118144181.jpg\",\"width\":350,\"height\":494},{\"@type\":\"BreadcrumbList\",\"@id\":\"https:\\\/\\\/www.iemj.org\\\/de\\\/premiere-universite-dete-judeo-espagnole-a-paris\\\/#breadcrumb\",\"itemListElement\":[{\"@type\":\"ListItem\",\"position\":1,\"name\":\"Accueil\",\"item\":\"https:\\\/\\\/www.iemj.org\\\/de\\\/\"},{\"@type\":\"ListItem\",\"position\":2,\"name\":\"ERSTE J\u00dcDISCH-SPANISCHE SOMMERUNIVERSIT\u00c4T IN PARIS\"}]},{\"@type\":\"WebSite\",\"@id\":\"https:\\\/\\\/www.iemj.org\\\/de\\\/#website\",\"url\":\"https:\\\/\\\/www.iemj.org\\\/de\\\/\",\"name\":\"Institut Europ\u00e9en des Musiques Juives\",\"description\":\"Des traditions musicales \u00e0 la port\u00e9e de tous\",\"publisher\":{\"@id\":\"https:\\\/\\\/www.iemj.org\\\/de\\\/#organization\"},\"potentialAction\":[{\"@type\":\"SearchAction\",\"target\":{\"@type\":\"EntryPoint\",\"urlTemplate\":\"https:\\\/\\\/www.iemj.org\\\/de\\\/?s={search_term_string}\"},\"query-input\":{\"@type\":\"PropertyValueSpecification\",\"valueRequired\":true,\"valueName\":\"search_term_string\"}}],\"inLanguage\":\"de\"},{\"@type\":\"Organization\",\"@id\":\"https:\\\/\\\/www.iemj.org\\\/de\\\/#organization\",\"name\":\"Institut Europ\u00e9en des Musiques Juives\",\"url\":\"https:\\\/\\\/www.iemj.org\\\/de\\\/\",\"logo\":{\"@type\":\"ImageObject\",\"inLanguage\":\"de\",\"@id\":\"https:\\\/\\\/www.iemj.org\\\/de\\\/#\\\/schema\\\/logo\\\/image\\\/\",\"url\":\"https:\\\/\\\/www.iemj.org\\\/wp-content\\\/uploads\\\/2021\\\/09\\\/Logo-IEMJ-Paypal.jpg\",\"contentUrl\":\"https:\\\/\\\/www.iemj.org\\\/wp-content\\\/uploads\\\/2021\\\/09\\\/Logo-IEMJ-Paypal.jpg\",\"width\":150,\"height\":50,\"caption\":\"Institut Europ\u00e9en des Musiques Juives\"},\"image\":{\"@id\":\"https:\\\/\\\/www.iemj.org\\\/de\\\/#\\\/schema\\\/logo\\\/image\\\/\"},\"sameAs\":[\"https:\\\/\\\/www.facebook.com\\\/MusiquesJuives\\\/\",\"https:\\\/\\\/www.instagram.com\\\/musiquesjuives\\\/\",\"https:\\\/\\\/www.youtube.com\\\/user\\\/musiquesjuives\"]},{\"@type\":\"Person\",\"@id\":\"https:\\\/\\\/www.iemj.org\\\/de\\\/#\\\/schema\\\/person\\\/906134402c29d5c76e7b726261dd4bbd\",\"name\":\"Herv\u00e9 Roten\",\"image\":{\"@type\":\"ImageObject\",\"inLanguage\":\"de\",\"@id\":\"https:\\\/\\\/secure.gravatar.com\\\/avatar\\\/f96ad2db538a26481f18384936b5cd0610c92d390c4dc382209216d455f685ff?s=96&d=mm&r=g\",\"url\":\"https:\\\/\\\/secure.gravatar.com\\\/avatar\\\/f96ad2db538a26481f18384936b5cd0610c92d390c4dc382209216d455f685ff?s=96&d=mm&r=g\",\"contentUrl\":\"https:\\\/\\\/secure.gravatar.com\\\/avatar\\\/f96ad2db538a26481f18384936b5cd0610c92d390c4dc382209216d455f685ff?s=96&d=mm&r=g\",\"caption\":\"Herv\u00e9 Roten\"}}]}<\/script>\n<!-- \/ Yoast SEO plugin. -->","yoast_head_json":{"title":"ERSTE J\u00dcDISCH-SPANISCHE SOMMERUNIVERSIT\u00c4T IN PARIS - Institut Europ\u00e9en des Musiques Juives","robots":{"index":"index","follow":"follow","max-snippet":"max-snippet:-1","max-image-preview":"max-image-preview:large","max-video-preview":"max-video-preview:-1"},"canonical":"https:\/\/www.iemj.org\/de\/premiere-universite-dete-judeo-espagnole-a-paris\/","og_locale":"de_DE","og_type":"article","og_title":"ERSTE J\u00dcDISCH-SPANISCHE SOMMERUNIVERSIT\u00c4T IN PARIS - Institut Europ\u00e9en des Musiques Juives","og_description":"8. bis 13. Juli 2012 &#8211; CENTRE EDMOND J SAFRA &#8211; 6 BIS, RUE MICHEL-ANGE &#8211; PARIS 16e","og_url":"https:\/\/www.iemj.org\/de\/premiere-universite-dete-judeo-espagnole-a-paris\/","og_site_name":"Institut Europ\u00e9en des Musiques Juives","article_publisher":"https:\/\/www.facebook.com\/MusiquesJuives\/","article_published_time":"2012-06-10T08:55:50+00:00","article_modified_time":"2024-01-29T11:10:16+00:00","og_image":[{"width":350,"height":494,"url":"https:\/\/www.iemj.org\/wp-content\/uploads\/2012\/06\/arton502-e1620118144181.jpg","type":"image\/jpeg"}],"author":"Herv\u00e9 Roten","twitter_card":"summary_large_image","twitter_misc":{"Verfasst von":"Herv\u00e9 Roten","Gesch\u00e4tzte Lesezeit":"2\u00a0Minuten"},"schema":{"@context":"https:\/\/schema.org","@graph":[{"@type":"Article","@id":"https:\/\/www.iemj.org\/de\/premiere-universite-dete-judeo-espagnole-a-paris\/#article","isPartOf":{"@id":"https:\/\/www.iemj.org\/de\/premiere-universite-dete-judeo-espagnole-a-paris\/"},"author":{"name":"Herv\u00e9 Roten","@id":"https:\/\/www.iemj.org\/de\/#\/schema\/person\/906134402c29d5c76e7b726261dd4bbd"},"headline":"ERSTE J\u00dcDISCH-SPANISCHE SOMMERUNIVERSIT\u00c4T IN PARIS","datePublished":"2012-06-10T08:55:50+00:00","dateModified":"2024-01-29T11:10:16+00:00","mainEntityOfPage":{"@id":"https:\/\/www.iemj.org\/de\/premiere-universite-dete-judeo-espagnole-a-paris\/"},"wordCount":257,"publisher":{"@id":"https:\/\/www.iemj.org\/de\/#organization"},"image":{"@id":"https:\/\/www.iemj.org\/de\/premiere-universite-dete-judeo-espagnole-a-paris\/#primaryimage"},"thumbnailUrl":"https:\/\/www.iemj.org\/wp-content\/uploads\/2012\/06\/arton502-e1620118144181.jpg","keywords":["Partner-Veranstaltungen"],"articleSection":["Veranstaltungen"],"inLanguage":"de"},{"@type":"WebPage","@id":"https:\/\/www.iemj.org\/de\/premiere-universite-dete-judeo-espagnole-a-paris\/","url":"https:\/\/www.iemj.org\/de\/premiere-universite-dete-judeo-espagnole-a-paris\/","name":"ERSTE J\u00dcDISCH-SPANISCHE SOMMERUNIVERSIT\u00c4T IN PARIS - Institut Europ\u00e9en des Musiques Juives","isPartOf":{"@id":"https:\/\/www.iemj.org\/de\/#website"},"primaryImageOfPage":{"@id":"https:\/\/www.iemj.org\/de\/premiere-universite-dete-judeo-espagnole-a-paris\/#primaryimage"},"image":{"@id":"https:\/\/www.iemj.org\/de\/premiere-universite-dete-judeo-espagnole-a-paris\/#primaryimage"},"thumbnailUrl":"https:\/\/www.iemj.org\/wp-content\/uploads\/2012\/06\/arton502-e1620118144181.jpg","datePublished":"2012-06-10T08:55:50+00:00","dateModified":"2024-01-29T11:10:16+00:00","breadcrumb":{"@id":"https:\/\/www.iemj.org\/de\/premiere-universite-dete-judeo-espagnole-a-paris\/#breadcrumb"},"inLanguage":"de","potentialAction":[{"@type":"ReadAction","target":["https:\/\/www.iemj.org\/de\/premiere-universite-dete-judeo-espagnole-a-paris\/"]}]},{"@type":"ImageObject","inLanguage":"de","@id":"https:\/\/www.iemj.org\/de\/premiere-universite-dete-judeo-espagnole-a-paris\/#primaryimage","url":"https:\/\/www.iemj.org\/wp-content\/uploads\/2012\/06\/arton502-e1620118144181.jpg","contentUrl":"https:\/\/www.iemj.org\/wp-content\/uploads\/2012\/06\/arton502-e1620118144181.jpg","width":350,"height":494},{"@type":"BreadcrumbList","@id":"https:\/\/www.iemj.org\/de\/premiere-universite-dete-judeo-espagnole-a-paris\/#breadcrumb","itemListElement":[{"@type":"ListItem","position":1,"name":"Accueil","item":"https:\/\/www.iemj.org\/de\/"},{"@type":"ListItem","position":2,"name":"ERSTE J\u00dcDISCH-SPANISCHE SOMMERUNIVERSIT\u00c4T IN PARIS"}]},{"@type":"WebSite","@id":"https:\/\/www.iemj.org\/de\/#website","url":"https:\/\/www.iemj.org\/de\/","name":"Institut Europ\u00e9en des Musiques Juives","description":"Des traditions musicales \u00e0 la port\u00e9e de tous","publisher":{"@id":"https:\/\/www.iemj.org\/de\/#organization"},"potentialAction":[{"@type":"SearchAction","target":{"@type":"EntryPoint","urlTemplate":"https:\/\/www.iemj.org\/de\/?s={search_term_string}"},"query-input":{"@type":"PropertyValueSpecification","valueRequired":true,"valueName":"search_term_string"}}],"inLanguage":"de"},{"@type":"Organization","@id":"https:\/\/www.iemj.org\/de\/#organization","name":"Institut Europ\u00e9en des Musiques Juives","url":"https:\/\/www.iemj.org\/de\/","logo":{"@type":"ImageObject","inLanguage":"de","@id":"https:\/\/www.iemj.org\/de\/#\/schema\/logo\/image\/","url":"https:\/\/www.iemj.org\/wp-content\/uploads\/2021\/09\/Logo-IEMJ-Paypal.jpg","contentUrl":"https:\/\/www.iemj.org\/wp-content\/uploads\/2021\/09\/Logo-IEMJ-Paypal.jpg","width":150,"height":50,"caption":"Institut Europ\u00e9en des Musiques Juives"},"image":{"@id":"https:\/\/www.iemj.org\/de\/#\/schema\/logo\/image\/"},"sameAs":["https:\/\/www.facebook.com\/MusiquesJuives\/","https:\/\/www.instagram.com\/musiquesjuives\/","https:\/\/www.youtube.com\/user\/musiquesjuives"]},{"@type":"Person","@id":"https:\/\/www.iemj.org\/de\/#\/schema\/person\/906134402c29d5c76e7b726261dd4bbd","name":"Herv\u00e9 Roten","image":{"@type":"ImageObject","inLanguage":"de","@id":"https:\/\/secure.gravatar.com\/avatar\/f96ad2db538a26481f18384936b5cd0610c92d390c4dc382209216d455f685ff?s=96&d=mm&r=g","url":"https:\/\/secure.gravatar.com\/avatar\/f96ad2db538a26481f18384936b5cd0610c92d390c4dc382209216d455f685ff?s=96&d=mm&r=g","contentUrl":"https:\/\/secure.gravatar.com\/avatar\/f96ad2db538a26481f18384936b5cd0610c92d390c4dc382209216d455f685ff?s=96&d=mm&r=g","caption":"Herv\u00e9 Roten"}}]}},"_links":{"self":[{"href":"https:\/\/www.iemj.org\/de\/wp-json\/wp\/v2\/posts\/108261","targetHints":{"allow":["GET"]}}],"collection":[{"href":"https:\/\/www.iemj.org\/de\/wp-json\/wp\/v2\/posts"}],"about":[{"href":"https:\/\/www.iemj.org\/de\/wp-json\/wp\/v2\/types\/post"}],"author":[{"embeddable":true,"href":"https:\/\/www.iemj.org\/de\/wp-json\/wp\/v2\/users\/1045"}],"replies":[{"embeddable":true,"href":"https:\/\/www.iemj.org\/de\/wp-json\/wp\/v2\/comments?post=108261"}],"version-history":[{"count":0,"href":"https:\/\/www.iemj.org\/de\/wp-json\/wp\/v2\/posts\/108261\/revisions"}],"wp:featuredmedia":[{"embeddable":true,"href":"https:\/\/www.iemj.org\/de\/wp-json\/wp\/v2\/media\/108262"}],"wp:attachment":[{"href":"https:\/\/www.iemj.org\/de\/wp-json\/wp\/v2\/media?parent=108261"}],"wp:term":[{"taxonomy":"category","embeddable":true,"href":"https:\/\/www.iemj.org\/de\/wp-json\/wp\/v2\/categories?post=108261"},{"taxonomy":"post_tag","embeddable":true,"href":"https:\/\/www.iemj.org\/de\/wp-json\/wp\/v2\/tags?post=108261"},{"taxonomy":"technique","embeddable":true,"href":"https:\/\/www.iemj.org\/de\/wp-json\/wp\/v2\/technique?post=108261"},{"taxonomy":"squelettes","embeddable":true,"href":"https:\/\/www.iemj.org\/de\/wp-json\/wp\/v2\/squelettes?post=108261"},{"taxonomy":"sujet","embeddable":true,"href":"https:\/\/www.iemj.org\/de\/wp-json\/wp\/v2\/sujet?post=108261"},{"taxonomy":"formation","embeddable":true,"href":"https:\/\/www.iemj.org\/de\/wp-json\/wp\/v2\/formation?post=108261"},{"taxonomy":"genre","embeddable":true,"href":"https:\/\/www.iemj.org\/de\/wp-json\/wp\/v2\/genre?post=108261"},{"taxonomy":"fonds","embeddable":true,"href":"https:\/\/www.iemj.org\/de\/wp-json\/wp\/v2\/fonds?post=108261"},{"taxonomy":"tradition","embeddable":true,"href":"https:\/\/www.iemj.org\/de\/wp-json\/wp\/v2\/tradition?post=108261"},{"taxonomy":"type-de-contenu","embeddable":true,"href":"https:\/\/www.iemj.org\/de\/wp-json\/wp\/v2\/type-de-contenu?post=108261"},{"taxonomy":"interprete-compositeur","embeddable":true,"href":"https:\/\/www.iemj.org\/de\/wp-json\/wp\/v2\/interprete-compositeur?post=108261"},{"taxonomy":"frise","embeddable":true,"href":"https:\/\/www.iemj.org\/de\/wp-json\/wp\/v2\/frise?post=108261"},{"taxonomy":"type-devenement","embeddable":true,"href":"https:\/\/www.iemj.org\/de\/wp-json\/wp\/v2\/type-devenement?post=108261"},{"taxonomy":"tableaux-liens-externes","embeddable":true,"href":"https:\/\/www.iemj.org\/de\/wp-json\/wp\/v2\/tableaux-liens-externes?post=108261"}],"curies":[{"name":"wp","href":"https:\/\/api.w.org\/{rel}","templated":true}]}}