{"id":108288,"date":"2012-06-09T11:25:00","date_gmt":"2012-06-09T09:25:00","guid":{"rendered":"https:\/\/www.iemj.org\/viie-universite-dete-de-linstitut-maimonide-montpellier\/"},"modified":"2024-01-29T12:43:18","modified_gmt":"2024-01-29T11:43:18","slug":"viie-universite-dete-de-linstitut-maimonide-montpellier","status":"publish","type":"post","link":"https:\/\/www.iemj.org\/de\/viie-universite-dete-de-linstitut-maimonide-montpellier\/","title":{"rendered":"VII. Sommeruniversit\u00e4t des Institut Maimonides &#8211; Montpellier"},"content":{"rendered":"<p class=\"post_excerpt\">5. BIS 12. JULI 2012 &#8211; MITTELALTERLICHER HEBRAISCHER KULTRAUM DES MAIMONIDES-INSTITUTS<\/p>\n<p><!--more--><br \/>\n<strong>PROGRAMM:<\/strong><\/p>\n<p><strong>Donnerstag, 5. Juli 2012, 20 Uhr<\/strong><br \/>\nSaal Don Profiat &#8211; Mittelalterlicher hebr\u00e4ischer Kultraum &#8211; Maimonides-Institut<br \/>\n<strong>&#8222;J\u00fcdische Musik und Liturgie &#8211; von den Psalmen Davids bis zu Darius Milhauds heiligem Dienst&#8220;.<\/strong><br \/>\nvon Herv\u00e9 ROTEN, Ethnomusikologe, Direktor des Centre Fran\u00e7ais des Musiques Juives<\/p>\n<p><strong>Montag, 9. Juli 2012, 20 Uhr<\/strong><br \/>\nMittelalterliche Mikwe &#8211; Mittelalterlicher hebr\u00e4ischer Kultraum &#8211; Maimonides-Institut<br \/>\n<strong>&#8222;Sephardische Wanderschaft&#8220;.<\/strong><br \/>\nvon Suzana AZQUINEZER, Erz\u00e4hlerin<\/p>\n<p><strong>Donnerstag, 12. Juli 2012, 18.30 Uhr<\/strong><br \/>\nSaal Don Profiat &#8211; Mittelalterlicher hebr\u00e4ischer Kultbereich &#8211; Maimonides-Institut<br \/>\n<strong>&#8222;Ich bin ein Franzose aus der Provence, der der israelitischen Religion angeh\u00f6rt&#8230;<\/strong><br \/>\n<strong>Darius Milhaud, ein franz\u00f6sischer Komponist des 20. Jahrhunderts&#8220;.<\/strong><br \/>\nvon Micha\u00ebl IANCU, Historiker<\/p>\n<p>gefolgt von einem <strong>Konzert mit j\u00fcdischer Musik von Sarah IANCU<\/strong>, Violoncellistin.<\/p>\n<p><a href=\"https:\/\/www.iemj.org\/wp-content\/uploads\/2012\/06\/maimonide_programme_universite_d_ete.pdf\" target=\"_blank\" rel=\"noopener\">Maimonides_Programm Sommeruniversit\u00e4t 2012<\/a><\/p>\n","protected":false},"excerpt":{"rendered":"<p>5. BIS 12. JULI 2012 &#8211; MITTELALTERLICHER HEBRAISCHER KULTRAUM DES MAIMONIDES-INSTITUTS<\/p>\n","protected":false},"author":1045,"featured_media":108289,"comment_status":"closed","ping_status":"open","sticky":false,"template":"","format":"standard","meta":{"_acf_changed":false,"footnotes":""},"categories":[1382,1370],"tags":[],"technique":[],"squelettes":[],"sujet":[],"formation":[],"genre":[],"fonds":[],"tradition":[],"type-de-contenu":[],"interprete-compositeur":[],"frise":[],"type-devenement":[],"tableaux-liens-externes":[],"class_list":["post-108288","post","type-post","status-publish","format-standard","has-post-thumbnail","hentry","category-kurse-konferenzen-de","category-veranstaltungen-de"],"acf":[],"yoast_head":"<!-- This site is optimized with the Yoast SEO plugin v27.3 - https:\/\/yoast.com\/product\/yoast-seo-wordpress\/ -->\n<title>VII. Sommeruniversit\u00e4t des Institut Maimonides - Montpellier - Institut Europ\u00e9en des Musiques Juives<\/title>\n<meta name=\"robots\" content=\"index, follow, max-snippet:-1, max-image-preview:large, max-video-preview:-1\" \/>\n<link rel=\"canonical\" href=\"https:\/\/www.iemj.org\/de\/viie-universite-dete-de-linstitut-maimonide-montpellier\/\" \/>\n<meta property=\"og:locale\" content=\"de_DE\" \/>\n<meta property=\"og:type\" content=\"article\" \/>\n<meta property=\"og:title\" content=\"VII. Sommeruniversit\u00e4t des Institut Maimonides - Montpellier - Institut Europ\u00e9en des Musiques Juives\" \/>\n<meta property=\"og:description\" content=\"5. BIS 12. JULI 2012 &#8211; MITTELALTERLICHER HEBRAISCHER KULTRAUM DES MAIMONIDES-INSTITUTS\" \/>\n<meta property=\"og:url\" content=\"https:\/\/www.iemj.org\/de\/viie-universite-dete-de-linstitut-maimonide-montpellier\/\" \/>\n<meta property=\"og:site_name\" content=\"Institut Europ\u00e9en des Musiques Juives\" \/>\n<meta property=\"article:publisher\" content=\"https:\/\/www.facebook.com\/MusiquesJuives\/\" \/>\n<meta property=\"article:published_time\" content=\"2012-06-09T09:25:00+00:00\" \/>\n<meta property=\"article:modified_time\" content=\"2024-01-29T11:43:18+00:00\" \/>\n<meta property=\"og:image\" content=\"https:\/\/www.iemj.org\/wp-content\/uploads\/2012\/06\/arton503.jpg\" \/>\n\t<meta property=\"og:image:width\" content=\"185\" \/>\n\t<meta property=\"og:image:height\" content=\"250\" \/>\n\t<meta property=\"og:image:type\" content=\"image\/jpeg\" \/>\n<meta name=\"author\" content=\"Herv\u00e9 Roten\" \/>\n<meta name=\"twitter:card\" content=\"summary_large_image\" \/>\n<meta name=\"twitter:label1\" content=\"Verfasst von\" \/>\n\t<meta name=\"twitter:data1\" content=\"Herv\u00e9 Roten\" \/>\n\t<meta name=\"twitter:label2\" content=\"Gesch\u00e4tzte Lesezeit\" \/>\n\t<meta name=\"twitter:data2\" content=\"1\u00a0Minute\" \/>\n<script type=\"application\/ld+json\" class=\"yoast-schema-graph\">{\"@context\":\"https:\\\/\\\/schema.org\",\"@graph\":[{\"@type\":\"Article\",\"@id\":\"https:\\\/\\\/www.iemj.org\\\/de\\\/viie-universite-dete-de-linstitut-maimonide-montpellier\\\/#article\",\"isPartOf\":{\"@id\":\"https:\\\/\\\/www.iemj.org\\\/de\\\/viie-universite-dete-de-linstitut-maimonide-montpellier\\\/\"},\"author\":{\"name\":\"Herv\u00e9 Roten\",\"@id\":\"https:\\\/\\\/www.iemj.org\\\/de\\\/#\\\/schema\\\/person\\\/906134402c29d5c76e7b726261dd4bbd\"},\"headline\":\"VII. Sommeruniversit\u00e4t des Institut Maimonides &#8211; Montpellier\",\"datePublished\":\"2012-06-09T09:25:00+00:00\",\"dateModified\":\"2024-01-29T11:43:18+00:00\",\"mainEntityOfPage\":{\"@id\":\"https:\\\/\\\/www.iemj.org\\\/de\\\/viie-universite-dete-de-linstitut-maimonide-montpellier\\\/\"},\"wordCount\":132,\"publisher\":{\"@id\":\"https:\\\/\\\/www.iemj.org\\\/de\\\/#organization\"},\"image\":{\"@id\":\"https:\\\/\\\/www.iemj.org\\\/de\\\/viie-universite-dete-de-linstitut-maimonide-montpellier\\\/#primaryimage\"},\"thumbnailUrl\":\"https:\\\/\\\/www.iemj.org\\\/wp-content\\\/uploads\\\/2012\\\/06\\\/arton503.jpg\",\"articleSection\":[\"Kurse \\\/ Konferenzen\",\"Veranstaltungen\"],\"inLanguage\":\"de\"},{\"@type\":\"WebPage\",\"@id\":\"https:\\\/\\\/www.iemj.org\\\/de\\\/viie-universite-dete-de-linstitut-maimonide-montpellier\\\/\",\"url\":\"https:\\\/\\\/www.iemj.org\\\/de\\\/viie-universite-dete-de-linstitut-maimonide-montpellier\\\/\",\"name\":\"VII. Sommeruniversit\u00e4t des Institut Maimonides - Montpellier - Institut Europ\u00e9en des Musiques Juives\",\"isPartOf\":{\"@id\":\"https:\\\/\\\/www.iemj.org\\\/de\\\/#website\"},\"primaryImageOfPage\":{\"@id\":\"https:\\\/\\\/www.iemj.org\\\/de\\\/viie-universite-dete-de-linstitut-maimonide-montpellier\\\/#primaryimage\"},\"image\":{\"@id\":\"https:\\\/\\\/www.iemj.org\\\/de\\\/viie-universite-dete-de-linstitut-maimonide-montpellier\\\/#primaryimage\"},\"thumbnailUrl\":\"https:\\\/\\\/www.iemj.org\\\/wp-content\\\/uploads\\\/2012\\\/06\\\/arton503.jpg\",\"datePublished\":\"2012-06-09T09:25:00+00:00\",\"dateModified\":\"2024-01-29T11:43:18+00:00\",\"breadcrumb\":{\"@id\":\"https:\\\/\\\/www.iemj.org\\\/de\\\/viie-universite-dete-de-linstitut-maimonide-montpellier\\\/#breadcrumb\"},\"inLanguage\":\"de\",\"potentialAction\":[{\"@type\":\"ReadAction\",\"target\":[\"https:\\\/\\\/www.iemj.org\\\/de\\\/viie-universite-dete-de-linstitut-maimonide-montpellier\\\/\"]}]},{\"@type\":\"ImageObject\",\"inLanguage\":\"de\",\"@id\":\"https:\\\/\\\/www.iemj.org\\\/de\\\/viie-universite-dete-de-linstitut-maimonide-montpellier\\\/#primaryimage\",\"url\":\"https:\\\/\\\/www.iemj.org\\\/wp-content\\\/uploads\\\/2012\\\/06\\\/arton503.jpg\",\"contentUrl\":\"https:\\\/\\\/www.iemj.org\\\/wp-content\\\/uploads\\\/2012\\\/06\\\/arton503.jpg\",\"width\":185,\"height\":250},{\"@type\":\"BreadcrumbList\",\"@id\":\"https:\\\/\\\/www.iemj.org\\\/de\\\/viie-universite-dete-de-linstitut-maimonide-montpellier\\\/#breadcrumb\",\"itemListElement\":[{\"@type\":\"ListItem\",\"position\":1,\"name\":\"Accueil\",\"item\":\"https:\\\/\\\/www.iemj.org\\\/de\\\/\"},{\"@type\":\"ListItem\",\"position\":2,\"name\":\"VII. Sommeruniversit\u00e4t des Institut Maimonides &#8211; Montpellier\"}]},{\"@type\":\"WebSite\",\"@id\":\"https:\\\/\\\/www.iemj.org\\\/de\\\/#website\",\"url\":\"https:\\\/\\\/www.iemj.org\\\/de\\\/\",\"name\":\"Institut Europ\u00e9en des Musiques Juives\",\"description\":\"Des traditions musicales \u00e0 la port\u00e9e de tous\",\"publisher\":{\"@id\":\"https:\\\/\\\/www.iemj.org\\\/de\\\/#organization\"},\"potentialAction\":[{\"@type\":\"SearchAction\",\"target\":{\"@type\":\"EntryPoint\",\"urlTemplate\":\"https:\\\/\\\/www.iemj.org\\\/de\\\/?s={search_term_string}\"},\"query-input\":{\"@type\":\"PropertyValueSpecification\",\"valueRequired\":true,\"valueName\":\"search_term_string\"}}],\"inLanguage\":\"de\"},{\"@type\":\"Organization\",\"@id\":\"https:\\\/\\\/www.iemj.org\\\/de\\\/#organization\",\"name\":\"Institut Europ\u00e9en des Musiques Juives\",\"url\":\"https:\\\/\\\/www.iemj.org\\\/de\\\/\",\"logo\":{\"@type\":\"ImageObject\",\"inLanguage\":\"de\",\"@id\":\"https:\\\/\\\/www.iemj.org\\\/de\\\/#\\\/schema\\\/logo\\\/image\\\/\",\"url\":\"https:\\\/\\\/www.iemj.org\\\/wp-content\\\/uploads\\\/2021\\\/09\\\/Logo-IEMJ-Paypal.jpg\",\"contentUrl\":\"https:\\\/\\\/www.iemj.org\\\/wp-content\\\/uploads\\\/2021\\\/09\\\/Logo-IEMJ-Paypal.jpg\",\"width\":150,\"height\":50,\"caption\":\"Institut Europ\u00e9en des Musiques Juives\"},\"image\":{\"@id\":\"https:\\\/\\\/www.iemj.org\\\/de\\\/#\\\/schema\\\/logo\\\/image\\\/\"},\"sameAs\":[\"https:\\\/\\\/www.facebook.com\\\/MusiquesJuives\\\/\",\"https:\\\/\\\/www.instagram.com\\\/musiquesjuives\\\/\",\"https:\\\/\\\/www.youtube.com\\\/user\\\/musiquesjuives\"]},{\"@type\":\"Person\",\"@id\":\"https:\\\/\\\/www.iemj.org\\\/de\\\/#\\\/schema\\\/person\\\/906134402c29d5c76e7b726261dd4bbd\",\"name\":\"Herv\u00e9 Roten\",\"image\":{\"@type\":\"ImageObject\",\"inLanguage\":\"de\",\"@id\":\"https:\\\/\\\/secure.gravatar.com\\\/avatar\\\/f96ad2db538a26481f18384936b5cd0610c92d390c4dc382209216d455f685ff?s=96&d=mm&r=g\",\"url\":\"https:\\\/\\\/secure.gravatar.com\\\/avatar\\\/f96ad2db538a26481f18384936b5cd0610c92d390c4dc382209216d455f685ff?s=96&d=mm&r=g\",\"contentUrl\":\"https:\\\/\\\/secure.gravatar.com\\\/avatar\\\/f96ad2db538a26481f18384936b5cd0610c92d390c4dc382209216d455f685ff?s=96&d=mm&r=g\",\"caption\":\"Herv\u00e9 Roten\"}}]}<\/script>\n<!-- \/ Yoast SEO plugin. -->","yoast_head_json":{"title":"VII. Sommeruniversit\u00e4t des Institut Maimonides - Montpellier - Institut Europ\u00e9en des Musiques Juives","robots":{"index":"index","follow":"follow","max-snippet":"max-snippet:-1","max-image-preview":"max-image-preview:large","max-video-preview":"max-video-preview:-1"},"canonical":"https:\/\/www.iemj.org\/de\/viie-universite-dete-de-linstitut-maimonide-montpellier\/","og_locale":"de_DE","og_type":"article","og_title":"VII. Sommeruniversit\u00e4t des Institut Maimonides - Montpellier - Institut Europ\u00e9en des Musiques Juives","og_description":"5. BIS 12. JULI 2012 &#8211; MITTELALTERLICHER HEBRAISCHER KULTRAUM DES MAIMONIDES-INSTITUTS","og_url":"https:\/\/www.iemj.org\/de\/viie-universite-dete-de-linstitut-maimonide-montpellier\/","og_site_name":"Institut Europ\u00e9en des Musiques Juives","article_publisher":"https:\/\/www.facebook.com\/MusiquesJuives\/","article_published_time":"2012-06-09T09:25:00+00:00","article_modified_time":"2024-01-29T11:43:18+00:00","og_image":[{"width":185,"height":250,"url":"https:\/\/www.iemj.org\/wp-content\/uploads\/2012\/06\/arton503.jpg","type":"image\/jpeg"}],"author":"Herv\u00e9 Roten","twitter_card":"summary_large_image","twitter_misc":{"Verfasst von":"Herv\u00e9 Roten","Gesch\u00e4tzte Lesezeit":"1\u00a0Minute"},"schema":{"@context":"https:\/\/schema.org","@graph":[{"@type":"Article","@id":"https:\/\/www.iemj.org\/de\/viie-universite-dete-de-linstitut-maimonide-montpellier\/#article","isPartOf":{"@id":"https:\/\/www.iemj.org\/de\/viie-universite-dete-de-linstitut-maimonide-montpellier\/"},"author":{"name":"Herv\u00e9 Roten","@id":"https:\/\/www.iemj.org\/de\/#\/schema\/person\/906134402c29d5c76e7b726261dd4bbd"},"headline":"VII. Sommeruniversit\u00e4t des Institut Maimonides &#8211; Montpellier","datePublished":"2012-06-09T09:25:00+00:00","dateModified":"2024-01-29T11:43:18+00:00","mainEntityOfPage":{"@id":"https:\/\/www.iemj.org\/de\/viie-universite-dete-de-linstitut-maimonide-montpellier\/"},"wordCount":132,"publisher":{"@id":"https:\/\/www.iemj.org\/de\/#organization"},"image":{"@id":"https:\/\/www.iemj.org\/de\/viie-universite-dete-de-linstitut-maimonide-montpellier\/#primaryimage"},"thumbnailUrl":"https:\/\/www.iemj.org\/wp-content\/uploads\/2012\/06\/arton503.jpg","articleSection":["Kurse \/ Konferenzen","Veranstaltungen"],"inLanguage":"de"},{"@type":"WebPage","@id":"https:\/\/www.iemj.org\/de\/viie-universite-dete-de-linstitut-maimonide-montpellier\/","url":"https:\/\/www.iemj.org\/de\/viie-universite-dete-de-linstitut-maimonide-montpellier\/","name":"VII. Sommeruniversit\u00e4t des Institut Maimonides - Montpellier - Institut Europ\u00e9en des Musiques Juives","isPartOf":{"@id":"https:\/\/www.iemj.org\/de\/#website"},"primaryImageOfPage":{"@id":"https:\/\/www.iemj.org\/de\/viie-universite-dete-de-linstitut-maimonide-montpellier\/#primaryimage"},"image":{"@id":"https:\/\/www.iemj.org\/de\/viie-universite-dete-de-linstitut-maimonide-montpellier\/#primaryimage"},"thumbnailUrl":"https:\/\/www.iemj.org\/wp-content\/uploads\/2012\/06\/arton503.jpg","datePublished":"2012-06-09T09:25:00+00:00","dateModified":"2024-01-29T11:43:18+00:00","breadcrumb":{"@id":"https:\/\/www.iemj.org\/de\/viie-universite-dete-de-linstitut-maimonide-montpellier\/#breadcrumb"},"inLanguage":"de","potentialAction":[{"@type":"ReadAction","target":["https:\/\/www.iemj.org\/de\/viie-universite-dete-de-linstitut-maimonide-montpellier\/"]}]},{"@type":"ImageObject","inLanguage":"de","@id":"https:\/\/www.iemj.org\/de\/viie-universite-dete-de-linstitut-maimonide-montpellier\/#primaryimage","url":"https:\/\/www.iemj.org\/wp-content\/uploads\/2012\/06\/arton503.jpg","contentUrl":"https:\/\/www.iemj.org\/wp-content\/uploads\/2012\/06\/arton503.jpg","width":185,"height":250},{"@type":"BreadcrumbList","@id":"https:\/\/www.iemj.org\/de\/viie-universite-dete-de-linstitut-maimonide-montpellier\/#breadcrumb","itemListElement":[{"@type":"ListItem","position":1,"name":"Accueil","item":"https:\/\/www.iemj.org\/de\/"},{"@type":"ListItem","position":2,"name":"VII. Sommeruniversit\u00e4t des Institut Maimonides &#8211; Montpellier"}]},{"@type":"WebSite","@id":"https:\/\/www.iemj.org\/de\/#website","url":"https:\/\/www.iemj.org\/de\/","name":"Institut Europ\u00e9en des Musiques Juives","description":"Des traditions musicales \u00e0 la port\u00e9e de tous","publisher":{"@id":"https:\/\/www.iemj.org\/de\/#organization"},"potentialAction":[{"@type":"SearchAction","target":{"@type":"EntryPoint","urlTemplate":"https:\/\/www.iemj.org\/de\/?s={search_term_string}"},"query-input":{"@type":"PropertyValueSpecification","valueRequired":true,"valueName":"search_term_string"}}],"inLanguage":"de"},{"@type":"Organization","@id":"https:\/\/www.iemj.org\/de\/#organization","name":"Institut Europ\u00e9en des Musiques Juives","url":"https:\/\/www.iemj.org\/de\/","logo":{"@type":"ImageObject","inLanguage":"de","@id":"https:\/\/www.iemj.org\/de\/#\/schema\/logo\/image\/","url":"https:\/\/www.iemj.org\/wp-content\/uploads\/2021\/09\/Logo-IEMJ-Paypal.jpg","contentUrl":"https:\/\/www.iemj.org\/wp-content\/uploads\/2021\/09\/Logo-IEMJ-Paypal.jpg","width":150,"height":50,"caption":"Institut Europ\u00e9en des Musiques Juives"},"image":{"@id":"https:\/\/www.iemj.org\/de\/#\/schema\/logo\/image\/"},"sameAs":["https:\/\/www.facebook.com\/MusiquesJuives\/","https:\/\/www.instagram.com\/musiquesjuives\/","https:\/\/www.youtube.com\/user\/musiquesjuives"]},{"@type":"Person","@id":"https:\/\/www.iemj.org\/de\/#\/schema\/person\/906134402c29d5c76e7b726261dd4bbd","name":"Herv\u00e9 Roten","image":{"@type":"ImageObject","inLanguage":"de","@id":"https:\/\/secure.gravatar.com\/avatar\/f96ad2db538a26481f18384936b5cd0610c92d390c4dc382209216d455f685ff?s=96&d=mm&r=g","url":"https:\/\/secure.gravatar.com\/avatar\/f96ad2db538a26481f18384936b5cd0610c92d390c4dc382209216d455f685ff?s=96&d=mm&r=g","contentUrl":"https:\/\/secure.gravatar.com\/avatar\/f96ad2db538a26481f18384936b5cd0610c92d390c4dc382209216d455f685ff?s=96&d=mm&r=g","caption":"Herv\u00e9 Roten"}}]}},"_links":{"self":[{"href":"https:\/\/www.iemj.org\/de\/wp-json\/wp\/v2\/posts\/108288","targetHints":{"allow":["GET"]}}],"collection":[{"href":"https:\/\/www.iemj.org\/de\/wp-json\/wp\/v2\/posts"}],"about":[{"href":"https:\/\/www.iemj.org\/de\/wp-json\/wp\/v2\/types\/post"}],"author":[{"embeddable":true,"href":"https:\/\/www.iemj.org\/de\/wp-json\/wp\/v2\/users\/1045"}],"replies":[{"embeddable":true,"href":"https:\/\/www.iemj.org\/de\/wp-json\/wp\/v2\/comments?post=108288"}],"version-history":[{"count":0,"href":"https:\/\/www.iemj.org\/de\/wp-json\/wp\/v2\/posts\/108288\/revisions"}],"wp:featuredmedia":[{"embeddable":true,"href":"https:\/\/www.iemj.org\/de\/wp-json\/wp\/v2\/media\/108289"}],"wp:attachment":[{"href":"https:\/\/www.iemj.org\/de\/wp-json\/wp\/v2\/media?parent=108288"}],"wp:term":[{"taxonomy":"category","embeddable":true,"href":"https:\/\/www.iemj.org\/de\/wp-json\/wp\/v2\/categories?post=108288"},{"taxonomy":"post_tag","embeddable":true,"href":"https:\/\/www.iemj.org\/de\/wp-json\/wp\/v2\/tags?post=108288"},{"taxonomy":"technique","embeddable":true,"href":"https:\/\/www.iemj.org\/de\/wp-json\/wp\/v2\/technique?post=108288"},{"taxonomy":"squelettes","embeddable":true,"href":"https:\/\/www.iemj.org\/de\/wp-json\/wp\/v2\/squelettes?post=108288"},{"taxonomy":"sujet","embeddable":true,"href":"https:\/\/www.iemj.org\/de\/wp-json\/wp\/v2\/sujet?post=108288"},{"taxonomy":"formation","embeddable":true,"href":"https:\/\/www.iemj.org\/de\/wp-json\/wp\/v2\/formation?post=108288"},{"taxonomy":"genre","embeddable":true,"href":"https:\/\/www.iemj.org\/de\/wp-json\/wp\/v2\/genre?post=108288"},{"taxonomy":"fonds","embeddable":true,"href":"https:\/\/www.iemj.org\/de\/wp-json\/wp\/v2\/fonds?post=108288"},{"taxonomy":"tradition","embeddable":true,"href":"https:\/\/www.iemj.org\/de\/wp-json\/wp\/v2\/tradition?post=108288"},{"taxonomy":"type-de-contenu","embeddable":true,"href":"https:\/\/www.iemj.org\/de\/wp-json\/wp\/v2\/type-de-contenu?post=108288"},{"taxonomy":"interprete-compositeur","embeddable":true,"href":"https:\/\/www.iemj.org\/de\/wp-json\/wp\/v2\/interprete-compositeur?post=108288"},{"taxonomy":"frise","embeddable":true,"href":"https:\/\/www.iemj.org\/de\/wp-json\/wp\/v2\/frise?post=108288"},{"taxonomy":"type-devenement","embeddable":true,"href":"https:\/\/www.iemj.org\/de\/wp-json\/wp\/v2\/type-devenement?post=108288"},{"taxonomy":"tableaux-liens-externes","embeddable":true,"href":"https:\/\/www.iemj.org\/de\/wp-json\/wp\/v2\/tableaux-liens-externes?post=108288"}],"curies":[{"name":"wp","href":"https:\/\/api.w.org\/{rel}","templated":true}]}}