{"id":108313,"date":"2012-06-07T18:19:37","date_gmt":"2012-06-07T16:19:37","guid":{"rendered":"https:\/\/www.iemj.org\/norbert-glanzberg-son-manege-a-lui\/"},"modified":"2024-01-29T14:53:41","modified_gmt":"2024-01-29T13:53:41","slug":"norbert-glanzberg-son-manege-a-lui","status":"publish","type":"post","link":"https:\/\/www.iemj.org\/de\/norbert-glanzberg-son-manege-a-lui\/","title":{"rendered":"Norbert Glanzberg, sein &#8222;eigenes Karussell&#8220;"},"content":{"rendered":"<p class=\"post_excerpt\"><strong>MITTWOCH, 13. JUNI 2012, 15.00 Uhr &#8211; MAIRIE DU 4e &#8211; 2, PLACE BAUDOYER- 75004 PARIS<\/strong><\/p>\n<p><!--more--><br \/>\n<strong>Im Rahmen des Festivals der J\u00fcdischen Kulturen freuen sich der ESVK und der FSJU, Sie zum musikalischen Vortrag von Serge Glanzberg einzuladen:<\/strong><\/p>\n<p><strong>NORBERT GLANZBERG, SEIN EIGENES MANEGE<\/strong><\/p>\n<p style=\"text-align: left;\">Der in Galizien geborene j\u00fcdische Komponist und Musiker Norbert Glanzberg floh 1933 aus Nazi-Deutschland nach Frankreich. Als Klavierbegleiter von Variet\u00e9stars wurde er durch seine Filmmusik und seine popul\u00e4ren Chansons ber\u00fchmt, die u. a. von Edith Piaf (Padam Padam, Padam, Mon man\u00e8ge \u00e0 moi [Mein eigenes Karussell]), Yves Montand (Moi j&#8217;m&#8217;en fous, Les grands boulevards), Henri Salvador und Ren\u00e9e Lebas&#8230; gesungen wurden.<\/p>\n<figure id=\"attachment_4836\" aria-describedby=\"caption-attachment-4836\" style=\"width: 200px\" class=\"wp-caption alignright\"><img fetchpriority=\"high\" decoding=\"async\" class=\"wp-image-4836 size-full\" title=\"Norbert Glanzberg\" src=\"https:\/\/www.iemj.org\/wp-content\/uploads\/2012\/06\/norbert_glanzberg_02.jpg\" alt=\"Norbert Glanzberg\" width=\"200\" height=\"300\" align=\"left\" \/><figcaption id=\"caption-attachment-4836\" class=\"wp-caption-text\">Norbert Glanzberg<\/figcaption><\/figure>\n<p style=\"text-align: left;\">Mehr als zehn Jahre nach seinem Tod sind Glanzbergs Lieder immer noch in aller Munde. Weniger bekannt sind seine klassischen Werke, die ab den 1980er Jahren entstanden, wie die Jiddische Suite, die Holocaust Songs und Holocaust Lieders.<\/p>\n<p>Dieser Vortrag, der durch seltenes Videomaterial und viel Musik illustriert wird, zeigt die vielen Facetten eines Komponisten, Melodiker und Klaviervirtuosen, dessen Werk und Leben vom tragischen Schicksal des j\u00fcdischen Volkes w\u00e4hrend der dunklen Jahre des Nationalsozialismus gepr\u00e4gt war.<br \/>\nEine spannende Geschichte, die von Serge Glanzberg, dem Sohn von Norbert Glanzberg, in Bildern und mit Musik erz\u00e4hlt wird.<\/p>\n<p><strong>Preis: 5 \u20ac; CFMJ-Mitglieder: Einladung nach vorheriger Reservierung unter 09 77 71 96 57.<\/strong><br \/>\n<a href=\"https:\/\/www.iemj.org\/wp-content\/uploads\/2012\/06\/magazine_festival_2012_webmail_ok.pdf\" target=\"_blank\" rel=\"noopener\">Magazin des Festivals der J\u00fcdischen Kulturen 2012<\/a><\/p>\n","protected":false},"excerpt":{"rendered":"<p>MITTWOCH, 13. JUNI 2012, 15.00 Uhr &#8211; MAIRIE DU 4e &#8211; 2, PLACE BAUDOYER- 75004 PARIS<\/p>\n","protected":false},"author":1045,"featured_media":108314,"comment_status":"closed","ping_status":"open","sticky":false,"template":"","format":"standard","meta":{"_acf_changed":false,"footnotes":""},"categories":[1382,1370],"tags":[3420],"technique":[],"squelettes":[],"sujet":[],"formation":[],"genre":[],"fonds":[],"tradition":[],"type-de-contenu":[],"interprete-compositeur":[],"frise":[],"type-devenement":[],"tableaux-liens-externes":[],"class_list":["post-108313","post","type-post","status-publish","format-standard","has-post-thumbnail","hentry","category-kurse-konferenzen-de","category-veranstaltungen-de","tag-partner-veranstaltungen-de"],"acf":[],"yoast_head":"<!-- This site is optimized with the Yoast SEO plugin v27.3 - https:\/\/yoast.com\/product\/yoast-seo-wordpress\/ -->\n<title>Norbert Glanzberg, sein &quot;eigenes Karussell&quot; - Institut Europ\u00e9en des Musiques Juives<\/title>\n<meta name=\"robots\" content=\"index, follow, max-snippet:-1, max-image-preview:large, max-video-preview:-1\" \/>\n<link rel=\"canonical\" href=\"https:\/\/www.iemj.org\/de\/norbert-glanzberg-son-manege-a-lui\/\" \/>\n<meta property=\"og:locale\" content=\"de_DE\" \/>\n<meta property=\"og:type\" content=\"article\" \/>\n<meta property=\"og:title\" content=\"Norbert Glanzberg, sein &quot;eigenes Karussell&quot; - Institut Europ\u00e9en des Musiques Juives\" \/>\n<meta property=\"og:description\" content=\"MITTWOCH, 13. JUNI 2012, 15.00 Uhr &#8211; MAIRIE DU 4e &#8211; 2, PLACE BAUDOYER- 75004 PARIS\" \/>\n<meta property=\"og:url\" content=\"https:\/\/www.iemj.org\/de\/norbert-glanzberg-son-manege-a-lui\/\" \/>\n<meta property=\"og:site_name\" content=\"Institut Europ\u00e9en des Musiques Juives\" \/>\n<meta property=\"article:publisher\" content=\"https:\/\/www.facebook.com\/MusiquesJuives\/\" \/>\n<meta property=\"article:published_time\" content=\"2012-06-07T16:19:37+00:00\" \/>\n<meta property=\"article:modified_time\" content=\"2024-01-29T13:53:41+00:00\" \/>\n<meta property=\"og:image\" content=\"https:\/\/www.iemj.org\/wp-content\/uploads\/2012\/06\/arton500-e1620118355690.jpg\" \/>\n\t<meta property=\"og:image:width\" content=\"350\" \/>\n\t<meta property=\"og:image:height\" content=\"515\" \/>\n\t<meta property=\"og:image:type\" content=\"image\/jpeg\" \/>\n<meta name=\"author\" content=\"Herv\u00e9 Roten\" \/>\n<meta name=\"twitter:card\" content=\"summary_large_image\" \/>\n<meta name=\"twitter:label1\" content=\"Verfasst von\" \/>\n\t<meta name=\"twitter:data1\" content=\"Herv\u00e9 Roten\" \/>\n\t<meta name=\"twitter:label2\" content=\"Gesch\u00e4tzte Lesezeit\" \/>\n\t<meta name=\"twitter:data2\" content=\"2\u00a0Minuten\" \/>\n<script type=\"application\/ld+json\" class=\"yoast-schema-graph\">{\"@context\":\"https:\\\/\\\/schema.org\",\"@graph\":[{\"@type\":\"Article\",\"@id\":\"https:\\\/\\\/www.iemj.org\\\/de\\\/norbert-glanzberg-son-manege-a-lui\\\/#article\",\"isPartOf\":{\"@id\":\"https:\\\/\\\/www.iemj.org\\\/de\\\/norbert-glanzberg-son-manege-a-lui\\\/\"},\"author\":{\"name\":\"Herv\u00e9 Roten\",\"@id\":\"https:\\\/\\\/www.iemj.org\\\/de\\\/#\\\/schema\\\/person\\\/906134402c29d5c76e7b726261dd4bbd\"},\"headline\":\"Norbert Glanzberg, sein &#8222;eigenes Karussell&#8220;\",\"datePublished\":\"2012-06-07T16:19:37+00:00\",\"dateModified\":\"2024-01-29T13:53:41+00:00\",\"mainEntityOfPage\":{\"@id\":\"https:\\\/\\\/www.iemj.org\\\/de\\\/norbert-glanzberg-son-manege-a-lui\\\/\"},\"wordCount\":232,\"publisher\":{\"@id\":\"https:\\\/\\\/www.iemj.org\\\/de\\\/#organization\"},\"image\":{\"@id\":\"https:\\\/\\\/www.iemj.org\\\/de\\\/norbert-glanzberg-son-manege-a-lui\\\/#primaryimage\"},\"thumbnailUrl\":\"https:\\\/\\\/www.iemj.org\\\/wp-content\\\/uploads\\\/2012\\\/06\\\/arton500-e1620118355690.jpg\",\"keywords\":[\"Partner-Veranstaltungen\"],\"articleSection\":[\"Kurse \\\/ Konferenzen\",\"Veranstaltungen\"],\"inLanguage\":\"de\"},{\"@type\":\"WebPage\",\"@id\":\"https:\\\/\\\/www.iemj.org\\\/de\\\/norbert-glanzberg-son-manege-a-lui\\\/\",\"url\":\"https:\\\/\\\/www.iemj.org\\\/de\\\/norbert-glanzberg-son-manege-a-lui\\\/\",\"name\":\"Norbert Glanzberg, sein \\\"eigenes Karussell\\\" - Institut Europ\u00e9en des Musiques Juives\",\"isPartOf\":{\"@id\":\"https:\\\/\\\/www.iemj.org\\\/de\\\/#website\"},\"primaryImageOfPage\":{\"@id\":\"https:\\\/\\\/www.iemj.org\\\/de\\\/norbert-glanzberg-son-manege-a-lui\\\/#primaryimage\"},\"image\":{\"@id\":\"https:\\\/\\\/www.iemj.org\\\/de\\\/norbert-glanzberg-son-manege-a-lui\\\/#primaryimage\"},\"thumbnailUrl\":\"https:\\\/\\\/www.iemj.org\\\/wp-content\\\/uploads\\\/2012\\\/06\\\/arton500-e1620118355690.jpg\",\"datePublished\":\"2012-06-07T16:19:37+00:00\",\"dateModified\":\"2024-01-29T13:53:41+00:00\",\"breadcrumb\":{\"@id\":\"https:\\\/\\\/www.iemj.org\\\/de\\\/norbert-glanzberg-son-manege-a-lui\\\/#breadcrumb\"},\"inLanguage\":\"de\",\"potentialAction\":[{\"@type\":\"ReadAction\",\"target\":[\"https:\\\/\\\/www.iemj.org\\\/de\\\/norbert-glanzberg-son-manege-a-lui\\\/\"]}]},{\"@type\":\"ImageObject\",\"inLanguage\":\"de\",\"@id\":\"https:\\\/\\\/www.iemj.org\\\/de\\\/norbert-glanzberg-son-manege-a-lui\\\/#primaryimage\",\"url\":\"https:\\\/\\\/www.iemj.org\\\/wp-content\\\/uploads\\\/2012\\\/06\\\/arton500-e1620118355690.jpg\",\"contentUrl\":\"https:\\\/\\\/www.iemj.org\\\/wp-content\\\/uploads\\\/2012\\\/06\\\/arton500-e1620118355690.jpg\",\"width\":350,\"height\":515},{\"@type\":\"BreadcrumbList\",\"@id\":\"https:\\\/\\\/www.iemj.org\\\/de\\\/norbert-glanzberg-son-manege-a-lui\\\/#breadcrumb\",\"itemListElement\":[{\"@type\":\"ListItem\",\"position\":1,\"name\":\"Accueil\",\"item\":\"https:\\\/\\\/www.iemj.org\\\/de\\\/\"},{\"@type\":\"ListItem\",\"position\":2,\"name\":\"Norbert Glanzberg, sein &#8222;eigenes Karussell&#8220;\"}]},{\"@type\":\"WebSite\",\"@id\":\"https:\\\/\\\/www.iemj.org\\\/de\\\/#website\",\"url\":\"https:\\\/\\\/www.iemj.org\\\/de\\\/\",\"name\":\"Institut Europ\u00e9en des Musiques Juives\",\"description\":\"Des traditions musicales \u00e0 la port\u00e9e de tous\",\"publisher\":{\"@id\":\"https:\\\/\\\/www.iemj.org\\\/de\\\/#organization\"},\"potentialAction\":[{\"@type\":\"SearchAction\",\"target\":{\"@type\":\"EntryPoint\",\"urlTemplate\":\"https:\\\/\\\/www.iemj.org\\\/de\\\/?s={search_term_string}\"},\"query-input\":{\"@type\":\"PropertyValueSpecification\",\"valueRequired\":true,\"valueName\":\"search_term_string\"}}],\"inLanguage\":\"de\"},{\"@type\":\"Organization\",\"@id\":\"https:\\\/\\\/www.iemj.org\\\/de\\\/#organization\",\"name\":\"Institut Europ\u00e9en des Musiques Juives\",\"url\":\"https:\\\/\\\/www.iemj.org\\\/de\\\/\",\"logo\":{\"@type\":\"ImageObject\",\"inLanguage\":\"de\",\"@id\":\"https:\\\/\\\/www.iemj.org\\\/de\\\/#\\\/schema\\\/logo\\\/image\\\/\",\"url\":\"https:\\\/\\\/www.iemj.org\\\/wp-content\\\/uploads\\\/2021\\\/09\\\/Logo-IEMJ-Paypal.jpg\",\"contentUrl\":\"https:\\\/\\\/www.iemj.org\\\/wp-content\\\/uploads\\\/2021\\\/09\\\/Logo-IEMJ-Paypal.jpg\",\"width\":150,\"height\":50,\"caption\":\"Institut Europ\u00e9en des Musiques Juives\"},\"image\":{\"@id\":\"https:\\\/\\\/www.iemj.org\\\/de\\\/#\\\/schema\\\/logo\\\/image\\\/\"},\"sameAs\":[\"https:\\\/\\\/www.facebook.com\\\/MusiquesJuives\\\/\",\"https:\\\/\\\/www.instagram.com\\\/musiquesjuives\\\/\",\"https:\\\/\\\/www.youtube.com\\\/user\\\/musiquesjuives\"]},{\"@type\":\"Person\",\"@id\":\"https:\\\/\\\/www.iemj.org\\\/de\\\/#\\\/schema\\\/person\\\/906134402c29d5c76e7b726261dd4bbd\",\"name\":\"Herv\u00e9 Roten\",\"image\":{\"@type\":\"ImageObject\",\"inLanguage\":\"de\",\"@id\":\"https:\\\/\\\/secure.gravatar.com\\\/avatar\\\/f96ad2db538a26481f18384936b5cd0610c92d390c4dc382209216d455f685ff?s=96&d=mm&r=g\",\"url\":\"https:\\\/\\\/secure.gravatar.com\\\/avatar\\\/f96ad2db538a26481f18384936b5cd0610c92d390c4dc382209216d455f685ff?s=96&d=mm&r=g\",\"contentUrl\":\"https:\\\/\\\/secure.gravatar.com\\\/avatar\\\/f96ad2db538a26481f18384936b5cd0610c92d390c4dc382209216d455f685ff?s=96&d=mm&r=g\",\"caption\":\"Herv\u00e9 Roten\"}}]}<\/script>\n<!-- \/ Yoast SEO plugin. -->","yoast_head_json":{"title":"Norbert Glanzberg, sein \"eigenes Karussell\" - Institut Europ\u00e9en des Musiques Juives","robots":{"index":"index","follow":"follow","max-snippet":"max-snippet:-1","max-image-preview":"max-image-preview:large","max-video-preview":"max-video-preview:-1"},"canonical":"https:\/\/www.iemj.org\/de\/norbert-glanzberg-son-manege-a-lui\/","og_locale":"de_DE","og_type":"article","og_title":"Norbert Glanzberg, sein \"eigenes Karussell\" - Institut Europ\u00e9en des Musiques Juives","og_description":"MITTWOCH, 13. JUNI 2012, 15.00 Uhr &#8211; MAIRIE DU 4e &#8211; 2, PLACE BAUDOYER- 75004 PARIS","og_url":"https:\/\/www.iemj.org\/de\/norbert-glanzberg-son-manege-a-lui\/","og_site_name":"Institut Europ\u00e9en des Musiques Juives","article_publisher":"https:\/\/www.facebook.com\/MusiquesJuives\/","article_published_time":"2012-06-07T16:19:37+00:00","article_modified_time":"2024-01-29T13:53:41+00:00","og_image":[{"width":350,"height":515,"url":"https:\/\/www.iemj.org\/wp-content\/uploads\/2012\/06\/arton500-e1620118355690.jpg","type":"image\/jpeg"}],"author":"Herv\u00e9 Roten","twitter_card":"summary_large_image","twitter_misc":{"Verfasst von":"Herv\u00e9 Roten","Gesch\u00e4tzte Lesezeit":"2\u00a0Minuten"},"schema":{"@context":"https:\/\/schema.org","@graph":[{"@type":"Article","@id":"https:\/\/www.iemj.org\/de\/norbert-glanzberg-son-manege-a-lui\/#article","isPartOf":{"@id":"https:\/\/www.iemj.org\/de\/norbert-glanzberg-son-manege-a-lui\/"},"author":{"name":"Herv\u00e9 Roten","@id":"https:\/\/www.iemj.org\/de\/#\/schema\/person\/906134402c29d5c76e7b726261dd4bbd"},"headline":"Norbert Glanzberg, sein &#8222;eigenes Karussell&#8220;","datePublished":"2012-06-07T16:19:37+00:00","dateModified":"2024-01-29T13:53:41+00:00","mainEntityOfPage":{"@id":"https:\/\/www.iemj.org\/de\/norbert-glanzberg-son-manege-a-lui\/"},"wordCount":232,"publisher":{"@id":"https:\/\/www.iemj.org\/de\/#organization"},"image":{"@id":"https:\/\/www.iemj.org\/de\/norbert-glanzberg-son-manege-a-lui\/#primaryimage"},"thumbnailUrl":"https:\/\/www.iemj.org\/wp-content\/uploads\/2012\/06\/arton500-e1620118355690.jpg","keywords":["Partner-Veranstaltungen"],"articleSection":["Kurse \/ Konferenzen","Veranstaltungen"],"inLanguage":"de"},{"@type":"WebPage","@id":"https:\/\/www.iemj.org\/de\/norbert-glanzberg-son-manege-a-lui\/","url":"https:\/\/www.iemj.org\/de\/norbert-glanzberg-son-manege-a-lui\/","name":"Norbert Glanzberg, sein \"eigenes Karussell\" - Institut Europ\u00e9en des Musiques Juives","isPartOf":{"@id":"https:\/\/www.iemj.org\/de\/#website"},"primaryImageOfPage":{"@id":"https:\/\/www.iemj.org\/de\/norbert-glanzberg-son-manege-a-lui\/#primaryimage"},"image":{"@id":"https:\/\/www.iemj.org\/de\/norbert-glanzberg-son-manege-a-lui\/#primaryimage"},"thumbnailUrl":"https:\/\/www.iemj.org\/wp-content\/uploads\/2012\/06\/arton500-e1620118355690.jpg","datePublished":"2012-06-07T16:19:37+00:00","dateModified":"2024-01-29T13:53:41+00:00","breadcrumb":{"@id":"https:\/\/www.iemj.org\/de\/norbert-glanzberg-son-manege-a-lui\/#breadcrumb"},"inLanguage":"de","potentialAction":[{"@type":"ReadAction","target":["https:\/\/www.iemj.org\/de\/norbert-glanzberg-son-manege-a-lui\/"]}]},{"@type":"ImageObject","inLanguage":"de","@id":"https:\/\/www.iemj.org\/de\/norbert-glanzberg-son-manege-a-lui\/#primaryimage","url":"https:\/\/www.iemj.org\/wp-content\/uploads\/2012\/06\/arton500-e1620118355690.jpg","contentUrl":"https:\/\/www.iemj.org\/wp-content\/uploads\/2012\/06\/arton500-e1620118355690.jpg","width":350,"height":515},{"@type":"BreadcrumbList","@id":"https:\/\/www.iemj.org\/de\/norbert-glanzberg-son-manege-a-lui\/#breadcrumb","itemListElement":[{"@type":"ListItem","position":1,"name":"Accueil","item":"https:\/\/www.iemj.org\/de\/"},{"@type":"ListItem","position":2,"name":"Norbert Glanzberg, sein &#8222;eigenes Karussell&#8220;"}]},{"@type":"WebSite","@id":"https:\/\/www.iemj.org\/de\/#website","url":"https:\/\/www.iemj.org\/de\/","name":"Institut Europ\u00e9en des Musiques Juives","description":"Des traditions musicales \u00e0 la port\u00e9e de tous","publisher":{"@id":"https:\/\/www.iemj.org\/de\/#organization"},"potentialAction":[{"@type":"SearchAction","target":{"@type":"EntryPoint","urlTemplate":"https:\/\/www.iemj.org\/de\/?s={search_term_string}"},"query-input":{"@type":"PropertyValueSpecification","valueRequired":true,"valueName":"search_term_string"}}],"inLanguage":"de"},{"@type":"Organization","@id":"https:\/\/www.iemj.org\/de\/#organization","name":"Institut Europ\u00e9en des Musiques Juives","url":"https:\/\/www.iemj.org\/de\/","logo":{"@type":"ImageObject","inLanguage":"de","@id":"https:\/\/www.iemj.org\/de\/#\/schema\/logo\/image\/","url":"https:\/\/www.iemj.org\/wp-content\/uploads\/2021\/09\/Logo-IEMJ-Paypal.jpg","contentUrl":"https:\/\/www.iemj.org\/wp-content\/uploads\/2021\/09\/Logo-IEMJ-Paypal.jpg","width":150,"height":50,"caption":"Institut Europ\u00e9en des Musiques Juives"},"image":{"@id":"https:\/\/www.iemj.org\/de\/#\/schema\/logo\/image\/"},"sameAs":["https:\/\/www.facebook.com\/MusiquesJuives\/","https:\/\/www.instagram.com\/musiquesjuives\/","https:\/\/www.youtube.com\/user\/musiquesjuives"]},{"@type":"Person","@id":"https:\/\/www.iemj.org\/de\/#\/schema\/person\/906134402c29d5c76e7b726261dd4bbd","name":"Herv\u00e9 Roten","image":{"@type":"ImageObject","inLanguage":"de","@id":"https:\/\/secure.gravatar.com\/avatar\/f96ad2db538a26481f18384936b5cd0610c92d390c4dc382209216d455f685ff?s=96&d=mm&r=g","url":"https:\/\/secure.gravatar.com\/avatar\/f96ad2db538a26481f18384936b5cd0610c92d390c4dc382209216d455f685ff?s=96&d=mm&r=g","contentUrl":"https:\/\/secure.gravatar.com\/avatar\/f96ad2db538a26481f18384936b5cd0610c92d390c4dc382209216d455f685ff?s=96&d=mm&r=g","caption":"Herv\u00e9 Roten"}}]}},"_links":{"self":[{"href":"https:\/\/www.iemj.org\/de\/wp-json\/wp\/v2\/posts\/108313","targetHints":{"allow":["GET"]}}],"collection":[{"href":"https:\/\/www.iemj.org\/de\/wp-json\/wp\/v2\/posts"}],"about":[{"href":"https:\/\/www.iemj.org\/de\/wp-json\/wp\/v2\/types\/post"}],"author":[{"embeddable":true,"href":"https:\/\/www.iemj.org\/de\/wp-json\/wp\/v2\/users\/1045"}],"replies":[{"embeddable":true,"href":"https:\/\/www.iemj.org\/de\/wp-json\/wp\/v2\/comments?post=108313"}],"version-history":[{"count":0,"href":"https:\/\/www.iemj.org\/de\/wp-json\/wp\/v2\/posts\/108313\/revisions"}],"wp:featuredmedia":[{"embeddable":true,"href":"https:\/\/www.iemj.org\/de\/wp-json\/wp\/v2\/media\/108314"}],"wp:attachment":[{"href":"https:\/\/www.iemj.org\/de\/wp-json\/wp\/v2\/media?parent=108313"}],"wp:term":[{"taxonomy":"category","embeddable":true,"href":"https:\/\/www.iemj.org\/de\/wp-json\/wp\/v2\/categories?post=108313"},{"taxonomy":"post_tag","embeddable":true,"href":"https:\/\/www.iemj.org\/de\/wp-json\/wp\/v2\/tags?post=108313"},{"taxonomy":"technique","embeddable":true,"href":"https:\/\/www.iemj.org\/de\/wp-json\/wp\/v2\/technique?post=108313"},{"taxonomy":"squelettes","embeddable":true,"href":"https:\/\/www.iemj.org\/de\/wp-json\/wp\/v2\/squelettes?post=108313"},{"taxonomy":"sujet","embeddable":true,"href":"https:\/\/www.iemj.org\/de\/wp-json\/wp\/v2\/sujet?post=108313"},{"taxonomy":"formation","embeddable":true,"href":"https:\/\/www.iemj.org\/de\/wp-json\/wp\/v2\/formation?post=108313"},{"taxonomy":"genre","embeddable":true,"href":"https:\/\/www.iemj.org\/de\/wp-json\/wp\/v2\/genre?post=108313"},{"taxonomy":"fonds","embeddable":true,"href":"https:\/\/www.iemj.org\/de\/wp-json\/wp\/v2\/fonds?post=108313"},{"taxonomy":"tradition","embeddable":true,"href":"https:\/\/www.iemj.org\/de\/wp-json\/wp\/v2\/tradition?post=108313"},{"taxonomy":"type-de-contenu","embeddable":true,"href":"https:\/\/www.iemj.org\/de\/wp-json\/wp\/v2\/type-de-contenu?post=108313"},{"taxonomy":"interprete-compositeur","embeddable":true,"href":"https:\/\/www.iemj.org\/de\/wp-json\/wp\/v2\/interprete-compositeur?post=108313"},{"taxonomy":"frise","embeddable":true,"href":"https:\/\/www.iemj.org\/de\/wp-json\/wp\/v2\/frise?post=108313"},{"taxonomy":"type-devenement","embeddable":true,"href":"https:\/\/www.iemj.org\/de\/wp-json\/wp\/v2\/type-devenement?post=108313"},{"taxonomy":"tableaux-liens-externes","embeddable":true,"href":"https:\/\/www.iemj.org\/de\/wp-json\/wp\/v2\/tableaux-liens-externes?post=108313"}],"curies":[{"name":"wp","href":"https:\/\/api.w.org\/{rel}","templated":true}]}}