{"id":108337,"date":"2012-02-07T18:36:00","date_gmt":"2012-02-07T17:36:00","guid":{"rendered":"https:\/\/www.iemj.org\/chants-judeo-comtadins-pardes\/"},"modified":"2024-01-30T12:20:24","modified_gmt":"2024-01-30T11:20:24","slug":"chants-judeo-comtadins-pardes","status":"publish","type":"post","link":"https:\/\/www.iemj.org\/de\/chants-judeo-comtadins-pardes\/","title":{"rendered":"J\u00fcdisch-komtadinische Lieder pardes (aus dem &#8218;Paradies&#8216;)"},"content":{"rendered":"<p><strong>SAMSTAG, 18. FEBRUAR 2012 um 20.45 Uhr<\/strong><br \/>\n<strong>und SONNTAG, 19. FEBRUAR 2012 um 16 Uhr.<\/strong><\/p>\n<p><strong>Espace Rachi &#8211; 39, rue Broca 75005 PARIS<\/strong><\/p>\n<p><!--more--><br \/>\nIm Verlauf der Jahrhunderte ihrer Pr\u00e4senz in S\u00fcdfrankreich, die bis in die Antike zur\u00fcckreicht, haben die alten j\u00fcdischen Gemeinden der Provence in Symbiose mit ihrer Umgebung eine Kultur und eine Lebenskunst entwickelt, von der noch viele Spuren erhalten sind, vor allem in ihrer Musik.<br \/>\nEine Musik zum Feiern und Zusammenkommen, eine Musik mit der Sonne, wie das Gastland, in der man unterschwellig die orientalische Nacht findet.<br \/>\nDie j\u00fcdisch-provenzalische Musik, die an der Schnittstelle zwischen Spanien, Italien und Nordeuropa entstanden ist, vermittelt die kontrastreichsten Einfl\u00fcsse. Man findet hier gl\u00fccklich und subtil die Kl\u00e4nge des Andalusiens der drei Kulturen, des italienischen Barocks und des franz\u00f6sischen Mittelalters, alles unter okzitanischer F\u00fchrung&#8230;<br \/>\nEs ist dieses unver\u00f6ffentlichte Repertoire des in Vergessenheit geratenen musikalischen Erbes der provenzalischen Diaspora, das Nekouda wieder ans Licht bringt.<\/p>\n<p>Corinne Drai: Gesang &#8211; Alain Huet: Gesang, Oud, Klarinette &#8211; Ga\u00ebl Ascaso: Galoubet und Tamburin &#8211; Pierre-Laurent Bertolino: Drehleier &#8211; Thomas Bourgeois: Percussion.<\/p>\n<p>Reservierungen unter 01 43 31 93 60 oder http:\/\/www.culture-juive.fr\/<\/p>\n<p>Konzert in Partnerschaft mit dem Centre Fran\u00e7ais des musiques juives (Franz\u00f6sisches Zentrum f\u00fcr j\u00fcdische Musik).<br \/>\nVoller Tarif: 20 Euro &#8211; Erm\u00e4\u00dfigter Tarif (darunter CFMJ-Mitglieder): 15 Euro<\/p>\n<p><strong style=\"font-size: revert; background-color: var(--bs-body-bg); color: var(--bs-body-color); font-family: var(--bs-body-font-family); text-align: var(--bs-body-text-align);\">Konzert in Partnerschaft mit dem Centre Fran\u00e7ais des Musiques Juives<br \/>\nVoller Tarif: 20 Euro &#8211; Erm\u00e4\u00dfigter Tarif (darunter CFMJ-Mitglieder): 15 Euros<\/strong><\/p>\n<p><a href=\"https:\/\/www.iemj.org\/de\/nekouda-musique-judeo-provencale\/\" target=\"_blank\" rel=\"noopener\">Ausz\u00fcge aus der CD Musique jud\u00e9o-proven\u00e7ale des Ensembles Nekouda anh\u00f6ren<\/a><\/p>\n<p><a href=\"https:\/\/www.iemj.org\/wp-content\/uploads\/2012\/02\/flyer_nekouda.pdf\" target=\"_blank\" rel=\"noopener\">Flyer Nekouda-Konzert vom 18. und 19. Februar 2012<\/a><\/p>\n","protected":false},"excerpt":{"rendered":"<p>SAMSTAG, 18. FEBRUAR 2012 um 20.45 Uhr und SONNTAG, 19. FEBRUAR 2012 um 16 Uhr. Espace Rachi &#8211; 39, rue Broca 75005 PARIS<\/p>\n","protected":false},"author":1045,"featured_media":108338,"comment_status":"closed","ping_status":"open","sticky":false,"template":"","format":"standard","meta":{"_acf_changed":false,"footnotes":""},"categories":[1378,1370],"tags":[3420],"technique":[],"squelettes":[],"sujet":[],"formation":[],"genre":[],"fonds":[],"tradition":[],"type-de-contenu":[],"interprete-compositeur":[],"frise":[],"type-devenement":[],"tableaux-liens-externes":[],"class_list":["post-108337","post","type-post","status-publish","format-standard","has-post-thumbnail","hentry","category-konzerte-veranstaltungen-de","category-veranstaltungen-de","tag-partner-veranstaltungen-de"],"acf":[],"yoast_head":"<!-- This site is optimized with the Yoast SEO plugin v27.3 - https:\/\/yoast.com\/product\/yoast-seo-wordpress\/ -->\n<title>J\u00fcdisch-komtadinische Lieder pardes (aus dem &#039;Paradies&#039;) - Institut Europ\u00e9en des Musiques Juives<\/title>\n<meta name=\"robots\" content=\"index, follow, max-snippet:-1, max-image-preview:large, max-video-preview:-1\" \/>\n<link rel=\"canonical\" href=\"https:\/\/www.iemj.org\/de\/chants-judeo-comtadins-pardes\/\" \/>\n<meta property=\"og:locale\" content=\"de_DE\" \/>\n<meta property=\"og:type\" content=\"article\" \/>\n<meta property=\"og:title\" content=\"J\u00fcdisch-komtadinische Lieder pardes (aus dem &#039;Paradies&#039;) - Institut Europ\u00e9en des Musiques Juives\" \/>\n<meta property=\"og:description\" content=\"SAMSTAG, 18. FEBRUAR 2012 um 20.45 Uhr und SONNTAG, 19. FEBRUAR 2012 um 16 Uhr. Espace Rachi &#8211; 39, rue Broca 75005 PARIS\" \/>\n<meta property=\"og:url\" content=\"https:\/\/www.iemj.org\/de\/chants-judeo-comtadins-pardes\/\" \/>\n<meta property=\"og:site_name\" content=\"Institut Europ\u00e9en des Musiques Juives\" \/>\n<meta property=\"article:publisher\" content=\"https:\/\/www.facebook.com\/MusiquesJuives\/\" \/>\n<meta property=\"article:published_time\" content=\"2012-02-07T17:36:00+00:00\" \/>\n<meta property=\"article:modified_time\" content=\"2024-01-30T11:20:24+00:00\" \/>\n<meta property=\"og:image\" content=\"https:\/\/www.iemj.org\/wp-content\/uploads\/2012\/02\/arton409.jpg\" \/>\n\t<meta property=\"og:image:width\" content=\"300\" \/>\n\t<meta property=\"og:image:height\" content=\"412\" \/>\n\t<meta property=\"og:image:type\" content=\"image\/jpeg\" \/>\n<meta name=\"author\" content=\"Herv\u00e9 Roten\" \/>\n<meta name=\"twitter:card\" content=\"summary_large_image\" \/>\n<meta name=\"twitter:label1\" content=\"Verfasst von\" \/>\n\t<meta name=\"twitter:data1\" content=\"Herv\u00e9 Roten\" \/>\n\t<meta name=\"twitter:label2\" content=\"Gesch\u00e4tzte Lesezeit\" \/>\n\t<meta name=\"twitter:data2\" content=\"2\u00a0Minuten\" \/>\n<script type=\"application\/ld+json\" class=\"yoast-schema-graph\">{\"@context\":\"https:\\\/\\\/schema.org\",\"@graph\":[{\"@type\":\"Article\",\"@id\":\"https:\\\/\\\/www.iemj.org\\\/de\\\/chants-judeo-comtadins-pardes\\\/#article\",\"isPartOf\":{\"@id\":\"https:\\\/\\\/www.iemj.org\\\/de\\\/chants-judeo-comtadins-pardes\\\/\"},\"author\":{\"name\":\"Herv\u00e9 Roten\",\"@id\":\"https:\\\/\\\/www.iemj.org\\\/de\\\/#\\\/schema\\\/person\\\/906134402c29d5c76e7b726261dd4bbd\"},\"headline\":\"J\u00fcdisch-komtadinische Lieder pardes (aus dem &#8218;Paradies&#8216;)\",\"datePublished\":\"2012-02-07T17:36:00+00:00\",\"dateModified\":\"2024-01-30T11:20:24+00:00\",\"mainEntityOfPage\":{\"@id\":\"https:\\\/\\\/www.iemj.org\\\/de\\\/chants-judeo-comtadins-pardes\\\/\"},\"wordCount\":261,\"publisher\":{\"@id\":\"https:\\\/\\\/www.iemj.org\\\/de\\\/#organization\"},\"image\":{\"@id\":\"https:\\\/\\\/www.iemj.org\\\/de\\\/chants-judeo-comtadins-pardes\\\/#primaryimage\"},\"thumbnailUrl\":\"https:\\\/\\\/www.iemj.org\\\/wp-content\\\/uploads\\\/2012\\\/02\\\/arton409.jpg\",\"keywords\":[\"Partner-Veranstaltungen\"],\"articleSection\":[\"Konzerte\",\"Veranstaltungen\"],\"inLanguage\":\"de\"},{\"@type\":\"WebPage\",\"@id\":\"https:\\\/\\\/www.iemj.org\\\/de\\\/chants-judeo-comtadins-pardes\\\/\",\"url\":\"https:\\\/\\\/www.iemj.org\\\/de\\\/chants-judeo-comtadins-pardes\\\/\",\"name\":\"J\u00fcdisch-komtadinische Lieder pardes (aus dem 'Paradies') - Institut Europ\u00e9en des Musiques Juives\",\"isPartOf\":{\"@id\":\"https:\\\/\\\/www.iemj.org\\\/de\\\/#website\"},\"primaryImageOfPage\":{\"@id\":\"https:\\\/\\\/www.iemj.org\\\/de\\\/chants-judeo-comtadins-pardes\\\/#primaryimage\"},\"image\":{\"@id\":\"https:\\\/\\\/www.iemj.org\\\/de\\\/chants-judeo-comtadins-pardes\\\/#primaryimage\"},\"thumbnailUrl\":\"https:\\\/\\\/www.iemj.org\\\/wp-content\\\/uploads\\\/2012\\\/02\\\/arton409.jpg\",\"datePublished\":\"2012-02-07T17:36:00+00:00\",\"dateModified\":\"2024-01-30T11:20:24+00:00\",\"breadcrumb\":{\"@id\":\"https:\\\/\\\/www.iemj.org\\\/de\\\/chants-judeo-comtadins-pardes\\\/#breadcrumb\"},\"inLanguage\":\"de\",\"potentialAction\":[{\"@type\":\"ReadAction\",\"target\":[\"https:\\\/\\\/www.iemj.org\\\/de\\\/chants-judeo-comtadins-pardes\\\/\"]}]},{\"@type\":\"ImageObject\",\"inLanguage\":\"de\",\"@id\":\"https:\\\/\\\/www.iemj.org\\\/de\\\/chants-judeo-comtadins-pardes\\\/#primaryimage\",\"url\":\"https:\\\/\\\/www.iemj.org\\\/wp-content\\\/uploads\\\/2012\\\/02\\\/arton409.jpg\",\"contentUrl\":\"https:\\\/\\\/www.iemj.org\\\/wp-content\\\/uploads\\\/2012\\\/02\\\/arton409.jpg\",\"width\":300,\"height\":412},{\"@type\":\"BreadcrumbList\",\"@id\":\"https:\\\/\\\/www.iemj.org\\\/de\\\/chants-judeo-comtadins-pardes\\\/#breadcrumb\",\"itemListElement\":[{\"@type\":\"ListItem\",\"position\":1,\"name\":\"Accueil\",\"item\":\"https:\\\/\\\/www.iemj.org\\\/de\\\/\"},{\"@type\":\"ListItem\",\"position\":2,\"name\":\"J\u00fcdisch-komtadinische Lieder pardes (aus dem &#8218;Paradies&#8216;)\"}]},{\"@type\":\"WebSite\",\"@id\":\"https:\\\/\\\/www.iemj.org\\\/de\\\/#website\",\"url\":\"https:\\\/\\\/www.iemj.org\\\/de\\\/\",\"name\":\"Institut Europ\u00e9en des Musiques Juives\",\"description\":\"Des traditions musicales \u00e0 la port\u00e9e de tous\",\"publisher\":{\"@id\":\"https:\\\/\\\/www.iemj.org\\\/de\\\/#organization\"},\"potentialAction\":[{\"@type\":\"SearchAction\",\"target\":{\"@type\":\"EntryPoint\",\"urlTemplate\":\"https:\\\/\\\/www.iemj.org\\\/de\\\/?s={search_term_string}\"},\"query-input\":{\"@type\":\"PropertyValueSpecification\",\"valueRequired\":true,\"valueName\":\"search_term_string\"}}],\"inLanguage\":\"de\"},{\"@type\":\"Organization\",\"@id\":\"https:\\\/\\\/www.iemj.org\\\/de\\\/#organization\",\"name\":\"Institut Europ\u00e9en des Musiques Juives\",\"url\":\"https:\\\/\\\/www.iemj.org\\\/de\\\/\",\"logo\":{\"@type\":\"ImageObject\",\"inLanguage\":\"de\",\"@id\":\"https:\\\/\\\/www.iemj.org\\\/de\\\/#\\\/schema\\\/logo\\\/image\\\/\",\"url\":\"https:\\\/\\\/www.iemj.org\\\/wp-content\\\/uploads\\\/2021\\\/09\\\/Logo-IEMJ-Paypal.jpg\",\"contentUrl\":\"https:\\\/\\\/www.iemj.org\\\/wp-content\\\/uploads\\\/2021\\\/09\\\/Logo-IEMJ-Paypal.jpg\",\"width\":150,\"height\":50,\"caption\":\"Institut Europ\u00e9en des Musiques Juives\"},\"image\":{\"@id\":\"https:\\\/\\\/www.iemj.org\\\/de\\\/#\\\/schema\\\/logo\\\/image\\\/\"},\"sameAs\":[\"https:\\\/\\\/www.facebook.com\\\/MusiquesJuives\\\/\",\"https:\\\/\\\/www.instagram.com\\\/musiquesjuives\\\/\",\"https:\\\/\\\/www.youtube.com\\\/user\\\/musiquesjuives\"]},{\"@type\":\"Person\",\"@id\":\"https:\\\/\\\/www.iemj.org\\\/de\\\/#\\\/schema\\\/person\\\/906134402c29d5c76e7b726261dd4bbd\",\"name\":\"Herv\u00e9 Roten\",\"image\":{\"@type\":\"ImageObject\",\"inLanguage\":\"de\",\"@id\":\"https:\\\/\\\/secure.gravatar.com\\\/avatar\\\/f96ad2db538a26481f18384936b5cd0610c92d390c4dc382209216d455f685ff?s=96&d=mm&r=g\",\"url\":\"https:\\\/\\\/secure.gravatar.com\\\/avatar\\\/f96ad2db538a26481f18384936b5cd0610c92d390c4dc382209216d455f685ff?s=96&d=mm&r=g\",\"contentUrl\":\"https:\\\/\\\/secure.gravatar.com\\\/avatar\\\/f96ad2db538a26481f18384936b5cd0610c92d390c4dc382209216d455f685ff?s=96&d=mm&r=g\",\"caption\":\"Herv\u00e9 Roten\"}}]}<\/script>\n<!-- \/ Yoast SEO plugin. -->","yoast_head_json":{"title":"J\u00fcdisch-komtadinische Lieder pardes (aus dem 'Paradies') - Institut Europ\u00e9en des Musiques Juives","robots":{"index":"index","follow":"follow","max-snippet":"max-snippet:-1","max-image-preview":"max-image-preview:large","max-video-preview":"max-video-preview:-1"},"canonical":"https:\/\/www.iemj.org\/de\/chants-judeo-comtadins-pardes\/","og_locale":"de_DE","og_type":"article","og_title":"J\u00fcdisch-komtadinische Lieder pardes (aus dem 'Paradies') - Institut Europ\u00e9en des Musiques Juives","og_description":"SAMSTAG, 18. FEBRUAR 2012 um 20.45 Uhr und SONNTAG, 19. FEBRUAR 2012 um 16 Uhr. Espace Rachi &#8211; 39, rue Broca 75005 PARIS","og_url":"https:\/\/www.iemj.org\/de\/chants-judeo-comtadins-pardes\/","og_site_name":"Institut Europ\u00e9en des Musiques Juives","article_publisher":"https:\/\/www.facebook.com\/MusiquesJuives\/","article_published_time":"2012-02-07T17:36:00+00:00","article_modified_time":"2024-01-30T11:20:24+00:00","og_image":[{"width":300,"height":412,"url":"https:\/\/www.iemj.org\/wp-content\/uploads\/2012\/02\/arton409.jpg","type":"image\/jpeg"}],"author":"Herv\u00e9 Roten","twitter_card":"summary_large_image","twitter_misc":{"Verfasst von":"Herv\u00e9 Roten","Gesch\u00e4tzte Lesezeit":"2\u00a0Minuten"},"schema":{"@context":"https:\/\/schema.org","@graph":[{"@type":"Article","@id":"https:\/\/www.iemj.org\/de\/chants-judeo-comtadins-pardes\/#article","isPartOf":{"@id":"https:\/\/www.iemj.org\/de\/chants-judeo-comtadins-pardes\/"},"author":{"name":"Herv\u00e9 Roten","@id":"https:\/\/www.iemj.org\/de\/#\/schema\/person\/906134402c29d5c76e7b726261dd4bbd"},"headline":"J\u00fcdisch-komtadinische Lieder pardes (aus dem &#8218;Paradies&#8216;)","datePublished":"2012-02-07T17:36:00+00:00","dateModified":"2024-01-30T11:20:24+00:00","mainEntityOfPage":{"@id":"https:\/\/www.iemj.org\/de\/chants-judeo-comtadins-pardes\/"},"wordCount":261,"publisher":{"@id":"https:\/\/www.iemj.org\/de\/#organization"},"image":{"@id":"https:\/\/www.iemj.org\/de\/chants-judeo-comtadins-pardes\/#primaryimage"},"thumbnailUrl":"https:\/\/www.iemj.org\/wp-content\/uploads\/2012\/02\/arton409.jpg","keywords":["Partner-Veranstaltungen"],"articleSection":["Konzerte","Veranstaltungen"],"inLanguage":"de"},{"@type":"WebPage","@id":"https:\/\/www.iemj.org\/de\/chants-judeo-comtadins-pardes\/","url":"https:\/\/www.iemj.org\/de\/chants-judeo-comtadins-pardes\/","name":"J\u00fcdisch-komtadinische Lieder pardes (aus dem 'Paradies') - Institut Europ\u00e9en des Musiques Juives","isPartOf":{"@id":"https:\/\/www.iemj.org\/de\/#website"},"primaryImageOfPage":{"@id":"https:\/\/www.iemj.org\/de\/chants-judeo-comtadins-pardes\/#primaryimage"},"image":{"@id":"https:\/\/www.iemj.org\/de\/chants-judeo-comtadins-pardes\/#primaryimage"},"thumbnailUrl":"https:\/\/www.iemj.org\/wp-content\/uploads\/2012\/02\/arton409.jpg","datePublished":"2012-02-07T17:36:00+00:00","dateModified":"2024-01-30T11:20:24+00:00","breadcrumb":{"@id":"https:\/\/www.iemj.org\/de\/chants-judeo-comtadins-pardes\/#breadcrumb"},"inLanguage":"de","potentialAction":[{"@type":"ReadAction","target":["https:\/\/www.iemj.org\/de\/chants-judeo-comtadins-pardes\/"]}]},{"@type":"ImageObject","inLanguage":"de","@id":"https:\/\/www.iemj.org\/de\/chants-judeo-comtadins-pardes\/#primaryimage","url":"https:\/\/www.iemj.org\/wp-content\/uploads\/2012\/02\/arton409.jpg","contentUrl":"https:\/\/www.iemj.org\/wp-content\/uploads\/2012\/02\/arton409.jpg","width":300,"height":412},{"@type":"BreadcrumbList","@id":"https:\/\/www.iemj.org\/de\/chants-judeo-comtadins-pardes\/#breadcrumb","itemListElement":[{"@type":"ListItem","position":1,"name":"Accueil","item":"https:\/\/www.iemj.org\/de\/"},{"@type":"ListItem","position":2,"name":"J\u00fcdisch-komtadinische Lieder pardes (aus dem &#8218;Paradies&#8216;)"}]},{"@type":"WebSite","@id":"https:\/\/www.iemj.org\/de\/#website","url":"https:\/\/www.iemj.org\/de\/","name":"Institut Europ\u00e9en des Musiques Juives","description":"Des traditions musicales \u00e0 la port\u00e9e de tous","publisher":{"@id":"https:\/\/www.iemj.org\/de\/#organization"},"potentialAction":[{"@type":"SearchAction","target":{"@type":"EntryPoint","urlTemplate":"https:\/\/www.iemj.org\/de\/?s={search_term_string}"},"query-input":{"@type":"PropertyValueSpecification","valueRequired":true,"valueName":"search_term_string"}}],"inLanguage":"de"},{"@type":"Organization","@id":"https:\/\/www.iemj.org\/de\/#organization","name":"Institut Europ\u00e9en des Musiques Juives","url":"https:\/\/www.iemj.org\/de\/","logo":{"@type":"ImageObject","inLanguage":"de","@id":"https:\/\/www.iemj.org\/de\/#\/schema\/logo\/image\/","url":"https:\/\/www.iemj.org\/wp-content\/uploads\/2021\/09\/Logo-IEMJ-Paypal.jpg","contentUrl":"https:\/\/www.iemj.org\/wp-content\/uploads\/2021\/09\/Logo-IEMJ-Paypal.jpg","width":150,"height":50,"caption":"Institut Europ\u00e9en des Musiques Juives"},"image":{"@id":"https:\/\/www.iemj.org\/de\/#\/schema\/logo\/image\/"},"sameAs":["https:\/\/www.facebook.com\/MusiquesJuives\/","https:\/\/www.instagram.com\/musiquesjuives\/","https:\/\/www.youtube.com\/user\/musiquesjuives"]},{"@type":"Person","@id":"https:\/\/www.iemj.org\/de\/#\/schema\/person\/906134402c29d5c76e7b726261dd4bbd","name":"Herv\u00e9 Roten","image":{"@type":"ImageObject","inLanguage":"de","@id":"https:\/\/secure.gravatar.com\/avatar\/f96ad2db538a26481f18384936b5cd0610c92d390c4dc382209216d455f685ff?s=96&d=mm&r=g","url":"https:\/\/secure.gravatar.com\/avatar\/f96ad2db538a26481f18384936b5cd0610c92d390c4dc382209216d455f685ff?s=96&d=mm&r=g","contentUrl":"https:\/\/secure.gravatar.com\/avatar\/f96ad2db538a26481f18384936b5cd0610c92d390c4dc382209216d455f685ff?s=96&d=mm&r=g","caption":"Herv\u00e9 Roten"}}]}},"_links":{"self":[{"href":"https:\/\/www.iemj.org\/de\/wp-json\/wp\/v2\/posts\/108337","targetHints":{"allow":["GET"]}}],"collection":[{"href":"https:\/\/www.iemj.org\/de\/wp-json\/wp\/v2\/posts"}],"about":[{"href":"https:\/\/www.iemj.org\/de\/wp-json\/wp\/v2\/types\/post"}],"author":[{"embeddable":true,"href":"https:\/\/www.iemj.org\/de\/wp-json\/wp\/v2\/users\/1045"}],"replies":[{"embeddable":true,"href":"https:\/\/www.iemj.org\/de\/wp-json\/wp\/v2\/comments?post=108337"}],"version-history":[{"count":0,"href":"https:\/\/www.iemj.org\/de\/wp-json\/wp\/v2\/posts\/108337\/revisions"}],"wp:featuredmedia":[{"embeddable":true,"href":"https:\/\/www.iemj.org\/de\/wp-json\/wp\/v2\/media\/108338"}],"wp:attachment":[{"href":"https:\/\/www.iemj.org\/de\/wp-json\/wp\/v2\/media?parent=108337"}],"wp:term":[{"taxonomy":"category","embeddable":true,"href":"https:\/\/www.iemj.org\/de\/wp-json\/wp\/v2\/categories?post=108337"},{"taxonomy":"post_tag","embeddable":true,"href":"https:\/\/www.iemj.org\/de\/wp-json\/wp\/v2\/tags?post=108337"},{"taxonomy":"technique","embeddable":true,"href":"https:\/\/www.iemj.org\/de\/wp-json\/wp\/v2\/technique?post=108337"},{"taxonomy":"squelettes","embeddable":true,"href":"https:\/\/www.iemj.org\/de\/wp-json\/wp\/v2\/squelettes?post=108337"},{"taxonomy":"sujet","embeddable":true,"href":"https:\/\/www.iemj.org\/de\/wp-json\/wp\/v2\/sujet?post=108337"},{"taxonomy":"formation","embeddable":true,"href":"https:\/\/www.iemj.org\/de\/wp-json\/wp\/v2\/formation?post=108337"},{"taxonomy":"genre","embeddable":true,"href":"https:\/\/www.iemj.org\/de\/wp-json\/wp\/v2\/genre?post=108337"},{"taxonomy":"fonds","embeddable":true,"href":"https:\/\/www.iemj.org\/de\/wp-json\/wp\/v2\/fonds?post=108337"},{"taxonomy":"tradition","embeddable":true,"href":"https:\/\/www.iemj.org\/de\/wp-json\/wp\/v2\/tradition?post=108337"},{"taxonomy":"type-de-contenu","embeddable":true,"href":"https:\/\/www.iemj.org\/de\/wp-json\/wp\/v2\/type-de-contenu?post=108337"},{"taxonomy":"interprete-compositeur","embeddable":true,"href":"https:\/\/www.iemj.org\/de\/wp-json\/wp\/v2\/interprete-compositeur?post=108337"},{"taxonomy":"frise","embeddable":true,"href":"https:\/\/www.iemj.org\/de\/wp-json\/wp\/v2\/frise?post=108337"},{"taxonomy":"type-devenement","embeddable":true,"href":"https:\/\/www.iemj.org\/de\/wp-json\/wp\/v2\/type-devenement?post=108337"},{"taxonomy":"tableaux-liens-externes","embeddable":true,"href":"https:\/\/www.iemj.org\/de\/wp-json\/wp\/v2\/tableaux-liens-externes?post=108337"}],"curies":[{"name":"wp","href":"https:\/\/api.w.org\/{rel}","templated":true}]}}