{"id":108365,"date":"2011-11-11T19:55:00","date_gmt":"2011-11-11T18:55:00","guid":{"rendered":"https:\/\/www.iemj.org\/concert-kaddish\/"},"modified":"2024-01-29T16:08:16","modified_gmt":"2024-01-29T15:08:16","slug":"concert-kaddish","status":"publish","type":"post","link":"https:\/\/www.iemj.org\/de\/concert-kaddish\/","title":{"rendered":"Kaddisch-Konzert"},"content":{"rendered":"<p><strong>SONNTAG, 27. NOVEMBER 2011, 18.00 Uhr<\/strong><\/p>\n<p><strong>MITTWOCH, 30. NOVEMBER 2011, 20:30 Uhr<\/strong><\/p>\n<p><strong>Union Lib\u00e9rale Isra\u00e9lite de France &#8211; 24 rue Copernic &#8211; 75116 Paris<\/strong><\/p>\n<p><!--more--><\/p>\n<p>Das Centre Fran\u00e7ais des Musiques Juives und die vier liberalen j\u00fcdischen Gemeinden von Paris (ULIF, MJLF, CJL, KG) laden Sie zu einem speziellen Kaddisch-Konzert ein.<\/p>\n<p>Bei dieser Gelegenheit werden mehr als 15 musikalische Versionen dieses grundlegenden Gebets der j\u00fcdischen Liturgie aufgef\u00fchrt: fr\u00f6hliches Kaddisch, chassidisches Kaddisch, majest\u00e4tisches Kaddisch&#8230; Die Musik des Kaddisch ist niemals &#8222;traurig&#8220;!<\/p>\n<p>Auf dem Programm stehen:<\/p>\n<ul>\n<li>Kaddisch aus der europ\u00e4ischen liturgischen Tradition: Jules Franck, Emile Jonas, Salamone Rossi, Ita\u00ef Daniel<\/li>\n<\/ul>\n<ul>\n<li>Kaddisch von nordamerikanischen Komponisten und Kantoren des 20. Jahrhunderts: Morris Barsh, Meir Finkelstein, Max Helfman, Sid Robinovitch, Sholom Secunda, Ralph Schlossberg, Leibele Waldman, Lazar Weiner<\/li>\n<\/ul>\n<ul>\n<li>F\u00fcr das Konzert komponierte Kaddishs: Werke von Maurice Ravel, Graciane Finzi, Olivier Greif.<br \/>\nund zwei Werke in Welturauff\u00fchrung :<\/li>\n<li>\u00ab Paris Kaddish 2011 \u00bb von Charles Z. Bornstein, f\u00fcr Chor, Orgel, Klavier, Harfe, Streichquintett und 4 Gesangssolisten.<\/li>\n<li>Kaddish von Jean-Fran\u00e7ois Zygel, f\u00fcr Violoncello und Klavier<\/li>\n<\/ul>\n<p>Diesem Konzert wird eine Einf\u00fchrung von Rabbiner Stephen Berkowitz (MJLF) vorausgehen, der das Kaddisch-Gebet in seiner historischen, liturgischen und musikalischen Dimension vorstellen wird.<\/p>\n<p>Preis der Pl\u00e4tze: 25 \u20ac.<\/p>\n<p>Mitglieder CFMJ, ULIF, MJLF, CJL, KG, Aleph-Karte (MAHJ), Studierende: 20 \u20ac (Mitgliedskarte ist am Eingang des Konzerts vorzuzeigen).<\/p>\n<p>NEU! Online-Ticketing: <a href=\"http:\/\/www.ulif.org\">www.ulif.org<\/a> oder telefonisch: 01 47 04 37 27<\/p>\n","protected":false},"excerpt":{"rendered":"<p>SONNTAG, 27. NOVEMBER 2011, 18.00 Uhr MITTWOCH, 30. NOVEMBER 2011, 20:30 Uhr Union Lib\u00e9rale Isra\u00e9lite de France &#8211; 24 rue Copernic &#8211; 75116 Paris<\/p>\n","protected":false},"author":1045,"featured_media":108366,"comment_status":"closed","ping_status":"open","sticky":false,"template":"","format":"standard","meta":{"_acf_changed":false,"footnotes":""},"categories":[1378,1370],"tags":[3420],"technique":[],"squelettes":[],"sujet":[],"formation":[],"genre":[],"fonds":[],"tradition":[],"type-de-contenu":[],"interprete-compositeur":[],"frise":[],"type-devenement":[],"tableaux-liens-externes":[],"class_list":["post-108365","post","type-post","status-publish","format-standard","has-post-thumbnail","hentry","category-konzerte-veranstaltungen-de","category-veranstaltungen-de","tag-partner-veranstaltungen-de"],"acf":[],"yoast_head":"<!-- This site is optimized with the Yoast SEO plugin v27.3 - https:\/\/yoast.com\/product\/yoast-seo-wordpress\/ -->\n<title>Kaddisch-Konzert - Institut Europ\u00e9en des Musiques Juives<\/title>\n<meta name=\"robots\" content=\"index, follow, max-snippet:-1, max-image-preview:large, max-video-preview:-1\" \/>\n<link rel=\"canonical\" href=\"https:\/\/www.iemj.org\/de\/concert-kaddish\/\" \/>\n<meta property=\"og:locale\" content=\"de_DE\" \/>\n<meta property=\"og:type\" content=\"article\" \/>\n<meta property=\"og:title\" content=\"Kaddisch-Konzert - Institut Europ\u00e9en des Musiques Juives\" \/>\n<meta property=\"og:description\" content=\"SONNTAG, 27. NOVEMBER 2011, 18.00 Uhr MITTWOCH, 30. NOVEMBER 2011, 20:30 Uhr Union Lib\u00e9rale Isra\u00e9lite de France &#8211; 24 rue Copernic &#8211; 75116 Paris\" \/>\n<meta property=\"og:url\" content=\"https:\/\/www.iemj.org\/de\/concert-kaddish\/\" \/>\n<meta property=\"og:site_name\" content=\"Institut Europ\u00e9en des Musiques Juives\" \/>\n<meta property=\"article:publisher\" content=\"https:\/\/www.facebook.com\/MusiquesJuives\/\" \/>\n<meta property=\"article:published_time\" content=\"2011-11-11T18:55:00+00:00\" \/>\n<meta property=\"article:modified_time\" content=\"2024-01-29T15:08:16+00:00\" \/>\n<meta property=\"og:image\" content=\"https:\/\/www.iemj.org\/wp-content\/uploads\/2011\/11\/arton336-e1620119243988.jpg\" \/>\n\t<meta property=\"og:image:width\" content=\"350\" \/>\n\t<meta property=\"og:image:height\" content=\"280\" \/>\n\t<meta property=\"og:image:type\" content=\"image\/jpeg\" \/>\n<meta name=\"author\" content=\"Herv\u00e9 Roten\" \/>\n<meta name=\"twitter:card\" content=\"summary_large_image\" \/>\n<meta name=\"twitter:label1\" content=\"Verfasst von\" \/>\n\t<meta name=\"twitter:data1\" content=\"Herv\u00e9 Roten\" \/>\n\t<meta name=\"twitter:label2\" content=\"Gesch\u00e4tzte Lesezeit\" \/>\n\t<meta name=\"twitter:data2\" content=\"2\u00a0Minuten\" \/>\n<script type=\"application\/ld+json\" class=\"yoast-schema-graph\">{\"@context\":\"https:\\\/\\\/schema.org\",\"@graph\":[{\"@type\":\"Article\",\"@id\":\"https:\\\/\\\/www.iemj.org\\\/de\\\/concert-kaddish\\\/#article\",\"isPartOf\":{\"@id\":\"https:\\\/\\\/www.iemj.org\\\/de\\\/concert-kaddish\\\/\"},\"author\":{\"name\":\"Herv\u00e9 Roten\",\"@id\":\"https:\\\/\\\/www.iemj.org\\\/de\\\/#\\\/schema\\\/person\\\/906134402c29d5c76e7b726261dd4bbd\"},\"headline\":\"Kaddisch-Konzert\",\"datePublished\":\"2011-11-11T18:55:00+00:00\",\"dateModified\":\"2024-01-29T15:08:16+00:00\",\"mainEntityOfPage\":{\"@id\":\"https:\\\/\\\/www.iemj.org\\\/de\\\/concert-kaddish\\\/\"},\"wordCount\":217,\"publisher\":{\"@id\":\"https:\\\/\\\/www.iemj.org\\\/de\\\/#organization\"},\"image\":{\"@id\":\"https:\\\/\\\/www.iemj.org\\\/de\\\/concert-kaddish\\\/#primaryimage\"},\"thumbnailUrl\":\"https:\\\/\\\/www.iemj.org\\\/wp-content\\\/uploads\\\/2011\\\/11\\\/arton336-e1620119243988.jpg\",\"keywords\":[\"Partner-Veranstaltungen\"],\"articleSection\":[\"Konzerte\",\"Veranstaltungen\"],\"inLanguage\":\"de\"},{\"@type\":\"WebPage\",\"@id\":\"https:\\\/\\\/www.iemj.org\\\/de\\\/concert-kaddish\\\/\",\"url\":\"https:\\\/\\\/www.iemj.org\\\/de\\\/concert-kaddish\\\/\",\"name\":\"Kaddisch-Konzert - Institut Europ\u00e9en des Musiques Juives\",\"isPartOf\":{\"@id\":\"https:\\\/\\\/www.iemj.org\\\/de\\\/#website\"},\"primaryImageOfPage\":{\"@id\":\"https:\\\/\\\/www.iemj.org\\\/de\\\/concert-kaddish\\\/#primaryimage\"},\"image\":{\"@id\":\"https:\\\/\\\/www.iemj.org\\\/de\\\/concert-kaddish\\\/#primaryimage\"},\"thumbnailUrl\":\"https:\\\/\\\/www.iemj.org\\\/wp-content\\\/uploads\\\/2011\\\/11\\\/arton336-e1620119243988.jpg\",\"datePublished\":\"2011-11-11T18:55:00+00:00\",\"dateModified\":\"2024-01-29T15:08:16+00:00\",\"breadcrumb\":{\"@id\":\"https:\\\/\\\/www.iemj.org\\\/de\\\/concert-kaddish\\\/#breadcrumb\"},\"inLanguage\":\"de\",\"potentialAction\":[{\"@type\":\"ReadAction\",\"target\":[\"https:\\\/\\\/www.iemj.org\\\/de\\\/concert-kaddish\\\/\"]}]},{\"@type\":\"ImageObject\",\"inLanguage\":\"de\",\"@id\":\"https:\\\/\\\/www.iemj.org\\\/de\\\/concert-kaddish\\\/#primaryimage\",\"url\":\"https:\\\/\\\/www.iemj.org\\\/wp-content\\\/uploads\\\/2011\\\/11\\\/arton336-e1620119243988.jpg\",\"contentUrl\":\"https:\\\/\\\/www.iemj.org\\\/wp-content\\\/uploads\\\/2011\\\/11\\\/arton336-e1620119243988.jpg\",\"width\":350,\"height\":280},{\"@type\":\"BreadcrumbList\",\"@id\":\"https:\\\/\\\/www.iemj.org\\\/de\\\/concert-kaddish\\\/#breadcrumb\",\"itemListElement\":[{\"@type\":\"ListItem\",\"position\":1,\"name\":\"Accueil\",\"item\":\"https:\\\/\\\/www.iemj.org\\\/de\\\/\"},{\"@type\":\"ListItem\",\"position\":2,\"name\":\"Kaddisch-Konzert\"}]},{\"@type\":\"WebSite\",\"@id\":\"https:\\\/\\\/www.iemj.org\\\/de\\\/#website\",\"url\":\"https:\\\/\\\/www.iemj.org\\\/de\\\/\",\"name\":\"Institut Europ\u00e9en des Musiques Juives\",\"description\":\"Des traditions musicales \u00e0 la port\u00e9e de tous\",\"publisher\":{\"@id\":\"https:\\\/\\\/www.iemj.org\\\/de\\\/#organization\"},\"potentialAction\":[{\"@type\":\"SearchAction\",\"target\":{\"@type\":\"EntryPoint\",\"urlTemplate\":\"https:\\\/\\\/www.iemj.org\\\/de\\\/?s={search_term_string}\"},\"query-input\":{\"@type\":\"PropertyValueSpecification\",\"valueRequired\":true,\"valueName\":\"search_term_string\"}}],\"inLanguage\":\"de\"},{\"@type\":\"Organization\",\"@id\":\"https:\\\/\\\/www.iemj.org\\\/de\\\/#organization\",\"name\":\"Institut Europ\u00e9en des Musiques Juives\",\"url\":\"https:\\\/\\\/www.iemj.org\\\/de\\\/\",\"logo\":{\"@type\":\"ImageObject\",\"inLanguage\":\"de\",\"@id\":\"https:\\\/\\\/www.iemj.org\\\/de\\\/#\\\/schema\\\/logo\\\/image\\\/\",\"url\":\"https:\\\/\\\/www.iemj.org\\\/wp-content\\\/uploads\\\/2021\\\/09\\\/Logo-IEMJ-Paypal.jpg\",\"contentUrl\":\"https:\\\/\\\/www.iemj.org\\\/wp-content\\\/uploads\\\/2021\\\/09\\\/Logo-IEMJ-Paypal.jpg\",\"width\":150,\"height\":50,\"caption\":\"Institut Europ\u00e9en des Musiques Juives\"},\"image\":{\"@id\":\"https:\\\/\\\/www.iemj.org\\\/de\\\/#\\\/schema\\\/logo\\\/image\\\/\"},\"sameAs\":[\"https:\\\/\\\/www.facebook.com\\\/MusiquesJuives\\\/\",\"https:\\\/\\\/www.instagram.com\\\/musiquesjuives\\\/\",\"https:\\\/\\\/www.youtube.com\\\/user\\\/musiquesjuives\"]},{\"@type\":\"Person\",\"@id\":\"https:\\\/\\\/www.iemj.org\\\/de\\\/#\\\/schema\\\/person\\\/906134402c29d5c76e7b726261dd4bbd\",\"name\":\"Herv\u00e9 Roten\",\"image\":{\"@type\":\"ImageObject\",\"inLanguage\":\"de\",\"@id\":\"https:\\\/\\\/secure.gravatar.com\\\/avatar\\\/f96ad2db538a26481f18384936b5cd0610c92d390c4dc382209216d455f685ff?s=96&d=mm&r=g\",\"url\":\"https:\\\/\\\/secure.gravatar.com\\\/avatar\\\/f96ad2db538a26481f18384936b5cd0610c92d390c4dc382209216d455f685ff?s=96&d=mm&r=g\",\"contentUrl\":\"https:\\\/\\\/secure.gravatar.com\\\/avatar\\\/f96ad2db538a26481f18384936b5cd0610c92d390c4dc382209216d455f685ff?s=96&d=mm&r=g\",\"caption\":\"Herv\u00e9 Roten\"}}]}<\/script>\n<!-- \/ Yoast SEO plugin. -->","yoast_head_json":{"title":"Kaddisch-Konzert - Institut Europ\u00e9en des Musiques Juives","robots":{"index":"index","follow":"follow","max-snippet":"max-snippet:-1","max-image-preview":"max-image-preview:large","max-video-preview":"max-video-preview:-1"},"canonical":"https:\/\/www.iemj.org\/de\/concert-kaddish\/","og_locale":"de_DE","og_type":"article","og_title":"Kaddisch-Konzert - Institut Europ\u00e9en des Musiques Juives","og_description":"SONNTAG, 27. NOVEMBER 2011, 18.00 Uhr MITTWOCH, 30. NOVEMBER 2011, 20:30 Uhr Union Lib\u00e9rale Isra\u00e9lite de France &#8211; 24 rue Copernic &#8211; 75116 Paris","og_url":"https:\/\/www.iemj.org\/de\/concert-kaddish\/","og_site_name":"Institut Europ\u00e9en des Musiques Juives","article_publisher":"https:\/\/www.facebook.com\/MusiquesJuives\/","article_published_time":"2011-11-11T18:55:00+00:00","article_modified_time":"2024-01-29T15:08:16+00:00","og_image":[{"width":350,"height":280,"url":"https:\/\/www.iemj.org\/wp-content\/uploads\/2011\/11\/arton336-e1620119243988.jpg","type":"image\/jpeg"}],"author":"Herv\u00e9 Roten","twitter_card":"summary_large_image","twitter_misc":{"Verfasst von":"Herv\u00e9 Roten","Gesch\u00e4tzte Lesezeit":"2\u00a0Minuten"},"schema":{"@context":"https:\/\/schema.org","@graph":[{"@type":"Article","@id":"https:\/\/www.iemj.org\/de\/concert-kaddish\/#article","isPartOf":{"@id":"https:\/\/www.iemj.org\/de\/concert-kaddish\/"},"author":{"name":"Herv\u00e9 Roten","@id":"https:\/\/www.iemj.org\/de\/#\/schema\/person\/906134402c29d5c76e7b726261dd4bbd"},"headline":"Kaddisch-Konzert","datePublished":"2011-11-11T18:55:00+00:00","dateModified":"2024-01-29T15:08:16+00:00","mainEntityOfPage":{"@id":"https:\/\/www.iemj.org\/de\/concert-kaddish\/"},"wordCount":217,"publisher":{"@id":"https:\/\/www.iemj.org\/de\/#organization"},"image":{"@id":"https:\/\/www.iemj.org\/de\/concert-kaddish\/#primaryimage"},"thumbnailUrl":"https:\/\/www.iemj.org\/wp-content\/uploads\/2011\/11\/arton336-e1620119243988.jpg","keywords":["Partner-Veranstaltungen"],"articleSection":["Konzerte","Veranstaltungen"],"inLanguage":"de"},{"@type":"WebPage","@id":"https:\/\/www.iemj.org\/de\/concert-kaddish\/","url":"https:\/\/www.iemj.org\/de\/concert-kaddish\/","name":"Kaddisch-Konzert - Institut Europ\u00e9en des Musiques Juives","isPartOf":{"@id":"https:\/\/www.iemj.org\/de\/#website"},"primaryImageOfPage":{"@id":"https:\/\/www.iemj.org\/de\/concert-kaddish\/#primaryimage"},"image":{"@id":"https:\/\/www.iemj.org\/de\/concert-kaddish\/#primaryimage"},"thumbnailUrl":"https:\/\/www.iemj.org\/wp-content\/uploads\/2011\/11\/arton336-e1620119243988.jpg","datePublished":"2011-11-11T18:55:00+00:00","dateModified":"2024-01-29T15:08:16+00:00","breadcrumb":{"@id":"https:\/\/www.iemj.org\/de\/concert-kaddish\/#breadcrumb"},"inLanguage":"de","potentialAction":[{"@type":"ReadAction","target":["https:\/\/www.iemj.org\/de\/concert-kaddish\/"]}]},{"@type":"ImageObject","inLanguage":"de","@id":"https:\/\/www.iemj.org\/de\/concert-kaddish\/#primaryimage","url":"https:\/\/www.iemj.org\/wp-content\/uploads\/2011\/11\/arton336-e1620119243988.jpg","contentUrl":"https:\/\/www.iemj.org\/wp-content\/uploads\/2011\/11\/arton336-e1620119243988.jpg","width":350,"height":280},{"@type":"BreadcrumbList","@id":"https:\/\/www.iemj.org\/de\/concert-kaddish\/#breadcrumb","itemListElement":[{"@type":"ListItem","position":1,"name":"Accueil","item":"https:\/\/www.iemj.org\/de\/"},{"@type":"ListItem","position":2,"name":"Kaddisch-Konzert"}]},{"@type":"WebSite","@id":"https:\/\/www.iemj.org\/de\/#website","url":"https:\/\/www.iemj.org\/de\/","name":"Institut Europ\u00e9en des Musiques Juives","description":"Des traditions musicales \u00e0 la port\u00e9e de tous","publisher":{"@id":"https:\/\/www.iemj.org\/de\/#organization"},"potentialAction":[{"@type":"SearchAction","target":{"@type":"EntryPoint","urlTemplate":"https:\/\/www.iemj.org\/de\/?s={search_term_string}"},"query-input":{"@type":"PropertyValueSpecification","valueRequired":true,"valueName":"search_term_string"}}],"inLanguage":"de"},{"@type":"Organization","@id":"https:\/\/www.iemj.org\/de\/#organization","name":"Institut Europ\u00e9en des Musiques Juives","url":"https:\/\/www.iemj.org\/de\/","logo":{"@type":"ImageObject","inLanguage":"de","@id":"https:\/\/www.iemj.org\/de\/#\/schema\/logo\/image\/","url":"https:\/\/www.iemj.org\/wp-content\/uploads\/2021\/09\/Logo-IEMJ-Paypal.jpg","contentUrl":"https:\/\/www.iemj.org\/wp-content\/uploads\/2021\/09\/Logo-IEMJ-Paypal.jpg","width":150,"height":50,"caption":"Institut Europ\u00e9en des Musiques Juives"},"image":{"@id":"https:\/\/www.iemj.org\/de\/#\/schema\/logo\/image\/"},"sameAs":["https:\/\/www.facebook.com\/MusiquesJuives\/","https:\/\/www.instagram.com\/musiquesjuives\/","https:\/\/www.youtube.com\/user\/musiquesjuives"]},{"@type":"Person","@id":"https:\/\/www.iemj.org\/de\/#\/schema\/person\/906134402c29d5c76e7b726261dd4bbd","name":"Herv\u00e9 Roten","image":{"@type":"ImageObject","inLanguage":"de","@id":"https:\/\/secure.gravatar.com\/avatar\/f96ad2db538a26481f18384936b5cd0610c92d390c4dc382209216d455f685ff?s=96&d=mm&r=g","url":"https:\/\/secure.gravatar.com\/avatar\/f96ad2db538a26481f18384936b5cd0610c92d390c4dc382209216d455f685ff?s=96&d=mm&r=g","contentUrl":"https:\/\/secure.gravatar.com\/avatar\/f96ad2db538a26481f18384936b5cd0610c92d390c4dc382209216d455f685ff?s=96&d=mm&r=g","caption":"Herv\u00e9 Roten"}}]}},"_links":{"self":[{"href":"https:\/\/www.iemj.org\/de\/wp-json\/wp\/v2\/posts\/108365","targetHints":{"allow":["GET"]}}],"collection":[{"href":"https:\/\/www.iemj.org\/de\/wp-json\/wp\/v2\/posts"}],"about":[{"href":"https:\/\/www.iemj.org\/de\/wp-json\/wp\/v2\/types\/post"}],"author":[{"embeddable":true,"href":"https:\/\/www.iemj.org\/de\/wp-json\/wp\/v2\/users\/1045"}],"replies":[{"embeddable":true,"href":"https:\/\/www.iemj.org\/de\/wp-json\/wp\/v2\/comments?post=108365"}],"version-history":[{"count":0,"href":"https:\/\/www.iemj.org\/de\/wp-json\/wp\/v2\/posts\/108365\/revisions"}],"wp:featuredmedia":[{"embeddable":true,"href":"https:\/\/www.iemj.org\/de\/wp-json\/wp\/v2\/media\/108366"}],"wp:attachment":[{"href":"https:\/\/www.iemj.org\/de\/wp-json\/wp\/v2\/media?parent=108365"}],"wp:term":[{"taxonomy":"category","embeddable":true,"href":"https:\/\/www.iemj.org\/de\/wp-json\/wp\/v2\/categories?post=108365"},{"taxonomy":"post_tag","embeddable":true,"href":"https:\/\/www.iemj.org\/de\/wp-json\/wp\/v2\/tags?post=108365"},{"taxonomy":"technique","embeddable":true,"href":"https:\/\/www.iemj.org\/de\/wp-json\/wp\/v2\/technique?post=108365"},{"taxonomy":"squelettes","embeddable":true,"href":"https:\/\/www.iemj.org\/de\/wp-json\/wp\/v2\/squelettes?post=108365"},{"taxonomy":"sujet","embeddable":true,"href":"https:\/\/www.iemj.org\/de\/wp-json\/wp\/v2\/sujet?post=108365"},{"taxonomy":"formation","embeddable":true,"href":"https:\/\/www.iemj.org\/de\/wp-json\/wp\/v2\/formation?post=108365"},{"taxonomy":"genre","embeddable":true,"href":"https:\/\/www.iemj.org\/de\/wp-json\/wp\/v2\/genre?post=108365"},{"taxonomy":"fonds","embeddable":true,"href":"https:\/\/www.iemj.org\/de\/wp-json\/wp\/v2\/fonds?post=108365"},{"taxonomy":"tradition","embeddable":true,"href":"https:\/\/www.iemj.org\/de\/wp-json\/wp\/v2\/tradition?post=108365"},{"taxonomy":"type-de-contenu","embeddable":true,"href":"https:\/\/www.iemj.org\/de\/wp-json\/wp\/v2\/type-de-contenu?post=108365"},{"taxonomy":"interprete-compositeur","embeddable":true,"href":"https:\/\/www.iemj.org\/de\/wp-json\/wp\/v2\/interprete-compositeur?post=108365"},{"taxonomy":"frise","embeddable":true,"href":"https:\/\/www.iemj.org\/de\/wp-json\/wp\/v2\/frise?post=108365"},{"taxonomy":"type-devenement","embeddable":true,"href":"https:\/\/www.iemj.org\/de\/wp-json\/wp\/v2\/type-devenement?post=108365"},{"taxonomy":"tableaux-liens-externes","embeddable":true,"href":"https:\/\/www.iemj.org\/de\/wp-json\/wp\/v2\/tableaux-liens-externes?post=108365"}],"curies":[{"name":"wp","href":"https:\/\/api.w.org\/{rel}","templated":true}]}}