{"id":108399,"date":"2010-03-31T15:25:00","date_gmt":"2010-03-31T13:25:00","guid":{"rendered":"https:\/\/www.iemj.org\/musiques-juives-baroques-venise-mantoue-amsterdam-1623-1774\/"},"modified":"2024-01-29T17:24:29","modified_gmt":"2024-01-29T16:24:29","slug":"musiques-juives-baroques-venise-mantoue-amsterdam-1623-1774","status":"publish","type":"post","link":"https:\/\/www.iemj.org\/de\/musiques-juives-baroques-venise-mantoue-amsterdam-1623-1774\/","title":{"rendered":"J\u00fcdische Barockmusik &#8211; Venedig, Mantua, Amsterdam (1623 &#8211; 1774)"},"content":{"rendered":"<p class=\"post_excerpt\">Mittwoch, 14. April 2010, um 20.00 Uhr<br \/>\nDeutsche Evangelische Kirche<br \/>\n25 rue Blanche &#8211; 75009 Paris<\/p>\n<p><!--more--><br \/>\n<a href=\"https:\/\/www.iemj.org\/de\/adler-israel-1925-2009\/\">Israel Adler<\/a>, Gr\u00fcnder der <a href=\"https:\/\/www.iemj.org\/de\/association-yuval\/\" target=\"_blank\" rel=\"noopener\">Yuval Association<\/a>, ist im August 2009 verstorben. Als Mann mit vielen Talenten ist er vor allem f\u00fcr seine Beitr\u00e4ge zur Erforschung des musikalischen Erbes der europ\u00e4ischen j\u00fcdischen Gemeinden vom Mittelalter bis zum Ende des 18. Jahrhunderts bekannt. Am 14. April 2010 wurde ihm in Paris eine musikalische Hommage zuteil, bei der zahlreiche Werke der barocken j\u00fcdischen Musik, zu deren Wiederbelebung er beigetragen hatte, aufgef\u00fchrt wurden.<\/p>\n<p>Werke von <a href=\"https:\/\/www.iemj.org\/de\/rossi-salomone-vers-1570-vers-1630\/\">Salomone Rossi<\/a>, Abraham Caceres, <a href=\"https:\/\/www.iemj.org\/de\/lidarti-cristiano-giuseppe-1730-apres-1793\/\">Guiseppe Lidarti<\/a><\/p>\n<p>Vokalensemble und historische Instrumente unter der Leitung von <strong>David Klein<\/strong><\/p>\n<figure id=\"attachment_2947\" aria-describedby=\"caption-attachment-2947\" style=\"width: 500px\" class=\"wp-caption aligncenter\"><img fetchpriority=\"high\" decoding=\"async\" class=\"wp-image-2947 size-full\" src=\"https:\/\/www.iemj.org\/wp-content\/uploads\/2010\/03\/capture-26.jpg\" alt=\"capture-26.jpg\" width=\"500\" height=\"333\" align=\"center\" \/><figcaption id=\"caption-attachment-2947\" class=\"wp-caption-text\"><strong>Programm des Konzerts<\/strong><\/figcaption><\/figure>\n<p><a href=\"https:\/\/www.iemj.org\/de\/musiques-juives-baroques-venise-mantoue-amsterdam-1623-1774-2\/\"><img decoding=\"async\" class=\"size-full wp-image-2945 aligncenter\" src=\"https:\/\/www.iemj.org\/wp-content\/uploads\/2010\/03\/capture-27.jpg\" alt=\"capture-27.jpg\" width=\"175\" height=\"168\" align=\"right\" \/><\/a><\/p>\n<p><a href=\"https:\/\/www.iemj.org\/de\/musiques-juives-baroques-venise-mantoue-amsterdam-1623-1774-2\/\" target=\"_blank\" rel=\"noopener\">Erfahren Sie mehr und bestellen Sie die vom IEMJ herausgegebene CD Musiques Juives Baroques<\/a><\/p>\n<p><a href=\"https:\/\/www.iemj.org\/de\/concert-musiques-juives-baroques\/\" target=\"_blank\" rel=\"noopener\">Ausschnitte aus dem Konzert ansehen<\/a><br \/>\n<a href=\"https:\/\/www.iemj.org\/de\/concert-musiques-juives-baroques\/\"><img decoding=\"async\" class=\" alignleft size-full wp-image-2949\" src=\"https:\/\/www.iemj.org\/wp-content\/uploads\/2010\/03\/logo_clap_video.jpg\" alt=\"logo_clap_video.jpg\" width=\"90\" height=\"93\" align=\"left\" \/><\/a><\/p>\n","protected":false},"excerpt":{"rendered":"<p>Mittwoch, 14. April 2010, um 20.00 Uhr Deutsche Evangelische Kirche 25 rue Blanche &#8211; 75009 Paris<\/p>\n","protected":false},"author":1045,"featured_media":108400,"comment_status":"closed","ping_status":"open","sticky":false,"template":"","format":"standard","meta":{"_acf_changed":false,"footnotes":""},"categories":[1378,1370],"tags":[],"technique":[],"squelettes":[],"sujet":[],"formation":[],"genre":[1893],"fonds":[],"tradition":[],"type-de-contenu":[],"interprete-compositeur":[],"frise":[],"type-devenement":[],"tableaux-liens-externes":[],"class_list":["post-108399","post","type-post","status-publish","format-standard","has-post-thumbnail","hentry","category-konzerte-veranstaltungen-de","category-veranstaltungen-de","genre-barockmusik-de"],"acf":[],"yoast_head":"<!-- This site is optimized with the Yoast SEO plugin v27.3 - https:\/\/yoast.com\/product\/yoast-seo-wordpress\/ -->\n<title>J\u00fcdische Barockmusik - Venedig, Mantua, Amsterdam (1623 - 1774) - Institut Europ\u00e9en des Musiques Juives<\/title>\n<meta name=\"robots\" content=\"index, follow, max-snippet:-1, max-image-preview:large, max-video-preview:-1\" \/>\n<link rel=\"canonical\" href=\"https:\/\/www.iemj.org\/de\/musiques-juives-baroques-venise-mantoue-amsterdam-1623-1774\/\" \/>\n<meta property=\"og:locale\" content=\"de_DE\" \/>\n<meta property=\"og:type\" content=\"article\" \/>\n<meta property=\"og:title\" content=\"J\u00fcdische Barockmusik - Venedig, Mantua, Amsterdam (1623 - 1774) - Institut Europ\u00e9en des Musiques Juives\" \/>\n<meta property=\"og:description\" content=\"Mittwoch, 14. April 2010, um 20.00 Uhr Deutsche Evangelische Kirche 25 rue Blanche &#8211; 75009 Paris\" \/>\n<meta property=\"og:url\" content=\"https:\/\/www.iemj.org\/de\/musiques-juives-baroques-venise-mantoue-amsterdam-1623-1774\/\" \/>\n<meta property=\"og:site_name\" content=\"Institut Europ\u00e9en des Musiques Juives\" \/>\n<meta property=\"article:publisher\" content=\"https:\/\/www.facebook.com\/MusiquesJuives\/\" \/>\n<meta property=\"article:published_time\" content=\"2010-03-31T13:25:00+00:00\" \/>\n<meta property=\"article:modified_time\" content=\"2024-01-29T16:24:29+00:00\" \/>\n<meta property=\"og:image\" content=\"https:\/\/www.iemj.org\/wp-content\/uploads\/2010\/03\/arton15-e1620120836356.jpg\" \/>\n\t<meta property=\"og:image:width\" content=\"350\" \/>\n\t<meta property=\"og:image:height\" content=\"293\" \/>\n\t<meta property=\"og:image:type\" content=\"image\/jpeg\" \/>\n<meta name=\"author\" content=\"Herv\u00e9 Roten\" \/>\n<meta name=\"twitter:card\" content=\"summary_large_image\" \/>\n<meta name=\"twitter:label1\" content=\"Verfasst von\" \/>\n\t<meta name=\"twitter:data1\" content=\"Herv\u00e9 Roten\" \/>\n\t<meta name=\"twitter:label2\" content=\"Gesch\u00e4tzte Lesezeit\" \/>\n\t<meta name=\"twitter:data2\" content=\"2\u00a0Minuten\" \/>\n<script type=\"application\/ld+json\" class=\"yoast-schema-graph\">{\"@context\":\"https:\\\/\\\/schema.org\",\"@graph\":[{\"@type\":\"Article\",\"@id\":\"https:\\\/\\\/www.iemj.org\\\/de\\\/musiques-juives-baroques-venise-mantoue-amsterdam-1623-1774\\\/#article\",\"isPartOf\":{\"@id\":\"https:\\\/\\\/www.iemj.org\\\/de\\\/musiques-juives-baroques-venise-mantoue-amsterdam-1623-1774\\\/\"},\"author\":{\"name\":\"Herv\u00e9 Roten\",\"@id\":\"https:\\\/\\\/www.iemj.org\\\/de\\\/#\\\/schema\\\/person\\\/906134402c29d5c76e7b726261dd4bbd\"},\"headline\":\"J\u00fcdische Barockmusik &#8211; Venedig, Mantua, Amsterdam (1623 &#8211; 1774)\",\"datePublished\":\"2010-03-31T13:25:00+00:00\",\"dateModified\":\"2024-01-29T16:24:29+00:00\",\"mainEntityOfPage\":{\"@id\":\"https:\\\/\\\/www.iemj.org\\\/de\\\/musiques-juives-baroques-venise-mantoue-amsterdam-1623-1774\\\/\"},\"wordCount\":138,\"publisher\":{\"@id\":\"https:\\\/\\\/www.iemj.org\\\/de\\\/#organization\"},\"image\":{\"@id\":\"https:\\\/\\\/www.iemj.org\\\/de\\\/musiques-juives-baroques-venise-mantoue-amsterdam-1623-1774\\\/#primaryimage\"},\"thumbnailUrl\":\"https:\\\/\\\/www.iemj.org\\\/wp-content\\\/uploads\\\/2010\\\/03\\\/arton15-e1620120836356.jpg\",\"articleSection\":[\"Konzerte\",\"Veranstaltungen\"],\"inLanguage\":\"de\"},{\"@type\":\"WebPage\",\"@id\":\"https:\\\/\\\/www.iemj.org\\\/de\\\/musiques-juives-baroques-venise-mantoue-amsterdam-1623-1774\\\/\",\"url\":\"https:\\\/\\\/www.iemj.org\\\/de\\\/musiques-juives-baroques-venise-mantoue-amsterdam-1623-1774\\\/\",\"name\":\"J\u00fcdische Barockmusik - Venedig, Mantua, Amsterdam (1623 - 1774) - Institut Europ\u00e9en des Musiques Juives\",\"isPartOf\":{\"@id\":\"https:\\\/\\\/www.iemj.org\\\/de\\\/#website\"},\"primaryImageOfPage\":{\"@id\":\"https:\\\/\\\/www.iemj.org\\\/de\\\/musiques-juives-baroques-venise-mantoue-amsterdam-1623-1774\\\/#primaryimage\"},\"image\":{\"@id\":\"https:\\\/\\\/www.iemj.org\\\/de\\\/musiques-juives-baroques-venise-mantoue-amsterdam-1623-1774\\\/#primaryimage\"},\"thumbnailUrl\":\"https:\\\/\\\/www.iemj.org\\\/wp-content\\\/uploads\\\/2010\\\/03\\\/arton15-e1620120836356.jpg\",\"datePublished\":\"2010-03-31T13:25:00+00:00\",\"dateModified\":\"2024-01-29T16:24:29+00:00\",\"breadcrumb\":{\"@id\":\"https:\\\/\\\/www.iemj.org\\\/de\\\/musiques-juives-baroques-venise-mantoue-amsterdam-1623-1774\\\/#breadcrumb\"},\"inLanguage\":\"de\",\"potentialAction\":[{\"@type\":\"ReadAction\",\"target\":[\"https:\\\/\\\/www.iemj.org\\\/de\\\/musiques-juives-baroques-venise-mantoue-amsterdam-1623-1774\\\/\"]}]},{\"@type\":\"ImageObject\",\"inLanguage\":\"de\",\"@id\":\"https:\\\/\\\/www.iemj.org\\\/de\\\/musiques-juives-baroques-venise-mantoue-amsterdam-1623-1774\\\/#primaryimage\",\"url\":\"https:\\\/\\\/www.iemj.org\\\/wp-content\\\/uploads\\\/2010\\\/03\\\/arton15-e1620120836356.jpg\",\"contentUrl\":\"https:\\\/\\\/www.iemj.org\\\/wp-content\\\/uploads\\\/2010\\\/03\\\/arton15-e1620120836356.jpg\",\"width\":350,\"height\":293},{\"@type\":\"BreadcrumbList\",\"@id\":\"https:\\\/\\\/www.iemj.org\\\/de\\\/musiques-juives-baroques-venise-mantoue-amsterdam-1623-1774\\\/#breadcrumb\",\"itemListElement\":[{\"@type\":\"ListItem\",\"position\":1,\"name\":\"Accueil\",\"item\":\"https:\\\/\\\/www.iemj.org\\\/de\\\/\"},{\"@type\":\"ListItem\",\"position\":2,\"name\":\"J\u00fcdische Barockmusik &#8211; Venedig, Mantua, Amsterdam (1623 &#8211; 1774)\"}]},{\"@type\":\"WebSite\",\"@id\":\"https:\\\/\\\/www.iemj.org\\\/de\\\/#website\",\"url\":\"https:\\\/\\\/www.iemj.org\\\/de\\\/\",\"name\":\"Institut Europ\u00e9en des Musiques Juives\",\"description\":\"Des traditions musicales \u00e0 la port\u00e9e de tous\",\"publisher\":{\"@id\":\"https:\\\/\\\/www.iemj.org\\\/de\\\/#organization\"},\"potentialAction\":[{\"@type\":\"SearchAction\",\"target\":{\"@type\":\"EntryPoint\",\"urlTemplate\":\"https:\\\/\\\/www.iemj.org\\\/de\\\/?s={search_term_string}\"},\"query-input\":{\"@type\":\"PropertyValueSpecification\",\"valueRequired\":true,\"valueName\":\"search_term_string\"}}],\"inLanguage\":\"de\"},{\"@type\":\"Organization\",\"@id\":\"https:\\\/\\\/www.iemj.org\\\/de\\\/#organization\",\"name\":\"Institut Europ\u00e9en des Musiques Juives\",\"url\":\"https:\\\/\\\/www.iemj.org\\\/de\\\/\",\"logo\":{\"@type\":\"ImageObject\",\"inLanguage\":\"de\",\"@id\":\"https:\\\/\\\/www.iemj.org\\\/de\\\/#\\\/schema\\\/logo\\\/image\\\/\",\"url\":\"https:\\\/\\\/www.iemj.org\\\/wp-content\\\/uploads\\\/2021\\\/09\\\/Logo-IEMJ-Paypal.jpg\",\"contentUrl\":\"https:\\\/\\\/www.iemj.org\\\/wp-content\\\/uploads\\\/2021\\\/09\\\/Logo-IEMJ-Paypal.jpg\",\"width\":150,\"height\":50,\"caption\":\"Institut Europ\u00e9en des Musiques Juives\"},\"image\":{\"@id\":\"https:\\\/\\\/www.iemj.org\\\/de\\\/#\\\/schema\\\/logo\\\/image\\\/\"},\"sameAs\":[\"https:\\\/\\\/www.facebook.com\\\/MusiquesJuives\\\/\",\"https:\\\/\\\/www.instagram.com\\\/musiquesjuives\\\/\",\"https:\\\/\\\/www.youtube.com\\\/user\\\/musiquesjuives\"]},{\"@type\":\"Person\",\"@id\":\"https:\\\/\\\/www.iemj.org\\\/de\\\/#\\\/schema\\\/person\\\/906134402c29d5c76e7b726261dd4bbd\",\"name\":\"Herv\u00e9 Roten\",\"image\":{\"@type\":\"ImageObject\",\"inLanguage\":\"de\",\"@id\":\"https:\\\/\\\/secure.gravatar.com\\\/avatar\\\/f96ad2db538a26481f18384936b5cd0610c92d390c4dc382209216d455f685ff?s=96&d=mm&r=g\",\"url\":\"https:\\\/\\\/secure.gravatar.com\\\/avatar\\\/f96ad2db538a26481f18384936b5cd0610c92d390c4dc382209216d455f685ff?s=96&d=mm&r=g\",\"contentUrl\":\"https:\\\/\\\/secure.gravatar.com\\\/avatar\\\/f96ad2db538a26481f18384936b5cd0610c92d390c4dc382209216d455f685ff?s=96&d=mm&r=g\",\"caption\":\"Herv\u00e9 Roten\"}}]}<\/script>\n<!-- \/ Yoast SEO plugin. -->","yoast_head_json":{"title":"J\u00fcdische Barockmusik - Venedig, Mantua, Amsterdam (1623 - 1774) - Institut Europ\u00e9en des Musiques Juives","robots":{"index":"index","follow":"follow","max-snippet":"max-snippet:-1","max-image-preview":"max-image-preview:large","max-video-preview":"max-video-preview:-1"},"canonical":"https:\/\/www.iemj.org\/de\/musiques-juives-baroques-venise-mantoue-amsterdam-1623-1774\/","og_locale":"de_DE","og_type":"article","og_title":"J\u00fcdische Barockmusik - Venedig, Mantua, Amsterdam (1623 - 1774) - Institut Europ\u00e9en des Musiques Juives","og_description":"Mittwoch, 14. April 2010, um 20.00 Uhr Deutsche Evangelische Kirche 25 rue Blanche &#8211; 75009 Paris","og_url":"https:\/\/www.iemj.org\/de\/musiques-juives-baroques-venise-mantoue-amsterdam-1623-1774\/","og_site_name":"Institut Europ\u00e9en des Musiques Juives","article_publisher":"https:\/\/www.facebook.com\/MusiquesJuives\/","article_published_time":"2010-03-31T13:25:00+00:00","article_modified_time":"2024-01-29T16:24:29+00:00","og_image":[{"width":350,"height":293,"url":"https:\/\/www.iemj.org\/wp-content\/uploads\/2010\/03\/arton15-e1620120836356.jpg","type":"image\/jpeg"}],"author":"Herv\u00e9 Roten","twitter_card":"summary_large_image","twitter_misc":{"Verfasst von":"Herv\u00e9 Roten","Gesch\u00e4tzte Lesezeit":"2\u00a0Minuten"},"schema":{"@context":"https:\/\/schema.org","@graph":[{"@type":"Article","@id":"https:\/\/www.iemj.org\/de\/musiques-juives-baroques-venise-mantoue-amsterdam-1623-1774\/#article","isPartOf":{"@id":"https:\/\/www.iemj.org\/de\/musiques-juives-baroques-venise-mantoue-amsterdam-1623-1774\/"},"author":{"name":"Herv\u00e9 Roten","@id":"https:\/\/www.iemj.org\/de\/#\/schema\/person\/906134402c29d5c76e7b726261dd4bbd"},"headline":"J\u00fcdische Barockmusik &#8211; Venedig, Mantua, Amsterdam (1623 &#8211; 1774)","datePublished":"2010-03-31T13:25:00+00:00","dateModified":"2024-01-29T16:24:29+00:00","mainEntityOfPage":{"@id":"https:\/\/www.iemj.org\/de\/musiques-juives-baroques-venise-mantoue-amsterdam-1623-1774\/"},"wordCount":138,"publisher":{"@id":"https:\/\/www.iemj.org\/de\/#organization"},"image":{"@id":"https:\/\/www.iemj.org\/de\/musiques-juives-baroques-venise-mantoue-amsterdam-1623-1774\/#primaryimage"},"thumbnailUrl":"https:\/\/www.iemj.org\/wp-content\/uploads\/2010\/03\/arton15-e1620120836356.jpg","articleSection":["Konzerte","Veranstaltungen"],"inLanguage":"de"},{"@type":"WebPage","@id":"https:\/\/www.iemj.org\/de\/musiques-juives-baroques-venise-mantoue-amsterdam-1623-1774\/","url":"https:\/\/www.iemj.org\/de\/musiques-juives-baroques-venise-mantoue-amsterdam-1623-1774\/","name":"J\u00fcdische Barockmusik - Venedig, Mantua, Amsterdam (1623 - 1774) - Institut Europ\u00e9en des Musiques Juives","isPartOf":{"@id":"https:\/\/www.iemj.org\/de\/#website"},"primaryImageOfPage":{"@id":"https:\/\/www.iemj.org\/de\/musiques-juives-baroques-venise-mantoue-amsterdam-1623-1774\/#primaryimage"},"image":{"@id":"https:\/\/www.iemj.org\/de\/musiques-juives-baroques-venise-mantoue-amsterdam-1623-1774\/#primaryimage"},"thumbnailUrl":"https:\/\/www.iemj.org\/wp-content\/uploads\/2010\/03\/arton15-e1620120836356.jpg","datePublished":"2010-03-31T13:25:00+00:00","dateModified":"2024-01-29T16:24:29+00:00","breadcrumb":{"@id":"https:\/\/www.iemj.org\/de\/musiques-juives-baroques-venise-mantoue-amsterdam-1623-1774\/#breadcrumb"},"inLanguage":"de","potentialAction":[{"@type":"ReadAction","target":["https:\/\/www.iemj.org\/de\/musiques-juives-baroques-venise-mantoue-amsterdam-1623-1774\/"]}]},{"@type":"ImageObject","inLanguage":"de","@id":"https:\/\/www.iemj.org\/de\/musiques-juives-baroques-venise-mantoue-amsterdam-1623-1774\/#primaryimage","url":"https:\/\/www.iemj.org\/wp-content\/uploads\/2010\/03\/arton15-e1620120836356.jpg","contentUrl":"https:\/\/www.iemj.org\/wp-content\/uploads\/2010\/03\/arton15-e1620120836356.jpg","width":350,"height":293},{"@type":"BreadcrumbList","@id":"https:\/\/www.iemj.org\/de\/musiques-juives-baroques-venise-mantoue-amsterdam-1623-1774\/#breadcrumb","itemListElement":[{"@type":"ListItem","position":1,"name":"Accueil","item":"https:\/\/www.iemj.org\/de\/"},{"@type":"ListItem","position":2,"name":"J\u00fcdische Barockmusik &#8211; Venedig, Mantua, Amsterdam (1623 &#8211; 1774)"}]},{"@type":"WebSite","@id":"https:\/\/www.iemj.org\/de\/#website","url":"https:\/\/www.iemj.org\/de\/","name":"Institut Europ\u00e9en des Musiques Juives","description":"Des traditions musicales \u00e0 la port\u00e9e de tous","publisher":{"@id":"https:\/\/www.iemj.org\/de\/#organization"},"potentialAction":[{"@type":"SearchAction","target":{"@type":"EntryPoint","urlTemplate":"https:\/\/www.iemj.org\/de\/?s={search_term_string}"},"query-input":{"@type":"PropertyValueSpecification","valueRequired":true,"valueName":"search_term_string"}}],"inLanguage":"de"},{"@type":"Organization","@id":"https:\/\/www.iemj.org\/de\/#organization","name":"Institut Europ\u00e9en des Musiques Juives","url":"https:\/\/www.iemj.org\/de\/","logo":{"@type":"ImageObject","inLanguage":"de","@id":"https:\/\/www.iemj.org\/de\/#\/schema\/logo\/image\/","url":"https:\/\/www.iemj.org\/wp-content\/uploads\/2021\/09\/Logo-IEMJ-Paypal.jpg","contentUrl":"https:\/\/www.iemj.org\/wp-content\/uploads\/2021\/09\/Logo-IEMJ-Paypal.jpg","width":150,"height":50,"caption":"Institut Europ\u00e9en des Musiques Juives"},"image":{"@id":"https:\/\/www.iemj.org\/de\/#\/schema\/logo\/image\/"},"sameAs":["https:\/\/www.facebook.com\/MusiquesJuives\/","https:\/\/www.instagram.com\/musiquesjuives\/","https:\/\/www.youtube.com\/user\/musiquesjuives"]},{"@type":"Person","@id":"https:\/\/www.iemj.org\/de\/#\/schema\/person\/906134402c29d5c76e7b726261dd4bbd","name":"Herv\u00e9 Roten","image":{"@type":"ImageObject","inLanguage":"de","@id":"https:\/\/secure.gravatar.com\/avatar\/f96ad2db538a26481f18384936b5cd0610c92d390c4dc382209216d455f685ff?s=96&d=mm&r=g","url":"https:\/\/secure.gravatar.com\/avatar\/f96ad2db538a26481f18384936b5cd0610c92d390c4dc382209216d455f685ff?s=96&d=mm&r=g","contentUrl":"https:\/\/secure.gravatar.com\/avatar\/f96ad2db538a26481f18384936b5cd0610c92d390c4dc382209216d455f685ff?s=96&d=mm&r=g","caption":"Herv\u00e9 Roten"}}]}},"_links":{"self":[{"href":"https:\/\/www.iemj.org\/de\/wp-json\/wp\/v2\/posts\/108399","targetHints":{"allow":["GET"]}}],"collection":[{"href":"https:\/\/www.iemj.org\/de\/wp-json\/wp\/v2\/posts"}],"about":[{"href":"https:\/\/www.iemj.org\/de\/wp-json\/wp\/v2\/types\/post"}],"author":[{"embeddable":true,"href":"https:\/\/www.iemj.org\/de\/wp-json\/wp\/v2\/users\/1045"}],"replies":[{"embeddable":true,"href":"https:\/\/www.iemj.org\/de\/wp-json\/wp\/v2\/comments?post=108399"}],"version-history":[{"count":0,"href":"https:\/\/www.iemj.org\/de\/wp-json\/wp\/v2\/posts\/108399\/revisions"}],"wp:featuredmedia":[{"embeddable":true,"href":"https:\/\/www.iemj.org\/de\/wp-json\/wp\/v2\/media\/108400"}],"wp:attachment":[{"href":"https:\/\/www.iemj.org\/de\/wp-json\/wp\/v2\/media?parent=108399"}],"wp:term":[{"taxonomy":"category","embeddable":true,"href":"https:\/\/www.iemj.org\/de\/wp-json\/wp\/v2\/categories?post=108399"},{"taxonomy":"post_tag","embeddable":true,"href":"https:\/\/www.iemj.org\/de\/wp-json\/wp\/v2\/tags?post=108399"},{"taxonomy":"technique","embeddable":true,"href":"https:\/\/www.iemj.org\/de\/wp-json\/wp\/v2\/technique?post=108399"},{"taxonomy":"squelettes","embeddable":true,"href":"https:\/\/www.iemj.org\/de\/wp-json\/wp\/v2\/squelettes?post=108399"},{"taxonomy":"sujet","embeddable":true,"href":"https:\/\/www.iemj.org\/de\/wp-json\/wp\/v2\/sujet?post=108399"},{"taxonomy":"formation","embeddable":true,"href":"https:\/\/www.iemj.org\/de\/wp-json\/wp\/v2\/formation?post=108399"},{"taxonomy":"genre","embeddable":true,"href":"https:\/\/www.iemj.org\/de\/wp-json\/wp\/v2\/genre?post=108399"},{"taxonomy":"fonds","embeddable":true,"href":"https:\/\/www.iemj.org\/de\/wp-json\/wp\/v2\/fonds?post=108399"},{"taxonomy":"tradition","embeddable":true,"href":"https:\/\/www.iemj.org\/de\/wp-json\/wp\/v2\/tradition?post=108399"},{"taxonomy":"type-de-contenu","embeddable":true,"href":"https:\/\/www.iemj.org\/de\/wp-json\/wp\/v2\/type-de-contenu?post=108399"},{"taxonomy":"interprete-compositeur","embeddable":true,"href":"https:\/\/www.iemj.org\/de\/wp-json\/wp\/v2\/interprete-compositeur?post=108399"},{"taxonomy":"frise","embeddable":true,"href":"https:\/\/www.iemj.org\/de\/wp-json\/wp\/v2\/frise?post=108399"},{"taxonomy":"type-devenement","embeddable":true,"href":"https:\/\/www.iemj.org\/de\/wp-json\/wp\/v2\/type-devenement?post=108399"},{"taxonomy":"tableaux-liens-externes","embeddable":true,"href":"https:\/\/www.iemj.org\/de\/wp-json\/wp\/v2\/tableaux-liens-externes?post=108399"}],"curies":[{"name":"wp","href":"https:\/\/api.w.org\/{rel}","templated":true}]}}