{"id":108451,"date":"2009-11-10T13:46:00","date_gmt":"2009-11-10T12:46:00","guid":{"rendered":"https:\/\/www.iemj.org\/concert-et-conference-kol-nidre-paris\/"},"modified":"2024-01-29T18:00:42","modified_gmt":"2024-01-29T17:00:42","slug":"concert-et-conference-kol-nidre-paris","status":"publish","type":"post","link":"https:\/\/www.iemj.org\/de\/concert-et-conference-kol-nidre-paris\/","title":{"rendered":"Konzert und Konferenz Kol Nidr\u00e9 (Paris)"},"content":{"rendered":"<p class=\"post_excerpt\">Am 18. und 22. November 2009<\/p>\n<p><!--more--><\/p>\n<p>Das Centre Fran\u00e7ais des Musiques Juives und die vier liberalen Gemeinden von Paris (ULIF, MJLF, CJL, KG) freuen sich, Sie zu einem au\u00dfergew\u00f6hnlichen Konzert rund um das <strong>KOL NIDRE<\/strong> einzuladen.<\/p>\n<p>Zu diesem Anlass werden 8 musikalische Versionen des ber\u00fchmten Er\u00f6ffnungsgebets von Jom Kippur aufgef\u00fchrt, 3 davon sind Welturauff\u00fchrungen:<\/p>\n<p><span style=\"font-size: revert; background-color: var(--bs-body-bg); color: var(--bs-body-color); font-family: var(--bs-body-font-family); font-weight: var(--bs-body-font-weight); text-align: var(--bs-body-text-align);\">&#8211; Das traditionelle Kol Nidr\u00e9 in der von Samuel David Ende des 19. Jahrhunderts erstellten Notation mit Solist (Bariton), vierstimmigem Chor und Orgel<\/span><\/p>\n<p>&#8211; Das Kol Nidr\u00e9 von Jean-Fran\u00e7ois Zygel, Komposition f\u00fcr Violoncello und Klavie<\/p>\n<p>&#8211; Das Kol Nidre, Adagio \u00fcber hebr\u00e4ische Themen von Max Bruch, ein ber\u00fchmtes Werk f\u00fcr Violoncello und Klavier<\/p>\n<p>&#8211; Das Kol Nidre von John Zorn, einem Komponisten, der wohl eher als Jazz-Saxophonist bekannt ist und dessen &#8222;Kol Nidr\u00e9&#8220; ein Streichquartett mit schwebenden und geheimnisvollen Resonanzen ist.<\/p>\n<p>&#8211; Die Kol Nidrei Sonata, op. 76 von Nicolas Bacri, die 2002 f\u00fcr Solovioline geschrieben wurde<\/p>\n<p>Schlie\u00dflich drei Werke in Welturauff\u00fchrung, Auftragswerke des ULIF an die Komponisten Ita\u00ef Daniel, Serge Kaufmann und Graciane Finzi. In diesen drei Werken ist das traditionelle Thema pr\u00e4sent, mehr oder weniger erkennbar:<\/p>\n<p>&#8211; Das Kol Nidr\u00e9 von Ita\u00ef Daniel ist f\u00fcr Tenorsolo, vierstimmigen Chor, Klarinette und Streichquartett geschrieben<\/p>\n<p>&#8211; Serge Kaufmanns Kol Nidr\u00e9 verwendet die gleiche Besetzung, ohne Gesangssolisten und erweitert um ein Klavier und einen Kontrabass<\/p>\n<p>&#8211; Das Werk von Graciane Finzi (D\u00e4mmerung des Kol Nidr\u00e9) ist ein Thema und Variationen f\u00fcr Solocello.<\/p>\n<p><strong>Mittwoch, 18. November 2009:<\/strong> Konferenz (19.30 Uhr) und Konzert (21 Uhr).<br \/>Vor dem Konzert findet in Anwesenheit der Komponisten eine Konferenz statt, die von Rabbiner Michael Williams (ULIF) moderiert wird und bei der Rabbinerin Delphine Horvilleur (MJLF), Herv\u00e9 Roten (CFMJ) und Bruno Fraitag (ULIF) das Kol Nidr\u00e9-Gebet in seiner historischen, liturgischen und musikalischen Dimension vorstellen werden.<\/p>\n<p><strong>Sonntag, 22. November 2009:<\/strong> Konzert (18.00 Uhr)<\/p>\n<p><strong>Veranstaltungsort:<\/strong> Union lib\u00e9rale isra\u00e9lite de France<br \/>24 rue Copernic &#8211; 75116 Paris.<br \/>Metro: Boissi\u00e8re oder Victor Hugo<\/p>\n<p><strong>Eintrittspreise:<\/strong> 25 \u20ac; Mitglieder der ULIF, MJLF, CJL, KG, CFMJ: 20 \u20ac.<br \/>Kartenverkauf und Informationen: ULIF unter 01 47 04 37 27 oder MJLF unter 01 44 37 48 48<\/p>\n<p><strong><a href=\"https:\/\/www.iemj.org\/de\/kol-nidre\/\" target=\"_blank\" rel=\"noopener\">Sehen Sie sich einen Teil der gefilmten Konferenz und einen Ausschnitt aus dem Kol Nidr\u00e9-Konzert von Max Bruch an.<\/a><\/strong><br \/><a href=\"https:\/\/www.iemj.org\/de\/kol-nidre\/\"><img decoding=\"async\" class=\" alignleft size-full wp-image-2949\" src=\"https:\/\/www.iemj.org\/wp-content\/uploads\/2010\/03\/logo_clap_video.jpg\" alt=\"logo_clap_video.jpg\" width=\"90\" height=\"93\" align=\"left\" \/><\/a><\/p>\n\n\n<p><\/p>\n\n\n\n<p><\/p>\n\n\n\n<p><\/p>\n\n\n\n<p><a href=\"https:\/\/www.iemj.org\/de\/produit\/kol-nidre-huit-visions\/\"><strong>Die CD Kol Nidre acht Visionen o<\/strong><\/a><a href=\"https:\/\/www.iemj.org\/de\/produit\/kol-nidre-huit-visions\/\" target=\"_blank\" rel=\"noreferrer noopener\"><strong>nline im IEMJ-Shop bestellen<\/strong><\/a>.<\/p>\n","protected":false},"excerpt":{"rendered":"<p>Am 18. und 22. November 2009<\/p>\n","protected":false},"author":1046,"featured_media":108452,"comment_status":"closed","ping_status":"open","sticky":false,"template":"","format":"standard","meta":{"_acf_changed":false,"footnotes":""},"categories":[1378,1370],"tags":[3420],"technique":[],"squelettes":[],"sujet":[1760],"formation":[],"genre":[],"fonds":[],"tradition":[],"type-de-contenu":[],"interprete-compositeur":[],"frise":[],"type-devenement":[],"tableaux-liens-externes":[],"class_list":["post-108451","post","type-post","status-publish","format-standard","has-post-thumbnail","hentry","category-konzerte-veranstaltungen-de","category-veranstaltungen-de","tag-partner-veranstaltungen-de","sujet-yom-kippur-de"],"acf":[],"yoast_head":"<!-- This site is optimized with the Yoast SEO plugin v27.3 - https:\/\/yoast.com\/product\/yoast-seo-wordpress\/ -->\n<title>Konzert und Konferenz Kol Nidr\u00e9 (Paris) - Institut Europ\u00e9en des Musiques Juives<\/title>\n<meta name=\"robots\" content=\"index, follow, max-snippet:-1, max-image-preview:large, max-video-preview:-1\" \/>\n<link rel=\"canonical\" href=\"https:\/\/www.iemj.org\/de\/concert-et-conference-kol-nidre-paris\/\" \/>\n<meta property=\"og:locale\" content=\"de_DE\" \/>\n<meta property=\"og:type\" content=\"article\" \/>\n<meta property=\"og:title\" content=\"Konzert und Konferenz Kol Nidr\u00e9 (Paris) - Institut Europ\u00e9en des Musiques Juives\" \/>\n<meta property=\"og:description\" content=\"Am 18. und 22. November 2009\" \/>\n<meta property=\"og:url\" content=\"https:\/\/www.iemj.org\/de\/concert-et-conference-kol-nidre-paris\/\" \/>\n<meta property=\"og:site_name\" content=\"Institut Europ\u00e9en des Musiques Juives\" \/>\n<meta property=\"article:publisher\" content=\"https:\/\/www.facebook.com\/MusiquesJuives\/\" \/>\n<meta property=\"article:published_time\" content=\"2009-11-10T12:46:00+00:00\" \/>\n<meta property=\"article:modified_time\" content=\"2024-01-29T17:00:42+00:00\" \/>\n<meta property=\"og:image\" content=\"https:\/\/www.iemj.org\/wp-content\/uploads\/2009\/11\/arton42-e1620121668178.jpg\" \/>\n\t<meta property=\"og:image:width\" content=\"350\" \/>\n\t<meta property=\"og:image:height\" content=\"495\" \/>\n\t<meta property=\"og:image:type\" content=\"image\/jpeg\" \/>\n<meta name=\"author\" content=\"Isabelle Jouve\" \/>\n<meta name=\"twitter:card\" content=\"summary_large_image\" \/>\n<meta name=\"twitter:label1\" content=\"Verfasst von\" \/>\n\t<meta name=\"twitter:data1\" content=\"Isabelle Jouve\" \/>\n\t<meta name=\"twitter:label2\" content=\"Gesch\u00e4tzte Lesezeit\" \/>\n\t<meta name=\"twitter:data2\" content=\"3\u00a0Minuten\" \/>\n<script type=\"application\/ld+json\" class=\"yoast-schema-graph\">{\"@context\":\"https:\\\/\\\/schema.org\",\"@graph\":[{\"@type\":\"Article\",\"@id\":\"https:\\\/\\\/www.iemj.org\\\/de\\\/concert-et-conference-kol-nidre-paris\\\/#article\",\"isPartOf\":{\"@id\":\"https:\\\/\\\/www.iemj.org\\\/de\\\/concert-et-conference-kol-nidre-paris\\\/\"},\"author\":{\"name\":\"Isabelle Jouve\",\"@id\":\"https:\\\/\\\/www.iemj.org\\\/de\\\/#\\\/schema\\\/person\\\/94283a7f5a8b28a85fdab0ae54777472\"},\"headline\":\"Konzert und Konferenz Kol Nidr\u00e9 (Paris)\",\"datePublished\":\"2009-11-10T12:46:00+00:00\",\"dateModified\":\"2024-01-29T17:00:42+00:00\",\"mainEntityOfPage\":{\"@id\":\"https:\\\/\\\/www.iemj.org\\\/de\\\/concert-et-conference-kol-nidre-paris\\\/\"},\"wordCount\":373,\"publisher\":{\"@id\":\"https:\\\/\\\/www.iemj.org\\\/de\\\/#organization\"},\"image\":{\"@id\":\"https:\\\/\\\/www.iemj.org\\\/de\\\/concert-et-conference-kol-nidre-paris\\\/#primaryimage\"},\"thumbnailUrl\":\"https:\\\/\\\/www.iemj.org\\\/wp-content\\\/uploads\\\/2009\\\/11\\\/arton42-e1620121668178.jpg\",\"keywords\":[\"Partner-Veranstaltungen\"],\"articleSection\":[\"Konzerte\",\"Veranstaltungen\"],\"inLanguage\":\"de\"},{\"@type\":\"WebPage\",\"@id\":\"https:\\\/\\\/www.iemj.org\\\/de\\\/concert-et-conference-kol-nidre-paris\\\/\",\"url\":\"https:\\\/\\\/www.iemj.org\\\/de\\\/concert-et-conference-kol-nidre-paris\\\/\",\"name\":\"Konzert und Konferenz Kol Nidr\u00e9 (Paris) - Institut Europ\u00e9en des Musiques Juives\",\"isPartOf\":{\"@id\":\"https:\\\/\\\/www.iemj.org\\\/de\\\/#website\"},\"primaryImageOfPage\":{\"@id\":\"https:\\\/\\\/www.iemj.org\\\/de\\\/concert-et-conference-kol-nidre-paris\\\/#primaryimage\"},\"image\":{\"@id\":\"https:\\\/\\\/www.iemj.org\\\/de\\\/concert-et-conference-kol-nidre-paris\\\/#primaryimage\"},\"thumbnailUrl\":\"https:\\\/\\\/www.iemj.org\\\/wp-content\\\/uploads\\\/2009\\\/11\\\/arton42-e1620121668178.jpg\",\"datePublished\":\"2009-11-10T12:46:00+00:00\",\"dateModified\":\"2024-01-29T17:00:42+00:00\",\"breadcrumb\":{\"@id\":\"https:\\\/\\\/www.iemj.org\\\/de\\\/concert-et-conference-kol-nidre-paris\\\/#breadcrumb\"},\"inLanguage\":\"de\",\"potentialAction\":[{\"@type\":\"ReadAction\",\"target\":[\"https:\\\/\\\/www.iemj.org\\\/de\\\/concert-et-conference-kol-nidre-paris\\\/\"]}]},{\"@type\":\"ImageObject\",\"inLanguage\":\"de\",\"@id\":\"https:\\\/\\\/www.iemj.org\\\/de\\\/concert-et-conference-kol-nidre-paris\\\/#primaryimage\",\"url\":\"https:\\\/\\\/www.iemj.org\\\/wp-content\\\/uploads\\\/2009\\\/11\\\/arton42-e1620121668178.jpg\",\"contentUrl\":\"https:\\\/\\\/www.iemj.org\\\/wp-content\\\/uploads\\\/2009\\\/11\\\/arton42-e1620121668178.jpg\",\"width\":350,\"height\":495},{\"@type\":\"BreadcrumbList\",\"@id\":\"https:\\\/\\\/www.iemj.org\\\/de\\\/concert-et-conference-kol-nidre-paris\\\/#breadcrumb\",\"itemListElement\":[{\"@type\":\"ListItem\",\"position\":1,\"name\":\"Accueil\",\"item\":\"https:\\\/\\\/www.iemj.org\\\/de\\\/\"},{\"@type\":\"ListItem\",\"position\":2,\"name\":\"Konzert und Konferenz Kol Nidr\u00e9 (Paris)\"}]},{\"@type\":\"WebSite\",\"@id\":\"https:\\\/\\\/www.iemj.org\\\/de\\\/#website\",\"url\":\"https:\\\/\\\/www.iemj.org\\\/de\\\/\",\"name\":\"Institut Europ\u00e9en des Musiques Juives\",\"description\":\"Des traditions musicales \u00e0 la port\u00e9e de tous\",\"publisher\":{\"@id\":\"https:\\\/\\\/www.iemj.org\\\/de\\\/#organization\"},\"potentialAction\":[{\"@type\":\"SearchAction\",\"target\":{\"@type\":\"EntryPoint\",\"urlTemplate\":\"https:\\\/\\\/www.iemj.org\\\/de\\\/?s={search_term_string}\"},\"query-input\":{\"@type\":\"PropertyValueSpecification\",\"valueRequired\":true,\"valueName\":\"search_term_string\"}}],\"inLanguage\":\"de\"},{\"@type\":\"Organization\",\"@id\":\"https:\\\/\\\/www.iemj.org\\\/de\\\/#organization\",\"name\":\"Institut Europ\u00e9en des Musiques Juives\",\"url\":\"https:\\\/\\\/www.iemj.org\\\/de\\\/\",\"logo\":{\"@type\":\"ImageObject\",\"inLanguage\":\"de\",\"@id\":\"https:\\\/\\\/www.iemj.org\\\/de\\\/#\\\/schema\\\/logo\\\/image\\\/\",\"url\":\"https:\\\/\\\/www.iemj.org\\\/wp-content\\\/uploads\\\/2021\\\/09\\\/Logo-IEMJ-Paypal.jpg\",\"contentUrl\":\"https:\\\/\\\/www.iemj.org\\\/wp-content\\\/uploads\\\/2021\\\/09\\\/Logo-IEMJ-Paypal.jpg\",\"width\":150,\"height\":50,\"caption\":\"Institut Europ\u00e9en des Musiques Juives\"},\"image\":{\"@id\":\"https:\\\/\\\/www.iemj.org\\\/de\\\/#\\\/schema\\\/logo\\\/image\\\/\"},\"sameAs\":[\"https:\\\/\\\/www.facebook.com\\\/MusiquesJuives\\\/\",\"https:\\\/\\\/www.instagram.com\\\/musiquesjuives\\\/\",\"https:\\\/\\\/www.youtube.com\\\/user\\\/musiquesjuives\"]},{\"@type\":\"Person\",\"@id\":\"https:\\\/\\\/www.iemj.org\\\/de\\\/#\\\/schema\\\/person\\\/94283a7f5a8b28a85fdab0ae54777472\",\"name\":\"Isabelle Jouve\",\"image\":{\"@type\":\"ImageObject\",\"inLanguage\":\"de\",\"@id\":\"https:\\\/\\\/secure.gravatar.com\\\/avatar\\\/bc547a31cb8a12b3ffc0f7fcf1f2dbd4fc06e95ad13a451095d8316a6d5a59a6?s=96&d=mm&r=g\",\"url\":\"https:\\\/\\\/secure.gravatar.com\\\/avatar\\\/bc547a31cb8a12b3ffc0f7fcf1f2dbd4fc06e95ad13a451095d8316a6d5a59a6?s=96&d=mm&r=g\",\"contentUrl\":\"https:\\\/\\\/secure.gravatar.com\\\/avatar\\\/bc547a31cb8a12b3ffc0f7fcf1f2dbd4fc06e95ad13a451095d8316a6d5a59a6?s=96&d=mm&r=g\",\"caption\":\"Isabelle Jouve\"}}]}<\/script>\n<!-- \/ Yoast SEO plugin. -->","yoast_head_json":{"title":"Konzert und Konferenz Kol Nidr\u00e9 (Paris) - Institut Europ\u00e9en des Musiques Juives","robots":{"index":"index","follow":"follow","max-snippet":"max-snippet:-1","max-image-preview":"max-image-preview:large","max-video-preview":"max-video-preview:-1"},"canonical":"https:\/\/www.iemj.org\/de\/concert-et-conference-kol-nidre-paris\/","og_locale":"de_DE","og_type":"article","og_title":"Konzert und Konferenz Kol Nidr\u00e9 (Paris) - Institut Europ\u00e9en des Musiques Juives","og_description":"Am 18. und 22. November 2009","og_url":"https:\/\/www.iemj.org\/de\/concert-et-conference-kol-nidre-paris\/","og_site_name":"Institut Europ\u00e9en des Musiques Juives","article_publisher":"https:\/\/www.facebook.com\/MusiquesJuives\/","article_published_time":"2009-11-10T12:46:00+00:00","article_modified_time":"2024-01-29T17:00:42+00:00","og_image":[{"width":350,"height":495,"url":"https:\/\/www.iemj.org\/wp-content\/uploads\/2009\/11\/arton42-e1620121668178.jpg","type":"image\/jpeg"}],"author":"Isabelle Jouve","twitter_card":"summary_large_image","twitter_misc":{"Verfasst von":"Isabelle Jouve","Gesch\u00e4tzte Lesezeit":"3\u00a0Minuten"},"schema":{"@context":"https:\/\/schema.org","@graph":[{"@type":"Article","@id":"https:\/\/www.iemj.org\/de\/concert-et-conference-kol-nidre-paris\/#article","isPartOf":{"@id":"https:\/\/www.iemj.org\/de\/concert-et-conference-kol-nidre-paris\/"},"author":{"name":"Isabelle Jouve","@id":"https:\/\/www.iemj.org\/de\/#\/schema\/person\/94283a7f5a8b28a85fdab0ae54777472"},"headline":"Konzert und Konferenz Kol Nidr\u00e9 (Paris)","datePublished":"2009-11-10T12:46:00+00:00","dateModified":"2024-01-29T17:00:42+00:00","mainEntityOfPage":{"@id":"https:\/\/www.iemj.org\/de\/concert-et-conference-kol-nidre-paris\/"},"wordCount":373,"publisher":{"@id":"https:\/\/www.iemj.org\/de\/#organization"},"image":{"@id":"https:\/\/www.iemj.org\/de\/concert-et-conference-kol-nidre-paris\/#primaryimage"},"thumbnailUrl":"https:\/\/www.iemj.org\/wp-content\/uploads\/2009\/11\/arton42-e1620121668178.jpg","keywords":["Partner-Veranstaltungen"],"articleSection":["Konzerte","Veranstaltungen"],"inLanguage":"de"},{"@type":"WebPage","@id":"https:\/\/www.iemj.org\/de\/concert-et-conference-kol-nidre-paris\/","url":"https:\/\/www.iemj.org\/de\/concert-et-conference-kol-nidre-paris\/","name":"Konzert und Konferenz Kol Nidr\u00e9 (Paris) - Institut Europ\u00e9en des Musiques Juives","isPartOf":{"@id":"https:\/\/www.iemj.org\/de\/#website"},"primaryImageOfPage":{"@id":"https:\/\/www.iemj.org\/de\/concert-et-conference-kol-nidre-paris\/#primaryimage"},"image":{"@id":"https:\/\/www.iemj.org\/de\/concert-et-conference-kol-nidre-paris\/#primaryimage"},"thumbnailUrl":"https:\/\/www.iemj.org\/wp-content\/uploads\/2009\/11\/arton42-e1620121668178.jpg","datePublished":"2009-11-10T12:46:00+00:00","dateModified":"2024-01-29T17:00:42+00:00","breadcrumb":{"@id":"https:\/\/www.iemj.org\/de\/concert-et-conference-kol-nidre-paris\/#breadcrumb"},"inLanguage":"de","potentialAction":[{"@type":"ReadAction","target":["https:\/\/www.iemj.org\/de\/concert-et-conference-kol-nidre-paris\/"]}]},{"@type":"ImageObject","inLanguage":"de","@id":"https:\/\/www.iemj.org\/de\/concert-et-conference-kol-nidre-paris\/#primaryimage","url":"https:\/\/www.iemj.org\/wp-content\/uploads\/2009\/11\/arton42-e1620121668178.jpg","contentUrl":"https:\/\/www.iemj.org\/wp-content\/uploads\/2009\/11\/arton42-e1620121668178.jpg","width":350,"height":495},{"@type":"BreadcrumbList","@id":"https:\/\/www.iemj.org\/de\/concert-et-conference-kol-nidre-paris\/#breadcrumb","itemListElement":[{"@type":"ListItem","position":1,"name":"Accueil","item":"https:\/\/www.iemj.org\/de\/"},{"@type":"ListItem","position":2,"name":"Konzert und Konferenz Kol Nidr\u00e9 (Paris)"}]},{"@type":"WebSite","@id":"https:\/\/www.iemj.org\/de\/#website","url":"https:\/\/www.iemj.org\/de\/","name":"Institut Europ\u00e9en des Musiques Juives","description":"Des traditions musicales \u00e0 la port\u00e9e de tous","publisher":{"@id":"https:\/\/www.iemj.org\/de\/#organization"},"potentialAction":[{"@type":"SearchAction","target":{"@type":"EntryPoint","urlTemplate":"https:\/\/www.iemj.org\/de\/?s={search_term_string}"},"query-input":{"@type":"PropertyValueSpecification","valueRequired":true,"valueName":"search_term_string"}}],"inLanguage":"de"},{"@type":"Organization","@id":"https:\/\/www.iemj.org\/de\/#organization","name":"Institut Europ\u00e9en des Musiques Juives","url":"https:\/\/www.iemj.org\/de\/","logo":{"@type":"ImageObject","inLanguage":"de","@id":"https:\/\/www.iemj.org\/de\/#\/schema\/logo\/image\/","url":"https:\/\/www.iemj.org\/wp-content\/uploads\/2021\/09\/Logo-IEMJ-Paypal.jpg","contentUrl":"https:\/\/www.iemj.org\/wp-content\/uploads\/2021\/09\/Logo-IEMJ-Paypal.jpg","width":150,"height":50,"caption":"Institut Europ\u00e9en des Musiques Juives"},"image":{"@id":"https:\/\/www.iemj.org\/de\/#\/schema\/logo\/image\/"},"sameAs":["https:\/\/www.facebook.com\/MusiquesJuives\/","https:\/\/www.instagram.com\/musiquesjuives\/","https:\/\/www.youtube.com\/user\/musiquesjuives"]},{"@type":"Person","@id":"https:\/\/www.iemj.org\/de\/#\/schema\/person\/94283a7f5a8b28a85fdab0ae54777472","name":"Isabelle Jouve","image":{"@type":"ImageObject","inLanguage":"de","@id":"https:\/\/secure.gravatar.com\/avatar\/bc547a31cb8a12b3ffc0f7fcf1f2dbd4fc06e95ad13a451095d8316a6d5a59a6?s=96&d=mm&r=g","url":"https:\/\/secure.gravatar.com\/avatar\/bc547a31cb8a12b3ffc0f7fcf1f2dbd4fc06e95ad13a451095d8316a6d5a59a6?s=96&d=mm&r=g","contentUrl":"https:\/\/secure.gravatar.com\/avatar\/bc547a31cb8a12b3ffc0f7fcf1f2dbd4fc06e95ad13a451095d8316a6d5a59a6?s=96&d=mm&r=g","caption":"Isabelle Jouve"}}]}},"_links":{"self":[{"href":"https:\/\/www.iemj.org\/de\/wp-json\/wp\/v2\/posts\/108451","targetHints":{"allow":["GET"]}}],"collection":[{"href":"https:\/\/www.iemj.org\/de\/wp-json\/wp\/v2\/posts"}],"about":[{"href":"https:\/\/www.iemj.org\/de\/wp-json\/wp\/v2\/types\/post"}],"author":[{"embeddable":true,"href":"https:\/\/www.iemj.org\/de\/wp-json\/wp\/v2\/users\/1046"}],"replies":[{"embeddable":true,"href":"https:\/\/www.iemj.org\/de\/wp-json\/wp\/v2\/comments?post=108451"}],"version-history":[{"count":0,"href":"https:\/\/www.iemj.org\/de\/wp-json\/wp\/v2\/posts\/108451\/revisions"}],"wp:featuredmedia":[{"embeddable":true,"href":"https:\/\/www.iemj.org\/de\/wp-json\/wp\/v2\/media\/108452"}],"wp:attachment":[{"href":"https:\/\/www.iemj.org\/de\/wp-json\/wp\/v2\/media?parent=108451"}],"wp:term":[{"taxonomy":"category","embeddable":true,"href":"https:\/\/www.iemj.org\/de\/wp-json\/wp\/v2\/categories?post=108451"},{"taxonomy":"post_tag","embeddable":true,"href":"https:\/\/www.iemj.org\/de\/wp-json\/wp\/v2\/tags?post=108451"},{"taxonomy":"technique","embeddable":true,"href":"https:\/\/www.iemj.org\/de\/wp-json\/wp\/v2\/technique?post=108451"},{"taxonomy":"squelettes","embeddable":true,"href":"https:\/\/www.iemj.org\/de\/wp-json\/wp\/v2\/squelettes?post=108451"},{"taxonomy":"sujet","embeddable":true,"href":"https:\/\/www.iemj.org\/de\/wp-json\/wp\/v2\/sujet?post=108451"},{"taxonomy":"formation","embeddable":true,"href":"https:\/\/www.iemj.org\/de\/wp-json\/wp\/v2\/formation?post=108451"},{"taxonomy":"genre","embeddable":true,"href":"https:\/\/www.iemj.org\/de\/wp-json\/wp\/v2\/genre?post=108451"},{"taxonomy":"fonds","embeddable":true,"href":"https:\/\/www.iemj.org\/de\/wp-json\/wp\/v2\/fonds?post=108451"},{"taxonomy":"tradition","embeddable":true,"href":"https:\/\/www.iemj.org\/de\/wp-json\/wp\/v2\/tradition?post=108451"},{"taxonomy":"type-de-contenu","embeddable":true,"href":"https:\/\/www.iemj.org\/de\/wp-json\/wp\/v2\/type-de-contenu?post=108451"},{"taxonomy":"interprete-compositeur","embeddable":true,"href":"https:\/\/www.iemj.org\/de\/wp-json\/wp\/v2\/interprete-compositeur?post=108451"},{"taxonomy":"frise","embeddable":true,"href":"https:\/\/www.iemj.org\/de\/wp-json\/wp\/v2\/frise?post=108451"},{"taxonomy":"type-devenement","embeddable":true,"href":"https:\/\/www.iemj.org\/de\/wp-json\/wp\/v2\/type-devenement?post=108451"},{"taxonomy":"tableaux-liens-externes","embeddable":true,"href":"https:\/\/www.iemj.org\/de\/wp-json\/wp\/v2\/tableaux-liens-externes?post=108451"}],"curies":[{"name":"wp","href":"https:\/\/api.w.org\/{rel}","templated":true}]}}