{"id":108891,"date":"2010-03-30T18:11:46","date_gmt":"2010-03-30T16:11:46","guid":{"rendered":"https:\/\/www.iemj.org\/algazi-leon-1890-1971\/"},"modified":"2024-02-07T10:55:42","modified_gmt":"2024-02-07T09:55:42","slug":"algazi-leon-1890-1971","status":"publish","type":"post","link":"https:\/\/www.iemj.org\/de\/algazi-leon-1890-1971\/","title":{"rendered":"Algazi, L\u00e9on (1890-1971)"},"content":{"rendered":"<p><strong>Von Herv\u00e9 Roten<\/strong><span class=\"footnote_referrer\"><a role=\"button\" tabindex=\"0\" onclick=\"footnote_moveToReference_108891_1('footnote_plugin_reference_108891_1_1');\" onkeypress=\"footnote_moveToReference_108891_1('footnote_plugin_reference_108891_1_1');\" ><sup id=\"footnote_plugin_tooltip_108891_1_1\" class=\"footnote_plugin_tooltip_text\">[1]<\/sup><\/a><span id=\"footnote_plugin_tooltip_text_108891_1_1\" class=\"footnote_tooltip\">Dieser Text ist dem Andenken an Jacques Algazi gewidmet, der am 1. M\u00e4rz 2021, auf den Tag genau 50 Jahre nach dem Tod seines Vaters, verstarb, sowie Beatrice Algazi, seiner Tochter, die so&nbsp;&#x2026; <span class=\"footnote_tooltip_continue\"  onclick=\"footnote_moveToReference_108891_1('footnote_plugin_reference_108891_1_1');\">Lire la suite<\/span><\/span><\/span><script type=\"text\/javascript\"> jQuery('#footnote_plugin_tooltip_108891_1_1').tooltip({ tip: '#footnote_plugin_tooltip_text_108891_1_1', tipClass: 'footnote_tooltip', effect: 'fade', predelay: 0, fadeInSpeed: 200, delay: 400, fadeOutSpeed: 200, position: 'top center', relative: true, offset: [-7, 0], });<\/script><\/p>\n<p><!--more--><\/p>\n<p>L\u00e9on Yehuda Algazi wurde als Sohn von Eliaquim Algazi und Visa Danon Tuvim am 6. Februar 1890 in Epuresti (Rum\u00e4nien) geboren, wie es in seinem Wehrpass steht<span class=\"footnote_referrer\"><a role=\"button\" tabindex=\"0\" onclick=\"footnote_moveToReference_108891_1('footnote_plugin_reference_108891_1_2');\" onkeypress=\"footnote_moveToReference_108891_1('footnote_plugin_reference_108891_1_2');\" ><sup id=\"footnote_plugin_tooltip_108891_1_2\" class=\"footnote_plugin_tooltip_text\">[2]<\/sup><\/a><span id=\"footnote_plugin_tooltip_text_108891_1_2\" class=\"footnote_tooltip\">Es bestehen Zweifel \u00fcber das genaue Geburtsdatum von L\u00e9on Algazi. In seinem Rabbinerdiplom ist der 13. Februar 1890 vermerkt, aber laut seinem Sohn Jacques wurde in seiner Familie manchmal auch der&nbsp;&#x2026; <span class=\"footnote_tooltip_continue\"  onclick=\"footnote_moveToReference_108891_1('footnote_plugin_reference_108891_1_2');\">Lire la suite<\/span><\/span><\/span><script type=\"text\/javascript\"> jQuery('#footnote_plugin_tooltip_108891_1_2').tooltip({ tip: '#footnote_plugin_tooltip_text_108891_1_2', tipClass: 'footnote_tooltip', effect: 'fade', predelay: 0, fadeInSpeed: 200, delay: 400, fadeOutSpeed: 200, position: 'top center', relative: true, offset: [-7, 0], });<\/script>. Im Alter von 11 Jahren unterrichtete er Kinder, die j\u00fcnger waren als er, da seine Familie sehr arm war und nach Bukarest auswandern musste. Sein Vater war Direktor einer Wandertheatergruppe und wurde Lebensmittelh\u00e4ndler, ging aber schlie\u00dflich bankrott, weil er den mittellosen Bauern Kredite gew\u00e4hrte.<\/p>\n<figure id=\"attachment_108827\" aria-describedby=\"caption-attachment-108827\" style=\"width: 179px\" class=\"wp-caption alignright\"><img decoding=\"async\" class=\"wp-image-108827 \" src=\"https:\/\/www.iemj.org\/wp-content\/uploads\/2010\/03\/Leon-Algazi-enfant-avec-sa-mere-et-ses-2-soeurs-vers-1900_redim-e1707150845320.jpg\" alt=\"\" width=\"179\" height=\"269\" srcset=\"https:\/\/www.iemj.org\/wp-content\/uploads\/2010\/03\/Leon-Algazi-enfant-avec-sa-mere-et-ses-2-soeurs-vers-1900_redim-e1707150845320.jpg 323w, https:\/\/www.iemj.org\/wp-content\/uploads\/2010\/03\/Leon-Algazi-enfant-avec-sa-mere-et-ses-2-soeurs-vers-1900_redim-e1707150845320-200x300.jpg 200w\" sizes=\"(max-width: 179px) 100vw, 179px\" \/><figcaption id=\"caption-attachment-108827\" class=\"wp-caption-text\"><strong>L\u00e9on Algazi als Kind mit seiner Mutter und seinen Schwestern um 1900<\/strong><\/figcaption><\/figure>\n<p>L\u00e9on Algazi zeigte schon fr\u00fch eine musikalische Veranlagung. Als er f\u00fcnf Jahre alt war, schnitzten ihm Zigeuner seine erste Geige aus einem Tannenbrett. Sp\u00e4ter, in Bukarest, leitet er den Chor seines Gymnasiums. 1905, im Alter von knapp 15 Jahren, reiste er nach Jerusalem, wobei er einen Teil der Reise auf dem R\u00fccken eines Esels zur\u00fccklegte, um einen Onkel seiner Mutter zu treffen, der Vorsteher der sephardischen Gemeinde war. In der heiligen Stadt lernte L\u00e9on Algazi etwa eineinhalb Jahre lang Rabbinistik, bevor er 1908 in das Seminaire isra\u00e9lite de France in der Rue Vauquelin in Paris eintrat, um seine theologischen Studien zu vervollst\u00e4ndigen. Dort blieb er bis zum 4. August 1914, als er sich als freiwilliger Krankenpfleger in der franz\u00f6sischen Armee meldete.<\/p>\n<p>Nachdem er 1919 die Rabbinerschule abgeschlossen hatte, ging Algazi nach Bukarest, um dort ein Priesteramt auszu\u00fcben. Der Oberrabbiner der Stadt sah in ihm jedoch einen gef\u00e4hrlichen Konkurrenten und stellte sich seinen Pl\u00e4nen in den Weg. Daraufhin gr\u00fcndete er am 10. Juni 1920 die Tageszeitung <em>Lupt\u00e4torul<\/em> (&#8222;Der Ringer&#8220;), deren Chefredakteur er war. Die sozialistische Zeitung wurde von der Regierung nicht akzeptiert und ein Jahr sp\u00e4ter verboten. L\u00e9on Algazi ging daraufhin ins Exil nach Wien, wo er bei Arnold Sch\u00f6nberg Musik studierte, unter anderem an der Seite von Hanns Eisler und Karl Rankl, und das Orchester des J\u00fcdischen Theaters in Wien leitete. Die Einrichtung ging jedoch bankrott, und Algazi kehrte 1923 nach Paris zur\u00fcck. Dort lernte er <a href=\"https:\/\/www.iemj.org\/de\/halphen-alice-1878-1963\/\" target=\"_blank\" rel=\"noopener\">Alice Halphen<\/a> kennen, die Witwe des Komponisten <a href=\"https:\/\/www.iemj.org\/de\/halphen-fernand-1872-1917\/\" target=\"_blank\" rel=\"noopener\">Fernand Halphen<\/a> (1872-1917). Diese au\u00dfergew\u00f6hnliche Frau, die ihn w\u00e4hrend seiner gesamten Karriere unterst\u00fctzte, machte ihn mit Andr\u00e9 G\u00e9dalge bekannt, der ihn in seine Klasse f\u00fcr Kontrapunkt und Fuge am Conservatoire national de musique aufnahm, wo er unter anderem mit Darius Milhaud zusammenarbeitete. Nach dem Tod seines Lehrers im Jahr 1926 setzte er seine Studien bei Raoul Laparra und Charles Koechelin fort.<\/p>\n<figure id=\"attachment_108839\" aria-describedby=\"caption-attachment-108839\" style=\"width: 698px\" class=\"wp-caption aligncenter\"><img fetchpriority=\"high\" decoding=\"async\" class=\"wp-image-108839\" src=\"https:\/\/www.iemj.org\/wp-content\/uploads\/2010\/03\/Leon-Algazi-au-centre-avec-la-barbe-a-sa-droit-Darius-Milhaud-dans-la-classe-de-Gedalge-vers-1924-1-300x125.jpg\" alt=\"\" width=\"698\" height=\"291\" srcset=\"https:\/\/www.iemj.org\/wp-content\/uploads\/2010\/03\/Leon-Algazi-au-centre-avec-la-barbe-a-sa-droit-Darius-Milhaud-dans-la-classe-de-Gedalge-vers-1924-1-300x125.jpg 300w, https:\/\/www.iemj.org\/wp-content\/uploads\/2010\/03\/Leon-Algazi-au-centre-avec-la-barbe-a-sa-droit-Darius-Milhaud-dans-la-classe-de-Gedalge-vers-1924-1.jpg 579w\" sizes=\"(max-width: 698px) 100vw, 698px\" \/><figcaption id=\"caption-attachment-108839\" class=\"wp-caption-text\"><strong>In der Klasse von G\u00e9dalge um 1924<\/strong> &#8211; L\u00e9on Algazi in der Mitte mit Bart; zu seiner Rechten Darius Milhaud<\/figcaption><\/figure>\n<figure id=\"attachment_45322\" aria-describedby=\"caption-attachment-45322\" style=\"width: 182px\" class=\"wp-caption alignleft\"><img decoding=\"async\" class=\"wp-image-45322\" src=\"https:\/\/www.iemj.org\/wp-content\/uploads\/2010\/03\/3_chansons_populaires_juives_Algazi.jpg\" alt=\"\" width=\"182\" height=\"240\" \/><figcaption id=\"caption-attachment-45322\" class=\"wp-caption-text\"><strong>Trois chansons populaires juives, 1925<\/strong><\/figcaption><\/figure>\n<p>Mit seiner Leidenschaft f\u00fcr Folklore<span class=\"footnote_referrer\"><a role=\"button\" tabindex=\"0\" onclick=\"footnote_moveToReference_108891_1('footnote_plugin_reference_108891_1_3');\" onkeypress=\"footnote_moveToReference_108891_1('footnote_plugin_reference_108891_1_3');\" ><sup id=\"footnote_plugin_tooltip_108891_1_3\" class=\"footnote_plugin_tooltip_text\">[3]<\/sup><\/a><span id=\"footnote_plugin_tooltip_text_108891_1_3\" class=\"footnote_tooltip\">Algazi stand in Kontakt mit seinem Landsmann, dem rum\u00e4nischen Ethnomusikologen Constantin Br\u0103iloiu, und verfolgte aufmerksam die Arbeit von Abraham Zvi Idelsohn, dem Gr\u00fcndervater der j\u00fcdischen&nbsp;&#x2026; <span class=\"footnote_tooltip_continue\"  onclick=\"footnote_moveToReference_108891_1('footnote_plugin_reference_108891_1_3');\">Lire la suite<\/span><\/span><\/span><script type=\"text\/javascript\"> jQuery('#footnote_plugin_tooltip_108891_1_3').tooltip({ tip: '#footnote_plugin_tooltip_text_108891_1_3', tipClass: 'footnote_tooltip', effect: 'fade', predelay: 0, fadeInSpeed: 200, delay: 400, fadeOutSpeed: 200, position: 'top center', relative: true, offset: [-7, 0], });<\/script>, ver\u00f6ffentlichte er 1925 <em>Trois chansons populaires juives<\/em> (Max Eschig et Cie, Paris) mit franz\u00f6sischen Texten von Edmond Fleg. 1928 schrieb er die B\u00fchnenmusik zu <em>Le Dibbouk<\/em> f\u00fcr das Ensemble Gaston Baty. 1929 gr\u00fcndete er die erste w\u00f6chentliche j\u00fcdische Radiosendung &#8222;La voix d&#8217;Isra\u00ebl&#8220;, die er &#8211; au\u00dfer w\u00e4hrend der Kriegsjahre &#8211; bis 1971 moderierte. Die Sendung, die 1948 den Namen &#8222;\u00c9coute Isra\u00ebl&#8220; erhielt, wurde nach seinem Tod von Victor Malka weitergef\u00fchrt.\u00a0<\/p>\n<p>In den fr\u00fchen 1930er Jahren leitete L\u00e9on Algazi zusammen mit Vladimir Dyck die hebr\u00e4ische Musiksammlung &#8222;Mizmor&#8220; beim Verlag Salabert. 1933 gr\u00fcndete er den Chorale Mizmor und traf dort seine Frau Tatiana Kaganoff, die er am 11. August desselben Jahres heiratete. Aus ihrer Ehe gingen zwei Kinder hervor: Jacques Eliaquim Joseph Algazi, am 25. September 1934, und Ir\u00e8ne Vida Frad\u00e9 Algazi, am 6. Oktober 1938.<\/p>\n<figure id=\"attachment_108852\" aria-describedby=\"caption-attachment-108852\" style=\"width: 180px\" class=\"wp-caption alignright\"><img loading=\"lazy\" decoding=\"async\" class=\"wp-image-108852\" src=\"https:\/\/www.iemj.org\/wp-content\/uploads\/2010\/03\/Partition-de-Algazi_Chants-juifs-du-film-David-Golder-1931-180x300.jpg\" alt=\"\" width=\"180\" height=\"300\" srcset=\"https:\/\/www.iemj.org\/wp-content\/uploads\/2010\/03\/Partition-de-Algazi_Chants-juifs-du-film-David-Golder-1931-180x300.jpg 180w, https:\/\/www.iemj.org\/wp-content\/uploads\/2010\/03\/Partition-de-Algazi_Chants-juifs-du-film-David-Golder-1931.jpg 300w\" sizes=\"(max-width: 180px) 100vw, 180px\" \/><figcaption id=\"caption-attachment-108852\" class=\"wp-caption-text\"><strong>Chants juifs aus dem film David Golder, 1931<\/strong><\/figcaption><\/figure>\n<p>Algazis musikwissenschaftliche Ver\u00f6ffentlichungen, seine Vortr\u00e4ge und die von ihm geleiteten Konzerte machten ihn bekannt. 1936 wurde er zum Professor f\u00fcr Geschichte und Theorie der hebr\u00e4ischen Musik an der Schola Cantorum und zum Professor f\u00fcr liturgische Musik an der \u00c9cole Rabbinique de France ernannt. Mit der Unterst\u00fctzung des Komponisten Darius Milhaud wurde er 1937 Leiter der Ch\u00f6re der gro\u00dfen Synagoge de la Victoire und Direktor der Musikdienste des israelitischen Konsistoriums von Paris.<\/p>\n<p>W\u00e4hrend des Krieges fl\u00fcchteten die Algazis nach Lyon<span class=\"footnote_referrer\"><a role=\"button\" tabindex=\"0\" onclick=\"footnote_moveToReference_108891_1('footnote_plugin_reference_108891_1_4');\" onkeypress=\"footnote_moveToReference_108891_1('footnote_plugin_reference_108891_1_4');\" ><sup id=\"footnote_plugin_tooltip_108891_1_4\" class=\"footnote_plugin_tooltip_text\">[4]<\/sup><\/a><span id=\"footnote_plugin_tooltip_text_108891_1_4\" class=\"footnote_tooltip\">L\u00e9on Algazi gr\u00fcndete dort das Bureau d&#8217;\u00e9tudes juives, eine Organisation, die etwa f\u00fcnfzig j\u00fcdische Intellektuelle zusammenbrachte, die historische, wirtschaftliche, philosophische und&nbsp;&#x2026; <span class=\"footnote_tooltip_continue\"  onclick=\"footnote_moveToReference_108891_1('footnote_plugin_reference_108891_1_4');\">Lire la suite<\/span><\/span><\/span><script type=\"text\/javascript\"> jQuery('#footnote_plugin_tooltip_108891_1_4').tooltip({ tip: '#footnote_plugin_tooltip_text_108891_1_4', tipClass: 'footnote_tooltip', effect: 'fade', predelay: 0, fadeInSpeed: 200, delay: 400, fadeOutSpeed: 200, position: 'top center', relative: true, offset: [-7, 0], });<\/script>, bevor sie am 9. August 1943 in die Schweiz flohen. Dort fanden sie in Freiburg Zuflucht in einer Pension, die von Franziskanerinnen gef\u00fchrt wurde. L\u00e9on Algazi hielt in verschiedenen St\u00e4dten der Schweiz Vortr\u00e4ge \u00fcber j\u00fcdische Musik und Spiritualit\u00e4t. Dort hielt er bis 1945 das Harmonium der Kongregation.<\/p>\n<figure id=\"attachment_108812\" aria-describedby=\"caption-attachment-108812\" style=\"width: 300px\" class=\"wp-caption alignleft\"><img loading=\"lazy\" decoding=\"async\" class=\"wp-image-108812 size-medium\" src=\"https:\/\/www.iemj.org\/wp-content\/uploads\/2024\/02\/Leon-Algazi-au-piano-1957_500px-300x194.jpg\" alt=\"\" width=\"300\" height=\"194\" srcset=\"https:\/\/www.iemj.org\/wp-content\/uploads\/2024\/02\/Leon-Algazi-au-piano-1957_500px-300x194.jpg 300w, https:\/\/www.iemj.org\/wp-content\/uploads\/2024\/02\/Leon-Algazi-au-piano-1957_500px.jpg 500w\" sizes=\"(max-width: 300px) 100vw, 300px\" \/><figcaption id=\"caption-attachment-108812\" class=\"wp-caption-text\"><strong>L\u00e9on Algazi am Klavier, 1957<\/strong><\/figcaption><\/figure>\n<p>Nach dem Krieg kehrte L\u00e9on Algazi nach Paris zur\u00fcck und nahm seine Aktivit\u00e4ten wieder auf. Als Journalist, Radioproduzent, Chorleiter, Komponist, Musikverleger, Gewerkschaftsvorsitzender f\u00fcr Dirigenten der religi\u00f6sen Musik, Lehrer und Direktor der israelitischen Schule f\u00fcr P\u00e4dagogik und Liturgie des israelitischen Seminars in Frankreich spr\u00fcht L\u00e9on Algazi vor Energie und Projekten. Vollkommen unerm\u00fcdlich schrieb er zahlreiche Artikel \u00fcber die j\u00fcdische Musik und beteiligte sich gemeinsam mit Jules Isaac und Edmond Fleg aktiv am Aufbau der J\u00fcdisch-Christlichen Freundschaft (Amiti\u00e9 jud\u00e9o-chr\u00e9tienne). Mit Letzterem, L\u00e9on Pougatch und Jean Halp\u00e9rin initiierte er am 24. Mai 1957 das erste Colloque des Intellectuels Juifs de langue fran\u00e7aise (Kolloquium der j\u00fcdischen Intellektuellen franz\u00f6sischer Sprache). Schlie\u00dflich organisierte er vom 4. bis 13. November 1957 den ersten internationalen Kongress f\u00fcr j\u00fcdische Musik in Paris.<\/p>\n<figure id=\"attachment_45327\" aria-describedby=\"caption-attachment-45327\" style=\"width: 337px\" class=\"wp-caption alignright\"><img loading=\"lazy\" decoding=\"async\" class=\"wp-image-45327\" src=\"https:\/\/www.iemj.org\/wp-content\/uploads\/2010\/03\/Leon_algazi_1er_rang_au_centre.jpg\" alt=\"\" width=\"337\" height=\"247\" \/><figcaption id=\"caption-attachment-45327\" class=\"wp-caption-text\"><strong>Erster internationaler Kongress f\u00fcr j\u00fcdische Musik, Paris Nov 1957<\/strong><\/figcaption><\/figure>\n<p>L\u00e9on Algazi, der 1961 zum Musikdirekter des Temples consistoriaux ernannt wurde, starb am Montag, den 1. M\u00e4rz 1971, an den Folgen eines geplatzten Aortenaneurysmas, w\u00e4hrend er eine Radiosendung \u00fcber Paul Claudel vorbereitete, die am darauffolgenden Sonntag stattfinden sollte.<\/p>\n<p>L\u00e9on Algazi hinterl\u00e4sst der Nachwelt ein vielseitiges und noch zu wenig bekanntes Werk: Unter seinen Kompositionen mit liturgischem oder folkloristischem Charakter ist der <em>Service sacr\u00e9<\/em> hervorzuheben<span class=\"footnote_referrer\"><a role=\"button\" tabindex=\"0\" onclick=\"footnote_moveToReference_108891_1('footnote_plugin_reference_108891_1_5');\" onkeypress=\"footnote_moveToReference_108891_1('footnote_plugin_reference_108891_1_5');\" ><sup id=\"footnote_plugin_tooltip_108891_1_5\" class=\"footnote_plugin_tooltip_text\">[5]<\/sup><\/a><span id=\"footnote_plugin_tooltip_text_108891_1_5\" class=\"footnote_tooltip\">Der Service sacr\u00e9 ist das Ergebnis eines Auftrags des Tempels Emanu-El in New-York. Der Autor selbst leitete die erste Auff\u00fchrung im M\u00e4rz 1952. Die franz\u00f6sische Erstauff\u00fchrung fand am 21. M\u00e4rz&nbsp;&#x2026; <span class=\"footnote_tooltip_continue\"  onclick=\"footnote_moveToReference_108891_1('footnote_plugin_reference_108891_1_5');\">Lire la suite<\/span><\/span><\/span><script type=\"text\/javascript\"> jQuery('#footnote_plugin_tooltip_108891_1_5').tooltip({ tip: '#footnote_plugin_tooltip_text_108891_1_5', tipClass: 'footnote_tooltip', effect: 'fade', predelay: 0, fadeInSpeed: 200, delay: 400, fadeOutSpeed: 200, position: 'top center', relative: true, offset: [-7, 0], });<\/script> (New York, 1952), Orchestersuiten (<em>Suite hassidique<\/em>, 1948), Psalmen und andere Musik f\u00fcr die Synagoge, Harmonisierungen traditioneller Lieder (<em>Trois chansons populaires juives<\/em>, 1925; <em>Trois chants traditionnels h\u00e9bra\u00efques<\/em>, 1929); <em>Quatre m\u00e9lodies jud\u00e9o-espagnoles<\/em>, 1945), und, eher anekdotisch, Musik f\u00fcr den Film (<em>David Golder<\/em>, 1931) oder das Theater (<em>Le Dibbouk<\/em>, 1928; <em>Joe et Compagnie<\/em>, 1930; <em>Ma\u00eetre apr\u00e8s Dieu<\/em>, 1948; <em>Athalie<\/em>, 1955). L\u00e9on Algazi, der sephardischer Abstammung ist, sammelte auch j\u00fcdisch-spanische Lieder, die in einer Anthologie (<em>Chants s\u00e9phardis<\/em>, London, 1958) zusammengefasst wurden.<\/p>\n<figure id=\"attachment_3257\" aria-describedby=\"caption-attachment-3257\" style=\"width: 576px\" class=\"wp-caption aligncenter\"><img loading=\"lazy\" decoding=\"async\" class=\"wp-image-3257\" src=\"https:\/\/www.iemj.org\/wp-content\/uploads\/2010\/03\/baguette_chef_d_orchestre_de_leon_algazidef.jpg\" alt=\"baguette_chef_d_orchestre_de_leon_algazidef.jpg\" width=\"576\" height=\"178\" align=\"center\" \/><figcaption id=\"caption-attachment-3257\" class=\"wp-caption-text\"><strong>Taktstock von Leon Algazi<\/strong><\/figcaption><\/figure>\n<ul>\n<li><a href=\"https:\/\/www.iemj.org\/leon-algazi-1890-1971\/\" target=\"_blank\" rel=\"noopener\">H\u00f6ren Sie die Playlist: L\u00e9on Algazis Musik<\/a><\/li>\n<li><a href=\"https:\/\/www.iemj.org\/fonds-leon-algazi\/\" target=\"_blank\" rel=\"noopener\">Lesen Sie den Beitrag \u00fcber den Fonds der Archive des L\u00e9on Algazi<\/a><\/li>\n<li><a href=\"http:\/\/www.rachelnet.net\/F\/?func=find-c&amp;ccl_term=WRD+%3D+Algazi+ET+WRD+%3D+L%C3%A9on+SAUF+WRD+%3D+Isaac&amp;local_base=iemcg\" target=\"_blank\" rel=\"noopener\">Greifen Sie auf die L\u00e9on Algazi Archive zu<\/a><\/li>\n<li><a href=\"https:\/\/www.iemj.org\/de\/leon-algazi-1890-1971-un-pionnier-des-musiques-juives-en-france\/\" target=\"_blank\" rel=\"noopener\">Video ansehen : L\u00e9on Algazi (1890-1971), ein Pionier der j\u00fcdischen Musik in Frankreich<\/a><\/li>\n<\/ul>\n\n\n<figure class=\"wp-block-video aligncenter\"><video height=\"576\" style=\"aspect-ratio: 720 \/ 576;\" width=\"720\" controls poster=\"https:\/\/www.iemj.org\/wp-content\/uploads\/2010\/03\/Et-voici.png\" src=\"https:\/\/www.iemj.org\/wp-content\/uploads\/2010\/03\/V_193_video_famille-Algazi.m4v\"><\/video><figcaption class=\"wp-element-caption\"><strong>Stummfilm in Farbe, \u00fcber Leon Algazis Familie<\/strong><\/figcaption><\/figure>\n\n\n\n<p><\/p>\n<div class=\"speaker-mute footnotes_reference_container\"> <div class=\"footnote_container_prepare\"><p><span role=\"button\" tabindex=\"0\" class=\"footnote_reference_container_label pointer\" onclick=\"footnote_expand_collapse_reference_container_108891_1();\">&#x202F;<\/span><span role=\"button\" tabindex=\"0\" class=\"footnote_reference_container_collapse_button\" style=\"display: none;\" onclick=\"footnote_expand_collapse_reference_container_108891_1();\">[<a id=\"footnote_reference_container_collapse_button_108891_1\">+<\/a>]<\/span><\/p><\/div> <div id=\"footnote_references_container_108891_1\" style=\"\"><table class=\"footnotes_table footnote-reference-container\"><caption class=\"accessibility\">References<\/caption> <tbody> \r\n\r\n<tr class=\"footnotes_plugin_reference_row\"> <th scope=\"row\" class=\"footnote_plugin_index_combi pointer\"  onclick=\"footnote_moveToAnchor_108891_1('footnote_plugin_tooltip_108891_1_1');\"><a id=\"footnote_plugin_reference_108891_1_1\" class=\"footnote_backlink\">1<\/a><\/th> <td class=\"footnote_plugin_text\">Dieser Text ist dem Andenken an Jacques Algazi gewidmet, der am 1. M\u00e4rz 2021, auf den Tag genau 50 Jahre nach dem Tod seines Vaters, verstarb, sowie Beatrice Algazi, seiner Tochter, die so freundlich war, mir zahlreiche Elemente zur Verf\u00fcgung zu stellen, die f\u00fcr die Erstellung dieser Hommage verwendet wurden.<\/td><\/tr>\r\n\r\n<tr class=\"footnotes_plugin_reference_row\"> <th scope=\"row\" class=\"footnote_plugin_index_combi pointer\"  onclick=\"footnote_moveToAnchor_108891_1('footnote_plugin_tooltip_108891_1_2');\"><a id=\"footnote_plugin_reference_108891_1_2\" class=\"footnote_backlink\">2<\/a><\/th> <td class=\"footnote_plugin_text\">Es bestehen Zweifel \u00fcber das genaue Geburtsdatum von L\u00e9on Algazi. In seinem Rabbinerdiplom ist der 13. Februar 1890 vermerkt, aber laut seinem Sohn Jacques wurde in seiner Familie manchmal auch der 11. Februar genannt<\/td><\/tr>\r\n\r\n<tr class=\"footnotes_plugin_reference_row\"> <th scope=\"row\" class=\"footnote_plugin_index_combi pointer\"  onclick=\"footnote_moveToAnchor_108891_1('footnote_plugin_tooltip_108891_1_3');\"><a id=\"footnote_plugin_reference_108891_1_3\" class=\"footnote_backlink\">3<\/a><\/th> <td class=\"footnote_plugin_text\">Algazi stand in Kontakt mit seinem Landsmann, dem rum\u00e4nischen Ethnomusikologen Constantin Br\u0103iloiu, und verfolgte aufmerksam die Arbeit von Abraham Zvi Idelsohn, dem Gr\u00fcndervater der j\u00fcdischen Musikwissenschaft<\/td><\/tr>\r\n\r\n<tr class=\"footnotes_plugin_reference_row\"> <th scope=\"row\" class=\"footnote_plugin_index_combi pointer\"  onclick=\"footnote_moveToAnchor_108891_1('footnote_plugin_tooltip_108891_1_4');\"><a id=\"footnote_plugin_reference_108891_1_4\" class=\"footnote_backlink\">4<\/a><\/th> <td class=\"footnote_plugin_text\">L\u00e9on Algazi gr\u00fcndete dort das Bureau d&#8217;\u00e9tudes juives, eine Organisation, die etwa f\u00fcnfzig j\u00fcdische Intellektuelle zusammenbrachte, die historische, wirtschaftliche, philosophische und literarische Arbeiten verfassten, die sich mit dem Judentum und seinen Beitr\u00e4gen zur franz\u00f6sischen Gesellschaft befassten. Auch Katholiken und Protestanten beteiligten sich an der T\u00e4tigkeit dieses B\u00fcros.<\/td><\/tr>\r\n\r\n<tr class=\"footnotes_plugin_reference_row\"> <th scope=\"row\" class=\"footnote_plugin_index_combi pointer\"  onclick=\"footnote_moveToAnchor_108891_1('footnote_plugin_tooltip_108891_1_5');\"><a id=\"footnote_plugin_reference_108891_1_5\" class=\"footnote_backlink\">5<\/a><\/th> <td class=\"footnote_plugin_text\">Der <em>Service sacr\u00e9<\/em> ist das Ergebnis eines Auftrags des Tempels Emanu-El in New-York. Der Autor selbst leitete die erste Auff\u00fchrung im M\u00e4rz 1952. Die franz\u00f6sische Erstauff\u00fchrung fand am 21. M\u00e4rz 1955 in der Salle Gaveau statt, ebenfalls unter der Leitung von Algazi. <\/td><\/tr>\r\n\r\n <\/tbody> <\/table> <\/div><\/div><script type=\"text\/javascript\"> function footnote_expand_reference_container_108891_1() { jQuery('#footnote_references_container_108891_1').show(); jQuery('#footnote_reference_container_collapse_button_108891_1').text('\u2212'); } function footnote_collapse_reference_container_108891_1() { jQuery('#footnote_references_container_108891_1').hide(); jQuery('#footnote_reference_container_collapse_button_108891_1').text('+'); } function footnote_expand_collapse_reference_container_108891_1() { if (jQuery('#footnote_references_container_108891_1').is(':hidden')) { footnote_expand_reference_container_108891_1(); } else { footnote_collapse_reference_container_108891_1(); } } function footnote_moveToReference_108891_1(p_str_TargetID) { footnote_expand_reference_container_108891_1(); var l_obj_Target = jQuery('#' + p_str_TargetID); if (l_obj_Target.length) { jQuery( 'html, body' ).delay( 0 ); jQuery('html, body').animate({ scrollTop: l_obj_Target.offset().top - window.innerHeight * 0.2 }, 380); } } function footnote_moveToAnchor_108891_1(p_str_TargetID) { footnote_expand_reference_container_108891_1(); var l_obj_Target = jQuery('#' + p_str_TargetID); if (l_obj_Target.length) { jQuery( 'html, body' ).delay( 0 ); jQuery('html, body').animate({ scrollTop: l_obj_Target.offset().top - window.innerHeight * 0.2 }, 380); } }<\/script>","protected":false},"excerpt":{"rendered":"<p>Von Herv\u00e9 Roten[1]Dieser Text ist dem Andenken an Jacques Algazi gewidmet, der am 1. M\u00e4rz 2021, auf den Tag genau 50 Jahre nach dem Tod seines Vaters, verstarb, sowie Beatrice<\/p>\n","protected":false},"author":1046,"featured_media":45355,"comment_status":"closed","ping_status":"open","sticky":false,"template":"","format":"standard","meta":{"_acf_changed":false,"footnotes":""},"categories":[1415],"tags":[],"technique":[],"squelettes":[585],"sujet":[1822,2111],"formation":[],"genre":[],"fonds":[],"tradition":[],"type-de-contenu":[],"interprete-compositeur":[3251],"frise":[],"type-devenement":[],"tableaux-liens-externes":[],"class_list":["post-108891","post","type-post","status-publish","format-standard","has-post-thumbnail","hentry","category-biografien-de","squelettes-contenu","sujet-frankreich-de","sujet-synagogenmusik-de","interprete-compositeur-leon-algazi-de"],"acf":[],"yoast_head":"<!-- This site is optimized with the Yoast SEO plugin v27.3 - https:\/\/yoast.com\/product\/yoast-seo-wordpress\/ -->\n<title>Algazi, L\u00e9on (1890-1971) - Institut Europ\u00e9en des Musiques Juives<\/title>\n<meta name=\"robots\" content=\"index, follow, max-snippet:-1, max-image-preview:large, max-video-preview:-1\" \/>\n<link rel=\"canonical\" href=\"https:\/\/www.iemj.org\/de\/algazi-leon-1890-1971\/\" \/>\n<meta property=\"og:locale\" content=\"de_DE\" \/>\n<meta property=\"og:type\" content=\"article\" \/>\n<meta property=\"og:title\" content=\"Algazi, L\u00e9on (1890-1971) - Institut Europ\u00e9en des Musiques Juives\" \/>\n<meta property=\"og:description\" content=\"Von Herv\u00e9 Roten[1]Dieser Text ist dem Andenken an Jacques Algazi gewidmet, der am 1. M\u00e4rz 2021, auf den Tag genau 50 Jahre nach dem Tod seines Vaters, verstarb, sowie Beatrice\" \/>\n<meta property=\"og:url\" content=\"https:\/\/www.iemj.org\/de\/algazi-leon-1890-1971\/\" \/>\n<meta property=\"og:site_name\" content=\"Institut Europ\u00e9en des Musiques Juives\" \/>\n<meta property=\"article:publisher\" content=\"https:\/\/www.facebook.com\/MusiquesJuives\/\" \/>\n<meta property=\"article:published_time\" content=\"2010-03-30T16:11:46+00:00\" \/>\n<meta property=\"article:modified_time\" content=\"2024-02-07T09:55:42+00:00\" \/>\n<meta property=\"og:image\" content=\"https:\/\/www.iemj.org\/wp-content\/uploads\/2010\/03\/arton77-e1617032086559.jpg\" \/>\n\t<meta property=\"og:image:width\" content=\"173\" \/>\n\t<meta property=\"og:image:height\" content=\"218\" \/>\n\t<meta property=\"og:image:type\" content=\"image\/jpeg\" \/>\n<meta name=\"author\" content=\"Isabelle Jouve\" \/>\n<meta name=\"twitter:card\" content=\"summary_large_image\" \/>\n<meta name=\"twitter:label1\" content=\"Verfasst von\" \/>\n\t<meta name=\"twitter:data1\" content=\"Isabelle Jouve\" \/>\n\t<meta name=\"twitter:label2\" content=\"Gesch\u00e4tzte Lesezeit\" \/>\n\t<meta name=\"twitter:data2\" content=\"8\u00a0Minuten\" \/>\n<script type=\"application\/ld+json\" class=\"yoast-schema-graph\">{\"@context\":\"https:\\\/\\\/schema.org\",\"@graph\":[{\"@type\":\"Article\",\"@id\":\"https:\\\/\\\/www.iemj.org\\\/de\\\/algazi-leon-1890-1971\\\/#article\",\"isPartOf\":{\"@id\":\"https:\\\/\\\/www.iemj.org\\\/de\\\/algazi-leon-1890-1971\\\/\"},\"author\":{\"name\":\"Isabelle Jouve\",\"@id\":\"https:\\\/\\\/www.iemj.org\\\/de\\\/#\\\/schema\\\/person\\\/94283a7f5a8b28a85fdab0ae54777472\"},\"headline\":\"Algazi, L\u00e9on (1890-1971)\",\"datePublished\":\"2010-03-30T16:11:46+00:00\",\"dateModified\":\"2024-02-07T09:55:42+00:00\",\"mainEntityOfPage\":{\"@id\":\"https:\\\/\\\/www.iemj.org\\\/de\\\/algazi-leon-1890-1971\\\/\"},\"wordCount\":1344,\"publisher\":{\"@id\":\"https:\\\/\\\/www.iemj.org\\\/de\\\/#organization\"},\"image\":{\"@id\":\"https:\\\/\\\/www.iemj.org\\\/de\\\/algazi-leon-1890-1971\\\/#primaryimage\"},\"thumbnailUrl\":\"https:\\\/\\\/www.iemj.org\\\/wp-content\\\/uploads\\\/2010\\\/03\\\/arton77-e1617032086559.jpg\",\"articleSection\":[\"Biografien\"],\"inLanguage\":\"de\"},{\"@type\":\"WebPage\",\"@id\":\"https:\\\/\\\/www.iemj.org\\\/de\\\/algazi-leon-1890-1971\\\/\",\"url\":\"https:\\\/\\\/www.iemj.org\\\/de\\\/algazi-leon-1890-1971\\\/\",\"name\":\"Algazi, L\u00e9on (1890-1971) - Institut Europ\u00e9en des Musiques Juives\",\"isPartOf\":{\"@id\":\"https:\\\/\\\/www.iemj.org\\\/de\\\/#website\"},\"primaryImageOfPage\":{\"@id\":\"https:\\\/\\\/www.iemj.org\\\/de\\\/algazi-leon-1890-1971\\\/#primaryimage\"},\"image\":{\"@id\":\"https:\\\/\\\/www.iemj.org\\\/de\\\/algazi-leon-1890-1971\\\/#primaryimage\"},\"thumbnailUrl\":\"https:\\\/\\\/www.iemj.org\\\/wp-content\\\/uploads\\\/2010\\\/03\\\/arton77-e1617032086559.jpg\",\"datePublished\":\"2010-03-30T16:11:46+00:00\",\"dateModified\":\"2024-02-07T09:55:42+00:00\",\"breadcrumb\":{\"@id\":\"https:\\\/\\\/www.iemj.org\\\/de\\\/algazi-leon-1890-1971\\\/#breadcrumb\"},\"inLanguage\":\"de\",\"potentialAction\":[{\"@type\":\"ReadAction\",\"target\":[\"https:\\\/\\\/www.iemj.org\\\/de\\\/algazi-leon-1890-1971\\\/\"]}]},{\"@type\":\"ImageObject\",\"inLanguage\":\"de\",\"@id\":\"https:\\\/\\\/www.iemj.org\\\/de\\\/algazi-leon-1890-1971\\\/#primaryimage\",\"url\":\"https:\\\/\\\/www.iemj.org\\\/wp-content\\\/uploads\\\/2010\\\/03\\\/arton77-e1617032086559.jpg\",\"contentUrl\":\"https:\\\/\\\/www.iemj.org\\\/wp-content\\\/uploads\\\/2010\\\/03\\\/arton77-e1617032086559.jpg\",\"width\":173,\"height\":218},{\"@type\":\"BreadcrumbList\",\"@id\":\"https:\\\/\\\/www.iemj.org\\\/de\\\/algazi-leon-1890-1971\\\/#breadcrumb\",\"itemListElement\":[{\"@type\":\"ListItem\",\"position\":1,\"name\":\"Accueil\",\"item\":\"https:\\\/\\\/www.iemj.org\\\/de\\\/\"},{\"@type\":\"ListItem\",\"position\":2,\"name\":\"Algazi, L\u00e9on (1890-1971)\"}]},{\"@type\":\"WebSite\",\"@id\":\"https:\\\/\\\/www.iemj.org\\\/de\\\/#website\",\"url\":\"https:\\\/\\\/www.iemj.org\\\/de\\\/\",\"name\":\"Institut Europ\u00e9en des Musiques Juives\",\"description\":\"Des traditions musicales \u00e0 la port\u00e9e de tous\",\"publisher\":{\"@id\":\"https:\\\/\\\/www.iemj.org\\\/de\\\/#organization\"},\"potentialAction\":[{\"@type\":\"SearchAction\",\"target\":{\"@type\":\"EntryPoint\",\"urlTemplate\":\"https:\\\/\\\/www.iemj.org\\\/de\\\/?s={search_term_string}\"},\"query-input\":{\"@type\":\"PropertyValueSpecification\",\"valueRequired\":true,\"valueName\":\"search_term_string\"}}],\"inLanguage\":\"de\"},{\"@type\":\"Organization\",\"@id\":\"https:\\\/\\\/www.iemj.org\\\/de\\\/#organization\",\"name\":\"Institut Europ\u00e9en des Musiques Juives\",\"url\":\"https:\\\/\\\/www.iemj.org\\\/de\\\/\",\"logo\":{\"@type\":\"ImageObject\",\"inLanguage\":\"de\",\"@id\":\"https:\\\/\\\/www.iemj.org\\\/de\\\/#\\\/schema\\\/logo\\\/image\\\/\",\"url\":\"https:\\\/\\\/www.iemj.org\\\/wp-content\\\/uploads\\\/2021\\\/09\\\/Logo-IEMJ-Paypal.jpg\",\"contentUrl\":\"https:\\\/\\\/www.iemj.org\\\/wp-content\\\/uploads\\\/2021\\\/09\\\/Logo-IEMJ-Paypal.jpg\",\"width\":150,\"height\":50,\"caption\":\"Institut Europ\u00e9en des Musiques Juives\"},\"image\":{\"@id\":\"https:\\\/\\\/www.iemj.org\\\/de\\\/#\\\/schema\\\/logo\\\/image\\\/\"},\"sameAs\":[\"https:\\\/\\\/www.facebook.com\\\/MusiquesJuives\\\/\",\"https:\\\/\\\/www.instagram.com\\\/musiquesjuives\\\/\",\"https:\\\/\\\/www.youtube.com\\\/user\\\/musiquesjuives\"]},{\"@type\":\"Person\",\"@id\":\"https:\\\/\\\/www.iemj.org\\\/de\\\/#\\\/schema\\\/person\\\/94283a7f5a8b28a85fdab0ae54777472\",\"name\":\"Isabelle Jouve\",\"image\":{\"@type\":\"ImageObject\",\"inLanguage\":\"de\",\"@id\":\"https:\\\/\\\/secure.gravatar.com\\\/avatar\\\/bc547a31cb8a12b3ffc0f7fcf1f2dbd4fc06e95ad13a451095d8316a6d5a59a6?s=96&d=mm&r=g\",\"url\":\"https:\\\/\\\/secure.gravatar.com\\\/avatar\\\/bc547a31cb8a12b3ffc0f7fcf1f2dbd4fc06e95ad13a451095d8316a6d5a59a6?s=96&d=mm&r=g\",\"contentUrl\":\"https:\\\/\\\/secure.gravatar.com\\\/avatar\\\/bc547a31cb8a12b3ffc0f7fcf1f2dbd4fc06e95ad13a451095d8316a6d5a59a6?s=96&d=mm&r=g\",\"caption\":\"Isabelle Jouve\"}}]}<\/script>\n<!-- \/ Yoast SEO plugin. -->","yoast_head_json":{"title":"Algazi, L\u00e9on (1890-1971) - Institut Europ\u00e9en des Musiques Juives","robots":{"index":"index","follow":"follow","max-snippet":"max-snippet:-1","max-image-preview":"max-image-preview:large","max-video-preview":"max-video-preview:-1"},"canonical":"https:\/\/www.iemj.org\/de\/algazi-leon-1890-1971\/","og_locale":"de_DE","og_type":"article","og_title":"Algazi, L\u00e9on (1890-1971) - Institut Europ\u00e9en des Musiques Juives","og_description":"Von Herv\u00e9 Roten[1]Dieser Text ist dem Andenken an Jacques Algazi gewidmet, der am 1. M\u00e4rz 2021, auf den Tag genau 50 Jahre nach dem Tod seines Vaters, verstarb, sowie Beatrice","og_url":"https:\/\/www.iemj.org\/de\/algazi-leon-1890-1971\/","og_site_name":"Institut Europ\u00e9en des Musiques Juives","article_publisher":"https:\/\/www.facebook.com\/MusiquesJuives\/","article_published_time":"2010-03-30T16:11:46+00:00","article_modified_time":"2024-02-07T09:55:42+00:00","og_image":[{"width":173,"height":218,"url":"https:\/\/www.iemj.org\/wp-content\/uploads\/2010\/03\/arton77-e1617032086559.jpg","type":"image\/jpeg"}],"author":"Isabelle Jouve","twitter_card":"summary_large_image","twitter_misc":{"Verfasst von":"Isabelle Jouve","Gesch\u00e4tzte Lesezeit":"8\u00a0Minuten"},"schema":{"@context":"https:\/\/schema.org","@graph":[{"@type":"Article","@id":"https:\/\/www.iemj.org\/de\/algazi-leon-1890-1971\/#article","isPartOf":{"@id":"https:\/\/www.iemj.org\/de\/algazi-leon-1890-1971\/"},"author":{"name":"Isabelle Jouve","@id":"https:\/\/www.iemj.org\/de\/#\/schema\/person\/94283a7f5a8b28a85fdab0ae54777472"},"headline":"Algazi, L\u00e9on (1890-1971)","datePublished":"2010-03-30T16:11:46+00:00","dateModified":"2024-02-07T09:55:42+00:00","mainEntityOfPage":{"@id":"https:\/\/www.iemj.org\/de\/algazi-leon-1890-1971\/"},"wordCount":1344,"publisher":{"@id":"https:\/\/www.iemj.org\/de\/#organization"},"image":{"@id":"https:\/\/www.iemj.org\/de\/algazi-leon-1890-1971\/#primaryimage"},"thumbnailUrl":"https:\/\/www.iemj.org\/wp-content\/uploads\/2010\/03\/arton77-e1617032086559.jpg","articleSection":["Biografien"],"inLanguage":"de"},{"@type":"WebPage","@id":"https:\/\/www.iemj.org\/de\/algazi-leon-1890-1971\/","url":"https:\/\/www.iemj.org\/de\/algazi-leon-1890-1971\/","name":"Algazi, L\u00e9on (1890-1971) - Institut Europ\u00e9en des Musiques Juives","isPartOf":{"@id":"https:\/\/www.iemj.org\/de\/#website"},"primaryImageOfPage":{"@id":"https:\/\/www.iemj.org\/de\/algazi-leon-1890-1971\/#primaryimage"},"image":{"@id":"https:\/\/www.iemj.org\/de\/algazi-leon-1890-1971\/#primaryimage"},"thumbnailUrl":"https:\/\/www.iemj.org\/wp-content\/uploads\/2010\/03\/arton77-e1617032086559.jpg","datePublished":"2010-03-30T16:11:46+00:00","dateModified":"2024-02-07T09:55:42+00:00","breadcrumb":{"@id":"https:\/\/www.iemj.org\/de\/algazi-leon-1890-1971\/#breadcrumb"},"inLanguage":"de","potentialAction":[{"@type":"ReadAction","target":["https:\/\/www.iemj.org\/de\/algazi-leon-1890-1971\/"]}]},{"@type":"ImageObject","inLanguage":"de","@id":"https:\/\/www.iemj.org\/de\/algazi-leon-1890-1971\/#primaryimage","url":"https:\/\/www.iemj.org\/wp-content\/uploads\/2010\/03\/arton77-e1617032086559.jpg","contentUrl":"https:\/\/www.iemj.org\/wp-content\/uploads\/2010\/03\/arton77-e1617032086559.jpg","width":173,"height":218},{"@type":"BreadcrumbList","@id":"https:\/\/www.iemj.org\/de\/algazi-leon-1890-1971\/#breadcrumb","itemListElement":[{"@type":"ListItem","position":1,"name":"Accueil","item":"https:\/\/www.iemj.org\/de\/"},{"@type":"ListItem","position":2,"name":"Algazi, L\u00e9on (1890-1971)"}]},{"@type":"WebSite","@id":"https:\/\/www.iemj.org\/de\/#website","url":"https:\/\/www.iemj.org\/de\/","name":"Institut Europ\u00e9en des Musiques Juives","description":"Des traditions musicales \u00e0 la port\u00e9e de tous","publisher":{"@id":"https:\/\/www.iemj.org\/de\/#organization"},"potentialAction":[{"@type":"SearchAction","target":{"@type":"EntryPoint","urlTemplate":"https:\/\/www.iemj.org\/de\/?s={search_term_string}"},"query-input":{"@type":"PropertyValueSpecification","valueRequired":true,"valueName":"search_term_string"}}],"inLanguage":"de"},{"@type":"Organization","@id":"https:\/\/www.iemj.org\/de\/#organization","name":"Institut Europ\u00e9en des Musiques Juives","url":"https:\/\/www.iemj.org\/de\/","logo":{"@type":"ImageObject","inLanguage":"de","@id":"https:\/\/www.iemj.org\/de\/#\/schema\/logo\/image\/","url":"https:\/\/www.iemj.org\/wp-content\/uploads\/2021\/09\/Logo-IEMJ-Paypal.jpg","contentUrl":"https:\/\/www.iemj.org\/wp-content\/uploads\/2021\/09\/Logo-IEMJ-Paypal.jpg","width":150,"height":50,"caption":"Institut Europ\u00e9en des Musiques Juives"},"image":{"@id":"https:\/\/www.iemj.org\/de\/#\/schema\/logo\/image\/"},"sameAs":["https:\/\/www.facebook.com\/MusiquesJuives\/","https:\/\/www.instagram.com\/musiquesjuives\/","https:\/\/www.youtube.com\/user\/musiquesjuives"]},{"@type":"Person","@id":"https:\/\/www.iemj.org\/de\/#\/schema\/person\/94283a7f5a8b28a85fdab0ae54777472","name":"Isabelle Jouve","image":{"@type":"ImageObject","inLanguage":"de","@id":"https:\/\/secure.gravatar.com\/avatar\/bc547a31cb8a12b3ffc0f7fcf1f2dbd4fc06e95ad13a451095d8316a6d5a59a6?s=96&d=mm&r=g","url":"https:\/\/secure.gravatar.com\/avatar\/bc547a31cb8a12b3ffc0f7fcf1f2dbd4fc06e95ad13a451095d8316a6d5a59a6?s=96&d=mm&r=g","contentUrl":"https:\/\/secure.gravatar.com\/avatar\/bc547a31cb8a12b3ffc0f7fcf1f2dbd4fc06e95ad13a451095d8316a6d5a59a6?s=96&d=mm&r=g","caption":"Isabelle Jouve"}}]}},"_links":{"self":[{"href":"https:\/\/www.iemj.org\/de\/wp-json\/wp\/v2\/posts\/108891","targetHints":{"allow":["GET"]}}],"collection":[{"href":"https:\/\/www.iemj.org\/de\/wp-json\/wp\/v2\/posts"}],"about":[{"href":"https:\/\/www.iemj.org\/de\/wp-json\/wp\/v2\/types\/post"}],"author":[{"embeddable":true,"href":"https:\/\/www.iemj.org\/de\/wp-json\/wp\/v2\/users\/1046"}],"replies":[{"embeddable":true,"href":"https:\/\/www.iemj.org\/de\/wp-json\/wp\/v2\/comments?post=108891"}],"version-history":[{"count":0,"href":"https:\/\/www.iemj.org\/de\/wp-json\/wp\/v2\/posts\/108891\/revisions"}],"wp:featuredmedia":[{"embeddable":true,"href":"https:\/\/www.iemj.org\/de\/wp-json\/wp\/v2\/media\/45355"}],"wp:attachment":[{"href":"https:\/\/www.iemj.org\/de\/wp-json\/wp\/v2\/media?parent=108891"}],"wp:term":[{"taxonomy":"category","embeddable":true,"href":"https:\/\/www.iemj.org\/de\/wp-json\/wp\/v2\/categories?post=108891"},{"taxonomy":"post_tag","embeddable":true,"href":"https:\/\/www.iemj.org\/de\/wp-json\/wp\/v2\/tags?post=108891"},{"taxonomy":"technique","embeddable":true,"href":"https:\/\/www.iemj.org\/de\/wp-json\/wp\/v2\/technique?post=108891"},{"taxonomy":"squelettes","embeddable":true,"href":"https:\/\/www.iemj.org\/de\/wp-json\/wp\/v2\/squelettes?post=108891"},{"taxonomy":"sujet","embeddable":true,"href":"https:\/\/www.iemj.org\/de\/wp-json\/wp\/v2\/sujet?post=108891"},{"taxonomy":"formation","embeddable":true,"href":"https:\/\/www.iemj.org\/de\/wp-json\/wp\/v2\/formation?post=108891"},{"taxonomy":"genre","embeddable":true,"href":"https:\/\/www.iemj.org\/de\/wp-json\/wp\/v2\/genre?post=108891"},{"taxonomy":"fonds","embeddable":true,"href":"https:\/\/www.iemj.org\/de\/wp-json\/wp\/v2\/fonds?post=108891"},{"taxonomy":"tradition","embeddable":true,"href":"https:\/\/www.iemj.org\/de\/wp-json\/wp\/v2\/tradition?post=108891"},{"taxonomy":"type-de-contenu","embeddable":true,"href":"https:\/\/www.iemj.org\/de\/wp-json\/wp\/v2\/type-de-contenu?post=108891"},{"taxonomy":"interprete-compositeur","embeddable":true,"href":"https:\/\/www.iemj.org\/de\/wp-json\/wp\/v2\/interprete-compositeur?post=108891"},{"taxonomy":"frise","embeddable":true,"href":"https:\/\/www.iemj.org\/de\/wp-json\/wp\/v2\/frise?post=108891"},{"taxonomy":"type-devenement","embeddable":true,"href":"https:\/\/www.iemj.org\/de\/wp-json\/wp\/v2\/type-devenement?post=108891"},{"taxonomy":"tableaux-liens-externes","embeddable":true,"href":"https:\/\/www.iemj.org\/de\/wp-json\/wp\/v2\/tableaux-liens-externes?post=108891"}],"curies":[{"name":"wp","href":"https:\/\/api.w.org\/{rel}","templated":true}]}}