{"id":109257,"date":"2018-10-16T11:16:21","date_gmt":"2018-10-16T09:16:21","guid":{"rendered":"https:\/\/www.iemj.org\/journees-europeennes-de-la-culture-et-du-patrimoine-juifs-en-france-j-e-c-p-j-france\/"},"modified":"2024-02-13T15:21:29","modified_gmt":"2024-02-13T14:21:29","slug":"journees-europeennes-de-la-culture-et-du-patrimoine-juifs-en-france-j-e-c-p-j-france","status":"publish","type":"post","link":"https:\/\/www.iemj.org\/de\/journees-europeennes-de-la-culture-et-du-patrimoine-juifs-en-france-j-e-c-p-j-france\/","title":{"rendered":"Journ\u00e9es Europ\u00e9ennes de la Culture et du Patrimoine Juifs en France (J.E.C.P.J.-France)"},"content":{"rendered":"<p>Sie ist Mitglied der Europ\u00e4ischen Vereinigung f\u00fcr die Erhaltung und Aufwertung des j\u00fcdischen Kulturerbes und der j\u00fcdischen Kultur und vertritt dort Frankreich.<\/p>\n<p>Sie hat ein Kollegium der B\u00fcrgermeister Frankreichs eingerichtet, dessen Pr\u00e4sident satzungsgem\u00e4\u00df Vizepr\u00e4sident von J.E.C.P.J.-Frankreich ist.<\/p>\n<p>Sie koordiniert den\/die Europ\u00e4ischen Tag(e) der J\u00fcdischen Kultur in Frankreich und ist f\u00fcr die Einrichtung und Verwaltung des franz\u00f6sischen Teils der Kulturroute des J\u00fcdischen Erbes zust\u00e4ndig, die unter der Schirmherrschaft der Kulturrouten des Europarats eingerichtet wurde.<\/p>\n<p><strong>Kontaktdaten:<\/strong><br \/>\nKOORDINIERUNG FRANKREICH<br \/>\nJECPJ Frankreich<br \/>\nVerein nach dem Gesetz von 1901<br \/>\nc\/o CBL &#8211; 10 rue Saint Claude &#8211; 75003 Paris.<br \/>\nTel.: 01 42 71 68 19<\/p>\n<p><a href=\"http:\/\/www.jecpj-france.com\/\" target=\"_blank\" rel=\"noopener\">Besuchen Sie die Website<\/a><\/p>\n","protected":false},"excerpt":{"rendered":"<p>Sie ist Mitglied der Europ\u00e4ischen Vereinigung f\u00fcr die Erhaltung und Aufwertung des j\u00fcdischen Kulturerbes und der j\u00fcdischen Kultur und vertritt dort Frankreich. Sie hat ein Kollegium der B\u00fcrgermeister Frankreichs eingerichtet,<\/p>\n","protected":false},"author":5,"featured_media":109258,"comment_status":"closed","ping_status":"open","sticky":false,"template":"","format":"standard","meta":{"_acf_changed":false,"footnotes":""},"categories":[1403,1422,2052],"tags":[],"technique":[],"squelettes":[],"sujet":[],"formation":[],"genre":[],"fonds":[],"tradition":[],"type-de-contenu":[],"interprete-compositeur":[],"frise":[],"type-devenement":[],"tableaux-liens-externes":[],"class_list":["post-109257","post","type-post","status-publish","format-standard","has-post-thumbnail","hentry","category-entdecken-de","category-externe-links-de","category-online-ressourcen-de"],"acf":[],"yoast_head":"<!-- This site is optimized with the Yoast SEO plugin v27.3 - https:\/\/yoast.com\/product\/yoast-seo-wordpress\/ -->\n<title>Journ\u00e9es Europ\u00e9ennes de la Culture et du Patrimoine Juifs en France (J.E.C.P.J.-France) - Institut Europ\u00e9en des Musiques Juives<\/title>\n<meta name=\"robots\" content=\"index, follow, max-snippet:-1, max-image-preview:large, max-video-preview:-1\" \/>\n<link rel=\"canonical\" href=\"https:\/\/www.iemj.org\/de\/journees-europeennes-de-la-culture-et-du-patrimoine-juifs-en-france-j-e-c-p-j-france\/\" \/>\n<meta property=\"og:locale\" content=\"de_DE\" \/>\n<meta property=\"og:type\" content=\"article\" \/>\n<meta property=\"og:title\" content=\"Journ\u00e9es Europ\u00e9ennes de la Culture et du Patrimoine Juifs en France (J.E.C.P.J.-France) - Institut Europ\u00e9en des Musiques Juives\" \/>\n<meta property=\"og:description\" content=\"Sie ist Mitglied der Europ\u00e4ischen Vereinigung f\u00fcr die Erhaltung und Aufwertung des j\u00fcdischen Kulturerbes und der j\u00fcdischen Kultur und vertritt dort Frankreich. Sie hat ein Kollegium der B\u00fcrgermeister Frankreichs eingerichtet,\" \/>\n<meta property=\"og:url\" content=\"https:\/\/www.iemj.org\/de\/journees-europeennes-de-la-culture-et-du-patrimoine-juifs-en-france-j-e-c-p-j-france\/\" \/>\n<meta property=\"og:site_name\" content=\"Institut Europ\u00e9en des Musiques Juives\" \/>\n<meta property=\"article:publisher\" content=\"https:\/\/www.facebook.com\/MusiquesJuives\/\" \/>\n<meta property=\"article:published_time\" content=\"2018-10-16T09:16:21+00:00\" \/>\n<meta property=\"article:modified_time\" content=\"2024-02-13T14:21:29+00:00\" \/>\n<meta property=\"og:image\" content=\"https:\/\/www.iemj.org\/wp-content\/uploads\/2018\/10\/arton3678.jpg\" \/>\n\t<meta property=\"og:image:width\" content=\"887\" \/>\n\t<meta property=\"og:image:height\" content=\"358\" \/>\n\t<meta property=\"og:image:type\" content=\"image\/jpeg\" \/>\n<meta name=\"author\" content=\"Jacqueline ROTEN\" \/>\n<meta name=\"twitter:card\" content=\"summary_large_image\" \/>\n<meta name=\"twitter:label1\" content=\"Verfasst von\" \/>\n\t<meta name=\"twitter:data1\" content=\"Jacqueline ROTEN\" \/>\n\t<meta name=\"twitter:label2\" content=\"Gesch\u00e4tzte Lesezeit\" \/>\n\t<meta name=\"twitter:data2\" content=\"1\u00a0Minute\" \/>\n<script type=\"application\/ld+json\" class=\"yoast-schema-graph\">{\"@context\":\"https:\\\/\\\/schema.org\",\"@graph\":[{\"@type\":\"Article\",\"@id\":\"https:\\\/\\\/www.iemj.org\\\/de\\\/journees-europeennes-de-la-culture-et-du-patrimoine-juifs-en-france-j-e-c-p-j-france\\\/#article\",\"isPartOf\":{\"@id\":\"https:\\\/\\\/www.iemj.org\\\/de\\\/journees-europeennes-de-la-culture-et-du-patrimoine-juifs-en-france-j-e-c-p-j-france\\\/\"},\"author\":{\"name\":\"Jacqueline ROTEN\",\"@id\":\"https:\\\/\\\/www.iemj.org\\\/de\\\/#\\\/schema\\\/person\\\/358e26c18aca017fcc4cc15437f7279c\"},\"headline\":\"Journ\u00e9es Europ\u00e9ennes de la Culture et du Patrimoine Juifs en France (J.E.C.P.J.-France)\",\"datePublished\":\"2018-10-16T09:16:21+00:00\",\"dateModified\":\"2024-02-13T14:21:29+00:00\",\"mainEntityOfPage\":{\"@id\":\"https:\\\/\\\/www.iemj.org\\\/de\\\/journees-europeennes-de-la-culture-et-du-patrimoine-juifs-en-france-j-e-c-p-j-france\\\/\"},\"wordCount\":136,\"publisher\":{\"@id\":\"https:\\\/\\\/www.iemj.org\\\/de\\\/#organization\"},\"image\":{\"@id\":\"https:\\\/\\\/www.iemj.org\\\/de\\\/journees-europeennes-de-la-culture-et-du-patrimoine-juifs-en-france-j-e-c-p-j-france\\\/#primaryimage\"},\"thumbnailUrl\":\"https:\\\/\\\/www.iemj.org\\\/wp-content\\\/uploads\\\/2018\\\/10\\\/arton3678.jpg\",\"articleSection\":[\"Entdecken\",\"Externe Links\",\"Online-Ressourcen\"],\"inLanguage\":\"de\"},{\"@type\":\"WebPage\",\"@id\":\"https:\\\/\\\/www.iemj.org\\\/de\\\/journees-europeennes-de-la-culture-et-du-patrimoine-juifs-en-france-j-e-c-p-j-france\\\/\",\"url\":\"https:\\\/\\\/www.iemj.org\\\/de\\\/journees-europeennes-de-la-culture-et-du-patrimoine-juifs-en-france-j-e-c-p-j-france\\\/\",\"name\":\"Journ\u00e9es Europ\u00e9ennes de la Culture et du Patrimoine Juifs en France (J.E.C.P.J.-France) - Institut Europ\u00e9en des Musiques Juives\",\"isPartOf\":{\"@id\":\"https:\\\/\\\/www.iemj.org\\\/de\\\/#website\"},\"primaryImageOfPage\":{\"@id\":\"https:\\\/\\\/www.iemj.org\\\/de\\\/journees-europeennes-de-la-culture-et-du-patrimoine-juifs-en-france-j-e-c-p-j-france\\\/#primaryimage\"},\"image\":{\"@id\":\"https:\\\/\\\/www.iemj.org\\\/de\\\/journees-europeennes-de-la-culture-et-du-patrimoine-juifs-en-france-j-e-c-p-j-france\\\/#primaryimage\"},\"thumbnailUrl\":\"https:\\\/\\\/www.iemj.org\\\/wp-content\\\/uploads\\\/2018\\\/10\\\/arton3678.jpg\",\"datePublished\":\"2018-10-16T09:16:21+00:00\",\"dateModified\":\"2024-02-13T14:21:29+00:00\",\"breadcrumb\":{\"@id\":\"https:\\\/\\\/www.iemj.org\\\/de\\\/journees-europeennes-de-la-culture-et-du-patrimoine-juifs-en-france-j-e-c-p-j-france\\\/#breadcrumb\"},\"inLanguage\":\"de\",\"potentialAction\":[{\"@type\":\"ReadAction\",\"target\":[\"https:\\\/\\\/www.iemj.org\\\/de\\\/journees-europeennes-de-la-culture-et-du-patrimoine-juifs-en-france-j-e-c-p-j-france\\\/\"]}]},{\"@type\":\"ImageObject\",\"inLanguage\":\"de\",\"@id\":\"https:\\\/\\\/www.iemj.org\\\/de\\\/journees-europeennes-de-la-culture-et-du-patrimoine-juifs-en-france-j-e-c-p-j-france\\\/#primaryimage\",\"url\":\"https:\\\/\\\/www.iemj.org\\\/wp-content\\\/uploads\\\/2018\\\/10\\\/arton3678.jpg\",\"contentUrl\":\"https:\\\/\\\/www.iemj.org\\\/wp-content\\\/uploads\\\/2018\\\/10\\\/arton3678.jpg\",\"width\":887,\"height\":358},{\"@type\":\"BreadcrumbList\",\"@id\":\"https:\\\/\\\/www.iemj.org\\\/de\\\/journees-europeennes-de-la-culture-et-du-patrimoine-juifs-en-france-j-e-c-p-j-france\\\/#breadcrumb\",\"itemListElement\":[{\"@type\":\"ListItem\",\"position\":1,\"name\":\"Accueil\",\"item\":\"https:\\\/\\\/www.iemj.org\\\/de\\\/\"},{\"@type\":\"ListItem\",\"position\":2,\"name\":\"Journ\u00e9es Europ\u00e9ennes de la Culture et du Patrimoine Juifs en France (J.E.C.P.J.-France)\"}]},{\"@type\":\"WebSite\",\"@id\":\"https:\\\/\\\/www.iemj.org\\\/de\\\/#website\",\"url\":\"https:\\\/\\\/www.iemj.org\\\/de\\\/\",\"name\":\"Institut Europ\u00e9en des Musiques Juives\",\"description\":\"Des traditions musicales \u00e0 la port\u00e9e de tous\",\"publisher\":{\"@id\":\"https:\\\/\\\/www.iemj.org\\\/de\\\/#organization\"},\"potentialAction\":[{\"@type\":\"SearchAction\",\"target\":{\"@type\":\"EntryPoint\",\"urlTemplate\":\"https:\\\/\\\/www.iemj.org\\\/de\\\/?s={search_term_string}\"},\"query-input\":{\"@type\":\"PropertyValueSpecification\",\"valueRequired\":true,\"valueName\":\"search_term_string\"}}],\"inLanguage\":\"de\"},{\"@type\":\"Organization\",\"@id\":\"https:\\\/\\\/www.iemj.org\\\/de\\\/#organization\",\"name\":\"Institut Europ\u00e9en des Musiques Juives\",\"url\":\"https:\\\/\\\/www.iemj.org\\\/de\\\/\",\"logo\":{\"@type\":\"ImageObject\",\"inLanguage\":\"de\",\"@id\":\"https:\\\/\\\/www.iemj.org\\\/de\\\/#\\\/schema\\\/logo\\\/image\\\/\",\"url\":\"https:\\\/\\\/www.iemj.org\\\/wp-content\\\/uploads\\\/2021\\\/09\\\/Logo-IEMJ-Paypal.jpg\",\"contentUrl\":\"https:\\\/\\\/www.iemj.org\\\/wp-content\\\/uploads\\\/2021\\\/09\\\/Logo-IEMJ-Paypal.jpg\",\"width\":150,\"height\":50,\"caption\":\"Institut Europ\u00e9en des Musiques Juives\"},\"image\":{\"@id\":\"https:\\\/\\\/www.iemj.org\\\/de\\\/#\\\/schema\\\/logo\\\/image\\\/\"},\"sameAs\":[\"https:\\\/\\\/www.facebook.com\\\/MusiquesJuives\\\/\",\"https:\\\/\\\/www.instagram.com\\\/musiquesjuives\\\/\",\"https:\\\/\\\/www.youtube.com\\\/user\\\/musiquesjuives\"]},{\"@type\":\"Person\",\"@id\":\"https:\\\/\\\/www.iemj.org\\\/de\\\/#\\\/schema\\\/person\\\/358e26c18aca017fcc4cc15437f7279c\",\"name\":\"Jacqueline ROTEN\",\"image\":{\"@type\":\"ImageObject\",\"inLanguage\":\"de\",\"@id\":\"https:\\\/\\\/secure.gravatar.com\\\/avatar\\\/5964256d6c6957de3a3505278957e0fb2a35119ac47ea41827a65301213c810b?s=96&d=mm&r=g\",\"url\":\"https:\\\/\\\/secure.gravatar.com\\\/avatar\\\/5964256d6c6957de3a3505278957e0fb2a35119ac47ea41827a65301213c810b?s=96&d=mm&r=g\",\"contentUrl\":\"https:\\\/\\\/secure.gravatar.com\\\/avatar\\\/5964256d6c6957de3a3505278957e0fb2a35119ac47ea41827a65301213c810b?s=96&d=mm&r=g\",\"caption\":\"Jacqueline ROTEN\"}}]}<\/script>\n<!-- \/ Yoast SEO plugin. -->","yoast_head_json":{"title":"Journ\u00e9es Europ\u00e9ennes de la Culture et du Patrimoine Juifs en France (J.E.C.P.J.-France) - Institut Europ\u00e9en des Musiques Juives","robots":{"index":"index","follow":"follow","max-snippet":"max-snippet:-1","max-image-preview":"max-image-preview:large","max-video-preview":"max-video-preview:-1"},"canonical":"https:\/\/www.iemj.org\/de\/journees-europeennes-de-la-culture-et-du-patrimoine-juifs-en-france-j-e-c-p-j-france\/","og_locale":"de_DE","og_type":"article","og_title":"Journ\u00e9es Europ\u00e9ennes de la Culture et du Patrimoine Juifs en France (J.E.C.P.J.-France) - Institut Europ\u00e9en des Musiques Juives","og_description":"Sie ist Mitglied der Europ\u00e4ischen Vereinigung f\u00fcr die Erhaltung und Aufwertung des j\u00fcdischen Kulturerbes und der j\u00fcdischen Kultur und vertritt dort Frankreich. Sie hat ein Kollegium der B\u00fcrgermeister Frankreichs eingerichtet,","og_url":"https:\/\/www.iemj.org\/de\/journees-europeennes-de-la-culture-et-du-patrimoine-juifs-en-france-j-e-c-p-j-france\/","og_site_name":"Institut Europ\u00e9en des Musiques Juives","article_publisher":"https:\/\/www.facebook.com\/MusiquesJuives\/","article_published_time":"2018-10-16T09:16:21+00:00","article_modified_time":"2024-02-13T14:21:29+00:00","og_image":[{"width":887,"height":358,"url":"https:\/\/www.iemj.org\/wp-content\/uploads\/2018\/10\/arton3678.jpg","type":"image\/jpeg"}],"author":"Jacqueline ROTEN","twitter_card":"summary_large_image","twitter_misc":{"Verfasst von":"Jacqueline ROTEN","Gesch\u00e4tzte Lesezeit":"1\u00a0Minute"},"schema":{"@context":"https:\/\/schema.org","@graph":[{"@type":"Article","@id":"https:\/\/www.iemj.org\/de\/journees-europeennes-de-la-culture-et-du-patrimoine-juifs-en-france-j-e-c-p-j-france\/#article","isPartOf":{"@id":"https:\/\/www.iemj.org\/de\/journees-europeennes-de-la-culture-et-du-patrimoine-juifs-en-france-j-e-c-p-j-france\/"},"author":{"name":"Jacqueline ROTEN","@id":"https:\/\/www.iemj.org\/de\/#\/schema\/person\/358e26c18aca017fcc4cc15437f7279c"},"headline":"Journ\u00e9es Europ\u00e9ennes de la Culture et du Patrimoine Juifs en France (J.E.C.P.J.-France)","datePublished":"2018-10-16T09:16:21+00:00","dateModified":"2024-02-13T14:21:29+00:00","mainEntityOfPage":{"@id":"https:\/\/www.iemj.org\/de\/journees-europeennes-de-la-culture-et-du-patrimoine-juifs-en-france-j-e-c-p-j-france\/"},"wordCount":136,"publisher":{"@id":"https:\/\/www.iemj.org\/de\/#organization"},"image":{"@id":"https:\/\/www.iemj.org\/de\/journees-europeennes-de-la-culture-et-du-patrimoine-juifs-en-france-j-e-c-p-j-france\/#primaryimage"},"thumbnailUrl":"https:\/\/www.iemj.org\/wp-content\/uploads\/2018\/10\/arton3678.jpg","articleSection":["Entdecken","Externe Links","Online-Ressourcen"],"inLanguage":"de"},{"@type":"WebPage","@id":"https:\/\/www.iemj.org\/de\/journees-europeennes-de-la-culture-et-du-patrimoine-juifs-en-france-j-e-c-p-j-france\/","url":"https:\/\/www.iemj.org\/de\/journees-europeennes-de-la-culture-et-du-patrimoine-juifs-en-france-j-e-c-p-j-france\/","name":"Journ\u00e9es Europ\u00e9ennes de la Culture et du Patrimoine Juifs en France (J.E.C.P.J.-France) - Institut Europ\u00e9en des Musiques Juives","isPartOf":{"@id":"https:\/\/www.iemj.org\/de\/#website"},"primaryImageOfPage":{"@id":"https:\/\/www.iemj.org\/de\/journees-europeennes-de-la-culture-et-du-patrimoine-juifs-en-france-j-e-c-p-j-france\/#primaryimage"},"image":{"@id":"https:\/\/www.iemj.org\/de\/journees-europeennes-de-la-culture-et-du-patrimoine-juifs-en-france-j-e-c-p-j-france\/#primaryimage"},"thumbnailUrl":"https:\/\/www.iemj.org\/wp-content\/uploads\/2018\/10\/arton3678.jpg","datePublished":"2018-10-16T09:16:21+00:00","dateModified":"2024-02-13T14:21:29+00:00","breadcrumb":{"@id":"https:\/\/www.iemj.org\/de\/journees-europeennes-de-la-culture-et-du-patrimoine-juifs-en-france-j-e-c-p-j-france\/#breadcrumb"},"inLanguage":"de","potentialAction":[{"@type":"ReadAction","target":["https:\/\/www.iemj.org\/de\/journees-europeennes-de-la-culture-et-du-patrimoine-juifs-en-france-j-e-c-p-j-france\/"]}]},{"@type":"ImageObject","inLanguage":"de","@id":"https:\/\/www.iemj.org\/de\/journees-europeennes-de-la-culture-et-du-patrimoine-juifs-en-france-j-e-c-p-j-france\/#primaryimage","url":"https:\/\/www.iemj.org\/wp-content\/uploads\/2018\/10\/arton3678.jpg","contentUrl":"https:\/\/www.iemj.org\/wp-content\/uploads\/2018\/10\/arton3678.jpg","width":887,"height":358},{"@type":"BreadcrumbList","@id":"https:\/\/www.iemj.org\/de\/journees-europeennes-de-la-culture-et-du-patrimoine-juifs-en-france-j-e-c-p-j-france\/#breadcrumb","itemListElement":[{"@type":"ListItem","position":1,"name":"Accueil","item":"https:\/\/www.iemj.org\/de\/"},{"@type":"ListItem","position":2,"name":"Journ\u00e9es Europ\u00e9ennes de la Culture et du Patrimoine Juifs en France (J.E.C.P.J.-France)"}]},{"@type":"WebSite","@id":"https:\/\/www.iemj.org\/de\/#website","url":"https:\/\/www.iemj.org\/de\/","name":"Institut Europ\u00e9en des Musiques Juives","description":"Des traditions musicales \u00e0 la port\u00e9e de tous","publisher":{"@id":"https:\/\/www.iemj.org\/de\/#organization"},"potentialAction":[{"@type":"SearchAction","target":{"@type":"EntryPoint","urlTemplate":"https:\/\/www.iemj.org\/de\/?s={search_term_string}"},"query-input":{"@type":"PropertyValueSpecification","valueRequired":true,"valueName":"search_term_string"}}],"inLanguage":"de"},{"@type":"Organization","@id":"https:\/\/www.iemj.org\/de\/#organization","name":"Institut Europ\u00e9en des Musiques Juives","url":"https:\/\/www.iemj.org\/de\/","logo":{"@type":"ImageObject","inLanguage":"de","@id":"https:\/\/www.iemj.org\/de\/#\/schema\/logo\/image\/","url":"https:\/\/www.iemj.org\/wp-content\/uploads\/2021\/09\/Logo-IEMJ-Paypal.jpg","contentUrl":"https:\/\/www.iemj.org\/wp-content\/uploads\/2021\/09\/Logo-IEMJ-Paypal.jpg","width":150,"height":50,"caption":"Institut Europ\u00e9en des Musiques Juives"},"image":{"@id":"https:\/\/www.iemj.org\/de\/#\/schema\/logo\/image\/"},"sameAs":["https:\/\/www.facebook.com\/MusiquesJuives\/","https:\/\/www.instagram.com\/musiquesjuives\/","https:\/\/www.youtube.com\/user\/musiquesjuives"]},{"@type":"Person","@id":"https:\/\/www.iemj.org\/de\/#\/schema\/person\/358e26c18aca017fcc4cc15437f7279c","name":"Jacqueline ROTEN","image":{"@type":"ImageObject","inLanguage":"de","@id":"https:\/\/secure.gravatar.com\/avatar\/5964256d6c6957de3a3505278957e0fb2a35119ac47ea41827a65301213c810b?s=96&d=mm&r=g","url":"https:\/\/secure.gravatar.com\/avatar\/5964256d6c6957de3a3505278957e0fb2a35119ac47ea41827a65301213c810b?s=96&d=mm&r=g","contentUrl":"https:\/\/secure.gravatar.com\/avatar\/5964256d6c6957de3a3505278957e0fb2a35119ac47ea41827a65301213c810b?s=96&d=mm&r=g","caption":"Jacqueline ROTEN"}}]}},"_links":{"self":[{"href":"https:\/\/www.iemj.org\/de\/wp-json\/wp\/v2\/posts\/109257","targetHints":{"allow":["GET"]}}],"collection":[{"href":"https:\/\/www.iemj.org\/de\/wp-json\/wp\/v2\/posts"}],"about":[{"href":"https:\/\/www.iemj.org\/de\/wp-json\/wp\/v2\/types\/post"}],"author":[{"embeddable":true,"href":"https:\/\/www.iemj.org\/de\/wp-json\/wp\/v2\/users\/5"}],"replies":[{"embeddable":true,"href":"https:\/\/www.iemj.org\/de\/wp-json\/wp\/v2\/comments?post=109257"}],"version-history":[{"count":0,"href":"https:\/\/www.iemj.org\/de\/wp-json\/wp\/v2\/posts\/109257\/revisions"}],"wp:featuredmedia":[{"embeddable":true,"href":"https:\/\/www.iemj.org\/de\/wp-json\/wp\/v2\/media\/109258"}],"wp:attachment":[{"href":"https:\/\/www.iemj.org\/de\/wp-json\/wp\/v2\/media?parent=109257"}],"wp:term":[{"taxonomy":"category","embeddable":true,"href":"https:\/\/www.iemj.org\/de\/wp-json\/wp\/v2\/categories?post=109257"},{"taxonomy":"post_tag","embeddable":true,"href":"https:\/\/www.iemj.org\/de\/wp-json\/wp\/v2\/tags?post=109257"},{"taxonomy":"technique","embeddable":true,"href":"https:\/\/www.iemj.org\/de\/wp-json\/wp\/v2\/technique?post=109257"},{"taxonomy":"squelettes","embeddable":true,"href":"https:\/\/www.iemj.org\/de\/wp-json\/wp\/v2\/squelettes?post=109257"},{"taxonomy":"sujet","embeddable":true,"href":"https:\/\/www.iemj.org\/de\/wp-json\/wp\/v2\/sujet?post=109257"},{"taxonomy":"formation","embeddable":true,"href":"https:\/\/www.iemj.org\/de\/wp-json\/wp\/v2\/formation?post=109257"},{"taxonomy":"genre","embeddable":true,"href":"https:\/\/www.iemj.org\/de\/wp-json\/wp\/v2\/genre?post=109257"},{"taxonomy":"fonds","embeddable":true,"href":"https:\/\/www.iemj.org\/de\/wp-json\/wp\/v2\/fonds?post=109257"},{"taxonomy":"tradition","embeddable":true,"href":"https:\/\/www.iemj.org\/de\/wp-json\/wp\/v2\/tradition?post=109257"},{"taxonomy":"type-de-contenu","embeddable":true,"href":"https:\/\/www.iemj.org\/de\/wp-json\/wp\/v2\/type-de-contenu?post=109257"},{"taxonomy":"interprete-compositeur","embeddable":true,"href":"https:\/\/www.iemj.org\/de\/wp-json\/wp\/v2\/interprete-compositeur?post=109257"},{"taxonomy":"frise","embeddable":true,"href":"https:\/\/www.iemj.org\/de\/wp-json\/wp\/v2\/frise?post=109257"},{"taxonomy":"type-devenement","embeddable":true,"href":"https:\/\/www.iemj.org\/de\/wp-json\/wp\/v2\/type-devenement?post=109257"},{"taxonomy":"tableaux-liens-externes","embeddable":true,"href":"https:\/\/www.iemj.org\/de\/wp-json\/wp\/v2\/tableaux-liens-externes?post=109257"}],"curies":[{"name":"wp","href":"https:\/\/api.w.org\/{rel}","templated":true}]}}