{"id":110098,"date":"2017-11-07T11:34:18","date_gmt":"2017-11-07T10:34:18","guid":{"rendered":"https:\/\/www.iemj.org\/forum-voix-etouffees\/"},"modified":"2026-01-08T13:25:42","modified_gmt":"2026-01-08T12:25:42","slug":"forum-voix-etouffees","status":"publish","type":"post","link":"https:\/\/www.iemj.org\/de\/forum-voix-etouffees\/","title":{"rendered":"Forum Voix Etouff\u00e9es"},"content":{"rendered":"<p>Das Forum Voix Etouff\u00e9es \u2013 CEMUT (Centre Europ\u00e9en d\u2019\u00e9tude de la Musique et du Totalitarisme) wurde 2005 vom Dirigenten und Komponisten <a href=\"https:\/\/www.iemj.org\/de\/du-closel-amaury-1956-2024\/\" target=\"_blank\" rel=\"noopener\">Amaury du Closel<\/a> gegr\u00fcndet und hat seinen Sitz in Stra\u00dfburg. mit Sitz in Stra\u00dfburg ist eine der wichtigsten europ\u00e4ischen Einrichtungen, die sich f\u00fcr die Rehabilitierung des immensen musikalischen Erbes von Musikern einsetzt, die durch die Totalitarismen des 20. und 21. Jahrhunderts (allen voran die Barbarei der Nazis) daran gehindert wurden, und nutzt diesen k\u00fcnstlerischen Ansatz, um auf europ\u00e4ischer Ebene die starken Werte der Demokratie, des Kampfes gegen Antisemitismus, der Freiheit und der Einheit zu verteidigen. Das Forum Voix Etouff\u00e9es \u2013 CEMUT lehnt eine mitf\u00fchlende Praxis der Erinnerung ab und m\u00f6chte stattdessen eine \u201epositive Erinnerung\u201d schaffen, wie es Alfred Grosser, Ehrenpr\u00e4sident des FVE, formuliert hat, die als Instrument zur Reflexion \u00fcber die Katastrophen der Vergangenheit und deren \u00dcberwindung im heutigen Europa dienen soll.<\/p>\n<p>Nach dem Tod seines Gr\u00fcnders Amaury du Closel im Oktober 2024 wird die Arbeit des Forums Voix Etouff\u00e9es \u2013 CEMUT nun von Thomas Tacquet, Pianist, Chorleiter und Musikwissenschaftler, unter k\u00fcnstlerischer Leitung weitergef\u00fchrt, der dabei vom Musikwissenschaftler und Forscher Philippe Olivier unterst\u00fctzt wird.<\/p>\n<p><a href=\"https:\/\/voixetouffees.net\/en\/\" target=\"_blank\" rel=\"noopener\">Besuchen Sie die Website<\/a><\/p>\n","protected":false},"excerpt":{"rendered":"<p>Das Forum Voix Etouff\u00e9es \u2013 CEMUT (Centre Europ\u00e9en d\u2019\u00e9tude de la Musique et du Totalitarisme) wurde 2005 vom Dirigenten und Komponisten Amaury du Closel gegr\u00fcndet und hat seinen Sitz in<\/p>\n","protected":false},"author":1048,"featured_media":128703,"comment_status":"closed","ping_status":"closed","sticky":false,"template":"","format":"standard","meta":{"_acf_changed":false,"footnotes":""},"categories":[1403,1422,2052],"tags":[],"technique":[],"squelettes":[],"sujet":[],"formation":[],"genre":[],"fonds":[],"tradition":[],"type-de-contenu":[],"interprete-compositeur":[],"frise":[],"type-devenement":[],"tableaux-liens-externes":[],"class_list":["post-110098","post","type-post","status-publish","format-standard","has-post-thumbnail","hentry","category-entdecken-de","category-externe-links-de","category-online-ressourcen-de"],"acf":[],"yoast_head":"<!-- This site is optimized with the Yoast SEO plugin v27.3 - https:\/\/yoast.com\/product\/yoast-seo-wordpress\/ -->\n<title>Forum Voix Etouff\u00e9es - Institut Europ\u00e9en des Musiques Juives<\/title>\n<meta name=\"robots\" content=\"index, follow, max-snippet:-1, max-image-preview:large, max-video-preview:-1\" \/>\n<link rel=\"canonical\" href=\"https:\/\/www.iemj.org\/de\/forum-voix-etouffees\/\" \/>\n<meta property=\"og:locale\" content=\"de_DE\" \/>\n<meta property=\"og:type\" content=\"article\" \/>\n<meta property=\"og:title\" content=\"Forum Voix Etouff\u00e9es - Institut Europ\u00e9en des Musiques Juives\" \/>\n<meta property=\"og:description\" content=\"Das Forum Voix Etouff\u00e9es \u2013 CEMUT (Centre Europ\u00e9en d\u2019\u00e9tude de la Musique et du Totalitarisme) wurde 2005 vom Dirigenten und Komponisten Amaury du Closel gegr\u00fcndet und hat seinen Sitz in\" \/>\n<meta property=\"og:url\" content=\"https:\/\/www.iemj.org\/de\/forum-voix-etouffees\/\" \/>\n<meta property=\"og:site_name\" content=\"Institut Europ\u00e9en des Musiques Juives\" \/>\n<meta property=\"article:publisher\" content=\"https:\/\/www.facebook.com\/MusiquesJuives\/\" \/>\n<meta property=\"article:published_time\" content=\"2017-11-07T10:34:18+00:00\" \/>\n<meta property=\"article:modified_time\" content=\"2026-01-08T12:25:42+00:00\" \/>\n<meta property=\"og:image\" content=\"https:\/\/www.iemj.org\/wp-content\/uploads\/2017\/11\/LOGO-FVE.jpg\" \/>\n\t<meta property=\"og:image:width\" content=\"500\" \/>\n\t<meta property=\"og:image:height\" content=\"261\" \/>\n\t<meta property=\"og:image:type\" content=\"image\/jpeg\" \/>\n<meta name=\"author\" content=\"Jean-Gabriel Davis\" \/>\n<meta name=\"twitter:card\" content=\"summary_large_image\" \/>\n<meta name=\"twitter:label1\" content=\"Verfasst von\" \/>\n\t<meta name=\"twitter:data1\" content=\"Jean-Gabriel Davis\" \/>\n\t<meta name=\"twitter:label2\" content=\"Gesch\u00e4tzte Lesezeit\" \/>\n\t<meta name=\"twitter:data2\" content=\"2\u00a0Minuten\" \/>\n<script type=\"application\/ld+json\" class=\"yoast-schema-graph\">{\"@context\":\"https:\\\/\\\/schema.org\",\"@graph\":[{\"@type\":\"Article\",\"@id\":\"https:\\\/\\\/www.iemj.org\\\/de\\\/forum-voix-etouffees\\\/#article\",\"isPartOf\":{\"@id\":\"https:\\\/\\\/www.iemj.org\\\/de\\\/forum-voix-etouffees\\\/\"},\"author\":{\"name\":\"Jean-Gabriel Davis\",\"@id\":\"https:\\\/\\\/www.iemj.org\\\/de\\\/#\\\/schema\\\/person\\\/c9bc1c386a3749579a2d675e72a18666\"},\"headline\":\"Forum Voix Etouff\u00e9es\",\"datePublished\":\"2017-11-07T10:34:18+00:00\",\"dateModified\":\"2026-01-08T12:25:42+00:00\",\"mainEntityOfPage\":{\"@id\":\"https:\\\/\\\/www.iemj.org\\\/de\\\/forum-voix-etouffees\\\/\"},\"wordCount\":205,\"publisher\":{\"@id\":\"https:\\\/\\\/www.iemj.org\\\/de\\\/#organization\"},\"image\":{\"@id\":\"https:\\\/\\\/www.iemj.org\\\/de\\\/forum-voix-etouffees\\\/#primaryimage\"},\"thumbnailUrl\":\"https:\\\/\\\/www.iemj.org\\\/wp-content\\\/uploads\\\/2017\\\/11\\\/LOGO-FVE.jpg\",\"articleSection\":[\"Entdecken\",\"Externe Links\",\"Online-Ressourcen\"],\"inLanguage\":\"de\"},{\"@type\":\"WebPage\",\"@id\":\"https:\\\/\\\/www.iemj.org\\\/de\\\/forum-voix-etouffees\\\/\",\"url\":\"https:\\\/\\\/www.iemj.org\\\/de\\\/forum-voix-etouffees\\\/\",\"name\":\"Forum Voix Etouff\u00e9es - Institut Europ\u00e9en des Musiques Juives\",\"isPartOf\":{\"@id\":\"https:\\\/\\\/www.iemj.org\\\/de\\\/#website\"},\"primaryImageOfPage\":{\"@id\":\"https:\\\/\\\/www.iemj.org\\\/de\\\/forum-voix-etouffees\\\/#primaryimage\"},\"image\":{\"@id\":\"https:\\\/\\\/www.iemj.org\\\/de\\\/forum-voix-etouffees\\\/#primaryimage\"},\"thumbnailUrl\":\"https:\\\/\\\/www.iemj.org\\\/wp-content\\\/uploads\\\/2017\\\/11\\\/LOGO-FVE.jpg\",\"datePublished\":\"2017-11-07T10:34:18+00:00\",\"dateModified\":\"2026-01-08T12:25:42+00:00\",\"breadcrumb\":{\"@id\":\"https:\\\/\\\/www.iemj.org\\\/de\\\/forum-voix-etouffees\\\/#breadcrumb\"},\"inLanguage\":\"de\",\"potentialAction\":[{\"@type\":\"ReadAction\",\"target\":[\"https:\\\/\\\/www.iemj.org\\\/de\\\/forum-voix-etouffees\\\/\"]}]},{\"@type\":\"ImageObject\",\"inLanguage\":\"de\",\"@id\":\"https:\\\/\\\/www.iemj.org\\\/de\\\/forum-voix-etouffees\\\/#primaryimage\",\"url\":\"https:\\\/\\\/www.iemj.org\\\/wp-content\\\/uploads\\\/2017\\\/11\\\/LOGO-FVE.jpg\",\"contentUrl\":\"https:\\\/\\\/www.iemj.org\\\/wp-content\\\/uploads\\\/2017\\\/11\\\/LOGO-FVE.jpg\",\"width\":500,\"height\":261},{\"@type\":\"BreadcrumbList\",\"@id\":\"https:\\\/\\\/www.iemj.org\\\/de\\\/forum-voix-etouffees\\\/#breadcrumb\",\"itemListElement\":[{\"@type\":\"ListItem\",\"position\":1,\"name\":\"Accueil\",\"item\":\"https:\\\/\\\/www.iemj.org\\\/de\\\/\"},{\"@type\":\"ListItem\",\"position\":2,\"name\":\"Forum Voix Etouff\u00e9es\"}]},{\"@type\":\"WebSite\",\"@id\":\"https:\\\/\\\/www.iemj.org\\\/de\\\/#website\",\"url\":\"https:\\\/\\\/www.iemj.org\\\/de\\\/\",\"name\":\"Institut Europ\u00e9en des Musiques Juives\",\"description\":\"Des traditions musicales \u00e0 la port\u00e9e de tous\",\"publisher\":{\"@id\":\"https:\\\/\\\/www.iemj.org\\\/de\\\/#organization\"},\"potentialAction\":[{\"@type\":\"SearchAction\",\"target\":{\"@type\":\"EntryPoint\",\"urlTemplate\":\"https:\\\/\\\/www.iemj.org\\\/de\\\/?s={search_term_string}\"},\"query-input\":{\"@type\":\"PropertyValueSpecification\",\"valueRequired\":true,\"valueName\":\"search_term_string\"}}],\"inLanguage\":\"de\"},{\"@type\":\"Organization\",\"@id\":\"https:\\\/\\\/www.iemj.org\\\/de\\\/#organization\",\"name\":\"Institut Europ\u00e9en des Musiques Juives\",\"url\":\"https:\\\/\\\/www.iemj.org\\\/de\\\/\",\"logo\":{\"@type\":\"ImageObject\",\"inLanguage\":\"de\",\"@id\":\"https:\\\/\\\/www.iemj.org\\\/de\\\/#\\\/schema\\\/logo\\\/image\\\/\",\"url\":\"https:\\\/\\\/www.iemj.org\\\/wp-content\\\/uploads\\\/2021\\\/09\\\/Logo-IEMJ-Paypal.jpg\",\"contentUrl\":\"https:\\\/\\\/www.iemj.org\\\/wp-content\\\/uploads\\\/2021\\\/09\\\/Logo-IEMJ-Paypal.jpg\",\"width\":150,\"height\":50,\"caption\":\"Institut Europ\u00e9en des Musiques Juives\"},\"image\":{\"@id\":\"https:\\\/\\\/www.iemj.org\\\/de\\\/#\\\/schema\\\/logo\\\/image\\\/\"},\"sameAs\":[\"https:\\\/\\\/www.facebook.com\\\/MusiquesJuives\\\/\",\"https:\\\/\\\/www.instagram.com\\\/musiquesjuives\\\/\",\"https:\\\/\\\/www.youtube.com\\\/user\\\/musiquesjuives\"]},{\"@type\":\"Person\",\"@id\":\"https:\\\/\\\/www.iemj.org\\\/de\\\/#\\\/schema\\\/person\\\/c9bc1c386a3749579a2d675e72a18666\",\"name\":\"Jean-Gabriel Davis\",\"image\":{\"@type\":\"ImageObject\",\"inLanguage\":\"de\",\"@id\":\"https:\\\/\\\/secure.gravatar.com\\\/avatar\\\/2b90d67bdf392c9b3a21fab87c0fa7edaf1fb3a058172a1ffd61033fcec7aec1?s=96&d=mm&r=g\",\"url\":\"https:\\\/\\\/secure.gravatar.com\\\/avatar\\\/2b90d67bdf392c9b3a21fab87c0fa7edaf1fb3a058172a1ffd61033fcec7aec1?s=96&d=mm&r=g\",\"contentUrl\":\"https:\\\/\\\/secure.gravatar.com\\\/avatar\\\/2b90d67bdf392c9b3a21fab87c0fa7edaf1fb3a058172a1ffd61033fcec7aec1?s=96&d=mm&r=g\",\"caption\":\"Jean-Gabriel Davis\"}}]}<\/script>\n<!-- \/ Yoast SEO plugin. -->","yoast_head_json":{"title":"Forum Voix Etouff\u00e9es - Institut Europ\u00e9en des Musiques Juives","robots":{"index":"index","follow":"follow","max-snippet":"max-snippet:-1","max-image-preview":"max-image-preview:large","max-video-preview":"max-video-preview:-1"},"canonical":"https:\/\/www.iemj.org\/de\/forum-voix-etouffees\/","og_locale":"de_DE","og_type":"article","og_title":"Forum Voix Etouff\u00e9es - Institut Europ\u00e9en des Musiques Juives","og_description":"Das Forum Voix Etouff\u00e9es \u2013 CEMUT (Centre Europ\u00e9en d\u2019\u00e9tude de la Musique et du Totalitarisme) wurde 2005 vom Dirigenten und Komponisten Amaury du Closel gegr\u00fcndet und hat seinen Sitz in","og_url":"https:\/\/www.iemj.org\/de\/forum-voix-etouffees\/","og_site_name":"Institut Europ\u00e9en des Musiques Juives","article_publisher":"https:\/\/www.facebook.com\/MusiquesJuives\/","article_published_time":"2017-11-07T10:34:18+00:00","article_modified_time":"2026-01-08T12:25:42+00:00","og_image":[{"width":500,"height":261,"url":"https:\/\/www.iemj.org\/wp-content\/uploads\/2017\/11\/LOGO-FVE.jpg","type":"image\/jpeg"}],"author":"Jean-Gabriel Davis","twitter_card":"summary_large_image","twitter_misc":{"Verfasst von":"Jean-Gabriel Davis","Gesch\u00e4tzte Lesezeit":"2\u00a0Minuten"},"schema":{"@context":"https:\/\/schema.org","@graph":[{"@type":"Article","@id":"https:\/\/www.iemj.org\/de\/forum-voix-etouffees\/#article","isPartOf":{"@id":"https:\/\/www.iemj.org\/de\/forum-voix-etouffees\/"},"author":{"name":"Jean-Gabriel Davis","@id":"https:\/\/www.iemj.org\/de\/#\/schema\/person\/c9bc1c386a3749579a2d675e72a18666"},"headline":"Forum Voix Etouff\u00e9es","datePublished":"2017-11-07T10:34:18+00:00","dateModified":"2026-01-08T12:25:42+00:00","mainEntityOfPage":{"@id":"https:\/\/www.iemj.org\/de\/forum-voix-etouffees\/"},"wordCount":205,"publisher":{"@id":"https:\/\/www.iemj.org\/de\/#organization"},"image":{"@id":"https:\/\/www.iemj.org\/de\/forum-voix-etouffees\/#primaryimage"},"thumbnailUrl":"https:\/\/www.iemj.org\/wp-content\/uploads\/2017\/11\/LOGO-FVE.jpg","articleSection":["Entdecken","Externe Links","Online-Ressourcen"],"inLanguage":"de"},{"@type":"WebPage","@id":"https:\/\/www.iemj.org\/de\/forum-voix-etouffees\/","url":"https:\/\/www.iemj.org\/de\/forum-voix-etouffees\/","name":"Forum Voix Etouff\u00e9es - Institut Europ\u00e9en des Musiques Juives","isPartOf":{"@id":"https:\/\/www.iemj.org\/de\/#website"},"primaryImageOfPage":{"@id":"https:\/\/www.iemj.org\/de\/forum-voix-etouffees\/#primaryimage"},"image":{"@id":"https:\/\/www.iemj.org\/de\/forum-voix-etouffees\/#primaryimage"},"thumbnailUrl":"https:\/\/www.iemj.org\/wp-content\/uploads\/2017\/11\/LOGO-FVE.jpg","datePublished":"2017-11-07T10:34:18+00:00","dateModified":"2026-01-08T12:25:42+00:00","breadcrumb":{"@id":"https:\/\/www.iemj.org\/de\/forum-voix-etouffees\/#breadcrumb"},"inLanguage":"de","potentialAction":[{"@type":"ReadAction","target":["https:\/\/www.iemj.org\/de\/forum-voix-etouffees\/"]}]},{"@type":"ImageObject","inLanguage":"de","@id":"https:\/\/www.iemj.org\/de\/forum-voix-etouffees\/#primaryimage","url":"https:\/\/www.iemj.org\/wp-content\/uploads\/2017\/11\/LOGO-FVE.jpg","contentUrl":"https:\/\/www.iemj.org\/wp-content\/uploads\/2017\/11\/LOGO-FVE.jpg","width":500,"height":261},{"@type":"BreadcrumbList","@id":"https:\/\/www.iemj.org\/de\/forum-voix-etouffees\/#breadcrumb","itemListElement":[{"@type":"ListItem","position":1,"name":"Accueil","item":"https:\/\/www.iemj.org\/de\/"},{"@type":"ListItem","position":2,"name":"Forum Voix Etouff\u00e9es"}]},{"@type":"WebSite","@id":"https:\/\/www.iemj.org\/de\/#website","url":"https:\/\/www.iemj.org\/de\/","name":"Institut Europ\u00e9en des Musiques Juives","description":"Des traditions musicales \u00e0 la port\u00e9e de tous","publisher":{"@id":"https:\/\/www.iemj.org\/de\/#organization"},"potentialAction":[{"@type":"SearchAction","target":{"@type":"EntryPoint","urlTemplate":"https:\/\/www.iemj.org\/de\/?s={search_term_string}"},"query-input":{"@type":"PropertyValueSpecification","valueRequired":true,"valueName":"search_term_string"}}],"inLanguage":"de"},{"@type":"Organization","@id":"https:\/\/www.iemj.org\/de\/#organization","name":"Institut Europ\u00e9en des Musiques Juives","url":"https:\/\/www.iemj.org\/de\/","logo":{"@type":"ImageObject","inLanguage":"de","@id":"https:\/\/www.iemj.org\/de\/#\/schema\/logo\/image\/","url":"https:\/\/www.iemj.org\/wp-content\/uploads\/2021\/09\/Logo-IEMJ-Paypal.jpg","contentUrl":"https:\/\/www.iemj.org\/wp-content\/uploads\/2021\/09\/Logo-IEMJ-Paypal.jpg","width":150,"height":50,"caption":"Institut Europ\u00e9en des Musiques Juives"},"image":{"@id":"https:\/\/www.iemj.org\/de\/#\/schema\/logo\/image\/"},"sameAs":["https:\/\/www.facebook.com\/MusiquesJuives\/","https:\/\/www.instagram.com\/musiquesjuives\/","https:\/\/www.youtube.com\/user\/musiquesjuives"]},{"@type":"Person","@id":"https:\/\/www.iemj.org\/de\/#\/schema\/person\/c9bc1c386a3749579a2d675e72a18666","name":"Jean-Gabriel Davis","image":{"@type":"ImageObject","inLanguage":"de","@id":"https:\/\/secure.gravatar.com\/avatar\/2b90d67bdf392c9b3a21fab87c0fa7edaf1fb3a058172a1ffd61033fcec7aec1?s=96&d=mm&r=g","url":"https:\/\/secure.gravatar.com\/avatar\/2b90d67bdf392c9b3a21fab87c0fa7edaf1fb3a058172a1ffd61033fcec7aec1?s=96&d=mm&r=g","contentUrl":"https:\/\/secure.gravatar.com\/avatar\/2b90d67bdf392c9b3a21fab87c0fa7edaf1fb3a058172a1ffd61033fcec7aec1?s=96&d=mm&r=g","caption":"Jean-Gabriel Davis"}}]}},"_links":{"self":[{"href":"https:\/\/www.iemj.org\/de\/wp-json\/wp\/v2\/posts\/110098","targetHints":{"allow":["GET"]}}],"collection":[{"href":"https:\/\/www.iemj.org\/de\/wp-json\/wp\/v2\/posts"}],"about":[{"href":"https:\/\/www.iemj.org\/de\/wp-json\/wp\/v2\/types\/post"}],"author":[{"embeddable":true,"href":"https:\/\/www.iemj.org\/de\/wp-json\/wp\/v2\/users\/1048"}],"replies":[{"embeddable":true,"href":"https:\/\/www.iemj.org\/de\/wp-json\/wp\/v2\/comments?post=110098"}],"version-history":[{"count":2,"href":"https:\/\/www.iemj.org\/de\/wp-json\/wp\/v2\/posts\/110098\/revisions"}],"predecessor-version":[{"id":128776,"href":"https:\/\/www.iemj.org\/de\/wp-json\/wp\/v2\/posts\/110098\/revisions\/128776"}],"wp:featuredmedia":[{"embeddable":true,"href":"https:\/\/www.iemj.org\/de\/wp-json\/wp\/v2\/media\/128703"}],"wp:attachment":[{"href":"https:\/\/www.iemj.org\/de\/wp-json\/wp\/v2\/media?parent=110098"}],"wp:term":[{"taxonomy":"category","embeddable":true,"href":"https:\/\/www.iemj.org\/de\/wp-json\/wp\/v2\/categories?post=110098"},{"taxonomy":"post_tag","embeddable":true,"href":"https:\/\/www.iemj.org\/de\/wp-json\/wp\/v2\/tags?post=110098"},{"taxonomy":"technique","embeddable":true,"href":"https:\/\/www.iemj.org\/de\/wp-json\/wp\/v2\/technique?post=110098"},{"taxonomy":"squelettes","embeddable":true,"href":"https:\/\/www.iemj.org\/de\/wp-json\/wp\/v2\/squelettes?post=110098"},{"taxonomy":"sujet","embeddable":true,"href":"https:\/\/www.iemj.org\/de\/wp-json\/wp\/v2\/sujet?post=110098"},{"taxonomy":"formation","embeddable":true,"href":"https:\/\/www.iemj.org\/de\/wp-json\/wp\/v2\/formation?post=110098"},{"taxonomy":"genre","embeddable":true,"href":"https:\/\/www.iemj.org\/de\/wp-json\/wp\/v2\/genre?post=110098"},{"taxonomy":"fonds","embeddable":true,"href":"https:\/\/www.iemj.org\/de\/wp-json\/wp\/v2\/fonds?post=110098"},{"taxonomy":"tradition","embeddable":true,"href":"https:\/\/www.iemj.org\/de\/wp-json\/wp\/v2\/tradition?post=110098"},{"taxonomy":"type-de-contenu","embeddable":true,"href":"https:\/\/www.iemj.org\/de\/wp-json\/wp\/v2\/type-de-contenu?post=110098"},{"taxonomy":"interprete-compositeur","embeddable":true,"href":"https:\/\/www.iemj.org\/de\/wp-json\/wp\/v2\/interprete-compositeur?post=110098"},{"taxonomy":"frise","embeddable":true,"href":"https:\/\/www.iemj.org\/de\/wp-json\/wp\/v2\/frise?post=110098"},{"taxonomy":"type-devenement","embeddable":true,"href":"https:\/\/www.iemj.org\/de\/wp-json\/wp\/v2\/type-devenement?post=110098"},{"taxonomy":"tableaux-liens-externes","embeddable":true,"href":"https:\/\/www.iemj.org\/de\/wp-json\/wp\/v2\/tableaux-liens-externes?post=110098"}],"curies":[{"name":"wp","href":"https:\/\/api.w.org\/{rel}","templated":true}]}}