{"id":110936,"date":"2024-04-03T15:11:55","date_gmt":"2024-04-03T13:11:55","guid":{"rendered":"https:\/\/www.iemj.org\/el-medioni-maurice-1928-2024\/"},"modified":"2024-04-09T17:22:16","modified_gmt":"2024-04-09T15:22:16","slug":"el-medioni-maurice-1928-2024","status":"publish","type":"post","link":"https:\/\/www.iemj.org\/de\/el-medioni-maurice-1928-2024\/","title":{"rendered":"El M\u00e9dioni, Maurice (1928-2024)"},"content":{"rendered":"<p>Maurice El M\u00e9dioni wurde am 18. Oktober 1928 in Oran (Algerien) in einer der lebendigen Gassen des Derb al Yahoud (Judenviertel) geboren. Seit seiner fr\u00fchesten Kindheit war er mit der Musik der orientalischen Caf\u00e9s vertraut. Sein Onkel Messaoud M\u00e9dioni, genannt Saoud l&#8217;Oranais, betrieb ein Caf\u00e9-Kabarett, in dem er Geige spielte, komponierte und sang und in dem u.a. die S\u00e4ngerin Sultana Daoud, die sp\u00e4ter den K\u00fcnstlernamen Reinette l&#8217;oranaise annahm, ihr Deb\u00fct gab.<\/p>\n<p><em><img fetchpriority=\"high\" decoding=\"async\" class=\" wp-image-110801 alignright\" src=\"https:\/\/www.iemj.org\/wp-content\/uploads\/2024\/04\/01_Saoud-lOranais-et-Reinette-282x300.jpg\" alt=\"\" width=\"233\" height=\"248\" srcset=\"https:\/\/www.iemj.org\/wp-content\/uploads\/2024\/04\/01_Saoud-lOranais-et-Reinette-282x300.jpg 282w, https:\/\/www.iemj.org\/wp-content\/uploads\/2024\/04\/01_Saoud-lOranais-et-Reinette.jpg 457w\" sizes=\"(max-width: 233px) 100vw, 233px\" \/><\/em>&#8222;<em>Aber die Musik kam nicht durch ihn zu mir<\/em>&#8222;, erz\u00e4hlte Maurice El M\u00e9dioni sp\u00e4ter. &#8222;<em>Mein Vater war 1935 gestorben, ich war sieben Jahre alt, und wir waren vier Kinder, die von einer mittellosen Mutter aufgezogen wurden. Als ich neun Jahre alt war, kam mein \u00e4lterer Bruder mit einem alten Klavier vom Flohmarkt zur\u00fcck. Das war der sch\u00f6nste Tag in meinem Leben. Ich liebte es zu singen: Tino Rossi, aber auch Trenet<\/em>&#8220; [&#8230;] &#8222;Schwierig, das Klavier? Ganz und gar nicht. &#8222;<em>Ich habe es in einer Woche gelernt. Es gab eine absolute Beziehung zwischen meinen Fingern und meinem Gehirn<\/em>.&#8220;<span class=\"footnote_referrer\"><a role=\"button\" tabindex=\"0\" onclick=\"footnote_moveToReference_110936_1('footnote_plugin_reference_110936_1_1');\" onkeypress=\"footnote_moveToReference_110936_1('footnote_plugin_reference_110936_1_1');\" ><sup id=\"footnote_plugin_tooltip_110936_1_1\" class=\"footnote_plugin_tooltip_text\">[1]<\/sup><\/a><span id=\"footnote_plugin_tooltip_text_110936_1_1\" class=\"footnote_tooltip\">V\u00e9ronique Mortaigne, &#8222;Maurice El M\u00e9dioni, le piano \u00e0 l&#8217;arabesque&#8220;, Le Monde, 27. Juni 2003<\/span><\/span><script type=\"text\/javascript\"> jQuery('#footnote_plugin_tooltip_110936_1_1').tooltip({ tip: '#footnote_plugin_tooltip_text_110936_1_1', tipClass: 'footnote_tooltip', effect: 'fade', predelay: 0, fadeInSpeed: 200, delay: 400, fadeOutSpeed: 200, position: 'top center', relative: true, offset: [-7, 0], });<\/script><\/p>\n<p>Als Pianist wird Maurice regelm\u00e4\u00dfig von seinen Schulfreunden eingeladen, um Feste und Geburtstage zu unterhalten. Doch am 8. November 1942 landeten die Amerikaner in Nordafrika. Mit einem angeborenen Sinn f\u00fcr Musik, Improvisation und Begleitung geht der erst 14-j\u00e4hrige Maurice in amerikanische Bars, wo er sich zusammen mit afroamerikanischen und texanischen Soldaten mit Boogie-Woogie und Country vertraut macht. Er lernte auch Soldaten aus Puerto Rico kennen, die ihm <strong><img decoding=\"async\" class=\"wp-image-110806 alignleft\" src=\"https:\/\/www.iemj.org\/wp-content\/uploads\/2024\/04\/02_Oran-1951-la-maison-Medioni-tailleur-204x300.jpg\" alt=\"\" width=\"162\" height=\"238\" srcset=\"https:\/\/www.iemj.org\/wp-content\/uploads\/2024\/04\/02_Oran-1951-la-maison-Medioni-tailleur-204x300.jpg 204w, https:\/\/www.iemj.org\/wp-content\/uploads\/2024\/04\/02_Oran-1951-la-maison-Medioni-tailleur.jpg 218w\" sizes=\"(max-width: 162px) 100vw, 162px\" \/><\/strong>den Rumba Rumba oder auch Cha-Cha-Cha lernen. Nach dem Abzug der Amerikaner 1945 <strong>nahm Maurice den Beruf seines Vaters, der Schneider war<\/strong>, wieder auf, trat aber weiterhin gelegentlich in Caf\u00e9s auf.<\/p>\n<p>Eines Tages, etwa 1947\/48, &#8222;<em>spiele ich im Caf\u00e9 Salvat. Es kommen drei Maghrebiner vorbei, Stra\u00dfenmusiker mit Derbouka, Tamburin. Am Abend spielen wir zusammen. Innerhalb weniger Minuten ist die Bar voll, die arabische Musik hat sich gerade mit dem Jazz und dem Cha-Cha-Cha verm\u00e4hlt!<\/em>&#8220; <span class=\"footnote_referrer\"><a role=\"button\" tabindex=\"0\" onclick=\"footnote_moveToReference_110936_1('footnote_plugin_reference_110936_1_2');\" onkeypress=\"footnote_moveToReference_110936_1('footnote_plugin_reference_110936_1_2');\" ><sup id=\"footnote_plugin_tooltip_110936_1_2\" class=\"footnote_plugin_tooltip_text\">[2]<\/sup><\/a><span id=\"footnote_plugin_tooltip_text_110936_1_2\" class=\"footnote_tooltip\">V\u00e9ronique Mortaigne, op. cit.<\/span><\/span><script type=\"text\/javascript\"> jQuery('#footnote_plugin_tooltip_110936_1_2').tooltip({ tip: '#footnote_plugin_tooltip_text_110936_1_2', tipClass: 'footnote_tooltip', effect: 'fade', predelay: 0, fadeInSpeed: 200, delay: 400, fadeOutSpeed: 200, position: 'top center', relative: true, offset: [-7, 0], });<\/script><\/p>\n<p>Mit seinen Musikerfreunden &#8211; Hamida Guerbi, Amar Ben Amar und Kaddouri Bensmir &#8211; sorgte Maurice f\u00fcr Unterhaltung im Caf\u00e9 Salvat, das immer voller wurde&#8230;&#8220;. Bis zu dem Tag, an dem der Musiker Blaoui Houari ihm vorschlug, in das orientalische Orchester der Oper von Oran unter der Leitung von Mahieddine Bachtarzi einzutreten. [&#8230;] Bachtarzi leitete eine Musikgesellschaft, die Moutribia, und tauschte sich mit anderen L\u00e4ndern des Maghreb aus. So begleitete Maurice viele tunesische K\u00fcnstler auf Tourneen in Algerien. [&#8230;] In Frankreich war ich mit Raoul Journo sehr gut befreundet, aber wir haben nie zusammen gespielt! Alle tunesischen Musiker in Paris und Umgebung waren meine Freunde: <a href=\"https:\/\/www.iemj.org\/de\/tounsi-el-kahlaoui-1932-2000\/\" target=\"_blank\" rel=\"noopener\">El Kahlaoui Tounsi<\/a>, Maurice Meimoun &#8230;&#8220;<span class=\"footnote_referrer\"><a role=\"button\" tabindex=\"0\" onclick=\"footnote_moveToReference_110936_1('footnote_plugin_reference_110936_1_3');\" onkeypress=\"footnote_moveToReference_110936_1('footnote_plugin_reference_110936_1_3');\" ><sup id=\"footnote_plugin_tooltip_110936_1_3\" class=\"footnote_plugin_tooltip_text\">[3]<\/sup><\/a><span id=\"footnote_plugin_tooltip_text_110936_1_3\" class=\"footnote_tooltip\">Raoul Bella\u00efche, &#8222;Maurice El M\u00e9dioni, cr\u00e9ateur du &#8218;pianoriental'&#8220; &#8211; Interview mit Maurice El M\u00e9dioni, Je chante! Magazin Nr. 1, Januar 2016, S. 61.<\/span><\/span><script type=\"text\/javascript\"> jQuery('#footnote_plugin_tooltip_110936_1_3').tooltip({ tip: '#footnote_plugin_tooltip_text_110936_1_3', tipClass: 'footnote_tooltip', effect: 'fade', predelay: 0, fadeInSpeed: 200, delay: 400, fadeOutSpeed: 200, position: 'top center', relative: true, offset: [-7, 0], });<\/script><\/p>\n<figure id=\"attachment_110826\" aria-describedby=\"caption-attachment-110826\" style=\"width: 600px\" class=\"wp-caption aligncenter\"><img decoding=\"async\" class=\"wp-image-110826\" src=\"https:\/\/www.iemj.org\/wp-content\/uploads\/2024\/04\/03_Maurice-at-piano-s-dancing-_Page_07-1-copy-avec-Samy-El_Maghribi_redim-1-300x167.jpg\" alt=\"\" width=\"600\" height=\"333\" srcset=\"https:\/\/www.iemj.org\/wp-content\/uploads\/2024\/04\/03_Maurice-at-piano-s-dancing-_Page_07-1-copy-avec-Samy-El_Maghribi_redim-1-300x167.jpg 300w, https:\/\/www.iemj.org\/wp-content\/uploads\/2024\/04\/03_Maurice-at-piano-s-dancing-_Page_07-1-copy-avec-Samy-El_Maghribi_redim-1.jpg 600w\" sizes=\"(max-width: 600px) 100vw, 600px\" \/><figcaption id=\"caption-attachment-110826\" class=\"wp-caption-text\"><strong>El Medioni (at piano, rear) performs with the Moroccan Jewish superstar Samy Elmaghribi (at microphone) in the 1950s. (Courtesy of Maurice El Medioni Family Archive)<\/strong><\/figcaption><\/figure>\n<p>1961 verlie\u00df Maurice El M\u00e9dioni Algerien und emigrierte nach Israel, wo er sich einige Monate aufhielt, bevor er sich 1962 in Paris niederlie\u00df, wo er manchmal bei Festen, Bar-Mizwas oder Hochzeiten spielte. 1967 entschied er sich f\u00fcr die mediterrane Sonne in Marseille, wo er mit seinem Bruder ein Bekleidungsgesch\u00e4ft er\u00f6ffnete. Manchmal ging er auf ausdr\u00fccklichen Wunsch von <a href=\"https:\/\/www.iemj.org\/de\/monty-line-1926-2003\/\" target=\"_blank\" rel=\"noopener\">Line Monty<\/a>\u00a0zur\u00fcck nach Paris, um sie am Klavier zu begleiten.<\/p>\n<figure id=\"attachment_110836\" aria-describedby=\"caption-attachment-110836\" style=\"width: 600px\" class=\"wp-caption aligncenter\"><img loading=\"lazy\" decoding=\"async\" class=\"wp-image-110836\" src=\"https:\/\/www.iemj.org\/wp-content\/uploads\/2024\/04\/04_K7_Line-Monty-accpgt-et-compo-Medioni_K7_1737_redim-300x186.jpg\" alt=\"\" width=\"600\" height=\"372\" srcset=\"https:\/\/www.iemj.org\/wp-content\/uploads\/2024\/04\/04_K7_Line-Monty-accpgt-et-compo-Medioni_K7_1737_redim-300x186.jpg 300w, https:\/\/www.iemj.org\/wp-content\/uploads\/2024\/04\/04_K7_Line-Monty-accpgt-et-compo-Medioni_K7_1737_redim.jpg 600w\" sizes=\"(max-width: 600px) 100vw, 600px\" \/><figcaption id=\"caption-attachment-110836\" class=\"wp-caption-text\"><strong>Line Monty &amp; Maurice El M\u00e9dioni<\/strong><\/figcaption><\/figure>\n<p>1985 gab er seine 42-j\u00e4hrige T\u00e4tigkeit als Schneider auf, um sich ganz der Musik zu widmen. Er trat regelm\u00e4\u00dfig mit Reinette l&#8217;Oranaise, Lili Boniche oder Blond-Blond auf und pflegte eine enge Beziehung zu Line Monty.<\/p>\n<p>In den 1990er Jahren produzierte Michel L\u00e9vy, der den <a href=\"https:\/\/www.iemj.org\/de\/le-label-dounia\/\" target=\"_blank\" rel=\"noopener\">Dounia-Katalog<\/a> von El Kahlaoui Tounsi gekauft hatte, zusammen mit Bruno Barre mehrere CDs mit Lili Boniche, Blond-Blond, Reinette l&#8217;Oranaise, Line Monty, Luc Cherki, Ren\u00e9 Perez&#8230; in einer Kollektion mit dem Titel &#8222;Tr\u00e9sors de la chanson jud\u00e9o-arabe&#8220; (Ed. M\u00e9lodie Distribution). Diese CDs, die sp\u00e4ter von <a href=\"https:\/\/www.budamusique.com\/en\" target=\"_blank\" rel=\"noopener\">Buda Musique<\/a> neu aufgelegt wurden, brachten die f\u00fchrenden K\u00fcnstler des franko-arabischen oder franko-orientalischen Chansons wieder in die Mode, wobei sie manchmal von Maurice El M\u00e9dioni am Klavier begleitet wurden oder Werke von ihm sangen. 1992 standen beim Festival Montpellier-Danse am Er\u00f6ffnungsabend Line Monty, Lili Boniche und Reinette l&#8217;Oranaise auf dem Programm. Maurice El M\u00e9dionis Karriere nahm damit einen neuen Anfang, sowohl auf der B\u00fchne als auch in den Aufnahmestudios. 1996 widmete ihm das <a href=\"https:\/\/www.piranha.de\/piranha_arts_ag\/news\/piranha_news\/r_i_p_maurice_el\" target=\"_blank\" rel=\"noopener\">Label Piranha<\/a> die CD <em>Caf\u00e9 <img loading=\"lazy\" decoding=\"async\" class=\"size-medium wp-image-110846 alignleft\" src=\"https:\/\/www.iemj.org\/wp-content\/uploads\/2024\/04\/05_CD-Maurice-El-Medioni-meets-Roberto-Rodriguez_CD_348_redim-298x300.jpg\" alt=\"\" width=\"298\" height=\"300\" srcset=\"https:\/\/www.iemj.org\/wp-content\/uploads\/2024\/04\/05_CD-Maurice-El-Medioni-meets-Roberto-Rodriguez_CD_348_redim-298x300.jpg 298w, https:\/\/www.iemj.org\/wp-content\/uploads\/2024\/04\/05_CD-Maurice-El-Medioni-meets-Roberto-Rodriguez_CD_348_redim-150x150.jpg 150w, https:\/\/www.iemj.org\/wp-content\/uploads\/2024\/04\/05_CD-Maurice-El-Medioni-meets-Roberto-Rodriguez_CD_348_redim-100x100.jpg 100w, https:\/\/www.iemj.org\/wp-content\/uploads\/2024\/04\/05_CD-Maurice-El-Medioni-meets-Roberto-Rodriguez_CD_348_redim.jpg 397w\" sizes=\"(max-width: 298px) 100vw, 298px\" \/>Oran &#8211; Maurice El M\u00e9dioni und sein PianOriental<\/em>, auf der er unter anderem mit den Klezmatics spielte. Im Jahr 2000 nahm er <em>Sama\u00ef Andalou &#8211; Arab-Cuban Music<\/em> bei Magda und <em>Pianoriental<\/em> bei Buda Musique auf. 2003 ver\u00f6ffentlichte er bei Ness Music die CD <em>Liturgie Hebra\u00efca &#8211; Andalouse<\/em>. 2004 begleitet er Philippe und Jonathan Darmon bei der CD <em>Musiques d&#8217;hier et de toujours&#8230; Grands classiques de la liturgie juive d&#8217;Alg\u00e9rie<\/em> (Editions ESDE). 2006 nahm er mit dem kubanischen Perkussionisten Roberto Rodriguez <strong><em>Descarga Oriental: The New York Sessions<\/em><\/strong> (Piranha) auf, das 2007 mit dem World Music Award der BBC in der Kategorie Culture Crossing ausgezeichnet wurde. 2007 spielte er in Marseille im Orchester <em>El Gusto<\/em>, das sowohl j\u00fcdische als auch muslimische Veteranen des algerischen Volksliedes Cha\u00e2bi vereinte. Im M\u00e4rz 2010 trat er im Th\u00e9\u00e2tre du vieux Colombier (Paris) anl\u00e4sslich der Verleihung des Francine et Antoine Bernheim-Preises unter der Schirmherrschaft der Fondation du Juda\u00efsme Fran\u00e7ais auf <span class=\"footnote_referrer\"><a role=\"button\" tabindex=\"0\" onclick=\"footnote_moveToReference_110936_1('footnote_plugin_reference_110936_1_4');\" onkeypress=\"footnote_moveToReference_110936_1('footnote_plugin_reference_110936_1_4');\" ><sup id=\"footnote_plugin_tooltip_110936_1_4\" class=\"footnote_plugin_tooltip_text\">[4]<\/sup><\/a><span id=\"footnote_plugin_tooltip_text_110936_1_4\" class=\"footnote_tooltip\">Siehe die Aufzeichnung dieser Zeremonie auf <a href=\"https:\/\/akadem.org\/sommaire\/themes\/vie-juive\/vie-politique\/institutions\/remise-du-prix-francine-et-antoine-bernheim-16-03-2010-8072_465\" target=\"_blank\" rel=\"noopener\">Akadem<\/a><\/span><\/span><script type=\"text\/javascript\"> jQuery('#footnote_plugin_tooltip_110936_1_4').tooltip({ tip: '#footnote_plugin_tooltip_text_110936_1_4', tipClass: 'footnote_tooltip', effect: 'fade', predelay: 0, fadeInSpeed: 200, delay: 400, fadeOutSpeed: 200, position: 'top center', relative: true, offset: [-7, 0], });<\/script>. Im Jahr 2012 spielte er seine eigene Rolle in dem franz\u00f6sisch-irisch-algerischen Dokumentarfilm <em>El Gusto<\/em>, der von Safinez Bousbia produziert und gedreht wurde. Am 27. Januar 2013 schlie\u00dflich nahm er im Alter von 84 Jahren im Mus\u00e9e d&#8217;Art et d&#8217;Histoire du Juda\u00efsme <em>Oran-Oran<\/em> ein zweist\u00fcndiges Live-Konzert auf, das erneut von Buda Musique herausgegeben wurde.<\/p>\n<p><img loading=\"lazy\" decoding=\"async\" class=\" wp-image-110851 alignright\" src=\"https:\/\/www.iemj.org\/wp-content\/uploads\/2024\/04\/06_MAURICE-EL-MEDIONI-A-Memoir_redim-189x300.jpg\" alt=\"\" width=\"168\" height=\"266\" srcset=\"https:\/\/www.iemj.org\/wp-content\/uploads\/2024\/04\/06_MAURICE-EL-MEDIONI-A-Memoir_redim-189x300.jpg 189w, https:\/\/www.iemj.org\/wp-content\/uploads\/2024\/04\/06_MAURICE-EL-MEDIONI-A-Memoir_redim.jpg 284w\" sizes=\"(max-width: 168px) 100vw, 168px\" \/>2011 zog Maurice El M\u00e9dioni mit seiner Frau, die erhebliche gesundheitliche Probleme hatte, nach Netanya, nicht weit von zwei seiner S\u00f6hne entfernt. Er trat daraufhin auf den B\u00fchnen der ganzen Welt auf: Los Angeles, Montreal, Berlin, Moskau&#8230; Doch einige Zeit sp\u00e4ter zwang ihn eine Lungenkrebserkrankung, das Tempo seiner Tourneen zu drosseln. Er schrieb seine Erinnerungen in dem Buch <a href=\"https:\/\/repeaterbooks.com\/authors\/maurice-el-medioni\/\" target=\"_blank\" rel=\"noopener\"><strong><em>Maurice El M\u00e9dioni, A Memoir: From Oran to Marseille (1936-1990)<\/em><\/strong><\/a>, das 2017 ver\u00f6ffentlicht wurde, bevor er in ein Altersheim in Netanya zog, wo er am Montag, den 25. M\u00e4rz 2024 friedlich starb. Bis zu seinem Lebensende werden Maurice El M\u00e9dioni und seine Familie nicht aufh\u00f6ren, Dokumente \u00fcber seine unglaubliche Karriere zu verbreiten, die eine Synthese von Musikstilen darstellt, die man f\u00fcr schwer vereinbar hielt (Orient, Jazz, Lateinamerika&#8230;).<span class=\"footnote_referrer\"><a role=\"button\" tabindex=\"0\" onclick=\"footnote_moveToReference_110936_1('footnote_plugin_reference_110936_1_5');\" onkeypress=\"footnote_moveToReference_110936_1('footnote_plugin_reference_110936_1_5');\" ><sup id=\"footnote_plugin_tooltip_110936_1_5\" class=\"footnote_plugin_tooltip_text\">[5]<\/sup><\/a><span id=\"footnote_plugin_tooltip_text_110936_1_5\" class=\"footnote_tooltip\">Insbesondere an Yvonne Kahan und Ava Bohbot (Chaos Film), die gerade einen Dokumentarfilm, <em>Notes of Exile<\/em>, \u00fcber Maurice El M\u00e9dioni drehen<\/span><\/span><script type=\"text\/javascript\"> jQuery('#footnote_plugin_tooltip_110936_1_5').tooltip({ tip: '#footnote_plugin_tooltip_text_110936_1_5', tipClass: 'footnote_tooltip', effect: 'fade', predelay: 0, fadeInSpeed: 200, delay: 400, fadeOutSpeed: 200, position: 'top center', relative: true, offset: [-7, 0], });<\/script>.<\/p>\n<p><img loading=\"lazy\" decoding=\"async\" class=\"wp-image-110875  alignright\" src=\"https:\/\/www.iemj.org\/wp-content\/uploads\/2024\/04\/07_Maurice-El-Medioni-piano-sur-scene-avec-micro_autre-photo-300x217.jpg\" alt=\"\" width=\"253\" height=\"183\" srcset=\"https:\/\/www.iemj.org\/wp-content\/uploads\/2024\/04\/07_Maurice-El-Medioni-piano-sur-scene-avec-micro_autre-photo-300x217.jpg 300w, https:\/\/www.iemj.org\/wp-content\/uploads\/2024\/04\/07_Maurice-El-Medioni-piano-sur-scene-avec-micro_autre-photo.jpg 448w\" sizes=\"(max-width: 253px) 100vw, 253px\" \/>Zweifellos, wenn es ein Paradies gibt und es ein Klavier hat, dann tanzen die Engel dort gerade zu orientalischen Rumba-Kl\u00e4ngen unter dem freundlichen L\u00e4cheln von Maurice &#8222;dem Mediterranen&#8220; &#8230;<\/p>\n<ul>\n<li><a href=\"https:\/\/www.iemj.org\/de\/fonds-maurice-el-medioni\/\" target=\"_blank\" rel=\"noopener\">Den Bestand des Maurice El M\u00e9dioni-Archivs einsehen<\/a><\/li>\n<li><a href=\"https:\/\/www.iemj.org\/de\/oran-oran\/\" target=\"_blank\" rel=\"noopener\">Ausz\u00fcge aus der CD <em>Oran-Oran<\/em> anh\u00f6ren<\/a><\/li>\n<li><a href=\"https:\/\/www.iemj.org\/de\/chants-des-juifs-dalgerie-1\/\" target=\"_blank\" rel=\"noopener\">Playlist &#8222;Lied der Juden in Algerien (1)&#8220; anh\u00f6ren<\/a><\/li>\n<li><a href=\"https:\/\/www.iemj.org\/de\/chants-des-juifs-dalgerie-2\/\" target=\"_blank\" rel=\"noopener\">Playlist &#8222;Lied der Juden in Algerien (2)&#8220; anh\u00f6ren<\/a><\/li>\n<li><a href=\"https:\/\/www.amazon.fr\/Stars-Music-Hall-dAlg%C3%A9rie-inclus\/dp\/B000EMF9N2\" target=\"_blank\" rel=\"noopener\">Kaufen Sie den Comic und die CD <em>Les stars du music&#8217;hall d&#8217;Alg\u00e9rie<\/em> von Val\u00e9rie Cohen und Didier Zuili<\/a><\/li>\n<\/ul>\n\n\n<div class=\"wp-block-columns is-layout-flex wp-container-core-columns-is-layout-9d6595d7 wp-block-columns-is-layout-flex\">\n<div class=\"wp-block-column is-layout-flow wp-block-column-is-layout-flow\">\n<figure class=\"wp-block-embed is-type-video is-provider-youtube wp-block-embed-youtube wp-embed-aspect-4-3 wp-has-aspect-ratio\"><div class=\"wp-block-embed__wrapper\">\n<iframe title=\"Maurice El M\u00e9dioni - Une musique \u00e0 la crois\u00e9e des chemins\" width=\"640\" height=\"480\" src=\"https:\/\/www.youtube.com\/embed\/Qo10vWbjgI8?feature=oembed\" frameborder=\"0\" allow=\"accelerometer; autoplay; clipboard-write; encrypted-media; gyroscope; picture-in-picture; web-share\" referrerpolicy=\"strict-origin-when-cross-origin\" allowfullscreen><\/iframe>\n<\/div><figcaption class=\"wp-element-caption\"><strong>Maurice El M\u00e9dioni &#8211; Eine Musik am Scheideweg<\/strong><\/figcaption><\/figure>\n<\/div>\n\n\n\n<div class=\"wp-block-column is-layout-flow wp-block-column-is-layout-flow\">\n<figure class=\"wp-block-embed is-type-video is-provider-youtube wp-block-embed-youtube wp-embed-aspect-4-3 wp-has-aspect-ratio\"><div class=\"wp-block-embed__wrapper\">\n<iframe title=\"Maurice El M\u00e9dioni - La l\u00e9gende du pianoriental\" width=\"640\" height=\"480\" src=\"https:\/\/www.youtube.com\/embed\/DbaQQ3wjwdk?feature=oembed\" frameborder=\"0\" allow=\"accelerometer; autoplay; clipboard-write; encrypted-media; gyroscope; picture-in-picture; web-share\" referrerpolicy=\"strict-origin-when-cross-origin\" allowfullscreen><\/iframe>\n<\/div><figcaption class=\"wp-element-caption\"><strong>Maurice El M\u00e9dioni &#8211; Die Legende des Pianorientals<\/strong><\/figcaption><\/figure>\n<\/div>\n<\/div>\n<div class=\"speaker-mute footnotes_reference_container\"> <div class=\"footnote_container_prepare\"><p><span role=\"button\" tabindex=\"0\" class=\"footnote_reference_container_label pointer\" onclick=\"footnote_expand_collapse_reference_container_110936_1();\">&#x202F;<\/span><span role=\"button\" tabindex=\"0\" class=\"footnote_reference_container_collapse_button\" style=\"display: none;\" onclick=\"footnote_expand_collapse_reference_container_110936_1();\">[<a id=\"footnote_reference_container_collapse_button_110936_1\">+<\/a>]<\/span><\/p><\/div> <div id=\"footnote_references_container_110936_1\" style=\"\"><table class=\"footnotes_table footnote-reference-container\"><caption class=\"accessibility\">References<\/caption> <tbody> \r\n\r\n<tr class=\"footnotes_plugin_reference_row\"> <th scope=\"row\" class=\"footnote_plugin_index_combi pointer\"  onclick=\"footnote_moveToAnchor_110936_1('footnote_plugin_tooltip_110936_1_1');\"><a id=\"footnote_plugin_reference_110936_1_1\" class=\"footnote_backlink\">1<\/a><\/th> <td class=\"footnote_plugin_text\">V\u00e9ronique Mortaigne, &#8222;Maurice El M\u00e9dioni, le piano \u00e0 l&#8217;arabesque&#8220;, Le Monde, 27. Juni 2003<\/td><\/tr>\r\n\r\n<tr class=\"footnotes_plugin_reference_row\"> <th scope=\"row\" class=\"footnote_plugin_index_combi pointer\"  onclick=\"footnote_moveToAnchor_110936_1('footnote_plugin_tooltip_110936_1_2');\"><a id=\"footnote_plugin_reference_110936_1_2\" class=\"footnote_backlink\">2<\/a><\/th> <td class=\"footnote_plugin_text\">V\u00e9ronique Mortaigne, op. cit.<\/td><\/tr>\r\n\r\n<tr class=\"footnotes_plugin_reference_row\"> <th scope=\"row\" class=\"footnote_plugin_index_combi pointer\"  onclick=\"footnote_moveToAnchor_110936_1('footnote_plugin_tooltip_110936_1_3');\"><a id=\"footnote_plugin_reference_110936_1_3\" class=\"footnote_backlink\">3<\/a><\/th> <td class=\"footnote_plugin_text\">Raoul Bella\u00efche, &#8222;Maurice El M\u00e9dioni, cr\u00e9ateur du &#8218;pianoriental'&#8220; &#8211; Interview mit Maurice El M\u00e9dioni, Je chante! Magazin Nr. 1, Januar 2016, S. 61.<\/td><\/tr>\r\n\r\n<tr class=\"footnotes_plugin_reference_row\"> <th scope=\"row\" class=\"footnote_plugin_index_combi pointer\"  onclick=\"footnote_moveToAnchor_110936_1('footnote_plugin_tooltip_110936_1_4');\"><a id=\"footnote_plugin_reference_110936_1_4\" class=\"footnote_backlink\">4<\/a><\/th> <td class=\"footnote_plugin_text\">Siehe die Aufzeichnung dieser Zeremonie auf <a href=\"https:\/\/akadem.org\/sommaire\/themes\/vie-juive\/vie-politique\/institutions\/remise-du-prix-francine-et-antoine-bernheim-16-03-2010-8072_465\" target=\"_blank\" rel=\"noopener\">Akadem<\/a><\/td><\/tr>\r\n\r\n<tr class=\"footnotes_plugin_reference_row\"> <th scope=\"row\" class=\"footnote_plugin_index_combi pointer\"  onclick=\"footnote_moveToAnchor_110936_1('footnote_plugin_tooltip_110936_1_5');\"><a id=\"footnote_plugin_reference_110936_1_5\" class=\"footnote_backlink\">5<\/a><\/th> <td class=\"footnote_plugin_text\">Insbesondere an Yvonne Kahan und Ava Bohbot (Chaos Film), die gerade einen Dokumentarfilm, <em>Notes of Exile<\/em>, \u00fcber Maurice El M\u00e9dioni drehen<\/td><\/tr>\r\n\r\n <\/tbody> <\/table> <\/div><\/div><script type=\"text\/javascript\"> function footnote_expand_reference_container_110936_1() { jQuery('#footnote_references_container_110936_1').show(); jQuery('#footnote_reference_container_collapse_button_110936_1').text('\u2212'); } function footnote_collapse_reference_container_110936_1() { jQuery('#footnote_references_container_110936_1').hide(); jQuery('#footnote_reference_container_collapse_button_110936_1').text('+'); } function footnote_expand_collapse_reference_container_110936_1() { if (jQuery('#footnote_references_container_110936_1').is(':hidden')) { footnote_expand_reference_container_110936_1(); } else { footnote_collapse_reference_container_110936_1(); } } function footnote_moveToReference_110936_1(p_str_TargetID) { footnote_expand_reference_container_110936_1(); var l_obj_Target = jQuery('#' + p_str_TargetID); if (l_obj_Target.length) { jQuery( 'html, body' ).delay( 0 ); jQuery('html, body').animate({ scrollTop: l_obj_Target.offset().top - window.innerHeight * 0.2 }, 380); } } function footnote_moveToAnchor_110936_1(p_str_TargetID) { footnote_expand_reference_container_110936_1(); var l_obj_Target = jQuery('#' + p_str_TargetID); if (l_obj_Target.length) { jQuery( 'html, body' ).delay( 0 ); jQuery('html, body').animate({ scrollTop: l_obj_Target.offset().top - window.innerHeight * 0.2 }, 380); } }<\/script>","protected":false},"excerpt":{"rendered":"<p>Maurice El M\u00e9dioni wurde am 18. Oktober 1928 in Oran (Algerien) in einer der lebendigen Gassen des Derb al Yahoud (Judenviertel) geboren. Seit seiner fr\u00fchesten Kindheit war er mit der<\/p>\n","protected":false},"author":5,"featured_media":110793,"comment_status":"closed","ping_status":"closed","sticky":false,"template":"","format":"standard","meta":{"_acf_changed":false,"footnotes":""},"categories":[1415],"tags":[],"technique":[],"squelettes":[],"sujet":[],"formation":[],"genre":[1914],"fonds":[],"tradition":[],"type-de-contenu":[],"interprete-compositeur":[3261],"frise":[],"type-devenement":[],"tableaux-liens-externes":[],"class_list":["post-110936","post","type-post","status-publish","format-standard","has-post-thumbnail","hentry","category-biografien-de","genre-oriental-de","interprete-compositeur-maurice-el-medioni-de"],"acf":[],"yoast_head":"<!-- This site is optimized with the Yoast SEO plugin v27.3 - https:\/\/yoast.com\/product\/yoast-seo-wordpress\/ -->\n<title>El M\u00e9dioni, Maurice (1928-2024) - Institut Europ\u00e9en des Musiques Juives<\/title>\n<meta name=\"robots\" content=\"index, follow, max-snippet:-1, max-image-preview:large, max-video-preview:-1\" \/>\n<link rel=\"canonical\" href=\"https:\/\/www.iemj.org\/de\/el-medioni-maurice-1928-2024\/\" \/>\n<meta property=\"og:locale\" content=\"de_DE\" \/>\n<meta property=\"og:type\" content=\"article\" \/>\n<meta property=\"og:title\" content=\"El M\u00e9dioni, Maurice (1928-2024) - Institut Europ\u00e9en des Musiques Juives\" \/>\n<meta property=\"og:description\" content=\"Maurice El M\u00e9dioni wurde am 18. Oktober 1928 in Oran (Algerien) in einer der lebendigen Gassen des Derb al Yahoud (Judenviertel) geboren. Seit seiner fr\u00fchesten Kindheit war er mit der\" \/>\n<meta property=\"og:url\" content=\"https:\/\/www.iemj.org\/de\/el-medioni-maurice-1928-2024\/\" \/>\n<meta property=\"og:site_name\" content=\"Institut Europ\u00e9en des Musiques Juives\" \/>\n<meta property=\"article:publisher\" content=\"https:\/\/www.facebook.com\/MusiquesJuives\/\" \/>\n<meta property=\"article:published_time\" content=\"2024-04-03T13:11:55+00:00\" \/>\n<meta property=\"article:modified_time\" content=\"2024-04-09T15:22:16+00:00\" \/>\n<meta property=\"og:image\" content=\"https:\/\/www.iemj.org\/wp-content\/uploads\/2024\/04\/Logo-Bio-M-El-Medioni.jpg\" \/>\n\t<meta property=\"og:image:width\" content=\"218\" \/>\n\t<meta property=\"og:image:height\" content=\"218\" \/>\n\t<meta property=\"og:image:type\" content=\"image\/jpeg\" \/>\n<meta name=\"author\" content=\"Jacqueline ROTEN\" \/>\n<meta name=\"twitter:card\" content=\"summary_large_image\" \/>\n<meta name=\"twitter:label1\" content=\"Verfasst von\" \/>\n\t<meta name=\"twitter:data1\" content=\"Jacqueline ROTEN\" \/>\n\t<meta name=\"twitter:label2\" content=\"Gesch\u00e4tzte Lesezeit\" \/>\n\t<meta name=\"twitter:data2\" content=\"8\u00a0Minuten\" \/>\n<script type=\"application\/ld+json\" class=\"yoast-schema-graph\">{\"@context\":\"https:\\\/\\\/schema.org\",\"@graph\":[{\"@type\":\"Article\",\"@id\":\"https:\\\/\\\/www.iemj.org\\\/de\\\/el-medioni-maurice-1928-2024\\\/#article\",\"isPartOf\":{\"@id\":\"https:\\\/\\\/www.iemj.org\\\/de\\\/el-medioni-maurice-1928-2024\\\/\"},\"author\":{\"name\":\"Jacqueline ROTEN\",\"@id\":\"https:\\\/\\\/www.iemj.org\\\/de\\\/#\\\/schema\\\/person\\\/358e26c18aca017fcc4cc15437f7279c\"},\"headline\":\"El M\u00e9dioni, Maurice (1928-2024)\",\"datePublished\":\"2024-04-03T13:11:55+00:00\",\"dateModified\":\"2024-04-09T15:22:16+00:00\",\"mainEntityOfPage\":{\"@id\":\"https:\\\/\\\/www.iemj.org\\\/de\\\/el-medioni-maurice-1928-2024\\\/\"},\"wordCount\":1266,\"publisher\":{\"@id\":\"https:\\\/\\\/www.iemj.org\\\/de\\\/#organization\"},\"image\":{\"@id\":\"https:\\\/\\\/www.iemj.org\\\/de\\\/el-medioni-maurice-1928-2024\\\/#primaryimage\"},\"thumbnailUrl\":\"https:\\\/\\\/www.iemj.org\\\/wp-content\\\/uploads\\\/2024\\\/04\\\/Logo-Bio-M-El-Medioni.jpg\",\"articleSection\":[\"Biografien\"],\"inLanguage\":\"de\"},{\"@type\":\"WebPage\",\"@id\":\"https:\\\/\\\/www.iemj.org\\\/de\\\/el-medioni-maurice-1928-2024\\\/\",\"url\":\"https:\\\/\\\/www.iemj.org\\\/de\\\/el-medioni-maurice-1928-2024\\\/\",\"name\":\"El M\u00e9dioni, Maurice (1928-2024) - Institut Europ\u00e9en des Musiques Juives\",\"isPartOf\":{\"@id\":\"https:\\\/\\\/www.iemj.org\\\/de\\\/#website\"},\"primaryImageOfPage\":{\"@id\":\"https:\\\/\\\/www.iemj.org\\\/de\\\/el-medioni-maurice-1928-2024\\\/#primaryimage\"},\"image\":{\"@id\":\"https:\\\/\\\/www.iemj.org\\\/de\\\/el-medioni-maurice-1928-2024\\\/#primaryimage\"},\"thumbnailUrl\":\"https:\\\/\\\/www.iemj.org\\\/wp-content\\\/uploads\\\/2024\\\/04\\\/Logo-Bio-M-El-Medioni.jpg\",\"datePublished\":\"2024-04-03T13:11:55+00:00\",\"dateModified\":\"2024-04-09T15:22:16+00:00\",\"breadcrumb\":{\"@id\":\"https:\\\/\\\/www.iemj.org\\\/de\\\/el-medioni-maurice-1928-2024\\\/#breadcrumb\"},\"inLanguage\":\"de\",\"potentialAction\":[{\"@type\":\"ReadAction\",\"target\":[\"https:\\\/\\\/www.iemj.org\\\/de\\\/el-medioni-maurice-1928-2024\\\/\"]}]},{\"@type\":\"ImageObject\",\"inLanguage\":\"de\",\"@id\":\"https:\\\/\\\/www.iemj.org\\\/de\\\/el-medioni-maurice-1928-2024\\\/#primaryimage\",\"url\":\"https:\\\/\\\/www.iemj.org\\\/wp-content\\\/uploads\\\/2024\\\/04\\\/Logo-Bio-M-El-Medioni.jpg\",\"contentUrl\":\"https:\\\/\\\/www.iemj.org\\\/wp-content\\\/uploads\\\/2024\\\/04\\\/Logo-Bio-M-El-Medioni.jpg\",\"width\":218,\"height\":218,\"caption\":\"logo - 30\"},{\"@type\":\"BreadcrumbList\",\"@id\":\"https:\\\/\\\/www.iemj.org\\\/de\\\/el-medioni-maurice-1928-2024\\\/#breadcrumb\",\"itemListElement\":[{\"@type\":\"ListItem\",\"position\":1,\"name\":\"Accueil\",\"item\":\"https:\\\/\\\/www.iemj.org\\\/de\\\/\"},{\"@type\":\"ListItem\",\"position\":2,\"name\":\"El M\u00e9dioni, Maurice (1928-2024)\"}]},{\"@type\":\"WebSite\",\"@id\":\"https:\\\/\\\/www.iemj.org\\\/de\\\/#website\",\"url\":\"https:\\\/\\\/www.iemj.org\\\/de\\\/\",\"name\":\"Institut Europ\u00e9en des Musiques Juives\",\"description\":\"Des traditions musicales \u00e0 la port\u00e9e de tous\",\"publisher\":{\"@id\":\"https:\\\/\\\/www.iemj.org\\\/de\\\/#organization\"},\"potentialAction\":[{\"@type\":\"SearchAction\",\"target\":{\"@type\":\"EntryPoint\",\"urlTemplate\":\"https:\\\/\\\/www.iemj.org\\\/de\\\/?s={search_term_string}\"},\"query-input\":{\"@type\":\"PropertyValueSpecification\",\"valueRequired\":true,\"valueName\":\"search_term_string\"}}],\"inLanguage\":\"de\"},{\"@type\":\"Organization\",\"@id\":\"https:\\\/\\\/www.iemj.org\\\/de\\\/#organization\",\"name\":\"Institut Europ\u00e9en des Musiques Juives\",\"url\":\"https:\\\/\\\/www.iemj.org\\\/de\\\/\",\"logo\":{\"@type\":\"ImageObject\",\"inLanguage\":\"de\",\"@id\":\"https:\\\/\\\/www.iemj.org\\\/de\\\/#\\\/schema\\\/logo\\\/image\\\/\",\"url\":\"https:\\\/\\\/www.iemj.org\\\/wp-content\\\/uploads\\\/2021\\\/09\\\/Logo-IEMJ-Paypal.jpg\",\"contentUrl\":\"https:\\\/\\\/www.iemj.org\\\/wp-content\\\/uploads\\\/2021\\\/09\\\/Logo-IEMJ-Paypal.jpg\",\"width\":150,\"height\":50,\"caption\":\"Institut Europ\u00e9en des Musiques Juives\"},\"image\":{\"@id\":\"https:\\\/\\\/www.iemj.org\\\/de\\\/#\\\/schema\\\/logo\\\/image\\\/\"},\"sameAs\":[\"https:\\\/\\\/www.facebook.com\\\/MusiquesJuives\\\/\",\"https:\\\/\\\/www.instagram.com\\\/musiquesjuives\\\/\",\"https:\\\/\\\/www.youtube.com\\\/user\\\/musiquesjuives\"]},{\"@type\":\"Person\",\"@id\":\"https:\\\/\\\/www.iemj.org\\\/de\\\/#\\\/schema\\\/person\\\/358e26c18aca017fcc4cc15437f7279c\",\"name\":\"Jacqueline ROTEN\",\"image\":{\"@type\":\"ImageObject\",\"inLanguage\":\"de\",\"@id\":\"https:\\\/\\\/secure.gravatar.com\\\/avatar\\\/5964256d6c6957de3a3505278957e0fb2a35119ac47ea41827a65301213c810b?s=96&d=mm&r=g\",\"url\":\"https:\\\/\\\/secure.gravatar.com\\\/avatar\\\/5964256d6c6957de3a3505278957e0fb2a35119ac47ea41827a65301213c810b?s=96&d=mm&r=g\",\"contentUrl\":\"https:\\\/\\\/secure.gravatar.com\\\/avatar\\\/5964256d6c6957de3a3505278957e0fb2a35119ac47ea41827a65301213c810b?s=96&d=mm&r=g\",\"caption\":\"Jacqueline ROTEN\"}}]}<\/script>\n<!-- \/ Yoast SEO plugin. -->","yoast_head_json":{"title":"El M\u00e9dioni, Maurice (1928-2024) - Institut Europ\u00e9en des Musiques Juives","robots":{"index":"index","follow":"follow","max-snippet":"max-snippet:-1","max-image-preview":"max-image-preview:large","max-video-preview":"max-video-preview:-1"},"canonical":"https:\/\/www.iemj.org\/de\/el-medioni-maurice-1928-2024\/","og_locale":"de_DE","og_type":"article","og_title":"El M\u00e9dioni, Maurice (1928-2024) - Institut Europ\u00e9en des Musiques Juives","og_description":"Maurice El M\u00e9dioni wurde am 18. Oktober 1928 in Oran (Algerien) in einer der lebendigen Gassen des Derb al Yahoud (Judenviertel) geboren. Seit seiner fr\u00fchesten Kindheit war er mit der","og_url":"https:\/\/www.iemj.org\/de\/el-medioni-maurice-1928-2024\/","og_site_name":"Institut Europ\u00e9en des Musiques Juives","article_publisher":"https:\/\/www.facebook.com\/MusiquesJuives\/","article_published_time":"2024-04-03T13:11:55+00:00","article_modified_time":"2024-04-09T15:22:16+00:00","og_image":[{"width":218,"height":218,"url":"https:\/\/www.iemj.org\/wp-content\/uploads\/2024\/04\/Logo-Bio-M-El-Medioni.jpg","type":"image\/jpeg"}],"author":"Jacqueline ROTEN","twitter_card":"summary_large_image","twitter_misc":{"Verfasst von":"Jacqueline ROTEN","Gesch\u00e4tzte Lesezeit":"8\u00a0Minuten"},"schema":{"@context":"https:\/\/schema.org","@graph":[{"@type":"Article","@id":"https:\/\/www.iemj.org\/de\/el-medioni-maurice-1928-2024\/#article","isPartOf":{"@id":"https:\/\/www.iemj.org\/de\/el-medioni-maurice-1928-2024\/"},"author":{"name":"Jacqueline ROTEN","@id":"https:\/\/www.iemj.org\/de\/#\/schema\/person\/358e26c18aca017fcc4cc15437f7279c"},"headline":"El M\u00e9dioni, Maurice (1928-2024)","datePublished":"2024-04-03T13:11:55+00:00","dateModified":"2024-04-09T15:22:16+00:00","mainEntityOfPage":{"@id":"https:\/\/www.iemj.org\/de\/el-medioni-maurice-1928-2024\/"},"wordCount":1266,"publisher":{"@id":"https:\/\/www.iemj.org\/de\/#organization"},"image":{"@id":"https:\/\/www.iemj.org\/de\/el-medioni-maurice-1928-2024\/#primaryimage"},"thumbnailUrl":"https:\/\/www.iemj.org\/wp-content\/uploads\/2024\/04\/Logo-Bio-M-El-Medioni.jpg","articleSection":["Biografien"],"inLanguage":"de"},{"@type":"WebPage","@id":"https:\/\/www.iemj.org\/de\/el-medioni-maurice-1928-2024\/","url":"https:\/\/www.iemj.org\/de\/el-medioni-maurice-1928-2024\/","name":"El M\u00e9dioni, Maurice (1928-2024) - Institut Europ\u00e9en des Musiques Juives","isPartOf":{"@id":"https:\/\/www.iemj.org\/de\/#website"},"primaryImageOfPage":{"@id":"https:\/\/www.iemj.org\/de\/el-medioni-maurice-1928-2024\/#primaryimage"},"image":{"@id":"https:\/\/www.iemj.org\/de\/el-medioni-maurice-1928-2024\/#primaryimage"},"thumbnailUrl":"https:\/\/www.iemj.org\/wp-content\/uploads\/2024\/04\/Logo-Bio-M-El-Medioni.jpg","datePublished":"2024-04-03T13:11:55+00:00","dateModified":"2024-04-09T15:22:16+00:00","breadcrumb":{"@id":"https:\/\/www.iemj.org\/de\/el-medioni-maurice-1928-2024\/#breadcrumb"},"inLanguage":"de","potentialAction":[{"@type":"ReadAction","target":["https:\/\/www.iemj.org\/de\/el-medioni-maurice-1928-2024\/"]}]},{"@type":"ImageObject","inLanguage":"de","@id":"https:\/\/www.iemj.org\/de\/el-medioni-maurice-1928-2024\/#primaryimage","url":"https:\/\/www.iemj.org\/wp-content\/uploads\/2024\/04\/Logo-Bio-M-El-Medioni.jpg","contentUrl":"https:\/\/www.iemj.org\/wp-content\/uploads\/2024\/04\/Logo-Bio-M-El-Medioni.jpg","width":218,"height":218,"caption":"logo - 30"},{"@type":"BreadcrumbList","@id":"https:\/\/www.iemj.org\/de\/el-medioni-maurice-1928-2024\/#breadcrumb","itemListElement":[{"@type":"ListItem","position":1,"name":"Accueil","item":"https:\/\/www.iemj.org\/de\/"},{"@type":"ListItem","position":2,"name":"El M\u00e9dioni, Maurice (1928-2024)"}]},{"@type":"WebSite","@id":"https:\/\/www.iemj.org\/de\/#website","url":"https:\/\/www.iemj.org\/de\/","name":"Institut Europ\u00e9en des Musiques Juives","description":"Des traditions musicales \u00e0 la port\u00e9e de tous","publisher":{"@id":"https:\/\/www.iemj.org\/de\/#organization"},"potentialAction":[{"@type":"SearchAction","target":{"@type":"EntryPoint","urlTemplate":"https:\/\/www.iemj.org\/de\/?s={search_term_string}"},"query-input":{"@type":"PropertyValueSpecification","valueRequired":true,"valueName":"search_term_string"}}],"inLanguage":"de"},{"@type":"Organization","@id":"https:\/\/www.iemj.org\/de\/#organization","name":"Institut Europ\u00e9en des Musiques Juives","url":"https:\/\/www.iemj.org\/de\/","logo":{"@type":"ImageObject","inLanguage":"de","@id":"https:\/\/www.iemj.org\/de\/#\/schema\/logo\/image\/","url":"https:\/\/www.iemj.org\/wp-content\/uploads\/2021\/09\/Logo-IEMJ-Paypal.jpg","contentUrl":"https:\/\/www.iemj.org\/wp-content\/uploads\/2021\/09\/Logo-IEMJ-Paypal.jpg","width":150,"height":50,"caption":"Institut Europ\u00e9en des Musiques Juives"},"image":{"@id":"https:\/\/www.iemj.org\/de\/#\/schema\/logo\/image\/"},"sameAs":["https:\/\/www.facebook.com\/MusiquesJuives\/","https:\/\/www.instagram.com\/musiquesjuives\/","https:\/\/www.youtube.com\/user\/musiquesjuives"]},{"@type":"Person","@id":"https:\/\/www.iemj.org\/de\/#\/schema\/person\/358e26c18aca017fcc4cc15437f7279c","name":"Jacqueline ROTEN","image":{"@type":"ImageObject","inLanguage":"de","@id":"https:\/\/secure.gravatar.com\/avatar\/5964256d6c6957de3a3505278957e0fb2a35119ac47ea41827a65301213c810b?s=96&d=mm&r=g","url":"https:\/\/secure.gravatar.com\/avatar\/5964256d6c6957de3a3505278957e0fb2a35119ac47ea41827a65301213c810b?s=96&d=mm&r=g","contentUrl":"https:\/\/secure.gravatar.com\/avatar\/5964256d6c6957de3a3505278957e0fb2a35119ac47ea41827a65301213c810b?s=96&d=mm&r=g","caption":"Jacqueline ROTEN"}}]}},"_links":{"self":[{"href":"https:\/\/www.iemj.org\/de\/wp-json\/wp\/v2\/posts\/110936","targetHints":{"allow":["GET"]}}],"collection":[{"href":"https:\/\/www.iemj.org\/de\/wp-json\/wp\/v2\/posts"}],"about":[{"href":"https:\/\/www.iemj.org\/de\/wp-json\/wp\/v2\/types\/post"}],"author":[{"embeddable":true,"href":"https:\/\/www.iemj.org\/de\/wp-json\/wp\/v2\/users\/5"}],"replies":[{"embeddable":true,"href":"https:\/\/www.iemj.org\/de\/wp-json\/wp\/v2\/comments?post=110936"}],"version-history":[{"count":0,"href":"https:\/\/www.iemj.org\/de\/wp-json\/wp\/v2\/posts\/110936\/revisions"}],"wp:featuredmedia":[{"embeddable":true,"href":"https:\/\/www.iemj.org\/de\/wp-json\/wp\/v2\/media\/110793"}],"wp:attachment":[{"href":"https:\/\/www.iemj.org\/de\/wp-json\/wp\/v2\/media?parent=110936"}],"wp:term":[{"taxonomy":"category","embeddable":true,"href":"https:\/\/www.iemj.org\/de\/wp-json\/wp\/v2\/categories?post=110936"},{"taxonomy":"post_tag","embeddable":true,"href":"https:\/\/www.iemj.org\/de\/wp-json\/wp\/v2\/tags?post=110936"},{"taxonomy":"technique","embeddable":true,"href":"https:\/\/www.iemj.org\/de\/wp-json\/wp\/v2\/technique?post=110936"},{"taxonomy":"squelettes","embeddable":true,"href":"https:\/\/www.iemj.org\/de\/wp-json\/wp\/v2\/squelettes?post=110936"},{"taxonomy":"sujet","embeddable":true,"href":"https:\/\/www.iemj.org\/de\/wp-json\/wp\/v2\/sujet?post=110936"},{"taxonomy":"formation","embeddable":true,"href":"https:\/\/www.iemj.org\/de\/wp-json\/wp\/v2\/formation?post=110936"},{"taxonomy":"genre","embeddable":true,"href":"https:\/\/www.iemj.org\/de\/wp-json\/wp\/v2\/genre?post=110936"},{"taxonomy":"fonds","embeddable":true,"href":"https:\/\/www.iemj.org\/de\/wp-json\/wp\/v2\/fonds?post=110936"},{"taxonomy":"tradition","embeddable":true,"href":"https:\/\/www.iemj.org\/de\/wp-json\/wp\/v2\/tradition?post=110936"},{"taxonomy":"type-de-contenu","embeddable":true,"href":"https:\/\/www.iemj.org\/de\/wp-json\/wp\/v2\/type-de-contenu?post=110936"},{"taxonomy":"interprete-compositeur","embeddable":true,"href":"https:\/\/www.iemj.org\/de\/wp-json\/wp\/v2\/interprete-compositeur?post=110936"},{"taxonomy":"frise","embeddable":true,"href":"https:\/\/www.iemj.org\/de\/wp-json\/wp\/v2\/frise?post=110936"},{"taxonomy":"type-devenement","embeddable":true,"href":"https:\/\/www.iemj.org\/de\/wp-json\/wp\/v2\/type-devenement?post=110936"},{"taxonomy":"tableaux-liens-externes","embeddable":true,"href":"https:\/\/www.iemj.org\/de\/wp-json\/wp\/v2\/tableaux-liens-externes?post=110936"}],"curies":[{"name":"wp","href":"https:\/\/api.w.org\/{rel}","templated":true}]}}