{"id":112101,"date":"2024-05-21T15:25:41","date_gmt":"2024-05-21T13:25:41","guid":{"rendered":"https:\/\/www.iemj.org\/?p=112101"},"modified":"2024-05-23T19:36:07","modified_gmt":"2024-05-23T17:36:07","slug":"shemer-naomi-1930-2004","status":"publish","type":"post","link":"https:\/\/www.iemj.org\/de\/shemer-naomi-1930-2004\/","title":{"rendered":"Shemer, Naomi (1930 &#8211; 2004)"},"content":{"rendered":"<p>Naomi Shemer, die als Symbol der israelischen Poesie und des israelischen Liedes gilt, wurde am 13. Juli 1930 in Kvutzat Kinneret, einem Kibbuz s\u00fcdlich des Sees Genezareth, geboren. Sie lernte im Alter von sechs Jahren Klavier spielen und nahm an den musikalischen Aktivit\u00e4ten ihres Kibbuz teil. Nach dem Abschluss der Sekundarschule verschob sie ihren Milit\u00e4rdienst, um ein Musikstudium aufzunehmen, zun\u00e4chst am Konservatorium in Tel Aviv und sp\u00e4ter an der Academy of Music and Dance in Jerusalem. Zu ihren Lehrern geh\u00f6rten Paul Ben-Haim, Frank Pelleg, Abel Ehrlich, Ilona Vinze-Kraus und Josef Tal, wobei letzterer oft als einer der Gr\u00fcnderv\u00e4ter der israelischen Musik angesehen wird.<\/p>\n<p>1951 trat Naomi Shemer in die israelischen Verteidigungsstreitkr\u00e4fte ein und diente als Pianistin in der Nahal. Nach ihrer Freilassung aus der Armee schrieb sie Lieder f\u00fcr das Theater, arbeitete mit dem Komponisten Yochanan Zarai am Musical <em>Pshita Bakfar<\/em> und sp\u00e4ter mit dem Schauspieler und S\u00e4nger Chaim Topol zusammen. <img fetchpriority=\"high\" decoding=\"async\" class=\" wp-image-112128 alignright\" src=\"https:\/\/www.iemj.org\/wp-content\/uploads\/2024\/05\/Travel-of-Benjamin-The-Third_Lyrics-and-MMusic-by-Naomi-Shemer_D33-30_423_VIG-287x300.jpg\" alt=\"\" width=\"240\" height=\"250\" srcset=\"https:\/\/www.iemj.org\/wp-content\/uploads\/2024\/05\/Travel-of-Benjamin-The-Third_Lyrics-and-MMusic-by-Naomi-Shemer_D33-30_423_VIG-287x300.jpg 287w, https:\/\/www.iemj.org\/wp-content\/uploads\/2024\/05\/Travel-of-Benjamin-The-Third_Lyrics-and-MMusic-by-Naomi-Shemer_D33-30_423_VIG-600x627.jpg 600w, https:\/\/www.iemj.org\/wp-content\/uploads\/2024\/05\/Travel-of-Benjamin-The-Third_Lyrics-and-MMusic-by-Naomi-Shemer_D33-30_423_VIG.jpg 765w\" sizes=\"(max-width: 240px) 100vw, 240px\" \/><span style=\"font-size: revert; color: var(--bs-body-color); font-family: var(--bs-body-font-family); font-weight: var(--bs-body-font-weight); text-align: var(--bs-body-text-align); background-color: var(--bs-body-bg);\">Sie komponiert auch Lieder f\u00fcr die Musiktruppen der israelischen Armee (<\/span><em style=\"font-size: revert; color: var(--bs-body-color); font-family: var(--bs-body-font-family); font-weight: var(--bs-body-font-weight); text-align: var(--bs-body-text-align); background-color: var(--bs-body-bg);\">Chamsinim Bameshlat<\/em><span style=\"font-size: revert; color: var(--bs-body-color); font-family: var(--bs-body-font-family); font-weight: var(--bs-body-font-weight); text-align: var(--bs-body-text-align); background-color: var(--bs-body-bg);\">, <\/span><em style=\"font-size: revert; color: var(--bs-body-color); font-family: var(--bs-body-font-family); font-weight: var(--bs-body-font-weight); text-align: var(--bs-body-text-align); background-color: var(--bs-body-bg);\">Hakol Biglal Masmer<\/em><span style=\"font-size: revert; color: var(--bs-body-color); font-family: var(--bs-body-font-family); font-weight: var(--bs-body-font-weight); text-align: var(--bs-body-text-align); background-color: var(--bs-body-bg);\">) und f\u00fcr das Duo Dudaim (<\/span><em style=\"font-size: revert; color: var(--bs-body-color); font-family: var(--bs-body-font-family); font-weight: var(--bs-body-font-weight); text-align: var(--bs-body-text-align); background-color: var(--bs-body-bg);\">Kibui Orot<\/em><span style=\"font-size: revert; color: var(--bs-body-color); font-family: var(--bs-body-font-family); font-weight: var(--bs-body-font-weight); text-align: var(--bs-body-text-align); background-color: var(--bs-body-bg);\">, <\/span><em style=\"font-size: revert; color: var(--bs-body-color); font-family: var(--bs-body-font-family); font-weight: var(--bs-body-font-weight); text-align: var(--bs-body-text-align); background-color: var(--bs-body-bg);\">Shayarat Harokvim<\/em><span style=\"font-size: revert; color: var(--bs-body-color); font-family: var(--bs-body-font-family); font-weight: var(--bs-body-font-weight); text-align: var(--bs-body-text-align); background-color: var(--bs-body-bg);\">\u2026).<\/span><\/p>\n<p>Ende 1960 begann Naomi Shemer eine neunmonatige Tour durch die USA und kehrte nach Israel zur\u00fcck, wo sie weiterhin Lieder f\u00fcr verschiedene Interpreten schrieb. 1964 reiste sie mit ihrer Tochter nach Paris und lernte dort franz\u00f6sische Lieder bekannter Interpreten kennen, zu denen sie neue hebr\u00e4ische Texte schrieb, wie <em>Shilgyia <\/em>[<em>Schneewittchen<\/em>] zum Lied <em>Les souliers<\/em> von Guy B\u00e9art oder <em>Ein Ahavot Smechot<\/em> nach der Melodie von <em>Il n&#8217;y a pas d&#8217;amour heureux<\/em> von Georges Brassens.<\/p>\n<p>1966 gr\u00fcndete Naomi Shemer ein Frauenquartett, The Shemer Sisters<span class=\"footnote_referrer\"><a role=\"button\" tabindex=\"0\" onclick=\"footnote_moveToReference_112101_1('footnote_plugin_reference_112101_1_1');\" onkeypress=\"footnote_moveToReference_112101_1('footnote_plugin_reference_112101_1_1');\" ><sup id=\"footnote_plugin_tooltip_112101_1_1\" class=\"footnote_plugin_tooltip_text\">[1]<\/sup><\/a><span id=\"footnote_plugin_tooltip_text_112101_1_1\" class=\"footnote_tooltip\">Bestehend aus Dina Golan, Dalia Oren, Amna Goldstein und Ruthy Bikal<\/span><\/span><script type=\"text\/javascript\"> jQuery('#footnote_plugin_tooltip_112101_1_1').tooltip({ tip: '#footnote_plugin_tooltip_text_112101_1_1', tipClass: 'footnote_tooltip', effect: 'fade', predelay: 0, fadeInSpeed: 200, delay: 400, fadeOutSpeed: 200, position: 'top center', relative: true, offset: [-7, 0], });<\/script> das ihre Lieder interpretierte. Leider f\u00fchrten finanzielle Schwierigkeiten dazu, dass sie das Quartett aufl\u00f6ste.<\/p>\n<p>Im Jahr 1967 schrieb sie das Lied <em>Yerushalayim shel zahav<\/em>, das sie weltber\u00fchmt machte. Der Erfolg dieses Titels veranlasste bekannte K\u00fcnstler wie Chava Alberstein, Yehoram Gaon und Yossi Banai, bei ihr Dutzende von Liedern in Auftrag zu geben.<\/p>\n<p><img decoding=\"async\" class=\"wp-image-112093 alignleft\" src=\"https:\/\/www.iemj.org\/wp-content\/uploads\/2024\/05\/Naomi-Shemer-au-piano-195x300.jpg\" alt=\"\" width=\"160\" height=\"246\" srcset=\"https:\/\/www.iemj.org\/wp-content\/uploads\/2024\/05\/Naomi-Shemer-au-piano-195x300.jpg 195w, https:\/\/www.iemj.org\/wp-content\/uploads\/2024\/05\/Naomi-Shemer-au-piano-665x1024.jpg 665w, https:\/\/www.iemj.org\/wp-content\/uploads\/2024\/05\/Naomi-Shemer-au-piano-600x924.jpg 600w, https:\/\/www.iemj.org\/wp-content\/uploads\/2024\/05\/Naomi-Shemer-au-piano.jpg 750w\" sizes=\"(max-width: 160px) 100vw, 160px\" \/>1983 erhielt Naomi Shemer den renommierten Israel-Preis. In den 1990er Jahren verschlechterte sich ihr Gesundheitszustand jedoch so stark, dass ihre Karriere beeintr\u00e4chtigt wurde. 1994 verlieh ihr die Hebr\u00e4ische Universit\u00e4t Jerusalem die Ehrendoktorw\u00fcrde; 2001 tat dies auch die Universit\u00e4t Tel Aviv. Und im Jahr 2000 wurde sie Mitglied der Akademie f\u00fcr Hebr\u00e4ische Sprache.<\/p>\n<p>Naomi Shemer starb am 26. Juni 2004 infolge einer Krebserkrankung. Sie wurde an ihrem Geburtsort, dem Kibbuz Kinneret, oberhalb des Sees, den sie oft besungen hatte, beerdigt.<\/p>\n<p>W\u00e4hrend ihrer Karriere schrieb und ver\u00f6ffentlichte sie \u00fcber 200 Lieder. Auf ihren Wunsch hin wurde bei ihrer Beerdigung, die im Staatsfernsehen \u00fcbertragen wurde, keine Trauerrede gehalten, sondern drei ihrer Lieder gesungen. Nach ihrem Tod erkl\u00e4rte der israelische Premierminister Ariel Sharon: &#8222;Mit wunderbaren Texten und Melodien hat sie es geschafft, uns mit unseren Wurzeln zu verbinden, mit unseren Urspr\u00fcngen, mit den Anf\u00e4ngen des Zionismus. Heute, da wir von Naomi Shemer Abschied nehmen, neigen wir traurig unsere K\u00f6pfe und sind dankbar f\u00fcr das wunderbare Geschenk, das Naomi uns gemacht hat&#8220;.<\/p>\n<p>Quellen:<\/p>\n<ul>\n<li><a href=\"https:\/\/jwa.org\/encyclopedia\/article\/shemer-naomi#biblio\" target=\"_blank\" rel=\"noopener\">\u201cNaomi Shemer\u201d, The Shalvi\/Hyman Encyclopedia of Jewish Women<\/a><\/li>\n<li><a href=\"https:\/\/en.wikipedia.org\/wiki\/Naomi_Shemer\" target=\"_blank\" rel=\"noopener\">Wikipedia<\/a><\/li>\n<\/ul>\n<p><a href=\"https:\/\/www.iemj.org\/de\/yeroushalayim-shel-zahav-jerusalem-dor\/\">Lesen Sie den Hintergrundartikel Goldenes Jerusalem, ein Lied von Naomi Shemer<\/a><\/p>\n<p><a href=\"https:\/\/www.iemj.org\/de\/yerushalayim-shel-zahav-jerusalem-of-gold\/\" target=\"_blank\" rel=\"noopener\">Verschiedene Versionen des Liedes Goldenes Jerusalem (Yerushalayim shel zahav) anh\u00f6ren.<\/a><\/p>\n<div class=\"speaker-mute footnotes_reference_container\"> <div class=\"footnote_container_prepare\"><p><span role=\"button\" tabindex=\"0\" class=\"footnote_reference_container_label pointer\" onclick=\"footnote_expand_collapse_reference_container_112101_1();\">&#x202F;<\/span><span role=\"button\" tabindex=\"0\" class=\"footnote_reference_container_collapse_button\" style=\"display: none;\" onclick=\"footnote_expand_collapse_reference_container_112101_1();\">[<a id=\"footnote_reference_container_collapse_button_112101_1\">+<\/a>]<\/span><\/p><\/div> <div id=\"footnote_references_container_112101_1\" style=\"\"><table class=\"footnotes_table footnote-reference-container\"><caption class=\"accessibility\">References<\/caption> <tbody> \r\n\r\n<tr class=\"footnotes_plugin_reference_row\"> <th scope=\"row\" class=\"footnote_plugin_index_combi pointer\"  onclick=\"footnote_moveToAnchor_112101_1('footnote_plugin_tooltip_112101_1_1');\"><a id=\"footnote_plugin_reference_112101_1_1\" class=\"footnote_backlink\">1<\/a><\/th> <td class=\"footnote_plugin_text\">Bestehend aus Dina Golan, Dalia Oren, Amna Goldstein und Ruthy Bikal<\/td><\/tr>\r\n\r\n <\/tbody> <\/table> <\/div><\/div><script type=\"text\/javascript\"> function footnote_expand_reference_container_112101_1() { jQuery('#footnote_references_container_112101_1').show(); jQuery('#footnote_reference_container_collapse_button_112101_1').text('\u2212'); } function footnote_collapse_reference_container_112101_1() { jQuery('#footnote_references_container_112101_1').hide(); jQuery('#footnote_reference_container_collapse_button_112101_1').text('+'); } function footnote_expand_collapse_reference_container_112101_1() { if (jQuery('#footnote_references_container_112101_1').is(':hidden')) { footnote_expand_reference_container_112101_1(); } else { footnote_collapse_reference_container_112101_1(); } } function footnote_moveToReference_112101_1(p_str_TargetID) { footnote_expand_reference_container_112101_1(); var l_obj_Target = jQuery('#' + p_str_TargetID); if (l_obj_Target.length) { jQuery( 'html, body' ).delay( 0 ); jQuery('html, body').animate({ scrollTop: l_obj_Target.offset().top - window.innerHeight * 0.2 }, 380); } } function footnote_moveToAnchor_112101_1(p_str_TargetID) { footnote_expand_reference_container_112101_1(); var l_obj_Target = jQuery('#' + p_str_TargetID); if (l_obj_Target.length) { jQuery( 'html, body' ).delay( 0 ); jQuery('html, body').animate({ scrollTop: l_obj_Target.offset().top - window.innerHeight * 0.2 }, 380); } }<\/script>","protected":false},"excerpt":{"rendered":"<p>Naomi Shemer, die als Symbol der israelischen Poesie und des israelischen Liedes gilt, wurde am 13. Juli 1930 in Kvutzat Kinneret, einem Kibbuz s\u00fcdlich des Sees Genezareth, geboren. Sie lernte<\/p>\n","protected":false},"author":5,"featured_media":112090,"comment_status":"closed","ping_status":"closed","sticky":false,"template":"","format":"standard","meta":{"_acf_changed":false,"footnotes":""},"categories":[1415],"tags":[],"technique":[],"squelettes":[],"sujet":[],"formation":[],"genre":[],"fonds":[],"tradition":[],"type-de-contenu":[],"interprete-compositeur":[],"frise":[],"type-devenement":[],"tableaux-liens-externes":[],"class_list":["post-112101","post","type-post","status-publish","format-standard","has-post-thumbnail","hentry","category-biografien-de"],"acf":[],"yoast_head":"<!-- This site is optimized with the Yoast SEO plugin v27.3 - https:\/\/yoast.com\/product\/yoast-seo-wordpress\/ -->\n<title>Shemer, Naomi (1930 - 2004) - Institut Europ\u00e9en des Musiques Juives<\/title>\n<meta name=\"robots\" content=\"index, follow, max-snippet:-1, max-image-preview:large, max-video-preview:-1\" \/>\n<link rel=\"canonical\" href=\"https:\/\/www.iemj.org\/de\/shemer-naomi-1930-2004\/\" \/>\n<meta property=\"og:locale\" content=\"de_DE\" \/>\n<meta property=\"og:type\" content=\"article\" \/>\n<meta property=\"og:title\" content=\"Shemer, Naomi (1930 - 2004) - Institut Europ\u00e9en des Musiques Juives\" \/>\n<meta property=\"og:description\" content=\"Naomi Shemer, die als Symbol der israelischen Poesie und des israelischen Liedes gilt, wurde am 13. Juli 1930 in Kvutzat Kinneret, einem Kibbuz s\u00fcdlich des Sees Genezareth, geboren. Sie lernte\" \/>\n<meta property=\"og:url\" content=\"https:\/\/www.iemj.org\/de\/shemer-naomi-1930-2004\/\" \/>\n<meta property=\"og:site_name\" content=\"Institut Europ\u00e9en des Musiques Juives\" \/>\n<meta property=\"article:publisher\" content=\"https:\/\/www.facebook.com\/MusiquesJuives\/\" \/>\n<meta property=\"article:published_time\" content=\"2024-05-21T13:25:41+00:00\" \/>\n<meta property=\"article:modified_time\" content=\"2024-05-23T17:36:07+00:00\" \/>\n<meta property=\"og:image\" content=\"https:\/\/www.iemj.org\/wp-content\/uploads\/2024\/05\/Logo-Bio-Naomi-Shemer_redim-1.jpg\" \/>\n\t<meta property=\"og:image:width\" content=\"218\" \/>\n\t<meta property=\"og:image:height\" content=\"218\" \/>\n\t<meta property=\"og:image:type\" content=\"image\/jpeg\" \/>\n<meta name=\"author\" content=\"Jacqueline ROTEN\" \/>\n<meta name=\"twitter:card\" content=\"summary_large_image\" \/>\n<meta name=\"twitter:label1\" content=\"Verfasst von\" \/>\n\t<meta name=\"twitter:data1\" content=\"Jacqueline ROTEN\" \/>\n\t<meta name=\"twitter:label2\" content=\"Gesch\u00e4tzte Lesezeit\" \/>\n\t<meta name=\"twitter:data2\" content=\"4\u00a0Minuten\" \/>\n<script type=\"application\/ld+json\" class=\"yoast-schema-graph\">{\"@context\":\"https:\\\/\\\/schema.org\",\"@graph\":[{\"@type\":\"Article\",\"@id\":\"https:\\\/\\\/www.iemj.org\\\/de\\\/shemer-naomi-1930-2004\\\/#article\",\"isPartOf\":{\"@id\":\"https:\\\/\\\/www.iemj.org\\\/de\\\/shemer-naomi-1930-2004\\\/\"},\"author\":{\"name\":\"Jacqueline ROTEN\",\"@id\":\"https:\\\/\\\/www.iemj.org\\\/de\\\/#\\\/schema\\\/person\\\/358e26c18aca017fcc4cc15437f7279c\"},\"headline\":\"Shemer, Naomi (1930 &#8211; 2004)\",\"datePublished\":\"2024-05-21T13:25:41+00:00\",\"dateModified\":\"2024-05-23T17:36:07+00:00\",\"mainEntityOfPage\":{\"@id\":\"https:\\\/\\\/www.iemj.org\\\/de\\\/shemer-naomi-1930-2004\\\/\"},\"wordCount\":550,\"publisher\":{\"@id\":\"https:\\\/\\\/www.iemj.org\\\/de\\\/#organization\"},\"image\":{\"@id\":\"https:\\\/\\\/www.iemj.org\\\/de\\\/shemer-naomi-1930-2004\\\/#primaryimage\"},\"thumbnailUrl\":\"https:\\\/\\\/www.iemj.org\\\/wp-content\\\/uploads\\\/2024\\\/05\\\/Logo-Bio-Naomi-Shemer_redim-1.jpg\",\"articleSection\":[\"Biografien\"],\"inLanguage\":\"de\"},{\"@type\":\"WebPage\",\"@id\":\"https:\\\/\\\/www.iemj.org\\\/de\\\/shemer-naomi-1930-2004\\\/\",\"url\":\"https:\\\/\\\/www.iemj.org\\\/de\\\/shemer-naomi-1930-2004\\\/\",\"name\":\"Shemer, Naomi (1930 - 2004) - Institut Europ\u00e9en des Musiques Juives\",\"isPartOf\":{\"@id\":\"https:\\\/\\\/www.iemj.org\\\/de\\\/#website\"},\"primaryImageOfPage\":{\"@id\":\"https:\\\/\\\/www.iemj.org\\\/de\\\/shemer-naomi-1930-2004\\\/#primaryimage\"},\"image\":{\"@id\":\"https:\\\/\\\/www.iemj.org\\\/de\\\/shemer-naomi-1930-2004\\\/#primaryimage\"},\"thumbnailUrl\":\"https:\\\/\\\/www.iemj.org\\\/wp-content\\\/uploads\\\/2024\\\/05\\\/Logo-Bio-Naomi-Shemer_redim-1.jpg\",\"datePublished\":\"2024-05-21T13:25:41+00:00\",\"dateModified\":\"2024-05-23T17:36:07+00:00\",\"breadcrumb\":{\"@id\":\"https:\\\/\\\/www.iemj.org\\\/de\\\/shemer-naomi-1930-2004\\\/#breadcrumb\"},\"inLanguage\":\"de\",\"potentialAction\":[{\"@type\":\"ReadAction\",\"target\":[\"https:\\\/\\\/www.iemj.org\\\/de\\\/shemer-naomi-1930-2004\\\/\"]}]},{\"@type\":\"ImageObject\",\"inLanguage\":\"de\",\"@id\":\"https:\\\/\\\/www.iemj.org\\\/de\\\/shemer-naomi-1930-2004\\\/#primaryimage\",\"url\":\"https:\\\/\\\/www.iemj.org\\\/wp-content\\\/uploads\\\/2024\\\/05\\\/Logo-Bio-Naomi-Shemer_redim-1.jpg\",\"contentUrl\":\"https:\\\/\\\/www.iemj.org\\\/wp-content\\\/uploads\\\/2024\\\/05\\\/Logo-Bio-Naomi-Shemer_redim-1.jpg\",\"width\":218,\"height\":218},{\"@type\":\"BreadcrumbList\",\"@id\":\"https:\\\/\\\/www.iemj.org\\\/de\\\/shemer-naomi-1930-2004\\\/#breadcrumb\",\"itemListElement\":[{\"@type\":\"ListItem\",\"position\":1,\"name\":\"Accueil\",\"item\":\"https:\\\/\\\/www.iemj.org\\\/de\\\/\"},{\"@type\":\"ListItem\",\"position\":2,\"name\":\"Shemer, Naomi (1930 &#8211; 2004)\"}]},{\"@type\":\"WebSite\",\"@id\":\"https:\\\/\\\/www.iemj.org\\\/de\\\/#website\",\"url\":\"https:\\\/\\\/www.iemj.org\\\/de\\\/\",\"name\":\"Institut Europ\u00e9en des Musiques Juives\",\"description\":\"Des traditions musicales \u00e0 la port\u00e9e de tous\",\"publisher\":{\"@id\":\"https:\\\/\\\/www.iemj.org\\\/de\\\/#organization\"},\"potentialAction\":[{\"@type\":\"SearchAction\",\"target\":{\"@type\":\"EntryPoint\",\"urlTemplate\":\"https:\\\/\\\/www.iemj.org\\\/de\\\/?s={search_term_string}\"},\"query-input\":{\"@type\":\"PropertyValueSpecification\",\"valueRequired\":true,\"valueName\":\"search_term_string\"}}],\"inLanguage\":\"de\"},{\"@type\":\"Organization\",\"@id\":\"https:\\\/\\\/www.iemj.org\\\/de\\\/#organization\",\"name\":\"Institut Europ\u00e9en des Musiques Juives\",\"url\":\"https:\\\/\\\/www.iemj.org\\\/de\\\/\",\"logo\":{\"@type\":\"ImageObject\",\"inLanguage\":\"de\",\"@id\":\"https:\\\/\\\/www.iemj.org\\\/de\\\/#\\\/schema\\\/logo\\\/image\\\/\",\"url\":\"https:\\\/\\\/www.iemj.org\\\/wp-content\\\/uploads\\\/2021\\\/09\\\/Logo-IEMJ-Paypal.jpg\",\"contentUrl\":\"https:\\\/\\\/www.iemj.org\\\/wp-content\\\/uploads\\\/2021\\\/09\\\/Logo-IEMJ-Paypal.jpg\",\"width\":150,\"height\":50,\"caption\":\"Institut Europ\u00e9en des Musiques Juives\"},\"image\":{\"@id\":\"https:\\\/\\\/www.iemj.org\\\/de\\\/#\\\/schema\\\/logo\\\/image\\\/\"},\"sameAs\":[\"https:\\\/\\\/www.facebook.com\\\/MusiquesJuives\\\/\",\"https:\\\/\\\/www.instagram.com\\\/musiquesjuives\\\/\",\"https:\\\/\\\/www.youtube.com\\\/user\\\/musiquesjuives\"]},{\"@type\":\"Person\",\"@id\":\"https:\\\/\\\/www.iemj.org\\\/de\\\/#\\\/schema\\\/person\\\/358e26c18aca017fcc4cc15437f7279c\",\"name\":\"Jacqueline ROTEN\",\"image\":{\"@type\":\"ImageObject\",\"inLanguage\":\"de\",\"@id\":\"https:\\\/\\\/secure.gravatar.com\\\/avatar\\\/5964256d6c6957de3a3505278957e0fb2a35119ac47ea41827a65301213c810b?s=96&d=mm&r=g\",\"url\":\"https:\\\/\\\/secure.gravatar.com\\\/avatar\\\/5964256d6c6957de3a3505278957e0fb2a35119ac47ea41827a65301213c810b?s=96&d=mm&r=g\",\"contentUrl\":\"https:\\\/\\\/secure.gravatar.com\\\/avatar\\\/5964256d6c6957de3a3505278957e0fb2a35119ac47ea41827a65301213c810b?s=96&d=mm&r=g\",\"caption\":\"Jacqueline ROTEN\"}}]}<\/script>\n<!-- \/ Yoast SEO plugin. -->","yoast_head_json":{"title":"Shemer, Naomi (1930 - 2004) - Institut Europ\u00e9en des Musiques Juives","robots":{"index":"index","follow":"follow","max-snippet":"max-snippet:-1","max-image-preview":"max-image-preview:large","max-video-preview":"max-video-preview:-1"},"canonical":"https:\/\/www.iemj.org\/de\/shemer-naomi-1930-2004\/","og_locale":"de_DE","og_type":"article","og_title":"Shemer, Naomi (1930 - 2004) - Institut Europ\u00e9en des Musiques Juives","og_description":"Naomi Shemer, die als Symbol der israelischen Poesie und des israelischen Liedes gilt, wurde am 13. Juli 1930 in Kvutzat Kinneret, einem Kibbuz s\u00fcdlich des Sees Genezareth, geboren. Sie lernte","og_url":"https:\/\/www.iemj.org\/de\/shemer-naomi-1930-2004\/","og_site_name":"Institut Europ\u00e9en des Musiques Juives","article_publisher":"https:\/\/www.facebook.com\/MusiquesJuives\/","article_published_time":"2024-05-21T13:25:41+00:00","article_modified_time":"2024-05-23T17:36:07+00:00","og_image":[{"width":218,"height":218,"url":"https:\/\/www.iemj.org\/wp-content\/uploads\/2024\/05\/Logo-Bio-Naomi-Shemer_redim-1.jpg","type":"image\/jpeg"}],"author":"Jacqueline ROTEN","twitter_card":"summary_large_image","twitter_misc":{"Verfasst von":"Jacqueline ROTEN","Gesch\u00e4tzte Lesezeit":"4\u00a0Minuten"},"schema":{"@context":"https:\/\/schema.org","@graph":[{"@type":"Article","@id":"https:\/\/www.iemj.org\/de\/shemer-naomi-1930-2004\/#article","isPartOf":{"@id":"https:\/\/www.iemj.org\/de\/shemer-naomi-1930-2004\/"},"author":{"name":"Jacqueline ROTEN","@id":"https:\/\/www.iemj.org\/de\/#\/schema\/person\/358e26c18aca017fcc4cc15437f7279c"},"headline":"Shemer, Naomi (1930 &#8211; 2004)","datePublished":"2024-05-21T13:25:41+00:00","dateModified":"2024-05-23T17:36:07+00:00","mainEntityOfPage":{"@id":"https:\/\/www.iemj.org\/de\/shemer-naomi-1930-2004\/"},"wordCount":550,"publisher":{"@id":"https:\/\/www.iemj.org\/de\/#organization"},"image":{"@id":"https:\/\/www.iemj.org\/de\/shemer-naomi-1930-2004\/#primaryimage"},"thumbnailUrl":"https:\/\/www.iemj.org\/wp-content\/uploads\/2024\/05\/Logo-Bio-Naomi-Shemer_redim-1.jpg","articleSection":["Biografien"],"inLanguage":"de"},{"@type":"WebPage","@id":"https:\/\/www.iemj.org\/de\/shemer-naomi-1930-2004\/","url":"https:\/\/www.iemj.org\/de\/shemer-naomi-1930-2004\/","name":"Shemer, Naomi (1930 - 2004) - Institut Europ\u00e9en des Musiques Juives","isPartOf":{"@id":"https:\/\/www.iemj.org\/de\/#website"},"primaryImageOfPage":{"@id":"https:\/\/www.iemj.org\/de\/shemer-naomi-1930-2004\/#primaryimage"},"image":{"@id":"https:\/\/www.iemj.org\/de\/shemer-naomi-1930-2004\/#primaryimage"},"thumbnailUrl":"https:\/\/www.iemj.org\/wp-content\/uploads\/2024\/05\/Logo-Bio-Naomi-Shemer_redim-1.jpg","datePublished":"2024-05-21T13:25:41+00:00","dateModified":"2024-05-23T17:36:07+00:00","breadcrumb":{"@id":"https:\/\/www.iemj.org\/de\/shemer-naomi-1930-2004\/#breadcrumb"},"inLanguage":"de","potentialAction":[{"@type":"ReadAction","target":["https:\/\/www.iemj.org\/de\/shemer-naomi-1930-2004\/"]}]},{"@type":"ImageObject","inLanguage":"de","@id":"https:\/\/www.iemj.org\/de\/shemer-naomi-1930-2004\/#primaryimage","url":"https:\/\/www.iemj.org\/wp-content\/uploads\/2024\/05\/Logo-Bio-Naomi-Shemer_redim-1.jpg","contentUrl":"https:\/\/www.iemj.org\/wp-content\/uploads\/2024\/05\/Logo-Bio-Naomi-Shemer_redim-1.jpg","width":218,"height":218},{"@type":"BreadcrumbList","@id":"https:\/\/www.iemj.org\/de\/shemer-naomi-1930-2004\/#breadcrumb","itemListElement":[{"@type":"ListItem","position":1,"name":"Accueil","item":"https:\/\/www.iemj.org\/de\/"},{"@type":"ListItem","position":2,"name":"Shemer, Naomi (1930 &#8211; 2004)"}]},{"@type":"WebSite","@id":"https:\/\/www.iemj.org\/de\/#website","url":"https:\/\/www.iemj.org\/de\/","name":"Institut Europ\u00e9en des Musiques Juives","description":"Des traditions musicales \u00e0 la port\u00e9e de tous","publisher":{"@id":"https:\/\/www.iemj.org\/de\/#organization"},"potentialAction":[{"@type":"SearchAction","target":{"@type":"EntryPoint","urlTemplate":"https:\/\/www.iemj.org\/de\/?s={search_term_string}"},"query-input":{"@type":"PropertyValueSpecification","valueRequired":true,"valueName":"search_term_string"}}],"inLanguage":"de"},{"@type":"Organization","@id":"https:\/\/www.iemj.org\/de\/#organization","name":"Institut Europ\u00e9en des Musiques Juives","url":"https:\/\/www.iemj.org\/de\/","logo":{"@type":"ImageObject","inLanguage":"de","@id":"https:\/\/www.iemj.org\/de\/#\/schema\/logo\/image\/","url":"https:\/\/www.iemj.org\/wp-content\/uploads\/2021\/09\/Logo-IEMJ-Paypal.jpg","contentUrl":"https:\/\/www.iemj.org\/wp-content\/uploads\/2021\/09\/Logo-IEMJ-Paypal.jpg","width":150,"height":50,"caption":"Institut Europ\u00e9en des Musiques Juives"},"image":{"@id":"https:\/\/www.iemj.org\/de\/#\/schema\/logo\/image\/"},"sameAs":["https:\/\/www.facebook.com\/MusiquesJuives\/","https:\/\/www.instagram.com\/musiquesjuives\/","https:\/\/www.youtube.com\/user\/musiquesjuives"]},{"@type":"Person","@id":"https:\/\/www.iemj.org\/de\/#\/schema\/person\/358e26c18aca017fcc4cc15437f7279c","name":"Jacqueline ROTEN","image":{"@type":"ImageObject","inLanguage":"de","@id":"https:\/\/secure.gravatar.com\/avatar\/5964256d6c6957de3a3505278957e0fb2a35119ac47ea41827a65301213c810b?s=96&d=mm&r=g","url":"https:\/\/secure.gravatar.com\/avatar\/5964256d6c6957de3a3505278957e0fb2a35119ac47ea41827a65301213c810b?s=96&d=mm&r=g","contentUrl":"https:\/\/secure.gravatar.com\/avatar\/5964256d6c6957de3a3505278957e0fb2a35119ac47ea41827a65301213c810b?s=96&d=mm&r=g","caption":"Jacqueline ROTEN"}}]}},"_links":{"self":[{"href":"https:\/\/www.iemj.org\/de\/wp-json\/wp\/v2\/posts\/112101","targetHints":{"allow":["GET"]}}],"collection":[{"href":"https:\/\/www.iemj.org\/de\/wp-json\/wp\/v2\/posts"}],"about":[{"href":"https:\/\/www.iemj.org\/de\/wp-json\/wp\/v2\/types\/post"}],"author":[{"embeddable":true,"href":"https:\/\/www.iemj.org\/de\/wp-json\/wp\/v2\/users\/5"}],"replies":[{"embeddable":true,"href":"https:\/\/www.iemj.org\/de\/wp-json\/wp\/v2\/comments?post=112101"}],"version-history":[{"count":0,"href":"https:\/\/www.iemj.org\/de\/wp-json\/wp\/v2\/posts\/112101\/revisions"}],"wp:featuredmedia":[{"embeddable":true,"href":"https:\/\/www.iemj.org\/de\/wp-json\/wp\/v2\/media\/112090"}],"wp:attachment":[{"href":"https:\/\/www.iemj.org\/de\/wp-json\/wp\/v2\/media?parent=112101"}],"wp:term":[{"taxonomy":"category","embeddable":true,"href":"https:\/\/www.iemj.org\/de\/wp-json\/wp\/v2\/categories?post=112101"},{"taxonomy":"post_tag","embeddable":true,"href":"https:\/\/www.iemj.org\/de\/wp-json\/wp\/v2\/tags?post=112101"},{"taxonomy":"technique","embeddable":true,"href":"https:\/\/www.iemj.org\/de\/wp-json\/wp\/v2\/technique?post=112101"},{"taxonomy":"squelettes","embeddable":true,"href":"https:\/\/www.iemj.org\/de\/wp-json\/wp\/v2\/squelettes?post=112101"},{"taxonomy":"sujet","embeddable":true,"href":"https:\/\/www.iemj.org\/de\/wp-json\/wp\/v2\/sujet?post=112101"},{"taxonomy":"formation","embeddable":true,"href":"https:\/\/www.iemj.org\/de\/wp-json\/wp\/v2\/formation?post=112101"},{"taxonomy":"genre","embeddable":true,"href":"https:\/\/www.iemj.org\/de\/wp-json\/wp\/v2\/genre?post=112101"},{"taxonomy":"fonds","embeddable":true,"href":"https:\/\/www.iemj.org\/de\/wp-json\/wp\/v2\/fonds?post=112101"},{"taxonomy":"tradition","embeddable":true,"href":"https:\/\/www.iemj.org\/de\/wp-json\/wp\/v2\/tradition?post=112101"},{"taxonomy":"type-de-contenu","embeddable":true,"href":"https:\/\/www.iemj.org\/de\/wp-json\/wp\/v2\/type-de-contenu?post=112101"},{"taxonomy":"interprete-compositeur","embeddable":true,"href":"https:\/\/www.iemj.org\/de\/wp-json\/wp\/v2\/interprete-compositeur?post=112101"},{"taxonomy":"frise","embeddable":true,"href":"https:\/\/www.iemj.org\/de\/wp-json\/wp\/v2\/frise?post=112101"},{"taxonomy":"type-devenement","embeddable":true,"href":"https:\/\/www.iemj.org\/de\/wp-json\/wp\/v2\/type-devenement?post=112101"},{"taxonomy":"tableaux-liens-externes","embeddable":true,"href":"https:\/\/www.iemj.org\/de\/wp-json\/wp\/v2\/tableaux-liens-externes?post=112101"}],"curies":[{"name":"wp","href":"https:\/\/api.w.org\/{rel}","templated":true}]}}