{"id":112638,"date":"2024-06-18T16:31:00","date_gmt":"2024-06-18T14:31:00","guid":{"rendered":"https:\/\/www.iemj.org\/le-triptyque-darius-milhaud\/"},"modified":"2024-06-24T14:17:12","modified_gmt":"2024-06-24T12:17:12","slug":"le-triptyque-darius-milhaud","status":"publish","type":"post","link":"https:\/\/www.iemj.org\/de\/le-triptyque-darius-milhaud\/","title":{"rendered":"Das Darius-Milhaud-Triptychon"},"content":{"rendered":"<div>\n<div><\/div>\n<div>\n<p style=\"text-align: left;\"><strong>Samstag, 29. Juni 2024, 18:30 Uhr &#8211; Salle du Moulin Saint-Julien &#8211; 288, cours Gambetta &#8211; 84300 CAVAILLON<\/strong><\/p>\n<p><span style=\"font-size: revert; background-color: var(--bs-body-bg); color: var(--bs-body-color); font-family: var(--bs-body-font-family); font-weight: var(--bs-body-font-weight); text-align: var(--bs-body-text-align);\">Im Rahmen der Feierlichkeiten zum <strong>50. Todestag des Komponisten Darius Milhaud<\/strong>, der von Juden aus dem Comtat Venaissin abstammte, bietet der Verein &#8222;<em>Les amis de la synagogue de Cavaillon<\/em>&#8220; einen Abend-Event in drei Teilen an:\u00a0<\/span><\/p>\n<\/div>\n<div>\n<ul>\n<li><strong>Eine Gespr\u00e4chsrunde<\/strong> mit Musikwissenschaftlern und Milhaud-Spezialisten, darunter <strong>Herv\u00e9 Roten (IEMJ)<\/strong>, Katharina Galor (Brown University) und der deutsche Musikwissenschaftler Kai Hinrich M\u00fcller, die \u00fcber die Bedeutung seines Beitrags zum Musikleben in Frankreich, Deutschland und den USA, wo er lebte, diskutieren. (45 Minuten)<\/li>\n<li><strong>Ein animierter Kurzfilm<\/strong> &#8222;<em>Esther de Carpentras<\/em>&#8222;, der als Weltpremiere gezeigt wird und eigens f\u00fcr die Feierlichkeiten zum 50. Todestag von Darius Milhaud von dem amerikanischen K\u00fcnstler Steven Subotnick geschaffen wurde. (15 Minuten)<\/li>\n<li><strong>Ein Kammermusikkonzert<\/strong> unter der musikalischen Leitung von Michal Friedl\u00e4nder (Klavier), begleitet von der Mezzosopranistin Hagar Sharvit und dem weltbekannten Klarinettisten Karl-Heinz Steffens. (60 Minuten)<\/li>\n<\/ul>\n<\/div>\n<div>\n<p><strong>Programm des Konzerts:\u00a0<\/strong><\/p>\n<\/div>\n<div>\n<ul>\n<li><em>Duo Concertant, Op. 351,<\/em>f\u00fcr Klarinette und Klavier.<\/li>\n<\/ul>\n<\/div>\n<div>\n<ul>\n<li><em>Po\u00e8mes juifs, Op.34<\/em>, f\u00fcr Mezzosopran und Klavier<\/li>\n<\/ul>\n<\/div>\n<div>\n<ul>\n<li><em>Esther de Carpentras, <\/em>ouverture et aria, f\u00fcr Mezzosopran und Klavier.<\/li>\n<\/ul>\n<\/div>\n<div>\n<ul>\n<li><em style=\"font-size: revert; background-color: var(--bs-body-bg); color: var(--bs-body-color); font-family: var(--bs-body-font-family); font-weight: var(--bs-body-font-weight); text-align: var(--bs-body-text-align);\">Suadades do Brazil<\/em><span style=\"font-size: revert; background-color: var(--bs-body-bg); color: var(--bs-body-color); font-family: var(--bs-body-font-family); font-weight: var(--bs-body-font-weight); text-align: var(--bs-body-text-align);\">, f\u00fcr Klavier Botafogo<\/span><\/li>\n<\/ul>\n<\/div>\n<\/div>\n<p><!--more--><\/p>\n<p><!--more--><!--more--><!--more--><\/p>\n<div>\n<ul>\n<li><em style=\"font-size: revert; background-color: var(--bs-body-bg); color: var(--bs-body-color); font-family: var(--bs-body-font-family); font-weight: var(--bs-body-font-weight); text-align: var(--bs-body-text-align);\">Scaramouche,<\/em>f\u00fcr Klarinette und Klavier<\/li>\n<\/ul>\n<\/div>\n<div>\n<p>Dasselbe Abend-Event wird auch am 1. Juli 2024 im Piano Salon Christophori in Berlin (<em>Deutschland<\/em>), am 22. September 2024 an der Brown University in Providence (<em>USA<\/em>) und am 23. September im Jewish History Center in New York (<em>USA<\/em>) aufgef\u00fchrt.<\/p>\n<\/div>\n<p><strong><a href=\"https:\/\/boutique.destinationluberon.com\/spectacles\/concert-festivals\/le-triptyque-darius-milhaud\" target=\"_blank\" rel=\"noopener\">Weitere Informationen und Tickets<\/a><\/strong><\/p>\n","protected":false},"excerpt":{"rendered":"<p>Samstag, 29. Juni 2024, 18:30 Uhr &#8211; Salle du Moulin Saint-Julien &#8211; 288, cours Gambetta &#8211; 84300 CAVAILLON Im Rahmen der Feierlichkeiten zum 50. Todestag des Komponisten Darius Milhaud, der<\/p>\n","protected":false},"author":5,"featured_media":112627,"comment_status":"closed","ping_status":"closed","sticky":false,"template":"","format":"standard","meta":{"_acf_changed":false,"footnotes":""},"categories":[1378,1382,1370],"tags":[],"technique":[],"squelettes":[],"sujet":[],"formation":[],"genre":[],"fonds":[],"tradition":[],"type-de-contenu":[],"interprete-compositeur":[3131],"frise":[],"type-devenement":[],"tableaux-liens-externes":[],"class_list":["post-112638","post","type-post","status-publish","format-standard","has-post-thumbnail","hentry","category-konzerte-veranstaltungen-de","category-kurse-konferenzen-de","category-veranstaltungen-de","interprete-compositeur-darius-milhaud-de"],"acf":[],"yoast_head":"<!-- This site is optimized with the Yoast SEO plugin v27.3 - https:\/\/yoast.com\/product\/yoast-seo-wordpress\/ -->\n<title>Das Darius-Milhaud-Triptychon - Institut Europ\u00e9en des Musiques Juives<\/title>\n<meta name=\"robots\" content=\"index, follow, max-snippet:-1, max-image-preview:large, max-video-preview:-1\" \/>\n<link rel=\"canonical\" href=\"https:\/\/www.iemj.org\/de\/le-triptyque-darius-milhaud\/\" \/>\n<meta property=\"og:locale\" content=\"de_DE\" \/>\n<meta property=\"og:type\" content=\"article\" \/>\n<meta property=\"og:title\" content=\"Das Darius-Milhaud-Triptychon - Institut Europ\u00e9en des Musiques Juives\" \/>\n<meta property=\"og:description\" content=\"Samstag, 29. Juni 2024, 18:30 Uhr &#8211; Salle du Moulin Saint-Julien &#8211; 288, cours Gambetta &#8211; 84300 CAVAILLON Im Rahmen der Feierlichkeiten zum 50. Todestag des Komponisten Darius Milhaud, der\" \/>\n<meta property=\"og:url\" content=\"https:\/\/www.iemj.org\/de\/le-triptyque-darius-milhaud\/\" \/>\n<meta property=\"og:site_name\" content=\"Institut Europ\u00e9en des Musiques Juives\" \/>\n<meta property=\"article:publisher\" content=\"https:\/\/www.facebook.com\/MusiquesJuives\/\" \/>\n<meta property=\"article:published_time\" content=\"2024-06-18T14:31:00+00:00\" \/>\n<meta property=\"article:modified_time\" content=\"2024-06-24T12:17:12+00:00\" \/>\n<meta property=\"og:image\" content=\"https:\/\/www.iemj.org\/wp-content\/uploads\/2024\/06\/VisuelTriptyqueMilhaud.jpg\" \/>\n\t<meta property=\"og:image:width\" content=\"338\" \/>\n\t<meta property=\"og:image:height\" content=\"500\" \/>\n\t<meta property=\"og:image:type\" content=\"image\/jpeg\" \/>\n<meta name=\"author\" content=\"Jacqueline ROTEN\" \/>\n<meta name=\"twitter:card\" content=\"summary_large_image\" \/>\n<meta name=\"twitter:label1\" content=\"Verfasst von\" \/>\n\t<meta name=\"twitter:data1\" content=\"Jacqueline ROTEN\" \/>\n\t<meta name=\"twitter:label2\" content=\"Gesch\u00e4tzte Lesezeit\" \/>\n\t<meta name=\"twitter:data2\" content=\"2\u00a0Minuten\" \/>\n<script type=\"application\/ld+json\" class=\"yoast-schema-graph\">{\"@context\":\"https:\\\/\\\/schema.org\",\"@graph\":[{\"@type\":\"Article\",\"@id\":\"https:\\\/\\\/www.iemj.org\\\/de\\\/le-triptyque-darius-milhaud\\\/#article\",\"isPartOf\":{\"@id\":\"https:\\\/\\\/www.iemj.org\\\/de\\\/le-triptyque-darius-milhaud\\\/\"},\"author\":{\"name\":\"Jacqueline ROTEN\",\"@id\":\"https:\\\/\\\/www.iemj.org\\\/de\\\/#\\\/schema\\\/person\\\/358e26c18aca017fcc4cc15437f7279c\"},\"headline\":\"Das Darius-Milhaud-Triptychon\",\"datePublished\":\"2024-06-18T14:31:00+00:00\",\"dateModified\":\"2024-06-24T12:17:12+00:00\",\"mainEntityOfPage\":{\"@id\":\"https:\\\/\\\/www.iemj.org\\\/de\\\/le-triptyque-darius-milhaud\\\/\"},\"wordCount\":230,\"publisher\":{\"@id\":\"https:\\\/\\\/www.iemj.org\\\/de\\\/#organization\"},\"image\":{\"@id\":\"https:\\\/\\\/www.iemj.org\\\/de\\\/le-triptyque-darius-milhaud\\\/#primaryimage\"},\"thumbnailUrl\":\"https:\\\/\\\/www.iemj.org\\\/wp-content\\\/uploads\\\/2024\\\/06\\\/VisuelTriptyqueMilhaud.jpg\",\"articleSection\":[\"Konzerte\",\"Kurse \\\/ Konferenzen\",\"Veranstaltungen\"],\"inLanguage\":\"de\"},{\"@type\":\"WebPage\",\"@id\":\"https:\\\/\\\/www.iemj.org\\\/de\\\/le-triptyque-darius-milhaud\\\/\",\"url\":\"https:\\\/\\\/www.iemj.org\\\/de\\\/le-triptyque-darius-milhaud\\\/\",\"name\":\"Das Darius-Milhaud-Triptychon - Institut Europ\u00e9en des Musiques Juives\",\"isPartOf\":{\"@id\":\"https:\\\/\\\/www.iemj.org\\\/de\\\/#website\"},\"primaryImageOfPage\":{\"@id\":\"https:\\\/\\\/www.iemj.org\\\/de\\\/le-triptyque-darius-milhaud\\\/#primaryimage\"},\"image\":{\"@id\":\"https:\\\/\\\/www.iemj.org\\\/de\\\/le-triptyque-darius-milhaud\\\/#primaryimage\"},\"thumbnailUrl\":\"https:\\\/\\\/www.iemj.org\\\/wp-content\\\/uploads\\\/2024\\\/06\\\/VisuelTriptyqueMilhaud.jpg\",\"datePublished\":\"2024-06-18T14:31:00+00:00\",\"dateModified\":\"2024-06-24T12:17:12+00:00\",\"breadcrumb\":{\"@id\":\"https:\\\/\\\/www.iemj.org\\\/de\\\/le-triptyque-darius-milhaud\\\/#breadcrumb\"},\"inLanguage\":\"de\",\"potentialAction\":[{\"@type\":\"ReadAction\",\"target\":[\"https:\\\/\\\/www.iemj.org\\\/de\\\/le-triptyque-darius-milhaud\\\/\"]}]},{\"@type\":\"ImageObject\",\"inLanguage\":\"de\",\"@id\":\"https:\\\/\\\/www.iemj.org\\\/de\\\/le-triptyque-darius-milhaud\\\/#primaryimage\",\"url\":\"https:\\\/\\\/www.iemj.org\\\/wp-content\\\/uploads\\\/2024\\\/06\\\/VisuelTriptyqueMilhaud.jpg\",\"contentUrl\":\"https:\\\/\\\/www.iemj.org\\\/wp-content\\\/uploads\\\/2024\\\/06\\\/VisuelTriptyqueMilhaud.jpg\",\"width\":338,\"height\":500},{\"@type\":\"BreadcrumbList\",\"@id\":\"https:\\\/\\\/www.iemj.org\\\/de\\\/le-triptyque-darius-milhaud\\\/#breadcrumb\",\"itemListElement\":[{\"@type\":\"ListItem\",\"position\":1,\"name\":\"Accueil\",\"item\":\"https:\\\/\\\/www.iemj.org\\\/de\\\/\"},{\"@type\":\"ListItem\",\"position\":2,\"name\":\"Das Darius-Milhaud-Triptychon\"}]},{\"@type\":\"WebSite\",\"@id\":\"https:\\\/\\\/www.iemj.org\\\/de\\\/#website\",\"url\":\"https:\\\/\\\/www.iemj.org\\\/de\\\/\",\"name\":\"Institut Europ\u00e9en des Musiques Juives\",\"description\":\"Des traditions musicales \u00e0 la port\u00e9e de tous\",\"publisher\":{\"@id\":\"https:\\\/\\\/www.iemj.org\\\/de\\\/#organization\"},\"potentialAction\":[{\"@type\":\"SearchAction\",\"target\":{\"@type\":\"EntryPoint\",\"urlTemplate\":\"https:\\\/\\\/www.iemj.org\\\/de\\\/?s={search_term_string}\"},\"query-input\":{\"@type\":\"PropertyValueSpecification\",\"valueRequired\":true,\"valueName\":\"search_term_string\"}}],\"inLanguage\":\"de\"},{\"@type\":\"Organization\",\"@id\":\"https:\\\/\\\/www.iemj.org\\\/de\\\/#organization\",\"name\":\"Institut Europ\u00e9en des Musiques Juives\",\"url\":\"https:\\\/\\\/www.iemj.org\\\/de\\\/\",\"logo\":{\"@type\":\"ImageObject\",\"inLanguage\":\"de\",\"@id\":\"https:\\\/\\\/www.iemj.org\\\/de\\\/#\\\/schema\\\/logo\\\/image\\\/\",\"url\":\"https:\\\/\\\/www.iemj.org\\\/wp-content\\\/uploads\\\/2021\\\/09\\\/Logo-IEMJ-Paypal.jpg\",\"contentUrl\":\"https:\\\/\\\/www.iemj.org\\\/wp-content\\\/uploads\\\/2021\\\/09\\\/Logo-IEMJ-Paypal.jpg\",\"width\":150,\"height\":50,\"caption\":\"Institut Europ\u00e9en des Musiques Juives\"},\"image\":{\"@id\":\"https:\\\/\\\/www.iemj.org\\\/de\\\/#\\\/schema\\\/logo\\\/image\\\/\"},\"sameAs\":[\"https:\\\/\\\/www.facebook.com\\\/MusiquesJuives\\\/\",\"https:\\\/\\\/www.instagram.com\\\/musiquesjuives\\\/\",\"https:\\\/\\\/www.youtube.com\\\/user\\\/musiquesjuives\"]},{\"@type\":\"Person\",\"@id\":\"https:\\\/\\\/www.iemj.org\\\/de\\\/#\\\/schema\\\/person\\\/358e26c18aca017fcc4cc15437f7279c\",\"name\":\"Jacqueline ROTEN\",\"image\":{\"@type\":\"ImageObject\",\"inLanguage\":\"de\",\"@id\":\"https:\\\/\\\/secure.gravatar.com\\\/avatar\\\/5964256d6c6957de3a3505278957e0fb2a35119ac47ea41827a65301213c810b?s=96&d=mm&r=g\",\"url\":\"https:\\\/\\\/secure.gravatar.com\\\/avatar\\\/5964256d6c6957de3a3505278957e0fb2a35119ac47ea41827a65301213c810b?s=96&d=mm&r=g\",\"contentUrl\":\"https:\\\/\\\/secure.gravatar.com\\\/avatar\\\/5964256d6c6957de3a3505278957e0fb2a35119ac47ea41827a65301213c810b?s=96&d=mm&r=g\",\"caption\":\"Jacqueline ROTEN\"}}]}<\/script>\n<!-- \/ Yoast SEO plugin. -->","yoast_head_json":{"title":"Das Darius-Milhaud-Triptychon - Institut Europ\u00e9en des Musiques Juives","robots":{"index":"index","follow":"follow","max-snippet":"max-snippet:-1","max-image-preview":"max-image-preview:large","max-video-preview":"max-video-preview:-1"},"canonical":"https:\/\/www.iemj.org\/de\/le-triptyque-darius-milhaud\/","og_locale":"de_DE","og_type":"article","og_title":"Das Darius-Milhaud-Triptychon - Institut Europ\u00e9en des Musiques Juives","og_description":"Samstag, 29. Juni 2024, 18:30 Uhr &#8211; Salle du Moulin Saint-Julien &#8211; 288, cours Gambetta &#8211; 84300 CAVAILLON Im Rahmen der Feierlichkeiten zum 50. Todestag des Komponisten Darius Milhaud, der","og_url":"https:\/\/www.iemj.org\/de\/le-triptyque-darius-milhaud\/","og_site_name":"Institut Europ\u00e9en des Musiques Juives","article_publisher":"https:\/\/www.facebook.com\/MusiquesJuives\/","article_published_time":"2024-06-18T14:31:00+00:00","article_modified_time":"2024-06-24T12:17:12+00:00","og_image":[{"width":338,"height":500,"url":"https:\/\/www.iemj.org\/wp-content\/uploads\/2024\/06\/VisuelTriptyqueMilhaud.jpg","type":"image\/jpeg"}],"author":"Jacqueline ROTEN","twitter_card":"summary_large_image","twitter_misc":{"Verfasst von":"Jacqueline ROTEN","Gesch\u00e4tzte Lesezeit":"2\u00a0Minuten"},"schema":{"@context":"https:\/\/schema.org","@graph":[{"@type":"Article","@id":"https:\/\/www.iemj.org\/de\/le-triptyque-darius-milhaud\/#article","isPartOf":{"@id":"https:\/\/www.iemj.org\/de\/le-triptyque-darius-milhaud\/"},"author":{"name":"Jacqueline ROTEN","@id":"https:\/\/www.iemj.org\/de\/#\/schema\/person\/358e26c18aca017fcc4cc15437f7279c"},"headline":"Das Darius-Milhaud-Triptychon","datePublished":"2024-06-18T14:31:00+00:00","dateModified":"2024-06-24T12:17:12+00:00","mainEntityOfPage":{"@id":"https:\/\/www.iemj.org\/de\/le-triptyque-darius-milhaud\/"},"wordCount":230,"publisher":{"@id":"https:\/\/www.iemj.org\/de\/#organization"},"image":{"@id":"https:\/\/www.iemj.org\/de\/le-triptyque-darius-milhaud\/#primaryimage"},"thumbnailUrl":"https:\/\/www.iemj.org\/wp-content\/uploads\/2024\/06\/VisuelTriptyqueMilhaud.jpg","articleSection":["Konzerte","Kurse \/ Konferenzen","Veranstaltungen"],"inLanguage":"de"},{"@type":"WebPage","@id":"https:\/\/www.iemj.org\/de\/le-triptyque-darius-milhaud\/","url":"https:\/\/www.iemj.org\/de\/le-triptyque-darius-milhaud\/","name":"Das Darius-Milhaud-Triptychon - Institut Europ\u00e9en des Musiques Juives","isPartOf":{"@id":"https:\/\/www.iemj.org\/de\/#website"},"primaryImageOfPage":{"@id":"https:\/\/www.iemj.org\/de\/le-triptyque-darius-milhaud\/#primaryimage"},"image":{"@id":"https:\/\/www.iemj.org\/de\/le-triptyque-darius-milhaud\/#primaryimage"},"thumbnailUrl":"https:\/\/www.iemj.org\/wp-content\/uploads\/2024\/06\/VisuelTriptyqueMilhaud.jpg","datePublished":"2024-06-18T14:31:00+00:00","dateModified":"2024-06-24T12:17:12+00:00","breadcrumb":{"@id":"https:\/\/www.iemj.org\/de\/le-triptyque-darius-milhaud\/#breadcrumb"},"inLanguage":"de","potentialAction":[{"@type":"ReadAction","target":["https:\/\/www.iemj.org\/de\/le-triptyque-darius-milhaud\/"]}]},{"@type":"ImageObject","inLanguage":"de","@id":"https:\/\/www.iemj.org\/de\/le-triptyque-darius-milhaud\/#primaryimage","url":"https:\/\/www.iemj.org\/wp-content\/uploads\/2024\/06\/VisuelTriptyqueMilhaud.jpg","contentUrl":"https:\/\/www.iemj.org\/wp-content\/uploads\/2024\/06\/VisuelTriptyqueMilhaud.jpg","width":338,"height":500},{"@type":"BreadcrumbList","@id":"https:\/\/www.iemj.org\/de\/le-triptyque-darius-milhaud\/#breadcrumb","itemListElement":[{"@type":"ListItem","position":1,"name":"Accueil","item":"https:\/\/www.iemj.org\/de\/"},{"@type":"ListItem","position":2,"name":"Das Darius-Milhaud-Triptychon"}]},{"@type":"WebSite","@id":"https:\/\/www.iemj.org\/de\/#website","url":"https:\/\/www.iemj.org\/de\/","name":"Institut Europ\u00e9en des Musiques Juives","description":"Des traditions musicales \u00e0 la port\u00e9e de tous","publisher":{"@id":"https:\/\/www.iemj.org\/de\/#organization"},"potentialAction":[{"@type":"SearchAction","target":{"@type":"EntryPoint","urlTemplate":"https:\/\/www.iemj.org\/de\/?s={search_term_string}"},"query-input":{"@type":"PropertyValueSpecification","valueRequired":true,"valueName":"search_term_string"}}],"inLanguage":"de"},{"@type":"Organization","@id":"https:\/\/www.iemj.org\/de\/#organization","name":"Institut Europ\u00e9en des Musiques Juives","url":"https:\/\/www.iemj.org\/de\/","logo":{"@type":"ImageObject","inLanguage":"de","@id":"https:\/\/www.iemj.org\/de\/#\/schema\/logo\/image\/","url":"https:\/\/www.iemj.org\/wp-content\/uploads\/2021\/09\/Logo-IEMJ-Paypal.jpg","contentUrl":"https:\/\/www.iemj.org\/wp-content\/uploads\/2021\/09\/Logo-IEMJ-Paypal.jpg","width":150,"height":50,"caption":"Institut Europ\u00e9en des Musiques Juives"},"image":{"@id":"https:\/\/www.iemj.org\/de\/#\/schema\/logo\/image\/"},"sameAs":["https:\/\/www.facebook.com\/MusiquesJuives\/","https:\/\/www.instagram.com\/musiquesjuives\/","https:\/\/www.youtube.com\/user\/musiquesjuives"]},{"@type":"Person","@id":"https:\/\/www.iemj.org\/de\/#\/schema\/person\/358e26c18aca017fcc4cc15437f7279c","name":"Jacqueline ROTEN","image":{"@type":"ImageObject","inLanguage":"de","@id":"https:\/\/secure.gravatar.com\/avatar\/5964256d6c6957de3a3505278957e0fb2a35119ac47ea41827a65301213c810b?s=96&d=mm&r=g","url":"https:\/\/secure.gravatar.com\/avatar\/5964256d6c6957de3a3505278957e0fb2a35119ac47ea41827a65301213c810b?s=96&d=mm&r=g","contentUrl":"https:\/\/secure.gravatar.com\/avatar\/5964256d6c6957de3a3505278957e0fb2a35119ac47ea41827a65301213c810b?s=96&d=mm&r=g","caption":"Jacqueline ROTEN"}}]}},"_links":{"self":[{"href":"https:\/\/www.iemj.org\/de\/wp-json\/wp\/v2\/posts\/112638","targetHints":{"allow":["GET"]}}],"collection":[{"href":"https:\/\/www.iemj.org\/de\/wp-json\/wp\/v2\/posts"}],"about":[{"href":"https:\/\/www.iemj.org\/de\/wp-json\/wp\/v2\/types\/post"}],"author":[{"embeddable":true,"href":"https:\/\/www.iemj.org\/de\/wp-json\/wp\/v2\/users\/5"}],"replies":[{"embeddable":true,"href":"https:\/\/www.iemj.org\/de\/wp-json\/wp\/v2\/comments?post=112638"}],"version-history":[{"count":0,"href":"https:\/\/www.iemj.org\/de\/wp-json\/wp\/v2\/posts\/112638\/revisions"}],"wp:featuredmedia":[{"embeddable":true,"href":"https:\/\/www.iemj.org\/de\/wp-json\/wp\/v2\/media\/112627"}],"wp:attachment":[{"href":"https:\/\/www.iemj.org\/de\/wp-json\/wp\/v2\/media?parent=112638"}],"wp:term":[{"taxonomy":"category","embeddable":true,"href":"https:\/\/www.iemj.org\/de\/wp-json\/wp\/v2\/categories?post=112638"},{"taxonomy":"post_tag","embeddable":true,"href":"https:\/\/www.iemj.org\/de\/wp-json\/wp\/v2\/tags?post=112638"},{"taxonomy":"technique","embeddable":true,"href":"https:\/\/www.iemj.org\/de\/wp-json\/wp\/v2\/technique?post=112638"},{"taxonomy":"squelettes","embeddable":true,"href":"https:\/\/www.iemj.org\/de\/wp-json\/wp\/v2\/squelettes?post=112638"},{"taxonomy":"sujet","embeddable":true,"href":"https:\/\/www.iemj.org\/de\/wp-json\/wp\/v2\/sujet?post=112638"},{"taxonomy":"formation","embeddable":true,"href":"https:\/\/www.iemj.org\/de\/wp-json\/wp\/v2\/formation?post=112638"},{"taxonomy":"genre","embeddable":true,"href":"https:\/\/www.iemj.org\/de\/wp-json\/wp\/v2\/genre?post=112638"},{"taxonomy":"fonds","embeddable":true,"href":"https:\/\/www.iemj.org\/de\/wp-json\/wp\/v2\/fonds?post=112638"},{"taxonomy":"tradition","embeddable":true,"href":"https:\/\/www.iemj.org\/de\/wp-json\/wp\/v2\/tradition?post=112638"},{"taxonomy":"type-de-contenu","embeddable":true,"href":"https:\/\/www.iemj.org\/de\/wp-json\/wp\/v2\/type-de-contenu?post=112638"},{"taxonomy":"interprete-compositeur","embeddable":true,"href":"https:\/\/www.iemj.org\/de\/wp-json\/wp\/v2\/interprete-compositeur?post=112638"},{"taxonomy":"frise","embeddable":true,"href":"https:\/\/www.iemj.org\/de\/wp-json\/wp\/v2\/frise?post=112638"},{"taxonomy":"type-devenement","embeddable":true,"href":"https:\/\/www.iemj.org\/de\/wp-json\/wp\/v2\/type-devenement?post=112638"},{"taxonomy":"tableaux-liens-externes","embeddable":true,"href":"https:\/\/www.iemj.org\/de\/wp-json\/wp\/v2\/tableaux-liens-externes?post=112638"}],"curies":[{"name":"wp","href":"https:\/\/api.w.org\/{rel}","templated":true}]}}