{"id":112855,"date":"2024-06-19T17:25:42","date_gmt":"2024-06-19T15:25:42","guid":{"rendered":"https:\/\/www.iemj.org\/milhaud-darius-1892-1974\/"},"modified":"2024-08-22T11:08:00","modified_gmt":"2024-08-22T09:08:00","slug":"milhaud-darius-1892-1974","status":"publish","type":"post","link":"https:\/\/www.iemj.org\/de\/milhaud-darius-1892-1974\/","title":{"rendered":"Milhaud, Darius (1892-1974)"},"content":{"rendered":"<p>Darius Milhaud wurde am 4. September 1892 in Marseille geboren und entstammte einer alten j\u00fcdischen Familie aus dem Comtat Venaissin. Er selbst bezeichnete sich als &#8222;Franzose der Provence und der israelitischen Religion&#8220;<span class=\"footnote_referrer\"><a role=\"button\" tabindex=\"0\" onclick=\"footnote_moveToReference_112855_1('footnote_plugin_reference_112855_1_1');\" onkeypress=\"footnote_moveToReference_112855_1('footnote_plugin_reference_112855_1_1');\" ><sup id=\"footnote_plugin_tooltip_112855_1_1\" class=\"footnote_plugin_tooltip_text\">[1]<\/sup><\/a><span id=\"footnote_plugin_tooltip_text_112855_1_1\" class=\"footnote_tooltip\">Darius MILHAUD, <em>Ma Vie heureuse<\/em> [1974], Paris, Belfond, 1987, S. 9.<\/span><\/span><script type=\"text\/javascript\"> jQuery('#footnote_plugin_tooltip_112855_1_1').tooltip({ tip: '#footnote_plugin_tooltip_text_112855_1_1', tipClass: 'footnote_tooltip', effect: 'fade', predelay: 0, fadeInSpeed: 200, delay: 400, fadeOutSpeed: 200, position: 'top center', relative: true, offset: [-7, 0], });<\/script>. Seine Eltern sind Amateurmusiker, seine Mutter kennt die Gesangstradition der provenzalischen Juden. Bereits im Alter von sieben Jahren lernt Milhaud Geige und komponiert. 1909 trat er in das Musikkonservatorium von Paris ein, wo er Harmonielehre bei Gustave Leroux, Kontrapunkt bei Andr\u00e9 G\u00e9dalge, Komposition bei dem Organisten Charles-Marie Widor und Orchestrierung bei Paul Dukas studierte. Gleichzeitig vervollst\u00e4ndigte er seine Ausbildung bei dem Komponisten Charles Koechlin.<\/p>\n<p><img fetchpriority=\"high\" decoding=\"async\" class=\" wp-image-112703 alignright\" src=\"https:\/\/www.iemj.org\/wp-content\/uploads\/2024\/06\/Couverture-partition-David-D-Milhaud-et-A-Lunel-illustration-par-M-Chagall-IEMJ-P_795_VIG-214x300.jpg\" alt=\"\" width=\"214\" height=\"300\" srcset=\"https:\/\/www.iemj.org\/wp-content\/uploads\/2024\/06\/Couverture-partition-David-D-Milhaud-et-A-Lunel-illustration-par-M-Chagall-IEMJ-P_795_VIG-214x300.jpg 214w, https:\/\/www.iemj.org\/wp-content\/uploads\/2024\/06\/Couverture-partition-David-D-Milhaud-et-A-Lunel-illustration-par-M-Chagall-IEMJ-P_795_VIG.jpg 571w\" sizes=\"(max-width: 214px) 100vw, 214px\" \/><\/p>\n<p>Zwischen 1916 und 1918 hielt sich Milhaud als Botschaftssekret\u00e4r von Paul Claudel in Brasilien auf. Dort lernte er die s\u00fcdamerikanische Folklore und exotische Rhythmen kennen, die in seinen symboltr\u00e4chtigen Werken wie <em>Saudades do Brazil<\/em> (1920-1921) oder <em>Le b\u0153uf sur le toit<\/em> (1919) zum Ausdruck kamen. Nach seiner R\u00fcckkehr nach Paris nahm er an dem kurzen Abenteuer der &#8222;Groupe des Six&#8220; (Francis Poulenc, Arthur Honegger, Germaine Tailleferre, Louis Durey, Georges Auric und Darius Milhaud) um Jean Cocteau teil, die haupts\u00e4chlich als Reaktion auf den Impressionismus und den Wagnerismus gegr\u00fcndet worden war.<\/p>\n<p>W\u00e4hrend eines Aufenthalts in den USA entdeckte er 1923 den Jazz, dessen Rhythmen er in der Komposition seines Balletts <em>La Cr\u00e9ation du monde<\/em> (1923) verwendete.<\/p>\n<p>Bis zum Beginn des Zweiten Weltkriegs blieb sein Schaffen umfangreich. Dann musste er aus dem okkupierten Frankreich fliehen, da er auf zwei Listen stand: als Jude und als Komponist entarteter Musik. 1940 ging er in die USA, wo der Dirigent Pierre Monteux ihm half, eine Stelle als Professor f\u00fcr Komposition am Mills College in Oakland (Kalifornien) zu finden. Zu Milhauds Sch\u00fclern geh\u00f6rten unter anderem der Jazzpianist Dave Brubeck, der Variet\u00e9-Komponist Burt Bacharach und die Begr\u00fcnder des amerikanischen Minimalismus Steve Reich und Philip Glass.<\/p>\n<p><img decoding=\"async\" class=\"wp-image-112687 alignleft\" src=\"https:\/\/www.iemj.org\/wp-content\/uploads\/2024\/06\/Couv-Service-sacre-dirige-par-Milhaud-D33-30_7_VIG-289x300.jpg\" alt=\"\" width=\"194\" height=\"201\" srcset=\"https:\/\/www.iemj.org\/wp-content\/uploads\/2024\/06\/Couv-Service-sacre-dirige-par-Milhaud-D33-30_7_VIG-289x300.jpg 289w, https:\/\/www.iemj.org\/wp-content\/uploads\/2024\/06\/Couv-Service-sacre-dirige-par-Milhaud-D33-30_7_VIG-768x798.jpg 768w, https:\/\/www.iemj.org\/wp-content\/uploads\/2024\/06\/Couv-Service-sacre-dirige-par-Milhaud-D33-30_7_VIG-600x623.jpg 600w, https:\/\/www.iemj.org\/wp-content\/uploads\/2024\/06\/Couv-Service-sacre-dirige-par-Milhaud-D33-30_7_VIG.jpg 770w\" sizes=\"(max-width: 194px) 100vw, 194px\" \/><\/p>\n<p>1947 kehrte er nach Frankreich zur\u00fcck und wurde als Professor f\u00fcr Komposition am Conservatoire de Paris eingestellt. Er wechselte daraufhin seine musikalischen Aktivit\u00e4ten zwischen Paris und den USA ab. Seine Karriere wurde 1971 durch einen Sessel in der Acad\u00e9mie des Beaux-Arts gekr\u00f6nt. Er starb am 22. Juni 1974 im Alter von 81 Jahren in Genf.<\/p>\n<p>Als Autor eines produktiven Werkes (443 Opusnummern!) hat Darius Milhaud alle Genres angepackt: Oper, Kammermusik, symphonische Musik, Konzerte, Ballette, Vokalmusik. Seine musikalische Sprache ist von Polytonalit\u00e4t und Polyrhythmik gepr\u00e4gt. Er sch\u00f6pft seine Inspiration sowohl aus dem Jazz als auch aus der brasilianischen, afrikanischen oder auch j\u00fcdisch-provenzalischen Musik.<\/p>\n<p><img decoding=\"async\" class=\"wp-image-112681 alignright\" src=\"https:\/\/www.iemj.org\/wp-content\/uploads\/2024\/06\/Le-Candelabre-a-Sept-branches-216x300.jpg\" alt=\"\" width=\"198\" height=\"275\" srcset=\"https:\/\/www.iemj.org\/wp-content\/uploads\/2024\/06\/Le-Candelabre-a-Sept-branches-216x300.jpg 216w, https:\/\/www.iemj.org\/wp-content\/uploads\/2024\/06\/Le-Candelabre-a-Sept-branches.jpg 324w\" sizes=\"(max-width: 198px) 100vw, 198px\" \/>Seine j\u00fcdisch inspirierten Werke sind haupts\u00e4chlich Vokalwerke. Zu nennen sind insbesondere: <em>Po\u00e8mes juifs<\/em> (1916), die Oper <em>Esther de Carpentras<\/em> (1925-1927), <em>Chants populaires h\u00e9bra\u00efques <\/em>(1925), <em>Pri\u00e8res journali\u00e8res \u00e0 l&#8217;usage des Juifs du Comtat Venaissin<\/em> (1927), <em>Liturgie comtadine<\/em> (1933), <em>Cantate nuptiale<\/em> (1937), <em>Couronne de gloire<\/em> (1940), <em>Ca\u00efn et Abel<\/em> (1944), <em>Borechou-Schema Israel<\/em> (1944), <em>Kaddish<\/em> (1945), <em>Service sacr\u00e9 pour le samedi matin<\/em> (1947), <em>Lekha dodi<\/em> (1948), <em>Cantate des Proverbes<\/em> (1951), <a href=\"https:\/\/www.iemj.org\/de\/le-candelabre-a-sept-branches-1951-de-darius-milhaud\/\"><em>Le Cand\u00e9labre \u00e0 sept branches<\/em><\/a> [Der siebenarmige Kandelaber] (1951), das 1952-1953 komponierte Oratorium <em>David<\/em> f\u00fcr die dritte Jahrtausendfeier Jerusalems 1954, <em>Le Dibbouk<\/em> (1963), <em>Chants h\u00e9bra\u00efques suivant le rite des Communaut\u00e9s Isra\u00eblites de l\u2019ancien Comtat Venaissin<\/em> (1973) und schlie\u00dflich eines seiner letzten Werke, die Kantate <em>Ani Maamin<\/em> (1972) auf einen Text von Elie Wiesel, die von den Schrecken in Auschwitz, Treblinka, Maidanek berichtet&#8230; diese Orte, an denen mehr als zwanzig der Cousins des Komponisten umkamen.<\/p>\n<p>Ein Teil der j\u00fcdischen Werke von Darius Milhaud ist von liturgischen Themen aus der Region Comtat Venaissin inspiriert, wo der Komponist herstammte. Dies gilt insbesondere f\u00fcr seine <em>Etude sur des th\u00e8mes liturgiques du Comtat Venaissin<\/em>, die unter anderem die traditionelle Melodie des Gebets Le&#8217;ha dodi aufgreift, das auf S. 124 der Sammlung <em>Chants h\u00e9bra\u00efques suivant le rite des Communaut\u00e9s Israelites de l&#8217;ancien Comtat Venaissin <\/em>von Jules Salomon und Mardoch\u00e9e Cr\u00e9mieu (1885) notiert ist.<\/p>\n<p><strong>Ex audio 1 : L\u00e9\u2019ha dodi &#8211; Traditionelle contadin Luft (Auszug)<\/strong><\/p>\n<audio class=\"wp-audio-shortcode\" id=\"audio-112855-1\" preload=\"none\" style=\"width: 100%;\" controls=\"controls\"><source type=\"audio\/mpeg\" src=\"https:\/\/www.iemj.org\/wp-content\/uploads\/2024\/06\/02_Lekha-dodi-traditionnal-by-A-Attia-Musique-judeo-francaises-des-18e-et-19e-siecles-Extrait.mp3?_=1\" \/><a href=\"https:\/\/www.iemj.org\/wp-content\/uploads\/2024\/06\/02_Lekha-dodi-traditionnal-by-A-Attia-Musique-judeo-francaises-des-18e-et-19e-siecles-Extrait.mp3\">https:\/\/www.iemj.org\/wp-content\/uploads\/2024\/06\/02_Lekha-dodi-traditionnal-by-A-Attia-Musique-judeo-francaises-des-18e-et-19e-siecles-Extrait.mp3<\/a><\/audio>\n<p><strong>Ex audio 2 : <em>Etude sur des th\u00e8mes liturgiques du Comtat Venaissin<\/em> (Auszug)<\/strong><\/p>\n<audio class=\"wp-audio-shortcode\" id=\"audio-112855-2\" preload=\"none\" style=\"width: 100%;\" controls=\"controls\"><source type=\"audio\/mpeg\" src=\"https:\/\/www.iemj.org\/wp-content\/uploads\/2024\/06\/01_Etudes-on-Liturgical-Themes-Extrait.mp3?_=2\" \/><a href=\"https:\/\/www.iemj.org\/wp-content\/uploads\/2024\/06\/01_Etudes-on-Liturgical-Themes-Extrait.mp3\">https:\/\/www.iemj.org\/wp-content\/uploads\/2024\/06\/01_Etudes-on-Liturgical-Themes-Extrait.mp3<\/a><\/audio>\n<h3><img loading=\"lazy\" decoding=\"async\" class=\"size-medium wp-image-112750 alignright\" src=\"https:\/\/www.iemj.org\/wp-content\/uploads\/2024\/06\/Le-Candelabre-a-Sept-branches-eclaircie-et-reduit-233x300.jpg\" alt=\"\" width=\"233\" height=\"300\" srcset=\"https:\/\/www.iemj.org\/wp-content\/uploads\/2024\/06\/Le-Candelabre-a-Sept-branches-eclaircie-et-reduit-233x300.jpg 233w, https:\/\/www.iemj.org\/wp-content\/uploads\/2024\/06\/Le-Candelabre-a-Sept-branches-eclaircie-et-reduit.jpg 287w\" sizes=\"(max-width: 233px) 100vw, 233px\" \/><\/h3>\n<p>Das Thema des Gebets Adon olam, das in seinem <em>Service sacr\u00e9 du samedi matin<\/em> verwendet wird, basiert auf dem melodischen Motiv des Beschneidungsliedes Beruchim atem, das ebenfalls auf S. 186 von Cr\u00e9mieus Sammlung notiert ist.<\/p>\n<p>Quellen: <a href=\"https:\/\/brahms.ircam.fr\/fr\/darius-milhaud#bio\">Ircam<\/a>\u00a0; <a href=\"https:\/\/www.milkenarchive.org\/artists\/view\/darius-milhaud\">Milken Archives<\/a>\u00a0; <a href=\"https:\/\/www.espritsnomades.net\/musiques\/darius-milhaud-un-ogre-en-musique\/\">Esprits Nomades<\/a>\u00a0; <a href=\"https:\/\/www.musicologie.org\/Biographies\/m\/milhaud_darius.html\">Musicologie.org<\/a><\/p>\n<h3>Das IEMJ hat mehrere handschriftliche oder gedruckte Partituren, die von Darius Milhaud eigenh\u00e4ndig signiert wurden.<\/h3>\n<p><a href=\"http:\/\/www.rachelnet.net\/F\/?func=find-c&amp;ccl_term=WACM+%3D+Darius+Milhaud+ET+WTY+%3D+31+or+32+or+41+or+42+or+71+or+72+or+C1+or+C2+or+D1+or+D2+or+K1+or+K2+or+R1+or+R2+or+RB+or+SR&amp;local_base=iemcg\" target=\"_blank\" rel=\"noopener\">Sehen Sie sich die vom IEMJ aufbewahrten Musik-Partituren von Darius Milhaud an<\/a><\/p>\n<p><a href=\"https:\/\/www.iemj.org\/de\/le-candelabre-a-sept-branches-1951-de-darius-milhaud\/\">Den Artikel Le Cand\u00e9labre \u00e0 Sept branches [Der siebenarmige Kandelaber] von Darius Milhaud lesen<\/a><\/p>\n<p><a href=\"https:\/\/www.iemj.org\/de\/darius-milhaud-et-ses-oeuvres-inspirees-de-la-tradition-juive\/\" target=\"_blank\" rel=\"noopener\">Darius Milhaud und seine von der j\u00fcdischen Tradition inspirierten Werke Playlist anh\u00f6ren<\/a><\/p>\n<div class=\"speaker-mute footnotes_reference_container\"> <div class=\"footnote_container_prepare\"><p><span role=\"button\" tabindex=\"0\" class=\"footnote_reference_container_label pointer\" onclick=\"footnote_expand_collapse_reference_container_112855_1();\">&#x202F;<\/span><span role=\"button\" tabindex=\"0\" class=\"footnote_reference_container_collapse_button\" style=\"display: none;\" onclick=\"footnote_expand_collapse_reference_container_112855_1();\">[<a id=\"footnote_reference_container_collapse_button_112855_1\">+<\/a>]<\/span><\/p><\/div> <div id=\"footnote_references_container_112855_1\" style=\"\"><table class=\"footnotes_table footnote-reference-container\"><caption class=\"accessibility\">References<\/caption> <tbody> \r\n\r\n<tr class=\"footnotes_plugin_reference_row\"> <th scope=\"row\" class=\"footnote_plugin_index_combi pointer\"  onclick=\"footnote_moveToAnchor_112855_1('footnote_plugin_tooltip_112855_1_1');\"><a id=\"footnote_plugin_reference_112855_1_1\" class=\"footnote_backlink\">1<\/a><\/th> <td class=\"footnote_plugin_text\">Darius MILHAUD, <em>Ma Vie heureuse<\/em> [1974], Paris, Belfond, 1987, S. 9.<\/td><\/tr>\r\n\r\n <\/tbody> <\/table> <\/div><\/div><script type=\"text\/javascript\"> function footnote_expand_reference_container_112855_1() { jQuery('#footnote_references_container_112855_1').show(); jQuery('#footnote_reference_container_collapse_button_112855_1').text('\u2212'); } function footnote_collapse_reference_container_112855_1() { jQuery('#footnote_references_container_112855_1').hide(); jQuery('#footnote_reference_container_collapse_button_112855_1').text('+'); } function footnote_expand_collapse_reference_container_112855_1() { if (jQuery('#footnote_references_container_112855_1').is(':hidden')) { footnote_expand_reference_container_112855_1(); } else { footnote_collapse_reference_container_112855_1(); } } function footnote_moveToReference_112855_1(p_str_TargetID) { footnote_expand_reference_container_112855_1(); var l_obj_Target = jQuery('#' + p_str_TargetID); if (l_obj_Target.length) { jQuery( 'html, body' ).delay( 0 ); jQuery('html, body').animate({ scrollTop: l_obj_Target.offset().top - window.innerHeight * 0.2 }, 380); } } function footnote_moveToAnchor_112855_1(p_str_TargetID) { footnote_expand_reference_container_112855_1(); var l_obj_Target = jQuery('#' + p_str_TargetID); if (l_obj_Target.length) { jQuery( 'html, body' ).delay( 0 ); jQuery('html, body').animate({ scrollTop: l_obj_Target.offset().top - window.innerHeight * 0.2 }, 380); } }<\/script>","protected":false},"excerpt":{"rendered":"<p>Darius Milhaud wurde am 4. September 1892 in Marseille geboren und entstammte einer alten j\u00fcdischen Familie aus dem Comtat Venaissin. Er selbst bezeichnete sich als &#8222;Franzose der Provence und der<\/p>\n","protected":false},"author":5,"featured_media":112700,"comment_status":"closed","ping_status":"closed","sticky":false,"template":"","format":"standard","meta":{"_acf_changed":false,"footnotes":""},"categories":[1415],"tags":[],"technique":[],"squelettes":[],"sujet":[],"formation":[],"genre":[],"fonds":[],"tradition":[],"type-de-contenu":[],"interprete-compositeur":[3131],"frise":[],"type-devenement":[],"tableaux-liens-externes":[],"class_list":["post-112855","post","type-post","status-publish","format-standard","has-post-thumbnail","hentry","category-biografien-de","interprete-compositeur-darius-milhaud-de"],"acf":[],"yoast_head":"<!-- This site is optimized with the Yoast SEO plugin v27.3 - https:\/\/yoast.com\/product\/yoast-seo-wordpress\/ -->\n<title>Milhaud, Darius (1892-1974) - Institut Europ\u00e9en des Musiques Juives<\/title>\n<meta name=\"robots\" content=\"index, follow, max-snippet:-1, max-image-preview:large, max-video-preview:-1\" \/>\n<link rel=\"canonical\" href=\"https:\/\/www.iemj.org\/de\/milhaud-darius-1892-1974\/\" \/>\n<meta property=\"og:locale\" content=\"de_DE\" \/>\n<meta property=\"og:type\" content=\"article\" \/>\n<meta property=\"og:title\" content=\"Milhaud, Darius (1892-1974) - Institut Europ\u00e9en des Musiques Juives\" \/>\n<meta property=\"og:description\" content=\"Darius Milhaud wurde am 4. September 1892 in Marseille geboren und entstammte einer alten j\u00fcdischen Familie aus dem Comtat Venaissin. Er selbst bezeichnete sich als &#8222;Franzose der Provence und der\" \/>\n<meta property=\"og:url\" content=\"https:\/\/www.iemj.org\/de\/milhaud-darius-1892-1974\/\" \/>\n<meta property=\"og:site_name\" content=\"Institut Europ\u00e9en des Musiques Juives\" \/>\n<meta property=\"article:publisher\" content=\"https:\/\/www.facebook.com\/MusiquesJuives\/\" \/>\n<meta property=\"article:published_time\" content=\"2024-06-19T15:25:42+00:00\" \/>\n<meta property=\"article:modified_time\" content=\"2024-08-22T09:08:00+00:00\" \/>\n<meta property=\"og:image\" content=\"https:\/\/www.iemj.org\/wp-content\/uploads\/2024\/06\/Logo-BIO-Milhaud-Darius.jpg\" \/>\n\t<meta property=\"og:image:width\" content=\"187\" \/>\n\t<meta property=\"og:image:height\" content=\"218\" \/>\n\t<meta property=\"og:image:type\" content=\"image\/jpeg\" \/>\n<meta name=\"author\" content=\"Jacqueline ROTEN\" \/>\n<meta name=\"twitter:card\" content=\"summary_large_image\" \/>\n<meta name=\"twitter:label1\" content=\"Verfasst von\" \/>\n\t<meta name=\"twitter:data1\" content=\"Jacqueline ROTEN\" \/>\n\t<meta name=\"twitter:label2\" content=\"Gesch\u00e4tzte Lesezeit\" \/>\n\t<meta name=\"twitter:data2\" content=\"5\u00a0Minuten\" \/>\n<script type=\"application\/ld+json\" class=\"yoast-schema-graph\">{\"@context\":\"https:\\\/\\\/schema.org\",\"@graph\":[{\"@type\":\"Article\",\"@id\":\"https:\\\/\\\/www.iemj.org\\\/de\\\/milhaud-darius-1892-1974\\\/#article\",\"isPartOf\":{\"@id\":\"https:\\\/\\\/www.iemj.org\\\/de\\\/milhaud-darius-1892-1974\\\/\"},\"author\":{\"name\":\"Jacqueline ROTEN\",\"@id\":\"https:\\\/\\\/www.iemj.org\\\/de\\\/#\\\/schema\\\/person\\\/358e26c18aca017fcc4cc15437f7279c\"},\"headline\":\"Milhaud, Darius (1892-1974)\",\"datePublished\":\"2024-06-19T15:25:42+00:00\",\"dateModified\":\"2024-08-22T09:08:00+00:00\",\"mainEntityOfPage\":{\"@id\":\"https:\\\/\\\/www.iemj.org\\\/de\\\/milhaud-darius-1892-1974\\\/\"},\"wordCount\":783,\"publisher\":{\"@id\":\"https:\\\/\\\/www.iemj.org\\\/de\\\/#organization\"},\"image\":{\"@id\":\"https:\\\/\\\/www.iemj.org\\\/de\\\/milhaud-darius-1892-1974\\\/#primaryimage\"},\"thumbnailUrl\":\"https:\\\/\\\/www.iemj.org\\\/wp-content\\\/uploads\\\/2024\\\/06\\\/Logo-BIO-Milhaud-Darius.jpg\",\"articleSection\":[\"Biografien\"],\"inLanguage\":\"de\"},{\"@type\":\"WebPage\",\"@id\":\"https:\\\/\\\/www.iemj.org\\\/de\\\/milhaud-darius-1892-1974\\\/\",\"url\":\"https:\\\/\\\/www.iemj.org\\\/de\\\/milhaud-darius-1892-1974\\\/\",\"name\":\"Milhaud, Darius (1892-1974) - Institut Europ\u00e9en des Musiques Juives\",\"isPartOf\":{\"@id\":\"https:\\\/\\\/www.iemj.org\\\/de\\\/#website\"},\"primaryImageOfPage\":{\"@id\":\"https:\\\/\\\/www.iemj.org\\\/de\\\/milhaud-darius-1892-1974\\\/#primaryimage\"},\"image\":{\"@id\":\"https:\\\/\\\/www.iemj.org\\\/de\\\/milhaud-darius-1892-1974\\\/#primaryimage\"},\"thumbnailUrl\":\"https:\\\/\\\/www.iemj.org\\\/wp-content\\\/uploads\\\/2024\\\/06\\\/Logo-BIO-Milhaud-Darius.jpg\",\"datePublished\":\"2024-06-19T15:25:42+00:00\",\"dateModified\":\"2024-08-22T09:08:00+00:00\",\"breadcrumb\":{\"@id\":\"https:\\\/\\\/www.iemj.org\\\/de\\\/milhaud-darius-1892-1974\\\/#breadcrumb\"},\"inLanguage\":\"de\",\"potentialAction\":[{\"@type\":\"ReadAction\",\"target\":[\"https:\\\/\\\/www.iemj.org\\\/de\\\/milhaud-darius-1892-1974\\\/\"]}]},{\"@type\":\"ImageObject\",\"inLanguage\":\"de\",\"@id\":\"https:\\\/\\\/www.iemj.org\\\/de\\\/milhaud-darius-1892-1974\\\/#primaryimage\",\"url\":\"https:\\\/\\\/www.iemj.org\\\/wp-content\\\/uploads\\\/2024\\\/06\\\/Logo-BIO-Milhaud-Darius.jpg\",\"contentUrl\":\"https:\\\/\\\/www.iemj.org\\\/wp-content\\\/uploads\\\/2024\\\/06\\\/Logo-BIO-Milhaud-Darius.jpg\",\"width\":187,\"height\":218,\"caption\":\"CREATOR: gd-jpeg v1.0 (using IJG JPEG v62), quality = 75\"},{\"@type\":\"BreadcrumbList\",\"@id\":\"https:\\\/\\\/www.iemj.org\\\/de\\\/milhaud-darius-1892-1974\\\/#breadcrumb\",\"itemListElement\":[{\"@type\":\"ListItem\",\"position\":1,\"name\":\"Accueil\",\"item\":\"https:\\\/\\\/www.iemj.org\\\/de\\\/\"},{\"@type\":\"ListItem\",\"position\":2,\"name\":\"Milhaud, Darius (1892-1974)\"}]},{\"@type\":\"WebSite\",\"@id\":\"https:\\\/\\\/www.iemj.org\\\/de\\\/#website\",\"url\":\"https:\\\/\\\/www.iemj.org\\\/de\\\/\",\"name\":\"Institut Europ\u00e9en des Musiques Juives\",\"description\":\"Des traditions musicales \u00e0 la port\u00e9e de tous\",\"publisher\":{\"@id\":\"https:\\\/\\\/www.iemj.org\\\/de\\\/#organization\"},\"potentialAction\":[{\"@type\":\"SearchAction\",\"target\":{\"@type\":\"EntryPoint\",\"urlTemplate\":\"https:\\\/\\\/www.iemj.org\\\/de\\\/?s={search_term_string}\"},\"query-input\":{\"@type\":\"PropertyValueSpecification\",\"valueRequired\":true,\"valueName\":\"search_term_string\"}}],\"inLanguage\":\"de\"},{\"@type\":\"Organization\",\"@id\":\"https:\\\/\\\/www.iemj.org\\\/de\\\/#organization\",\"name\":\"Institut Europ\u00e9en des Musiques Juives\",\"url\":\"https:\\\/\\\/www.iemj.org\\\/de\\\/\",\"logo\":{\"@type\":\"ImageObject\",\"inLanguage\":\"de\",\"@id\":\"https:\\\/\\\/www.iemj.org\\\/de\\\/#\\\/schema\\\/logo\\\/image\\\/\",\"url\":\"https:\\\/\\\/www.iemj.org\\\/wp-content\\\/uploads\\\/2021\\\/09\\\/Logo-IEMJ-Paypal.jpg\",\"contentUrl\":\"https:\\\/\\\/www.iemj.org\\\/wp-content\\\/uploads\\\/2021\\\/09\\\/Logo-IEMJ-Paypal.jpg\",\"width\":150,\"height\":50,\"caption\":\"Institut Europ\u00e9en des Musiques Juives\"},\"image\":{\"@id\":\"https:\\\/\\\/www.iemj.org\\\/de\\\/#\\\/schema\\\/logo\\\/image\\\/\"},\"sameAs\":[\"https:\\\/\\\/www.facebook.com\\\/MusiquesJuives\\\/\",\"https:\\\/\\\/www.instagram.com\\\/musiquesjuives\\\/\",\"https:\\\/\\\/www.youtube.com\\\/user\\\/musiquesjuives\"]},{\"@type\":\"Person\",\"@id\":\"https:\\\/\\\/www.iemj.org\\\/de\\\/#\\\/schema\\\/person\\\/358e26c18aca017fcc4cc15437f7279c\",\"name\":\"Jacqueline ROTEN\",\"image\":{\"@type\":\"ImageObject\",\"inLanguage\":\"de\",\"@id\":\"https:\\\/\\\/secure.gravatar.com\\\/avatar\\\/5964256d6c6957de3a3505278957e0fb2a35119ac47ea41827a65301213c810b?s=96&d=mm&r=g\",\"url\":\"https:\\\/\\\/secure.gravatar.com\\\/avatar\\\/5964256d6c6957de3a3505278957e0fb2a35119ac47ea41827a65301213c810b?s=96&d=mm&r=g\",\"contentUrl\":\"https:\\\/\\\/secure.gravatar.com\\\/avatar\\\/5964256d6c6957de3a3505278957e0fb2a35119ac47ea41827a65301213c810b?s=96&d=mm&r=g\",\"caption\":\"Jacqueline ROTEN\"}}]}<\/script>\n<!-- \/ Yoast SEO plugin. -->","yoast_head_json":{"title":"Milhaud, Darius (1892-1974) - Institut Europ\u00e9en des Musiques Juives","robots":{"index":"index","follow":"follow","max-snippet":"max-snippet:-1","max-image-preview":"max-image-preview:large","max-video-preview":"max-video-preview:-1"},"canonical":"https:\/\/www.iemj.org\/de\/milhaud-darius-1892-1974\/","og_locale":"de_DE","og_type":"article","og_title":"Milhaud, Darius (1892-1974) - Institut Europ\u00e9en des Musiques Juives","og_description":"Darius Milhaud wurde am 4. September 1892 in Marseille geboren und entstammte einer alten j\u00fcdischen Familie aus dem Comtat Venaissin. Er selbst bezeichnete sich als &#8222;Franzose der Provence und der","og_url":"https:\/\/www.iemj.org\/de\/milhaud-darius-1892-1974\/","og_site_name":"Institut Europ\u00e9en des Musiques Juives","article_publisher":"https:\/\/www.facebook.com\/MusiquesJuives\/","article_published_time":"2024-06-19T15:25:42+00:00","article_modified_time":"2024-08-22T09:08:00+00:00","og_image":[{"width":187,"height":218,"url":"https:\/\/www.iemj.org\/wp-content\/uploads\/2024\/06\/Logo-BIO-Milhaud-Darius.jpg","type":"image\/jpeg"}],"author":"Jacqueline ROTEN","twitter_card":"summary_large_image","twitter_misc":{"Verfasst von":"Jacqueline ROTEN","Gesch\u00e4tzte Lesezeit":"5\u00a0Minuten"},"schema":{"@context":"https:\/\/schema.org","@graph":[{"@type":"Article","@id":"https:\/\/www.iemj.org\/de\/milhaud-darius-1892-1974\/#article","isPartOf":{"@id":"https:\/\/www.iemj.org\/de\/milhaud-darius-1892-1974\/"},"author":{"name":"Jacqueline ROTEN","@id":"https:\/\/www.iemj.org\/de\/#\/schema\/person\/358e26c18aca017fcc4cc15437f7279c"},"headline":"Milhaud, Darius (1892-1974)","datePublished":"2024-06-19T15:25:42+00:00","dateModified":"2024-08-22T09:08:00+00:00","mainEntityOfPage":{"@id":"https:\/\/www.iemj.org\/de\/milhaud-darius-1892-1974\/"},"wordCount":783,"publisher":{"@id":"https:\/\/www.iemj.org\/de\/#organization"},"image":{"@id":"https:\/\/www.iemj.org\/de\/milhaud-darius-1892-1974\/#primaryimage"},"thumbnailUrl":"https:\/\/www.iemj.org\/wp-content\/uploads\/2024\/06\/Logo-BIO-Milhaud-Darius.jpg","articleSection":["Biografien"],"inLanguage":"de"},{"@type":"WebPage","@id":"https:\/\/www.iemj.org\/de\/milhaud-darius-1892-1974\/","url":"https:\/\/www.iemj.org\/de\/milhaud-darius-1892-1974\/","name":"Milhaud, Darius (1892-1974) - Institut Europ\u00e9en des Musiques Juives","isPartOf":{"@id":"https:\/\/www.iemj.org\/de\/#website"},"primaryImageOfPage":{"@id":"https:\/\/www.iemj.org\/de\/milhaud-darius-1892-1974\/#primaryimage"},"image":{"@id":"https:\/\/www.iemj.org\/de\/milhaud-darius-1892-1974\/#primaryimage"},"thumbnailUrl":"https:\/\/www.iemj.org\/wp-content\/uploads\/2024\/06\/Logo-BIO-Milhaud-Darius.jpg","datePublished":"2024-06-19T15:25:42+00:00","dateModified":"2024-08-22T09:08:00+00:00","breadcrumb":{"@id":"https:\/\/www.iemj.org\/de\/milhaud-darius-1892-1974\/#breadcrumb"},"inLanguage":"de","potentialAction":[{"@type":"ReadAction","target":["https:\/\/www.iemj.org\/de\/milhaud-darius-1892-1974\/"]}]},{"@type":"ImageObject","inLanguage":"de","@id":"https:\/\/www.iemj.org\/de\/milhaud-darius-1892-1974\/#primaryimage","url":"https:\/\/www.iemj.org\/wp-content\/uploads\/2024\/06\/Logo-BIO-Milhaud-Darius.jpg","contentUrl":"https:\/\/www.iemj.org\/wp-content\/uploads\/2024\/06\/Logo-BIO-Milhaud-Darius.jpg","width":187,"height":218,"caption":"CREATOR: gd-jpeg v1.0 (using IJG JPEG v62), quality = 75"},{"@type":"BreadcrumbList","@id":"https:\/\/www.iemj.org\/de\/milhaud-darius-1892-1974\/#breadcrumb","itemListElement":[{"@type":"ListItem","position":1,"name":"Accueil","item":"https:\/\/www.iemj.org\/de\/"},{"@type":"ListItem","position":2,"name":"Milhaud, Darius (1892-1974)"}]},{"@type":"WebSite","@id":"https:\/\/www.iemj.org\/de\/#website","url":"https:\/\/www.iemj.org\/de\/","name":"Institut Europ\u00e9en des Musiques Juives","description":"Des traditions musicales \u00e0 la port\u00e9e de tous","publisher":{"@id":"https:\/\/www.iemj.org\/de\/#organization"},"potentialAction":[{"@type":"SearchAction","target":{"@type":"EntryPoint","urlTemplate":"https:\/\/www.iemj.org\/de\/?s={search_term_string}"},"query-input":{"@type":"PropertyValueSpecification","valueRequired":true,"valueName":"search_term_string"}}],"inLanguage":"de"},{"@type":"Organization","@id":"https:\/\/www.iemj.org\/de\/#organization","name":"Institut Europ\u00e9en des Musiques Juives","url":"https:\/\/www.iemj.org\/de\/","logo":{"@type":"ImageObject","inLanguage":"de","@id":"https:\/\/www.iemj.org\/de\/#\/schema\/logo\/image\/","url":"https:\/\/www.iemj.org\/wp-content\/uploads\/2021\/09\/Logo-IEMJ-Paypal.jpg","contentUrl":"https:\/\/www.iemj.org\/wp-content\/uploads\/2021\/09\/Logo-IEMJ-Paypal.jpg","width":150,"height":50,"caption":"Institut Europ\u00e9en des Musiques Juives"},"image":{"@id":"https:\/\/www.iemj.org\/de\/#\/schema\/logo\/image\/"},"sameAs":["https:\/\/www.facebook.com\/MusiquesJuives\/","https:\/\/www.instagram.com\/musiquesjuives\/","https:\/\/www.youtube.com\/user\/musiquesjuives"]},{"@type":"Person","@id":"https:\/\/www.iemj.org\/de\/#\/schema\/person\/358e26c18aca017fcc4cc15437f7279c","name":"Jacqueline ROTEN","image":{"@type":"ImageObject","inLanguage":"de","@id":"https:\/\/secure.gravatar.com\/avatar\/5964256d6c6957de3a3505278957e0fb2a35119ac47ea41827a65301213c810b?s=96&d=mm&r=g","url":"https:\/\/secure.gravatar.com\/avatar\/5964256d6c6957de3a3505278957e0fb2a35119ac47ea41827a65301213c810b?s=96&d=mm&r=g","contentUrl":"https:\/\/secure.gravatar.com\/avatar\/5964256d6c6957de3a3505278957e0fb2a35119ac47ea41827a65301213c810b?s=96&d=mm&r=g","caption":"Jacqueline ROTEN"}}]}},"_links":{"self":[{"href":"https:\/\/www.iemj.org\/de\/wp-json\/wp\/v2\/posts\/112855","targetHints":{"allow":["GET"]}}],"collection":[{"href":"https:\/\/www.iemj.org\/de\/wp-json\/wp\/v2\/posts"}],"about":[{"href":"https:\/\/www.iemj.org\/de\/wp-json\/wp\/v2\/types\/post"}],"author":[{"embeddable":true,"href":"https:\/\/www.iemj.org\/de\/wp-json\/wp\/v2\/users\/5"}],"replies":[{"embeddable":true,"href":"https:\/\/www.iemj.org\/de\/wp-json\/wp\/v2\/comments?post=112855"}],"version-history":[{"count":0,"href":"https:\/\/www.iemj.org\/de\/wp-json\/wp\/v2\/posts\/112855\/revisions"}],"wp:featuredmedia":[{"embeddable":true,"href":"https:\/\/www.iemj.org\/de\/wp-json\/wp\/v2\/media\/112700"}],"wp:attachment":[{"href":"https:\/\/www.iemj.org\/de\/wp-json\/wp\/v2\/media?parent=112855"}],"wp:term":[{"taxonomy":"category","embeddable":true,"href":"https:\/\/www.iemj.org\/de\/wp-json\/wp\/v2\/categories?post=112855"},{"taxonomy":"post_tag","embeddable":true,"href":"https:\/\/www.iemj.org\/de\/wp-json\/wp\/v2\/tags?post=112855"},{"taxonomy":"technique","embeddable":true,"href":"https:\/\/www.iemj.org\/de\/wp-json\/wp\/v2\/technique?post=112855"},{"taxonomy":"squelettes","embeddable":true,"href":"https:\/\/www.iemj.org\/de\/wp-json\/wp\/v2\/squelettes?post=112855"},{"taxonomy":"sujet","embeddable":true,"href":"https:\/\/www.iemj.org\/de\/wp-json\/wp\/v2\/sujet?post=112855"},{"taxonomy":"formation","embeddable":true,"href":"https:\/\/www.iemj.org\/de\/wp-json\/wp\/v2\/formation?post=112855"},{"taxonomy":"genre","embeddable":true,"href":"https:\/\/www.iemj.org\/de\/wp-json\/wp\/v2\/genre?post=112855"},{"taxonomy":"fonds","embeddable":true,"href":"https:\/\/www.iemj.org\/de\/wp-json\/wp\/v2\/fonds?post=112855"},{"taxonomy":"tradition","embeddable":true,"href":"https:\/\/www.iemj.org\/de\/wp-json\/wp\/v2\/tradition?post=112855"},{"taxonomy":"type-de-contenu","embeddable":true,"href":"https:\/\/www.iemj.org\/de\/wp-json\/wp\/v2\/type-de-contenu?post=112855"},{"taxonomy":"interprete-compositeur","embeddable":true,"href":"https:\/\/www.iemj.org\/de\/wp-json\/wp\/v2\/interprete-compositeur?post=112855"},{"taxonomy":"frise","embeddable":true,"href":"https:\/\/www.iemj.org\/de\/wp-json\/wp\/v2\/frise?post=112855"},{"taxonomy":"type-devenement","embeddable":true,"href":"https:\/\/www.iemj.org\/de\/wp-json\/wp\/v2\/type-devenement?post=112855"},{"taxonomy":"tableaux-liens-externes","embeddable":true,"href":"https:\/\/www.iemj.org\/de\/wp-json\/wp\/v2\/tableaux-liens-externes?post=112855"}],"curies":[{"name":"wp","href":"https:\/\/api.w.org\/{rel}","templated":true}]}}