{"id":113746,"date":"2023-11-26T13:15:05","date_gmt":"2023-11-26T12:15:05","guid":{"rendered":"https:\/\/www.iemj.org\/conference-la-place-de-lorgue-dans-la-tradition-juive-par-herve-roten\/"},"modified":"2024-09-16T16:08:57","modified_gmt":"2024-09-16T14:08:57","slug":"conference-la-place-de-lorgue-dans-la-tradition-juive-par-herve-roten","status":"publish","type":"post","link":"https:\/\/www.iemj.org\/de\/conference-la-place-de-lorgue-dans-la-tradition-juive-par-herve-roten\/","title":{"rendered":"VORTRAG \u201eDIE STELLUNG DER ORGEL IN DER J\u00dcDISCHEN TRADITION\u201c VON HERV\u00c9 ROTEN"},"content":{"rendered":"<h3 id=\"1-eael-table-of-content\" class=\"eael-heading-content\">Organisiert vom B&#8217;na\u00ef B&#8217;rith &#8211; Michel de Montaigne, im Rahmen der Einweihung der Orgel der Gro\u00dfen Synagoge von Bordeaux, am 10. Dezember 2023, um 15 Uhr<\/h3>\n<p>Jahrhundert von der Konferenz der franz\u00f6sischen Gro\u00dfrabbiner genehmigt.<\/p>\n<p><img decoding=\"async\" class=\"size-full wp-image-105890 alignright\" src=\"https:\/\/www.iemj.org\/wp-content\/uploads\/2023\/11\/Instt.jpg\" alt=\"\" width=\"101\" height=\"136\" \/>Diese Entscheidung war Gegenstand einer Polemik zwischen orthodoxen und reformorientierten Juden. Dennoch war die Musik bereits im Tempel in Jerusalem pr\u00e4sent, wo mehr als hundert Musiker verschiedene Saiten- und Blasinstrumente spielten&#8230;<\/p>\n<p>Im Laufe der Jahrhunderte hat sich der Stellenwert der synagogalen Musik unter dem Einfluss der Kantoren ver\u00e4ndert, je nach Stellung der Juden in der Stadt und der Verbreitung weltlicher philosophischer Ideen, von Bagdad bis Venedig, von West- bis Osteuropa&#8230;<\/p>\n<p><img decoding=\"async\" class=\"wp-image-32118 alignright\" src=\"https:\/\/www.iemj.org\/wp-content\/uploads\/2021\/03\/Herve-Roten-223x300.jpg\" alt=\"\" width=\"100\" height=\"135\" srcset=\"https:\/\/www.iemj.org\/wp-content\/uploads\/2021\/03\/Herve-Roten-223x300.jpg 223w, https:\/\/www.iemj.org\/wp-content\/uploads\/2021\/03\/Herve-Roten-600x809.jpg 600w, https:\/\/www.iemj.org\/wp-content\/uploads\/2021\/03\/Herve-Roten.jpg 742w\" sizes=\"(max-width: 100px) 100vw, 100px\" \/>Anl\u00e4sslich der Einweihung der Synagogenorgel wird <strong>Herv\u00e9 Roten<\/strong>, Ethnomusikologe und Doktor der Musikwissenschaft an der Universit\u00e4t Paris IV Sorbonne, \u00fcber die Debatte sprechen, die der Einf\u00fchrung der Pfeifenorgel vor allem in Paris, Bordeaux und Mulhouse vorausging.<\/p>\n<p>Sein Vortrag wird dazu beitragen, die Entwicklung seiner Rolle in der Liturgie zu verstehen.<\/p>\n<p><strong>P.A.F. 10\u20ac Konferenz allein &#8211; 20\u20ac Konzert allein &#8211; 25\u20ac Kombi Konferenz + Konzert<\/strong><\/p>\n<p>Ein Unterst\u00fctzungsbeitrag von mehr als 30\u20ac berechtigt zum Erhalt eines CERFA und der Differenzbetrag wird vollst\u00e4ndig f\u00fcr soziale Zwecke verwendet.<\/p>\n<h2 style=\"text-align: center;\"><span class=\"tribe-events-calendar-list__event-venue-title tribe-common-b2--bold\">Espace ERETS &#8211; <\/span><span class=\"tribe-events-calendar-list__event-venue-address\">36 cours Pasteur, 33000 Bordeaux<\/span><\/h2>\n<h2 style=\"text-align: center;\">um 15H<\/h2>\n<p><strong> Reservierung<\/strong> unter 05 56 91 79 39 oder per E-Mail an <a href=\"mailto:contact@bbsudouest.org\" target=\"_blank\" rel=\"noopener\">contact@bbsudouest.org<\/a><\/p>\n\n\n<p><\/p>\n","protected":false},"excerpt":{"rendered":"<p>Organisiert vom B&#8217;na\u00ef B&#8217;rith &#8211; Michel de Montaigne, im Rahmen der Einweihung der Orgel der Gro\u00dfen Synagoge von Bordeaux, am 10. Dezember 2023, um 15 Uhr Jahrhundert von der Konferenz<\/p>\n","protected":false},"author":5,"featured_media":105879,"comment_status":"closed","ping_status":"closed","sticky":false,"template":"","format":"standard","meta":{"_acf_changed":false,"footnotes":""},"categories":[1382,1370],"tags":[],"technique":[],"squelettes":[],"sujet":[],"formation":[],"genre":[],"fonds":[],"tradition":[],"type-de-contenu":[],"interprete-compositeur":[],"frise":[],"type-devenement":[3800],"tableaux-liens-externes":[],"class_list":["post-113746","post","type-post","status-publish","format-standard","has-post-thumbnail","hentry","category-kurse-konferenzen-de","category-veranstaltungen-de","type-devenement-evenements-partenaires"],"acf":[],"yoast_head":"<!-- This site is optimized with the Yoast SEO plugin v27.3 - https:\/\/yoast.com\/product\/yoast-seo-wordpress\/ -->\n<title>VORTRAG \u201eDIE STELLUNG DER ORGEL IN DER J\u00dcDISCHEN TRADITION\u201c VON HERV\u00c9 ROTEN - Institut Europ\u00e9en des Musiques Juives<\/title>\n<meta name=\"robots\" content=\"index, follow, max-snippet:-1, max-image-preview:large, max-video-preview:-1\" \/>\n<link rel=\"canonical\" href=\"https:\/\/www.iemj.org\/de\/conference-la-place-de-lorgue-dans-la-tradition-juive-par-herve-roten\/\" \/>\n<meta property=\"og:locale\" content=\"de_DE\" \/>\n<meta property=\"og:type\" content=\"article\" \/>\n<meta property=\"og:title\" content=\"VORTRAG \u201eDIE STELLUNG DER ORGEL IN DER J\u00dcDISCHEN TRADITION\u201c VON HERV\u00c9 ROTEN - Institut Europ\u00e9en des Musiques Juives\" \/>\n<meta property=\"og:description\" content=\"Organisiert vom B&#8217;na\u00ef B&#8217;rith &#8211; Michel de Montaigne, im Rahmen der Einweihung der Orgel der Gro\u00dfen Synagoge von Bordeaux, am 10. Dezember 2023, um 15 Uhr Jahrhundert von der Konferenz\" \/>\n<meta property=\"og:url\" content=\"https:\/\/www.iemj.org\/de\/conference-la-place-de-lorgue-dans-la-tradition-juive-par-herve-roten\/\" \/>\n<meta property=\"og:site_name\" content=\"Institut Europ\u00e9en des Musiques Juives\" \/>\n<meta property=\"article:publisher\" content=\"https:\/\/www.facebook.com\/MusiquesJuives\/\" \/>\n<meta property=\"article:published_time\" content=\"2023-11-26T12:15:05+00:00\" \/>\n<meta property=\"article:modified_time\" content=\"2024-09-16T14:08:57+00:00\" \/>\n<meta property=\"og:image\" content=\"https:\/\/www.iemj.org\/wp-content\/uploads\/2023\/11\/Conf.-Orgue-Bordeaux.jpg\" \/>\n\t<meta property=\"og:image:width\" content=\"452\" \/>\n\t<meta property=\"og:image:height\" content=\"313\" \/>\n\t<meta property=\"og:image:type\" content=\"image\/jpeg\" \/>\n<meta name=\"author\" content=\"Jacqueline ROTEN\" \/>\n<meta name=\"twitter:card\" content=\"summary_large_image\" \/>\n<meta name=\"twitter:label1\" content=\"Verfasst von\" \/>\n\t<meta name=\"twitter:data1\" content=\"Jacqueline ROTEN\" \/>\n\t<meta name=\"twitter:label2\" content=\"Gesch\u00e4tzte Lesezeit\" \/>\n\t<meta name=\"twitter:data2\" content=\"2\u00a0Minuten\" \/>\n<script type=\"application\/ld+json\" class=\"yoast-schema-graph\">{\"@context\":\"https:\\\/\\\/schema.org\",\"@graph\":[{\"@type\":\"Article\",\"@id\":\"https:\\\/\\\/www.iemj.org\\\/de\\\/conference-la-place-de-lorgue-dans-la-tradition-juive-par-herve-roten\\\/#article\",\"isPartOf\":{\"@id\":\"https:\\\/\\\/www.iemj.org\\\/de\\\/conference-la-place-de-lorgue-dans-la-tradition-juive-par-herve-roten\\\/\"},\"author\":{\"name\":\"Jacqueline ROTEN\",\"@id\":\"https:\\\/\\\/www.iemj.org\\\/de\\\/#\\\/schema\\\/person\\\/358e26c18aca017fcc4cc15437f7279c\"},\"headline\":\"VORTRAG \u201eDIE STELLUNG DER ORGEL IN DER J\u00dcDISCHEN TRADITION\u201c VON HERV\u00c9 ROTEN\",\"datePublished\":\"2023-11-26T12:15:05+00:00\",\"dateModified\":\"2024-09-16T14:08:57+00:00\",\"mainEntityOfPage\":{\"@id\":\"https:\\\/\\\/www.iemj.org\\\/de\\\/conference-la-place-de-lorgue-dans-la-tradition-juive-par-herve-roten\\\/\"},\"wordCount\":225,\"publisher\":{\"@id\":\"https:\\\/\\\/www.iemj.org\\\/de\\\/#organization\"},\"image\":{\"@id\":\"https:\\\/\\\/www.iemj.org\\\/de\\\/conference-la-place-de-lorgue-dans-la-tradition-juive-par-herve-roten\\\/#primaryimage\"},\"thumbnailUrl\":\"https:\\\/\\\/www.iemj.org\\\/wp-content\\\/uploads\\\/2023\\\/11\\\/Conf.-Orgue-Bordeaux.jpg\",\"articleSection\":[\"Kurse \\\/ Konferenzen\",\"Veranstaltungen\"],\"inLanguage\":\"de\"},{\"@type\":\"WebPage\",\"@id\":\"https:\\\/\\\/www.iemj.org\\\/de\\\/conference-la-place-de-lorgue-dans-la-tradition-juive-par-herve-roten\\\/\",\"url\":\"https:\\\/\\\/www.iemj.org\\\/de\\\/conference-la-place-de-lorgue-dans-la-tradition-juive-par-herve-roten\\\/\",\"name\":\"VORTRAG \u201eDIE STELLUNG DER ORGEL IN DER J\u00dcDISCHEN TRADITION\u201c VON HERV\u00c9 ROTEN - Institut Europ\u00e9en des Musiques Juives\",\"isPartOf\":{\"@id\":\"https:\\\/\\\/www.iemj.org\\\/de\\\/#website\"},\"primaryImageOfPage\":{\"@id\":\"https:\\\/\\\/www.iemj.org\\\/de\\\/conference-la-place-de-lorgue-dans-la-tradition-juive-par-herve-roten\\\/#primaryimage\"},\"image\":{\"@id\":\"https:\\\/\\\/www.iemj.org\\\/de\\\/conference-la-place-de-lorgue-dans-la-tradition-juive-par-herve-roten\\\/#primaryimage\"},\"thumbnailUrl\":\"https:\\\/\\\/www.iemj.org\\\/wp-content\\\/uploads\\\/2023\\\/11\\\/Conf.-Orgue-Bordeaux.jpg\",\"datePublished\":\"2023-11-26T12:15:05+00:00\",\"dateModified\":\"2024-09-16T14:08:57+00:00\",\"breadcrumb\":{\"@id\":\"https:\\\/\\\/www.iemj.org\\\/de\\\/conference-la-place-de-lorgue-dans-la-tradition-juive-par-herve-roten\\\/#breadcrumb\"},\"inLanguage\":\"de\",\"potentialAction\":[{\"@type\":\"ReadAction\",\"target\":[\"https:\\\/\\\/www.iemj.org\\\/de\\\/conference-la-place-de-lorgue-dans-la-tradition-juive-par-herve-roten\\\/\"]}]},{\"@type\":\"ImageObject\",\"inLanguage\":\"de\",\"@id\":\"https:\\\/\\\/www.iemj.org\\\/de\\\/conference-la-place-de-lorgue-dans-la-tradition-juive-par-herve-roten\\\/#primaryimage\",\"url\":\"https:\\\/\\\/www.iemj.org\\\/wp-content\\\/uploads\\\/2023\\\/11\\\/Conf.-Orgue-Bordeaux.jpg\",\"contentUrl\":\"https:\\\/\\\/www.iemj.org\\\/wp-content\\\/uploads\\\/2023\\\/11\\\/Conf.-Orgue-Bordeaux.jpg\",\"width\":452,\"height\":313},{\"@type\":\"BreadcrumbList\",\"@id\":\"https:\\\/\\\/www.iemj.org\\\/de\\\/conference-la-place-de-lorgue-dans-la-tradition-juive-par-herve-roten\\\/#breadcrumb\",\"itemListElement\":[{\"@type\":\"ListItem\",\"position\":1,\"name\":\"Accueil\",\"item\":\"https:\\\/\\\/www.iemj.org\\\/de\\\/\"},{\"@type\":\"ListItem\",\"position\":2,\"name\":\"VORTRAG \u201eDIE STELLUNG DER ORGEL IN DER J\u00dcDISCHEN TRADITION\u201c VON HERV\u00c9 ROTEN\"}]},{\"@type\":\"WebSite\",\"@id\":\"https:\\\/\\\/www.iemj.org\\\/de\\\/#website\",\"url\":\"https:\\\/\\\/www.iemj.org\\\/de\\\/\",\"name\":\"Institut Europ\u00e9en des Musiques Juives\",\"description\":\"Des traditions musicales \u00e0 la port\u00e9e de tous\",\"publisher\":{\"@id\":\"https:\\\/\\\/www.iemj.org\\\/de\\\/#organization\"},\"potentialAction\":[{\"@type\":\"SearchAction\",\"target\":{\"@type\":\"EntryPoint\",\"urlTemplate\":\"https:\\\/\\\/www.iemj.org\\\/de\\\/?s={search_term_string}\"},\"query-input\":{\"@type\":\"PropertyValueSpecification\",\"valueRequired\":true,\"valueName\":\"search_term_string\"}}],\"inLanguage\":\"de\"},{\"@type\":\"Organization\",\"@id\":\"https:\\\/\\\/www.iemj.org\\\/de\\\/#organization\",\"name\":\"Institut Europ\u00e9en des Musiques Juives\",\"url\":\"https:\\\/\\\/www.iemj.org\\\/de\\\/\",\"logo\":{\"@type\":\"ImageObject\",\"inLanguage\":\"de\",\"@id\":\"https:\\\/\\\/www.iemj.org\\\/de\\\/#\\\/schema\\\/logo\\\/image\\\/\",\"url\":\"https:\\\/\\\/www.iemj.org\\\/wp-content\\\/uploads\\\/2021\\\/09\\\/Logo-IEMJ-Paypal.jpg\",\"contentUrl\":\"https:\\\/\\\/www.iemj.org\\\/wp-content\\\/uploads\\\/2021\\\/09\\\/Logo-IEMJ-Paypal.jpg\",\"width\":150,\"height\":50,\"caption\":\"Institut Europ\u00e9en des Musiques Juives\"},\"image\":{\"@id\":\"https:\\\/\\\/www.iemj.org\\\/de\\\/#\\\/schema\\\/logo\\\/image\\\/\"},\"sameAs\":[\"https:\\\/\\\/www.facebook.com\\\/MusiquesJuives\\\/\",\"https:\\\/\\\/www.instagram.com\\\/musiquesjuives\\\/\",\"https:\\\/\\\/www.youtube.com\\\/user\\\/musiquesjuives\"]},{\"@type\":\"Person\",\"@id\":\"https:\\\/\\\/www.iemj.org\\\/de\\\/#\\\/schema\\\/person\\\/358e26c18aca017fcc4cc15437f7279c\",\"name\":\"Jacqueline ROTEN\",\"image\":{\"@type\":\"ImageObject\",\"inLanguage\":\"de\",\"@id\":\"https:\\\/\\\/secure.gravatar.com\\\/avatar\\\/5964256d6c6957de3a3505278957e0fb2a35119ac47ea41827a65301213c810b?s=96&d=mm&r=g\",\"url\":\"https:\\\/\\\/secure.gravatar.com\\\/avatar\\\/5964256d6c6957de3a3505278957e0fb2a35119ac47ea41827a65301213c810b?s=96&d=mm&r=g\",\"contentUrl\":\"https:\\\/\\\/secure.gravatar.com\\\/avatar\\\/5964256d6c6957de3a3505278957e0fb2a35119ac47ea41827a65301213c810b?s=96&d=mm&r=g\",\"caption\":\"Jacqueline ROTEN\"}}]}<\/script>\n<!-- \/ Yoast SEO plugin. -->","yoast_head_json":{"title":"VORTRAG \u201eDIE STELLUNG DER ORGEL IN DER J\u00dcDISCHEN TRADITION\u201c VON HERV\u00c9 ROTEN - Institut Europ\u00e9en des Musiques Juives","robots":{"index":"index","follow":"follow","max-snippet":"max-snippet:-1","max-image-preview":"max-image-preview:large","max-video-preview":"max-video-preview:-1"},"canonical":"https:\/\/www.iemj.org\/de\/conference-la-place-de-lorgue-dans-la-tradition-juive-par-herve-roten\/","og_locale":"de_DE","og_type":"article","og_title":"VORTRAG \u201eDIE STELLUNG DER ORGEL IN DER J\u00dcDISCHEN TRADITION\u201c VON HERV\u00c9 ROTEN - Institut Europ\u00e9en des Musiques Juives","og_description":"Organisiert vom B&#8217;na\u00ef B&#8217;rith &#8211; Michel de Montaigne, im Rahmen der Einweihung der Orgel der Gro\u00dfen Synagoge von Bordeaux, am 10. Dezember 2023, um 15 Uhr Jahrhundert von der Konferenz","og_url":"https:\/\/www.iemj.org\/de\/conference-la-place-de-lorgue-dans-la-tradition-juive-par-herve-roten\/","og_site_name":"Institut Europ\u00e9en des Musiques Juives","article_publisher":"https:\/\/www.facebook.com\/MusiquesJuives\/","article_published_time":"2023-11-26T12:15:05+00:00","article_modified_time":"2024-09-16T14:08:57+00:00","og_image":[{"width":452,"height":313,"url":"https:\/\/www.iemj.org\/wp-content\/uploads\/2023\/11\/Conf.-Orgue-Bordeaux.jpg","type":"image\/jpeg"}],"author":"Jacqueline ROTEN","twitter_card":"summary_large_image","twitter_misc":{"Verfasst von":"Jacqueline ROTEN","Gesch\u00e4tzte Lesezeit":"2\u00a0Minuten"},"schema":{"@context":"https:\/\/schema.org","@graph":[{"@type":"Article","@id":"https:\/\/www.iemj.org\/de\/conference-la-place-de-lorgue-dans-la-tradition-juive-par-herve-roten\/#article","isPartOf":{"@id":"https:\/\/www.iemj.org\/de\/conference-la-place-de-lorgue-dans-la-tradition-juive-par-herve-roten\/"},"author":{"name":"Jacqueline ROTEN","@id":"https:\/\/www.iemj.org\/de\/#\/schema\/person\/358e26c18aca017fcc4cc15437f7279c"},"headline":"VORTRAG \u201eDIE STELLUNG DER ORGEL IN DER J\u00dcDISCHEN TRADITION\u201c VON HERV\u00c9 ROTEN","datePublished":"2023-11-26T12:15:05+00:00","dateModified":"2024-09-16T14:08:57+00:00","mainEntityOfPage":{"@id":"https:\/\/www.iemj.org\/de\/conference-la-place-de-lorgue-dans-la-tradition-juive-par-herve-roten\/"},"wordCount":225,"publisher":{"@id":"https:\/\/www.iemj.org\/de\/#organization"},"image":{"@id":"https:\/\/www.iemj.org\/de\/conference-la-place-de-lorgue-dans-la-tradition-juive-par-herve-roten\/#primaryimage"},"thumbnailUrl":"https:\/\/www.iemj.org\/wp-content\/uploads\/2023\/11\/Conf.-Orgue-Bordeaux.jpg","articleSection":["Kurse \/ Konferenzen","Veranstaltungen"],"inLanguage":"de"},{"@type":"WebPage","@id":"https:\/\/www.iemj.org\/de\/conference-la-place-de-lorgue-dans-la-tradition-juive-par-herve-roten\/","url":"https:\/\/www.iemj.org\/de\/conference-la-place-de-lorgue-dans-la-tradition-juive-par-herve-roten\/","name":"VORTRAG \u201eDIE STELLUNG DER ORGEL IN DER J\u00dcDISCHEN TRADITION\u201c VON HERV\u00c9 ROTEN - Institut Europ\u00e9en des Musiques Juives","isPartOf":{"@id":"https:\/\/www.iemj.org\/de\/#website"},"primaryImageOfPage":{"@id":"https:\/\/www.iemj.org\/de\/conference-la-place-de-lorgue-dans-la-tradition-juive-par-herve-roten\/#primaryimage"},"image":{"@id":"https:\/\/www.iemj.org\/de\/conference-la-place-de-lorgue-dans-la-tradition-juive-par-herve-roten\/#primaryimage"},"thumbnailUrl":"https:\/\/www.iemj.org\/wp-content\/uploads\/2023\/11\/Conf.-Orgue-Bordeaux.jpg","datePublished":"2023-11-26T12:15:05+00:00","dateModified":"2024-09-16T14:08:57+00:00","breadcrumb":{"@id":"https:\/\/www.iemj.org\/de\/conference-la-place-de-lorgue-dans-la-tradition-juive-par-herve-roten\/#breadcrumb"},"inLanguage":"de","potentialAction":[{"@type":"ReadAction","target":["https:\/\/www.iemj.org\/de\/conference-la-place-de-lorgue-dans-la-tradition-juive-par-herve-roten\/"]}]},{"@type":"ImageObject","inLanguage":"de","@id":"https:\/\/www.iemj.org\/de\/conference-la-place-de-lorgue-dans-la-tradition-juive-par-herve-roten\/#primaryimage","url":"https:\/\/www.iemj.org\/wp-content\/uploads\/2023\/11\/Conf.-Orgue-Bordeaux.jpg","contentUrl":"https:\/\/www.iemj.org\/wp-content\/uploads\/2023\/11\/Conf.-Orgue-Bordeaux.jpg","width":452,"height":313},{"@type":"BreadcrumbList","@id":"https:\/\/www.iemj.org\/de\/conference-la-place-de-lorgue-dans-la-tradition-juive-par-herve-roten\/#breadcrumb","itemListElement":[{"@type":"ListItem","position":1,"name":"Accueil","item":"https:\/\/www.iemj.org\/de\/"},{"@type":"ListItem","position":2,"name":"VORTRAG \u201eDIE STELLUNG DER ORGEL IN DER J\u00dcDISCHEN TRADITION\u201c VON HERV\u00c9 ROTEN"}]},{"@type":"WebSite","@id":"https:\/\/www.iemj.org\/de\/#website","url":"https:\/\/www.iemj.org\/de\/","name":"Institut Europ\u00e9en des Musiques Juives","description":"Des traditions musicales \u00e0 la port\u00e9e de tous","publisher":{"@id":"https:\/\/www.iemj.org\/de\/#organization"},"potentialAction":[{"@type":"SearchAction","target":{"@type":"EntryPoint","urlTemplate":"https:\/\/www.iemj.org\/de\/?s={search_term_string}"},"query-input":{"@type":"PropertyValueSpecification","valueRequired":true,"valueName":"search_term_string"}}],"inLanguage":"de"},{"@type":"Organization","@id":"https:\/\/www.iemj.org\/de\/#organization","name":"Institut Europ\u00e9en des Musiques Juives","url":"https:\/\/www.iemj.org\/de\/","logo":{"@type":"ImageObject","inLanguage":"de","@id":"https:\/\/www.iemj.org\/de\/#\/schema\/logo\/image\/","url":"https:\/\/www.iemj.org\/wp-content\/uploads\/2021\/09\/Logo-IEMJ-Paypal.jpg","contentUrl":"https:\/\/www.iemj.org\/wp-content\/uploads\/2021\/09\/Logo-IEMJ-Paypal.jpg","width":150,"height":50,"caption":"Institut Europ\u00e9en des Musiques Juives"},"image":{"@id":"https:\/\/www.iemj.org\/de\/#\/schema\/logo\/image\/"},"sameAs":["https:\/\/www.facebook.com\/MusiquesJuives\/","https:\/\/www.instagram.com\/musiquesjuives\/","https:\/\/www.youtube.com\/user\/musiquesjuives"]},{"@type":"Person","@id":"https:\/\/www.iemj.org\/de\/#\/schema\/person\/358e26c18aca017fcc4cc15437f7279c","name":"Jacqueline ROTEN","image":{"@type":"ImageObject","inLanguage":"de","@id":"https:\/\/secure.gravatar.com\/avatar\/5964256d6c6957de3a3505278957e0fb2a35119ac47ea41827a65301213c810b?s=96&d=mm&r=g","url":"https:\/\/secure.gravatar.com\/avatar\/5964256d6c6957de3a3505278957e0fb2a35119ac47ea41827a65301213c810b?s=96&d=mm&r=g","contentUrl":"https:\/\/secure.gravatar.com\/avatar\/5964256d6c6957de3a3505278957e0fb2a35119ac47ea41827a65301213c810b?s=96&d=mm&r=g","caption":"Jacqueline ROTEN"}}]}},"_links":{"self":[{"href":"https:\/\/www.iemj.org\/de\/wp-json\/wp\/v2\/posts\/113746","targetHints":{"allow":["GET"]}}],"collection":[{"href":"https:\/\/www.iemj.org\/de\/wp-json\/wp\/v2\/posts"}],"about":[{"href":"https:\/\/www.iemj.org\/de\/wp-json\/wp\/v2\/types\/post"}],"author":[{"embeddable":true,"href":"https:\/\/www.iemj.org\/de\/wp-json\/wp\/v2\/users\/5"}],"replies":[{"embeddable":true,"href":"https:\/\/www.iemj.org\/de\/wp-json\/wp\/v2\/comments?post=113746"}],"version-history":[{"count":0,"href":"https:\/\/www.iemj.org\/de\/wp-json\/wp\/v2\/posts\/113746\/revisions"}],"wp:featuredmedia":[{"embeddable":true,"href":"https:\/\/www.iemj.org\/de\/wp-json\/wp\/v2\/media\/105879"}],"wp:attachment":[{"href":"https:\/\/www.iemj.org\/de\/wp-json\/wp\/v2\/media?parent=113746"}],"wp:term":[{"taxonomy":"category","embeddable":true,"href":"https:\/\/www.iemj.org\/de\/wp-json\/wp\/v2\/categories?post=113746"},{"taxonomy":"post_tag","embeddable":true,"href":"https:\/\/www.iemj.org\/de\/wp-json\/wp\/v2\/tags?post=113746"},{"taxonomy":"technique","embeddable":true,"href":"https:\/\/www.iemj.org\/de\/wp-json\/wp\/v2\/technique?post=113746"},{"taxonomy":"squelettes","embeddable":true,"href":"https:\/\/www.iemj.org\/de\/wp-json\/wp\/v2\/squelettes?post=113746"},{"taxonomy":"sujet","embeddable":true,"href":"https:\/\/www.iemj.org\/de\/wp-json\/wp\/v2\/sujet?post=113746"},{"taxonomy":"formation","embeddable":true,"href":"https:\/\/www.iemj.org\/de\/wp-json\/wp\/v2\/formation?post=113746"},{"taxonomy":"genre","embeddable":true,"href":"https:\/\/www.iemj.org\/de\/wp-json\/wp\/v2\/genre?post=113746"},{"taxonomy":"fonds","embeddable":true,"href":"https:\/\/www.iemj.org\/de\/wp-json\/wp\/v2\/fonds?post=113746"},{"taxonomy":"tradition","embeddable":true,"href":"https:\/\/www.iemj.org\/de\/wp-json\/wp\/v2\/tradition?post=113746"},{"taxonomy":"type-de-contenu","embeddable":true,"href":"https:\/\/www.iemj.org\/de\/wp-json\/wp\/v2\/type-de-contenu?post=113746"},{"taxonomy":"interprete-compositeur","embeddable":true,"href":"https:\/\/www.iemj.org\/de\/wp-json\/wp\/v2\/interprete-compositeur?post=113746"},{"taxonomy":"frise","embeddable":true,"href":"https:\/\/www.iemj.org\/de\/wp-json\/wp\/v2\/frise?post=113746"},{"taxonomy":"type-devenement","embeddable":true,"href":"https:\/\/www.iemj.org\/de\/wp-json\/wp\/v2\/type-devenement?post=113746"},{"taxonomy":"tableaux-liens-externes","embeddable":true,"href":"https:\/\/www.iemj.org\/de\/wp-json\/wp\/v2\/tableaux-liens-externes?post=113746"}],"curies":[{"name":"wp","href":"https:\/\/api.w.org\/{rel}","templated":true}]}}