{"id":114416,"date":"2024-10-14T12:47:13","date_gmt":"2024-10-14T10:47:13","guid":{"rendered":"https:\/\/www.iemj.org\/schumann-henriette-nee-halphen-1911-2002\/"},"modified":"2025-06-09T16:01:00","modified_gmt":"2025-06-09T14:01:00","slug":"schumann-henriette-nee-halphen-1911-2002","status":"publish","type":"post","link":"https:\/\/www.iemj.org\/de\/schumann-henriette-nee-halphen-1911-2002\/","title":{"rendered":"Schumann, Henriette geb. Halphen (1911-2002)"},"content":{"rendered":"<p>Henriette Halphen, Tochter von <a href=\"https:\/\/www.iemj.org\/de\/halphen-fernand-1872-1917\/\" target=\"_blank\" rel=\"noopener\">Fernand Halphen<\/a> und <a href=\"https:\/\/www.iemj.org\/de\/halphen-alice-1878-1963\/\" target=\"_blank\" rel=\"noopener\">Alice de Koenigswarter<\/a>, erbte von ihren Eltern eine Vorliebe f\u00fcr Musik und Kunst. Sie lernte insbesondere die Orgel im Herrenhaus ihrer Mutter in der Rue Dumont D&#8217;Urville, f\u00fcr die sie 1931 zwei bezaubernde Melodien komponierte, <strong><em>Ombre et Lumi\u00e8re<\/em><\/strong> und <strong><em>S\u00e9r\u00e9nit\u00e9<\/em> <\/strong>(Siehe unten, <a href=\"https:\/\/www.iemj.org\/de\/fonds-halphen\/\" target=\"_blank\" rel=\"noopener\">im Halphen-Fonds des IEMJ<\/a>). Erst nach ihrem Tod wurde ihr fr\u00fches musikalisches Talent entdeckt: Henriette hielt sich \u00fcber ihre Vergangenheit bedeckt und zog es immer vor, \u00fcber die Gegenwart und die Zukunft zu sprechen.<\/p>\n<p><img decoding=\"async\" class=\" wp-image-114064 alignright\" src=\"https:\/\/www.iemj.org\/wp-content\/uploads\/2024\/10\/Georges-et-Henriette-Halphen-enfants-192x300.jpg\" alt=\"\" width=\"156\" height=\"244\" srcset=\"https:\/\/www.iemj.org\/wp-content\/uploads\/2024\/10\/Georges-et-Henriette-Halphen-enfants-192x300.jpg 192w, https:\/\/www.iemj.org\/wp-content\/uploads\/2024\/10\/Georges-et-Henriette-Halphen-enfants.jpg 484w\" sizes=\"(max-width: 156px) 100vw, 156px\" \/>Im Alter von sechs Jahren verlor sie ihren Vater, der f\u00fcr Frankreich gefallen war, und verbrachte zusammen mit ihrem j\u00fcngeren Bruder <a href=\"https:\/\/www.iemj.org\/de\/halphen-georges-1913-2003\/\" target=\"_blank\" rel=\"noopener\">Georges Halphen<\/a> einen Gro\u00dfteil ihrer Jugend, die von einer von Mikroben terrorisierten Mutter beh\u00fctet wurde, zwischen dem Jagdschloss La Chapelle en Serval, das ihr Vater bei Guillaume Tronchet in Auftrag gegeben hatte, dem Hotel in der Rue Dumont D&#8217;Urville, in dem Alice Halphen einen beliebten Salon abhielt, dem Castel Fiorentino in Roquebrune Cap Martin, La Sauvag\u00e8re in Villers-sur-Mer und dem Schloss Champs, das den Eltern ihrer besten Freundin Colette Cahen d&#8217;Anvers (1911-1969) geh\u00f6rte.<\/p>\n<p>1937 heiratete sie Jacques Schumann (1909-1987), einen ausgebildeten Anwalt und Freund der Familie. Die lange Liste der Namen, die mit den Hochzeitsgeschenken verbunden waren, spiegelte die Integration des Paares in die h\u00f6chsten Kreise der Pariser Gesellschaft wider. Ihre Hochzeitsreise f\u00fchrte sie nach S\u00fcdostasien, von China bis Vietnam, eine Region, die sie ihr ganzes Leben lang im Herzen tragen sollten.<\/p>\n<p><img decoding=\"async\" class=\" wp-image-114084 alignleft\" src=\"https:\/\/www.iemj.org\/wp-content\/uploads\/2024\/10\/Image4-207x300.jpg\" alt=\"\" width=\"175\" height=\"254\" srcset=\"https:\/\/www.iemj.org\/wp-content\/uploads\/2024\/10\/Image4-207x300.jpg 207w, https:\/\/www.iemj.org\/wp-content\/uploads\/2024\/10\/Image4.jpg 448w\" sizes=\"(max-width: 175px) 100vw, 175px\" \/>Nach ihrer R\u00fcckkehr zieht das Paar in eines der sch\u00f6nsten Geb\u00e4ude des Architekten Michel Roux Spitz in der Avenue Henri Martin 115. Ihre Wohnung spiegelte einen eklektischen Geschmack wider, in dem die von Alice Halphen geerbten Sammlungen impressionistischer und moderner Gem\u00e4lde neben arch\u00e4ologischen Objekten, alten Musikinstrumenten und Medaillen standen, die das Paar mit Leidenschaft sammelte. Eines von Henriettes Lieblingsbildern, das in ihrem Zimmer in Paris h\u00e4ngt, ist Odilon Redons Buddha, der durch die Blumen schreitet (<em>Bouddha marchant dans les fleurs)<\/em>, den ihre eigene Mutter gekauft hatte. Die Ruhe der zentralen Figur, die \u00fcppige Vegetation, die sie umgibt, und die reiche Farbgebung spiegeln teilweise Henriettes kontrastreichen Charakter wider: Sie war diskret und sch\u00fcchtern und bewahrte ihre Leidenschaft f\u00fcr die Natur und die Malerei in sich.<\/p>\n<p>Zu Beginn des Zweiten Weltkriegs gelingt es Jacques, eine Stelle als Rechtsprofessor an der Universit\u00e4t Genf zu bekommen, und Henriette schlie\u00dft sich ihm nach einigen Monaten mit ihrer Mutter und ihrer gerade geborenen Tochter Odile an; sie durchqueren Frankreich unter dramatischen Umst\u00e4nden. Ihre Pariser Wohnung, das Schloss La Chapelle-en-Serval sowie alle Wohnsitze ihrer jeweiligen Familien wurden von den Nazis gepl\u00fcndert und die Sammlungen geraubt. Henriette, die in Genf lebt und den Krieg \u00fcberlebt hat, k\u00e4mpft darum, ihre Besitzt\u00fcmer zur\u00fcckzuerhalten.<\/p>\n<figure style=\"width: 227px\" class=\"wp-caption alignright\"><img fetchpriority=\"high\" decoding=\"async\" class=\"\" src=\"https:\/\/www.iemj.org\/wp-content\/uploads\/2024\/10\/Fernand-Halphen-enfant-avec-son-violon-I_26-DR-IEMJ-1.jpg\" alt=\"\" width=\"227\" height=\"306\" \/><figcaption class=\"wp-caption-text\"><strong>Fernand Halphen als Kind mit seiner Geige<\/strong><\/figcaption><\/figure>\n<p data-wp-editing=\"1\">W\u00e4hrend ihr Bruder Georges das Anwesen La Chapelle-en-Serval \u00fcbernimmt, kaufen Henriette und Jacques ein nicht weit entferntes Anwesen, die Moulin du Plessis-Luzarches, das sie in eine elegante Oase der Ruhe verwandeln, in der Henriette ihre geliebten Rosen z\u00fcchtet. Sie empfangen dort ihre Cousins, Elie und Liliane de Rothschild, die regelm\u00e4\u00dfig als Nachbarn aus Royaumont kommen.<\/p>\n<p>1965, drei Jahre nach dem Tod ihrer Mutter und dem schmerzlichen Verlust ihrer j\u00fcngsten Tochter, entschloss sie sich zusammen mit ihrem Bruder, die von ihrem Vater geerbte Stradivari aus dem Jahr 1727 an den Geiger Joseph Benvenuti zu verkaufen. Gemeinsam mit ihrem Mann, der zum Vizepr\u00e4sidenten der Amis du Louvre wurde, sammelte Henriette weiter und unterst\u00fctzte die franz\u00f6sischen Museen, w\u00e4hrend sie durch die ganze Welt reiste. Im Gedenken an ihren 1987 verstorbenen Mann Jacques schenkte sie dem Louvre unter anderem die B\u00fcste von Ramses II., die heute im oberen Teil der Abteilung f\u00fcr \u00e4gyptische Altert\u00fcmer die Besucher empf\u00e4ngt. In Anerkennung ihrer Spenden und Unterst\u00fctzung f\u00fcr die franz\u00f6sischen Museen wurde sie kurz darauf dank ihres Freundes Michel Laclotte, dem ehemaligen Direktor des Louvre, in den Ordre des Arts et Lettres aufgenommen.<\/p>\n<p>Ihr ganzes Leben lang widmete sich Henriette der \u00d6lmalerei. Sie stellte regelm\u00e4\u00dfig im Salon d&#8217;automne, im Salon du XVIe arrondissement und in der Galerie Andr\u00e9 Weil in der Rue Matignon aus. Bis zu ihren letzten Tagen malte sie zwischen Paris und Plessis-Luzarches weiterhin Portr\u00e4ts, Blumen und Landschaften und fand darin ihre wahre Leidenschaft, indem sie in die w\u00fcrdige Nachfolge ihres Vaters trat.<\/p>\n\n\n<div class=\"wp-block-columns is-layout-flex wp-container-core-columns-is-layout-9d6595d7 wp-block-columns-is-layout-flex\">\n<div class=\"wp-block-column is-layout-flow wp-block-column-is-layout-flow\">\n<figure class=\"wp-block-image size-full\"><img loading=\"lazy\" decoding=\"async\" width=\"554\" height=\"727\" src=\"https:\/\/www.iemj.org\/wp-content\/uploads\/2024\/10\/Serenite_Partition.jpg\" alt=\"\" class=\"wp-image-114074\" srcset=\"https:\/\/www.iemj.org\/wp-content\/uploads\/2024\/10\/Serenite_Partition.jpg 554w, https:\/\/www.iemj.org\/wp-content\/uploads\/2024\/10\/Serenite_Partition-229x300.jpg 229w\" sizes=\"(max-width: 554px) 100vw, 554px\" \/><\/figure>\n<\/div>\n\n\n\n<div class=\"wp-block-column is-layout-flow wp-block-column-is-layout-flow\">\n<figure class=\"wp-block-image size-full\"><img loading=\"lazy\" decoding=\"async\" width=\"556\" height=\"731\" src=\"https:\/\/www.iemj.org\/wp-content\/uploads\/2024\/10\/Ombre-et-Lumiere_Partition.jpg\" alt=\"\" class=\"wp-image-114069\" srcset=\"https:\/\/www.iemj.org\/wp-content\/uploads\/2024\/10\/Ombre-et-Lumiere_Partition.jpg 556w, https:\/\/www.iemj.org\/wp-content\/uploads\/2024\/10\/Ombre-et-Lumiere_Partition-228x300.jpg 228w\" sizes=\"(max-width: 556px) 100vw, 556px\" \/><\/figure>\n<\/div>\n<\/div>\n\n\n\n<div class=\"wp-block-columns is-layout-flex wp-container-core-columns-is-layout-9d6595d7 wp-block-columns-is-layout-flex\">\n<div class=\"wp-block-column is-layout-flow wp-block-column-is-layout-flow\">\n<figure class=\"wp-block-image size-full is-resized\"><img loading=\"lazy\" decoding=\"async\" width=\"468\" height=\"286\" src=\"https:\/\/www.iemj.org\/wp-content\/uploads\/2024\/10\/Image5.jpg\" alt=\"\" class=\"wp-image-114099\" style=\"width:533px;height:auto\" srcset=\"https:\/\/www.iemj.org\/wp-content\/uploads\/2024\/10\/Image5.jpg 468w, https:\/\/www.iemj.org\/wp-content\/uploads\/2024\/10\/Image5-300x183.jpg 300w\" sizes=\"(max-width: 468px) 100vw, 468px\" \/><figcaption class=\"wp-element-caption\"><strong>Jacques und Henriette Schumann auf den Anh\u00f6hen von Florenz w\u00e4hrend ihrer Hochzeitsreise, 1937<\/strong><\/figcaption><\/figure>\n<\/div>\n\n\n\n<div class=\"wp-block-column is-layout-flow wp-block-column-is-layout-flow\">\n<figure class=\"wp-block-image size-full is-resized\"><img loading=\"lazy\" decoding=\"async\" width=\"468\" height=\"327\" src=\"https:\/\/www.iemj.org\/wp-content\/uploads\/2024\/10\/Image3.jpg\" alt=\"\" class=\"wp-image-114089\" style=\"width:479px;height:auto\" srcset=\"https:\/\/www.iemj.org\/wp-content\/uploads\/2024\/10\/Image3.jpg 468w, https:\/\/www.iemj.org\/wp-content\/uploads\/2024\/10\/Image3-300x210.jpg 300w\" sizes=\"(max-width: 468px) 100vw, 468px\" \/><figcaption class=\"wp-element-caption\"><strong>Henriette Schumann in der M\u00fchle von Plessis-Luzarches<\/strong><\/figcaption><\/figure>\n<\/div>\n<\/div>\n\n\n<p><a href=\"https:\/\/www.iemj.org\/darsteller-komponist\/fernand-halphen-de\/\" target=\"_blank\" rel=\"noopener\">Mehr \u00fcber Fernand Halphen erfahren<\/a><\/p>\n<p><a href=\"https:\/\/www.iemj.org\/de\/fonds-halphen\/\" target=\"_blank\" rel=\"noopener\">Den Halphen-Fonds des IEMJ ansehen<\/a><\/p>\n\n\n<p><\/p>\n","protected":false},"excerpt":{"rendered":"<p>Henriette Halphen, Tochter von Fernand Halphen und Alice de Koenigswarter, erbte von ihren Eltern eine Vorliebe f\u00fcr Musik und Kunst. Sie lernte insbesondere die Orgel im Herrenhaus ihrer Mutter in<\/p>\n","protected":false},"author":5,"featured_media":114056,"comment_status":"closed","ping_status":"closed","sticky":false,"template":"","format":"standard","meta":{"_acf_changed":false,"footnotes":""},"categories":[1415],"tags":[],"technique":[],"squelettes":[],"sujet":[],"formation":[],"genre":[],"fonds":[],"tradition":[],"type-de-contenu":[],"interprete-compositeur":[],"frise":[],"type-devenement":[],"tableaux-liens-externes":[],"class_list":["post-114416","post","type-post","status-publish","format-standard","has-post-thumbnail","hentry","category-biografien-de"],"acf":[],"yoast_head":"<!-- This site is optimized with the Yoast SEO plugin v27.3 - https:\/\/yoast.com\/product\/yoast-seo-wordpress\/ -->\n<title>Schumann, Henriette geb. Halphen (1911-2002) - Institut Europ\u00e9en des Musiques Juives<\/title>\n<meta name=\"robots\" content=\"index, follow, max-snippet:-1, max-image-preview:large, max-video-preview:-1\" \/>\n<link rel=\"canonical\" href=\"https:\/\/www.iemj.org\/de\/schumann-henriette-nee-halphen-1911-2002\/\" \/>\n<meta property=\"og:locale\" content=\"de_DE\" \/>\n<meta property=\"og:type\" content=\"article\" \/>\n<meta property=\"og:title\" content=\"Schumann, Henriette geb. Halphen (1911-2002) - Institut Europ\u00e9en des Musiques Juives\" \/>\n<meta property=\"og:description\" content=\"Henriette Halphen, Tochter von Fernand Halphen und Alice de Koenigswarter, erbte von ihren Eltern eine Vorliebe f\u00fcr Musik und Kunst. Sie lernte insbesondere die Orgel im Herrenhaus ihrer Mutter in\" \/>\n<meta property=\"og:url\" content=\"https:\/\/www.iemj.org\/de\/schumann-henriette-nee-halphen-1911-2002\/\" \/>\n<meta property=\"og:site_name\" content=\"Institut Europ\u00e9en des Musiques Juives\" \/>\n<meta property=\"article:publisher\" content=\"https:\/\/www.facebook.com\/MusiquesJuives\/\" \/>\n<meta property=\"article:published_time\" content=\"2024-10-14T10:47:13+00:00\" \/>\n<meta property=\"article:modified_time\" content=\"2025-06-09T14:01:00+00:00\" \/>\n<meta property=\"og:image\" content=\"https:\/\/www.iemj.org\/wp-content\/uploads\/2024\/10\/Logo-Bio-H.-Halphen.jpg\" \/>\n\t<meta property=\"og:image:width\" content=\"207\" \/>\n\t<meta property=\"og:image:height\" content=\"218\" \/>\n\t<meta property=\"og:image:type\" content=\"image\/jpeg\" \/>\n<meta name=\"author\" content=\"Jacqueline ROTEN\" \/>\n<meta name=\"twitter:card\" content=\"summary_large_image\" \/>\n<meta name=\"twitter:label1\" content=\"Verfasst von\" \/>\n\t<meta name=\"twitter:data1\" content=\"Jacqueline ROTEN\" \/>\n\t<meta name=\"twitter:label2\" content=\"Gesch\u00e4tzte Lesezeit\" \/>\n\t<meta name=\"twitter:data2\" content=\"6\u00a0Minuten\" \/>\n<script type=\"application\/ld+json\" class=\"yoast-schema-graph\">{\"@context\":\"https:\\\/\\\/schema.org\",\"@graph\":[{\"@type\":\"Article\",\"@id\":\"https:\\\/\\\/www.iemj.org\\\/de\\\/schumann-henriette-nee-halphen-1911-2002\\\/#article\",\"isPartOf\":{\"@id\":\"https:\\\/\\\/www.iemj.org\\\/de\\\/schumann-henriette-nee-halphen-1911-2002\\\/\"},\"author\":{\"name\":\"Jacqueline ROTEN\",\"@id\":\"https:\\\/\\\/www.iemj.org\\\/de\\\/#\\\/schema\\\/person\\\/358e26c18aca017fcc4cc15437f7279c\"},\"headline\":\"Schumann, Henriette geb. Halphen (1911-2002)\",\"datePublished\":\"2024-10-14T10:47:13+00:00\",\"dateModified\":\"2025-06-09T14:01:00+00:00\",\"mainEntityOfPage\":{\"@id\":\"https:\\\/\\\/www.iemj.org\\\/de\\\/schumann-henriette-nee-halphen-1911-2002\\\/\"},\"wordCount\":782,\"publisher\":{\"@id\":\"https:\\\/\\\/www.iemj.org\\\/de\\\/#organization\"},\"image\":{\"@id\":\"https:\\\/\\\/www.iemj.org\\\/de\\\/schumann-henriette-nee-halphen-1911-2002\\\/#primaryimage\"},\"thumbnailUrl\":\"https:\\\/\\\/www.iemj.org\\\/wp-content\\\/uploads\\\/2024\\\/10\\\/Logo-Bio-H.-Halphen.jpg\",\"articleSection\":[\"Biografien\"],\"inLanguage\":\"de\"},{\"@type\":\"WebPage\",\"@id\":\"https:\\\/\\\/www.iemj.org\\\/de\\\/schumann-henriette-nee-halphen-1911-2002\\\/\",\"url\":\"https:\\\/\\\/www.iemj.org\\\/de\\\/schumann-henriette-nee-halphen-1911-2002\\\/\",\"name\":\"Schumann, Henriette geb. Halphen (1911-2002) - Institut Europ\u00e9en des Musiques Juives\",\"isPartOf\":{\"@id\":\"https:\\\/\\\/www.iemj.org\\\/de\\\/#website\"},\"primaryImageOfPage\":{\"@id\":\"https:\\\/\\\/www.iemj.org\\\/de\\\/schumann-henriette-nee-halphen-1911-2002\\\/#primaryimage\"},\"image\":{\"@id\":\"https:\\\/\\\/www.iemj.org\\\/de\\\/schumann-henriette-nee-halphen-1911-2002\\\/#primaryimage\"},\"thumbnailUrl\":\"https:\\\/\\\/www.iemj.org\\\/wp-content\\\/uploads\\\/2024\\\/10\\\/Logo-Bio-H.-Halphen.jpg\",\"datePublished\":\"2024-10-14T10:47:13+00:00\",\"dateModified\":\"2025-06-09T14:01:00+00:00\",\"breadcrumb\":{\"@id\":\"https:\\\/\\\/www.iemj.org\\\/de\\\/schumann-henriette-nee-halphen-1911-2002\\\/#breadcrumb\"},\"inLanguage\":\"de\",\"potentialAction\":[{\"@type\":\"ReadAction\",\"target\":[\"https:\\\/\\\/www.iemj.org\\\/de\\\/schumann-henriette-nee-halphen-1911-2002\\\/\"]}]},{\"@type\":\"ImageObject\",\"inLanguage\":\"de\",\"@id\":\"https:\\\/\\\/www.iemj.org\\\/de\\\/schumann-henriette-nee-halphen-1911-2002\\\/#primaryimage\",\"url\":\"https:\\\/\\\/www.iemj.org\\\/wp-content\\\/uploads\\\/2024\\\/10\\\/Logo-Bio-H.-Halphen.jpg\",\"contentUrl\":\"https:\\\/\\\/www.iemj.org\\\/wp-content\\\/uploads\\\/2024\\\/10\\\/Logo-Bio-H.-Halphen.jpg\",\"width\":207,\"height\":218},{\"@type\":\"BreadcrumbList\",\"@id\":\"https:\\\/\\\/www.iemj.org\\\/de\\\/schumann-henriette-nee-halphen-1911-2002\\\/#breadcrumb\",\"itemListElement\":[{\"@type\":\"ListItem\",\"position\":1,\"name\":\"Accueil\",\"item\":\"https:\\\/\\\/www.iemj.org\\\/de\\\/\"},{\"@type\":\"ListItem\",\"position\":2,\"name\":\"Schumann, Henriette geb. Halphen (1911-2002)\"}]},{\"@type\":\"WebSite\",\"@id\":\"https:\\\/\\\/www.iemj.org\\\/de\\\/#website\",\"url\":\"https:\\\/\\\/www.iemj.org\\\/de\\\/\",\"name\":\"Institut Europ\u00e9en des Musiques Juives\",\"description\":\"Des traditions musicales \u00e0 la port\u00e9e de tous\",\"publisher\":{\"@id\":\"https:\\\/\\\/www.iemj.org\\\/de\\\/#organization\"},\"potentialAction\":[{\"@type\":\"SearchAction\",\"target\":{\"@type\":\"EntryPoint\",\"urlTemplate\":\"https:\\\/\\\/www.iemj.org\\\/de\\\/?s={search_term_string}\"},\"query-input\":{\"@type\":\"PropertyValueSpecification\",\"valueRequired\":true,\"valueName\":\"search_term_string\"}}],\"inLanguage\":\"de\"},{\"@type\":\"Organization\",\"@id\":\"https:\\\/\\\/www.iemj.org\\\/de\\\/#organization\",\"name\":\"Institut Europ\u00e9en des Musiques Juives\",\"url\":\"https:\\\/\\\/www.iemj.org\\\/de\\\/\",\"logo\":{\"@type\":\"ImageObject\",\"inLanguage\":\"de\",\"@id\":\"https:\\\/\\\/www.iemj.org\\\/de\\\/#\\\/schema\\\/logo\\\/image\\\/\",\"url\":\"https:\\\/\\\/www.iemj.org\\\/wp-content\\\/uploads\\\/2021\\\/09\\\/Logo-IEMJ-Paypal.jpg\",\"contentUrl\":\"https:\\\/\\\/www.iemj.org\\\/wp-content\\\/uploads\\\/2021\\\/09\\\/Logo-IEMJ-Paypal.jpg\",\"width\":150,\"height\":50,\"caption\":\"Institut Europ\u00e9en des Musiques Juives\"},\"image\":{\"@id\":\"https:\\\/\\\/www.iemj.org\\\/de\\\/#\\\/schema\\\/logo\\\/image\\\/\"},\"sameAs\":[\"https:\\\/\\\/www.facebook.com\\\/MusiquesJuives\\\/\",\"https:\\\/\\\/www.instagram.com\\\/musiquesjuives\\\/\",\"https:\\\/\\\/www.youtube.com\\\/user\\\/musiquesjuives\"]},{\"@type\":\"Person\",\"@id\":\"https:\\\/\\\/www.iemj.org\\\/de\\\/#\\\/schema\\\/person\\\/358e26c18aca017fcc4cc15437f7279c\",\"name\":\"Jacqueline ROTEN\",\"image\":{\"@type\":\"ImageObject\",\"inLanguage\":\"de\",\"@id\":\"https:\\\/\\\/secure.gravatar.com\\\/avatar\\\/5964256d6c6957de3a3505278957e0fb2a35119ac47ea41827a65301213c810b?s=96&d=mm&r=g\",\"url\":\"https:\\\/\\\/secure.gravatar.com\\\/avatar\\\/5964256d6c6957de3a3505278957e0fb2a35119ac47ea41827a65301213c810b?s=96&d=mm&r=g\",\"contentUrl\":\"https:\\\/\\\/secure.gravatar.com\\\/avatar\\\/5964256d6c6957de3a3505278957e0fb2a35119ac47ea41827a65301213c810b?s=96&d=mm&r=g\",\"caption\":\"Jacqueline ROTEN\"}}]}<\/script>\n<!-- \/ Yoast SEO plugin. -->","yoast_head_json":{"title":"Schumann, Henriette geb. Halphen (1911-2002) - Institut Europ\u00e9en des Musiques Juives","robots":{"index":"index","follow":"follow","max-snippet":"max-snippet:-1","max-image-preview":"max-image-preview:large","max-video-preview":"max-video-preview:-1"},"canonical":"https:\/\/www.iemj.org\/de\/schumann-henriette-nee-halphen-1911-2002\/","og_locale":"de_DE","og_type":"article","og_title":"Schumann, Henriette geb. Halphen (1911-2002) - Institut Europ\u00e9en des Musiques Juives","og_description":"Henriette Halphen, Tochter von Fernand Halphen und Alice de Koenigswarter, erbte von ihren Eltern eine Vorliebe f\u00fcr Musik und Kunst. Sie lernte insbesondere die Orgel im Herrenhaus ihrer Mutter in","og_url":"https:\/\/www.iemj.org\/de\/schumann-henriette-nee-halphen-1911-2002\/","og_site_name":"Institut Europ\u00e9en des Musiques Juives","article_publisher":"https:\/\/www.facebook.com\/MusiquesJuives\/","article_published_time":"2024-10-14T10:47:13+00:00","article_modified_time":"2025-06-09T14:01:00+00:00","og_image":[{"width":207,"height":218,"url":"https:\/\/www.iemj.org\/wp-content\/uploads\/2024\/10\/Logo-Bio-H.-Halphen.jpg","type":"image\/jpeg"}],"author":"Jacqueline ROTEN","twitter_card":"summary_large_image","twitter_misc":{"Verfasst von":"Jacqueline ROTEN","Gesch\u00e4tzte Lesezeit":"6\u00a0Minuten"},"schema":{"@context":"https:\/\/schema.org","@graph":[{"@type":"Article","@id":"https:\/\/www.iemj.org\/de\/schumann-henriette-nee-halphen-1911-2002\/#article","isPartOf":{"@id":"https:\/\/www.iemj.org\/de\/schumann-henriette-nee-halphen-1911-2002\/"},"author":{"name":"Jacqueline ROTEN","@id":"https:\/\/www.iemj.org\/de\/#\/schema\/person\/358e26c18aca017fcc4cc15437f7279c"},"headline":"Schumann, Henriette geb. Halphen (1911-2002)","datePublished":"2024-10-14T10:47:13+00:00","dateModified":"2025-06-09T14:01:00+00:00","mainEntityOfPage":{"@id":"https:\/\/www.iemj.org\/de\/schumann-henriette-nee-halphen-1911-2002\/"},"wordCount":782,"publisher":{"@id":"https:\/\/www.iemj.org\/de\/#organization"},"image":{"@id":"https:\/\/www.iemj.org\/de\/schumann-henriette-nee-halphen-1911-2002\/#primaryimage"},"thumbnailUrl":"https:\/\/www.iemj.org\/wp-content\/uploads\/2024\/10\/Logo-Bio-H.-Halphen.jpg","articleSection":["Biografien"],"inLanguage":"de"},{"@type":"WebPage","@id":"https:\/\/www.iemj.org\/de\/schumann-henriette-nee-halphen-1911-2002\/","url":"https:\/\/www.iemj.org\/de\/schumann-henriette-nee-halphen-1911-2002\/","name":"Schumann, Henriette geb. Halphen (1911-2002) - Institut Europ\u00e9en des Musiques Juives","isPartOf":{"@id":"https:\/\/www.iemj.org\/de\/#website"},"primaryImageOfPage":{"@id":"https:\/\/www.iemj.org\/de\/schumann-henriette-nee-halphen-1911-2002\/#primaryimage"},"image":{"@id":"https:\/\/www.iemj.org\/de\/schumann-henriette-nee-halphen-1911-2002\/#primaryimage"},"thumbnailUrl":"https:\/\/www.iemj.org\/wp-content\/uploads\/2024\/10\/Logo-Bio-H.-Halphen.jpg","datePublished":"2024-10-14T10:47:13+00:00","dateModified":"2025-06-09T14:01:00+00:00","breadcrumb":{"@id":"https:\/\/www.iemj.org\/de\/schumann-henriette-nee-halphen-1911-2002\/#breadcrumb"},"inLanguage":"de","potentialAction":[{"@type":"ReadAction","target":["https:\/\/www.iemj.org\/de\/schumann-henriette-nee-halphen-1911-2002\/"]}]},{"@type":"ImageObject","inLanguage":"de","@id":"https:\/\/www.iemj.org\/de\/schumann-henriette-nee-halphen-1911-2002\/#primaryimage","url":"https:\/\/www.iemj.org\/wp-content\/uploads\/2024\/10\/Logo-Bio-H.-Halphen.jpg","contentUrl":"https:\/\/www.iemj.org\/wp-content\/uploads\/2024\/10\/Logo-Bio-H.-Halphen.jpg","width":207,"height":218},{"@type":"BreadcrumbList","@id":"https:\/\/www.iemj.org\/de\/schumann-henriette-nee-halphen-1911-2002\/#breadcrumb","itemListElement":[{"@type":"ListItem","position":1,"name":"Accueil","item":"https:\/\/www.iemj.org\/de\/"},{"@type":"ListItem","position":2,"name":"Schumann, Henriette geb. Halphen (1911-2002)"}]},{"@type":"WebSite","@id":"https:\/\/www.iemj.org\/de\/#website","url":"https:\/\/www.iemj.org\/de\/","name":"Institut Europ\u00e9en des Musiques Juives","description":"Des traditions musicales \u00e0 la port\u00e9e de tous","publisher":{"@id":"https:\/\/www.iemj.org\/de\/#organization"},"potentialAction":[{"@type":"SearchAction","target":{"@type":"EntryPoint","urlTemplate":"https:\/\/www.iemj.org\/de\/?s={search_term_string}"},"query-input":{"@type":"PropertyValueSpecification","valueRequired":true,"valueName":"search_term_string"}}],"inLanguage":"de"},{"@type":"Organization","@id":"https:\/\/www.iemj.org\/de\/#organization","name":"Institut Europ\u00e9en des Musiques Juives","url":"https:\/\/www.iemj.org\/de\/","logo":{"@type":"ImageObject","inLanguage":"de","@id":"https:\/\/www.iemj.org\/de\/#\/schema\/logo\/image\/","url":"https:\/\/www.iemj.org\/wp-content\/uploads\/2021\/09\/Logo-IEMJ-Paypal.jpg","contentUrl":"https:\/\/www.iemj.org\/wp-content\/uploads\/2021\/09\/Logo-IEMJ-Paypal.jpg","width":150,"height":50,"caption":"Institut Europ\u00e9en des Musiques Juives"},"image":{"@id":"https:\/\/www.iemj.org\/de\/#\/schema\/logo\/image\/"},"sameAs":["https:\/\/www.facebook.com\/MusiquesJuives\/","https:\/\/www.instagram.com\/musiquesjuives\/","https:\/\/www.youtube.com\/user\/musiquesjuives"]},{"@type":"Person","@id":"https:\/\/www.iemj.org\/de\/#\/schema\/person\/358e26c18aca017fcc4cc15437f7279c","name":"Jacqueline ROTEN","image":{"@type":"ImageObject","inLanguage":"de","@id":"https:\/\/secure.gravatar.com\/avatar\/5964256d6c6957de3a3505278957e0fb2a35119ac47ea41827a65301213c810b?s=96&d=mm&r=g","url":"https:\/\/secure.gravatar.com\/avatar\/5964256d6c6957de3a3505278957e0fb2a35119ac47ea41827a65301213c810b?s=96&d=mm&r=g","contentUrl":"https:\/\/secure.gravatar.com\/avatar\/5964256d6c6957de3a3505278957e0fb2a35119ac47ea41827a65301213c810b?s=96&d=mm&r=g","caption":"Jacqueline ROTEN"}}]}},"_links":{"self":[{"href":"https:\/\/www.iemj.org\/de\/wp-json\/wp\/v2\/posts\/114416","targetHints":{"allow":["GET"]}}],"collection":[{"href":"https:\/\/www.iemj.org\/de\/wp-json\/wp\/v2\/posts"}],"about":[{"href":"https:\/\/www.iemj.org\/de\/wp-json\/wp\/v2\/types\/post"}],"author":[{"embeddable":true,"href":"https:\/\/www.iemj.org\/de\/wp-json\/wp\/v2\/users\/5"}],"replies":[{"embeddable":true,"href":"https:\/\/www.iemj.org\/de\/wp-json\/wp\/v2\/comments?post=114416"}],"version-history":[{"count":0,"href":"https:\/\/www.iemj.org\/de\/wp-json\/wp\/v2\/posts\/114416\/revisions"}],"wp:featuredmedia":[{"embeddable":true,"href":"https:\/\/www.iemj.org\/de\/wp-json\/wp\/v2\/media\/114056"}],"wp:attachment":[{"href":"https:\/\/www.iemj.org\/de\/wp-json\/wp\/v2\/media?parent=114416"}],"wp:term":[{"taxonomy":"category","embeddable":true,"href":"https:\/\/www.iemj.org\/de\/wp-json\/wp\/v2\/categories?post=114416"},{"taxonomy":"post_tag","embeddable":true,"href":"https:\/\/www.iemj.org\/de\/wp-json\/wp\/v2\/tags?post=114416"},{"taxonomy":"technique","embeddable":true,"href":"https:\/\/www.iemj.org\/de\/wp-json\/wp\/v2\/technique?post=114416"},{"taxonomy":"squelettes","embeddable":true,"href":"https:\/\/www.iemj.org\/de\/wp-json\/wp\/v2\/squelettes?post=114416"},{"taxonomy":"sujet","embeddable":true,"href":"https:\/\/www.iemj.org\/de\/wp-json\/wp\/v2\/sujet?post=114416"},{"taxonomy":"formation","embeddable":true,"href":"https:\/\/www.iemj.org\/de\/wp-json\/wp\/v2\/formation?post=114416"},{"taxonomy":"genre","embeddable":true,"href":"https:\/\/www.iemj.org\/de\/wp-json\/wp\/v2\/genre?post=114416"},{"taxonomy":"fonds","embeddable":true,"href":"https:\/\/www.iemj.org\/de\/wp-json\/wp\/v2\/fonds?post=114416"},{"taxonomy":"tradition","embeddable":true,"href":"https:\/\/www.iemj.org\/de\/wp-json\/wp\/v2\/tradition?post=114416"},{"taxonomy":"type-de-contenu","embeddable":true,"href":"https:\/\/www.iemj.org\/de\/wp-json\/wp\/v2\/type-de-contenu?post=114416"},{"taxonomy":"interprete-compositeur","embeddable":true,"href":"https:\/\/www.iemj.org\/de\/wp-json\/wp\/v2\/interprete-compositeur?post=114416"},{"taxonomy":"frise","embeddable":true,"href":"https:\/\/www.iemj.org\/de\/wp-json\/wp\/v2\/frise?post=114416"},{"taxonomy":"type-devenement","embeddable":true,"href":"https:\/\/www.iemj.org\/de\/wp-json\/wp\/v2\/type-devenement?post=114416"},{"taxonomy":"tableaux-liens-externes","embeddable":true,"href":"https:\/\/www.iemj.org\/de\/wp-json\/wp\/v2\/tableaux-liens-externes?post=114416"}],"curies":[{"name":"wp","href":"https:\/\/api.w.org\/{rel}","templated":true}]}}