{"id":114536,"date":"2024-10-27T16:49:18","date_gmt":"2024-10-27T15:49:18","guid":{"rendered":"https:\/\/www.iemj.org\/mecenes-musiciens-et-compositeurs-juifs-durant-la-iiie-republique-1870-1940\/"},"modified":"2025-06-08T11:33:52","modified_gmt":"2025-06-08T09:33:52","slug":"mecenes-musiciens-et-compositeurs-juifs-durant-la-iiie-republique-1870-1940","status":"publish","type":"post","link":"https:\/\/www.iemj.org\/de\/mecenes-musiciens-et-compositeurs-juifs-durant-la-iiie-republique-1870-1940\/","title":{"rendered":"J\u00fcdische M\u00e4zene, Musiker und Komponisten w\u00e4hrend der Dritten Republik (1870-1940)"},"content":{"rendered":"\n<p><\/p>\n\n\n<p><strong>Zwischen 1870 und 1940 hing das Musikleben in Frankreich gr\u00f6\u00dftenteils von der Unterst\u00fctzung einiger aufgekl\u00e4rter M\u00e4zene ab, die die Musik liebten. Unter diesen M\u00e4zenen befand sich eine bedeutende Anzahl von Juden.<\/strong><\/p>\n<p>So hielt Prinzessin Edmond de Polignac (1865-1942), geborene Winaretta Singer, Tochter von Isaac Singer, dem Erfinder der perfektionierten N\u00e4hmaschine, ab 1887 einen Salon ab, dessen Bekanntheitsgrad zahlreiche Komponisten und Musiker anzog. In zweiter Ehe mit Prinz Edmond de Polignac verheiratet, organisierte sie ab dem Winter 1893-1894 musikalische Treffen in ihrem Hotel in der Avenue Henri-Martin, die zahlreiche Schriftsteller und Musiker anzogen, darunter Marcel Proust, Jean Cocteau, Colette, Diaghilev, Manuel de Falla, Chabrier, d&#8217;Indy, Faur\u00e9, Nadia Boulanger, Arthur Rubinstein, Wladimir Horowitz und Clara Haskil. Als Malerin und gestandene Musikerin profitierte die Prinzessin de Polignac von den sachkundigen Ratschl\u00e4gen von Gabriel Astruc, Serge de Diaghilev und Nadia Boulanger. So gab sie zwischen 1912 und 1940 rund 20 Partituren bei 17 franz\u00f6sischen und ausl\u00e4ndischen Komponisten in Auftrag, darunter Igor Strawinsky (<em>Renard<\/em>), Erik Satie (<em>Socrate<\/em>), <a href=\"https:\/\/www.iemj.org\/de\/milhaud-darius-1892-1974\/\" target=\"_blank\" rel=\"noopener\">Darius Milhaud<\/a> (<em>Les Malheurs d&#8217;Orph\u00e9e<\/em>) und Francis Poulenc (<em>Concerto pour deux pianos<\/em> und <em>Concerto pour orgue<\/em>).<\/p>\n\n<div class=\"wp-block-image\">\n<figure class=\"aligncenter size-full\"><img fetchpriority=\"high\" decoding=\"async\" width=\"566\" height=\"467\" src=\"https:\/\/www.iemj.org\/wp-content\/uploads\/2024\/10\/Princesse-de-Polignac_w_03.jpg\" alt=\"\" class=\"wp-image-114464\" srcset=\"https:\/\/www.iemj.org\/wp-content\/uploads\/2024\/10\/Princesse-de-Polignac_w_03.jpg 566w, https:\/\/www.iemj.org\/wp-content\/uploads\/2024\/10\/Princesse-de-Polignac_w_03-300x248.jpg 300w\" sizes=\"(max-width: 566px) 100vw, 566px\" \/><figcaption class=\"wp-element-caption\">Villa Bassaraba in Amphion, 1899: von links nach rechts, stehend, Edmond de Polignac, Princesse de Brancovan, Marcel Proust, Constantin de Brancovan, Jeanne Bartholoni (?), L\u00e9on Delafosse, 2. Reihe, Madame Montgenard, <strong>Winiretta Singer (Princesse de Polignac)<\/strong>, Anna de Noailles, 1. Reihe, H\u00e9l\u00e8ne de Caraman-Chimay, Abel Hermant.<\/figcaption><\/figure>\n<\/div>\n\n<figure id=\"attachment_114497\" aria-describedby=\"caption-attachment-114497\" style=\"width: 163px\" class=\"wp-caption alignleft\"><img decoding=\"async\" class=\"wp-image-114497\" src=\"https:\/\/www.iemj.org\/wp-content\/uploads\/2024\/10\/Isaac-de-Camondo-200x300.jpg\" alt=\"\" width=\"163\" height=\"244\" srcset=\"https:\/\/www.iemj.org\/wp-content\/uploads\/2024\/10\/Isaac-de-Camondo-200x300.jpg 200w, https:\/\/www.iemj.org\/wp-content\/uploads\/2024\/10\/Isaac-de-Camondo.jpg 267w\" sizes=\"(max-width: 163px) 100vw, 163px\" \/><figcaption id=\"caption-attachment-114497\" class=\"wp-caption-text\"><strong>Isaac de Camondo<\/strong><\/figcaption><\/figure>\n<p>Baronin \u00c9douard de Rothschild (1884-1975), geborene Germaine Halphen, war eine M\u00e4zenin der K\u00fcnste. In ihrem Hotel in der Rue Saint-Florentin 2 empfing sie zahlreiche Musiker, darunter Alfred Cortot, Jasha Heifetz, Yehudi Menuhin, Vladimir Horowitz und Arthur Rubinstein, mit dem sie eng befreundet war.<\/p>\n<p>Graf <a href=\"https:\/\/www.iemj.org\/de\/camondo-isaac-de-1850-1911\/\" target=\"_blank\" rel=\"noopener\">Isaac de Camondo (1851-1911)<\/a>, der aus einer wohlhabenden Familie aus Konstantinopel stammte, war ein aufgekl\u00e4rter Amateurmusiker. Er komponierte etwa zwanzig Vokal-, Instrumental- und Orchesterwerke. Als gro\u00dfz\u00fcgiger M\u00e4zen war er einer der Hauptaktion\u00e4re des Th\u00e9\u00e2tre des Champs-\u00c9lys\u00e9es, neben Baron Henri de Rothschild, den Br\u00fcdern Rothschild, \u00c9mile und Fernand Halphen, Madame Louis Stern, den Cahens d&#8217;Antwerpen, Henry Deutsch de la Meurthe, Albert Kahn, Willy Blumenthal, Paul Fould und Louis Barthou.<\/p>\n<figure id=\"attachment_114502\" aria-describedby=\"caption-attachment-114502\" style=\"width: 175px\" class=\"wp-caption alignright\"><img decoding=\"async\" class=\"wp-image-114502\" src=\"https:\/\/www.iemj.org\/wp-content\/uploads\/2024\/10\/Henry_Deutsch_de_la_Meurthe_1912-228x300.jpg\" alt=\"\" width=\"175\" height=\"230\" srcset=\"https:\/\/www.iemj.org\/wp-content\/uploads\/2024\/10\/Henry_Deutsch_de_la_Meurthe_1912-228x300.jpg 228w, https:\/\/www.iemj.org\/wp-content\/uploads\/2024\/10\/Henry_Deutsch_de_la_Meurthe_1912.jpg 304w\" sizes=\"(max-width: 175px) 100vw, 175px\" \/><figcaption id=\"caption-attachment-114502\" class=\"wp-caption-text\"><strong>Henry Deutsch de la Meurthe<\/strong><\/figcaption><\/figure>\n<p>Wie Isaac de Camondo war auch der Industrielle <a href=\"https:\/\/www.iemj.org\/de\/henry-deutsch-de-la-meurthe-1846-1919\/\" target=\"_blank\" rel=\"noopener\">Henry Deutsch de la Meurthe (1846-1919)<\/a> f\u00fcr seine Philanthropie und seinen ausgepr\u00e4gten Musikgeschmack bekannt. Er war einer der Hauptaktion\u00e4re der Oper, f\u00fcr die er <em>Icare<\/em> komponierte, ein lyrisches Epos in drei Bildern von Henri Cain, orchestriert von <a href=\"https:\/\/www.iemj.org\/de\/camille-erlanger-1863-1919\/\" target=\"_blank\" rel=\"noopener\">Camille Erlanger<\/a>. Er komponierte auch zahlreiche Melodien.<\/p>\n<p>Die Empf\u00e4nge, die von Pers\u00f6nlichkeiten aus der Finanzwelt insbesondere in den Salons des j\u00fcdischen B\u00fcrgertums gegeben wurden, standen denen des Adels in nichts nach. So empfingen Maurice Ephrussi (1849-1916) und seine Frau, eine geborene Rothschild, in ihrem Hotel in der Avenue du Bois-de-Boulogne 19. Sie wenden sich an Gabriel Astruc, um ihr Programm zusammenzustellen und K\u00fcnstler zu engagieren. Der \u00e4ltere Bruder von Maurice, Michel Ephrussi, und seine Frau betreiben einen Salon in der N\u00e4he des Sterns in der Rue de la P\u00e9rouse 48. Madame Michel Ephrussi ist eine gute Pianistin und spielt gerne mit K\u00fcnstlern und Komponisten wie Georges Enesco.<\/p>\n<p>Die Familie Stern stammt urspr\u00fcnglich aus Frankfurt am Main. Edgar Stern, der mit Marguerite Fould verheiratet ist, empf\u00e4ngt G\u00e4ste in seinem Hotel in der Avenue Montaigne 20. Die Sterns wenden sich auch an Gabriel Astruc, um ihre musikalischen Empf\u00e4nge zu organisieren, die manchmal durch Ballettauff\u00fchrungen erg\u00e4nzt werden.\u00a0<\/p>\n<figure id=\"attachment_114528\" aria-describedby=\"caption-attachment-114528\" style=\"width: 187px\" class=\"wp-caption alignleft\"><img loading=\"lazy\" decoding=\"async\" class=\"wp-image-114528 \" src=\"https:\/\/www.iemj.org\/wp-content\/uploads\/2024\/10\/Fernand-Halphen-e1730048182716.jpg\" alt=\"\" width=\"187\" height=\"274\" srcset=\"https:\/\/www.iemj.org\/wp-content\/uploads\/2024\/10\/Fernand-Halphen-e1730048182716.jpg 320w, https:\/\/www.iemj.org\/wp-content\/uploads\/2024\/10\/Fernand-Halphen-e1730048182716-205x300.jpg 205w\" sizes=\"(max-width: 187px) 100vw, 187px\" \/><figcaption id=\"caption-attachment-114528\" class=\"wp-caption-text\"><strong>Fernand Halphen<\/strong><\/figcaption><\/figure>\n<p><a href=\"https:\/\/www.iemj.org\/de\/cahen-danvers-albert-1846-1903\/\" target=\"_blank\" rel=\"noopener\">Albert Cahen d\u2019Anvers (1846-1903)<\/a>, der aus einer reichen j\u00fcdischen Finanzfamilie stammte und Sch\u00fcler von C\u00e9sar Frank war, organisierte ab 1870 in seinem Hotel im Faubourg Saint-Germain musikalische Veranstaltungen, bei denen er unter anderem Jules Massenet und Vincent d&#8217;Indy empfing. <a href=\"https:\/\/www.iemj.org\/de\/halphen-fernand-1872-1917\/\" target=\"_blank\" rel=\"noopener\">Fernand Halphen (1872-1917)<\/a>, dessen Mutter mit den Ephrussis, Sterns und Rothschilds verwandt war, f\u00fchlte sich zur Musik hingezogen und besuchte mit 13 Jahren das Pariser Konservatorium. Seine Eltern, Georges und Henriette Halphen, waren M\u00e4zene und empfingen G\u00e4ste in ihrem Pariser Hotel in der Rue Chaptal 24 und in ihrer Residenz im Monast\u00e8re de Ville-d\u2019Avray. Fernand Halphen unterhielt auch einen Salon, in dem er unter anderem seine Werke auff\u00fchren lie\u00df. Nach seinem tragischen Tod im Ersten Weltkrieg organisierte seine Witwe, <a href=\"https:\/\/www.iemj.org\/de\/halphen-alice-1878-1963\/\" target=\"_blank\" rel=\"noopener\">Alice Koenigswarter<\/a>, weiterhin Konzerte in ihrem Pariser Salon in der Rue Dumont d&#8217;Urville und in La Chapelle-en-Serval. In der Zwischenkriegszeit empfing sie unter anderem Robert und Gaby Casadesus, Andr\u00e9 Jolivet, Darius Milhaud und Francis Poulenc.<\/p>\n<figure id=\"attachment_114454\" aria-describedby=\"caption-attachment-114454\" style=\"width: 300px\" class=\"wp-caption alignright\"><img loading=\"lazy\" decoding=\"async\" class=\"wp-image-114454 size-medium\" src=\"https:\/\/www.iemj.org\/wp-content\/uploads\/2024\/10\/Emma_Debussy_Bardac_juillet1931_T.Bonney-300x217.jpg\" alt=\"\" width=\"300\" height=\"217\" srcset=\"https:\/\/www.iemj.org\/wp-content\/uploads\/2024\/10\/Emma_Debussy_Bardac_juillet1931_T.Bonney-300x217.jpg 300w, https:\/\/www.iemj.org\/wp-content\/uploads\/2024\/10\/Emma_Debussy_Bardac_juillet1931_T.Bonney-1024x739.jpg 1024w, https:\/\/www.iemj.org\/wp-content\/uploads\/2024\/10\/Emma_Debussy_Bardac_juillet1931_T.Bonney-768x554.jpg 768w, https:\/\/www.iemj.org\/wp-content\/uploads\/2024\/10\/Emma_Debussy_Bardac_juillet1931_T.Bonney-600x433.jpg 600w, https:\/\/www.iemj.org\/wp-content\/uploads\/2024\/10\/Emma_Debussy_Bardac_juillet1931_T.Bonney.jpg 1200w\" sizes=\"(max-width: 300px) 100vw, 300px\" \/><figcaption id=\"caption-attachment-114454\" class=\"wp-caption-text\"><strong>\u00a0Emma Bardac<\/strong><\/figcaption><\/figure>\n<p>Auch viele Amateurmusiker betreiben einen Salon. F\u00fcr manche, vor allem Frauen, die auf diese Weise ihre Frustration \u00fcber die Unm\u00f6glichkeit, \u00f6ffentlich aufzutreten, kompensieren, ist dies die einzige M\u00f6glichkeit, ihr Talent zu zeigen und von einem Publikum geh\u00f6rt zu werden, manchmal sogar zusammen mit Berufsmusikern. Madame Maurice Sulzbach, geborene Frincsel, unterhielt beispielsweise in der Avenue d&#8217;I\u00e9na 52 bis und in ihrem Schloss in Le Chesnay (Seine-et-Oise) einen ber\u00fchmten Salon, der regelm\u00e4\u00dfig von Vincent d&#8217;Indy, Camille Erlanger und Ernest Chausson besucht wurde. Louise Cr\u00e9mieux (1863-1925), die Enkelin von Adolphe Cr\u00e9mieux, war Amateurs\u00e4ngerin und f\u00fchrte einen Salon, in dem sie Faur\u00e9, Roger-Ducasse und Ravel empfing, der ihr insbesondere <em>L&#8217;Heure espagnole<\/em> und <em>Le No\u00ebl des jouets<\/em> widmete. Bevor Emma Bardac (1862-1934), geborene Moyse, 1904 die Frau von Claude Debussy wurde, heiratete sie 1879 Sigismond Bardac, einen deutschst\u00e4mmigen j\u00fcdischen Bankier und Sammler. Das Paar l\u00e4sst sich in Paris nieder und er\u00f6ffnet einen Salon, in den Faur\u00e9 in den letzten Jahren des 19. Jahrhunderts die besten Sch\u00fcler seiner Kompositionsklasse einl\u00e4dt: Koechlin, Ducasse und Ravel.<\/p>\n<p>Die musikalische Tradition scheint in der Familie von Isabel Lang (1904-1988) ebenso stark ausgepr\u00e4gt zu sein wie in der Familie von Henry Gou\u00efn (1900-1977), die 1931 in der Abtei von Royaumont, die der Familie Gou\u00efn geh\u00f6rt, heirateten. Sie empfingen dort zahlreiche Musiker, Interpreten und Komponisten wie Albert Roussel, Darius und Madeleine Milhaud, Roland Manuel, Jacques Ibert, Florent Schmitt, <a href=\"https:\/\/www.iemj.org\/de\/tansman-alexandre-1897-1986\/\" target=\"_blank\" rel=\"noopener\">Alexandre Tansman<\/a>, Luigi Dallapiccola und Ernst Krenek. Als Vorl\u00e4ufer des M\u00e4zenatentums von Unternehmen soll Henry Gou\u00efn um 1937 versucht haben, Industrielle davon zu \u00fcberzeugen, K\u00fcnstlern zu helfen. Da die Steuergesetzgebung damals nicht angepasst wurde, konnte sein Vorhaben nicht verwirklicht werden. F\u00fcnfzig Jahre sp\u00e4ter wurde die Ma\u00dfnahme vom franz\u00f6sischen Kulturministerium eingef\u00fchrt.<\/p>\n<p>Wie h\u00e4tte das Musikleben an der Wende zum 20. Jahrhundert ohne den Beitrag von M\u00e4zenen und Musiksalons ausgesehen? Viele dieser Salons wurden von prominenten Mitgliedern des israelitischen B\u00fcrgertums gef\u00fchrt, die durch ihre Unterst\u00fctzung des musikalischen Schaffens dazu beitrugen, Frankreich und insbesondere Paris zu einer k\u00fcnstlerischen Ausstrahlung in Europa und der Welt zu verhelfen.<\/p>\n\n\n<div class=\"wp-block-columns is-layout-flex wp-container-core-columns-is-layout-9d6595d7 wp-block-columns-is-layout-flex\">\n<div class=\"wp-block-column is-layout-flow wp-block-column-is-layout-flow\"><div class=\"wp-block-image\">\n<figure class=\"aligncenter size-full is-resized\"><img loading=\"lazy\" decoding=\"async\" width=\"379\" height=\"500\" src=\"https:\/\/www.iemj.org\/wp-content\/uploads\/2024\/10\/Fernand-Halphen-Couv-partition-3-melodies-P_373_COUV.jpg\" alt=\"\" class=\"wp-image-114508\" style=\"width:auto;height:500px\" srcset=\"https:\/\/www.iemj.org\/wp-content\/uploads\/2024\/10\/Fernand-Halphen-Couv-partition-3-melodies-P_373_COUV.jpg 379w, https:\/\/www.iemj.org\/wp-content\/uploads\/2024\/10\/Fernand-Halphen-Couv-partition-3-melodies-P_373_COUV-227x300.jpg 227w\" sizes=\"(max-width: 379px) 100vw, 379px\" \/><figcaption class=\"wp-element-caption\"><strong>Drei Melodien von Fernand Halphen, Nuit, Baisers, Absence (Nacht, K\u00fcsse, Abwesenheit)<\/strong><\/figcaption><\/figure>\n<\/div><\/div>\n\n\n\n<div class=\"wp-block-column is-layout-flow wp-block-column-is-layout-flow\"><div class=\"wp-block-image\">\n<figure class=\"aligncenter size-full is-resized\"><img loading=\"lazy\" decoding=\"async\" width=\"368\" height=\"500\" src=\"https:\/\/www.iemj.org\/wp-content\/uploads\/2024\/10\/Morceaux-divers-partition-H-Deutsch-de-la-Meurthe.jpg\" alt=\"\" class=\"wp-image-114519\" style=\"object-fit:cover;width:368px;height:500px\" srcset=\"https:\/\/www.iemj.org\/wp-content\/uploads\/2024\/10\/Morceaux-divers-partition-H-Deutsch-de-la-Meurthe.jpg 368w, https:\/\/www.iemj.org\/wp-content\/uploads\/2024\/10\/Morceaux-divers-partition-H-Deutsch-de-la-Meurthe-221x300.jpg 221w\" sizes=\"(max-width: 368px) 100vw, 368px\" \/><figcaption class=\"wp-element-caption\"><strong>Verschiedene St\u00fccke f\u00fcr Klavier, <\/strong><br><strong>Adaptation, H. Deutsch (de la Meurthe)<br><\/strong><br><\/figcaption><\/figure>\n<\/div><\/div>\n<\/div>\n\n\n<p style=\"text-align: center;\">\u00b0\u00b0\u00b0\u00b0\u00b0\u00b0\u00b0\u00b0\u00b0\u00b0\u00b0\u00b0\u00b0\u00b0\u00b0\u00b0\u00b0\u00b0\u00b0\u00b0\u00b0\u00b0\u00b0\u00b0\u00b0\u00b0\u00b0\u00b0\u00b0\u00b0\u00b0\u00b0\u00b0\u00b0\u00b0\u00b0<\/p>\n<p>Quellen: Dieser Artikel, der 2006 teilweise im Booklet der Doppel-CD <em><a href=\"https:\/\/www.iemj.org\/de\/fernand-halphen\/\" target=\"_blank\" rel=\"noopener\">Fernand Halphen, M\u00e9lodies, pi\u00e8ces pour piano et musique de chambre<\/a><\/em>\u00a0erschien, verdankt sich weitgehend dem bemerkenswerten Buch von <a href=\"https:\/\/www.amazon.fr\/M%C3%A9c%C3%A8nes-musiciens-salon-concert-r%C3%A9pubique\/dp\/2213616965\" target=\"_blank\" rel=\"noopener\">Myriam Chim\u00e8nes, <em>M\u00e9c\u00e8nes et musiciens <\/em>&#8211;<em> Du salon au concert \u00e0 Paris sous la III<\/em><strong><sup>e<\/sup><\/strong><em> R\u00e9publique<\/em><\/a>, Paris, Fayard,<strong>\u00a0<\/strong>2004, 792 S.<\/p>\n\n\n<p><\/p>\n","protected":false},"excerpt":{"rendered":"<p>Zwischen 1870 und 1940 hing das Musikleben in Frankreich gr\u00f6\u00dftenteils von der Unterst\u00fctzung einiger aufgekl\u00e4rter M\u00e4zene ab, die die Musik liebten. Unter diesen M\u00e4zenen befand sich eine bedeutende Anzahl von<\/p>\n","protected":false},"author":5,"featured_media":114483,"comment_status":"closed","ping_status":"closed","sticky":false,"template":"","format":"standard","meta":{"_acf_changed":false,"footnotes":""},"categories":[1406],"tags":[],"technique":[],"squelettes":[],"sujet":[],"formation":[],"genre":[],"fonds":[],"tradition":[],"type-de-contenu":[],"interprete-compositeur":[3165],"frise":[],"type-devenement":[],"tableaux-liens-externes":[],"class_list":["post-114536","post","type-post","status-publish","format-standard","has-post-thumbnail","hentry","category-hintergrundartikel-de","interprete-compositeur-fernand-halphen-de"],"acf":[],"yoast_head":"<!-- This site is optimized with the Yoast SEO plugin v27.3 - https:\/\/yoast.com\/product\/yoast-seo-wordpress\/ -->\n<title>J\u00fcdische M\u00e4zene, Musiker und Komponisten w\u00e4hrend der Dritten Republik (1870-1940) - Institut Europ\u00e9en des Musiques Juives<\/title>\n<meta name=\"robots\" content=\"index, follow, max-snippet:-1, max-image-preview:large, max-video-preview:-1\" \/>\n<link rel=\"canonical\" href=\"https:\/\/www.iemj.org\/de\/mecenes-musiciens-et-compositeurs-juifs-durant-la-iiie-republique-1870-1940\/\" \/>\n<meta property=\"og:locale\" content=\"de_DE\" \/>\n<meta property=\"og:type\" content=\"article\" \/>\n<meta property=\"og:title\" content=\"J\u00fcdische M\u00e4zene, Musiker und Komponisten w\u00e4hrend der Dritten Republik (1870-1940) - Institut Europ\u00e9en des Musiques Juives\" \/>\n<meta property=\"og:description\" content=\"Zwischen 1870 und 1940 hing das Musikleben in Frankreich gr\u00f6\u00dftenteils von der Unterst\u00fctzung einiger aufgekl\u00e4rter M\u00e4zene ab, die die Musik liebten. Unter diesen M\u00e4zenen befand sich eine bedeutende Anzahl von\" \/>\n<meta property=\"og:url\" content=\"https:\/\/www.iemj.org\/de\/mecenes-musiciens-et-compositeurs-juifs-durant-la-iiie-republique-1870-1940\/\" \/>\n<meta property=\"og:site_name\" content=\"Institut Europ\u00e9en des Musiques Juives\" \/>\n<meta property=\"article:publisher\" content=\"https:\/\/www.facebook.com\/MusiquesJuives\/\" \/>\n<meta property=\"article:published_time\" content=\"2024-10-27T15:49:18+00:00\" \/>\n<meta property=\"article:modified_time\" content=\"2025-06-08T09:33:52+00:00\" \/>\n<meta property=\"og:image\" content=\"https:\/\/www.iemj.org\/wp-content\/uploads\/2024\/10\/Logo-article-Mecenes-1.jpg\" \/>\n\t<meta property=\"og:image:width\" content=\"500\" \/>\n\t<meta property=\"og:image:height\" content=\"500\" \/>\n\t<meta property=\"og:image:type\" content=\"image\/jpeg\" \/>\n<meta name=\"author\" content=\"Jacqueline ROTEN\" \/>\n<meta name=\"twitter:card\" content=\"summary_large_image\" \/>\n<meta name=\"twitter:label1\" content=\"Verfasst von\" \/>\n\t<meta name=\"twitter:data1\" content=\"Jacqueline ROTEN\" \/>\n\t<meta name=\"twitter:label2\" content=\"Gesch\u00e4tzte Lesezeit\" \/>\n\t<meta name=\"twitter:data2\" content=\"8\u00a0Minuten\" \/>\n<script type=\"application\/ld+json\" class=\"yoast-schema-graph\">{\"@context\":\"https:\\\/\\\/schema.org\",\"@graph\":[{\"@type\":\"Article\",\"@id\":\"https:\\\/\\\/www.iemj.org\\\/de\\\/mecenes-musiciens-et-compositeurs-juifs-durant-la-iiie-republique-1870-1940\\\/#article\",\"isPartOf\":{\"@id\":\"https:\\\/\\\/www.iemj.org\\\/de\\\/mecenes-musiciens-et-compositeurs-juifs-durant-la-iiie-republique-1870-1940\\\/\"},\"author\":{\"name\":\"Jacqueline ROTEN\",\"@id\":\"https:\\\/\\\/www.iemj.org\\\/de\\\/#\\\/schema\\\/person\\\/358e26c18aca017fcc4cc15437f7279c\"},\"headline\":\"J\u00fcdische M\u00e4zene, Musiker und Komponisten w\u00e4hrend der Dritten Republik (1870-1940)\",\"datePublished\":\"2024-10-27T15:49:18+00:00\",\"dateModified\":\"2025-06-08T09:33:52+00:00\",\"mainEntityOfPage\":{\"@id\":\"https:\\\/\\\/www.iemj.org\\\/de\\\/mecenes-musiciens-et-compositeurs-juifs-durant-la-iiie-republique-1870-1940\\\/\"},\"wordCount\":1217,\"publisher\":{\"@id\":\"https:\\\/\\\/www.iemj.org\\\/de\\\/#organization\"},\"image\":{\"@id\":\"https:\\\/\\\/www.iemj.org\\\/de\\\/mecenes-musiciens-et-compositeurs-juifs-durant-la-iiie-republique-1870-1940\\\/#primaryimage\"},\"thumbnailUrl\":\"https:\\\/\\\/www.iemj.org\\\/wp-content\\\/uploads\\\/2024\\\/10\\\/Logo-article-Mecenes-1.jpg\",\"articleSection\":[\"Hintergrundartikel\"],\"inLanguage\":\"de\"},{\"@type\":\"WebPage\",\"@id\":\"https:\\\/\\\/www.iemj.org\\\/de\\\/mecenes-musiciens-et-compositeurs-juifs-durant-la-iiie-republique-1870-1940\\\/\",\"url\":\"https:\\\/\\\/www.iemj.org\\\/de\\\/mecenes-musiciens-et-compositeurs-juifs-durant-la-iiie-republique-1870-1940\\\/\",\"name\":\"J\u00fcdische M\u00e4zene, Musiker und Komponisten w\u00e4hrend der Dritten Republik (1870-1940) - Institut Europ\u00e9en des Musiques Juives\",\"isPartOf\":{\"@id\":\"https:\\\/\\\/www.iemj.org\\\/de\\\/#website\"},\"primaryImageOfPage\":{\"@id\":\"https:\\\/\\\/www.iemj.org\\\/de\\\/mecenes-musiciens-et-compositeurs-juifs-durant-la-iiie-republique-1870-1940\\\/#primaryimage\"},\"image\":{\"@id\":\"https:\\\/\\\/www.iemj.org\\\/de\\\/mecenes-musiciens-et-compositeurs-juifs-durant-la-iiie-republique-1870-1940\\\/#primaryimage\"},\"thumbnailUrl\":\"https:\\\/\\\/www.iemj.org\\\/wp-content\\\/uploads\\\/2024\\\/10\\\/Logo-article-Mecenes-1.jpg\",\"datePublished\":\"2024-10-27T15:49:18+00:00\",\"dateModified\":\"2025-06-08T09:33:52+00:00\",\"breadcrumb\":{\"@id\":\"https:\\\/\\\/www.iemj.org\\\/de\\\/mecenes-musiciens-et-compositeurs-juifs-durant-la-iiie-republique-1870-1940\\\/#breadcrumb\"},\"inLanguage\":\"de\",\"potentialAction\":[{\"@type\":\"ReadAction\",\"target\":[\"https:\\\/\\\/www.iemj.org\\\/de\\\/mecenes-musiciens-et-compositeurs-juifs-durant-la-iiie-republique-1870-1940\\\/\"]}]},{\"@type\":\"ImageObject\",\"inLanguage\":\"de\",\"@id\":\"https:\\\/\\\/www.iemj.org\\\/de\\\/mecenes-musiciens-et-compositeurs-juifs-durant-la-iiie-republique-1870-1940\\\/#primaryimage\",\"url\":\"https:\\\/\\\/www.iemj.org\\\/wp-content\\\/uploads\\\/2024\\\/10\\\/Logo-article-Mecenes-1.jpg\",\"contentUrl\":\"https:\\\/\\\/www.iemj.org\\\/wp-content\\\/uploads\\\/2024\\\/10\\\/Logo-article-Mecenes-1.jpg\",\"width\":500,\"height\":500},{\"@type\":\"BreadcrumbList\",\"@id\":\"https:\\\/\\\/www.iemj.org\\\/de\\\/mecenes-musiciens-et-compositeurs-juifs-durant-la-iiie-republique-1870-1940\\\/#breadcrumb\",\"itemListElement\":[{\"@type\":\"ListItem\",\"position\":1,\"name\":\"Accueil\",\"item\":\"https:\\\/\\\/www.iemj.org\\\/de\\\/\"},{\"@type\":\"ListItem\",\"position\":2,\"name\":\"J\u00fcdische M\u00e4zene, Musiker und Komponisten w\u00e4hrend der Dritten Republik (1870-1940)\"}]},{\"@type\":\"WebSite\",\"@id\":\"https:\\\/\\\/www.iemj.org\\\/de\\\/#website\",\"url\":\"https:\\\/\\\/www.iemj.org\\\/de\\\/\",\"name\":\"Institut Europ\u00e9en des Musiques Juives\",\"description\":\"Des traditions musicales \u00e0 la port\u00e9e de tous\",\"publisher\":{\"@id\":\"https:\\\/\\\/www.iemj.org\\\/de\\\/#organization\"},\"potentialAction\":[{\"@type\":\"SearchAction\",\"target\":{\"@type\":\"EntryPoint\",\"urlTemplate\":\"https:\\\/\\\/www.iemj.org\\\/de\\\/?s={search_term_string}\"},\"query-input\":{\"@type\":\"PropertyValueSpecification\",\"valueRequired\":true,\"valueName\":\"search_term_string\"}}],\"inLanguage\":\"de\"},{\"@type\":\"Organization\",\"@id\":\"https:\\\/\\\/www.iemj.org\\\/de\\\/#organization\",\"name\":\"Institut Europ\u00e9en des Musiques Juives\",\"url\":\"https:\\\/\\\/www.iemj.org\\\/de\\\/\",\"logo\":{\"@type\":\"ImageObject\",\"inLanguage\":\"de\",\"@id\":\"https:\\\/\\\/www.iemj.org\\\/de\\\/#\\\/schema\\\/logo\\\/image\\\/\",\"url\":\"https:\\\/\\\/www.iemj.org\\\/wp-content\\\/uploads\\\/2021\\\/09\\\/Logo-IEMJ-Paypal.jpg\",\"contentUrl\":\"https:\\\/\\\/www.iemj.org\\\/wp-content\\\/uploads\\\/2021\\\/09\\\/Logo-IEMJ-Paypal.jpg\",\"width\":150,\"height\":50,\"caption\":\"Institut Europ\u00e9en des Musiques Juives\"},\"image\":{\"@id\":\"https:\\\/\\\/www.iemj.org\\\/de\\\/#\\\/schema\\\/logo\\\/image\\\/\"},\"sameAs\":[\"https:\\\/\\\/www.facebook.com\\\/MusiquesJuives\\\/\",\"https:\\\/\\\/www.instagram.com\\\/musiquesjuives\\\/\",\"https:\\\/\\\/www.youtube.com\\\/user\\\/musiquesjuives\"]},{\"@type\":\"Person\",\"@id\":\"https:\\\/\\\/www.iemj.org\\\/de\\\/#\\\/schema\\\/person\\\/358e26c18aca017fcc4cc15437f7279c\",\"name\":\"Jacqueline ROTEN\",\"image\":{\"@type\":\"ImageObject\",\"inLanguage\":\"de\",\"@id\":\"https:\\\/\\\/secure.gravatar.com\\\/avatar\\\/5964256d6c6957de3a3505278957e0fb2a35119ac47ea41827a65301213c810b?s=96&d=mm&r=g\",\"url\":\"https:\\\/\\\/secure.gravatar.com\\\/avatar\\\/5964256d6c6957de3a3505278957e0fb2a35119ac47ea41827a65301213c810b?s=96&d=mm&r=g\",\"contentUrl\":\"https:\\\/\\\/secure.gravatar.com\\\/avatar\\\/5964256d6c6957de3a3505278957e0fb2a35119ac47ea41827a65301213c810b?s=96&d=mm&r=g\",\"caption\":\"Jacqueline ROTEN\"}}]}<\/script>\n<!-- \/ Yoast SEO plugin. -->","yoast_head_json":{"title":"J\u00fcdische M\u00e4zene, Musiker und Komponisten w\u00e4hrend der Dritten Republik (1870-1940) - Institut Europ\u00e9en des Musiques Juives","robots":{"index":"index","follow":"follow","max-snippet":"max-snippet:-1","max-image-preview":"max-image-preview:large","max-video-preview":"max-video-preview:-1"},"canonical":"https:\/\/www.iemj.org\/de\/mecenes-musiciens-et-compositeurs-juifs-durant-la-iiie-republique-1870-1940\/","og_locale":"de_DE","og_type":"article","og_title":"J\u00fcdische M\u00e4zene, Musiker und Komponisten w\u00e4hrend der Dritten Republik (1870-1940) - Institut Europ\u00e9en des Musiques Juives","og_description":"Zwischen 1870 und 1940 hing das Musikleben in Frankreich gr\u00f6\u00dftenteils von der Unterst\u00fctzung einiger aufgekl\u00e4rter M\u00e4zene ab, die die Musik liebten. Unter diesen M\u00e4zenen befand sich eine bedeutende Anzahl von","og_url":"https:\/\/www.iemj.org\/de\/mecenes-musiciens-et-compositeurs-juifs-durant-la-iiie-republique-1870-1940\/","og_site_name":"Institut Europ\u00e9en des Musiques Juives","article_publisher":"https:\/\/www.facebook.com\/MusiquesJuives\/","article_published_time":"2024-10-27T15:49:18+00:00","article_modified_time":"2025-06-08T09:33:52+00:00","og_image":[{"width":500,"height":500,"url":"https:\/\/www.iemj.org\/wp-content\/uploads\/2024\/10\/Logo-article-Mecenes-1.jpg","type":"image\/jpeg"}],"author":"Jacqueline ROTEN","twitter_card":"summary_large_image","twitter_misc":{"Verfasst von":"Jacqueline ROTEN","Gesch\u00e4tzte Lesezeit":"8\u00a0Minuten"},"schema":{"@context":"https:\/\/schema.org","@graph":[{"@type":"Article","@id":"https:\/\/www.iemj.org\/de\/mecenes-musiciens-et-compositeurs-juifs-durant-la-iiie-republique-1870-1940\/#article","isPartOf":{"@id":"https:\/\/www.iemj.org\/de\/mecenes-musiciens-et-compositeurs-juifs-durant-la-iiie-republique-1870-1940\/"},"author":{"name":"Jacqueline ROTEN","@id":"https:\/\/www.iemj.org\/de\/#\/schema\/person\/358e26c18aca017fcc4cc15437f7279c"},"headline":"J\u00fcdische M\u00e4zene, Musiker und Komponisten w\u00e4hrend der Dritten Republik (1870-1940)","datePublished":"2024-10-27T15:49:18+00:00","dateModified":"2025-06-08T09:33:52+00:00","mainEntityOfPage":{"@id":"https:\/\/www.iemj.org\/de\/mecenes-musiciens-et-compositeurs-juifs-durant-la-iiie-republique-1870-1940\/"},"wordCount":1217,"publisher":{"@id":"https:\/\/www.iemj.org\/de\/#organization"},"image":{"@id":"https:\/\/www.iemj.org\/de\/mecenes-musiciens-et-compositeurs-juifs-durant-la-iiie-republique-1870-1940\/#primaryimage"},"thumbnailUrl":"https:\/\/www.iemj.org\/wp-content\/uploads\/2024\/10\/Logo-article-Mecenes-1.jpg","articleSection":["Hintergrundartikel"],"inLanguage":"de"},{"@type":"WebPage","@id":"https:\/\/www.iemj.org\/de\/mecenes-musiciens-et-compositeurs-juifs-durant-la-iiie-republique-1870-1940\/","url":"https:\/\/www.iemj.org\/de\/mecenes-musiciens-et-compositeurs-juifs-durant-la-iiie-republique-1870-1940\/","name":"J\u00fcdische M\u00e4zene, Musiker und Komponisten w\u00e4hrend der Dritten Republik (1870-1940) - Institut Europ\u00e9en des Musiques Juives","isPartOf":{"@id":"https:\/\/www.iemj.org\/de\/#website"},"primaryImageOfPage":{"@id":"https:\/\/www.iemj.org\/de\/mecenes-musiciens-et-compositeurs-juifs-durant-la-iiie-republique-1870-1940\/#primaryimage"},"image":{"@id":"https:\/\/www.iemj.org\/de\/mecenes-musiciens-et-compositeurs-juifs-durant-la-iiie-republique-1870-1940\/#primaryimage"},"thumbnailUrl":"https:\/\/www.iemj.org\/wp-content\/uploads\/2024\/10\/Logo-article-Mecenes-1.jpg","datePublished":"2024-10-27T15:49:18+00:00","dateModified":"2025-06-08T09:33:52+00:00","breadcrumb":{"@id":"https:\/\/www.iemj.org\/de\/mecenes-musiciens-et-compositeurs-juifs-durant-la-iiie-republique-1870-1940\/#breadcrumb"},"inLanguage":"de","potentialAction":[{"@type":"ReadAction","target":["https:\/\/www.iemj.org\/de\/mecenes-musiciens-et-compositeurs-juifs-durant-la-iiie-republique-1870-1940\/"]}]},{"@type":"ImageObject","inLanguage":"de","@id":"https:\/\/www.iemj.org\/de\/mecenes-musiciens-et-compositeurs-juifs-durant-la-iiie-republique-1870-1940\/#primaryimage","url":"https:\/\/www.iemj.org\/wp-content\/uploads\/2024\/10\/Logo-article-Mecenes-1.jpg","contentUrl":"https:\/\/www.iemj.org\/wp-content\/uploads\/2024\/10\/Logo-article-Mecenes-1.jpg","width":500,"height":500},{"@type":"BreadcrumbList","@id":"https:\/\/www.iemj.org\/de\/mecenes-musiciens-et-compositeurs-juifs-durant-la-iiie-republique-1870-1940\/#breadcrumb","itemListElement":[{"@type":"ListItem","position":1,"name":"Accueil","item":"https:\/\/www.iemj.org\/de\/"},{"@type":"ListItem","position":2,"name":"J\u00fcdische M\u00e4zene, Musiker und Komponisten w\u00e4hrend der Dritten Republik (1870-1940)"}]},{"@type":"WebSite","@id":"https:\/\/www.iemj.org\/de\/#website","url":"https:\/\/www.iemj.org\/de\/","name":"Institut Europ\u00e9en des Musiques Juives","description":"Des traditions musicales \u00e0 la port\u00e9e de tous","publisher":{"@id":"https:\/\/www.iemj.org\/de\/#organization"},"potentialAction":[{"@type":"SearchAction","target":{"@type":"EntryPoint","urlTemplate":"https:\/\/www.iemj.org\/de\/?s={search_term_string}"},"query-input":{"@type":"PropertyValueSpecification","valueRequired":true,"valueName":"search_term_string"}}],"inLanguage":"de"},{"@type":"Organization","@id":"https:\/\/www.iemj.org\/de\/#organization","name":"Institut Europ\u00e9en des Musiques Juives","url":"https:\/\/www.iemj.org\/de\/","logo":{"@type":"ImageObject","inLanguage":"de","@id":"https:\/\/www.iemj.org\/de\/#\/schema\/logo\/image\/","url":"https:\/\/www.iemj.org\/wp-content\/uploads\/2021\/09\/Logo-IEMJ-Paypal.jpg","contentUrl":"https:\/\/www.iemj.org\/wp-content\/uploads\/2021\/09\/Logo-IEMJ-Paypal.jpg","width":150,"height":50,"caption":"Institut Europ\u00e9en des Musiques Juives"},"image":{"@id":"https:\/\/www.iemj.org\/de\/#\/schema\/logo\/image\/"},"sameAs":["https:\/\/www.facebook.com\/MusiquesJuives\/","https:\/\/www.instagram.com\/musiquesjuives\/","https:\/\/www.youtube.com\/user\/musiquesjuives"]},{"@type":"Person","@id":"https:\/\/www.iemj.org\/de\/#\/schema\/person\/358e26c18aca017fcc4cc15437f7279c","name":"Jacqueline ROTEN","image":{"@type":"ImageObject","inLanguage":"de","@id":"https:\/\/secure.gravatar.com\/avatar\/5964256d6c6957de3a3505278957e0fb2a35119ac47ea41827a65301213c810b?s=96&d=mm&r=g","url":"https:\/\/secure.gravatar.com\/avatar\/5964256d6c6957de3a3505278957e0fb2a35119ac47ea41827a65301213c810b?s=96&d=mm&r=g","contentUrl":"https:\/\/secure.gravatar.com\/avatar\/5964256d6c6957de3a3505278957e0fb2a35119ac47ea41827a65301213c810b?s=96&d=mm&r=g","caption":"Jacqueline ROTEN"}}]}},"_links":{"self":[{"href":"https:\/\/www.iemj.org\/de\/wp-json\/wp\/v2\/posts\/114536","targetHints":{"allow":["GET"]}}],"collection":[{"href":"https:\/\/www.iemj.org\/de\/wp-json\/wp\/v2\/posts"}],"about":[{"href":"https:\/\/www.iemj.org\/de\/wp-json\/wp\/v2\/types\/post"}],"author":[{"embeddable":true,"href":"https:\/\/www.iemj.org\/de\/wp-json\/wp\/v2\/users\/5"}],"replies":[{"embeddable":true,"href":"https:\/\/www.iemj.org\/de\/wp-json\/wp\/v2\/comments?post=114536"}],"version-history":[{"count":0,"href":"https:\/\/www.iemj.org\/de\/wp-json\/wp\/v2\/posts\/114536\/revisions"}],"wp:featuredmedia":[{"embeddable":true,"href":"https:\/\/www.iemj.org\/de\/wp-json\/wp\/v2\/media\/114483"}],"wp:attachment":[{"href":"https:\/\/www.iemj.org\/de\/wp-json\/wp\/v2\/media?parent=114536"}],"wp:term":[{"taxonomy":"category","embeddable":true,"href":"https:\/\/www.iemj.org\/de\/wp-json\/wp\/v2\/categories?post=114536"},{"taxonomy":"post_tag","embeddable":true,"href":"https:\/\/www.iemj.org\/de\/wp-json\/wp\/v2\/tags?post=114536"},{"taxonomy":"technique","embeddable":true,"href":"https:\/\/www.iemj.org\/de\/wp-json\/wp\/v2\/technique?post=114536"},{"taxonomy":"squelettes","embeddable":true,"href":"https:\/\/www.iemj.org\/de\/wp-json\/wp\/v2\/squelettes?post=114536"},{"taxonomy":"sujet","embeddable":true,"href":"https:\/\/www.iemj.org\/de\/wp-json\/wp\/v2\/sujet?post=114536"},{"taxonomy":"formation","embeddable":true,"href":"https:\/\/www.iemj.org\/de\/wp-json\/wp\/v2\/formation?post=114536"},{"taxonomy":"genre","embeddable":true,"href":"https:\/\/www.iemj.org\/de\/wp-json\/wp\/v2\/genre?post=114536"},{"taxonomy":"fonds","embeddable":true,"href":"https:\/\/www.iemj.org\/de\/wp-json\/wp\/v2\/fonds?post=114536"},{"taxonomy":"tradition","embeddable":true,"href":"https:\/\/www.iemj.org\/de\/wp-json\/wp\/v2\/tradition?post=114536"},{"taxonomy":"type-de-contenu","embeddable":true,"href":"https:\/\/www.iemj.org\/de\/wp-json\/wp\/v2\/type-de-contenu?post=114536"},{"taxonomy":"interprete-compositeur","embeddable":true,"href":"https:\/\/www.iemj.org\/de\/wp-json\/wp\/v2\/interprete-compositeur?post=114536"},{"taxonomy":"frise","embeddable":true,"href":"https:\/\/www.iemj.org\/de\/wp-json\/wp\/v2\/frise?post=114536"},{"taxonomy":"type-devenement","embeddable":true,"href":"https:\/\/www.iemj.org\/de\/wp-json\/wp\/v2\/type-devenement?post=114536"},{"taxonomy":"tableaux-liens-externes","embeddable":true,"href":"https:\/\/www.iemj.org\/de\/wp-json\/wp\/v2\/tableaux-liens-externes?post=114536"}],"curies":[{"name":"wp","href":"https:\/\/api.w.org\/{rel}","templated":true}]}}