{"id":114725,"date":"2024-11-07T17:13:01","date_gmt":"2024-11-07T16:13:01","guid":{"rendered":"https:\/\/www.iemj.org\/?p=114725"},"modified":"2024-11-12T15:32:34","modified_gmt":"2024-11-12T14:32:34","slug":"attia-adolphe-1937","status":"publish","type":"post","link":"https:\/\/www.iemj.org\/de\/attia-adolphe-1937\/","title":{"rendered":"Attia, Adolphe (1937)"},"content":{"rendered":"<p>Adolphe Attia wurde am 23. April 1937 in M&#8217;Sila, Algerien, geboren und stammt aus einer einfachen Familie. Er wuchs bei seiner Tante in Bousaada auf, da seine Mutter bereits sechs Kinder hatte und sein Vater vor seiner Geburt verstorben war. Im Jahr 1948 reiste er mit seiner Tante zu seiner Mutter nach Nizza, wo diese ein Jahr zuvor hingezogen war.<\/p>\n<p>Nach seiner Ankunft in Nizza nahm er regelm\u00e4\u00dfig an den Gottesdiensten der Synagoge teil, wo er sich Kenntnisse \u00fcber die Liturgie aneignete. Die Verwalter der Synagoge \u00fcberzeugten seine Mutter daraufhin, ihn ab 1952 zum Israelitischen Seminar von Frankreich in Paris zu schicken und ihn an der Yavn\u00e9-Schule anzumelden, um dort seine Ausbildung fortzusetzen.<\/p>\n<figure id=\"attachment_114706\" aria-describedby=\"caption-attachment-114706\" style=\"width: 281px\" class=\"wp-caption alignright\"><img fetchpriority=\"high\" decoding=\"async\" class=\"wp-image-114706 size-medium\" src=\"https:\/\/www.iemj.org\/wp-content\/uploads\/2024\/11\/Adolphe-Attia_synagogue-de-Metz-281x300.jpg\" alt=\"\" width=\"281\" height=\"300\" srcset=\"https:\/\/www.iemj.org\/wp-content\/uploads\/2024\/11\/Adolphe-Attia_synagogue-de-Metz-281x300.jpg 281w, https:\/\/www.iemj.org\/wp-content\/uploads\/2024\/11\/Adolphe-Attia_synagogue-de-Metz.jpg 467w\" sizes=\"(max-width: 281px) 100vw, 281px\" \/><figcaption id=\"caption-attachment-114706\" class=\"wp-caption-text\"><strong>Adolphe Attia, synagogue Metz<\/strong><\/figcaption><\/figure>\n<p>Im Seminar studierte der junge Adolphe, der eine sch\u00f6ne Tenorstimme besa\u00df, von 1952 bis 1958 zun\u00e4chst Liturgie und dann Kantorenkunst (Hazzanut). Er nahm insbesondere Unterricht in Solf\u00e8ge, Klavier und Gesang bei <a href=\"https:\/\/www.iemj.org\/de\/algazi-leon-1890-1971\/\">L\u00e9on Algazi<\/a> (aschkenasische Liturgie), Oberrabbiner Schilli (Kantillation und Psalmodie im aschkenasischen Ritus) und Roland Moss\u00e9, dem ersten Kantor der Synagoge in der Rue Buffaut (portugiesische Liturgie). Nach Abschluss seines Studiums wurde er auch von dem Komponisten <a href=\"https:\/\/www.iemj.org\/de\/hemsi-alberto-1898-1975\/\">Alberto Hemsi<\/a> ausgebildet, der nach der Vertreibung der Juden aus \u00c4gypten nach Frankreich gekommen war.<\/p>\n<p>Am 30. Juni 1958 schloss er sein Studium der P\u00e4dagogik und Liturgie (aschkenasischer und portugiesischer Ritus) ab und wurde als zweiter &#8222;ministre officiant&#8220; der Nazareth-Synagoge an der Seite von <a href=\"https:\/\/www.iemj.org\/de\/chalude-jacques-dit-ben-baruch-1914-1997\/\">Jacques Chalude<\/a>, dem damaligen ersten Hazzan, angestellt. 1961 wurde er neben <a href=\"https:\/\/www.iemj.org\/de\/berlinski-shalom-1918-2008\/\">Shalom Berlinski<\/a> zum zweiten &#8222;ministre officiant&#8220; der Grande Victoire-Synagoge ernannt.<\/p>\n<p>Am 23. Juni 1965 heiratete er in Paris 9. Arrondissement Guilah Houlou, die ihm zwei S\u00f6hne gebar: Laurent (der Solist in der Chorgruppe Les Chevatim war) und Rapha\u00ebl.<\/p>\n<p>1968 wurde er offiziell der zweite &#8222;ministre officiant&#8220; der Grande Synagogue de la Victoire. Von 1969 bis Juni 1973 unterrichtete er Hazzanout an der \u00c9cole isra\u00e9lite de p\u00e9dagogie et de liturgie des S\u00e9minaire isra\u00e9lite de France, bis diese Kantorenabteilung endg\u00fcltig geschlossen wurde.<\/p>\n<p>1979 trat er die Nachfolge von Schalom Berlinski als erste &#8222;ministre officiant&#8220; der Grande Synagogue de la Victoire an, ein Amt, das er offiziell bis 2014 innehatte und noch einige Jahre ehrenamtlich weiterf\u00fchrte.<\/p>\n<p><img decoding=\"async\" class=\" wp-image-114786 alignleft\" src=\"https:\/\/www.iemj.org\/wp-content\/uploads\/2024\/11\/CD-Attia-300x297.jpg\" alt=\"\" width=\"274\" height=\"271\" srcset=\"https:\/\/www.iemj.org\/wp-content\/uploads\/2024\/11\/CD-Attia-300x297.jpg 300w, https:\/\/www.iemj.org\/wp-content\/uploads\/2024\/11\/CD-Attia-100x100.jpg 100w, https:\/\/www.iemj.org\/wp-content\/uploads\/2024\/11\/CD-Attia.jpg 582w\" sizes=\"(max-width: 274px) 100vw, 274px\" \/>Neben seiner Funktion als Kantor und seiner T\u00e4tigkeit als P\u00e4dagoge trat Adolphe Attia jahrzehntelang im Radio auf &#8211; insbesondere in der Sendung <em>Kol Israel<\/em> (\u201eDie Stimme Israels\u201c) von L\u00e9on Algazi, wo er Emile Ka\u00e7mann als Solist nachfolgte &#8211; sowie bei zahlreichen Konzerten und Festivals sowohl in Frankreich als auch im Ausland (Deutschland, Schweiz, Spanien&#8230;).<\/p>\n<p>Adolphe Attia hat mehrere CDs aufgenommen, darunter drei bei Harmonia Mundi zwischen 1994 und 2000 und zwei bei Buda Musique in den Jahren 2002-2003 in der Reihe Patrimoines Musicaux des Juifs de France. Schlie\u00dflich war er in dem Film <em>Nathalia<\/em> (1989) von Bernard Cohn mit Philippine Leroy-Beaulieu und Pierre Arditi zu sehen.<\/p>\n<p>Im Jahr 2014 zog er mit seiner Frau Guilah nach Israel, zun\u00e4chst nach Jerusalem und dann nach Netanaya, wo er seinen wohlverdienten Ruhestand genoss. \u00dcber 50 Jahre lang (1961-2014) war Adolphe Attia in der Tat das lebende Ged\u00e4chtnis des aschkenasischen liturgischen Gesangs der Grande Synagogue de la Victoire, indem er Hunderte von Gottesdiensten, Hochzeiten, Bar-Mizwahs und Beerdigungen \u00fcbernahm.<\/p>\n<ul>\n<li><a href=\"http:\/\/www.rachelnet.net\/F\/?func=find-c&amp;ccl_term=WAMS+%3D+Attia+ET+WTY+%3D+31+or+32+or+41+or+42+or+71+or+72+or+C1+or+C2+or+D1+or+D2+or+K1+or+K2+or+R1+or+R2+or+RB+or+SR&amp;local_base=iemcg\">Aufnahmen von Adolphe Attia in unserem Online-Katalog ansehen<\/a><\/li>\n<li><a href=\"https:\/\/www.iemj.org\/de\/fonds-adolphe-attia\/\" target=\"_blank\" rel=\"noopener\">Adolphe Attia Archiv ansehen<\/a><\/li>\n<li><a href=\"https:\/\/www.iemj.org\/de\/adolphe-attia-50-ans-de-hazanout-en-france\/\" target=\"_blank\" rel=\"noopener\">Video Adolphe Attia, 50 Jahre Hazzanout in Frankreich ansehen<\/a><\/li>\n<\/ul>\n<h3>\u21d2 <a href=\"https:\/\/www.iemj.org\/de\/produit\/musiques-judeo-francaises-des-xviiie-et-xixe-siecles\/\">Die CD J\u00fcdisch-franz\u00f6sische Musik des 18. und 19. Jahrhunderts bestellen<\/a><\/h3>\n<h3>\u21d2 <a href=\"https:\/\/www.iemj.org\/de\/produit\/musiques-de-la-synagogue-de-bordeaux\/\">Die CD Musik der Synagoge von Bordeaux &#8211; portugiesischer Ritus bestellen<\/a><\/h3>\n\n\n<div style=\"height:25px\" aria-hidden=\"true\" class=\"wp-block-spacer\"><\/div>\n\n\n\n<figure class=\"wp-block-video\"><video height=\"576\" style=\"aspect-ratio: 768 \/ 576;\" width=\"768\" controls poster=\"https:\/\/www.iemj.org\/wp-content\/uploads\/2024\/11\/Video-INA-Attia.jpg\" src=\"https:\/\/www.iemj.org\/wp-content\/uploads\/2024\/11\/Adolphe-ATTIA-Notre-Dieu-et-Dieu-de-nos-peres-INA.mp4\"><\/video><\/figure>\n\n\n\n<p><strong>Adolphe Attia singt Ono tovo (Ausschnitt aus Josy Eisenbergs religi\u00f6ser Sendung La source de vie, 24-09-1995, Archiv INA)<\/strong><\/p>\n\n\n\n<p><\/p>\n","protected":false},"excerpt":{"rendered":"<p>Adolphe Attia wurde am 23. April 1937 in M&#8217;Sila, Algerien, geboren und stammt aus einer einfachen Familie. Er wuchs bei seiner Tante in Bousaada auf, da seine Mutter bereits sechs<\/p>\n","protected":false},"author":5,"featured_media":114703,"comment_status":"closed","ping_status":"closed","sticky":false,"template":"","format":"standard","meta":{"_acf_changed":false,"footnotes":""},"categories":[1415],"tags":[],"technique":[],"squelettes":[],"sujet":[],"formation":[],"genre":[],"fonds":[],"tradition":[],"type-de-contenu":[],"interprete-compositeur":[],"frise":[],"type-devenement":[],"tableaux-liens-externes":[],"class_list":["post-114725","post","type-post","status-publish","format-standard","has-post-thumbnail","hentry","category-biografien-de"],"acf":[],"yoast_head":"<!-- This site is optimized with the Yoast SEO plugin v27.3 - https:\/\/yoast.com\/product\/yoast-seo-wordpress\/ -->\n<title>Attia, Adolphe (1937) - Institut Europ\u00e9en des Musiques Juives<\/title>\n<meta name=\"robots\" content=\"index, follow, max-snippet:-1, max-image-preview:large, max-video-preview:-1\" \/>\n<link rel=\"canonical\" href=\"https:\/\/www.iemj.org\/de\/attia-adolphe-1937\/\" \/>\n<meta property=\"og:locale\" content=\"de_DE\" \/>\n<meta property=\"og:type\" content=\"article\" \/>\n<meta property=\"og:title\" content=\"Attia, Adolphe (1937) - Institut Europ\u00e9en des Musiques Juives\" \/>\n<meta property=\"og:description\" content=\"Adolphe Attia wurde am 23. April 1937 in M&#8217;Sila, Algerien, geboren und stammt aus einer einfachen Familie. Er wuchs bei seiner Tante in Bousaada auf, da seine Mutter bereits sechs\" \/>\n<meta property=\"og:url\" content=\"https:\/\/www.iemj.org\/de\/attia-adolphe-1937\/\" \/>\n<meta property=\"og:site_name\" content=\"Institut Europ\u00e9en des Musiques Juives\" \/>\n<meta property=\"article:publisher\" content=\"https:\/\/www.facebook.com\/MusiquesJuives\/\" \/>\n<meta property=\"article:published_time\" content=\"2024-11-07T16:13:01+00:00\" \/>\n<meta property=\"article:modified_time\" content=\"2024-11-12T14:32:34+00:00\" \/>\n<meta property=\"og:image\" content=\"https:\/\/www.iemj.org\/wp-content\/uploads\/2024\/11\/Adolphe-Attia_Logo-Bio.jpg\" \/>\n\t<meta property=\"og:image:width\" content=\"164\" \/>\n\t<meta property=\"og:image:height\" content=\"218\" \/>\n\t<meta property=\"og:image:type\" content=\"image\/jpeg\" \/>\n<meta name=\"author\" content=\"Jacqueline ROTEN\" \/>\n<meta name=\"twitter:card\" content=\"summary_large_image\" \/>\n<meta name=\"twitter:label1\" content=\"Verfasst von\" \/>\n\t<meta name=\"twitter:data1\" content=\"Jacqueline ROTEN\" \/>\n\t<meta name=\"twitter:label2\" content=\"Gesch\u00e4tzte Lesezeit\" \/>\n\t<meta name=\"twitter:data2\" content=\"4\u00a0Minuten\" \/>\n<script type=\"application\/ld+json\" class=\"yoast-schema-graph\">{\"@context\":\"https:\\\/\\\/schema.org\",\"@graph\":[{\"@type\":\"Article\",\"@id\":\"https:\\\/\\\/www.iemj.org\\\/de\\\/attia-adolphe-1937\\\/#article\",\"isPartOf\":{\"@id\":\"https:\\\/\\\/www.iemj.org\\\/de\\\/attia-adolphe-1937\\\/\"},\"author\":{\"name\":\"Jacqueline ROTEN\",\"@id\":\"https:\\\/\\\/www.iemj.org\\\/de\\\/#\\\/schema\\\/person\\\/358e26c18aca017fcc4cc15437f7279c\"},\"headline\":\"Attia, Adolphe (1937)\",\"datePublished\":\"2024-11-07T16:13:01+00:00\",\"dateModified\":\"2024-11-12T14:32:34+00:00\",\"mainEntityOfPage\":{\"@id\":\"https:\\\/\\\/www.iemj.org\\\/de\\\/attia-adolphe-1937\\\/\"},\"wordCount\":587,\"publisher\":{\"@id\":\"https:\\\/\\\/www.iemj.org\\\/de\\\/#organization\"},\"image\":{\"@id\":\"https:\\\/\\\/www.iemj.org\\\/de\\\/attia-adolphe-1937\\\/#primaryimage\"},\"thumbnailUrl\":\"https:\\\/\\\/www.iemj.org\\\/wp-content\\\/uploads\\\/2024\\\/11\\\/Adolphe-Attia_Logo-Bio.jpg\",\"articleSection\":[\"Biografien\"],\"inLanguage\":\"de\"},{\"@type\":\"WebPage\",\"@id\":\"https:\\\/\\\/www.iemj.org\\\/de\\\/attia-adolphe-1937\\\/\",\"url\":\"https:\\\/\\\/www.iemj.org\\\/de\\\/attia-adolphe-1937\\\/\",\"name\":\"Attia, Adolphe (1937) - Institut Europ\u00e9en des Musiques Juives\",\"isPartOf\":{\"@id\":\"https:\\\/\\\/www.iemj.org\\\/de\\\/#website\"},\"primaryImageOfPage\":{\"@id\":\"https:\\\/\\\/www.iemj.org\\\/de\\\/attia-adolphe-1937\\\/#primaryimage\"},\"image\":{\"@id\":\"https:\\\/\\\/www.iemj.org\\\/de\\\/attia-adolphe-1937\\\/#primaryimage\"},\"thumbnailUrl\":\"https:\\\/\\\/www.iemj.org\\\/wp-content\\\/uploads\\\/2024\\\/11\\\/Adolphe-Attia_Logo-Bio.jpg\",\"datePublished\":\"2024-11-07T16:13:01+00:00\",\"dateModified\":\"2024-11-12T14:32:34+00:00\",\"breadcrumb\":{\"@id\":\"https:\\\/\\\/www.iemj.org\\\/de\\\/attia-adolphe-1937\\\/#breadcrumb\"},\"inLanguage\":\"de\",\"potentialAction\":[{\"@type\":\"ReadAction\",\"target\":[\"https:\\\/\\\/www.iemj.org\\\/de\\\/attia-adolphe-1937\\\/\"]}]},{\"@type\":\"ImageObject\",\"inLanguage\":\"de\",\"@id\":\"https:\\\/\\\/www.iemj.org\\\/de\\\/attia-adolphe-1937\\\/#primaryimage\",\"url\":\"https:\\\/\\\/www.iemj.org\\\/wp-content\\\/uploads\\\/2024\\\/11\\\/Adolphe-Attia_Logo-Bio.jpg\",\"contentUrl\":\"https:\\\/\\\/www.iemj.org\\\/wp-content\\\/uploads\\\/2024\\\/11\\\/Adolphe-Attia_Logo-Bio.jpg\",\"width\":164,\"height\":218},{\"@type\":\"BreadcrumbList\",\"@id\":\"https:\\\/\\\/www.iemj.org\\\/de\\\/attia-adolphe-1937\\\/#breadcrumb\",\"itemListElement\":[{\"@type\":\"ListItem\",\"position\":1,\"name\":\"Accueil\",\"item\":\"https:\\\/\\\/www.iemj.org\\\/de\\\/\"},{\"@type\":\"ListItem\",\"position\":2,\"name\":\"Attia, Adolphe (1937)\"}]},{\"@type\":\"WebSite\",\"@id\":\"https:\\\/\\\/www.iemj.org\\\/de\\\/#website\",\"url\":\"https:\\\/\\\/www.iemj.org\\\/de\\\/\",\"name\":\"Institut Europ\u00e9en des Musiques Juives\",\"description\":\"Des traditions musicales \u00e0 la port\u00e9e de tous\",\"publisher\":{\"@id\":\"https:\\\/\\\/www.iemj.org\\\/de\\\/#organization\"},\"potentialAction\":[{\"@type\":\"SearchAction\",\"target\":{\"@type\":\"EntryPoint\",\"urlTemplate\":\"https:\\\/\\\/www.iemj.org\\\/de\\\/?s={search_term_string}\"},\"query-input\":{\"@type\":\"PropertyValueSpecification\",\"valueRequired\":true,\"valueName\":\"search_term_string\"}}],\"inLanguage\":\"de\"},{\"@type\":\"Organization\",\"@id\":\"https:\\\/\\\/www.iemj.org\\\/de\\\/#organization\",\"name\":\"Institut Europ\u00e9en des Musiques Juives\",\"url\":\"https:\\\/\\\/www.iemj.org\\\/de\\\/\",\"logo\":{\"@type\":\"ImageObject\",\"inLanguage\":\"de\",\"@id\":\"https:\\\/\\\/www.iemj.org\\\/de\\\/#\\\/schema\\\/logo\\\/image\\\/\",\"url\":\"https:\\\/\\\/www.iemj.org\\\/wp-content\\\/uploads\\\/2021\\\/09\\\/Logo-IEMJ-Paypal.jpg\",\"contentUrl\":\"https:\\\/\\\/www.iemj.org\\\/wp-content\\\/uploads\\\/2021\\\/09\\\/Logo-IEMJ-Paypal.jpg\",\"width\":150,\"height\":50,\"caption\":\"Institut Europ\u00e9en des Musiques Juives\"},\"image\":{\"@id\":\"https:\\\/\\\/www.iemj.org\\\/de\\\/#\\\/schema\\\/logo\\\/image\\\/\"},\"sameAs\":[\"https:\\\/\\\/www.facebook.com\\\/MusiquesJuives\\\/\",\"https:\\\/\\\/www.instagram.com\\\/musiquesjuives\\\/\",\"https:\\\/\\\/www.youtube.com\\\/user\\\/musiquesjuives\"]},{\"@type\":\"Person\",\"@id\":\"https:\\\/\\\/www.iemj.org\\\/de\\\/#\\\/schema\\\/person\\\/358e26c18aca017fcc4cc15437f7279c\",\"name\":\"Jacqueline ROTEN\",\"image\":{\"@type\":\"ImageObject\",\"inLanguage\":\"de\",\"@id\":\"https:\\\/\\\/secure.gravatar.com\\\/avatar\\\/5964256d6c6957de3a3505278957e0fb2a35119ac47ea41827a65301213c810b?s=96&d=mm&r=g\",\"url\":\"https:\\\/\\\/secure.gravatar.com\\\/avatar\\\/5964256d6c6957de3a3505278957e0fb2a35119ac47ea41827a65301213c810b?s=96&d=mm&r=g\",\"contentUrl\":\"https:\\\/\\\/secure.gravatar.com\\\/avatar\\\/5964256d6c6957de3a3505278957e0fb2a35119ac47ea41827a65301213c810b?s=96&d=mm&r=g\",\"caption\":\"Jacqueline ROTEN\"}}]}<\/script>\n<!-- \/ Yoast SEO plugin. -->","yoast_head_json":{"title":"Attia, Adolphe (1937) - Institut Europ\u00e9en des Musiques Juives","robots":{"index":"index","follow":"follow","max-snippet":"max-snippet:-1","max-image-preview":"max-image-preview:large","max-video-preview":"max-video-preview:-1"},"canonical":"https:\/\/www.iemj.org\/de\/attia-adolphe-1937\/","og_locale":"de_DE","og_type":"article","og_title":"Attia, Adolphe (1937) - Institut Europ\u00e9en des Musiques Juives","og_description":"Adolphe Attia wurde am 23. April 1937 in M&#8217;Sila, Algerien, geboren und stammt aus einer einfachen Familie. Er wuchs bei seiner Tante in Bousaada auf, da seine Mutter bereits sechs","og_url":"https:\/\/www.iemj.org\/de\/attia-adolphe-1937\/","og_site_name":"Institut Europ\u00e9en des Musiques Juives","article_publisher":"https:\/\/www.facebook.com\/MusiquesJuives\/","article_published_time":"2024-11-07T16:13:01+00:00","article_modified_time":"2024-11-12T14:32:34+00:00","og_image":[{"width":164,"height":218,"url":"https:\/\/www.iemj.org\/wp-content\/uploads\/2024\/11\/Adolphe-Attia_Logo-Bio.jpg","type":"image\/jpeg"}],"author":"Jacqueline ROTEN","twitter_card":"summary_large_image","twitter_misc":{"Verfasst von":"Jacqueline ROTEN","Gesch\u00e4tzte Lesezeit":"4\u00a0Minuten"},"schema":{"@context":"https:\/\/schema.org","@graph":[{"@type":"Article","@id":"https:\/\/www.iemj.org\/de\/attia-adolphe-1937\/#article","isPartOf":{"@id":"https:\/\/www.iemj.org\/de\/attia-adolphe-1937\/"},"author":{"name":"Jacqueline ROTEN","@id":"https:\/\/www.iemj.org\/de\/#\/schema\/person\/358e26c18aca017fcc4cc15437f7279c"},"headline":"Attia, Adolphe (1937)","datePublished":"2024-11-07T16:13:01+00:00","dateModified":"2024-11-12T14:32:34+00:00","mainEntityOfPage":{"@id":"https:\/\/www.iemj.org\/de\/attia-adolphe-1937\/"},"wordCount":587,"publisher":{"@id":"https:\/\/www.iemj.org\/de\/#organization"},"image":{"@id":"https:\/\/www.iemj.org\/de\/attia-adolphe-1937\/#primaryimage"},"thumbnailUrl":"https:\/\/www.iemj.org\/wp-content\/uploads\/2024\/11\/Adolphe-Attia_Logo-Bio.jpg","articleSection":["Biografien"],"inLanguage":"de"},{"@type":"WebPage","@id":"https:\/\/www.iemj.org\/de\/attia-adolphe-1937\/","url":"https:\/\/www.iemj.org\/de\/attia-adolphe-1937\/","name":"Attia, Adolphe (1937) - Institut Europ\u00e9en des Musiques Juives","isPartOf":{"@id":"https:\/\/www.iemj.org\/de\/#website"},"primaryImageOfPage":{"@id":"https:\/\/www.iemj.org\/de\/attia-adolphe-1937\/#primaryimage"},"image":{"@id":"https:\/\/www.iemj.org\/de\/attia-adolphe-1937\/#primaryimage"},"thumbnailUrl":"https:\/\/www.iemj.org\/wp-content\/uploads\/2024\/11\/Adolphe-Attia_Logo-Bio.jpg","datePublished":"2024-11-07T16:13:01+00:00","dateModified":"2024-11-12T14:32:34+00:00","breadcrumb":{"@id":"https:\/\/www.iemj.org\/de\/attia-adolphe-1937\/#breadcrumb"},"inLanguage":"de","potentialAction":[{"@type":"ReadAction","target":["https:\/\/www.iemj.org\/de\/attia-adolphe-1937\/"]}]},{"@type":"ImageObject","inLanguage":"de","@id":"https:\/\/www.iemj.org\/de\/attia-adolphe-1937\/#primaryimage","url":"https:\/\/www.iemj.org\/wp-content\/uploads\/2024\/11\/Adolphe-Attia_Logo-Bio.jpg","contentUrl":"https:\/\/www.iemj.org\/wp-content\/uploads\/2024\/11\/Adolphe-Attia_Logo-Bio.jpg","width":164,"height":218},{"@type":"BreadcrumbList","@id":"https:\/\/www.iemj.org\/de\/attia-adolphe-1937\/#breadcrumb","itemListElement":[{"@type":"ListItem","position":1,"name":"Accueil","item":"https:\/\/www.iemj.org\/de\/"},{"@type":"ListItem","position":2,"name":"Attia, Adolphe (1937)"}]},{"@type":"WebSite","@id":"https:\/\/www.iemj.org\/de\/#website","url":"https:\/\/www.iemj.org\/de\/","name":"Institut Europ\u00e9en des Musiques Juives","description":"Des traditions musicales \u00e0 la port\u00e9e de tous","publisher":{"@id":"https:\/\/www.iemj.org\/de\/#organization"},"potentialAction":[{"@type":"SearchAction","target":{"@type":"EntryPoint","urlTemplate":"https:\/\/www.iemj.org\/de\/?s={search_term_string}"},"query-input":{"@type":"PropertyValueSpecification","valueRequired":true,"valueName":"search_term_string"}}],"inLanguage":"de"},{"@type":"Organization","@id":"https:\/\/www.iemj.org\/de\/#organization","name":"Institut Europ\u00e9en des Musiques Juives","url":"https:\/\/www.iemj.org\/de\/","logo":{"@type":"ImageObject","inLanguage":"de","@id":"https:\/\/www.iemj.org\/de\/#\/schema\/logo\/image\/","url":"https:\/\/www.iemj.org\/wp-content\/uploads\/2021\/09\/Logo-IEMJ-Paypal.jpg","contentUrl":"https:\/\/www.iemj.org\/wp-content\/uploads\/2021\/09\/Logo-IEMJ-Paypal.jpg","width":150,"height":50,"caption":"Institut Europ\u00e9en des Musiques Juives"},"image":{"@id":"https:\/\/www.iemj.org\/de\/#\/schema\/logo\/image\/"},"sameAs":["https:\/\/www.facebook.com\/MusiquesJuives\/","https:\/\/www.instagram.com\/musiquesjuives\/","https:\/\/www.youtube.com\/user\/musiquesjuives"]},{"@type":"Person","@id":"https:\/\/www.iemj.org\/de\/#\/schema\/person\/358e26c18aca017fcc4cc15437f7279c","name":"Jacqueline ROTEN","image":{"@type":"ImageObject","inLanguage":"de","@id":"https:\/\/secure.gravatar.com\/avatar\/5964256d6c6957de3a3505278957e0fb2a35119ac47ea41827a65301213c810b?s=96&d=mm&r=g","url":"https:\/\/secure.gravatar.com\/avatar\/5964256d6c6957de3a3505278957e0fb2a35119ac47ea41827a65301213c810b?s=96&d=mm&r=g","contentUrl":"https:\/\/secure.gravatar.com\/avatar\/5964256d6c6957de3a3505278957e0fb2a35119ac47ea41827a65301213c810b?s=96&d=mm&r=g","caption":"Jacqueline ROTEN"}}]}},"_links":{"self":[{"href":"https:\/\/www.iemj.org\/de\/wp-json\/wp\/v2\/posts\/114725","targetHints":{"allow":["GET"]}}],"collection":[{"href":"https:\/\/www.iemj.org\/de\/wp-json\/wp\/v2\/posts"}],"about":[{"href":"https:\/\/www.iemj.org\/de\/wp-json\/wp\/v2\/types\/post"}],"author":[{"embeddable":true,"href":"https:\/\/www.iemj.org\/de\/wp-json\/wp\/v2\/users\/5"}],"replies":[{"embeddable":true,"href":"https:\/\/www.iemj.org\/de\/wp-json\/wp\/v2\/comments?post=114725"}],"version-history":[{"count":0,"href":"https:\/\/www.iemj.org\/de\/wp-json\/wp\/v2\/posts\/114725\/revisions"}],"wp:featuredmedia":[{"embeddable":true,"href":"https:\/\/www.iemj.org\/de\/wp-json\/wp\/v2\/media\/114703"}],"wp:attachment":[{"href":"https:\/\/www.iemj.org\/de\/wp-json\/wp\/v2\/media?parent=114725"}],"wp:term":[{"taxonomy":"category","embeddable":true,"href":"https:\/\/www.iemj.org\/de\/wp-json\/wp\/v2\/categories?post=114725"},{"taxonomy":"post_tag","embeddable":true,"href":"https:\/\/www.iemj.org\/de\/wp-json\/wp\/v2\/tags?post=114725"},{"taxonomy":"technique","embeddable":true,"href":"https:\/\/www.iemj.org\/de\/wp-json\/wp\/v2\/technique?post=114725"},{"taxonomy":"squelettes","embeddable":true,"href":"https:\/\/www.iemj.org\/de\/wp-json\/wp\/v2\/squelettes?post=114725"},{"taxonomy":"sujet","embeddable":true,"href":"https:\/\/www.iemj.org\/de\/wp-json\/wp\/v2\/sujet?post=114725"},{"taxonomy":"formation","embeddable":true,"href":"https:\/\/www.iemj.org\/de\/wp-json\/wp\/v2\/formation?post=114725"},{"taxonomy":"genre","embeddable":true,"href":"https:\/\/www.iemj.org\/de\/wp-json\/wp\/v2\/genre?post=114725"},{"taxonomy":"fonds","embeddable":true,"href":"https:\/\/www.iemj.org\/de\/wp-json\/wp\/v2\/fonds?post=114725"},{"taxonomy":"tradition","embeddable":true,"href":"https:\/\/www.iemj.org\/de\/wp-json\/wp\/v2\/tradition?post=114725"},{"taxonomy":"type-de-contenu","embeddable":true,"href":"https:\/\/www.iemj.org\/de\/wp-json\/wp\/v2\/type-de-contenu?post=114725"},{"taxonomy":"interprete-compositeur","embeddable":true,"href":"https:\/\/www.iemj.org\/de\/wp-json\/wp\/v2\/interprete-compositeur?post=114725"},{"taxonomy":"frise","embeddable":true,"href":"https:\/\/www.iemj.org\/de\/wp-json\/wp\/v2\/frise?post=114725"},{"taxonomy":"type-devenement","embeddable":true,"href":"https:\/\/www.iemj.org\/de\/wp-json\/wp\/v2\/type-devenement?post=114725"},{"taxonomy":"tableaux-liens-externes","embeddable":true,"href":"https:\/\/www.iemj.org\/de\/wp-json\/wp\/v2\/tableaux-liens-externes?post=114725"}],"curies":[{"name":"wp","href":"https:\/\/api.w.org\/{rel}","templated":true}]}}